{"id":95148,"date":"2022-09-08T07:17:39","date_gmt":"2022-09-08T12:17:39","guid":{"rendered":"https:\/\/lospoliticosveracruz.com.mx\/?p=95148"},"modified":"2022-09-08T07:17:54","modified_gmt":"2022-09-08T12:17:54","slug":"orfis-y-sus-despachos","status":"publish","type":"post","link":"https:\/\/lospoliticosveracruz.com\/?p=95148","title":{"rendered":"ORFIS Y SUS DESPACHOS"},"content":{"rendered":"\n<p><strong>Ricardo Ch\u00faa<\/strong><\/p>\n\n\n\n<p><em>Sale y Vale<\/em><\/p>\n\n\n\n<p>Despu\u00e9s de toda la \u00abtormenta\u00bb desatada desde hace 15 d\u00edas por los asuntos de los presuntos actos de corrupci\u00f3n entre altos funcionarios del \u00d3rgano de Fiscalizaci\u00f3n Superior (ORFIS) de Veracruz junto con diputados locales de MORENA, de cobrar \u00abmoches\u00bb a ex alcaldes para \u00ablimpiar\u00bb sus cuentas p\u00fablicas y no proceder penalmente contra de ellos&#8230; Han dejado el cargo algunos personajes que laboraban en el ORFIS porque esta \u00absalpicadera\u00bb ya \u00abembarr\u00f3\u00bb a todos&#8230; Y la advertencia fue clara.. Se van y se investiga&#8230;\u00a0<\/p>\n\n\n<div class=\"wp-block-image\">\n<figure class=\"alignleft size-medium\"><a href=\"https:\/\/lospoliticosveracruz.com.mx\/wp-content\/uploads\/2021\/10\/Zacauilt.jpg\"><img decoding=\"async\" src=\"https:\/\/lospoliticosveracruz.com.mx\/wp-content\/uploads\/2021\/10\/Zacauilt-150x300.jpg\" alt=\"\" class=\"wp-image-80558\"\/><\/a><\/figure>\n<\/div>\n\n\n<p>\u00a0<\/p>\n\n\n\n<p>As\u00ed fue como se dio presuntamente la salida del ex poderoso director Jur\u00eddico del ORFIS, Felipe Mar\u00edn Carre\u00f3n, personaje cercano a la titular, Del\u00eda Gonz\u00e1lez Cobos&#8230; Y los que a\u00fan faltan por caer&#8230; Lo dijimos ayer en EXCLUSIVA&#8230; Ya fueron por los diputados locales de MORENA y ahora iban por los altos funcionarios del ORFIS.. Ya cay\u00f3 el primero.. Y la investigaci\u00f3n va m\u00e1s all\u00e1&#8230; Se dice que est\u00e1n INVESTIGANDO despachos contables que prestaban servicios al ORFIS y que serv\u00edan para poder \u00abmaquillar\u00bb las cuentas p\u00fablicas&#8230;<\/p>\n\n\n\n<p>\u00abGarganta Profunda\u00bb comenta que hay varios due\u00f1os de despachos que estaban en esta lista&#8230; Y que PRESUNTAMENTE se prestaban a esa \u00abjugada\u00bb y han salido nombres como de un tal Hebert Balam C\u00e1ceres, Pastor Hern\u00e1ndez, Pedro Callejas, Bernardino Acosta&#8230; Se dice que son personajes de \u00abvieja guardia\u00bb y que ten\u00edan a\u00f1os trabajando para el ORFIS&#8230; Y que tienen sus despachos acreditados en los temas financieros y de auditor\u00eda t\u00e9cnica&#8230; Y se supone que eran coordinados o recomendados desde \u00abadentro\u00bb por V\u00edctor Trujillo&#8230;<\/p>\n\n\n\n<p>Por eso cuenta \u00abGarganta Profunda\u00bb&#8230; Que la \u00ablimpieza\u00bb en el ORFIS empez\u00f3 cuando despidieron al Jur\u00eddico de Delia Gonz\u00e1lez&#8230; Ya que Mar\u00edn Carr\u00edon era el ENLACE presuntamente con todos los despachos en todo el Estado&#8230;Pero una vez que sali\u00f3 este personaje todos empezaron a \u00absoltar la sopa\u00bb de los presuntos actos de corrupci\u00f3n y de quienes est\u00e1n dentro de esa red&#8230; Por eso, al detectarlo, hubo cambios en el Congreso del Estado&#8230; No se la \u00abperdonaron\u00bb a nadie&#8230; Lo dicho: Los jugadores cambian&#8230; El juego no&#8230; EL ORFIS BAJO SOSPECHA&#8230;&nbsp;<\/p>\n\n\n\n<p>NAHLE Y LOS \u00abACARREADOS\u00bb&#8230; Al puro estilo del \u00abViejo PRI\u00bb el evento que le crearon a la titular de la SENER, Roc\u00edo Nahle, le llenaron con \u00abacarreados\u00bb y \u00abborregos\u00bb las instalaciones del WTC de Boca del R\u00edo, ayer por la tarde para llevar a cabo la \u00abExpo Foro de Energ\u00eda Veracruz 2022&#8243;&#8230; Y como si fuera un \u00abgansito Marinela\u00bb.. A los organizadores se le sali\u00f3 el \u00abrelleno\u00bb luego que tuvieron que echar mano de estudiantes de preparatoria de distintas escuelas de la conurbaci\u00f3n de Veracruz para que el sal\u00f3n luciera lleno total&#8230;. Las fotos lo evidencian&#8230;&nbsp;<\/p>\n\n\n\n<p>Todo fue tan evidente que cerca de las 15:00 horas&#8230; Los organizadores del evento no quisieron correr riesgos de que el sal\u00f3n no se viera repleta de personas y de \u00faltima hora, enviaron una media docena de camiones a un CONALEP y a dos COBAEV&#8230; Para poder movilizar a toda la chamacada, que a los pocos minutos de iniciada la presentaci\u00f3n de la secretaria Roc\u00edo Nahle, dijeron \u201ccompermisito\u201d y se fueron a recorrer el vest\u00edbulo del WTC&#8230; Que \u00aboso\u00bb&#8230;&nbsp;&nbsp;<\/p>\n\n\n\n<p>As\u00ed mientras Nahle daba su exposici\u00f3n, su p\u00fablico que eran&nbsp;&nbsp;los muchachos estudiantes estaban sentados hasta en las escaleras del WTC esperando que saliera el maestro&#8230; Y es que dicen los que fueron a este evento, que el problema es que donde ponen de figura central a Roc\u00edo Nahle, pues, no m\u00e1s no levanta las expectiva y hasta los militantes de MORENA no van a ver a su \u00abprecandidata\u00bb&#8230; Y los que van, acuden a dar aplausos forzados y con las caras largas&#8230;<\/p>\n\n\n\n<p>Adem\u00e1s los propios alumnos del CONALEP que asistieron al evento por su \u00absanta voluntad\u00bb.. Se\u00f1alaban ah\u00ed en las escalera, de que no entend\u00edan de qu\u00e9 hablaban&#8230; Pero bueno los chicos se salieron del sal\u00f3n&#8230; No as\u00ed los asistentes de \u00abafuerzas\u00bb que se ten\u00edan que quedar a escucharla por la mera necesidad de conservar su chamba..&nbsp;&nbsp;Estas son pr\u00e1cticas viejas y hacen lo mismo que en los m\u00e1s \u00aboscuros\u00bb tiempos del priismo en donde el chantaje eran sello caracter\u00edstico que ahora reaparece transformado empeorado y aumentado con otras caras&#8230; AMEN&#8230;<\/p>\n\n\n\n<p>JAVIER, HUERTA Y CAZARIN&#8230; Se dice que en la carrera al Senado por Veracruz en 2024, en la alianza de los partidos de MORENA, PVEM y PT&#8230; Hay varios aspirantes a este cargo de elecci\u00f3n popular: Javier Herrera Borunda, Manuel Huerta Ladr\u00f3n de Guevara y Juan Javier G\u00f3mez Cazar\u00edn&#8230; Se dice que el tema de la c\u00e1mara alta del Congreso de la Uni\u00f3n, por ah\u00ed se resolver\u00e1 y s\u00f3lo a esperar como se mueven las \u00abcartas\u00bb&#8230; Y si la candidata es Roc\u00edo Nahle, entonces, a ver que dice&#8230;&nbsp;<\/p>\n\n\n\n<p>Por eso ahora, en los sondeos que han mandado hacer las encuesta&#8230; Algunos salen muy bien posicionados como Juan Javie Cazarin.. Con lo cual, trata de sorprender a la burocracia partidaria&#8230; Pero dicen que todos los de MORENA sue\u00f1an, que sin Andr\u00e9s Manuel mantendr\u00e1n la votaci\u00f3n actual&#8230; Dicen que no&#8230; Que es falso.. Andr\u00e9s Manuel cerrar\u00e1 su ciclo electoral en un porcentaje de 30 por ciento de aceptaci\u00f3n electoral, que a decir verdad no es malo por todas las pifias de su gobierno.<\/p>\n\n\n\n<p>Su conflicto de AMLO&nbsp;&nbsp;adem\u00e1s no pudo abatir la corrupci\u00f3n que tanto pregona&#8230; Sus funcionarios resultaron m\u00e1s corruptos que los \u00abneoliberales\u00bb&#8230; Aquellos como sab\u00edan lo que hac\u00edan ten\u00edan m\u00e1s prudencia al meter la \u00abmano al caj\u00f3n\u00bb y a estos acompa\u00f1ados de la ignorancia y el desconocimiento de la administraci\u00f3n p\u00fablica se fueron a fondo&#8230; Pidiendo todo lo que puedan en licitaciones y servicios&#8230; Eso ser\u00e1 una \u00abpared\u00bb para Cazar\u00edn&#8230;&nbsp;<\/p>\n\n\n\n<p>Sin embargo, se rumora que el triunfo de MORENA en 2024.. Ser\u00eda porque la oposici\u00f3n no existe y est\u00e1 borrada del mapa electoral&#8230; Por ello se piensa que MORENA ganar\u00e1 con su voto corporativo&#8230; Pero el voto ciudadano lo perder\u00e1&#8230; Quienes votaron por MORENA en 2018 fueron ciudadanos de clase media hartos de lo que estaba pasando&#8230; Pero les sali\u00f3 mal la apuesta que hicieron&#8230; A eso se tendr\u00e1 que enfrentar Cazar\u00edn, Javier y Huerta&#8230; AMEN&#8230;<\/p>\n","protected":false},"excerpt":{"rendered":"<p>Ricardo Ch\u00faa Sale y Vale Despu\u00e9s de toda la \u00abtormenta\u00bb desatada desde hace 15 d\u00edas por los asuntos de los presuntos actos de corrupci\u00f3n entre altos funcionarios del \u00d3rgano de Fiscalizaci\u00f3n Superior (ORFIS) de Veracruz junto con diputados locales de MORENA, de cobrar \u00abmoches\u00bb a ex alcaldes para \u00ablimpiar\u00bb sus cuentas p\u00fablicas y no proceder [&hellip;]<\/p>\n","protected":false},"author":2,"featured_media":0,"comment_status":"closed","ping_status":"closed","sticky":false,"template":"","format":"standard","meta":{"tdm_status":"","tdm_grid_status":"","footnotes":""},"categories":[70],"tags":[15181,35014,35016,1124,12695,1850,135,35015,35017,31833,3578,18990],"class_list":{"0":"post-95148","1":"post","2":"type-post","3":"status-publish","4":"format-standard","6":"category-de-opinion","7":"tag-delia-gonzalez-cobos","8":"tag-felipe-marin-carreon","9":"tag-hebert-balam-caceres","10":"tag-javier-herrera-borunda","11":"tag-juan-javier-gomez-cazarin","12":"tag-manuel-huerta-ladron-de-guevara","13":"tag-orfis","14":"tag-pastor-hernandez","15":"tag-pedro-callejas","16":"tag-ricardo-chua-agama","17":"tag-rocio-nahle","18":"tag-sener"},"yoast_head":"<!-- This site is optimized with the Yoast SEO plugin v27.4 - https:\/\/yoast.com\/product\/yoast-seo-wordpress\/ -->\n<title>ORFIS Y SUS DESPACHOS - Los pol\u00edticos Veracruz<\/title>\n<meta name=\"robots\" content=\"index, follow, max-snippet:-1, max-image-preview:large, max-video-preview:-1\" \/>\n<link rel=\"canonical\" href=\"https:\/\/lospoliticosveracruz.com\/?p=95148\" \/>\n<meta property=\"og:locale\" content=\"es_ES\" \/>\n<meta property=\"og:type\" content=\"article\" \/>\n<meta property=\"og:title\" content=\"ORFIS Y SUS DESPACHOS - Los pol\u00edticos Veracruz\" \/>\n<meta property=\"og:description\" content=\"Ricardo Ch\u00faa Sale y Vale Despu\u00e9s de toda la \u00abtormenta\u00bb desatada desde hace 15 d\u00edas por los asuntos de los presuntos actos de corrupci\u00f3n entre altos funcionarios del \u00d3rgano de Fiscalizaci\u00f3n Superior (ORFIS) de Veracruz junto con diputados locales de MORENA, de cobrar \u00abmoches\u00bb a ex alcaldes para \u00ablimpiar\u00bb sus cuentas p\u00fablicas y no proceder [&hellip;]\" \/>\n<meta property=\"og:url\" content=\"https:\/\/lospoliticosveracruz.com\/?p=95148\" \/>\n<meta property=\"og:site_name\" content=\"Los pol\u00edticos Veracruz\" \/>\n<meta property=\"article:publisher\" content=\"https:\/\/www.facebook.com\/people\/Notimemes-de-los-Polticos\/61565672886568\/\" \/>\n<meta property=\"article:published_time\" content=\"2022-09-08T12:17:39+00:00\" \/>\n<meta property=\"article:modified_time\" content=\"2022-09-08T12:17:54+00:00\" \/>\n<meta property=\"og:image\" content=\"https:\/\/lospoliticosveracruz.com.mx\/wp-content\/uploads\/2021\/10\/Zacauilt-150x300.jpg\" \/>\n<meta name=\"author\" content=\"Lo viste en Los Pol\u00edticos\" \/>\n<meta name=\"twitter:card\" content=\"summary_large_image\" \/>\n<meta name=\"twitter:creator\" content=\"@LosPoliticosVer\" \/>\n<meta name=\"twitter:site\" content=\"@LosPoliticosVer\" \/>\n<meta name=\"twitter:label1\" content=\"Escrito por\" \/>\n\t<meta name=\"twitter:data1\" content=\"Lo viste en Los Pol\u00edticos\" \/>\n\t<meta name=\"twitter:label2\" content=\"Tiempo de lectura\" \/>\n\t<meta name=\"twitter:data2\" content=\"5 minutos\" \/>\n<script type=\"application\/ld+json\" class=\"yoast-schema-graph\">{\"@context\":\"https:\\\/\\\/schema.org\",\"@graph\":[{\"@type\":\"Article\",\"@id\":\"https:\\\/\\\/lospoliticosveracruz.com\\\/?p=95148#article\",\"isPartOf\":{\"@id\":\"https:\\\/\\\/lospoliticosveracruz.com\\\/?p=95148\"},\"author\":{\"name\":\"Lo viste en Los Pol\u00edticos\",\"@id\":\"https:\\\/\\\/lospoliticosveracruz.com\\\/#\\\/schema\\\/person\\\/b8702bb0e538456e6efd07080bf2a4a2\"},\"headline\":\"ORFIS Y SUS DESPACHOS\",\"datePublished\":\"2022-09-08T12:17:39+00:00\",\"dateModified\":\"2022-09-08T12:17:54+00:00\",\"mainEntityOfPage\":{\"@id\":\"https:\\\/\\\/lospoliticosveracruz.com\\\/?p=95148\"},\"wordCount\":1099,\"publisher\":{\"@id\":\"https:\\\/\\\/lospoliticosveracruz.com\\\/#organization\"},\"image\":{\"@id\":\"https:\\\/\\\/lospoliticosveracruz.com\\\/?p=95148#primaryimage\"},\"thumbnailUrl\":\"https:\\\/\\\/lospoliticosveracruz.com.mx\\\/wp-content\\\/uploads\\\/2021\\\/10\\\/Zacauilt-150x300.jpg\",\"keywords\":[\"Delia Gonz\u00e1lez Cobos\",\"Felipe Mar\u00edn Carre\u00f3n\",\"Hebert Balam C\u00e1ceres\",\"Javier Herrera Borunda\",\"Juan Javier G\u00f3mez Cazar\u00edn\",\"Manuel Huerta Ladr\u00f3n de Guevara\",\"Orfis\",\"Pastor Hern\u00e1ndez\",\"Pedro Callejas\",\"Ricardo Ch\u00faa Agama\",\"Roc\u00edo Nahle\",\"Sener\"],\"articleSection\":[\"De Opini\u00f3n\"],\"inLanguage\":\"es\"},{\"@type\":\"WebPage\",\"@id\":\"https:\\\/\\\/lospoliticosveracruz.com\\\/?p=95148\",\"url\":\"https:\\\/\\\/lospoliticosveracruz.com\\\/?p=95148\",\"name\":\"ORFIS Y SUS DESPACHOS - Los pol\u00edticos Veracruz\",\"isPartOf\":{\"@id\":\"https:\\\/\\\/lospoliticosveracruz.com\\\/#website\"},\"primaryImageOfPage\":{\"@id\":\"https:\\\/\\\/lospoliticosveracruz.com\\\/?p=95148#primaryimage\"},\"image\":{\"@id\":\"https:\\\/\\\/lospoliticosveracruz.com\\\/?p=95148#primaryimage\"},\"thumbnailUrl\":\"https:\\\/\\\/lospoliticosveracruz.com.mx\\\/wp-content\\\/uploads\\\/2021\\\/10\\\/Zacauilt-150x300.jpg\",\"datePublished\":\"2022-09-08T12:17:39+00:00\",\"dateModified\":\"2022-09-08T12:17:54+00:00\",\"breadcrumb\":{\"@id\":\"https:\\\/\\\/lospoliticosveracruz.com\\\/?p=95148#breadcrumb\"},\"inLanguage\":\"es\",\"potentialAction\":[{\"@type\":\"ReadAction\",\"target\":[\"https:\\\/\\\/lospoliticosveracruz.com\\\/?p=95148\"]}]},{\"@type\":\"ImageObject\",\"inLanguage\":\"es\",\"@id\":\"https:\\\/\\\/lospoliticosveracruz.com\\\/?p=95148#primaryimage\",\"url\":\"https:\\\/\\\/lospoliticosveracruz.com.mx\\\/wp-content\\\/uploads\\\/2021\\\/10\\\/Zacauilt-150x300.jpg\",\"contentUrl\":\"https:\\\/\\\/lospoliticosveracruz.com.mx\\\/wp-content\\\/uploads\\\/2021\\\/10\\\/Zacauilt-150x300.jpg\"},{\"@type\":\"BreadcrumbList\",\"@id\":\"https:\\\/\\\/lospoliticosveracruz.com\\\/?p=95148#breadcrumb\",\"itemListElement\":[{\"@type\":\"ListItem\",\"position\":1,\"name\":\"Portada\",\"item\":\"https:\\\/\\\/lospoliticosveracruz.com\\\/\"},{\"@type\":\"ListItem\",\"position\":2,\"name\":\"ORFIS Y SUS DESPACHOS\"}]},{\"@type\":\"WebSite\",\"@id\":\"https:\\\/\\\/lospoliticosveracruz.com\\\/#website\",\"url\":\"https:\\\/\\\/lospoliticosveracruz.com\\\/\",\"name\":\"Los pol\u00edticos Veracruz\",\"description\":\"\",\"publisher\":{\"@id\":\"https:\\\/\\\/lospoliticosveracruz.com\\\/#organization\"},\"potentialAction\":[{\"@type\":\"SearchAction\",\"target\":{\"@type\":\"EntryPoint\",\"urlTemplate\":\"https:\\\/\\\/lospoliticosveracruz.com\\\/?s={search_term_string}\"},\"query-input\":{\"@type\":\"PropertyValueSpecification\",\"valueRequired\":true,\"valueName\":\"search_term_string\"}}],\"inLanguage\":\"es\"},{\"@type\":\"Organization\",\"@id\":\"https:\\\/\\\/lospoliticosveracruz.com\\\/#organization\",\"name\":\"Los pol\u00edticos Veracruz\",\"url\":\"https:\\\/\\\/lospoliticosveracruz.com\\\/\",\"logo\":{\"@type\":\"ImageObject\",\"inLanguage\":\"es\",\"@id\":\"https:\\\/\\\/lospoliticosveracruz.com\\\/#\\\/schema\\\/logo\\\/image\\\/\",\"url\":\"https:\\\/\\\/lospoliticosveracruz.com\\\/wp-content\\\/uploads\\\/2025\\\/12\\\/Logo-Nuevo-LOS-POLITICOS-1.jpg\",\"contentUrl\":\"https:\\\/\\\/lospoliticosveracruz.com\\\/wp-content\\\/uploads\\\/2025\\\/12\\\/Logo-Nuevo-LOS-POLITICOS-1.jpg\",\"width\":260,\"height\":70,\"caption\":\"Los pol\u00edticos Veracruz\"},\"image\":{\"@id\":\"https:\\\/\\\/lospoliticosveracruz.com\\\/#\\\/schema\\\/logo\\\/image\\\/\"},\"sameAs\":[\"https:\\\/\\\/www.facebook.com\\\/people\\\/Notimemes-de-los-Polticos\\\/61565672886568\\\/\",\"https:\\\/\\\/x.com\\\/LosPoliticosVer\"]},{\"@type\":\"Person\",\"@id\":\"https:\\\/\\\/lospoliticosveracruz.com\\\/#\\\/schema\\\/person\\\/b8702bb0e538456e6efd07080bf2a4a2\",\"name\":\"Lo viste en Los Pol\u00edticos\",\"image\":{\"@type\":\"ImageObject\",\"inLanguage\":\"es\",\"@id\":\"https:\\\/\\\/secure.gravatar.com\\\/avatar\\\/3a8de04a2656d44082be478bd6c086daa447c4651605818287b9532d3d0bd435?s=96&d=mm&r=g\",\"url\":\"https:\\\/\\\/secure.gravatar.com\\\/avatar\\\/3a8de04a2656d44082be478bd6c086daa447c4651605818287b9532d3d0bd435?s=96&d=mm&r=g\",\"contentUrl\":\"https:\\\/\\\/secure.gravatar.com\\\/avatar\\\/3a8de04a2656d44082be478bd6c086daa447c4651605818287b9532d3d0bd435?s=96&d=mm&r=g\",\"caption\":\"Lo viste en Los Pol\u00edticos\"},\"url\":\"https:\\\/\\\/lospoliticosveracruz.com\\\/?author=2\"}]}<\/script>\n<!-- \/ Yoast SEO plugin. -->","yoast_head_json":{"title":"ORFIS Y SUS DESPACHOS - Los pol\u00edticos Veracruz","robots":{"index":"index","follow":"follow","max-snippet":"max-snippet:-1","max-image-preview":"max-image-preview:large","max-video-preview":"max-video-preview:-1"},"canonical":"https:\/\/lospoliticosveracruz.com\/?p=95148","og_locale":"es_ES","og_type":"article","og_title":"ORFIS Y SUS DESPACHOS - Los pol\u00edticos Veracruz","og_description":"Ricardo Ch\u00faa Sale y Vale Despu\u00e9s de toda la \u00abtormenta\u00bb desatada desde hace 15 d\u00edas por los asuntos de los presuntos actos de corrupci\u00f3n entre altos funcionarios del \u00d3rgano de Fiscalizaci\u00f3n Superior (ORFIS) de Veracruz junto con diputados locales de MORENA, de cobrar \u00abmoches\u00bb a ex alcaldes para \u00ablimpiar\u00bb sus cuentas p\u00fablicas y no proceder [&hellip;]","og_url":"https:\/\/lospoliticosveracruz.com\/?p=95148","og_site_name":"Los pol\u00edticos Veracruz","article_publisher":"https:\/\/www.facebook.com\/people\/Notimemes-de-los-Polticos\/61565672886568\/","article_published_time":"2022-09-08T12:17:39+00:00","article_modified_time":"2022-09-08T12:17:54+00:00","og_image":[{"url":"https:\/\/lospoliticosveracruz.com.mx\/wp-content\/uploads\/2021\/10\/Zacauilt-150x300.jpg","type":"","width":"","height":""}],"author":"Lo viste en Los Pol\u00edticos","twitter_card":"summary_large_image","twitter_creator":"@LosPoliticosVer","twitter_site":"@LosPoliticosVer","twitter_misc":{"Escrito por":"Lo viste en Los Pol\u00edticos","Tiempo de lectura":"5 minutos"},"schema":{"@context":"https:\/\/schema.org","@graph":[{"@type":"Article","@id":"https:\/\/lospoliticosveracruz.com\/?p=95148#article","isPartOf":{"@id":"https:\/\/lospoliticosveracruz.com\/?p=95148"},"author":{"name":"Lo viste en Los Pol\u00edticos","@id":"https:\/\/lospoliticosveracruz.com\/#\/schema\/person\/b8702bb0e538456e6efd07080bf2a4a2"},"headline":"ORFIS Y SUS DESPACHOS","datePublished":"2022-09-08T12:17:39+00:00","dateModified":"2022-09-08T12:17:54+00:00","mainEntityOfPage":{"@id":"https:\/\/lospoliticosveracruz.com\/?p=95148"},"wordCount":1099,"publisher":{"@id":"https:\/\/lospoliticosveracruz.com\/#organization"},"image":{"@id":"https:\/\/lospoliticosveracruz.com\/?p=95148#primaryimage"},"thumbnailUrl":"https:\/\/lospoliticosveracruz.com.mx\/wp-content\/uploads\/2021\/10\/Zacauilt-150x300.jpg","keywords":["Delia Gonz\u00e1lez Cobos","Felipe Mar\u00edn Carre\u00f3n","Hebert Balam C\u00e1ceres","Javier Herrera Borunda","Juan Javier G\u00f3mez Cazar\u00edn","Manuel Huerta Ladr\u00f3n de Guevara","Orfis","Pastor Hern\u00e1ndez","Pedro Callejas","Ricardo Ch\u00faa Agama","Roc\u00edo Nahle","Sener"],"articleSection":["De Opini\u00f3n"],"inLanguage":"es"},{"@type":"WebPage","@id":"https:\/\/lospoliticosveracruz.com\/?p=95148","url":"https:\/\/lospoliticosveracruz.com\/?p=95148","name":"ORFIS Y SUS DESPACHOS - Los pol\u00edticos Veracruz","isPartOf":{"@id":"https:\/\/lospoliticosveracruz.com\/#website"},"primaryImageOfPage":{"@id":"https:\/\/lospoliticosveracruz.com\/?p=95148#primaryimage"},"image":{"@id":"https:\/\/lospoliticosveracruz.com\/?p=95148#primaryimage"},"thumbnailUrl":"https:\/\/lospoliticosveracruz.com.mx\/wp-content\/uploads\/2021\/10\/Zacauilt-150x300.jpg","datePublished":"2022-09-08T12:17:39+00:00","dateModified":"2022-09-08T12:17:54+00:00","breadcrumb":{"@id":"https:\/\/lospoliticosveracruz.com\/?p=95148#breadcrumb"},"inLanguage":"es","potentialAction":[{"@type":"ReadAction","target":["https:\/\/lospoliticosveracruz.com\/?p=95148"]}]},{"@type":"ImageObject","inLanguage":"es","@id":"https:\/\/lospoliticosveracruz.com\/?p=95148#primaryimage","url":"https:\/\/lospoliticosveracruz.com.mx\/wp-content\/uploads\/2021\/10\/Zacauilt-150x300.jpg","contentUrl":"https:\/\/lospoliticosveracruz.com.mx\/wp-content\/uploads\/2021\/10\/Zacauilt-150x300.jpg"},{"@type":"BreadcrumbList","@id":"https:\/\/lospoliticosveracruz.com\/?p=95148#breadcrumb","itemListElement":[{"@type":"ListItem","position":1,"name":"Portada","item":"https:\/\/lospoliticosveracruz.com\/"},{"@type":"ListItem","position":2,"name":"ORFIS Y SUS DESPACHOS"}]},{"@type":"WebSite","@id":"https:\/\/lospoliticosveracruz.com\/#website","url":"https:\/\/lospoliticosveracruz.com\/","name":"Los pol\u00edticos Veracruz","description":"","publisher":{"@id":"https:\/\/lospoliticosveracruz.com\/#organization"},"potentialAction":[{"@type":"SearchAction","target":{"@type":"EntryPoint","urlTemplate":"https:\/\/lospoliticosveracruz.com\/?s={search_term_string}"},"query-input":{"@type":"PropertyValueSpecification","valueRequired":true,"valueName":"search_term_string"}}],"inLanguage":"es"},{"@type":"Organization","@id":"https:\/\/lospoliticosveracruz.com\/#organization","name":"Los pol\u00edticos Veracruz","url":"https:\/\/lospoliticosveracruz.com\/","logo":{"@type":"ImageObject","inLanguage":"es","@id":"https:\/\/lospoliticosveracruz.com\/#\/schema\/logo\/image\/","url":"https:\/\/lospoliticosveracruz.com\/wp-content\/uploads\/2025\/12\/Logo-Nuevo-LOS-POLITICOS-1.jpg","contentUrl":"https:\/\/lospoliticosveracruz.com\/wp-content\/uploads\/2025\/12\/Logo-Nuevo-LOS-POLITICOS-1.jpg","width":260,"height":70,"caption":"Los pol\u00edticos Veracruz"},"image":{"@id":"https:\/\/lospoliticosveracruz.com\/#\/schema\/logo\/image\/"},"sameAs":["https:\/\/www.facebook.com\/people\/Notimemes-de-los-Polticos\/61565672886568\/","https:\/\/x.com\/LosPoliticosVer"]},{"@type":"Person","@id":"https:\/\/lospoliticosveracruz.com\/#\/schema\/person\/b8702bb0e538456e6efd07080bf2a4a2","name":"Lo viste en Los Pol\u00edticos","image":{"@type":"ImageObject","inLanguage":"es","@id":"https:\/\/secure.gravatar.com\/avatar\/3a8de04a2656d44082be478bd6c086daa447c4651605818287b9532d3d0bd435?s=96&d=mm&r=g","url":"https:\/\/secure.gravatar.com\/avatar\/3a8de04a2656d44082be478bd6c086daa447c4651605818287b9532d3d0bd435?s=96&d=mm&r=g","contentUrl":"https:\/\/secure.gravatar.com\/avatar\/3a8de04a2656d44082be478bd6c086daa447c4651605818287b9532d3d0bd435?s=96&d=mm&r=g","caption":"Lo viste en Los Pol\u00edticos"},"url":"https:\/\/lospoliticosveracruz.com\/?author=2"}]}},"_links":{"self":[{"href":"https:\/\/lospoliticosveracruz.com\/index.php?rest_route=\/wp\/v2\/posts\/95148","targetHints":{"allow":["GET"]}}],"collection":[{"href":"https:\/\/lospoliticosveracruz.com\/index.php?rest_route=\/wp\/v2\/posts"}],"about":[{"href":"https:\/\/lospoliticosveracruz.com\/index.php?rest_route=\/wp\/v2\/types\/post"}],"author":[{"embeddable":true,"href":"https:\/\/lospoliticosveracruz.com\/index.php?rest_route=\/wp\/v2\/users\/2"}],"replies":[{"embeddable":true,"href":"https:\/\/lospoliticosveracruz.com\/index.php?rest_route=%2Fwp%2Fv2%2Fcomments&post=95148"}],"version-history":[{"count":1,"href":"https:\/\/lospoliticosveracruz.com\/index.php?rest_route=\/wp\/v2\/posts\/95148\/revisions"}],"predecessor-version":[{"id":95151,"href":"https:\/\/lospoliticosveracruz.com\/index.php?rest_route=\/wp\/v2\/posts\/95148\/revisions\/95151"}],"wp:attachment":[{"href":"https:\/\/lospoliticosveracruz.com\/index.php?rest_route=%2Fwp%2Fv2%2Fmedia&parent=95148"}],"wp:term":[{"taxonomy":"category","embeddable":true,"href":"https:\/\/lospoliticosveracruz.com\/index.php?rest_route=%2Fwp%2Fv2%2Fcategories&post=95148"},{"taxonomy":"post_tag","embeddable":true,"href":"https:\/\/lospoliticosveracruz.com\/index.php?rest_route=%2Fwp%2Fv2%2Ftags&post=95148"}],"curies":[{"name":"wp","href":"https:\/\/api.w.org\/{rel}","templated":true}]}}