{"id":95152,"date":"2022-09-08T07:24:33","date_gmt":"2022-09-08T12:24:33","guid":{"rendered":"https:\/\/lospoliticosveracruz.com.mx\/?p=95152"},"modified":"2022-09-08T08:35:42","modified_gmt":"2022-09-08T13:35:42","slug":"hector-yunes-y-su-version-del-2016","status":"publish","type":"post","link":"https:\/\/lospoliticosveracruz.com\/?p=95152","title":{"rendered":"H\u00c9CTOR YUNES Y SU VERSI\u00d3N DEL 2016"},"content":{"rendered":"\n<p><strong>Bernardo Guti\u00e9rrez Parra&nbsp;<\/strong><\/p>\n\n\n\n<p><em>Desde el Caf\u00e9&nbsp;<\/em><\/p>\n\n\n\n<p><\/p>\n\n\n\n<p>En 2015 H\u00e9ctor Yunes Landa ten\u00eda todo para ganar la gubernatura que se disputar\u00eda un a\u00f1o despu\u00e9s; era el m\u00e1s conocido de precandidatos, el m\u00e1s carism\u00e1tico y el m\u00e1s popular. Una de sus ventajas era que conoc\u00eda como pocos los problemas de cada municipio y la manera de resolverlos. Y esto le gan\u00f3 muchos adeptos.&nbsp;<br><\/p>\n\n\n<div class=\"wp-block-image\">\n<figure class=\"alignleft size-medium\"><a href=\"https:\/\/lospoliticosveracruz.com.mx\/wp-content\/uploads\/2021\/10\/WhatsApp-Image-2021-10-02-at-15.20.25.jpeg\"><img loading=\"lazy\" decoding=\"async\" width=\"212\" height=\"300\" src=\"https:\/\/lospoliticosveracruz.com.mx\/wp-content\/uploads\/2021\/10\/WhatsApp-Image-2021-10-02-at-15.20.25-212x300.jpeg\" alt=\"\" class=\"wp-image-80177\" srcset=\"https:\/\/lospoliticosveracruz.com\/wp-content\/uploads\/2021\/10\/WhatsApp-Image-2021-10-02-at-15.20.25-212x300.jpeg 212w, https:\/\/lospoliticosveracruz.com\/wp-content\/uploads\/2021\/10\/WhatsApp-Image-2021-10-02-at-15.20.25-724x1024.jpeg 724w, https:\/\/lospoliticosveracruz.com\/wp-content\/uploads\/2021\/10\/WhatsApp-Image-2021-10-02-at-15.20.25-768x1086.jpeg 768w, https:\/\/lospoliticosveracruz.com\/wp-content\/uploads\/2021\/10\/WhatsApp-Image-2021-10-02-at-15.20.25.jpeg 905w\" sizes=\"auto, (max-width: 212px) 100vw, 212px\" \/><\/a><\/figure>\n<\/div>\n\n\n<p>Me toc\u00f3 ser testigo del revuelo que causaba su sola presencia en municipios de la zona norte. Pero cuando lo nombraron candidato todo cambi\u00f3. Del precandidato echado pa\u2019 delante no qued\u00f3 nada. En su lugar apareci\u00f3 un candidato inseguro y apocado que nunca alcanz\u00f3 a despejar\u2026 y se qued\u00f3 en la orilla.&nbsp;<\/p>\n\n\n\n<p>Seis a\u00f1os esper\u00e9 para preguntarle qu\u00e9 fue lo que pas\u00f3 en el 2016 cuando perdi\u00f3 frente al panista Miguel \u00c1ngel Yunes. Invitado por el Grupo de los 10, H\u00e9ctor dio su versi\u00f3n.&nbsp;<\/p>\n\n\n\n<p>Dijo que a pesar de que ten\u00eda poco m\u00e1s del 50% de las preferencias en las encuestas, nunca fue el favorito del gobernador Javier Duarte, cuyos candidatos fueron Salvador Manzur y Alberto Silva, pero ninguno de los dos prendi\u00f3.&nbsp;<\/p>\n\n\n\n<p>\u201cJavier hizo un intento por apoyar a Jos\u00e9 Yunes Zorrilla, pero Pepe fue muy serio y no se prest\u00f3 a ese juego. Despu\u00e9s hizo un intento m\u00e1s con Gerardo Buganza como candidato independiente, pero no le dieron los n\u00fameros y declin\u00f3\u201d, indic\u00f3.&nbsp;<\/p>\n\n\n\n<p>Al quedarse sin candidatos, Javier acept\u00f3 a rega\u00f1adientes la decisi\u00f3n del PRI que se decant\u00f3 por H\u00e9ctor.<\/p>\n\n\n\n<p>Yunes Landa rememor\u00f3 que como precandidato fue muy agresivo y combativo porque iba por una candidatura que sab\u00eda que ten\u00eda que ganar en contra de los deseos Duarte, lo que fue un desgaste muy grande.&nbsp;<\/p>\n\n\n\n<p>El punto de quiebre se dio la v\u00edspera de su toma de protesta como candidato del PRI a la gubernatura. Sabiendo lo devaluado que estaba el gobernador y el rechazo que ten\u00eda entre los veracruzanos decidi\u00f3 que no lo acompa\u00f1ara.&nbsp;<\/p>\n\n\n\n<p>\u201cNo obstante que ya se le hab\u00eda pedido que no fuera, me habla como a las 11 de la noche y me pregunta \u2018A ver H\u00e9ctor dime, \u00bfquieres que vaya o que no vaya?, tu dime qu\u00e9 m\u00e1s te sirve\u2019 y le dije: \u2018que no vayas, por favor\u2019. \u2018Ah, no voy, no hay problema\u2019, contest\u00f3 Duarte.&nbsp;&nbsp;\u00bfY qu\u00e9 pas\u00f3? Que en ese momento empezaron a llamar a todos los diputados federales, locales, alcaldes y les dijeron, no vayan\u201d. Y no fueron.&nbsp;<\/p>\n\n\n\n<p>La consigna lector, era que si no asist\u00eda el gobernador, tampoco asistir\u00eda nadie del PRI y tan se obedeci\u00f3 que a las 11:30 de la ma\u00f1ana estaban vac\u00edos m\u00e1s de dos terceras partes del siller\u00edo instalado en el Word Trade Center.&nbsp;<\/p>\n\n\n\n<p>H\u00e9ctor prosigui\u00f3 su relato. \u201cA las 12 del mediod\u00eda me habla el secretario de Gobernaci\u00f3n (Miguel \u00c1ngel Osorio Chong) y me dice: oye, te pide el presidente que invites a Duarte. Oye, no puedo, le contest\u00e9. Tenemos detectado ya esto (la ausencia de legisladores y alcaldes) creo que es un grave error, permite que vaya\u201d.&nbsp;<\/p>\n\n\n\n<p>Para la historia quedar\u00e1 la foto donde Yunes Landa con el semblante descompuesto, se ve en la necesidad de \u201cagradecer\u201d la presencia del gobernador que de pie, le extiende el brazo.&nbsp;<\/p>\n\n\n\n<p>\u201cY desde ah\u00ed\u2026\u201d dijo H\u00e9ctor, y en efecto, desde ah\u00ed comenz\u00f3 el naufragio.&nbsp;<\/p>\n\n\n\n<p>Indic\u00f3 que como candidato sigui\u00f3 cuestionando al gobierno de Duarte y al propio Javier, pero cada vez que lo hac\u00eda lo paraban. \u201cOye, b\u00e1jale porque tus palabras lastiman al partido y van a confundir. Es decir, mi peor confrontaci\u00f3n no era contra mis adversarios, era con los de casa. Entonces me tuve que defender de los de mi casa y de los de enfrente\u201d.&nbsp;<\/p>\n\n\n\n<p>Y a esto hay que agregar que cada semana lo llamaban: \u201cQue te vayas a M\u00e9xico a una reuni\u00f3n en Gobernaci\u00f3n. \u00cdbamos a reuniones donde llamaban a Duarte y nos sentaban como chamacos\u2026\u201d<\/p>\n\n\n\n<p>Todo esto alter\u00f3 su tiempo y su concentraci\u00f3n, m\u00e1s a\u00fan con los enviados del gobernador pegados como lapas. Dorm\u00eda pocas horas y mientras se part\u00eda el alma en la campa\u00f1a, el gobernador le daba recursos a Cuitl\u00e1huac, \u201ccantidades importantes\u201d asegur\u00f3. Pero hubo m\u00e1s, operadores del gobierno federal estuvieron ayudando a otros candidatos. En fin, todo en contra.&nbsp;<\/p>\n\n\n\n<p>\u201cPero no me quejo ni chillo, yo perd\u00ed y asum\u00ed la derrota\u201d.&nbsp;<\/p>\n\n\n\n<p>H\u00e9ctor aguant\u00f3 todo, lo que no aguant\u00f3 fue que lo obligaran a bajarle (por \u00f3rdenes de arriba) varias rayitas a su discurso porque lo dej\u00f3 en la indefensi\u00f3n frente a sus adversarios. De ah\u00ed que se viera inseguro y apocado. De ah\u00ed el giro tan marcado de lo que fue el precandidato al candidato.&nbsp;&nbsp;<\/p>\n\n\n\n<p>Pero no te creas lector que estuvimos charlando con un H\u00e9ctor Yunes rencoroso y amargado. Para nada, fiel a su costumbre lleg\u00f3 puntual a la cita y nunca perdi\u00f3 el buen humor.<\/p>\n\n\n\n<p>De entrada dijo que ya todo mundo sabe de sus deseos de volver a contender por la candidatura, pero ataj\u00f3: \u201cestos no son los tiempos para hablar del tema\u201d.&nbsp;&nbsp;Lo que s\u00ed hizo fue dar a conocer una propuesta de 12 puntos para solucionar los problemas de Veracruz.&nbsp;<\/p>\n\n\n\n<p>\u201cPropongo al gobernador Cuitl\u00e1huac Garc\u00eda la convocatoria a un grupo plural para la atenci\u00f3n de la emergencia que ocurre en todos los \u00e1mbitos de la vida de Veracruz, un grupo que integre a todas las expresiones sociales, a las fuerzas pol\u00edticas y a los actores econ\u00f3micos del Estado, con base en una plataforma com\u00fan\u201d.&nbsp;<\/p>\n\n\n\n<p>Agreg\u00f3 que el documento recoge experiencias de los veracruzanos, por lo que ser\u00e1 muy \u00fatil para un gobernante abierto a las opiniones de gente que no comulga con su forma de ver el servicio p\u00fablico.&nbsp;<\/p>\n\n\n\n<p>Creo que en este punto el ex legislador federal habl\u00f3 en el desierto porque Cuitl\u00e1huac Garc\u00eda jam\u00e1s aceptar\u00e1 que Veracruz est\u00e1 en el hoyo. Y es muy dif\u00edcil que lea el documento porque la lectura no se le da.&nbsp;<\/p>\n\n\n\n<p>Lo que nadie pone en duda es que a pesar de que H\u00e9ctor Yunes no ostenta ning\u00fan cargo p\u00fablico, est\u00e1 de vuelta en la pol\u00edtica. De hecho nunca se ha ido.&nbsp;<\/p>\n\n\n\n<p>El documento que carga bajo el brazo es un buen pretexto para mantenerse vigente porque con \u00e9l har\u00e1 mucho ruido, lo que lo colocar\u00e1 otra vez en el candelero.&nbsp;<\/p>\n\n\n\n<p>Y en una de esas qui\u00e9n sabe lector\u2026 En pol\u00edtica nada se sabe porque nada est\u00e1 escrito.&nbsp;<\/p>\n\n\n\n<p>bernardogup@hotmail.com<\/p>\n","protected":false},"excerpt":{"rendered":"<p>Bernardo Guti\u00e9rrez Parra&nbsp; Desde el Caf\u00e9&nbsp; En 2015 H\u00e9ctor Yunes Landa ten\u00eda todo para ganar la gubernatura que se disputar\u00eda un a\u00f1o despu\u00e9s; era el m\u00e1s conocido de precandidatos, el m\u00e1s carism\u00e1tico y el m\u00e1s popular. Una de sus ventajas era que conoc\u00eda como pocos los problemas de cada municipio y la manera de resolverlos. [&hellip;]<\/p>\n","protected":false},"author":2,"featured_media":0,"comment_status":"closed","ping_status":"closed","sticky":false,"template":"","format":"standard","meta":{"tdm_status":"","tdm_grid_status":"","footnotes":""},"categories":[70],"tags":[34206,7469,348,260,227,251],"class_list":{"0":"post-95152","1":"post","2":"type-post","3":"status-publish","4":"format-standard","6":"category-de-opinion","7":"tag-bernardo-gutierrez-parra","8":"tag-grupo-de-los-10","9":"tag-hector-yunes-landa","10":"tag-javier-duarte-de-ochoa","11":"tag-jose-yunes-zorrilla","12":"tag-pri"},"yoast_head":"<!-- This site is optimized with the Yoast SEO plugin v27.4 - https:\/\/yoast.com\/product\/yoast-seo-wordpress\/ -->\n<title>H\u00c9CTOR YUNES Y SU VERSI\u00d3N DEL 2016 - Los pol\u00edticos Veracruz<\/title>\n<meta name=\"robots\" content=\"index, follow, max-snippet:-1, max-image-preview:large, max-video-preview:-1\" \/>\n<link rel=\"canonical\" href=\"https:\/\/lospoliticosveracruz.com\/?p=95152\" \/>\n<meta property=\"og:locale\" content=\"es_ES\" \/>\n<meta property=\"og:type\" content=\"article\" \/>\n<meta property=\"og:title\" content=\"H\u00c9CTOR YUNES Y SU VERSI\u00d3N DEL 2016 - Los pol\u00edticos Veracruz\" \/>\n<meta property=\"og:description\" content=\"Bernardo Guti\u00e9rrez Parra&nbsp; Desde el Caf\u00e9&nbsp; En 2015 H\u00e9ctor Yunes Landa ten\u00eda todo para ganar la gubernatura que se disputar\u00eda un a\u00f1o despu\u00e9s; era el m\u00e1s conocido de precandidatos, el m\u00e1s carism\u00e1tico y el m\u00e1s popular. Una de sus ventajas era que conoc\u00eda como pocos los problemas de cada municipio y la manera de resolverlos. [&hellip;]\" \/>\n<meta property=\"og:url\" content=\"https:\/\/lospoliticosveracruz.com\/?p=95152\" \/>\n<meta property=\"og:site_name\" content=\"Los pol\u00edticos Veracruz\" \/>\n<meta property=\"article:publisher\" content=\"https:\/\/www.facebook.com\/people\/Notimemes-de-los-Polticos\/61565672886568\/\" \/>\n<meta property=\"article:published_time\" content=\"2022-09-08T12:24:33+00:00\" \/>\n<meta property=\"article:modified_time\" content=\"2022-09-08T13:35:42+00:00\" \/>\n<meta property=\"og:image\" content=\"https:\/\/lospoliticosveracruz.com.mx\/wp-content\/uploads\/2021\/10\/WhatsApp-Image-2021-10-02-at-15.20.25-212x300.jpeg\" \/>\n<meta name=\"author\" content=\"Lo viste en Los Pol\u00edticos\" \/>\n<meta name=\"twitter:card\" content=\"summary_large_image\" \/>\n<meta name=\"twitter:creator\" content=\"@LosPoliticosVer\" \/>\n<meta name=\"twitter:site\" content=\"@LosPoliticosVer\" \/>\n<meta name=\"twitter:label1\" content=\"Escrito por\" \/>\n\t<meta name=\"twitter:data1\" content=\"Lo viste en Los Pol\u00edticos\" \/>\n\t<meta name=\"twitter:label2\" content=\"Tiempo de lectura\" \/>\n\t<meta name=\"twitter:data2\" content=\"6 minutos\" \/>\n<script type=\"application\/ld+json\" class=\"yoast-schema-graph\">{\"@context\":\"https:\\\/\\\/schema.org\",\"@graph\":[{\"@type\":\"Article\",\"@id\":\"https:\\\/\\\/lospoliticosveracruz.com\\\/?p=95152#article\",\"isPartOf\":{\"@id\":\"https:\\\/\\\/lospoliticosveracruz.com\\\/?p=95152\"},\"author\":{\"name\":\"Lo viste en Los Pol\u00edticos\",\"@id\":\"https:\\\/\\\/lospoliticosveracruz.com\\\/#\\\/schema\\\/person\\\/b8702bb0e538456e6efd07080bf2a4a2\"},\"headline\":\"H\u00c9CTOR YUNES Y SU VERSI\u00d3N DEL 2016\",\"datePublished\":\"2022-09-08T12:24:33+00:00\",\"dateModified\":\"2022-09-08T13:35:42+00:00\",\"mainEntityOfPage\":{\"@id\":\"https:\\\/\\\/lospoliticosveracruz.com\\\/?p=95152\"},\"wordCount\":1151,\"publisher\":{\"@id\":\"https:\\\/\\\/lospoliticosveracruz.com\\\/#organization\"},\"image\":{\"@id\":\"https:\\\/\\\/lospoliticosveracruz.com\\\/?p=95152#primaryimage\"},\"thumbnailUrl\":\"https:\\\/\\\/lospoliticosveracruz.com.mx\\\/wp-content\\\/uploads\\\/2021\\\/10\\\/WhatsApp-Image-2021-10-02-at-15.20.25-212x300.jpeg\",\"keywords\":[\"Bernardo Guti\u00e9rrez Parra\",\"Grupo de los 10\",\"H\u00e9ctor Yunes Landa\",\"Javier Duarte de Ochoa\",\"Jos\u00e9 Yunes Zorrilla\",\"PRI\"],\"articleSection\":[\"De Opini\u00f3n\"],\"inLanguage\":\"es\"},{\"@type\":\"WebPage\",\"@id\":\"https:\\\/\\\/lospoliticosveracruz.com\\\/?p=95152\",\"url\":\"https:\\\/\\\/lospoliticosveracruz.com\\\/?p=95152\",\"name\":\"H\u00c9CTOR YUNES Y SU VERSI\u00d3N DEL 2016 - Los pol\u00edticos Veracruz\",\"isPartOf\":{\"@id\":\"https:\\\/\\\/lospoliticosveracruz.com\\\/#website\"},\"primaryImageOfPage\":{\"@id\":\"https:\\\/\\\/lospoliticosveracruz.com\\\/?p=95152#primaryimage\"},\"image\":{\"@id\":\"https:\\\/\\\/lospoliticosveracruz.com\\\/?p=95152#primaryimage\"},\"thumbnailUrl\":\"https:\\\/\\\/lospoliticosveracruz.com.mx\\\/wp-content\\\/uploads\\\/2021\\\/10\\\/WhatsApp-Image-2021-10-02-at-15.20.25-212x300.jpeg\",\"datePublished\":\"2022-09-08T12:24:33+00:00\",\"dateModified\":\"2022-09-08T13:35:42+00:00\",\"breadcrumb\":{\"@id\":\"https:\\\/\\\/lospoliticosveracruz.com\\\/?p=95152#breadcrumb\"},\"inLanguage\":\"es\",\"potentialAction\":[{\"@type\":\"ReadAction\",\"target\":[\"https:\\\/\\\/lospoliticosveracruz.com\\\/?p=95152\"]}]},{\"@type\":\"ImageObject\",\"inLanguage\":\"es\",\"@id\":\"https:\\\/\\\/lospoliticosveracruz.com\\\/?p=95152#primaryimage\",\"url\":\"https:\\\/\\\/lospoliticosveracruz.com.mx\\\/wp-content\\\/uploads\\\/2021\\\/10\\\/WhatsApp-Image-2021-10-02-at-15.20.25-212x300.jpeg\",\"contentUrl\":\"https:\\\/\\\/lospoliticosveracruz.com.mx\\\/wp-content\\\/uploads\\\/2021\\\/10\\\/WhatsApp-Image-2021-10-02-at-15.20.25-212x300.jpeg\"},{\"@type\":\"BreadcrumbList\",\"@id\":\"https:\\\/\\\/lospoliticosveracruz.com\\\/?p=95152#breadcrumb\",\"itemListElement\":[{\"@type\":\"ListItem\",\"position\":1,\"name\":\"Portada\",\"item\":\"https:\\\/\\\/lospoliticosveracruz.com\\\/\"},{\"@type\":\"ListItem\",\"position\":2,\"name\":\"H\u00c9CTOR YUNES Y SU VERSI\u00d3N DEL 2016\"}]},{\"@type\":\"WebSite\",\"@id\":\"https:\\\/\\\/lospoliticosveracruz.com\\\/#website\",\"url\":\"https:\\\/\\\/lospoliticosveracruz.com\\\/\",\"name\":\"Los pol\u00edticos Veracruz\",\"description\":\"\",\"publisher\":{\"@id\":\"https:\\\/\\\/lospoliticosveracruz.com\\\/#organization\"},\"potentialAction\":[{\"@type\":\"SearchAction\",\"target\":{\"@type\":\"EntryPoint\",\"urlTemplate\":\"https:\\\/\\\/lospoliticosveracruz.com\\\/?s={search_term_string}\"},\"query-input\":{\"@type\":\"PropertyValueSpecification\",\"valueRequired\":true,\"valueName\":\"search_term_string\"}}],\"inLanguage\":\"es\"},{\"@type\":\"Organization\",\"@id\":\"https:\\\/\\\/lospoliticosveracruz.com\\\/#organization\",\"name\":\"Los pol\u00edticos Veracruz\",\"url\":\"https:\\\/\\\/lospoliticosveracruz.com\\\/\",\"logo\":{\"@type\":\"ImageObject\",\"inLanguage\":\"es\",\"@id\":\"https:\\\/\\\/lospoliticosveracruz.com\\\/#\\\/schema\\\/logo\\\/image\\\/\",\"url\":\"https:\\\/\\\/lospoliticosveracruz.com\\\/wp-content\\\/uploads\\\/2025\\\/12\\\/Logo-Nuevo-LOS-POLITICOS-1.jpg\",\"contentUrl\":\"https:\\\/\\\/lospoliticosveracruz.com\\\/wp-content\\\/uploads\\\/2025\\\/12\\\/Logo-Nuevo-LOS-POLITICOS-1.jpg\",\"width\":260,\"height\":70,\"caption\":\"Los pol\u00edticos Veracruz\"},\"image\":{\"@id\":\"https:\\\/\\\/lospoliticosveracruz.com\\\/#\\\/schema\\\/logo\\\/image\\\/\"},\"sameAs\":[\"https:\\\/\\\/www.facebook.com\\\/people\\\/Notimemes-de-los-Polticos\\\/61565672886568\\\/\",\"https:\\\/\\\/x.com\\\/LosPoliticosVer\"]},{\"@type\":\"Person\",\"@id\":\"https:\\\/\\\/lospoliticosveracruz.com\\\/#\\\/schema\\\/person\\\/b8702bb0e538456e6efd07080bf2a4a2\",\"name\":\"Lo viste en Los Pol\u00edticos\",\"image\":{\"@type\":\"ImageObject\",\"inLanguage\":\"es\",\"@id\":\"https:\\\/\\\/secure.gravatar.com\\\/avatar\\\/3a8de04a2656d44082be478bd6c086daa447c4651605818287b9532d3d0bd435?s=96&d=mm&r=g\",\"url\":\"https:\\\/\\\/secure.gravatar.com\\\/avatar\\\/3a8de04a2656d44082be478bd6c086daa447c4651605818287b9532d3d0bd435?s=96&d=mm&r=g\",\"contentUrl\":\"https:\\\/\\\/secure.gravatar.com\\\/avatar\\\/3a8de04a2656d44082be478bd6c086daa447c4651605818287b9532d3d0bd435?s=96&d=mm&r=g\",\"caption\":\"Lo viste en Los Pol\u00edticos\"},\"url\":\"https:\\\/\\\/lospoliticosveracruz.com\\\/?author=2\"}]}<\/script>\n<!-- \/ Yoast SEO plugin. -->","yoast_head_json":{"title":"H\u00c9CTOR YUNES Y SU VERSI\u00d3N DEL 2016 - Los pol\u00edticos Veracruz","robots":{"index":"index","follow":"follow","max-snippet":"max-snippet:-1","max-image-preview":"max-image-preview:large","max-video-preview":"max-video-preview:-1"},"canonical":"https:\/\/lospoliticosveracruz.com\/?p=95152","og_locale":"es_ES","og_type":"article","og_title":"H\u00c9CTOR YUNES Y SU VERSI\u00d3N DEL 2016 - Los pol\u00edticos Veracruz","og_description":"Bernardo Guti\u00e9rrez Parra&nbsp; Desde el Caf\u00e9&nbsp; En 2015 H\u00e9ctor Yunes Landa ten\u00eda todo para ganar la gubernatura que se disputar\u00eda un a\u00f1o despu\u00e9s; era el m\u00e1s conocido de precandidatos, el m\u00e1s carism\u00e1tico y el m\u00e1s popular. Una de sus ventajas era que conoc\u00eda como pocos los problemas de cada municipio y la manera de resolverlos. [&hellip;]","og_url":"https:\/\/lospoliticosveracruz.com\/?p=95152","og_site_name":"Los pol\u00edticos Veracruz","article_publisher":"https:\/\/www.facebook.com\/people\/Notimemes-de-los-Polticos\/61565672886568\/","article_published_time":"2022-09-08T12:24:33+00:00","article_modified_time":"2022-09-08T13:35:42+00:00","og_image":[{"url":"https:\/\/lospoliticosveracruz.com.mx\/wp-content\/uploads\/2021\/10\/WhatsApp-Image-2021-10-02-at-15.20.25-212x300.jpeg","type":"","width":"","height":""}],"author":"Lo viste en Los Pol\u00edticos","twitter_card":"summary_large_image","twitter_creator":"@LosPoliticosVer","twitter_site":"@LosPoliticosVer","twitter_misc":{"Escrito por":"Lo viste en Los Pol\u00edticos","Tiempo de lectura":"6 minutos"},"schema":{"@context":"https:\/\/schema.org","@graph":[{"@type":"Article","@id":"https:\/\/lospoliticosveracruz.com\/?p=95152#article","isPartOf":{"@id":"https:\/\/lospoliticosveracruz.com\/?p=95152"},"author":{"name":"Lo viste en Los Pol\u00edticos","@id":"https:\/\/lospoliticosveracruz.com\/#\/schema\/person\/b8702bb0e538456e6efd07080bf2a4a2"},"headline":"H\u00c9CTOR YUNES Y SU VERSI\u00d3N DEL 2016","datePublished":"2022-09-08T12:24:33+00:00","dateModified":"2022-09-08T13:35:42+00:00","mainEntityOfPage":{"@id":"https:\/\/lospoliticosveracruz.com\/?p=95152"},"wordCount":1151,"publisher":{"@id":"https:\/\/lospoliticosveracruz.com\/#organization"},"image":{"@id":"https:\/\/lospoliticosveracruz.com\/?p=95152#primaryimage"},"thumbnailUrl":"https:\/\/lospoliticosveracruz.com.mx\/wp-content\/uploads\/2021\/10\/WhatsApp-Image-2021-10-02-at-15.20.25-212x300.jpeg","keywords":["Bernardo Guti\u00e9rrez Parra","Grupo de los 10","H\u00e9ctor Yunes Landa","Javier Duarte de Ochoa","Jos\u00e9 Yunes Zorrilla","PRI"],"articleSection":["De Opini\u00f3n"],"inLanguage":"es"},{"@type":"WebPage","@id":"https:\/\/lospoliticosveracruz.com\/?p=95152","url":"https:\/\/lospoliticosveracruz.com\/?p=95152","name":"H\u00c9CTOR YUNES Y SU VERSI\u00d3N DEL 2016 - Los pol\u00edticos Veracruz","isPartOf":{"@id":"https:\/\/lospoliticosveracruz.com\/#website"},"primaryImageOfPage":{"@id":"https:\/\/lospoliticosveracruz.com\/?p=95152#primaryimage"},"image":{"@id":"https:\/\/lospoliticosveracruz.com\/?p=95152#primaryimage"},"thumbnailUrl":"https:\/\/lospoliticosveracruz.com.mx\/wp-content\/uploads\/2021\/10\/WhatsApp-Image-2021-10-02-at-15.20.25-212x300.jpeg","datePublished":"2022-09-08T12:24:33+00:00","dateModified":"2022-09-08T13:35:42+00:00","breadcrumb":{"@id":"https:\/\/lospoliticosveracruz.com\/?p=95152#breadcrumb"},"inLanguage":"es","potentialAction":[{"@type":"ReadAction","target":["https:\/\/lospoliticosveracruz.com\/?p=95152"]}]},{"@type":"ImageObject","inLanguage":"es","@id":"https:\/\/lospoliticosveracruz.com\/?p=95152#primaryimage","url":"https:\/\/lospoliticosveracruz.com.mx\/wp-content\/uploads\/2021\/10\/WhatsApp-Image-2021-10-02-at-15.20.25-212x300.jpeg","contentUrl":"https:\/\/lospoliticosveracruz.com.mx\/wp-content\/uploads\/2021\/10\/WhatsApp-Image-2021-10-02-at-15.20.25-212x300.jpeg"},{"@type":"BreadcrumbList","@id":"https:\/\/lospoliticosveracruz.com\/?p=95152#breadcrumb","itemListElement":[{"@type":"ListItem","position":1,"name":"Portada","item":"https:\/\/lospoliticosveracruz.com\/"},{"@type":"ListItem","position":2,"name":"H\u00c9CTOR YUNES Y SU VERSI\u00d3N DEL 2016"}]},{"@type":"WebSite","@id":"https:\/\/lospoliticosveracruz.com\/#website","url":"https:\/\/lospoliticosveracruz.com\/","name":"Los pol\u00edticos Veracruz","description":"","publisher":{"@id":"https:\/\/lospoliticosveracruz.com\/#organization"},"potentialAction":[{"@type":"SearchAction","target":{"@type":"EntryPoint","urlTemplate":"https:\/\/lospoliticosveracruz.com\/?s={search_term_string}"},"query-input":{"@type":"PropertyValueSpecification","valueRequired":true,"valueName":"search_term_string"}}],"inLanguage":"es"},{"@type":"Organization","@id":"https:\/\/lospoliticosveracruz.com\/#organization","name":"Los pol\u00edticos Veracruz","url":"https:\/\/lospoliticosveracruz.com\/","logo":{"@type":"ImageObject","inLanguage":"es","@id":"https:\/\/lospoliticosveracruz.com\/#\/schema\/logo\/image\/","url":"https:\/\/lospoliticosveracruz.com\/wp-content\/uploads\/2025\/12\/Logo-Nuevo-LOS-POLITICOS-1.jpg","contentUrl":"https:\/\/lospoliticosveracruz.com\/wp-content\/uploads\/2025\/12\/Logo-Nuevo-LOS-POLITICOS-1.jpg","width":260,"height":70,"caption":"Los pol\u00edticos Veracruz"},"image":{"@id":"https:\/\/lospoliticosveracruz.com\/#\/schema\/logo\/image\/"},"sameAs":["https:\/\/www.facebook.com\/people\/Notimemes-de-los-Polticos\/61565672886568\/","https:\/\/x.com\/LosPoliticosVer"]},{"@type":"Person","@id":"https:\/\/lospoliticosveracruz.com\/#\/schema\/person\/b8702bb0e538456e6efd07080bf2a4a2","name":"Lo viste en Los Pol\u00edticos","image":{"@type":"ImageObject","inLanguage":"es","@id":"https:\/\/secure.gravatar.com\/avatar\/3a8de04a2656d44082be478bd6c086daa447c4651605818287b9532d3d0bd435?s=96&d=mm&r=g","url":"https:\/\/secure.gravatar.com\/avatar\/3a8de04a2656d44082be478bd6c086daa447c4651605818287b9532d3d0bd435?s=96&d=mm&r=g","contentUrl":"https:\/\/secure.gravatar.com\/avatar\/3a8de04a2656d44082be478bd6c086daa447c4651605818287b9532d3d0bd435?s=96&d=mm&r=g","caption":"Lo viste en Los Pol\u00edticos"},"url":"https:\/\/lospoliticosveracruz.com\/?author=2"}]}},"_links":{"self":[{"href":"https:\/\/lospoliticosveracruz.com\/index.php?rest_route=\/wp\/v2\/posts\/95152","targetHints":{"allow":["GET"]}}],"collection":[{"href":"https:\/\/lospoliticosveracruz.com\/index.php?rest_route=\/wp\/v2\/posts"}],"about":[{"href":"https:\/\/lospoliticosveracruz.com\/index.php?rest_route=\/wp\/v2\/types\/post"}],"author":[{"embeddable":true,"href":"https:\/\/lospoliticosveracruz.com\/index.php?rest_route=\/wp\/v2\/users\/2"}],"replies":[{"embeddable":true,"href":"https:\/\/lospoliticosveracruz.com\/index.php?rest_route=%2Fwp%2Fv2%2Fcomments&post=95152"}],"version-history":[{"count":2,"href":"https:\/\/lospoliticosveracruz.com\/index.php?rest_route=\/wp\/v2\/posts\/95152\/revisions"}],"predecessor-version":[{"id":95159,"href":"https:\/\/lospoliticosveracruz.com\/index.php?rest_route=\/wp\/v2\/posts\/95152\/revisions\/95159"}],"wp:attachment":[{"href":"https:\/\/lospoliticosveracruz.com\/index.php?rest_route=%2Fwp%2Fv2%2Fmedia&parent=95152"}],"wp:term":[{"taxonomy":"category","embeddable":true,"href":"https:\/\/lospoliticosveracruz.com\/index.php?rest_route=%2Fwp%2Fv2%2Fcategories&post=95152"},{"taxonomy":"post_tag","embeddable":true,"href":"https:\/\/lospoliticosveracruz.com\/index.php?rest_route=%2Fwp%2Fv2%2Ftags&post=95152"}],"curies":[{"name":"wp","href":"https:\/\/api.w.org\/{rel}","templated":true}]}}