{"id":95160,"date":"2022-09-08T08:37:55","date_gmt":"2022-09-08T13:37:55","guid":{"rendered":"https:\/\/lospoliticosveracruz.com.mx\/?p=95160"},"modified":"2022-09-08T08:38:00","modified_gmt":"2022-09-08T13:38:00","slug":"el-rey-desnudo-y-los-cocodrilos-vuelan","status":"publish","type":"post","link":"https:\/\/lospoliticosveracruz.com\/?p=95160","title":{"rendered":"EL REY DESNUDO y LOS COCODRILOS VUELAN"},"content":{"rendered":"\n<p><strong>Uriel Flores Aguayo<\/strong><\/p>\n\n\n\n<p>Algunas de las grandes interrogantes de nuestra historia tienen que ver con las preguntas que todo el mundo se hace sobre las circunstancias y la actitud de la gente que vivi\u00f3 las guerras mundiales, sobre todo la segunda, el holocausto nazi, la revoluci\u00f3n cultural de Mao y el terror de Stalin en la URSS. C\u00f3mo pudo ocurrir eso y contar con el apoyo de la mayor\u00eda, en su momento, de sus sociedades. Desde luego que es complejo dilucidar las causas de procesos de opresi\u00f3n y crimen. <\/p>\n\n\n\n<figure class=\"wp-block-image size-full\"><a href=\"https:\/\/lospoliticosveracruz.com.mx\/wp-content\/uploads\/2022\/05\/Seguro-Julio-Cerecedo.jpg\"><img decoding=\"async\" src=\"https:\/\/lospoliticosveracruz.com.mx\/wp-content\/uploads\/2022\/05\/Seguro-Julio-Cerecedo.jpg\" alt=\"\" class=\"wp-image-90414\"\/><\/a><\/figure>\n\n\n\n<p>No es sencillo entender el comportamiento, incluso entusiasta, de quienes respaldaron al fascismo y al comunismo, con su estela de hambre y muerte que signific\u00f3. Algo tuvo que ver la implantaci\u00f3n popular de ciertas ideas que, por aberrantes que fueran, lograron ser adoptadas por la mayor\u00eda del pueblo; algo m\u00e1s influy\u00f3 la propaganda y la demagogia; en esa l\u00ednea destaca la masificaci\u00f3n o colectivizaci\u00f3n de la sociedad, por llamarlo de alguna manera; tambi\u00e9n fue clave la conducci\u00f3n de l\u00edderes carism\u00e1ticos y mesi\u00e1nicos o provid\u00e9nciales. En general hubo circunstancias sociales, pol\u00edticas y econ\u00f3micas que dieron como resultado liderazgos y movimientos totalitarios. La gran Hannah Arendt, en su cobertura de los juicios de Nuremberg, elabor\u00f3 una tesis universal para explicar la conducta de los peores criminales que estaban siendo juzgados. Ella habl\u00f3 de la levedad del mal, esa actitud evasiva, aparentemente normal, hasta burocr\u00e1tica que se escudaba en haber recibido ordenes para activar los hornos donde cremaban a millones de personas por ser de otra religi\u00f3n o tener alguna conducta que el purismo racial y fascista no toleraba. Dice el dicho mexicano: \u201ctanto mata la vaca el que la mata como el que le agarra la pata\u201c. Hubo responsables directos pero tambi\u00e9n los hubo indirectos, ya sea por ser parte activa o por guardar silencio; al final todos fueron c\u00f3mplices de los actos m\u00e1s inhumanos de que tengamos memoria.<\/p>\n\n\n\n<p>Invoco esas interrogantes para trasladarlas a nuestro momento actual. El presidente AMLO impulsa una clara y peligrosa militarizaci\u00f3n de M\u00e9xico, incluso violando la constituci\u00f3n. Recientemente le aprobaron en la C\u00e1mara de Diputados reformas legales para que la Guardia Nacional sea parte formal de la SEDENA. Eso es violatorio de la constituci\u00f3n y se constituye en la cima de la militarizaci\u00f3n de nuestro pa\u00eds. Es de obviedad. Menos para la clase pol\u00edtica en el poder y sus intelectuales org\u00e1nicos. Hace poco ellos desplegaban intensas campa\u00f1as para oponerse a la militarizaci\u00f3n de Felipe Calder\u00f3n. Estando en el poder cambiaron de opini\u00f3n. Queda la duda si lo hacen por convicci\u00f3n o por seguidismo. El caso es que hacen lo mismo de lo que criticaban. En eso y en todo, hasta lo m\u00e1s absurdo, se comportan a nivel zombi, justificando todo con verborrea e insultos a la inteligencia. Guardando las proporciones en algo que es de nivel nacional y peque\u00f1o en comparaci\u00f3n con heridas tan profundas a la humanidad como el holocausto y los desplazamientos forzados en la URSS, los resortes e identidades de sectores de la poblaci\u00f3n en nuestro pa\u00eds tienen relativa similitud. Esta izquierda curiosa que est\u00e1 en el poder, si se puede llamar as\u00ed, es pr\u00f3diga en contradicciones, incoherencias y adhesi\u00f3n fan\u00e1tica u oportunista a todo lo que indique el Presidente; son militantes del seguidismo y la idolatr\u00eda, no de ideas ni causas. Viendo sus s\u00fabitos cambios de posici\u00f3n pol\u00edtica hasta la irracionalidad uno puede entender las razones que dan base a las adhesiones sociales y de ciertos liderazgos a lo que sea que haga el poder; hasta la ignominia.<\/p>\n\n\n\n<p>Creo que el \u00fanico camino de la ciudadan\u00eda es apelar a la raz\u00f3n, depender de si mismos, ejercer sus libertades y defender la democracia. Cerrar tajantemente cualquier posibilidad de que volvamos a vivir la levedad del mal.<\/p>\n\n\n\n<p>Recadito: las necesarias obras en las calles de Xalapa, requieren un comando que coordine todo cotidianamente.<br>Ufa.1959@gmail.com<\/p>\n","protected":false},"excerpt":{"rendered":"<p>Uriel Flores Aguayo Algunas de las grandes interrogantes de nuestra historia tienen que ver con las preguntas que todo el mundo se hace sobre las circunstancias y la actitud de la gente que vivi\u00f3 las guerras mundiales, sobre todo la segunda, el holocausto nazi, la revoluci\u00f3n cultural de Mao y el terror de Stalin en [&hellip;]<\/p>\n","protected":false},"author":2,"featured_media":0,"comment_status":"closed","ping_status":"closed","sticky":false,"template":"","format":"standard","meta":{"tdm_status":"","tdm_grid_status":"","footnotes":""},"categories":[70],"tags":[618,35021,1026,761,2552],"class_list":{"0":"post-95160","1":"post","2":"type-post","3":"status-publish","4":"format-standard","6":"category-de-opinion","7":"tag-andres-manuel-lopez-obrador","8":"tag-militarizacion-de-mexico","9":"tag-morena","10":"tag-sedena","11":"tag-uriel-flores-aguayo"},"yoast_head":"<!-- This site is optimized with the Yoast SEO plugin v27.4 - https:\/\/yoast.com\/product\/yoast-seo-wordpress\/ -->\n<title>EL REY DESNUDO y LOS COCODRILOS VUELAN - Los pol\u00edticos Veracruz<\/title>\n<meta name=\"robots\" content=\"index, follow, max-snippet:-1, max-image-preview:large, max-video-preview:-1\" \/>\n<link rel=\"canonical\" href=\"https:\/\/lospoliticosveracruz.com\/?p=95160\" \/>\n<meta property=\"og:locale\" content=\"es_ES\" \/>\n<meta property=\"og:type\" content=\"article\" \/>\n<meta property=\"og:title\" content=\"EL REY DESNUDO y LOS COCODRILOS VUELAN - Los pol\u00edticos Veracruz\" \/>\n<meta property=\"og:description\" content=\"Uriel Flores Aguayo Algunas de las grandes interrogantes de nuestra historia tienen que ver con las preguntas que todo el mundo se hace sobre las circunstancias y la actitud de la gente que vivi\u00f3 las guerras mundiales, sobre todo la segunda, el holocausto nazi, la revoluci\u00f3n cultural de Mao y el terror de Stalin en [&hellip;]\" \/>\n<meta property=\"og:url\" content=\"https:\/\/lospoliticosveracruz.com\/?p=95160\" \/>\n<meta property=\"og:site_name\" content=\"Los pol\u00edticos Veracruz\" \/>\n<meta property=\"article:publisher\" content=\"https:\/\/www.facebook.com\/people\/Notimemes-de-los-Polticos\/61565672886568\/\" \/>\n<meta property=\"article:published_time\" content=\"2022-09-08T13:37:55+00:00\" \/>\n<meta property=\"article:modified_time\" content=\"2022-09-08T13:38:00+00:00\" \/>\n<meta property=\"og:image\" content=\"https:\/\/lospoliticosveracruz.com.mx\/wp-content\/uploads\/2022\/05\/Seguro-Julio-Cerecedo.jpg\" \/>\n<meta name=\"author\" content=\"Lo viste en Los Pol\u00edticos\" \/>\n<meta name=\"twitter:card\" content=\"summary_large_image\" \/>\n<meta name=\"twitter:creator\" content=\"@LosPoliticosVer\" \/>\n<meta name=\"twitter:site\" content=\"@LosPoliticosVer\" \/>\n<meta name=\"twitter:label1\" content=\"Escrito por\" \/>\n\t<meta name=\"twitter:data1\" content=\"Lo viste en Los Pol\u00edticos\" \/>\n\t<meta name=\"twitter:label2\" content=\"Tiempo de lectura\" \/>\n\t<meta name=\"twitter:data2\" content=\"3 minutos\" \/>\n<script type=\"application\/ld+json\" class=\"yoast-schema-graph\">{\"@context\":\"https:\\\/\\\/schema.org\",\"@graph\":[{\"@type\":\"Article\",\"@id\":\"https:\\\/\\\/lospoliticosveracruz.com\\\/?p=95160#article\",\"isPartOf\":{\"@id\":\"https:\\\/\\\/lospoliticosveracruz.com\\\/?p=95160\"},\"author\":{\"name\":\"Lo viste en Los Pol\u00edticos\",\"@id\":\"https:\\\/\\\/lospoliticosveracruz.com\\\/#\\\/schema\\\/person\\\/b8702bb0e538456e6efd07080bf2a4a2\"},\"headline\":\"EL REY DESNUDO y LOS COCODRILOS VUELAN\",\"datePublished\":\"2022-09-08T13:37:55+00:00\",\"dateModified\":\"2022-09-08T13:38:00+00:00\",\"mainEntityOfPage\":{\"@id\":\"https:\\\/\\\/lospoliticosveracruz.com\\\/?p=95160\"},\"wordCount\":699,\"publisher\":{\"@id\":\"https:\\\/\\\/lospoliticosveracruz.com\\\/#organization\"},\"image\":{\"@id\":\"https:\\\/\\\/lospoliticosveracruz.com\\\/?p=95160#primaryimage\"},\"thumbnailUrl\":\"https:\\\/\\\/lospoliticosveracruz.com.mx\\\/wp-content\\\/uploads\\\/2022\\\/05\\\/Seguro-Julio-Cerecedo.jpg\",\"keywords\":[\"Andr\u00e9s Manuel L\u00f3pez Obrador\",\"militarizaci\u00f3n de M\u00e9xico\",\"Morena\",\"Sedena\",\"Uriel Flores Aguayo\"],\"articleSection\":[\"De Opini\u00f3n\"],\"inLanguage\":\"es\"},{\"@type\":\"WebPage\",\"@id\":\"https:\\\/\\\/lospoliticosveracruz.com\\\/?p=95160\",\"url\":\"https:\\\/\\\/lospoliticosveracruz.com\\\/?p=95160\",\"name\":\"EL REY DESNUDO y LOS COCODRILOS VUELAN - Los pol\u00edticos Veracruz\",\"isPartOf\":{\"@id\":\"https:\\\/\\\/lospoliticosveracruz.com\\\/#website\"},\"primaryImageOfPage\":{\"@id\":\"https:\\\/\\\/lospoliticosveracruz.com\\\/?p=95160#primaryimage\"},\"image\":{\"@id\":\"https:\\\/\\\/lospoliticosveracruz.com\\\/?p=95160#primaryimage\"},\"thumbnailUrl\":\"https:\\\/\\\/lospoliticosveracruz.com.mx\\\/wp-content\\\/uploads\\\/2022\\\/05\\\/Seguro-Julio-Cerecedo.jpg\",\"datePublished\":\"2022-09-08T13:37:55+00:00\",\"dateModified\":\"2022-09-08T13:38:00+00:00\",\"breadcrumb\":{\"@id\":\"https:\\\/\\\/lospoliticosveracruz.com\\\/?p=95160#breadcrumb\"},\"inLanguage\":\"es\",\"potentialAction\":[{\"@type\":\"ReadAction\",\"target\":[\"https:\\\/\\\/lospoliticosveracruz.com\\\/?p=95160\"]}]},{\"@type\":\"ImageObject\",\"inLanguage\":\"es\",\"@id\":\"https:\\\/\\\/lospoliticosveracruz.com\\\/?p=95160#primaryimage\",\"url\":\"https:\\\/\\\/lospoliticosveracruz.com.mx\\\/wp-content\\\/uploads\\\/2022\\\/05\\\/Seguro-Julio-Cerecedo.jpg\",\"contentUrl\":\"https:\\\/\\\/lospoliticosveracruz.com.mx\\\/wp-content\\\/uploads\\\/2022\\\/05\\\/Seguro-Julio-Cerecedo.jpg\"},{\"@type\":\"BreadcrumbList\",\"@id\":\"https:\\\/\\\/lospoliticosveracruz.com\\\/?p=95160#breadcrumb\",\"itemListElement\":[{\"@type\":\"ListItem\",\"position\":1,\"name\":\"Portada\",\"item\":\"https:\\\/\\\/lospoliticosveracruz.com\\\/\"},{\"@type\":\"ListItem\",\"position\":2,\"name\":\"EL REY DESNUDO y LOS COCODRILOS VUELAN\"}]},{\"@type\":\"WebSite\",\"@id\":\"https:\\\/\\\/lospoliticosveracruz.com\\\/#website\",\"url\":\"https:\\\/\\\/lospoliticosveracruz.com\\\/\",\"name\":\"Los pol\u00edticos Veracruz\",\"description\":\"\",\"publisher\":{\"@id\":\"https:\\\/\\\/lospoliticosveracruz.com\\\/#organization\"},\"potentialAction\":[{\"@type\":\"SearchAction\",\"target\":{\"@type\":\"EntryPoint\",\"urlTemplate\":\"https:\\\/\\\/lospoliticosveracruz.com\\\/?s={search_term_string}\"},\"query-input\":{\"@type\":\"PropertyValueSpecification\",\"valueRequired\":true,\"valueName\":\"search_term_string\"}}],\"inLanguage\":\"es\"},{\"@type\":\"Organization\",\"@id\":\"https:\\\/\\\/lospoliticosveracruz.com\\\/#organization\",\"name\":\"Los pol\u00edticos Veracruz\",\"url\":\"https:\\\/\\\/lospoliticosveracruz.com\\\/\",\"logo\":{\"@type\":\"ImageObject\",\"inLanguage\":\"es\",\"@id\":\"https:\\\/\\\/lospoliticosveracruz.com\\\/#\\\/schema\\\/logo\\\/image\\\/\",\"url\":\"https:\\\/\\\/lospoliticosveracruz.com\\\/wp-content\\\/uploads\\\/2025\\\/12\\\/Logo-Nuevo-LOS-POLITICOS-1.jpg\",\"contentUrl\":\"https:\\\/\\\/lospoliticosveracruz.com\\\/wp-content\\\/uploads\\\/2025\\\/12\\\/Logo-Nuevo-LOS-POLITICOS-1.jpg\",\"width\":260,\"height\":70,\"caption\":\"Los pol\u00edticos Veracruz\"},\"image\":{\"@id\":\"https:\\\/\\\/lospoliticosveracruz.com\\\/#\\\/schema\\\/logo\\\/image\\\/\"},\"sameAs\":[\"https:\\\/\\\/www.facebook.com\\\/people\\\/Notimemes-de-los-Polticos\\\/61565672886568\\\/\",\"https:\\\/\\\/x.com\\\/LosPoliticosVer\"]},{\"@type\":\"Person\",\"@id\":\"https:\\\/\\\/lospoliticosveracruz.com\\\/#\\\/schema\\\/person\\\/b8702bb0e538456e6efd07080bf2a4a2\",\"name\":\"Lo viste en Los Pol\u00edticos\",\"image\":{\"@type\":\"ImageObject\",\"inLanguage\":\"es\",\"@id\":\"https:\\\/\\\/secure.gravatar.com\\\/avatar\\\/3a8de04a2656d44082be478bd6c086daa447c4651605818287b9532d3d0bd435?s=96&d=mm&r=g\",\"url\":\"https:\\\/\\\/secure.gravatar.com\\\/avatar\\\/3a8de04a2656d44082be478bd6c086daa447c4651605818287b9532d3d0bd435?s=96&d=mm&r=g\",\"contentUrl\":\"https:\\\/\\\/secure.gravatar.com\\\/avatar\\\/3a8de04a2656d44082be478bd6c086daa447c4651605818287b9532d3d0bd435?s=96&d=mm&r=g\",\"caption\":\"Lo viste en Los Pol\u00edticos\"},\"url\":\"https:\\\/\\\/lospoliticosveracruz.com\\\/?author=2\"}]}<\/script>\n<!-- \/ Yoast SEO plugin. -->","yoast_head_json":{"title":"EL REY DESNUDO y LOS COCODRILOS VUELAN - Los pol\u00edticos Veracruz","robots":{"index":"index","follow":"follow","max-snippet":"max-snippet:-1","max-image-preview":"max-image-preview:large","max-video-preview":"max-video-preview:-1"},"canonical":"https:\/\/lospoliticosveracruz.com\/?p=95160","og_locale":"es_ES","og_type":"article","og_title":"EL REY DESNUDO y LOS COCODRILOS VUELAN - Los pol\u00edticos Veracruz","og_description":"Uriel Flores Aguayo Algunas de las grandes interrogantes de nuestra historia tienen que ver con las preguntas que todo el mundo se hace sobre las circunstancias y la actitud de la gente que vivi\u00f3 las guerras mundiales, sobre todo la segunda, el holocausto nazi, la revoluci\u00f3n cultural de Mao y el terror de Stalin en [&hellip;]","og_url":"https:\/\/lospoliticosveracruz.com\/?p=95160","og_site_name":"Los pol\u00edticos Veracruz","article_publisher":"https:\/\/www.facebook.com\/people\/Notimemes-de-los-Polticos\/61565672886568\/","article_published_time":"2022-09-08T13:37:55+00:00","article_modified_time":"2022-09-08T13:38:00+00:00","og_image":[{"url":"https:\/\/lospoliticosveracruz.com.mx\/wp-content\/uploads\/2022\/05\/Seguro-Julio-Cerecedo.jpg","type":"","width":"","height":""}],"author":"Lo viste en Los Pol\u00edticos","twitter_card":"summary_large_image","twitter_creator":"@LosPoliticosVer","twitter_site":"@LosPoliticosVer","twitter_misc":{"Escrito por":"Lo viste en Los Pol\u00edticos","Tiempo de lectura":"3 minutos"},"schema":{"@context":"https:\/\/schema.org","@graph":[{"@type":"Article","@id":"https:\/\/lospoliticosveracruz.com\/?p=95160#article","isPartOf":{"@id":"https:\/\/lospoliticosveracruz.com\/?p=95160"},"author":{"name":"Lo viste en Los Pol\u00edticos","@id":"https:\/\/lospoliticosveracruz.com\/#\/schema\/person\/b8702bb0e538456e6efd07080bf2a4a2"},"headline":"EL REY DESNUDO y LOS COCODRILOS VUELAN","datePublished":"2022-09-08T13:37:55+00:00","dateModified":"2022-09-08T13:38:00+00:00","mainEntityOfPage":{"@id":"https:\/\/lospoliticosveracruz.com\/?p=95160"},"wordCount":699,"publisher":{"@id":"https:\/\/lospoliticosveracruz.com\/#organization"},"image":{"@id":"https:\/\/lospoliticosveracruz.com\/?p=95160#primaryimage"},"thumbnailUrl":"https:\/\/lospoliticosveracruz.com.mx\/wp-content\/uploads\/2022\/05\/Seguro-Julio-Cerecedo.jpg","keywords":["Andr\u00e9s Manuel L\u00f3pez Obrador","militarizaci\u00f3n de M\u00e9xico","Morena","Sedena","Uriel Flores Aguayo"],"articleSection":["De Opini\u00f3n"],"inLanguage":"es"},{"@type":"WebPage","@id":"https:\/\/lospoliticosveracruz.com\/?p=95160","url":"https:\/\/lospoliticosveracruz.com\/?p=95160","name":"EL REY DESNUDO y LOS COCODRILOS VUELAN - Los pol\u00edticos Veracruz","isPartOf":{"@id":"https:\/\/lospoliticosveracruz.com\/#website"},"primaryImageOfPage":{"@id":"https:\/\/lospoliticosveracruz.com\/?p=95160#primaryimage"},"image":{"@id":"https:\/\/lospoliticosveracruz.com\/?p=95160#primaryimage"},"thumbnailUrl":"https:\/\/lospoliticosveracruz.com.mx\/wp-content\/uploads\/2022\/05\/Seguro-Julio-Cerecedo.jpg","datePublished":"2022-09-08T13:37:55+00:00","dateModified":"2022-09-08T13:38:00+00:00","breadcrumb":{"@id":"https:\/\/lospoliticosveracruz.com\/?p=95160#breadcrumb"},"inLanguage":"es","potentialAction":[{"@type":"ReadAction","target":["https:\/\/lospoliticosveracruz.com\/?p=95160"]}]},{"@type":"ImageObject","inLanguage":"es","@id":"https:\/\/lospoliticosveracruz.com\/?p=95160#primaryimage","url":"https:\/\/lospoliticosveracruz.com.mx\/wp-content\/uploads\/2022\/05\/Seguro-Julio-Cerecedo.jpg","contentUrl":"https:\/\/lospoliticosveracruz.com.mx\/wp-content\/uploads\/2022\/05\/Seguro-Julio-Cerecedo.jpg"},{"@type":"BreadcrumbList","@id":"https:\/\/lospoliticosveracruz.com\/?p=95160#breadcrumb","itemListElement":[{"@type":"ListItem","position":1,"name":"Portada","item":"https:\/\/lospoliticosveracruz.com\/"},{"@type":"ListItem","position":2,"name":"EL REY DESNUDO y LOS COCODRILOS VUELAN"}]},{"@type":"WebSite","@id":"https:\/\/lospoliticosveracruz.com\/#website","url":"https:\/\/lospoliticosveracruz.com\/","name":"Los pol\u00edticos Veracruz","description":"","publisher":{"@id":"https:\/\/lospoliticosveracruz.com\/#organization"},"potentialAction":[{"@type":"SearchAction","target":{"@type":"EntryPoint","urlTemplate":"https:\/\/lospoliticosveracruz.com\/?s={search_term_string}"},"query-input":{"@type":"PropertyValueSpecification","valueRequired":true,"valueName":"search_term_string"}}],"inLanguage":"es"},{"@type":"Organization","@id":"https:\/\/lospoliticosveracruz.com\/#organization","name":"Los pol\u00edticos Veracruz","url":"https:\/\/lospoliticosveracruz.com\/","logo":{"@type":"ImageObject","inLanguage":"es","@id":"https:\/\/lospoliticosveracruz.com\/#\/schema\/logo\/image\/","url":"https:\/\/lospoliticosveracruz.com\/wp-content\/uploads\/2025\/12\/Logo-Nuevo-LOS-POLITICOS-1.jpg","contentUrl":"https:\/\/lospoliticosveracruz.com\/wp-content\/uploads\/2025\/12\/Logo-Nuevo-LOS-POLITICOS-1.jpg","width":260,"height":70,"caption":"Los pol\u00edticos Veracruz"},"image":{"@id":"https:\/\/lospoliticosveracruz.com\/#\/schema\/logo\/image\/"},"sameAs":["https:\/\/www.facebook.com\/people\/Notimemes-de-los-Polticos\/61565672886568\/","https:\/\/x.com\/LosPoliticosVer"]},{"@type":"Person","@id":"https:\/\/lospoliticosveracruz.com\/#\/schema\/person\/b8702bb0e538456e6efd07080bf2a4a2","name":"Lo viste en Los Pol\u00edticos","image":{"@type":"ImageObject","inLanguage":"es","@id":"https:\/\/secure.gravatar.com\/avatar\/3a8de04a2656d44082be478bd6c086daa447c4651605818287b9532d3d0bd435?s=96&d=mm&r=g","url":"https:\/\/secure.gravatar.com\/avatar\/3a8de04a2656d44082be478bd6c086daa447c4651605818287b9532d3d0bd435?s=96&d=mm&r=g","contentUrl":"https:\/\/secure.gravatar.com\/avatar\/3a8de04a2656d44082be478bd6c086daa447c4651605818287b9532d3d0bd435?s=96&d=mm&r=g","caption":"Lo viste en Los Pol\u00edticos"},"url":"https:\/\/lospoliticosveracruz.com\/?author=2"}]}},"_links":{"self":[{"href":"https:\/\/lospoliticosveracruz.com\/index.php?rest_route=\/wp\/v2\/posts\/95160","targetHints":{"allow":["GET"]}}],"collection":[{"href":"https:\/\/lospoliticosveracruz.com\/index.php?rest_route=\/wp\/v2\/posts"}],"about":[{"href":"https:\/\/lospoliticosveracruz.com\/index.php?rest_route=\/wp\/v2\/types\/post"}],"author":[{"embeddable":true,"href":"https:\/\/lospoliticosveracruz.com\/index.php?rest_route=\/wp\/v2\/users\/2"}],"replies":[{"embeddable":true,"href":"https:\/\/lospoliticosveracruz.com\/index.php?rest_route=%2Fwp%2Fv2%2Fcomments&post=95160"}],"version-history":[{"count":2,"href":"https:\/\/lospoliticosveracruz.com\/index.php?rest_route=\/wp\/v2\/posts\/95160\/revisions"}],"predecessor-version":[{"id":95162,"href":"https:\/\/lospoliticosveracruz.com\/index.php?rest_route=\/wp\/v2\/posts\/95160\/revisions\/95162"}],"wp:attachment":[{"href":"https:\/\/lospoliticosveracruz.com\/index.php?rest_route=%2Fwp%2Fv2%2Fmedia&parent=95160"}],"wp:term":[{"taxonomy":"category","embeddable":true,"href":"https:\/\/lospoliticosveracruz.com\/index.php?rest_route=%2Fwp%2Fv2%2Fcategories&post=95160"},{"taxonomy":"post_tag","embeddable":true,"href":"https:\/\/lospoliticosveracruz.com\/index.php?rest_route=%2Fwp%2Fv2%2Ftags&post=95160"}],"curies":[{"name":"wp","href":"https:\/\/api.w.org\/{rel}","templated":true}]}}