{"id":95165,"date":"2022-09-08T11:02:09","date_gmt":"2022-09-08T16:02:09","guid":{"rendered":"https:\/\/lospoliticosveracruz.com.mx\/?p=95165"},"modified":"2022-09-08T11:02:16","modified_gmt":"2022-09-08T16:02:16","slug":"alicaido-priismo","status":"publish","type":"post","link":"https:\/\/lospoliticosveracruz.com\/?p=95165","title":{"rendered":"ALICA\u00cdDO PRIISMO"},"content":{"rendered":"\n<p><strong>Manolo Victorio<\/strong><\/p>\n\n\n\n<p><em>Carpe Diem<\/em><\/p>\n\n\n\n<p><\/p>\n\n\n\n<p>S\u00ed, lo doblaron. Los discursos contestatarios, empedrados, retadores, bravuconer\u00eda de cantina; no sirvieron de nada, fueron aderezos informativos, lubricante ficticio en esta crisis brutal con una inflaci\u00f3n que no viv\u00edamos hace 22 a\u00f1os.<\/p>\n\n\n<div class=\"wp-block-image\">\n<figure class=\"alignleft size-medium\"><a href=\"https:\/\/lospoliticosveracruz.com.mx\/wp-content\/uploads\/2021\/10\/Zacauilt.jpg\"><img decoding=\"async\" src=\"https:\/\/lospoliticosveracruz.com.mx\/wp-content\/uploads\/2021\/10\/Zacauilt-150x300.jpg\" alt=\"\" class=\"wp-image-80558\"\/><\/a><\/figure>\n<\/div>\n\n\n<p>Alejandro Moreno C\u00e1rdenas, arquetipo del priista ladr\u00f3n, fr\u00edvolo, irrespetuoso de la forma es fondo, cay\u00f3 para arriba.<\/p>\n\n\n\n<p>La desgracia personal convertida en victoria pol\u00edtica.<\/p>\n\n\n\n<p>En medio de la degradaci\u00f3n supina de una clase pol\u00edtica que gobern\u00f3 este pa\u00eds 70 a\u00f1os, los priistas tienen una gen\u00e9tica acomodaticia a la que llaman institucionalidad.<\/p>\n\n\n\n<p>La verticalidad emanada desde Palacio Nacional, es muy, muy parecida a la pol\u00edtica monol\u00edtica, lineal, practicada por el tricolor en siete d\u00e9cadas de poder.<\/p>\n\n\n\n<p>En pol\u00edtica no hay casualidades. Nada es fortuito. Las fotos de la primera plana del diario Reforma exhiben el entramado, el hilo de la madeja que se teji\u00f3 desde Palacio Nacional para que la Guardia Nacional patrulle las calles con soldados y marinos hasta el 2028.<\/p>\n\n\n\n<p>Primero el abrazo de Ad\u00e1n Augusto L\u00f3pez, secretario de Gobernaci\u00f3n al vilipendiado, empapelado, defenestrado y humillado dirigente nacional del PRI, Alejandro Moreno C\u00e1rdenas, con jal\u00f3n de solapa y susurro incluido.<\/p>\n\n\n\n<p>En la foto 2 que publica Reforma (Reforma, 08\/sept\/22) se observa al dos del entramado de la cuatrote, d\u00e1ndole instrucciones en corto a la diputada Yolanda de la Torre, quien propuso que soldados y marinos hagan tareas de prevenci\u00f3n del delito por nueve a\u00f1os, hasta el 2028.<\/p>\n\n\n\n<p>La impronta priista, el ADN tricolor, comprende el ejercicio de \u2018robalear\u2019 en la supervivencia partidista; nadan igual en agua salada que en agua dulce. Se mimetizan con la realidad imperante.<\/p>\n\n\n\n<p>Alejandro Moreno C\u00e1rdenas lo sabe. Sabedor que la justicia s\u00f3lo puede emanar del poderoso, no se echar\u00e1 la soga al cuello en una pelea suicida a priori con el presidente Andr\u00e9s Manuel L\u00f3pez Obrador.<\/p>\n\n\n\n<p>Alito, arquetipo de un priismo alica\u00eddo, derrotado, humillado, hincado, reducido a la nada por sus propios excesos patrimonialistas que lastiman a la poblaci\u00f3n decidi\u00f3 quemar sus naves no s\u00f3lo para salvarse a s\u00ed mismo sino tambi\u00e9n garantizar la sobrevivencia de los priistas, ahora cortesanos y cortesanas de la cuatrote.<\/p>\n\n\n\n<p>Este viraje no debe sorprender, forma parte de la praxis priista: apostarle al ganador, f\u00f3rmula l\u00f3gica y efectiva para seguir en el entramado partidista en tanto recompone los pedazos rotos de su propio naufragio.<\/p>\n\n\n\n<p>La embestida dirigida hacia los priistas con usos y costumbres priistas, \u2018pa\u00b4los bueyes del Jaral, los caballos de all\u00e1 mesmo\u2019 una gobernadora expriista, Layda Sansores dando periodicazos a Alito en \u2018Los martes del jaguar\u2019 exhibi\u00e9ndolo como corrupto, ladr\u00f3n, acumulador y trepador pol\u00edtico, forman parte de un ritual puesto en pr\u00e1ctica desde hace 70 a\u00f1os.<\/p>\n\n\n\n<p>Quien desbarat\u00f3 el axioma reyesherolista de lo que opone, fortalece, fue Andr\u00e9s L\u00f3pez Obrador quien asfixi\u00f3 al PRI hasta el borde de la extinci\u00f3n, pero acab\u00f3 por contenerlo, sumarlo, indexarlo a esta transformaci\u00f3n profunda del pa\u00eds, donde la corrupci\u00f3n s\u00f3lo es un fantasma atormentador del pasado.<\/p>\n\n\n\n<p>Ojal\u00e1 que este maridaje de facto no confunda a las huestes morenistas, al grado tal que el 2024 ya no sepan distinguir, en este daltonismo partidista, el guinda del rojo, dada la simbiosis que naci\u00f3 p\u00fablicamente con la iniciativa priista de la permanencia de la Guardia Nacional en las calles de los 2471 municipios de M\u00e9xico hasta el 2028.<\/p>\n\n\n\n<p>Despu\u00e9s de la paliza medi\u00e1tica y judicial al m\u00e1s puro estilo priista, el tonto \u00fatil prefiri\u00f3 inmolarse en la verg\u00fcenza publica entregando a los priistas en amasiato, a cambio de la impunidad personal y patrimonial.<\/p>\n\n\n\n<p>La propuesta de la diputada priista Yolanda de la Torre, m\u00e1s all\u00e1 de alegatos jurisdiccionales, legales y justicieros, tiene una l\u00f3gica de supervivencia del propio estado mexicano, cuya obligaci\u00f3n primaria es aplicar el imperio de la violencia institucionalizada en aras de garantizar seguridad a los mexicanos y mexicanas en sus personas y bienes.<\/p>\n\n\n\n<p>El jefe del Comando Norte de Estados Unidos (US Northcom), el general Glen VanHerck, estim\u00f3 que los c\u00e1rteles del crimen organizado transnacional operan en alrededor del 30 al 35 por ciento del territorio mexicano, \u00aben \u00e1reas que son con frecuencia ingobernables\u00bb, causando muchos de los problemas que est\u00e1 enfrentando la Uni\u00f3n Americana en la frontera con M\u00e9xico. (El Financiero, 18 de marzo de 2022).<\/p>\n\n\n\n<p>Es una lectura que el imperio de la violencia institucionalizada debe imponerse sobre el imperio de la violencia criminal sin m\u00e1s dilaci\u00f3n que la aprobaci\u00f3n legislativa de la sumatoria de la Guardia Nacional a la Secretar\u00eda de la Defensa Nacional.<\/p>\n\n\n\n<p>Podr\u00eda ser un atisbo de una dictadura militar disfrazada de democracia, quiz\u00e1.<\/p>\n\n\n\n<p>Sin embargo, lo m\u00e1s importante es recobrar la tranquilidad en los 2 mil 471 municipios del pa\u00eds, m\u00e1s all\u00e1 de los fracasados abrazos, es necesario, urgente, que el estado mexicano imponga su fuerza, transmita respeto por las instituciones y la legalidad.<\/p>\n\n\n\n<p>Felipe Calder\u00f3n y Enrique Pe\u00f1a Nieto no pudieron construir una Guardia Civil. Fracasaron.&nbsp;<\/p>\n\n\n\n<p>Luego entonces, este maridaje legislativo que garantice la presencia de soldados y marinos en las calles de M\u00e9xico no s\u00f3lo es bien vista por m\u00e1s de la mitad de los mexicanos, sino que es una maniobra desesperada por recuperar nuestros espacios y libertades.<\/p>\n\n\n\n<p>El PRI puede pasar, otra vez, de villano a h\u00e9roe al sumarse a la pretensi\u00f3n presidencial de consolidar la Guardia Nacional.<\/p>\n\n\n\n<p>Si en el 2028 nos sale el chirri\u00f3n por el palito, buscaremos otras opciones.<\/p>\n\n\n\n<p>\u2026 del mismo costal.<\/p>\n\n\n\n<p>Y cuando panistas y perredistas despertaron cuando les jalaron la colcha de la Guardia Nacional, se dieron cuenta que el dinosaurio se hab\u00eda ido con Morena.<\/p>\n\n\n\n<p>Chamaqueada marca ACME al contador Marko Cort\u00e9s y a Jes\u00fas Zambrano, \u2018tengan para que se entretengan\u2019 les mand\u00f3 a decir Alito en maniobra descarnada y cruda que sin embargo garantiza un halito de vida al alica\u00eddo priismo.<\/p>\n\n\n\n<p>@ManoloVictorio.<\/p>\n","protected":false},"excerpt":{"rendered":"<p>Manolo Victorio Carpe Diem S\u00ed, lo doblaron. Los discursos contestatarios, empedrados, retadores, bravuconer\u00eda de cantina; no sirvieron de nada, fueron aderezos informativos, lubricante ficticio en esta crisis brutal con una inflaci\u00f3n que no viv\u00edamos hace 22 a\u00f1os. Alejandro Moreno C\u00e1rdenas, arquetipo del priista ladr\u00f3n, fr\u00edvolo, irrespetuoso de la forma es fondo, cay\u00f3 para arriba. La [&hellip;]<\/p>\n","protected":false},"author":2,"featured_media":0,"comment_status":"closed","ping_status":"closed","sticky":false,"template":"","format":"standard","meta":{"tdm_status":"","tdm_grid_status":"","footnotes":""},"categories":[70],"tags":[15048,618,13512,1026,251],"class_list":{"0":"post-95165","1":"post","2":"type-post","3":"status-publish","4":"format-standard","6":"category-de-opinion","7":"tag-alejandro-moreno-cardenas","8":"tag-andres-manuel-lopez-obrador","9":"tag-guardia-nacional","10":"tag-morena","11":"tag-pri"},"yoast_head":"<!-- This site is optimized with the Yoast SEO plugin v27.4 - https:\/\/yoast.com\/product\/yoast-seo-wordpress\/ -->\n<title>ALICA\u00cdDO PRIISMO - Los pol\u00edticos Veracruz<\/title>\n<meta name=\"robots\" content=\"index, follow, max-snippet:-1, max-image-preview:large, max-video-preview:-1\" \/>\n<link rel=\"canonical\" href=\"https:\/\/lospoliticosveracruz.com\/?p=95165\" \/>\n<meta property=\"og:locale\" content=\"es_ES\" \/>\n<meta property=\"og:type\" content=\"article\" \/>\n<meta property=\"og:title\" content=\"ALICA\u00cdDO PRIISMO - Los pol\u00edticos Veracruz\" \/>\n<meta property=\"og:description\" content=\"Manolo Victorio Carpe Diem S\u00ed, lo doblaron. Los discursos contestatarios, empedrados, retadores, bravuconer\u00eda de cantina; no sirvieron de nada, fueron aderezos informativos, lubricante ficticio en esta crisis brutal con una inflaci\u00f3n que no viv\u00edamos hace 22 a\u00f1os. Alejandro Moreno C\u00e1rdenas, arquetipo del priista ladr\u00f3n, fr\u00edvolo, irrespetuoso de la forma es fondo, cay\u00f3 para arriba. La [&hellip;]\" \/>\n<meta property=\"og:url\" content=\"https:\/\/lospoliticosveracruz.com\/?p=95165\" \/>\n<meta property=\"og:site_name\" content=\"Los pol\u00edticos Veracruz\" \/>\n<meta property=\"article:publisher\" content=\"https:\/\/www.facebook.com\/people\/Notimemes-de-los-Polticos\/61565672886568\/\" \/>\n<meta property=\"article:published_time\" content=\"2022-09-08T16:02:09+00:00\" \/>\n<meta property=\"article:modified_time\" content=\"2022-09-08T16:02:16+00:00\" \/>\n<meta property=\"og:image\" content=\"https:\/\/lospoliticosveracruz.com.mx\/wp-content\/uploads\/2021\/10\/Zacauilt-150x300.jpg\" \/>\n<meta name=\"author\" content=\"Lo viste en Los Pol\u00edticos\" \/>\n<meta name=\"twitter:card\" content=\"summary_large_image\" \/>\n<meta name=\"twitter:creator\" content=\"@LosPoliticosVer\" \/>\n<meta name=\"twitter:site\" content=\"@LosPoliticosVer\" \/>\n<meta name=\"twitter:label1\" content=\"Escrito por\" \/>\n\t<meta name=\"twitter:data1\" content=\"Lo viste en Los Pol\u00edticos\" \/>\n\t<meta name=\"twitter:label2\" content=\"Tiempo de lectura\" \/>\n\t<meta name=\"twitter:data2\" content=\"5 minutos\" \/>\n<script type=\"application\/ld+json\" class=\"yoast-schema-graph\">{\"@context\":\"https:\\\/\\\/schema.org\",\"@graph\":[{\"@type\":\"Article\",\"@id\":\"https:\\\/\\\/lospoliticosveracruz.com\\\/?p=95165#article\",\"isPartOf\":{\"@id\":\"https:\\\/\\\/lospoliticosveracruz.com\\\/?p=95165\"},\"author\":{\"name\":\"Lo viste en Los Pol\u00edticos\",\"@id\":\"https:\\\/\\\/lospoliticosveracruz.com\\\/#\\\/schema\\\/person\\\/b8702bb0e538456e6efd07080bf2a4a2\"},\"headline\":\"ALICA\u00cdDO PRIISMO\",\"datePublished\":\"2022-09-08T16:02:09+00:00\",\"dateModified\":\"2022-09-08T16:02:16+00:00\",\"mainEntityOfPage\":{\"@id\":\"https:\\\/\\\/lospoliticosveracruz.com\\\/?p=95165\"},\"wordCount\":1012,\"publisher\":{\"@id\":\"https:\\\/\\\/lospoliticosveracruz.com\\\/#organization\"},\"image\":{\"@id\":\"https:\\\/\\\/lospoliticosveracruz.com\\\/?p=95165#primaryimage\"},\"thumbnailUrl\":\"https:\\\/\\\/lospoliticosveracruz.com.mx\\\/wp-content\\\/uploads\\\/2021\\\/10\\\/Zacauilt-150x300.jpg\",\"keywords\":[\"Alejandro Moreno C\u00e1rdenas\",\"Andr\u00e9s Manuel L\u00f3pez Obrador\",\"Guardia Nacional\",\"Morena\",\"PRI\"],\"articleSection\":[\"De Opini\u00f3n\"],\"inLanguage\":\"es\"},{\"@type\":\"WebPage\",\"@id\":\"https:\\\/\\\/lospoliticosveracruz.com\\\/?p=95165\",\"url\":\"https:\\\/\\\/lospoliticosveracruz.com\\\/?p=95165\",\"name\":\"ALICA\u00cdDO PRIISMO - Los pol\u00edticos Veracruz\",\"isPartOf\":{\"@id\":\"https:\\\/\\\/lospoliticosveracruz.com\\\/#website\"},\"primaryImageOfPage\":{\"@id\":\"https:\\\/\\\/lospoliticosveracruz.com\\\/?p=95165#primaryimage\"},\"image\":{\"@id\":\"https:\\\/\\\/lospoliticosveracruz.com\\\/?p=95165#primaryimage\"},\"thumbnailUrl\":\"https:\\\/\\\/lospoliticosveracruz.com.mx\\\/wp-content\\\/uploads\\\/2021\\\/10\\\/Zacauilt-150x300.jpg\",\"datePublished\":\"2022-09-08T16:02:09+00:00\",\"dateModified\":\"2022-09-08T16:02:16+00:00\",\"breadcrumb\":{\"@id\":\"https:\\\/\\\/lospoliticosveracruz.com\\\/?p=95165#breadcrumb\"},\"inLanguage\":\"es\",\"potentialAction\":[{\"@type\":\"ReadAction\",\"target\":[\"https:\\\/\\\/lospoliticosveracruz.com\\\/?p=95165\"]}]},{\"@type\":\"ImageObject\",\"inLanguage\":\"es\",\"@id\":\"https:\\\/\\\/lospoliticosveracruz.com\\\/?p=95165#primaryimage\",\"url\":\"https:\\\/\\\/lospoliticosveracruz.com.mx\\\/wp-content\\\/uploads\\\/2021\\\/10\\\/Zacauilt-150x300.jpg\",\"contentUrl\":\"https:\\\/\\\/lospoliticosveracruz.com.mx\\\/wp-content\\\/uploads\\\/2021\\\/10\\\/Zacauilt-150x300.jpg\"},{\"@type\":\"BreadcrumbList\",\"@id\":\"https:\\\/\\\/lospoliticosveracruz.com\\\/?p=95165#breadcrumb\",\"itemListElement\":[{\"@type\":\"ListItem\",\"position\":1,\"name\":\"Portada\",\"item\":\"https:\\\/\\\/lospoliticosveracruz.com\\\/\"},{\"@type\":\"ListItem\",\"position\":2,\"name\":\"ALICA\u00cdDO PRIISMO\"}]},{\"@type\":\"WebSite\",\"@id\":\"https:\\\/\\\/lospoliticosveracruz.com\\\/#website\",\"url\":\"https:\\\/\\\/lospoliticosveracruz.com\\\/\",\"name\":\"Los pol\u00edticos Veracruz\",\"description\":\"\",\"publisher\":{\"@id\":\"https:\\\/\\\/lospoliticosveracruz.com\\\/#organization\"},\"potentialAction\":[{\"@type\":\"SearchAction\",\"target\":{\"@type\":\"EntryPoint\",\"urlTemplate\":\"https:\\\/\\\/lospoliticosveracruz.com\\\/?s={search_term_string}\"},\"query-input\":{\"@type\":\"PropertyValueSpecification\",\"valueRequired\":true,\"valueName\":\"search_term_string\"}}],\"inLanguage\":\"es\"},{\"@type\":\"Organization\",\"@id\":\"https:\\\/\\\/lospoliticosveracruz.com\\\/#organization\",\"name\":\"Los pol\u00edticos Veracruz\",\"url\":\"https:\\\/\\\/lospoliticosveracruz.com\\\/\",\"logo\":{\"@type\":\"ImageObject\",\"inLanguage\":\"es\",\"@id\":\"https:\\\/\\\/lospoliticosveracruz.com\\\/#\\\/schema\\\/logo\\\/image\\\/\",\"url\":\"https:\\\/\\\/lospoliticosveracruz.com\\\/wp-content\\\/uploads\\\/2025\\\/12\\\/Logo-Nuevo-LOS-POLITICOS-1.jpg\",\"contentUrl\":\"https:\\\/\\\/lospoliticosveracruz.com\\\/wp-content\\\/uploads\\\/2025\\\/12\\\/Logo-Nuevo-LOS-POLITICOS-1.jpg\",\"width\":260,\"height\":70,\"caption\":\"Los pol\u00edticos Veracruz\"},\"image\":{\"@id\":\"https:\\\/\\\/lospoliticosveracruz.com\\\/#\\\/schema\\\/logo\\\/image\\\/\"},\"sameAs\":[\"https:\\\/\\\/www.facebook.com\\\/people\\\/Notimemes-de-los-Polticos\\\/61565672886568\\\/\",\"https:\\\/\\\/x.com\\\/LosPoliticosVer\"]},{\"@type\":\"Person\",\"@id\":\"https:\\\/\\\/lospoliticosveracruz.com\\\/#\\\/schema\\\/person\\\/b8702bb0e538456e6efd07080bf2a4a2\",\"name\":\"Lo viste en Los Pol\u00edticos\",\"image\":{\"@type\":\"ImageObject\",\"inLanguage\":\"es\",\"@id\":\"https:\\\/\\\/secure.gravatar.com\\\/avatar\\\/3a8de04a2656d44082be478bd6c086daa447c4651605818287b9532d3d0bd435?s=96&d=mm&r=g\",\"url\":\"https:\\\/\\\/secure.gravatar.com\\\/avatar\\\/3a8de04a2656d44082be478bd6c086daa447c4651605818287b9532d3d0bd435?s=96&d=mm&r=g\",\"contentUrl\":\"https:\\\/\\\/secure.gravatar.com\\\/avatar\\\/3a8de04a2656d44082be478bd6c086daa447c4651605818287b9532d3d0bd435?s=96&d=mm&r=g\",\"caption\":\"Lo viste en Los Pol\u00edticos\"},\"url\":\"https:\\\/\\\/lospoliticosveracruz.com\\\/?author=2\"}]}<\/script>\n<!-- \/ Yoast SEO plugin. -->","yoast_head_json":{"title":"ALICA\u00cdDO PRIISMO - Los pol\u00edticos Veracruz","robots":{"index":"index","follow":"follow","max-snippet":"max-snippet:-1","max-image-preview":"max-image-preview:large","max-video-preview":"max-video-preview:-1"},"canonical":"https:\/\/lospoliticosveracruz.com\/?p=95165","og_locale":"es_ES","og_type":"article","og_title":"ALICA\u00cdDO PRIISMO - Los pol\u00edticos Veracruz","og_description":"Manolo Victorio Carpe Diem S\u00ed, lo doblaron. Los discursos contestatarios, empedrados, retadores, bravuconer\u00eda de cantina; no sirvieron de nada, fueron aderezos informativos, lubricante ficticio en esta crisis brutal con una inflaci\u00f3n que no viv\u00edamos hace 22 a\u00f1os. Alejandro Moreno C\u00e1rdenas, arquetipo del priista ladr\u00f3n, fr\u00edvolo, irrespetuoso de la forma es fondo, cay\u00f3 para arriba. La [&hellip;]","og_url":"https:\/\/lospoliticosveracruz.com\/?p=95165","og_site_name":"Los pol\u00edticos Veracruz","article_publisher":"https:\/\/www.facebook.com\/people\/Notimemes-de-los-Polticos\/61565672886568\/","article_published_time":"2022-09-08T16:02:09+00:00","article_modified_time":"2022-09-08T16:02:16+00:00","og_image":[{"url":"https:\/\/lospoliticosveracruz.com.mx\/wp-content\/uploads\/2021\/10\/Zacauilt-150x300.jpg","type":"","width":"","height":""}],"author":"Lo viste en Los Pol\u00edticos","twitter_card":"summary_large_image","twitter_creator":"@LosPoliticosVer","twitter_site":"@LosPoliticosVer","twitter_misc":{"Escrito por":"Lo viste en Los Pol\u00edticos","Tiempo de lectura":"5 minutos"},"schema":{"@context":"https:\/\/schema.org","@graph":[{"@type":"Article","@id":"https:\/\/lospoliticosveracruz.com\/?p=95165#article","isPartOf":{"@id":"https:\/\/lospoliticosveracruz.com\/?p=95165"},"author":{"name":"Lo viste en Los Pol\u00edticos","@id":"https:\/\/lospoliticosveracruz.com\/#\/schema\/person\/b8702bb0e538456e6efd07080bf2a4a2"},"headline":"ALICA\u00cdDO PRIISMO","datePublished":"2022-09-08T16:02:09+00:00","dateModified":"2022-09-08T16:02:16+00:00","mainEntityOfPage":{"@id":"https:\/\/lospoliticosveracruz.com\/?p=95165"},"wordCount":1012,"publisher":{"@id":"https:\/\/lospoliticosveracruz.com\/#organization"},"image":{"@id":"https:\/\/lospoliticosveracruz.com\/?p=95165#primaryimage"},"thumbnailUrl":"https:\/\/lospoliticosveracruz.com.mx\/wp-content\/uploads\/2021\/10\/Zacauilt-150x300.jpg","keywords":["Alejandro Moreno C\u00e1rdenas","Andr\u00e9s Manuel L\u00f3pez Obrador","Guardia Nacional","Morena","PRI"],"articleSection":["De Opini\u00f3n"],"inLanguage":"es"},{"@type":"WebPage","@id":"https:\/\/lospoliticosveracruz.com\/?p=95165","url":"https:\/\/lospoliticosveracruz.com\/?p=95165","name":"ALICA\u00cdDO PRIISMO - Los pol\u00edticos Veracruz","isPartOf":{"@id":"https:\/\/lospoliticosveracruz.com\/#website"},"primaryImageOfPage":{"@id":"https:\/\/lospoliticosveracruz.com\/?p=95165#primaryimage"},"image":{"@id":"https:\/\/lospoliticosveracruz.com\/?p=95165#primaryimage"},"thumbnailUrl":"https:\/\/lospoliticosveracruz.com.mx\/wp-content\/uploads\/2021\/10\/Zacauilt-150x300.jpg","datePublished":"2022-09-08T16:02:09+00:00","dateModified":"2022-09-08T16:02:16+00:00","breadcrumb":{"@id":"https:\/\/lospoliticosveracruz.com\/?p=95165#breadcrumb"},"inLanguage":"es","potentialAction":[{"@type":"ReadAction","target":["https:\/\/lospoliticosveracruz.com\/?p=95165"]}]},{"@type":"ImageObject","inLanguage":"es","@id":"https:\/\/lospoliticosveracruz.com\/?p=95165#primaryimage","url":"https:\/\/lospoliticosveracruz.com.mx\/wp-content\/uploads\/2021\/10\/Zacauilt-150x300.jpg","contentUrl":"https:\/\/lospoliticosveracruz.com.mx\/wp-content\/uploads\/2021\/10\/Zacauilt-150x300.jpg"},{"@type":"BreadcrumbList","@id":"https:\/\/lospoliticosveracruz.com\/?p=95165#breadcrumb","itemListElement":[{"@type":"ListItem","position":1,"name":"Portada","item":"https:\/\/lospoliticosveracruz.com\/"},{"@type":"ListItem","position":2,"name":"ALICA\u00cdDO PRIISMO"}]},{"@type":"WebSite","@id":"https:\/\/lospoliticosveracruz.com\/#website","url":"https:\/\/lospoliticosveracruz.com\/","name":"Los pol\u00edticos Veracruz","description":"","publisher":{"@id":"https:\/\/lospoliticosveracruz.com\/#organization"},"potentialAction":[{"@type":"SearchAction","target":{"@type":"EntryPoint","urlTemplate":"https:\/\/lospoliticosveracruz.com\/?s={search_term_string}"},"query-input":{"@type":"PropertyValueSpecification","valueRequired":true,"valueName":"search_term_string"}}],"inLanguage":"es"},{"@type":"Organization","@id":"https:\/\/lospoliticosveracruz.com\/#organization","name":"Los pol\u00edticos Veracruz","url":"https:\/\/lospoliticosveracruz.com\/","logo":{"@type":"ImageObject","inLanguage":"es","@id":"https:\/\/lospoliticosveracruz.com\/#\/schema\/logo\/image\/","url":"https:\/\/lospoliticosveracruz.com\/wp-content\/uploads\/2025\/12\/Logo-Nuevo-LOS-POLITICOS-1.jpg","contentUrl":"https:\/\/lospoliticosveracruz.com\/wp-content\/uploads\/2025\/12\/Logo-Nuevo-LOS-POLITICOS-1.jpg","width":260,"height":70,"caption":"Los pol\u00edticos Veracruz"},"image":{"@id":"https:\/\/lospoliticosveracruz.com\/#\/schema\/logo\/image\/"},"sameAs":["https:\/\/www.facebook.com\/people\/Notimemes-de-los-Polticos\/61565672886568\/","https:\/\/x.com\/LosPoliticosVer"]},{"@type":"Person","@id":"https:\/\/lospoliticosveracruz.com\/#\/schema\/person\/b8702bb0e538456e6efd07080bf2a4a2","name":"Lo viste en Los Pol\u00edticos","image":{"@type":"ImageObject","inLanguage":"es","@id":"https:\/\/secure.gravatar.com\/avatar\/3a8de04a2656d44082be478bd6c086daa447c4651605818287b9532d3d0bd435?s=96&d=mm&r=g","url":"https:\/\/secure.gravatar.com\/avatar\/3a8de04a2656d44082be478bd6c086daa447c4651605818287b9532d3d0bd435?s=96&d=mm&r=g","contentUrl":"https:\/\/secure.gravatar.com\/avatar\/3a8de04a2656d44082be478bd6c086daa447c4651605818287b9532d3d0bd435?s=96&d=mm&r=g","caption":"Lo viste en Los Pol\u00edticos"},"url":"https:\/\/lospoliticosveracruz.com\/?author=2"}]}},"_links":{"self":[{"href":"https:\/\/lospoliticosveracruz.com\/index.php?rest_route=\/wp\/v2\/posts\/95165","targetHints":{"allow":["GET"]}}],"collection":[{"href":"https:\/\/lospoliticosveracruz.com\/index.php?rest_route=\/wp\/v2\/posts"}],"about":[{"href":"https:\/\/lospoliticosveracruz.com\/index.php?rest_route=\/wp\/v2\/types\/post"}],"author":[{"embeddable":true,"href":"https:\/\/lospoliticosveracruz.com\/index.php?rest_route=\/wp\/v2\/users\/2"}],"replies":[{"embeddable":true,"href":"https:\/\/lospoliticosveracruz.com\/index.php?rest_route=%2Fwp%2Fv2%2Fcomments&post=95165"}],"version-history":[{"count":1,"href":"https:\/\/lospoliticosveracruz.com\/index.php?rest_route=\/wp\/v2\/posts\/95165\/revisions"}],"predecessor-version":[{"id":95167,"href":"https:\/\/lospoliticosveracruz.com\/index.php?rest_route=\/wp\/v2\/posts\/95165\/revisions\/95167"}],"wp:attachment":[{"href":"https:\/\/lospoliticosveracruz.com\/index.php?rest_route=%2Fwp%2Fv2%2Fmedia&parent=95165"}],"wp:term":[{"taxonomy":"category","embeddable":true,"href":"https:\/\/lospoliticosveracruz.com\/index.php?rest_route=%2Fwp%2Fv2%2Fcategories&post=95165"},{"taxonomy":"post_tag","embeddable":true,"href":"https:\/\/lospoliticosveracruz.com\/index.php?rest_route=%2Fwp%2Fv2%2Ftags&post=95165"}],"curies":[{"name":"wp","href":"https:\/\/api.w.org\/{rel}","templated":true}]}}