{"id":95180,"date":"2022-09-08T14:19:26","date_gmt":"2022-09-08T19:19:26","guid":{"rendered":"https:\/\/lospoliticosveracruz.com.mx\/?p=95180"},"modified":"2022-09-08T14:19:32","modified_gmt":"2022-09-08T19:19:32","slug":"la-4t-estetica","status":"publish","type":"post","link":"https:\/\/lospoliticosveracruz.com\/?p=95180","title":{"rendered":"LA 4T\u2026 EST\u00c9TICA!"},"content":{"rendered":"\n<p><strong>Salvador Mu\u00f1oz<\/strong><\/p>\n\n\n\n<p><em>Los Pol\u00edticos<\/em><\/p>\n\n\n\n<p>El lector ha de recordar que hace ya m\u00e1s de una semana, una senadora de Morena, y pa\u2019cabarla de chingar, de Veracruz, se vio envuelta en un esc\u00e1ndalo cuando una empleada de la C\u00e1mara Alta fue grabada siendo empujada por esta paisana.<\/p>\n\n\n\n<p>La historia ya se la sabe\u2026 lo que no sabe fue mi extra\u00f1eza cuando vi las fotograf\u00edas de la Senadora Claudia Esther Balderas Espinoza\u2026 \u00a1no la identificaba! Digo, si bien muchos diputados federales de Morena han pasado desapercibidos entre por la cantidad de curules y por su propia grisura, no puede ser que una Senadora, aunque sea por Lista Nacional, pasara de largo en mi conocimiento visual, porque si bien, no la identificaba, su nombre me sonaba tan fuerte como si fuera el mismo Mike Tyson\u2026<\/p>\n\n\n\n<figure class=\"wp-block-embed is-type-video is-provider-youtube wp-block-embed-youtube wp-embed-aspect-16-9 wp-has-aspect-ratio\"><div class=\"wp-block-embed__wrapper\">\n<iframe loading=\"lazy\" title=\"Cluster Coworking\" width=\"696\" height=\"392\" src=\"https:\/\/www.youtube.com\/embed\/Nxe-vxf8GuY?feature=oembed\" frameborder=\"0\" allow=\"accelerometer; autoplay; clipboard-write; encrypted-media; gyroscope; picture-in-picture; web-share\" referrerpolicy=\"strict-origin-when-cross-origin\" allowfullscreen><\/iframe>\n<\/div><\/figure>\n\n\n\n<p>Si bien los anales de la Internet me dieron pistas de ella cuando su novio\/asesor fue detenido en posesi\u00f3n de drogas (unos sobres de coca\u00edna) cuando iba con ella, fue un Antes y un Despu\u00e9s los que dieron cuenta de que mi memoria estaba bien, pero no as\u00ed mi actualizaci\u00f3n visual: \u00a1hab\u00eda adelgazado! \u00a1Super adelgazado! No, \u00a1realmente se hab\u00eda transformado!<\/p>\n\n\n\n<p>Es m\u00e1s, por esa condici\u00f3n, bien deber\u00eda dejar de ser Senadora para pasar a ser \u201cDesayunadora\u201d&#8230; bueno, \u00e9sa era mi idea prima pensando en la gran fuerza de voluntad de esa joven de 31 a\u00f1os para reducir la talla en esas proporciones pero la Mujer, de un solo golpe de realidad, me baj\u00f3 de mi nube idealista\u2026<\/p>\n\n\n\n<p>Para llegar a esa Cuarta Transformaci\u00f3n, se requiere pasar por una liposucci\u00f3n, un engrapado de est\u00f3mago, una Dermolipectom\u00eda Braquial y por \u00faltimo, una \u201ccachetom\u00eda\u201d&#8230; yo le digo as\u00ed pero realmente se llama bichectom\u00eda\u2026<\/p>\n\n\n\n<p>Por supuesto que esta 4T ni es exclusiva de las Morenas ni tampoco de mujeres\u2026 tampoco es de los pol\u00edticos ni de las pol\u00edticas\u2026 pr\u00e9stele atenci\u00f3n a sus estrellas favoritas del espect\u00e1culo o hasta del futbol (remember H\u00e9ctor Herrera) o quiz\u00e1s hasta a su vecina o jefe y ver\u00e1 que en muchos, los a\u00f1os no pasan, pero s\u00ed el botox, el restylane, una rinoplastia o mentoplastia\u2026<\/p>\n\n\n\n<p>Por la 4T he visto a Jorge Carvallo, Rodrigo Garc\u00eda, H\u00e9ctor Yunes y alguna que otra dama del PRI y del PAN que de un receso legislativo a otro, \u00a1zaz! \u00a1dieron el cambiazo! Ya no cito a las morenas como a la misma Senadora, o a la simp\u00e1tica Jessica Ram\u00edrez, porque la 4T est\u00e9tica, no tiene colores ni siglas\u2026 nada m\u00e1s hay que tener dinero y un buen cirujano.<\/p>\n\n\n\n<p>Si bien dicen que no hay mujer fea u hombre feo, lo que no hay es dinero\u2026<\/p>\n\n\n\n<p>Conste, no ri\u00f1o con las personas que buscan un cambio en su apariencia, sea por salud, aunque sea mental, porque aunque no lo crea, una nariz respingadita, una cinturita de avispa, unas arruguitas menos, adi\u00f3s a los cachetes, \u00a1y le cambia la vida a la persona! De cierto modo es una forma de adquirir confianza, seguridad\u2026 eso no es malo\u2026<\/p>\n\n\n\n<p>Al menos, un Senador o un Diputado ganan lo suficiente para invertirle cada seis meses a su \u201ceternamente bella bella\u201d, porque esto no es s\u00f3lo cuesti\u00f3n de verse bien, sentirse bien, sino tambi\u00e9n de debatir con el tiempo, eliminando la papada, las arrugas, y las canas\u2026 y tan bonito que es \u00a1las canas arriba y las ganas abajo!<\/p>\n\n\n\n<p>En conclusi\u00f3n\u2026 cada quien puede hacer con su cuerpo y su dinero lo que mejor le plazca\u2026 pero que agradezca la senadora Claudia Esther Balderas Espinoza que est\u00e1 donde est\u00e1 en funci\u00f3n de la proporci\u00f3n de votos y que su esca\u00f1o no lo logr\u00f3 per se, por las urnas, porque de ser as\u00ed, los veracruzanos estar\u00edan en su derecho a reclamar que por la mujer que est\u00e1 en la C\u00e1mara Alta, no votaron\u2026<\/p>\n\n\n\n<p>smcainito@gmail.com<\/p>\n","protected":false},"excerpt":{"rendered":"<p>Salvador Mu\u00f1oz Los Pol\u00edticos El lector ha de recordar que hace ya m\u00e1s de una semana, una senadora de Morena, y pa\u2019cabarla de chingar, de Veracruz, se vio envuelta en un esc\u00e1ndalo cuando una empleada de la C\u00e1mara Alta fue grabada siendo empujada por esta paisana. La historia ya se la sabe\u2026 lo que no [&hellip;]<\/p>\n","protected":false},"author":2,"featured_media":0,"comment_status":"closed","ping_status":"closed","sticky":false,"template":"","format":"standard","meta":{"tdm_status":"","tdm_grid_status":"","footnotes":""},"categories":[70],"tags":[12474,12744,119,1111,7447,2646,35075],"class_list":{"0":"post-95180","1":"post","2":"type-post","3":"status-publish","4":"format-standard","6":"category-de-opinion","7":"tag-claudia-esther-balderas-espinoza","8":"tag-cuarta-transformacion","9":"tag-hector-yunes","10":"tag-jorge-carvallo","11":"tag-rodrigo-garcia","12":"tag-salvador-munoz","13":"tag-senadora-de-morena"},"yoast_head":"<!-- This site is optimized with the Yoast SEO plugin v27.4 - https:\/\/yoast.com\/product\/yoast-seo-wordpress\/ -->\n<title>LA 4T\u2026 EST\u00c9TICA! - Los pol\u00edticos Veracruz<\/title>\n<meta name=\"robots\" content=\"index, follow, max-snippet:-1, max-image-preview:large, max-video-preview:-1\" \/>\n<link rel=\"canonical\" href=\"https:\/\/lospoliticosveracruz.com\/?p=95180\" \/>\n<meta property=\"og:locale\" content=\"es_ES\" \/>\n<meta property=\"og:type\" content=\"article\" \/>\n<meta property=\"og:title\" content=\"LA 4T\u2026 EST\u00c9TICA! - Los pol\u00edticos Veracruz\" \/>\n<meta property=\"og:description\" content=\"Salvador Mu\u00f1oz Los Pol\u00edticos El lector ha de recordar que hace ya m\u00e1s de una semana, una senadora de Morena, y pa\u2019cabarla de chingar, de Veracruz, se vio envuelta en un esc\u00e1ndalo cuando una empleada de la C\u00e1mara Alta fue grabada siendo empujada por esta paisana. La historia ya se la sabe\u2026 lo que no [&hellip;]\" \/>\n<meta property=\"og:url\" content=\"https:\/\/lospoliticosveracruz.com\/?p=95180\" \/>\n<meta property=\"og:site_name\" content=\"Los pol\u00edticos Veracruz\" \/>\n<meta property=\"article:publisher\" content=\"https:\/\/www.facebook.com\/people\/Notimemes-de-los-Polticos\/61565672886568\/\" \/>\n<meta property=\"article:published_time\" content=\"2022-09-08T19:19:26+00:00\" \/>\n<meta property=\"article:modified_time\" content=\"2022-09-08T19:19:32+00:00\" \/>\n<meta property=\"og:image\" content=\"https:\/\/lospoliticosveracruz.com\/wp-content\/uploads\/2016\/07\/Logo-Dor.jpg\" \/>\n\t<meta property=\"og:image:width\" content=\"200\" \/>\n\t<meta property=\"og:image:height\" content=\"200\" \/>\n\t<meta property=\"og:image:type\" content=\"image\/jpeg\" \/>\n<meta name=\"author\" content=\"Lo viste en Los Pol\u00edticos\" \/>\n<meta name=\"twitter:card\" content=\"summary_large_image\" \/>\n<meta name=\"twitter:creator\" content=\"@LosPoliticosVer\" \/>\n<meta name=\"twitter:site\" content=\"@LosPoliticosVer\" \/>\n<meta name=\"twitter:label1\" content=\"Escrito por\" \/>\n\t<meta name=\"twitter:data1\" content=\"Lo viste en Los Pol\u00edticos\" \/>\n\t<meta name=\"twitter:label2\" content=\"Tiempo de lectura\" \/>\n\t<meta name=\"twitter:data2\" content=\"3 minutos\" \/>\n<script type=\"application\/ld+json\" class=\"yoast-schema-graph\">{\"@context\":\"https:\\\/\\\/schema.org\",\"@graph\":[{\"@type\":\"Article\",\"@id\":\"https:\\\/\\\/lospoliticosveracruz.com\\\/?p=95180#article\",\"isPartOf\":{\"@id\":\"https:\\\/\\\/lospoliticosveracruz.com\\\/?p=95180\"},\"author\":{\"name\":\"Lo viste en Los Pol\u00edticos\",\"@id\":\"https:\\\/\\\/lospoliticosveracruz.com\\\/#\\\/schema\\\/person\\\/b8702bb0e538456e6efd07080bf2a4a2\"},\"headline\":\"LA 4T\u2026 EST\u00c9TICA!\",\"datePublished\":\"2022-09-08T19:19:26+00:00\",\"dateModified\":\"2022-09-08T19:19:32+00:00\",\"mainEntityOfPage\":{\"@id\":\"https:\\\/\\\/lospoliticosveracruz.com\\\/?p=95180\"},\"wordCount\":686,\"publisher\":{\"@id\":\"https:\\\/\\\/lospoliticosveracruz.com\\\/#organization\"},\"keywords\":[\"Claudia Esther Balderas Espinoza\",\"Cuarta Transformaci\u00f3n\",\"H\u00e9ctor Yunes\",\"Jorge Carvallo\",\"Rodrigo Garc\u00eda\",\"Salvador Mu\u00f1oz\",\"senadora de Morena\"],\"articleSection\":[\"De Opini\u00f3n\"],\"inLanguage\":\"es\"},{\"@type\":\"WebPage\",\"@id\":\"https:\\\/\\\/lospoliticosveracruz.com\\\/?p=95180\",\"url\":\"https:\\\/\\\/lospoliticosveracruz.com\\\/?p=95180\",\"name\":\"LA 4T\u2026 EST\u00c9TICA! - Los pol\u00edticos Veracruz\",\"isPartOf\":{\"@id\":\"https:\\\/\\\/lospoliticosveracruz.com\\\/#website\"},\"datePublished\":\"2022-09-08T19:19:26+00:00\",\"dateModified\":\"2022-09-08T19:19:32+00:00\",\"breadcrumb\":{\"@id\":\"https:\\\/\\\/lospoliticosveracruz.com\\\/?p=95180#breadcrumb\"},\"inLanguage\":\"es\",\"potentialAction\":[{\"@type\":\"ReadAction\",\"target\":[\"https:\\\/\\\/lospoliticosveracruz.com\\\/?p=95180\"]}]},{\"@type\":\"BreadcrumbList\",\"@id\":\"https:\\\/\\\/lospoliticosveracruz.com\\\/?p=95180#breadcrumb\",\"itemListElement\":[{\"@type\":\"ListItem\",\"position\":1,\"name\":\"Portada\",\"item\":\"https:\\\/\\\/lospoliticosveracruz.com\\\/\"},{\"@type\":\"ListItem\",\"position\":2,\"name\":\"LA 4T\u2026 EST\u00c9TICA!\"}]},{\"@type\":\"WebSite\",\"@id\":\"https:\\\/\\\/lospoliticosveracruz.com\\\/#website\",\"url\":\"https:\\\/\\\/lospoliticosveracruz.com\\\/\",\"name\":\"Los pol\u00edticos Veracruz\",\"description\":\"\",\"publisher\":{\"@id\":\"https:\\\/\\\/lospoliticosveracruz.com\\\/#organization\"},\"potentialAction\":[{\"@type\":\"SearchAction\",\"target\":{\"@type\":\"EntryPoint\",\"urlTemplate\":\"https:\\\/\\\/lospoliticosveracruz.com\\\/?s={search_term_string}\"},\"query-input\":{\"@type\":\"PropertyValueSpecification\",\"valueRequired\":true,\"valueName\":\"search_term_string\"}}],\"inLanguage\":\"es\"},{\"@type\":\"Organization\",\"@id\":\"https:\\\/\\\/lospoliticosveracruz.com\\\/#organization\",\"name\":\"Los pol\u00edticos Veracruz\",\"url\":\"https:\\\/\\\/lospoliticosveracruz.com\\\/\",\"logo\":{\"@type\":\"ImageObject\",\"inLanguage\":\"es\",\"@id\":\"https:\\\/\\\/lospoliticosveracruz.com\\\/#\\\/schema\\\/logo\\\/image\\\/\",\"url\":\"https:\\\/\\\/lospoliticosveracruz.com\\\/wp-content\\\/uploads\\\/2025\\\/12\\\/Logo-Nuevo-LOS-POLITICOS-1.jpg\",\"contentUrl\":\"https:\\\/\\\/lospoliticosveracruz.com\\\/wp-content\\\/uploads\\\/2025\\\/12\\\/Logo-Nuevo-LOS-POLITICOS-1.jpg\",\"width\":260,\"height\":70,\"caption\":\"Los pol\u00edticos Veracruz\"},\"image\":{\"@id\":\"https:\\\/\\\/lospoliticosveracruz.com\\\/#\\\/schema\\\/logo\\\/image\\\/\"},\"sameAs\":[\"https:\\\/\\\/www.facebook.com\\\/people\\\/Notimemes-de-los-Polticos\\\/61565672886568\\\/\",\"https:\\\/\\\/x.com\\\/LosPoliticosVer\"]},{\"@type\":\"Person\",\"@id\":\"https:\\\/\\\/lospoliticosveracruz.com\\\/#\\\/schema\\\/person\\\/b8702bb0e538456e6efd07080bf2a4a2\",\"name\":\"Lo viste en Los Pol\u00edticos\",\"image\":{\"@type\":\"ImageObject\",\"inLanguage\":\"es\",\"@id\":\"https:\\\/\\\/secure.gravatar.com\\\/avatar\\\/3a8de04a2656d44082be478bd6c086daa447c4651605818287b9532d3d0bd435?s=96&d=mm&r=g\",\"url\":\"https:\\\/\\\/secure.gravatar.com\\\/avatar\\\/3a8de04a2656d44082be478bd6c086daa447c4651605818287b9532d3d0bd435?s=96&d=mm&r=g\",\"contentUrl\":\"https:\\\/\\\/secure.gravatar.com\\\/avatar\\\/3a8de04a2656d44082be478bd6c086daa447c4651605818287b9532d3d0bd435?s=96&d=mm&r=g\",\"caption\":\"Lo viste en Los Pol\u00edticos\"},\"url\":\"https:\\\/\\\/lospoliticosveracruz.com\\\/?author=2\"}]}<\/script>\n<!-- \/ Yoast SEO plugin. -->","yoast_head_json":{"title":"LA 4T\u2026 EST\u00c9TICA! - Los pol\u00edticos Veracruz","robots":{"index":"index","follow":"follow","max-snippet":"max-snippet:-1","max-image-preview":"max-image-preview:large","max-video-preview":"max-video-preview:-1"},"canonical":"https:\/\/lospoliticosveracruz.com\/?p=95180","og_locale":"es_ES","og_type":"article","og_title":"LA 4T\u2026 EST\u00c9TICA! - Los pol\u00edticos Veracruz","og_description":"Salvador Mu\u00f1oz Los Pol\u00edticos El lector ha de recordar que hace ya m\u00e1s de una semana, una senadora de Morena, y pa\u2019cabarla de chingar, de Veracruz, se vio envuelta en un esc\u00e1ndalo cuando una empleada de la C\u00e1mara Alta fue grabada siendo empujada por esta paisana. La historia ya se la sabe\u2026 lo que no [&hellip;]","og_url":"https:\/\/lospoliticosveracruz.com\/?p=95180","og_site_name":"Los pol\u00edticos Veracruz","article_publisher":"https:\/\/www.facebook.com\/people\/Notimemes-de-los-Polticos\/61565672886568\/","article_published_time":"2022-09-08T19:19:26+00:00","article_modified_time":"2022-09-08T19:19:32+00:00","og_image":[{"width":200,"height":200,"url":"https:\/\/lospoliticosveracruz.com\/wp-content\/uploads\/2016\/07\/Logo-Dor.jpg","type":"image\/jpeg"}],"author":"Lo viste en Los Pol\u00edticos","twitter_card":"summary_large_image","twitter_creator":"@LosPoliticosVer","twitter_site":"@LosPoliticosVer","twitter_misc":{"Escrito por":"Lo viste en Los Pol\u00edticos","Tiempo de lectura":"3 minutos"},"schema":{"@context":"https:\/\/schema.org","@graph":[{"@type":"Article","@id":"https:\/\/lospoliticosveracruz.com\/?p=95180#article","isPartOf":{"@id":"https:\/\/lospoliticosveracruz.com\/?p=95180"},"author":{"name":"Lo viste en Los Pol\u00edticos","@id":"https:\/\/lospoliticosveracruz.com\/#\/schema\/person\/b8702bb0e538456e6efd07080bf2a4a2"},"headline":"LA 4T\u2026 EST\u00c9TICA!","datePublished":"2022-09-08T19:19:26+00:00","dateModified":"2022-09-08T19:19:32+00:00","mainEntityOfPage":{"@id":"https:\/\/lospoliticosveracruz.com\/?p=95180"},"wordCount":686,"publisher":{"@id":"https:\/\/lospoliticosveracruz.com\/#organization"},"keywords":["Claudia Esther Balderas Espinoza","Cuarta Transformaci\u00f3n","H\u00e9ctor Yunes","Jorge Carvallo","Rodrigo Garc\u00eda","Salvador Mu\u00f1oz","senadora de Morena"],"articleSection":["De Opini\u00f3n"],"inLanguage":"es"},{"@type":"WebPage","@id":"https:\/\/lospoliticosveracruz.com\/?p=95180","url":"https:\/\/lospoliticosveracruz.com\/?p=95180","name":"LA 4T\u2026 EST\u00c9TICA! - Los pol\u00edticos Veracruz","isPartOf":{"@id":"https:\/\/lospoliticosveracruz.com\/#website"},"datePublished":"2022-09-08T19:19:26+00:00","dateModified":"2022-09-08T19:19:32+00:00","breadcrumb":{"@id":"https:\/\/lospoliticosveracruz.com\/?p=95180#breadcrumb"},"inLanguage":"es","potentialAction":[{"@type":"ReadAction","target":["https:\/\/lospoliticosveracruz.com\/?p=95180"]}]},{"@type":"BreadcrumbList","@id":"https:\/\/lospoliticosveracruz.com\/?p=95180#breadcrumb","itemListElement":[{"@type":"ListItem","position":1,"name":"Portada","item":"https:\/\/lospoliticosveracruz.com\/"},{"@type":"ListItem","position":2,"name":"LA 4T\u2026 EST\u00c9TICA!"}]},{"@type":"WebSite","@id":"https:\/\/lospoliticosveracruz.com\/#website","url":"https:\/\/lospoliticosveracruz.com\/","name":"Los pol\u00edticos Veracruz","description":"","publisher":{"@id":"https:\/\/lospoliticosveracruz.com\/#organization"},"potentialAction":[{"@type":"SearchAction","target":{"@type":"EntryPoint","urlTemplate":"https:\/\/lospoliticosveracruz.com\/?s={search_term_string}"},"query-input":{"@type":"PropertyValueSpecification","valueRequired":true,"valueName":"search_term_string"}}],"inLanguage":"es"},{"@type":"Organization","@id":"https:\/\/lospoliticosveracruz.com\/#organization","name":"Los pol\u00edticos Veracruz","url":"https:\/\/lospoliticosveracruz.com\/","logo":{"@type":"ImageObject","inLanguage":"es","@id":"https:\/\/lospoliticosveracruz.com\/#\/schema\/logo\/image\/","url":"https:\/\/lospoliticosveracruz.com\/wp-content\/uploads\/2025\/12\/Logo-Nuevo-LOS-POLITICOS-1.jpg","contentUrl":"https:\/\/lospoliticosveracruz.com\/wp-content\/uploads\/2025\/12\/Logo-Nuevo-LOS-POLITICOS-1.jpg","width":260,"height":70,"caption":"Los pol\u00edticos Veracruz"},"image":{"@id":"https:\/\/lospoliticosveracruz.com\/#\/schema\/logo\/image\/"},"sameAs":["https:\/\/www.facebook.com\/people\/Notimemes-de-los-Polticos\/61565672886568\/","https:\/\/x.com\/LosPoliticosVer"]},{"@type":"Person","@id":"https:\/\/lospoliticosveracruz.com\/#\/schema\/person\/b8702bb0e538456e6efd07080bf2a4a2","name":"Lo viste en Los Pol\u00edticos","image":{"@type":"ImageObject","inLanguage":"es","@id":"https:\/\/secure.gravatar.com\/avatar\/3a8de04a2656d44082be478bd6c086daa447c4651605818287b9532d3d0bd435?s=96&d=mm&r=g","url":"https:\/\/secure.gravatar.com\/avatar\/3a8de04a2656d44082be478bd6c086daa447c4651605818287b9532d3d0bd435?s=96&d=mm&r=g","contentUrl":"https:\/\/secure.gravatar.com\/avatar\/3a8de04a2656d44082be478bd6c086daa447c4651605818287b9532d3d0bd435?s=96&d=mm&r=g","caption":"Lo viste en Los Pol\u00edticos"},"url":"https:\/\/lospoliticosveracruz.com\/?author=2"}]}},"_links":{"self":[{"href":"https:\/\/lospoliticosveracruz.com\/index.php?rest_route=\/wp\/v2\/posts\/95180","targetHints":{"allow":["GET"]}}],"collection":[{"href":"https:\/\/lospoliticosveracruz.com\/index.php?rest_route=\/wp\/v2\/posts"}],"about":[{"href":"https:\/\/lospoliticosveracruz.com\/index.php?rest_route=\/wp\/v2\/types\/post"}],"author":[{"embeddable":true,"href":"https:\/\/lospoliticosveracruz.com\/index.php?rest_route=\/wp\/v2\/users\/2"}],"replies":[{"embeddable":true,"href":"https:\/\/lospoliticosveracruz.com\/index.php?rest_route=%2Fwp%2Fv2%2Fcomments&post=95180"}],"version-history":[{"count":1,"href":"https:\/\/lospoliticosveracruz.com\/index.php?rest_route=\/wp\/v2\/posts\/95180\/revisions"}],"predecessor-version":[{"id":95181,"href":"https:\/\/lospoliticosveracruz.com\/index.php?rest_route=\/wp\/v2\/posts\/95180\/revisions\/95181"}],"wp:attachment":[{"href":"https:\/\/lospoliticosveracruz.com\/index.php?rest_route=%2Fwp%2Fv2%2Fmedia&parent=95180"}],"wp:term":[{"taxonomy":"category","embeddable":true,"href":"https:\/\/lospoliticosveracruz.com\/index.php?rest_route=%2Fwp%2Fv2%2Fcategories&post=95180"},{"taxonomy":"post_tag","embeddable":true,"href":"https:\/\/lospoliticosveracruz.com\/index.php?rest_route=%2Fwp%2Fv2%2Ftags&post=95180"}],"curies":[{"name":"wp","href":"https:\/\/api.w.org\/{rel}","templated":true}]}}