{"id":95205,"date":"2022-09-09T07:59:04","date_gmt":"2022-09-09T12:59:04","guid":{"rendered":"https:\/\/lospoliticosveracruz.com.mx\/?p=95205"},"modified":"2022-09-09T07:59:09","modified_gmt":"2022-09-09T12:59:09","slug":"fakes","status":"publish","type":"post","link":"https:\/\/lospoliticosveracruz.com\/?p=95205","title":{"rendered":"FAKES"},"content":{"rendered":"\n<p><strong>Guadalupe H. Mar<br><\/strong><em>Mira Pol\u00edtica<\/em><\/p>\n\n\n\n<p>METEN PARA SACAR \u2026 Hace unos d\u00edas en varios espacios personales de Facebook, se difundieron tres fotograf\u00edas de una supuesta mega fosa clandestina encontrada en el municipio de Veracruz, del estado del mismo nombre, lo cual adem\u00e1s de desconcierto, movi\u00f3 al aparato gubernamental que se apur\u00f3 a desmentir el hecho como actual, pues se trataba de hallazgos de fosas y entierros clandestinos de los a\u00f1os 2014 al 2019.<br>En esa red social, circul\u00f3 la publicaci\u00f3n que supuestamente informaba sobre el hallazgo de una fosa clandestina con 287 cuerpos en M\u00e9xico.<br>El Fake o bulo &#8211; noticia falsa- vaya que levant\u00f3 \u00e1mpula pues revivi\u00f3 sucesos que duelen y lastiman, pues a diferencia de las autoridades locales que pretenden hacer que se olvide el hecho, las familias de las personas desaparecidas siguen trabajando en su b\u00fasqueda.<br>Es tal el n\u00famero de personas desaparecidas en la entidad veracruzana, que en el a\u00f1o 2014 se form\u00f3 el colectivo \u201cSolecito\u201d, en respuesta a las omisiones y negligencias de esa entelequia llamada Estado, ante las m\u00faltiples desapariciones.<br>Para quienes quieren que esto se olvide, en marzo del a\u00f1o 2017, el Colectivo Solecito confirm\u00f3 el hallazgo de 249 restos humanos en aproximadamente 125 fosas clandestinas en un predio de \u201cColinas de Santa Fe\u201d, en Veracruz, cifra que se increment\u00f3 notablemente e hizo que este fosario fuera considerado el m\u00e1s grande del pa\u00eds. Nada grato primer lugar nacional.<br>Finalmente, los gobiernos federal y estatal, reconocieron que se comprob\u00f3 la existencia de 298 cr\u00e1neos y 22 mil 500 restos humanos en total.<br>Desde agosto de 2019, cuando el colectivo Solecito Veracruzano dio por concluida su b\u00fasqueda en el predio Colinas de Santa Fe, todo ello se estaba quedando en el olvido, ante tantas cortinas de humo generadas por los gobiernos federal y estatal en Veracruz, sin embargo, como dec\u00edamos, hace unos d\u00edas el hecho fue revivido por la aparici\u00f3n de tres fotograf\u00edas en varias cuentas de Facebook donde se consignaba esa supuesta megafosa clandestina.<br>Lo cierto es que de los a\u00f1os 2011 al 2021, han sido localizados en el territorio veracruzano, 642 cementerios clandestinos, seg\u00fan informaci\u00f3n oficial, hecho que de suyo es preocupante, sobre todo porque no se aplican recursos suficientes para las tareas de identificaci\u00f3n.<br>Todo esto, insistimos, volvi\u00f3 a ser noticia por la aparici\u00f3n de una Fake o bulo concretamente en Facebook, o sea, en las \u201cbenditas redes sociales\u201d como les llama el presidente de la rep\u00fablica, Andr\u00e9s Manuel L\u00f3pez Obrador.<br>CHONGOS DE AYUDA \u2026 Este domingo 11 de septiembre, all\u00e1 en la Pir\u00e1mide del malec\u00f3n del municipio de Coatzacoalcos, la \u201cFundaci\u00f3n Maravilla\u201d estar\u00e1 colectando trenzas de personas que donar\u00e1n sus cabellos para la realizaci\u00f3n de pelucas oncol\u00f3gicas que se entregan a mujeres que por las quimioterapias lo han perdido.<br>Monserrat Gonz\u00e1lez, presidenta de la \u201cFundaci\u00f3n Maravilla\u201d, dio a conocer que desde las 10 de la ma\u00f1ana y hasta las ocho de la noche, las interesadas en cooperar con la donaci\u00f3n de sus cabelleras, podr\u00e1n acudir al malec\u00f3n de Coatzacoalcos donde les recibir\u00e1n las activistas de esta fundaci\u00f3n que participan en la campa\u00f1a \u201cChongos de Ayuda\u201d.<br>DE MUJERES PARA MUJERES \u2026 Del pr\u00f3ximo lunes 12 de septiembre, al mi\u00e9rcoles 14, la fundaci\u00f3n CICE en coordinaci\u00f3n con la organizaci\u00f3n Mujeres Activas contra el C\u00e1ncer de mama del estado de Veracruz A.C. (MUAC) estar\u00e1n realizando 100 mastograf\u00edas gratuitas a mujeres de escasos recursos econ\u00f3micos.<br>Las interesadas pueden acudir a la oficina ocho, del World Trade Center Veracruz, en horario de 10 a 13 horas.<br>Quien requiera alguna informaci\u00f3n adicional, puede llamar al (229) 9230324 Y 9230300, extensi\u00f3n 8081<br>Desde julio del a\u00f1o 2008, MUAC inici\u00f3 sus acciones de ayuda a mujeres que no cuentan con recursos econ\u00f3micos en sus tratamientos de quimioterapia.<br>D\u00cdGALO SIN MIEDO \u2026 Al correo electr\u00f3nico guadalupehmar@yahoo.com<\/p>\n","protected":false},"excerpt":{"rendered":"<p>Guadalupe H. MarMira Pol\u00edtica METEN PARA SACAR \u2026 Hace unos d\u00edas en varios espacios personales de Facebook, se difundieron tres fotograf\u00edas de una supuesta mega fosa clandestina encontrada en el municipio de Veracruz, del estado del mismo nombre, lo cual adem\u00e1s de desconcierto, movi\u00f3 al aparato gubernamental que se apur\u00f3 a desmentir el hecho como [&hellip;]<\/p>\n","protected":false},"author":2,"featured_media":0,"comment_status":"closed","ping_status":"closed","sticky":false,"template":"","format":"standard","meta":{"tdm_status":"","tdm_grid_status":"","footnotes":""},"categories":[70],"tags":[35090,6108,35089,3396,1606,35088,195],"class_list":{"0":"post-95205","1":"post","2":"type-post","3":"status-publish","4":"format-standard","6":"category-de-opinion","7":"tag-colectivo-solecito-2","8":"tag-desapariciones","9":"tag-entierros-clandestinos","10":"tag-fosa-clandestina","11":"tag-guadalupe-h-mar","12":"tag-hallazgos-de-fosas","13":"tag-veracruz"},"yoast_head":"<!-- This site is optimized with the Yoast SEO plugin v27.4 - https:\/\/yoast.com\/product\/yoast-seo-wordpress\/ -->\n<title>FAKES - Los pol\u00edticos Veracruz<\/title>\n<meta name=\"robots\" content=\"index, follow, max-snippet:-1, max-image-preview:large, max-video-preview:-1\" \/>\n<link rel=\"canonical\" href=\"https:\/\/lospoliticosveracruz.com\/?p=95205\" \/>\n<meta property=\"og:locale\" content=\"es_ES\" \/>\n<meta property=\"og:type\" content=\"article\" \/>\n<meta property=\"og:title\" content=\"FAKES - Los pol\u00edticos Veracruz\" \/>\n<meta property=\"og:description\" content=\"Guadalupe H. MarMira Pol\u00edtica METEN PARA SACAR \u2026 Hace unos d\u00edas en varios espacios personales de Facebook, se difundieron tres fotograf\u00edas de una supuesta mega fosa clandestina encontrada en el municipio de Veracruz, del estado del mismo nombre, lo cual adem\u00e1s de desconcierto, movi\u00f3 al aparato gubernamental que se apur\u00f3 a desmentir el hecho como [&hellip;]\" \/>\n<meta property=\"og:url\" content=\"https:\/\/lospoliticosveracruz.com\/?p=95205\" \/>\n<meta property=\"og:site_name\" content=\"Los pol\u00edticos Veracruz\" \/>\n<meta property=\"article:publisher\" content=\"https:\/\/www.facebook.com\/people\/Notimemes-de-los-Polticos\/61565672886568\/\" \/>\n<meta property=\"article:published_time\" content=\"2022-09-09T12:59:04+00:00\" \/>\n<meta property=\"article:modified_time\" content=\"2022-09-09T12:59:09+00:00\" \/>\n<meta property=\"og:image\" content=\"https:\/\/lospoliticosveracruz.com\/wp-content\/uploads\/2016\/07\/Logo-Dor.jpg\" \/>\n\t<meta property=\"og:image:width\" content=\"200\" \/>\n\t<meta property=\"og:image:height\" content=\"200\" \/>\n\t<meta property=\"og:image:type\" content=\"image\/jpeg\" \/>\n<meta name=\"author\" content=\"Lo viste en Los Pol\u00edticos\" \/>\n<meta name=\"twitter:card\" content=\"summary_large_image\" \/>\n<meta name=\"twitter:creator\" content=\"@LosPoliticosVer\" \/>\n<meta name=\"twitter:site\" content=\"@LosPoliticosVer\" \/>\n<meta name=\"twitter:label1\" content=\"Escrito por\" \/>\n\t<meta name=\"twitter:data1\" content=\"Lo viste en Los Pol\u00edticos\" \/>\n\t<meta name=\"twitter:label2\" content=\"Tiempo de lectura\" \/>\n\t<meta name=\"twitter:data2\" content=\"3 minutos\" \/>\n<script type=\"application\/ld+json\" class=\"yoast-schema-graph\">{\"@context\":\"https:\\\/\\\/schema.org\",\"@graph\":[{\"@type\":\"Article\",\"@id\":\"https:\\\/\\\/lospoliticosveracruz.com\\\/?p=95205#article\",\"isPartOf\":{\"@id\":\"https:\\\/\\\/lospoliticosveracruz.com\\\/?p=95205\"},\"author\":{\"name\":\"Lo viste en Los Pol\u00edticos\",\"@id\":\"https:\\\/\\\/lospoliticosveracruz.com\\\/#\\\/schema\\\/person\\\/b8702bb0e538456e6efd07080bf2a4a2\"},\"headline\":\"FAKES\",\"datePublished\":\"2022-09-09T12:59:04+00:00\",\"dateModified\":\"2022-09-09T12:59:09+00:00\",\"mainEntityOfPage\":{\"@id\":\"https:\\\/\\\/lospoliticosveracruz.com\\\/?p=95205\"},\"wordCount\":658,\"publisher\":{\"@id\":\"https:\\\/\\\/lospoliticosveracruz.com\\\/#organization\"},\"keywords\":[\"colectivo \u201cSolecito\u201d\",\"Desapariciones\",\"entierros clandestinos\",\"fosa clandestina\",\"Guadalupe H. Mar\",\"hallazgos de fosas\",\"Veracruz\"],\"articleSection\":[\"De Opini\u00f3n\"],\"inLanguage\":\"es\"},{\"@type\":\"WebPage\",\"@id\":\"https:\\\/\\\/lospoliticosveracruz.com\\\/?p=95205\",\"url\":\"https:\\\/\\\/lospoliticosveracruz.com\\\/?p=95205\",\"name\":\"FAKES - Los pol\u00edticos Veracruz\",\"isPartOf\":{\"@id\":\"https:\\\/\\\/lospoliticosveracruz.com\\\/#website\"},\"datePublished\":\"2022-09-09T12:59:04+00:00\",\"dateModified\":\"2022-09-09T12:59:09+00:00\",\"breadcrumb\":{\"@id\":\"https:\\\/\\\/lospoliticosveracruz.com\\\/?p=95205#breadcrumb\"},\"inLanguage\":\"es\",\"potentialAction\":[{\"@type\":\"ReadAction\",\"target\":[\"https:\\\/\\\/lospoliticosveracruz.com\\\/?p=95205\"]}]},{\"@type\":\"BreadcrumbList\",\"@id\":\"https:\\\/\\\/lospoliticosveracruz.com\\\/?p=95205#breadcrumb\",\"itemListElement\":[{\"@type\":\"ListItem\",\"position\":1,\"name\":\"Portada\",\"item\":\"https:\\\/\\\/lospoliticosveracruz.com\\\/\"},{\"@type\":\"ListItem\",\"position\":2,\"name\":\"FAKES\"}]},{\"@type\":\"WebSite\",\"@id\":\"https:\\\/\\\/lospoliticosveracruz.com\\\/#website\",\"url\":\"https:\\\/\\\/lospoliticosveracruz.com\\\/\",\"name\":\"Los pol\u00edticos Veracruz\",\"description\":\"\",\"publisher\":{\"@id\":\"https:\\\/\\\/lospoliticosveracruz.com\\\/#organization\"},\"potentialAction\":[{\"@type\":\"SearchAction\",\"target\":{\"@type\":\"EntryPoint\",\"urlTemplate\":\"https:\\\/\\\/lospoliticosveracruz.com\\\/?s={search_term_string}\"},\"query-input\":{\"@type\":\"PropertyValueSpecification\",\"valueRequired\":true,\"valueName\":\"search_term_string\"}}],\"inLanguage\":\"es\"},{\"@type\":\"Organization\",\"@id\":\"https:\\\/\\\/lospoliticosveracruz.com\\\/#organization\",\"name\":\"Los pol\u00edticos Veracruz\",\"url\":\"https:\\\/\\\/lospoliticosveracruz.com\\\/\",\"logo\":{\"@type\":\"ImageObject\",\"inLanguage\":\"es\",\"@id\":\"https:\\\/\\\/lospoliticosveracruz.com\\\/#\\\/schema\\\/logo\\\/image\\\/\",\"url\":\"https:\\\/\\\/lospoliticosveracruz.com\\\/wp-content\\\/uploads\\\/2025\\\/12\\\/Logo-Nuevo-LOS-POLITICOS-1.jpg\",\"contentUrl\":\"https:\\\/\\\/lospoliticosveracruz.com\\\/wp-content\\\/uploads\\\/2025\\\/12\\\/Logo-Nuevo-LOS-POLITICOS-1.jpg\",\"width\":260,\"height\":70,\"caption\":\"Los pol\u00edticos Veracruz\"},\"image\":{\"@id\":\"https:\\\/\\\/lospoliticosveracruz.com\\\/#\\\/schema\\\/logo\\\/image\\\/\"},\"sameAs\":[\"https:\\\/\\\/www.facebook.com\\\/people\\\/Notimemes-de-los-Polticos\\\/61565672886568\\\/\",\"https:\\\/\\\/x.com\\\/LosPoliticosVer\"]},{\"@type\":\"Person\",\"@id\":\"https:\\\/\\\/lospoliticosveracruz.com\\\/#\\\/schema\\\/person\\\/b8702bb0e538456e6efd07080bf2a4a2\",\"name\":\"Lo viste en Los Pol\u00edticos\",\"image\":{\"@type\":\"ImageObject\",\"inLanguage\":\"es\",\"@id\":\"https:\\\/\\\/secure.gravatar.com\\\/avatar\\\/3a8de04a2656d44082be478bd6c086daa447c4651605818287b9532d3d0bd435?s=96&d=mm&r=g\",\"url\":\"https:\\\/\\\/secure.gravatar.com\\\/avatar\\\/3a8de04a2656d44082be478bd6c086daa447c4651605818287b9532d3d0bd435?s=96&d=mm&r=g\",\"contentUrl\":\"https:\\\/\\\/secure.gravatar.com\\\/avatar\\\/3a8de04a2656d44082be478bd6c086daa447c4651605818287b9532d3d0bd435?s=96&d=mm&r=g\",\"caption\":\"Lo viste en Los Pol\u00edticos\"},\"url\":\"https:\\\/\\\/lospoliticosveracruz.com\\\/?author=2\"}]}<\/script>\n<!-- \/ Yoast SEO plugin. -->","yoast_head_json":{"title":"FAKES - Los pol\u00edticos Veracruz","robots":{"index":"index","follow":"follow","max-snippet":"max-snippet:-1","max-image-preview":"max-image-preview:large","max-video-preview":"max-video-preview:-1"},"canonical":"https:\/\/lospoliticosveracruz.com\/?p=95205","og_locale":"es_ES","og_type":"article","og_title":"FAKES - Los pol\u00edticos Veracruz","og_description":"Guadalupe H. MarMira Pol\u00edtica METEN PARA SACAR \u2026 Hace unos d\u00edas en varios espacios personales de Facebook, se difundieron tres fotograf\u00edas de una supuesta mega fosa clandestina encontrada en el municipio de Veracruz, del estado del mismo nombre, lo cual adem\u00e1s de desconcierto, movi\u00f3 al aparato gubernamental que se apur\u00f3 a desmentir el hecho como [&hellip;]","og_url":"https:\/\/lospoliticosveracruz.com\/?p=95205","og_site_name":"Los pol\u00edticos Veracruz","article_publisher":"https:\/\/www.facebook.com\/people\/Notimemes-de-los-Polticos\/61565672886568\/","article_published_time":"2022-09-09T12:59:04+00:00","article_modified_time":"2022-09-09T12:59:09+00:00","og_image":[{"width":200,"height":200,"url":"https:\/\/lospoliticosveracruz.com\/wp-content\/uploads\/2016\/07\/Logo-Dor.jpg","type":"image\/jpeg"}],"author":"Lo viste en Los Pol\u00edticos","twitter_card":"summary_large_image","twitter_creator":"@LosPoliticosVer","twitter_site":"@LosPoliticosVer","twitter_misc":{"Escrito por":"Lo viste en Los Pol\u00edticos","Tiempo de lectura":"3 minutos"},"schema":{"@context":"https:\/\/schema.org","@graph":[{"@type":"Article","@id":"https:\/\/lospoliticosveracruz.com\/?p=95205#article","isPartOf":{"@id":"https:\/\/lospoliticosveracruz.com\/?p=95205"},"author":{"name":"Lo viste en Los Pol\u00edticos","@id":"https:\/\/lospoliticosveracruz.com\/#\/schema\/person\/b8702bb0e538456e6efd07080bf2a4a2"},"headline":"FAKES","datePublished":"2022-09-09T12:59:04+00:00","dateModified":"2022-09-09T12:59:09+00:00","mainEntityOfPage":{"@id":"https:\/\/lospoliticosveracruz.com\/?p=95205"},"wordCount":658,"publisher":{"@id":"https:\/\/lospoliticosveracruz.com\/#organization"},"keywords":["colectivo \u201cSolecito\u201d","Desapariciones","entierros clandestinos","fosa clandestina","Guadalupe H. Mar","hallazgos de fosas","Veracruz"],"articleSection":["De Opini\u00f3n"],"inLanguage":"es"},{"@type":"WebPage","@id":"https:\/\/lospoliticosveracruz.com\/?p=95205","url":"https:\/\/lospoliticosveracruz.com\/?p=95205","name":"FAKES - Los pol\u00edticos Veracruz","isPartOf":{"@id":"https:\/\/lospoliticosveracruz.com\/#website"},"datePublished":"2022-09-09T12:59:04+00:00","dateModified":"2022-09-09T12:59:09+00:00","breadcrumb":{"@id":"https:\/\/lospoliticosveracruz.com\/?p=95205#breadcrumb"},"inLanguage":"es","potentialAction":[{"@type":"ReadAction","target":["https:\/\/lospoliticosveracruz.com\/?p=95205"]}]},{"@type":"BreadcrumbList","@id":"https:\/\/lospoliticosveracruz.com\/?p=95205#breadcrumb","itemListElement":[{"@type":"ListItem","position":1,"name":"Portada","item":"https:\/\/lospoliticosveracruz.com\/"},{"@type":"ListItem","position":2,"name":"FAKES"}]},{"@type":"WebSite","@id":"https:\/\/lospoliticosveracruz.com\/#website","url":"https:\/\/lospoliticosveracruz.com\/","name":"Los pol\u00edticos Veracruz","description":"","publisher":{"@id":"https:\/\/lospoliticosveracruz.com\/#organization"},"potentialAction":[{"@type":"SearchAction","target":{"@type":"EntryPoint","urlTemplate":"https:\/\/lospoliticosveracruz.com\/?s={search_term_string}"},"query-input":{"@type":"PropertyValueSpecification","valueRequired":true,"valueName":"search_term_string"}}],"inLanguage":"es"},{"@type":"Organization","@id":"https:\/\/lospoliticosveracruz.com\/#organization","name":"Los pol\u00edticos Veracruz","url":"https:\/\/lospoliticosveracruz.com\/","logo":{"@type":"ImageObject","inLanguage":"es","@id":"https:\/\/lospoliticosveracruz.com\/#\/schema\/logo\/image\/","url":"https:\/\/lospoliticosveracruz.com\/wp-content\/uploads\/2025\/12\/Logo-Nuevo-LOS-POLITICOS-1.jpg","contentUrl":"https:\/\/lospoliticosveracruz.com\/wp-content\/uploads\/2025\/12\/Logo-Nuevo-LOS-POLITICOS-1.jpg","width":260,"height":70,"caption":"Los pol\u00edticos Veracruz"},"image":{"@id":"https:\/\/lospoliticosveracruz.com\/#\/schema\/logo\/image\/"},"sameAs":["https:\/\/www.facebook.com\/people\/Notimemes-de-los-Polticos\/61565672886568\/","https:\/\/x.com\/LosPoliticosVer"]},{"@type":"Person","@id":"https:\/\/lospoliticosveracruz.com\/#\/schema\/person\/b8702bb0e538456e6efd07080bf2a4a2","name":"Lo viste en Los Pol\u00edticos","image":{"@type":"ImageObject","inLanguage":"es","@id":"https:\/\/secure.gravatar.com\/avatar\/3a8de04a2656d44082be478bd6c086daa447c4651605818287b9532d3d0bd435?s=96&d=mm&r=g","url":"https:\/\/secure.gravatar.com\/avatar\/3a8de04a2656d44082be478bd6c086daa447c4651605818287b9532d3d0bd435?s=96&d=mm&r=g","contentUrl":"https:\/\/secure.gravatar.com\/avatar\/3a8de04a2656d44082be478bd6c086daa447c4651605818287b9532d3d0bd435?s=96&d=mm&r=g","caption":"Lo viste en Los Pol\u00edticos"},"url":"https:\/\/lospoliticosveracruz.com\/?author=2"}]}},"_links":{"self":[{"href":"https:\/\/lospoliticosveracruz.com\/index.php?rest_route=\/wp\/v2\/posts\/95205","targetHints":{"allow":["GET"]}}],"collection":[{"href":"https:\/\/lospoliticosveracruz.com\/index.php?rest_route=\/wp\/v2\/posts"}],"about":[{"href":"https:\/\/lospoliticosveracruz.com\/index.php?rest_route=\/wp\/v2\/types\/post"}],"author":[{"embeddable":true,"href":"https:\/\/lospoliticosveracruz.com\/index.php?rest_route=\/wp\/v2\/users\/2"}],"replies":[{"embeddable":true,"href":"https:\/\/lospoliticosveracruz.com\/index.php?rest_route=%2Fwp%2Fv2%2Fcomments&post=95205"}],"version-history":[{"count":1,"href":"https:\/\/lospoliticosveracruz.com\/index.php?rest_route=\/wp\/v2\/posts\/95205\/revisions"}],"predecessor-version":[{"id":95206,"href":"https:\/\/lospoliticosveracruz.com\/index.php?rest_route=\/wp\/v2\/posts\/95205\/revisions\/95206"}],"wp:attachment":[{"href":"https:\/\/lospoliticosveracruz.com\/index.php?rest_route=%2Fwp%2Fv2%2Fmedia&parent=95205"}],"wp:term":[{"taxonomy":"category","embeddable":true,"href":"https:\/\/lospoliticosveracruz.com\/index.php?rest_route=%2Fwp%2Fv2%2Fcategories&post=95205"},{"taxonomy":"post_tag","embeddable":true,"href":"https:\/\/lospoliticosveracruz.com\/index.php?rest_route=%2Fwp%2Fv2%2Ftags&post=95205"}],"curies":[{"name":"wp","href":"https:\/\/api.w.org\/{rel}","templated":true}]}}