{"id":95221,"date":"2022-09-09T10:19:33","date_gmt":"2022-09-09T15:19:33","guid":{"rendered":"https:\/\/lospoliticosveracruz.com.mx\/?p=95221"},"modified":"2022-09-09T10:19:38","modified_gmt":"2022-09-09T15:19:38","slug":"septiembre-mes-del-testamento","status":"publish","type":"post","link":"https:\/\/lospoliticosveracruz.com\/?p=95221","title":{"rendered":"SEPTIEMBRE, MES DEL TESTAMENTO"},"content":{"rendered":"\n<p><strong>Teresa Carbajal<\/strong><\/p>\n\n\n\n<p><em>Debo, no niego; pago, lo justo<\/em><\/p>\n\n\n\n<p>Parece mentira, pero a\u00fan al d\u00eda de hoy pensar en hacer un Testamento, es pensar en el d\u00eda en que nos despediremos de esta vida y de nuestros seres queridos; a ello obedece sin duda, la negativa reiterada a dejar por escrito nuestra \u00faltima voluntad.<\/p>\n\n\n\n<figure class=\"wp-block-embed is-type-video is-provider-youtube wp-block-embed-youtube wp-embed-aspect-16-9 wp-has-aspect-ratio\"><div class=\"wp-block-embed__wrapper\">\n<iframe loading=\"lazy\" title=\"Cluster Coworking\" width=\"696\" height=\"392\" src=\"https:\/\/www.youtube.com\/embed\/Nxe-vxf8GuY?feature=oembed\" frameborder=\"0\" allow=\"accelerometer; autoplay; clipboard-write; encrypted-media; gyroscope; picture-in-picture; web-share\" referrerpolicy=\"strict-origin-when-cross-origin\" allowfullscreen><\/iframe>\n<\/div><\/figure>\n\n\n\n<p>Septiembre nos ofrece como cada a\u00f1o la oportunidad de reflexionar sobre la forma en que deseamos se disponga de nuestros bienes cuando ya no estemos presentes, sobre la protecci\u00f3n que queremos dejar a quienes necesitar\u00e1n ser protegidos a\u00fan despu\u00e9s de nuestra muerte.<\/p>\n\n\n\n<p>Ello porque durante septiembre se desarrolla una jornada anual que organizan los notarios p\u00fablicos de todo el pa\u00eds sobre el testamento, a fin de hacer accesibles los costos, y desde luego dedicar mayor tiempo y espacio a brindar asesor\u00edas a quienes deciden tomar acuerdos sobre la forma en que sus herederos habr\u00e1n de gozar con seguridad jur\u00eddica de los bienes y derechos que les deban de corresponder.<\/p>\n\n\n\n<p>Hacer un testamento es tambi\u00e9n, una forma de cuidar el patrimonio; es dejar tranquilidad a la familia, y sobre todo evitarles gastos, tiempo, desgaste, incluso la ruptura de los v\u00ednculos afectivos que siempre terminan da\u00f1\u00e1ndose cuando se enfrenta un juicio para ordenar lo que no se tuvo el tiempo, o la voluntad de disponer conforme a las leyes; par\u00e1metros con los que no se estar\u00e1 siempre de acuerdo. Eso aunado a los imprevistos y altos costos que tendr\u00e1n que enfrentar los herederos para regularizar sus derechos.<\/p>\n\n\n\n<p>Es momento de buscar entonces en estas fechas, ordenar los documentos y acudir con el notario p\u00fablico de nuestra elecci\u00f3n (y de mucha confianza) pues este nos podr\u00e1 asesorar sobre las dudas que se tienen en torno a la elaboraci\u00f3n de un testamento.<\/p>\n\n\n\n<p>Ejemplos de familias fracturadas por una herencia hay muchos, al grado de decir que quiz\u00e1 todos conocemos por lo menos un par de casos, si no es que la propia experiencia personal. Se imagina, qu\u00e9 tan diferente habr\u00eda sido nuestra vida si la abuela, el pap\u00e1, o el t\u00edo hubieran dejado dispuesto con firmeza su \u00faltima decisi\u00f3n, sobre lo que hacer ante su ausencia, esa que siempre sal\u00eda a relucir en las fiestas o reuniones familiares, promesas que jam\u00e1s se cumplieron y juramentos de hermanos que tampoco se respetaron.<\/p>\n\n\n\n<p>En fin, de la muerte no se vuelve, no se regresa a enmendar los errores, por eso es tan importante dedicar estas l\u00edneas a dar tres puntos importantes sobre el asunto, primero, que nadie puede hacer por Usted el Testamento, por eso se considera un tr\u00e1mite personal (y secreto) que no es dado a conocer a los herederos hasta el momento de la ausencia, quiz\u00e1 esta sea una de las mayores dudas sobre el mismo, si sus familiares (beneficiarios o excluidos) se enterar\u00e1n de esa \u00faltima voluntad.<\/p>\n\n\n\n<p>Tambi\u00e9n que es un acto de libertad, porque cada quien decide a qui\u00e9n o quienes heredar y bajo qu\u00e9 condiciones lo har\u00e1, y desde luego el momento en el que puede hacerse, no hay una fecha, no hay un plazo, no hay una vigencia, eso s\u00ed; hay que estar vivo para firmarlo.<\/p>\n\n\n\n<p>Por \u00faltimo, es un error pensar que una vez que se haga el testamento ya no se podr\u00e1 cambiar, porque el testamento es revocable, puede hacerse y cambiarse cuantas veces se desea, si es que llega a cambiar la decisi\u00f3n sobre a qui\u00e9n dejar como heredero, pues la vida y las circunstancias no son inmutables y nuestras propias necesidades son siempre cambiantes.<\/p>\n\n\n\n<p>Tambi\u00e9n se puede disponer sobre bienes o derechos futuros, y tambi\u00e9n sobre hijos futuros o acreedores alimentarios. As\u00ed que ya no le piense tanto, y aproveche este dos mil veintid\u00f3s la oportunidad que le da septiembre para ahorrar un poco, y dejar ese regalo a sus seres queridos que le agradecer\u00e1n el haber tomado las previsiones necesarias para darles tranquilidad y seguridad, en lugar de un caos.<\/p>\n\n\n\n<p>Por cierto que otra duda constante es si se puede heredar alg\u00fan bien que est\u00e9 hipotecado o cuando se tienen adeudos, la respuesta es s\u00ed, tambi\u00e9n en ese caso se podr\u00e1 hacer y desde luego que todo aquello que abone a la tranquilidad de nuestra familia no ser\u00e1 un esfuerzo en vano, ni una gasto in\u00fatil, por el contrario es una inversi\u00f3n.<\/p>\n\n\n\n<p>Llama al 2281148502 visite&nbsp;&nbsp;www.elbarzonrc.org Contacte elbarzonrc@yahoo.com.mx, O s\u00edgame en @terecarbajal<\/p>\n","protected":false},"excerpt":{"rendered":"<p>Teresa Carbajal Debo, no niego; pago, lo justo Parece mentira, pero a\u00fan al d\u00eda de hoy pensar en hacer un Testamento, es pensar en el d\u00eda en que nos despediremos de esta vida y de nuestros seres queridos; a ello obedece sin duda, la negativa reiterada a dejar por escrito nuestra \u00faltima voluntad. Septiembre nos [&hellip;]<\/p>\n","protected":false},"author":2,"featured_media":0,"comment_status":"closed","ping_status":"closed","sticky":false,"template":"","format":"standard","meta":{"tdm_status":"","tdm_grid_status":"","footnotes":""},"categories":[70],"tags":[29166],"class_list":{"0":"post-95221","1":"post","2":"type-post","3":"status-publish","4":"format-standard","6":"category-de-opinion","7":"tag-mes-del-testamento"},"yoast_head":"<!-- This site is optimized with the Yoast SEO plugin v27.4 - https:\/\/yoast.com\/product\/yoast-seo-wordpress\/ -->\n<title>SEPTIEMBRE, MES DEL TESTAMENTO - Los pol\u00edticos Veracruz<\/title>\n<meta name=\"robots\" content=\"index, follow, max-snippet:-1, max-image-preview:large, max-video-preview:-1\" \/>\n<link rel=\"canonical\" href=\"https:\/\/lospoliticosveracruz.com\/?p=95221\" \/>\n<meta property=\"og:locale\" content=\"es_ES\" \/>\n<meta property=\"og:type\" content=\"article\" \/>\n<meta property=\"og:title\" content=\"SEPTIEMBRE, MES DEL TESTAMENTO - Los pol\u00edticos Veracruz\" \/>\n<meta property=\"og:description\" content=\"Teresa Carbajal Debo, no niego; pago, lo justo Parece mentira, pero a\u00fan al d\u00eda de hoy pensar en hacer un Testamento, es pensar en el d\u00eda en que nos despediremos de esta vida y de nuestros seres queridos; a ello obedece sin duda, la negativa reiterada a dejar por escrito nuestra \u00faltima voluntad. Septiembre nos [&hellip;]\" \/>\n<meta property=\"og:url\" content=\"https:\/\/lospoliticosveracruz.com\/?p=95221\" \/>\n<meta property=\"og:site_name\" content=\"Los pol\u00edticos Veracruz\" \/>\n<meta property=\"article:publisher\" content=\"https:\/\/www.facebook.com\/people\/Notimemes-de-los-Polticos\/61565672886568\/\" \/>\n<meta property=\"article:published_time\" content=\"2022-09-09T15:19:33+00:00\" \/>\n<meta property=\"article:modified_time\" content=\"2022-09-09T15:19:38+00:00\" \/>\n<meta property=\"og:image\" content=\"https:\/\/lospoliticosveracruz.com\/wp-content\/uploads\/2016\/07\/Logo-Dor.jpg\" \/>\n\t<meta property=\"og:image:width\" content=\"200\" \/>\n\t<meta property=\"og:image:height\" content=\"200\" \/>\n\t<meta property=\"og:image:type\" content=\"image\/jpeg\" \/>\n<meta name=\"author\" content=\"Lo viste en Los Pol\u00edticos\" \/>\n<meta name=\"twitter:card\" content=\"summary_large_image\" \/>\n<meta name=\"twitter:creator\" content=\"@LosPoliticosVer\" \/>\n<meta name=\"twitter:site\" content=\"@LosPoliticosVer\" \/>\n<meta name=\"twitter:label1\" content=\"Escrito por\" \/>\n\t<meta name=\"twitter:data1\" content=\"Lo viste en Los Pol\u00edticos\" \/>\n\t<meta name=\"twitter:label2\" content=\"Tiempo de lectura\" \/>\n\t<meta name=\"twitter:data2\" content=\"4 minutos\" \/>\n<script type=\"application\/ld+json\" class=\"yoast-schema-graph\">{\"@context\":\"https:\\\/\\\/schema.org\",\"@graph\":[{\"@type\":\"Article\",\"@id\":\"https:\\\/\\\/lospoliticosveracruz.com\\\/?p=95221#article\",\"isPartOf\":{\"@id\":\"https:\\\/\\\/lospoliticosveracruz.com\\\/?p=95221\"},\"author\":{\"name\":\"Lo viste en Los Pol\u00edticos\",\"@id\":\"https:\\\/\\\/lospoliticosveracruz.com\\\/#\\\/schema\\\/person\\\/b8702bb0e538456e6efd07080bf2a4a2\"},\"headline\":\"SEPTIEMBRE, MES DEL TESTAMENTO\",\"datePublished\":\"2022-09-09T15:19:33+00:00\",\"dateModified\":\"2022-09-09T15:19:38+00:00\",\"mainEntityOfPage\":{\"@id\":\"https:\\\/\\\/lospoliticosveracruz.com\\\/?p=95221\"},\"wordCount\":778,\"publisher\":{\"@id\":\"https:\\\/\\\/lospoliticosveracruz.com\\\/#organization\"},\"keywords\":[\"Mes del Testamento\"],\"articleSection\":[\"De Opini\u00f3n\"],\"inLanguage\":\"es\"},{\"@type\":\"WebPage\",\"@id\":\"https:\\\/\\\/lospoliticosveracruz.com\\\/?p=95221\",\"url\":\"https:\\\/\\\/lospoliticosveracruz.com\\\/?p=95221\",\"name\":\"SEPTIEMBRE, MES DEL TESTAMENTO - Los pol\u00edticos Veracruz\",\"isPartOf\":{\"@id\":\"https:\\\/\\\/lospoliticosveracruz.com\\\/#website\"},\"datePublished\":\"2022-09-09T15:19:33+00:00\",\"dateModified\":\"2022-09-09T15:19:38+00:00\",\"breadcrumb\":{\"@id\":\"https:\\\/\\\/lospoliticosveracruz.com\\\/?p=95221#breadcrumb\"},\"inLanguage\":\"es\",\"potentialAction\":[{\"@type\":\"ReadAction\",\"target\":[\"https:\\\/\\\/lospoliticosveracruz.com\\\/?p=95221\"]}]},{\"@type\":\"BreadcrumbList\",\"@id\":\"https:\\\/\\\/lospoliticosveracruz.com\\\/?p=95221#breadcrumb\",\"itemListElement\":[{\"@type\":\"ListItem\",\"position\":1,\"name\":\"Portada\",\"item\":\"https:\\\/\\\/lospoliticosveracruz.com\\\/\"},{\"@type\":\"ListItem\",\"position\":2,\"name\":\"SEPTIEMBRE, MES DEL TESTAMENTO\"}]},{\"@type\":\"WebSite\",\"@id\":\"https:\\\/\\\/lospoliticosveracruz.com\\\/#website\",\"url\":\"https:\\\/\\\/lospoliticosveracruz.com\\\/\",\"name\":\"Los pol\u00edticos Veracruz\",\"description\":\"\",\"publisher\":{\"@id\":\"https:\\\/\\\/lospoliticosveracruz.com\\\/#organization\"},\"potentialAction\":[{\"@type\":\"SearchAction\",\"target\":{\"@type\":\"EntryPoint\",\"urlTemplate\":\"https:\\\/\\\/lospoliticosveracruz.com\\\/?s={search_term_string}\"},\"query-input\":{\"@type\":\"PropertyValueSpecification\",\"valueRequired\":true,\"valueName\":\"search_term_string\"}}],\"inLanguage\":\"es\"},{\"@type\":\"Organization\",\"@id\":\"https:\\\/\\\/lospoliticosveracruz.com\\\/#organization\",\"name\":\"Los pol\u00edticos Veracruz\",\"url\":\"https:\\\/\\\/lospoliticosveracruz.com\\\/\",\"logo\":{\"@type\":\"ImageObject\",\"inLanguage\":\"es\",\"@id\":\"https:\\\/\\\/lospoliticosveracruz.com\\\/#\\\/schema\\\/logo\\\/image\\\/\",\"url\":\"https:\\\/\\\/lospoliticosveracruz.com\\\/wp-content\\\/uploads\\\/2025\\\/12\\\/Logo-Nuevo-LOS-POLITICOS-1.jpg\",\"contentUrl\":\"https:\\\/\\\/lospoliticosveracruz.com\\\/wp-content\\\/uploads\\\/2025\\\/12\\\/Logo-Nuevo-LOS-POLITICOS-1.jpg\",\"width\":260,\"height\":70,\"caption\":\"Los pol\u00edticos Veracruz\"},\"image\":{\"@id\":\"https:\\\/\\\/lospoliticosveracruz.com\\\/#\\\/schema\\\/logo\\\/image\\\/\"},\"sameAs\":[\"https:\\\/\\\/www.facebook.com\\\/people\\\/Notimemes-de-los-Polticos\\\/61565672886568\\\/\",\"https:\\\/\\\/x.com\\\/LosPoliticosVer\"]},{\"@type\":\"Person\",\"@id\":\"https:\\\/\\\/lospoliticosveracruz.com\\\/#\\\/schema\\\/person\\\/b8702bb0e538456e6efd07080bf2a4a2\",\"name\":\"Lo viste en Los Pol\u00edticos\",\"image\":{\"@type\":\"ImageObject\",\"inLanguage\":\"es\",\"@id\":\"https:\\\/\\\/secure.gravatar.com\\\/avatar\\\/3a8de04a2656d44082be478bd6c086daa447c4651605818287b9532d3d0bd435?s=96&d=mm&r=g\",\"url\":\"https:\\\/\\\/secure.gravatar.com\\\/avatar\\\/3a8de04a2656d44082be478bd6c086daa447c4651605818287b9532d3d0bd435?s=96&d=mm&r=g\",\"contentUrl\":\"https:\\\/\\\/secure.gravatar.com\\\/avatar\\\/3a8de04a2656d44082be478bd6c086daa447c4651605818287b9532d3d0bd435?s=96&d=mm&r=g\",\"caption\":\"Lo viste en Los Pol\u00edticos\"},\"url\":\"https:\\\/\\\/lospoliticosveracruz.com\\\/?author=2\"}]}<\/script>\n<!-- \/ Yoast SEO plugin. -->","yoast_head_json":{"title":"SEPTIEMBRE, MES DEL TESTAMENTO - Los pol\u00edticos Veracruz","robots":{"index":"index","follow":"follow","max-snippet":"max-snippet:-1","max-image-preview":"max-image-preview:large","max-video-preview":"max-video-preview:-1"},"canonical":"https:\/\/lospoliticosveracruz.com\/?p=95221","og_locale":"es_ES","og_type":"article","og_title":"SEPTIEMBRE, MES DEL TESTAMENTO - Los pol\u00edticos Veracruz","og_description":"Teresa Carbajal Debo, no niego; pago, lo justo Parece mentira, pero a\u00fan al d\u00eda de hoy pensar en hacer un Testamento, es pensar en el d\u00eda en que nos despediremos de esta vida y de nuestros seres queridos; a ello obedece sin duda, la negativa reiterada a dejar por escrito nuestra \u00faltima voluntad. Septiembre nos [&hellip;]","og_url":"https:\/\/lospoliticosveracruz.com\/?p=95221","og_site_name":"Los pol\u00edticos Veracruz","article_publisher":"https:\/\/www.facebook.com\/people\/Notimemes-de-los-Polticos\/61565672886568\/","article_published_time":"2022-09-09T15:19:33+00:00","article_modified_time":"2022-09-09T15:19:38+00:00","og_image":[{"width":200,"height":200,"url":"https:\/\/lospoliticosveracruz.com\/wp-content\/uploads\/2016\/07\/Logo-Dor.jpg","type":"image\/jpeg"}],"author":"Lo viste en Los Pol\u00edticos","twitter_card":"summary_large_image","twitter_creator":"@LosPoliticosVer","twitter_site":"@LosPoliticosVer","twitter_misc":{"Escrito por":"Lo viste en Los Pol\u00edticos","Tiempo de lectura":"4 minutos"},"schema":{"@context":"https:\/\/schema.org","@graph":[{"@type":"Article","@id":"https:\/\/lospoliticosveracruz.com\/?p=95221#article","isPartOf":{"@id":"https:\/\/lospoliticosveracruz.com\/?p=95221"},"author":{"name":"Lo viste en Los Pol\u00edticos","@id":"https:\/\/lospoliticosveracruz.com\/#\/schema\/person\/b8702bb0e538456e6efd07080bf2a4a2"},"headline":"SEPTIEMBRE, MES DEL TESTAMENTO","datePublished":"2022-09-09T15:19:33+00:00","dateModified":"2022-09-09T15:19:38+00:00","mainEntityOfPage":{"@id":"https:\/\/lospoliticosveracruz.com\/?p=95221"},"wordCount":778,"publisher":{"@id":"https:\/\/lospoliticosveracruz.com\/#organization"},"keywords":["Mes del Testamento"],"articleSection":["De Opini\u00f3n"],"inLanguage":"es"},{"@type":"WebPage","@id":"https:\/\/lospoliticosveracruz.com\/?p=95221","url":"https:\/\/lospoliticosveracruz.com\/?p=95221","name":"SEPTIEMBRE, MES DEL TESTAMENTO - Los pol\u00edticos Veracruz","isPartOf":{"@id":"https:\/\/lospoliticosveracruz.com\/#website"},"datePublished":"2022-09-09T15:19:33+00:00","dateModified":"2022-09-09T15:19:38+00:00","breadcrumb":{"@id":"https:\/\/lospoliticosveracruz.com\/?p=95221#breadcrumb"},"inLanguage":"es","potentialAction":[{"@type":"ReadAction","target":["https:\/\/lospoliticosveracruz.com\/?p=95221"]}]},{"@type":"BreadcrumbList","@id":"https:\/\/lospoliticosveracruz.com\/?p=95221#breadcrumb","itemListElement":[{"@type":"ListItem","position":1,"name":"Portada","item":"https:\/\/lospoliticosveracruz.com\/"},{"@type":"ListItem","position":2,"name":"SEPTIEMBRE, MES DEL TESTAMENTO"}]},{"@type":"WebSite","@id":"https:\/\/lospoliticosveracruz.com\/#website","url":"https:\/\/lospoliticosveracruz.com\/","name":"Los pol\u00edticos Veracruz","description":"","publisher":{"@id":"https:\/\/lospoliticosveracruz.com\/#organization"},"potentialAction":[{"@type":"SearchAction","target":{"@type":"EntryPoint","urlTemplate":"https:\/\/lospoliticosveracruz.com\/?s={search_term_string}"},"query-input":{"@type":"PropertyValueSpecification","valueRequired":true,"valueName":"search_term_string"}}],"inLanguage":"es"},{"@type":"Organization","@id":"https:\/\/lospoliticosveracruz.com\/#organization","name":"Los pol\u00edticos Veracruz","url":"https:\/\/lospoliticosveracruz.com\/","logo":{"@type":"ImageObject","inLanguage":"es","@id":"https:\/\/lospoliticosveracruz.com\/#\/schema\/logo\/image\/","url":"https:\/\/lospoliticosveracruz.com\/wp-content\/uploads\/2025\/12\/Logo-Nuevo-LOS-POLITICOS-1.jpg","contentUrl":"https:\/\/lospoliticosveracruz.com\/wp-content\/uploads\/2025\/12\/Logo-Nuevo-LOS-POLITICOS-1.jpg","width":260,"height":70,"caption":"Los pol\u00edticos Veracruz"},"image":{"@id":"https:\/\/lospoliticosveracruz.com\/#\/schema\/logo\/image\/"},"sameAs":["https:\/\/www.facebook.com\/people\/Notimemes-de-los-Polticos\/61565672886568\/","https:\/\/x.com\/LosPoliticosVer"]},{"@type":"Person","@id":"https:\/\/lospoliticosveracruz.com\/#\/schema\/person\/b8702bb0e538456e6efd07080bf2a4a2","name":"Lo viste en Los Pol\u00edticos","image":{"@type":"ImageObject","inLanguage":"es","@id":"https:\/\/secure.gravatar.com\/avatar\/3a8de04a2656d44082be478bd6c086daa447c4651605818287b9532d3d0bd435?s=96&d=mm&r=g","url":"https:\/\/secure.gravatar.com\/avatar\/3a8de04a2656d44082be478bd6c086daa447c4651605818287b9532d3d0bd435?s=96&d=mm&r=g","contentUrl":"https:\/\/secure.gravatar.com\/avatar\/3a8de04a2656d44082be478bd6c086daa447c4651605818287b9532d3d0bd435?s=96&d=mm&r=g","caption":"Lo viste en Los Pol\u00edticos"},"url":"https:\/\/lospoliticosveracruz.com\/?author=2"}]}},"_links":{"self":[{"href":"https:\/\/lospoliticosveracruz.com\/index.php?rest_route=\/wp\/v2\/posts\/95221","targetHints":{"allow":["GET"]}}],"collection":[{"href":"https:\/\/lospoliticosveracruz.com\/index.php?rest_route=\/wp\/v2\/posts"}],"about":[{"href":"https:\/\/lospoliticosveracruz.com\/index.php?rest_route=\/wp\/v2\/types\/post"}],"author":[{"embeddable":true,"href":"https:\/\/lospoliticosveracruz.com\/index.php?rest_route=\/wp\/v2\/users\/2"}],"replies":[{"embeddable":true,"href":"https:\/\/lospoliticosveracruz.com\/index.php?rest_route=%2Fwp%2Fv2%2Fcomments&post=95221"}],"version-history":[{"count":1,"href":"https:\/\/lospoliticosveracruz.com\/index.php?rest_route=\/wp\/v2\/posts\/95221\/revisions"}],"predecessor-version":[{"id":95223,"href":"https:\/\/lospoliticosveracruz.com\/index.php?rest_route=\/wp\/v2\/posts\/95221\/revisions\/95223"}],"wp:attachment":[{"href":"https:\/\/lospoliticosveracruz.com\/index.php?rest_route=%2Fwp%2Fv2%2Fmedia&parent=95221"}],"wp:term":[{"taxonomy":"category","embeddable":true,"href":"https:\/\/lospoliticosveracruz.com\/index.php?rest_route=%2Fwp%2Fv2%2Fcategories&post=95221"},{"taxonomy":"post_tag","embeddable":true,"href":"https:\/\/lospoliticosveracruz.com\/index.php?rest_route=%2Fwp%2Fv2%2Ftags&post=95221"}],"curies":[{"name":"wp","href":"https:\/\/api.w.org\/{rel}","templated":true}]}}