{"id":95248,"date":"2022-09-10T08:41:55","date_gmt":"2022-09-10T13:41:55","guid":{"rendered":"https:\/\/lospoliticosveracruz.com.mx\/?p=95248"},"modified":"2022-09-10T08:42:01","modified_gmt":"2022-09-10T13:42:01","slug":"tavo-perez-delia-y-cazarin","status":"publish","type":"post","link":"https:\/\/lospoliticosveracruz.com\/?p=95248","title":{"rendered":"TAVO P\u00c9REZ, DELIA Y CAZAR\u00cdN"},"content":{"rendered":"\n<p><strong>Ricardo Ch\u00faa<\/strong><\/p>\n\n\n\n<p><em>Sale y Vale<\/em><\/p>\n\n\n\n<p>Nos cuenta \u00abGarganta Profunda\u00bb que all\u00e1 del 2019&#8230; Cuando apenas acaba de ganar el poder MORENA en Veracruz&#8230; S\u00f3lo ten\u00edan unos meses de haber asumido el cargo en el gobierno estatal y el Congreso del Estado&#8230; El entonces incipiente diputado local y l\u00edder de la bancada morenista en el recinto legislativo, Juan Javier G\u00f3mez Cazar\u00edn fue DESPRECIADO por un poderoso alcalde de Los Tuxtlas&#8230; Cuya famil\u00eda ten\u00eda a\u00f1os en el poder&#8230; Y consider\u00f3 a Cazar\u00edn \u00abpoca cosa\u00bb para platicar con \u00e9l&#8230;.\u00a0<\/p>\n\n\n\n<figure class=\"wp-block-embed is-type-video is-provider-youtube wp-block-embed-youtube wp-embed-aspect-16-9 wp-has-aspect-ratio\"><div class=\"wp-block-embed__wrapper\">\n<iframe loading=\"lazy\" title=\"Cluster Coworking\" width=\"696\" height=\"392\" src=\"https:\/\/www.youtube.com\/embed\/Nxe-vxf8GuY?feature=oembed\" frameborder=\"0\" allow=\"accelerometer; autoplay; clipboard-write; encrypted-media; gyroscope; picture-in-picture; web-share\" referrerpolicy=\"strict-origin-when-cross-origin\" allowfullscreen><\/iframe>\n<\/div><\/figure>\n\n\n\n<p>Se dice que G\u00f3mez Cazar\u00edn buscaba adentrarse en Los Tuxtlas&#8230; Y alguien le recomend\u00f3 sentarse con los 3 alcaldes que eran de su distrito: San Andr\u00e9s Tuxtla, Catemaco y Hueyapan de Ocampo&#8230; Con Catemaco y Hueyapan no tuvo el problema&#8230; El asunto fue cuando quiso hablar con el alcalde de San Andr\u00e9s Tuxtla, Octavio P\u00e9rez Garay&#8230; Heredero de la fortuna paterna y materna&#8230; Tambi\u00e9n de su clase pol\u00edtica&#8230; Acababa de ascender al poder en 2017&#8230; Y las \u00ablenguas de doble filo\u00bb comentan que dijo: \u00abCazar\u00edn en mi mesa, conmigo como creen\u00bb&#8230;&nbsp; &nbsp;<\/p>\n\n\n\n<p>La persona que llev\u00f3 esa propuesta&#8230; Se fue fue con la respuesta adversa de P\u00e9rez Garay&#8230; Lo hizo menos por no estar \u00aba su nivel\u00bb&#8230; Obvio que el mensaje lleg\u00f3 al diputado&#8230; Y este dijo que \u00abYo lo perdono, pero no olvido ofensas\u00bb&#8230; Al paso del tiempo, Cazar\u00edn se fue fortaleciendo como legislador local, operador de Cuitl\u00e1huac Garc\u00eda en el Congreso Local, luego operador de Roc\u00edo Nahle al 2024 y ahora en este 2022, en su segundo periodo como diputado local, se volvi\u00f3 a\u00fan m\u00e1s poderoso dentro del Congreso del Estado&#8230; Nadie le compite en eso&#8230;<\/p>\n\n\n\n<p>As\u00ed que ahora este tema viene a colaci\u00f3n porque se dice que despu\u00e9s del esc\u00e1ndalo de corrupci\u00f3n, que presuntamente, pas\u00f3 en el \u00d3rgano de Fiscalizaci\u00f3n Superior de Veracruz (ORFIS) donde sus altos funcionarios \u00ablimpiaban\u00bb las cuentas p\u00fablicas de ex alcaldes del periodo 2017-2021&#8230; Se tiene SOSPECHAS que Tavo P\u00e9rez Garay, ex alcalde de San Andr\u00e9s Tuxtla, era uno de sus personajes que hab\u00eda cometido DA\u00d1O PATRIMONIAL en su administraci\u00f3n y le estaban \u00ablimpiando\u00bb sus cuentas en el ORFIS&#8230;.&nbsp;<\/p>\n\n\n\n<p>Las \u00ablenguas de doble filo\u00bb se\u00f1alan que \u00e9l se hab\u00eda \u00abentendido\u00bb con personajes cercanos a Delia Gonz\u00e1lez Cobos, titular del ORFIS, para sacar su cuentas p\u00fablicas y sin ning\u00fan \u00abrasp\u00f3n\u00bb&#8230; Y la cosa iba bien&#8230; Pero se dieron cuenta en Palacio de Gobierno y Congreso Local&#8230; Y Cazar\u00edn mand\u00f3 a cambiar la Comisi\u00f3n de Vigilancia y muchos funcionarios del ORFIS \u00abrenunciaron\u00bb a sus cargos&#8230; Ah\u00ed PRESUNTAMENTE \u00abdejaron colgado\u00bb a Tavo P\u00e9rez porque los funcionarios que lo ayudaban se fueron&#8230; Y ahora nada pueden hacer&#8230;<\/p>\n\n\n\n<p>Lo peor fue cuando en el pueblo&#8230; Se enteraron por las redes sociales de sus familiares&#8230; Que Tavo P\u00e9rez andaba de vacaciones por Europa y desayunaba o cenaba en la Torre Eiffel de Par\u00eds, Francia&#8230; Eso en San Andr\u00e9s Tuxtla fue un \u00abmegaesc\u00e1ndalo\u00bb porque la ciudadan\u00eda dice que el ex alcalde se anda paseando como \u00abcampante\u00bb cuando tiene cuentas p\u00fablicas que resolver&#8230; Y algunos ciudadanos buscaron a Cazar\u00edn para que procediera en el Congreso Local&#8230; Ah\u00ed fue donde \u00abchill\u00f3 la marrana\u00bb&#8230;<\/p>\n\n\n\n<p>Ya que con todos los cambios de ORFIS&#8230; De la posici\u00f3n endeble de Del\u00eda Gonz\u00e1lez Cobos&#8230; Y con el \u00abtamal\u00bb descubierto en esta dependencia&#8230; Dice \u00abGarganta Profunda\u00bb que el \u00fanico que lo puede \u00absalvar\u00bb del Da\u00f1o Patrimonial&#8230; Es G\u00f3mez Cazar\u00edn&#8230;Ese diputado local que cuando lo busco para charlar con \u00e9l&#8230; Este lo despreci\u00f3 por no estar a la \u00abaltura de su vida\u00bb&#8230; Y que menos lo iba a invitar a la mesa en su residencia&#8230; Y al parecer, Cazar\u00edn tampoco lo olvid\u00f3&#8230; Y ahora \u00e9l anda en su papel de \u00abDivo\u00bb&#8230;&nbsp;<\/p>\n\n\n\n<p>\u00abGarganta Profunda\u00bb se\u00f1ala que ahora es Tavo P\u00e9rez, el que busca con desesperaci\u00f3n a Cazar\u00edn&#8230; Ya que el pueblo de San Andr\u00e9s Tuxtla anda enardecido por el viaje a Francia&#8230; Y est\u00e1n pidiendo \u00absangre\u00bb pol\u00edtica&#8230; Y Cazar\u00edn es el \u00fanico con poder para calmar las \u00abaguas\u00bb o dejar pasar y proceder en consecuencia&#8230; Por eso, dicen que las llamadas a su celular por parte de Tavo P\u00e9rez&#8230; NO CESAN&#8230; Qui\u00e9n dir\u00eda las vueltas de la vida&#8230; Antes ni lo\u00bbpelaba\u00bb&#8230; AHORA LE DICE \u00abSE\u00d1OR\u00bb&#8230; F\u00edjate bien a qui\u00e9n pisas al subir, no sea que te lo encuentres al bajar&#8230;&nbsp;&nbsp;<\/p>\n\n\n\n<p>VERACRUZ, NADA PARA NADIE&#8230; Despu\u00e9s de lo que sucedi\u00f3 en el Congreso de Energ\u00eda llevado a cabo en Boca del R\u00edo&#8230; D\u00f3nde la principal meta era apuntalar a Roc\u00edo Nahle, como secretar\u00eda de Energ\u00eda del gobierno federal&#8230; Para lograr ocupar la candidatura a gobernador por MORENA&#8230; Al parecer, despu\u00e9s de ver el resultado junto con la poca convocatoria de la funcionaria&#8230; Al gobernador, Cuitl\u00e1huac Garc\u00eda le qued\u00f3 claro como a los personajes del CEN de MORENA&#8230;. Es que en Veracruz para el 2024&#8230;&nbsp;&nbsp;NO HAY NADA PARA NADIE&#8230;&nbsp;<\/p>\n\n\n\n<p>Cuitl\u00e1huac tiene mucho que pensar al respecto porque se dio cuenta, que la fortaleza que pensaba que ten\u00eda Nahle&#8230; Pues resulta que es la misma de un \u00abtehuac\u00e1n sin gas\u00bb&#8230;Por eso, es que en su momento, Manuel Huerta Ladr\u00f3n de Guevara, delegado del gobierno federal en Veracruz, ha dicho que la quiere y que la va a buscar&#8230; La anda buscando tambi\u00e9n, Sergio Guti\u00e9rrez Luna y obviamente funcionarios estatales, que se pueden quedar la candidatura como Eric Cisneros, Zenyazen Escobar o Jos\u00e9 Luis Lima Franco&#8230; Hasta Hugo Guti\u00e9rrez&#8230;<\/p>\n\n\n\n<p>Es que lo que hizo EVIDENTE esa \u00abdebilidad\u00bb de Roc\u00edo Nahle&#8230;. Fue que tuvo que llenar de estudiantes de preparatoria, el sal\u00f3n del WTC donde se llev\u00f3 a acabo el evento&#8230; Lo dicho, desde que a Roc\u00edo le quitaron el \u00abcandado\u00bb legal, conocido como la \u00abLey Nahle\u00bb&#8230; La funcionaria federal viene en \u00abpicada\u00bb de las preferencias ciudadanas.. No les gusta a los veracruzanos que alguien de afuera los gobierne&#8230; Y esa ca\u00edda se ve reflejada en la poca convocatoria que tiene en sus eventos y los tiene que \u00abrellenar\u00bb de estudiantes&#8230;<\/p>\n\n\n\n<p>El sost\u00e9n de Nahle es el gobierno de Cuitl\u00e1huac.. Pero este tiene en su gabinete estatal, a varios personajes, que est\u00e1n buscando como \u00abderribarla\u00bb de la candidatura del 2024&#8230; Y pues de los eventos que ha realizado el gobierno estatal&#8230; Se ve que Cuitll\u00e1huac no tiene a qui\u00e9n confiarle a la titular de SENER y si a eso le sumas malas convocatorias&#8230; Por eso, se dice que el CEN de MORENA junto con Palacio Nacional&#8230;. ANALIZAN si se queda o no con la candidatura o si entra o no&#8230; Un emergente.. AMEN..<\/p>\n","protected":false},"excerpt":{"rendered":"<p>Ricardo Ch\u00faa Sale y Vale Nos cuenta \u00abGarganta Profunda\u00bb que all\u00e1 del 2019&#8230; Cuando apenas acaba de ganar el poder MORENA en Veracruz&#8230; S\u00f3lo ten\u00edan unos meses de haber asumido el cargo en el gobierno estatal y el Congreso del Estado&#8230; El entonces incipiente diputado local y l\u00edder de la bancada morenista en el recinto [&hellip;]<\/p>\n","protected":false},"author":2,"featured_media":0,"comment_status":"closed","ping_status":"closed","sticky":false,"template":"","format":"standard","meta":{"tdm_status":"","tdm_grid_status":"","footnotes":""},"categories":[70],"tags":[1563,15181,12686,1850,1026,261,1918,3578,16147,195],"class_list":{"0":"post-95248","1":"post","2":"type-post","3":"status-publish","4":"format-standard","6":"category-de-opinion","7":"tag-cuitlahuac-garcia-jimenez","8":"tag-delia-gonzalez-cobos","9":"tag-eric-cisneros","10":"tag-manuel-huerta-ladron-de-guevara","11":"tag-morena","12":"tag-octavio-perez-garay","13":"tag-organo-de-fiscalizacion-superior-de-veracruz","14":"tag-rocio-nahle","15":"tag-sergio-gutierrez-luna","16":"tag-veracruz"},"yoast_head":"<!-- This site is optimized with the Yoast SEO plugin v27.4 - https:\/\/yoast.com\/product\/yoast-seo-wordpress\/ -->\n<title>TAVO P\u00c9REZ, DELIA Y CAZAR\u00cdN - Los pol\u00edticos Veracruz<\/title>\n<meta name=\"robots\" content=\"index, follow, max-snippet:-1, max-image-preview:large, max-video-preview:-1\" \/>\n<link rel=\"canonical\" href=\"https:\/\/lospoliticosveracruz.com\/?p=95248\" \/>\n<meta property=\"og:locale\" content=\"es_ES\" \/>\n<meta property=\"og:type\" content=\"article\" \/>\n<meta property=\"og:title\" content=\"TAVO P\u00c9REZ, DELIA Y CAZAR\u00cdN - Los pol\u00edticos Veracruz\" \/>\n<meta property=\"og:description\" content=\"Ricardo Ch\u00faa Sale y Vale Nos cuenta \u00abGarganta Profunda\u00bb que all\u00e1 del 2019&#8230; Cuando apenas acaba de ganar el poder MORENA en Veracruz&#8230; S\u00f3lo ten\u00edan unos meses de haber asumido el cargo en el gobierno estatal y el Congreso del Estado&#8230; El entonces incipiente diputado local y l\u00edder de la bancada morenista en el recinto [&hellip;]\" \/>\n<meta property=\"og:url\" content=\"https:\/\/lospoliticosveracruz.com\/?p=95248\" \/>\n<meta property=\"og:site_name\" content=\"Los pol\u00edticos Veracruz\" \/>\n<meta property=\"article:publisher\" content=\"https:\/\/www.facebook.com\/people\/Notimemes-de-los-Polticos\/61565672886568\/\" \/>\n<meta property=\"article:published_time\" content=\"2022-09-10T13:41:55+00:00\" \/>\n<meta property=\"article:modified_time\" content=\"2022-09-10T13:42:01+00:00\" \/>\n<meta property=\"og:image\" content=\"https:\/\/lospoliticosveracruz.com\/wp-content\/uploads\/2016\/07\/Logo-Dor.jpg\" \/>\n\t<meta property=\"og:image:width\" content=\"200\" \/>\n\t<meta property=\"og:image:height\" content=\"200\" \/>\n\t<meta property=\"og:image:type\" content=\"image\/jpeg\" \/>\n<meta name=\"author\" content=\"Lo viste en Los Pol\u00edticos\" \/>\n<meta name=\"twitter:card\" content=\"summary_large_image\" \/>\n<meta name=\"twitter:creator\" content=\"@LosPoliticosVer\" \/>\n<meta name=\"twitter:site\" content=\"@LosPoliticosVer\" \/>\n<meta name=\"twitter:label1\" content=\"Escrito por\" \/>\n\t<meta name=\"twitter:data1\" content=\"Lo viste en Los Pol\u00edticos\" \/>\n\t<meta name=\"twitter:label2\" content=\"Tiempo de lectura\" \/>\n\t<meta name=\"twitter:data2\" content=\"6 minutos\" \/>\n<script type=\"application\/ld+json\" class=\"yoast-schema-graph\">{\"@context\":\"https:\\\/\\\/schema.org\",\"@graph\":[{\"@type\":\"Article\",\"@id\":\"https:\\\/\\\/lospoliticosveracruz.com\\\/?p=95248#article\",\"isPartOf\":{\"@id\":\"https:\\\/\\\/lospoliticosveracruz.com\\\/?p=95248\"},\"author\":{\"name\":\"Lo viste en Los Pol\u00edticos\",\"@id\":\"https:\\\/\\\/lospoliticosveracruz.com\\\/#\\\/schema\\\/person\\\/b8702bb0e538456e6efd07080bf2a4a2\"},\"headline\":\"TAVO P\u00c9REZ, DELIA Y CAZAR\u00cdN\",\"datePublished\":\"2022-09-10T13:41:55+00:00\",\"dateModified\":\"2022-09-10T13:42:01+00:00\",\"mainEntityOfPage\":{\"@id\":\"https:\\\/\\\/lospoliticosveracruz.com\\\/?p=95248\"},\"wordCount\":1180,\"publisher\":{\"@id\":\"https:\\\/\\\/lospoliticosveracruz.com\\\/#organization\"},\"keywords\":[\"Cuitl\u00e1huac Garc\u00eda Jim\u00e9nez\",\"Delia Gonz\u00e1lez Cobos\",\"Eric Cisneros\",\"Manuel Huerta Ladr\u00f3n de Guevara\",\"Morena\",\"Octavio P\u00e9rez Garay\",\"\u00d3rgano de Fiscalizaci\u00f3n Superior de Veracruz\",\"Roc\u00edo Nahle\",\"Sergio Guti\u00e9rrez Luna\",\"Veracruz\"],\"articleSection\":[\"De Opini\u00f3n\"],\"inLanguage\":\"es\"},{\"@type\":\"WebPage\",\"@id\":\"https:\\\/\\\/lospoliticosveracruz.com\\\/?p=95248\",\"url\":\"https:\\\/\\\/lospoliticosveracruz.com\\\/?p=95248\",\"name\":\"TAVO P\u00c9REZ, DELIA Y CAZAR\u00cdN - Los pol\u00edticos Veracruz\",\"isPartOf\":{\"@id\":\"https:\\\/\\\/lospoliticosveracruz.com\\\/#website\"},\"datePublished\":\"2022-09-10T13:41:55+00:00\",\"dateModified\":\"2022-09-10T13:42:01+00:00\",\"breadcrumb\":{\"@id\":\"https:\\\/\\\/lospoliticosveracruz.com\\\/?p=95248#breadcrumb\"},\"inLanguage\":\"es\",\"potentialAction\":[{\"@type\":\"ReadAction\",\"target\":[\"https:\\\/\\\/lospoliticosveracruz.com\\\/?p=95248\"]}]},{\"@type\":\"BreadcrumbList\",\"@id\":\"https:\\\/\\\/lospoliticosveracruz.com\\\/?p=95248#breadcrumb\",\"itemListElement\":[{\"@type\":\"ListItem\",\"position\":1,\"name\":\"Portada\",\"item\":\"https:\\\/\\\/lospoliticosveracruz.com\\\/\"},{\"@type\":\"ListItem\",\"position\":2,\"name\":\"TAVO P\u00c9REZ, DELIA Y CAZAR\u00cdN\"}]},{\"@type\":\"WebSite\",\"@id\":\"https:\\\/\\\/lospoliticosveracruz.com\\\/#website\",\"url\":\"https:\\\/\\\/lospoliticosveracruz.com\\\/\",\"name\":\"Los pol\u00edticos Veracruz\",\"description\":\"\",\"publisher\":{\"@id\":\"https:\\\/\\\/lospoliticosveracruz.com\\\/#organization\"},\"potentialAction\":[{\"@type\":\"SearchAction\",\"target\":{\"@type\":\"EntryPoint\",\"urlTemplate\":\"https:\\\/\\\/lospoliticosveracruz.com\\\/?s={search_term_string}\"},\"query-input\":{\"@type\":\"PropertyValueSpecification\",\"valueRequired\":true,\"valueName\":\"search_term_string\"}}],\"inLanguage\":\"es\"},{\"@type\":\"Organization\",\"@id\":\"https:\\\/\\\/lospoliticosveracruz.com\\\/#organization\",\"name\":\"Los pol\u00edticos Veracruz\",\"url\":\"https:\\\/\\\/lospoliticosveracruz.com\\\/\",\"logo\":{\"@type\":\"ImageObject\",\"inLanguage\":\"es\",\"@id\":\"https:\\\/\\\/lospoliticosveracruz.com\\\/#\\\/schema\\\/logo\\\/image\\\/\",\"url\":\"https:\\\/\\\/lospoliticosveracruz.com\\\/wp-content\\\/uploads\\\/2025\\\/12\\\/Logo-Nuevo-LOS-POLITICOS-1.jpg\",\"contentUrl\":\"https:\\\/\\\/lospoliticosveracruz.com\\\/wp-content\\\/uploads\\\/2025\\\/12\\\/Logo-Nuevo-LOS-POLITICOS-1.jpg\",\"width\":260,\"height\":70,\"caption\":\"Los pol\u00edticos Veracruz\"},\"image\":{\"@id\":\"https:\\\/\\\/lospoliticosveracruz.com\\\/#\\\/schema\\\/logo\\\/image\\\/\"},\"sameAs\":[\"https:\\\/\\\/www.facebook.com\\\/people\\\/Notimemes-de-los-Polticos\\\/61565672886568\\\/\",\"https:\\\/\\\/x.com\\\/LosPoliticosVer\"]},{\"@type\":\"Person\",\"@id\":\"https:\\\/\\\/lospoliticosveracruz.com\\\/#\\\/schema\\\/person\\\/b8702bb0e538456e6efd07080bf2a4a2\",\"name\":\"Lo viste en Los Pol\u00edticos\",\"image\":{\"@type\":\"ImageObject\",\"inLanguage\":\"es\",\"@id\":\"https:\\\/\\\/secure.gravatar.com\\\/avatar\\\/3a8de04a2656d44082be478bd6c086daa447c4651605818287b9532d3d0bd435?s=96&d=mm&r=g\",\"url\":\"https:\\\/\\\/secure.gravatar.com\\\/avatar\\\/3a8de04a2656d44082be478bd6c086daa447c4651605818287b9532d3d0bd435?s=96&d=mm&r=g\",\"contentUrl\":\"https:\\\/\\\/secure.gravatar.com\\\/avatar\\\/3a8de04a2656d44082be478bd6c086daa447c4651605818287b9532d3d0bd435?s=96&d=mm&r=g\",\"caption\":\"Lo viste en Los Pol\u00edticos\"},\"url\":\"https:\\\/\\\/lospoliticosveracruz.com\\\/?author=2\"}]}<\/script>\n<!-- \/ Yoast SEO plugin. -->","yoast_head_json":{"title":"TAVO P\u00c9REZ, DELIA Y CAZAR\u00cdN - Los pol\u00edticos Veracruz","robots":{"index":"index","follow":"follow","max-snippet":"max-snippet:-1","max-image-preview":"max-image-preview:large","max-video-preview":"max-video-preview:-1"},"canonical":"https:\/\/lospoliticosveracruz.com\/?p=95248","og_locale":"es_ES","og_type":"article","og_title":"TAVO P\u00c9REZ, DELIA Y CAZAR\u00cdN - Los pol\u00edticos Veracruz","og_description":"Ricardo Ch\u00faa Sale y Vale Nos cuenta \u00abGarganta Profunda\u00bb que all\u00e1 del 2019&#8230; Cuando apenas acaba de ganar el poder MORENA en Veracruz&#8230; S\u00f3lo ten\u00edan unos meses de haber asumido el cargo en el gobierno estatal y el Congreso del Estado&#8230; El entonces incipiente diputado local y l\u00edder de la bancada morenista en el recinto [&hellip;]","og_url":"https:\/\/lospoliticosveracruz.com\/?p=95248","og_site_name":"Los pol\u00edticos Veracruz","article_publisher":"https:\/\/www.facebook.com\/people\/Notimemes-de-los-Polticos\/61565672886568\/","article_published_time":"2022-09-10T13:41:55+00:00","article_modified_time":"2022-09-10T13:42:01+00:00","og_image":[{"width":200,"height":200,"url":"https:\/\/lospoliticosveracruz.com\/wp-content\/uploads\/2016\/07\/Logo-Dor.jpg","type":"image\/jpeg"}],"author":"Lo viste en Los Pol\u00edticos","twitter_card":"summary_large_image","twitter_creator":"@LosPoliticosVer","twitter_site":"@LosPoliticosVer","twitter_misc":{"Escrito por":"Lo viste en Los Pol\u00edticos","Tiempo de lectura":"6 minutos"},"schema":{"@context":"https:\/\/schema.org","@graph":[{"@type":"Article","@id":"https:\/\/lospoliticosveracruz.com\/?p=95248#article","isPartOf":{"@id":"https:\/\/lospoliticosveracruz.com\/?p=95248"},"author":{"name":"Lo viste en Los Pol\u00edticos","@id":"https:\/\/lospoliticosveracruz.com\/#\/schema\/person\/b8702bb0e538456e6efd07080bf2a4a2"},"headline":"TAVO P\u00c9REZ, DELIA Y CAZAR\u00cdN","datePublished":"2022-09-10T13:41:55+00:00","dateModified":"2022-09-10T13:42:01+00:00","mainEntityOfPage":{"@id":"https:\/\/lospoliticosveracruz.com\/?p=95248"},"wordCount":1180,"publisher":{"@id":"https:\/\/lospoliticosveracruz.com\/#organization"},"keywords":["Cuitl\u00e1huac Garc\u00eda Jim\u00e9nez","Delia Gonz\u00e1lez Cobos","Eric Cisneros","Manuel Huerta Ladr\u00f3n de Guevara","Morena","Octavio P\u00e9rez Garay","\u00d3rgano de Fiscalizaci\u00f3n Superior de Veracruz","Roc\u00edo Nahle","Sergio Guti\u00e9rrez Luna","Veracruz"],"articleSection":["De Opini\u00f3n"],"inLanguage":"es"},{"@type":"WebPage","@id":"https:\/\/lospoliticosveracruz.com\/?p=95248","url":"https:\/\/lospoliticosveracruz.com\/?p=95248","name":"TAVO P\u00c9REZ, DELIA Y CAZAR\u00cdN - Los pol\u00edticos Veracruz","isPartOf":{"@id":"https:\/\/lospoliticosveracruz.com\/#website"},"datePublished":"2022-09-10T13:41:55+00:00","dateModified":"2022-09-10T13:42:01+00:00","breadcrumb":{"@id":"https:\/\/lospoliticosveracruz.com\/?p=95248#breadcrumb"},"inLanguage":"es","potentialAction":[{"@type":"ReadAction","target":["https:\/\/lospoliticosveracruz.com\/?p=95248"]}]},{"@type":"BreadcrumbList","@id":"https:\/\/lospoliticosveracruz.com\/?p=95248#breadcrumb","itemListElement":[{"@type":"ListItem","position":1,"name":"Portada","item":"https:\/\/lospoliticosveracruz.com\/"},{"@type":"ListItem","position":2,"name":"TAVO P\u00c9REZ, DELIA Y CAZAR\u00cdN"}]},{"@type":"WebSite","@id":"https:\/\/lospoliticosveracruz.com\/#website","url":"https:\/\/lospoliticosveracruz.com\/","name":"Los pol\u00edticos Veracruz","description":"","publisher":{"@id":"https:\/\/lospoliticosveracruz.com\/#organization"},"potentialAction":[{"@type":"SearchAction","target":{"@type":"EntryPoint","urlTemplate":"https:\/\/lospoliticosveracruz.com\/?s={search_term_string}"},"query-input":{"@type":"PropertyValueSpecification","valueRequired":true,"valueName":"search_term_string"}}],"inLanguage":"es"},{"@type":"Organization","@id":"https:\/\/lospoliticosveracruz.com\/#organization","name":"Los pol\u00edticos Veracruz","url":"https:\/\/lospoliticosveracruz.com\/","logo":{"@type":"ImageObject","inLanguage":"es","@id":"https:\/\/lospoliticosveracruz.com\/#\/schema\/logo\/image\/","url":"https:\/\/lospoliticosveracruz.com\/wp-content\/uploads\/2025\/12\/Logo-Nuevo-LOS-POLITICOS-1.jpg","contentUrl":"https:\/\/lospoliticosveracruz.com\/wp-content\/uploads\/2025\/12\/Logo-Nuevo-LOS-POLITICOS-1.jpg","width":260,"height":70,"caption":"Los pol\u00edticos Veracruz"},"image":{"@id":"https:\/\/lospoliticosveracruz.com\/#\/schema\/logo\/image\/"},"sameAs":["https:\/\/www.facebook.com\/people\/Notimemes-de-los-Polticos\/61565672886568\/","https:\/\/x.com\/LosPoliticosVer"]},{"@type":"Person","@id":"https:\/\/lospoliticosveracruz.com\/#\/schema\/person\/b8702bb0e538456e6efd07080bf2a4a2","name":"Lo viste en Los Pol\u00edticos","image":{"@type":"ImageObject","inLanguage":"es","@id":"https:\/\/secure.gravatar.com\/avatar\/3a8de04a2656d44082be478bd6c086daa447c4651605818287b9532d3d0bd435?s=96&d=mm&r=g","url":"https:\/\/secure.gravatar.com\/avatar\/3a8de04a2656d44082be478bd6c086daa447c4651605818287b9532d3d0bd435?s=96&d=mm&r=g","contentUrl":"https:\/\/secure.gravatar.com\/avatar\/3a8de04a2656d44082be478bd6c086daa447c4651605818287b9532d3d0bd435?s=96&d=mm&r=g","caption":"Lo viste en Los Pol\u00edticos"},"url":"https:\/\/lospoliticosveracruz.com\/?author=2"}]}},"_links":{"self":[{"href":"https:\/\/lospoliticosveracruz.com\/index.php?rest_route=\/wp\/v2\/posts\/95248","targetHints":{"allow":["GET"]}}],"collection":[{"href":"https:\/\/lospoliticosveracruz.com\/index.php?rest_route=\/wp\/v2\/posts"}],"about":[{"href":"https:\/\/lospoliticosveracruz.com\/index.php?rest_route=\/wp\/v2\/types\/post"}],"author":[{"embeddable":true,"href":"https:\/\/lospoliticosveracruz.com\/index.php?rest_route=\/wp\/v2\/users\/2"}],"replies":[{"embeddable":true,"href":"https:\/\/lospoliticosveracruz.com\/index.php?rest_route=%2Fwp%2Fv2%2Fcomments&post=95248"}],"version-history":[{"count":1,"href":"https:\/\/lospoliticosveracruz.com\/index.php?rest_route=\/wp\/v2\/posts\/95248\/revisions"}],"predecessor-version":[{"id":95250,"href":"https:\/\/lospoliticosveracruz.com\/index.php?rest_route=\/wp\/v2\/posts\/95248\/revisions\/95250"}],"wp:attachment":[{"href":"https:\/\/lospoliticosveracruz.com\/index.php?rest_route=%2Fwp%2Fv2%2Fmedia&parent=95248"}],"wp:term":[{"taxonomy":"category","embeddable":true,"href":"https:\/\/lospoliticosveracruz.com\/index.php?rest_route=%2Fwp%2Fv2%2Fcategories&post=95248"},{"taxonomy":"post_tag","embeddable":true,"href":"https:\/\/lospoliticosveracruz.com\/index.php?rest_route=%2Fwp%2Fv2%2Ftags&post=95248"}],"curies":[{"name":"wp","href":"https:\/\/api.w.org\/{rel}","templated":true}]}}