{"id":95260,"date":"2022-09-11T07:09:43","date_gmt":"2022-09-11T12:09:43","guid":{"rendered":"https:\/\/lospoliticosveracruz.com.mx\/?p=95260"},"modified":"2022-09-11T07:09:51","modified_gmt":"2022-09-11T12:09:51","slug":"cambios-patrios","status":"publish","type":"post","link":"https:\/\/lospoliticosveracruz.com\/?p=95260","title":{"rendered":"CAMBIOS PATRIOS!"},"content":{"rendered":"\n<p><strong>Ricardo Ch\u00faa<\/strong><\/p>\n\n\n\n<p><em>Sale y Vale<\/em><\/p>\n\n\n\n<p>EXCLUSIVA\u2026 Se rumora que ser\u00e1 antes del periodo de asueto las fiestas patrias\u2026 Cuando se empiece a conocer quienes ser\u00e1n los posibles personajes en Veracruz, que podr\u00edan ser invitados al gabinete estatal de Cuitl\u00e1huac Garc\u00eda.. Luego de los fuertes rumores de que habr\u00e1 reajuste de altos funcionarios p\u00fablicos en su gobierno\u2026 Esto despu\u00e9s de que NO LES PARECI\u00d3 que el tema del Congreso de Energ\u00eda en Boca del R\u00edo llevado a cabo esta semana\u2026 No sali\u00f3 como quer\u00edan\u2026 SE ENOJARON Y EN SERIO\u2026<\/p>\n\n\n\n<p>Expusieron sin necesidad y sin tomar las medidas preventivas para que esto no pasara a la secretar\u00eda de Energ\u00eda del gobierno federal, Roc\u00edo Nahle\u2026 Adem\u00e1s aspira a la candidatura de MORENA al gobierno estatal\u2026 Pero con ese tipo de eventos, pues, simplemente no la ven como una precandidata con fuerza y con presencia en Veracruz\u2026 Pese al apoyo que tiene de Andr\u00e9s Manuel L\u00f3pez Obrador y Cuitl\u00e1huac Garc\u00eda\u2026 Junto con todo el presupuesto que cuenta en SENER\u2026 El evento se vio \u00abchamb\u00f3n\u00bb y eso molest\u00f3 a m\u00e1s de uno\u2026<\/p>\n\n\n\n<p>Por eso, los cambios que se iban hacer para \u00abreforzar\u00bb al gobierno de Cuitl\u00e1huac Garc\u00eda\u2026 Lo van hacer pero tambi\u00e9n para reforzar a la propia titular de SENER\u2026 Que en este evento se vio demasiado d\u00e9bil para aspirar a ser candidata\u2026 Y ella se tendr\u00e1 que preguntar: Qui\u00e9n desde adentro del Palacio de Gobierno y del gabinete estatal, le est\u00e1 haciendo su \u00abchamba\u00bb para que no llegue al 2024\u2026 Si bien es cierto, ha abierto muchos \u00abfrentes\u00bb pero el m\u00e1s peligroso\u2026 Es al interior del mismo\u2026Nahle v\u00edctima del \u00abFuego Amigo\u00bb\u2026 Y LO QUE FALTA\u2026 AMEN\u2026<\/p>\n\n\n\n<p>ORFIS Y LAS OTRAS DISPUTAS\u2026 En las redes sociales y grupos de whatsapp del \u00abc\u00edrculo rojo\u00bb en Veracruz\u2026 Se est\u00e1n dando con todo, diversos grupos internos y externos de MORENA y de otros partidos pol\u00edticos porque est\u00e1n DISPUTANDO todo lo que queda a\u00fan en el ORFIS y los despachos que hacen auditor\u00edas a los municipios.. Luego de la \u00ablimpia\u00bb de funcionarios en esta dependencia y en el Congreso del Estado, por las \u00absospechas\u00bb de que estaban presuntamente cobrando \u00abmoches\u00bb por pasar las cuentas p\u00fablicas de los ex alcaldes de Veracruz\u2026<\/p>\n\n\n\n<p>Como el esc\u00e1ndalo alcanz\u00f3 fuertes \u00absacudidas\u00bb al interior del ORFIS y de los diputados locales de Veracruz\u2026 Es obvio que como \u00abanimales carro\u00f1eros\u00bb, grupos de poder que esperaban su oportunidad, al salir los que estaban, quieren entrar a quedarse con lo que hay en el \u00d3rgano de Fiscalizaci\u00f3n Superior y del \u00abjugoso\u00bb tema de las auditor\u00edas\u2026 A pesar de que es un asunto m\u00e1s que vigilado y con \u00ablupa\u00bb en este momento por el Congreso del Estado, Palacio de Gobierno y en parte de la Auditor\u00eda Superior de la Federaci\u00f3n\u2026<\/p>\n\n\n\n<p>Ante la eminente \u00abdebilidad\u00bb pol\u00edtica que ahora tiene la titular del ORFIS, Delia Gonz\u00e1lez Cobos\u2026 Nos cuentan \u00abFuentes Internas\u00bb de que a la se\u00f1ora la est\u00e1n \u00abobligando\u00bb aunque es su responsabilidad legal\u2026 A presentar las denuncias correspondientes a los ex funcionarios de su dependencia, que presuntamente se prestaron a los \u00abmoches\u00bb de los ex alcaldes\u2026 Y que SI NO LO HACE podr\u00edan fincar un tipo de responsabilidad en su contra como el caso de INCUMPLIMIENTO DE UN DEBER LEGAL\u2026 En pocas palabras\u2026 La est\u00e1n \u00abapretando\u00bb\u2026<\/p>\n\n\n\n<p>Lo que desean al interior de los grupos de poder de MORENA\u2026 Es que la titular del ORFIS saque a todo ese personal, los exhiba y que puedan meter a su gente que est\u00e1n con el \u00abbat en el hombro\u00bb para empezar a \u00ablaborar\u00bb en el ORFIS\u2026 Los jugadores cambian, el juego no\u2026 As\u00ed que la \u00absacudida\u00bb en el ORFIS y en el Congreso Local al interior de MORENA no se ha acabado todav\u00eda y viene \u00ablo mejor\u00bb\u2026 Ya que los diputados locales se dieron cuenta que desde Palacio de Gobierno lo est\u00e1n \u00abexhibiendo\u00bb en redes sociales con sus pol\u00edticos aliados\u2026<\/p>\n\n\n\n<p>Ya que el otro grupo de poder de MORENA que NO TEN\u00cdA INJERENCIA en el ORFIS porque no los dejaban llegar\u2026 Est\u00e1 mandando a publicar versiones e historias de presuntos hechos de corrupci\u00f3n de diputados locales \u00abMorenos\u00bb con el ORFIS\u2026 Para salvar a ex alcaldes y a funcionarios estatales aliados con miras al 2024\u2026 La \u00abguerra\u00bb est\u00e1 a todo lo que da\u2026 Se dice que desde Palacio de Gobierno est\u00e1n manipulando esta informaci\u00f3n con ex alcaldes aliados, que no lograron \u00absalvar\u00bb su cuenta p\u00fablica del 2020 y 2021\u2026 Y los tienen \u00abbien trabados\u00bb\u2026<\/p>\n\n\n\n<p>Lo que los entes del Palacio de Gobierno desean es que SUS EX ALCALDES sean \u00absalvados\u00bb a como d\u00e9 lugar\u2026 Pese a la evidencia que hay de que realizaron un severo da\u00f1o patrimonial a las arcas p\u00fablicas\u2026 Y despu\u00e9s de las presuntas \u00abamenazas\u00bb al interior de MORENA de que estos ex alcaldes ser\u00e1n exhibidos en el Congreso Local de manera p\u00fablica\u2026 Para que despu\u00e9s no digan que es \u00abguerra sucia\u00bb en su contra\u2026 Viene la \u00abembarrada\u00bb para todos, no importa el nivel del \u00abpadrino\u00bb\u2026 Finalmente MORENA gobierna esos municipios\u2026<\/p>\n\n\n\n<p>EN RESUMEN\u2026 En Palacio de Gobierno y el Congreso del Estado se est\u00e1n peleando por el tema del ORFIS\u2026 Y por el asunto de los negocios de las auditor\u00edas\u2026 Se van a dar con todo\u2026 Van a tratar de CAZAR a ex funcionarios del ORFIS que ya anda de \u00abpelada\u00bb para que \u00abdespepiten\u00bb todo\u2026. Pero sobre todo ser\u00e1 importante esperar el presunto informe que dar\u00e1 el nuevo presidente de la Comisi\u00f3n de Vigilancia, Rafael Fararoni\u2026 Sobre los municipios que presentan SEVEROS da\u00f1os patrimoniales\u2026 VIENE LA RECULONA\u2026 DIOS LOS BENDIGA\u2026<\/p>\n\n\n\n<p>PD\u2026 El tema del ACOSO SEXUAL a funcionarias menores del ORFIS\u2026 Ya viene\u2026 Y es un expediente que se est\u00e1 preparando para que la evidencia sea directa y a los que presuntamente acusaran del tema no tengan la manera jur\u00eddica de salirse por la tangente\u2026 Se menciona que hasta v\u00eddeos hay\u2026 Y que algunos de ellos hasta fueron grabados\u2026 Desde hace unas semanas se viven \u00abtardes negras\u00bb en ese edificio del ORFIS\u2026. TAN\u2026 TAN\u2026 A ESPERAR\u2026<\/p>\n","protected":false},"excerpt":{"rendered":"<p>Ricardo Ch\u00faa Sale y Vale EXCLUSIVA\u2026 Se rumora que ser\u00e1 antes del periodo de asueto las fiestas patrias\u2026 Cuando se empiece a conocer quienes ser\u00e1n los posibles personajes en Veracruz, que podr\u00edan ser invitados al gabinete estatal de Cuitl\u00e1huac Garc\u00eda.. Luego de los fuertes rumores de que habr\u00e1 reajuste de altos funcionarios p\u00fablicos en su [&hellip;]<\/p>\n","protected":false},"author":2,"featured_media":0,"comment_status":"closed","ping_status":"closed","sticky":false,"template":"","format":"standard","meta":{"tdm_status":"","tdm_grid_status":"","footnotes":""},"categories":[70],"tags":[1563,1026,135,26717,195],"class_list":{"0":"post-95260","1":"post","2":"type-post","3":"status-publish","4":"format-standard","6":"category-de-opinion","7":"tag-cuitlahuac-garcia-jimenez","8":"tag-morena","9":"tag-orfis","10":"tag-rocio-nahle-2","11":"tag-veracruz"},"yoast_head":"<!-- This site is optimized with the Yoast SEO plugin v27.4 - https:\/\/yoast.com\/product\/yoast-seo-wordpress\/ -->\n<title>CAMBIOS PATRIOS! - Los pol\u00edticos Veracruz<\/title>\n<meta name=\"robots\" content=\"index, follow, max-snippet:-1, max-image-preview:large, max-video-preview:-1\" \/>\n<link rel=\"canonical\" href=\"https:\/\/lospoliticosveracruz.com\/?p=95260\" \/>\n<meta property=\"og:locale\" content=\"es_ES\" \/>\n<meta property=\"og:type\" content=\"article\" \/>\n<meta property=\"og:title\" content=\"CAMBIOS PATRIOS! - Los pol\u00edticos Veracruz\" \/>\n<meta property=\"og:description\" content=\"Ricardo Ch\u00faa Sale y Vale EXCLUSIVA\u2026 Se rumora que ser\u00e1 antes del periodo de asueto las fiestas patrias\u2026 Cuando se empiece a conocer quienes ser\u00e1n los posibles personajes en Veracruz, que podr\u00edan ser invitados al gabinete estatal de Cuitl\u00e1huac Garc\u00eda.. Luego de los fuertes rumores de que habr\u00e1 reajuste de altos funcionarios p\u00fablicos en su [&hellip;]\" \/>\n<meta property=\"og:url\" content=\"https:\/\/lospoliticosveracruz.com\/?p=95260\" \/>\n<meta property=\"og:site_name\" content=\"Los pol\u00edticos Veracruz\" \/>\n<meta property=\"article:publisher\" content=\"https:\/\/www.facebook.com\/people\/Notimemes-de-los-Polticos\/61565672886568\/\" \/>\n<meta property=\"article:published_time\" content=\"2022-09-11T12:09:43+00:00\" \/>\n<meta property=\"article:modified_time\" content=\"2022-09-11T12:09:51+00:00\" \/>\n<meta property=\"og:image\" content=\"https:\/\/lospoliticosveracruz.com\/wp-content\/uploads\/2016\/07\/Logo-Dor.jpg\" \/>\n\t<meta property=\"og:image:width\" content=\"200\" \/>\n\t<meta property=\"og:image:height\" content=\"200\" \/>\n\t<meta property=\"og:image:type\" content=\"image\/jpeg\" \/>\n<meta name=\"author\" content=\"Lo viste en Los Pol\u00edticos\" \/>\n<meta name=\"twitter:card\" content=\"summary_large_image\" \/>\n<meta name=\"twitter:creator\" content=\"@LosPoliticosVer\" \/>\n<meta name=\"twitter:site\" content=\"@LosPoliticosVer\" \/>\n<meta name=\"twitter:label1\" content=\"Escrito por\" \/>\n\t<meta name=\"twitter:data1\" content=\"Lo viste en Los Pol\u00edticos\" \/>\n\t<meta name=\"twitter:label2\" content=\"Tiempo de lectura\" \/>\n\t<meta name=\"twitter:data2\" content=\"5 minutos\" \/>\n<script type=\"application\/ld+json\" class=\"yoast-schema-graph\">{\"@context\":\"https:\\\/\\\/schema.org\",\"@graph\":[{\"@type\":\"Article\",\"@id\":\"https:\\\/\\\/lospoliticosveracruz.com\\\/?p=95260#article\",\"isPartOf\":{\"@id\":\"https:\\\/\\\/lospoliticosveracruz.com\\\/?p=95260\"},\"author\":{\"name\":\"Lo viste en Los Pol\u00edticos\",\"@id\":\"https:\\\/\\\/lospoliticosveracruz.com\\\/#\\\/schema\\\/person\\\/b8702bb0e538456e6efd07080bf2a4a2\"},\"headline\":\"CAMBIOS PATRIOS!\",\"datePublished\":\"2022-09-11T12:09:43+00:00\",\"dateModified\":\"2022-09-11T12:09:51+00:00\",\"mainEntityOfPage\":{\"@id\":\"https:\\\/\\\/lospoliticosveracruz.com\\\/?p=95260\"},\"wordCount\":1052,\"publisher\":{\"@id\":\"https:\\\/\\\/lospoliticosveracruz.com\\\/#organization\"},\"keywords\":[\"Cuitl\u00e1huac Garc\u00eda Jim\u00e9nez\",\"Morena\",\"Orfis\",\"Rocio Nahle\",\"Veracruz\"],\"articleSection\":[\"De Opini\u00f3n\"],\"inLanguage\":\"es\"},{\"@type\":\"WebPage\",\"@id\":\"https:\\\/\\\/lospoliticosveracruz.com\\\/?p=95260\",\"url\":\"https:\\\/\\\/lospoliticosveracruz.com\\\/?p=95260\",\"name\":\"CAMBIOS PATRIOS! - Los pol\u00edticos Veracruz\",\"isPartOf\":{\"@id\":\"https:\\\/\\\/lospoliticosveracruz.com\\\/#website\"},\"datePublished\":\"2022-09-11T12:09:43+00:00\",\"dateModified\":\"2022-09-11T12:09:51+00:00\",\"breadcrumb\":{\"@id\":\"https:\\\/\\\/lospoliticosveracruz.com\\\/?p=95260#breadcrumb\"},\"inLanguage\":\"es\",\"potentialAction\":[{\"@type\":\"ReadAction\",\"target\":[\"https:\\\/\\\/lospoliticosveracruz.com\\\/?p=95260\"]}]},{\"@type\":\"BreadcrumbList\",\"@id\":\"https:\\\/\\\/lospoliticosveracruz.com\\\/?p=95260#breadcrumb\",\"itemListElement\":[{\"@type\":\"ListItem\",\"position\":1,\"name\":\"Portada\",\"item\":\"https:\\\/\\\/lospoliticosveracruz.com\\\/\"},{\"@type\":\"ListItem\",\"position\":2,\"name\":\"CAMBIOS PATRIOS!\"}]},{\"@type\":\"WebSite\",\"@id\":\"https:\\\/\\\/lospoliticosveracruz.com\\\/#website\",\"url\":\"https:\\\/\\\/lospoliticosveracruz.com\\\/\",\"name\":\"Los pol\u00edticos Veracruz\",\"description\":\"\",\"publisher\":{\"@id\":\"https:\\\/\\\/lospoliticosveracruz.com\\\/#organization\"},\"potentialAction\":[{\"@type\":\"SearchAction\",\"target\":{\"@type\":\"EntryPoint\",\"urlTemplate\":\"https:\\\/\\\/lospoliticosveracruz.com\\\/?s={search_term_string}\"},\"query-input\":{\"@type\":\"PropertyValueSpecification\",\"valueRequired\":true,\"valueName\":\"search_term_string\"}}],\"inLanguage\":\"es\"},{\"@type\":\"Organization\",\"@id\":\"https:\\\/\\\/lospoliticosveracruz.com\\\/#organization\",\"name\":\"Los pol\u00edticos Veracruz\",\"url\":\"https:\\\/\\\/lospoliticosveracruz.com\\\/\",\"logo\":{\"@type\":\"ImageObject\",\"inLanguage\":\"es\",\"@id\":\"https:\\\/\\\/lospoliticosveracruz.com\\\/#\\\/schema\\\/logo\\\/image\\\/\",\"url\":\"https:\\\/\\\/lospoliticosveracruz.com\\\/wp-content\\\/uploads\\\/2025\\\/12\\\/Logo-Nuevo-LOS-POLITICOS-1.jpg\",\"contentUrl\":\"https:\\\/\\\/lospoliticosveracruz.com\\\/wp-content\\\/uploads\\\/2025\\\/12\\\/Logo-Nuevo-LOS-POLITICOS-1.jpg\",\"width\":260,\"height\":70,\"caption\":\"Los pol\u00edticos Veracruz\"},\"image\":{\"@id\":\"https:\\\/\\\/lospoliticosveracruz.com\\\/#\\\/schema\\\/logo\\\/image\\\/\"},\"sameAs\":[\"https:\\\/\\\/www.facebook.com\\\/people\\\/Notimemes-de-los-Polticos\\\/61565672886568\\\/\",\"https:\\\/\\\/x.com\\\/LosPoliticosVer\"]},{\"@type\":\"Person\",\"@id\":\"https:\\\/\\\/lospoliticosveracruz.com\\\/#\\\/schema\\\/person\\\/b8702bb0e538456e6efd07080bf2a4a2\",\"name\":\"Lo viste en Los Pol\u00edticos\",\"image\":{\"@type\":\"ImageObject\",\"inLanguage\":\"es\",\"@id\":\"https:\\\/\\\/secure.gravatar.com\\\/avatar\\\/3a8de04a2656d44082be478bd6c086daa447c4651605818287b9532d3d0bd435?s=96&d=mm&r=g\",\"url\":\"https:\\\/\\\/secure.gravatar.com\\\/avatar\\\/3a8de04a2656d44082be478bd6c086daa447c4651605818287b9532d3d0bd435?s=96&d=mm&r=g\",\"contentUrl\":\"https:\\\/\\\/secure.gravatar.com\\\/avatar\\\/3a8de04a2656d44082be478bd6c086daa447c4651605818287b9532d3d0bd435?s=96&d=mm&r=g\",\"caption\":\"Lo viste en Los Pol\u00edticos\"},\"url\":\"https:\\\/\\\/lospoliticosveracruz.com\\\/?author=2\"}]}<\/script>\n<!-- \/ Yoast SEO plugin. -->","yoast_head_json":{"title":"CAMBIOS PATRIOS! - Los pol\u00edticos Veracruz","robots":{"index":"index","follow":"follow","max-snippet":"max-snippet:-1","max-image-preview":"max-image-preview:large","max-video-preview":"max-video-preview:-1"},"canonical":"https:\/\/lospoliticosveracruz.com\/?p=95260","og_locale":"es_ES","og_type":"article","og_title":"CAMBIOS PATRIOS! - Los pol\u00edticos Veracruz","og_description":"Ricardo Ch\u00faa Sale y Vale EXCLUSIVA\u2026 Se rumora que ser\u00e1 antes del periodo de asueto las fiestas patrias\u2026 Cuando se empiece a conocer quienes ser\u00e1n los posibles personajes en Veracruz, que podr\u00edan ser invitados al gabinete estatal de Cuitl\u00e1huac Garc\u00eda.. Luego de los fuertes rumores de que habr\u00e1 reajuste de altos funcionarios p\u00fablicos en su [&hellip;]","og_url":"https:\/\/lospoliticosveracruz.com\/?p=95260","og_site_name":"Los pol\u00edticos Veracruz","article_publisher":"https:\/\/www.facebook.com\/people\/Notimemes-de-los-Polticos\/61565672886568\/","article_published_time":"2022-09-11T12:09:43+00:00","article_modified_time":"2022-09-11T12:09:51+00:00","og_image":[{"width":200,"height":200,"url":"https:\/\/lospoliticosveracruz.com\/wp-content\/uploads\/2016\/07\/Logo-Dor.jpg","type":"image\/jpeg"}],"author":"Lo viste en Los Pol\u00edticos","twitter_card":"summary_large_image","twitter_creator":"@LosPoliticosVer","twitter_site":"@LosPoliticosVer","twitter_misc":{"Escrito por":"Lo viste en Los Pol\u00edticos","Tiempo de lectura":"5 minutos"},"schema":{"@context":"https:\/\/schema.org","@graph":[{"@type":"Article","@id":"https:\/\/lospoliticosveracruz.com\/?p=95260#article","isPartOf":{"@id":"https:\/\/lospoliticosveracruz.com\/?p=95260"},"author":{"name":"Lo viste en Los Pol\u00edticos","@id":"https:\/\/lospoliticosveracruz.com\/#\/schema\/person\/b8702bb0e538456e6efd07080bf2a4a2"},"headline":"CAMBIOS PATRIOS!","datePublished":"2022-09-11T12:09:43+00:00","dateModified":"2022-09-11T12:09:51+00:00","mainEntityOfPage":{"@id":"https:\/\/lospoliticosveracruz.com\/?p=95260"},"wordCount":1052,"publisher":{"@id":"https:\/\/lospoliticosveracruz.com\/#organization"},"keywords":["Cuitl\u00e1huac Garc\u00eda Jim\u00e9nez","Morena","Orfis","Rocio Nahle","Veracruz"],"articleSection":["De Opini\u00f3n"],"inLanguage":"es"},{"@type":"WebPage","@id":"https:\/\/lospoliticosveracruz.com\/?p=95260","url":"https:\/\/lospoliticosveracruz.com\/?p=95260","name":"CAMBIOS PATRIOS! - Los pol\u00edticos Veracruz","isPartOf":{"@id":"https:\/\/lospoliticosveracruz.com\/#website"},"datePublished":"2022-09-11T12:09:43+00:00","dateModified":"2022-09-11T12:09:51+00:00","breadcrumb":{"@id":"https:\/\/lospoliticosveracruz.com\/?p=95260#breadcrumb"},"inLanguage":"es","potentialAction":[{"@type":"ReadAction","target":["https:\/\/lospoliticosveracruz.com\/?p=95260"]}]},{"@type":"BreadcrumbList","@id":"https:\/\/lospoliticosveracruz.com\/?p=95260#breadcrumb","itemListElement":[{"@type":"ListItem","position":1,"name":"Portada","item":"https:\/\/lospoliticosveracruz.com\/"},{"@type":"ListItem","position":2,"name":"CAMBIOS PATRIOS!"}]},{"@type":"WebSite","@id":"https:\/\/lospoliticosveracruz.com\/#website","url":"https:\/\/lospoliticosveracruz.com\/","name":"Los pol\u00edticos Veracruz","description":"","publisher":{"@id":"https:\/\/lospoliticosveracruz.com\/#organization"},"potentialAction":[{"@type":"SearchAction","target":{"@type":"EntryPoint","urlTemplate":"https:\/\/lospoliticosveracruz.com\/?s={search_term_string}"},"query-input":{"@type":"PropertyValueSpecification","valueRequired":true,"valueName":"search_term_string"}}],"inLanguage":"es"},{"@type":"Organization","@id":"https:\/\/lospoliticosveracruz.com\/#organization","name":"Los pol\u00edticos Veracruz","url":"https:\/\/lospoliticosveracruz.com\/","logo":{"@type":"ImageObject","inLanguage":"es","@id":"https:\/\/lospoliticosveracruz.com\/#\/schema\/logo\/image\/","url":"https:\/\/lospoliticosveracruz.com\/wp-content\/uploads\/2025\/12\/Logo-Nuevo-LOS-POLITICOS-1.jpg","contentUrl":"https:\/\/lospoliticosveracruz.com\/wp-content\/uploads\/2025\/12\/Logo-Nuevo-LOS-POLITICOS-1.jpg","width":260,"height":70,"caption":"Los pol\u00edticos Veracruz"},"image":{"@id":"https:\/\/lospoliticosveracruz.com\/#\/schema\/logo\/image\/"},"sameAs":["https:\/\/www.facebook.com\/people\/Notimemes-de-los-Polticos\/61565672886568\/","https:\/\/x.com\/LosPoliticosVer"]},{"@type":"Person","@id":"https:\/\/lospoliticosveracruz.com\/#\/schema\/person\/b8702bb0e538456e6efd07080bf2a4a2","name":"Lo viste en Los Pol\u00edticos","image":{"@type":"ImageObject","inLanguage":"es","@id":"https:\/\/secure.gravatar.com\/avatar\/3a8de04a2656d44082be478bd6c086daa447c4651605818287b9532d3d0bd435?s=96&d=mm&r=g","url":"https:\/\/secure.gravatar.com\/avatar\/3a8de04a2656d44082be478bd6c086daa447c4651605818287b9532d3d0bd435?s=96&d=mm&r=g","contentUrl":"https:\/\/secure.gravatar.com\/avatar\/3a8de04a2656d44082be478bd6c086daa447c4651605818287b9532d3d0bd435?s=96&d=mm&r=g","caption":"Lo viste en Los Pol\u00edticos"},"url":"https:\/\/lospoliticosveracruz.com\/?author=2"}]}},"_links":{"self":[{"href":"https:\/\/lospoliticosveracruz.com\/index.php?rest_route=\/wp\/v2\/posts\/95260","targetHints":{"allow":["GET"]}}],"collection":[{"href":"https:\/\/lospoliticosveracruz.com\/index.php?rest_route=\/wp\/v2\/posts"}],"about":[{"href":"https:\/\/lospoliticosveracruz.com\/index.php?rest_route=\/wp\/v2\/types\/post"}],"author":[{"embeddable":true,"href":"https:\/\/lospoliticosveracruz.com\/index.php?rest_route=\/wp\/v2\/users\/2"}],"replies":[{"embeddable":true,"href":"https:\/\/lospoliticosveracruz.com\/index.php?rest_route=%2Fwp%2Fv2%2Fcomments&post=95260"}],"version-history":[{"count":1,"href":"https:\/\/lospoliticosveracruz.com\/index.php?rest_route=\/wp\/v2\/posts\/95260\/revisions"}],"predecessor-version":[{"id":95262,"href":"https:\/\/lospoliticosveracruz.com\/index.php?rest_route=\/wp\/v2\/posts\/95260\/revisions\/95262"}],"wp:attachment":[{"href":"https:\/\/lospoliticosveracruz.com\/index.php?rest_route=%2Fwp%2Fv2%2Fmedia&parent=95260"}],"wp:term":[{"taxonomy":"category","embeddable":true,"href":"https:\/\/lospoliticosveracruz.com\/index.php?rest_route=%2Fwp%2Fv2%2Fcategories&post=95260"},{"taxonomy":"post_tag","embeddable":true,"href":"https:\/\/lospoliticosveracruz.com\/index.php?rest_route=%2Fwp%2Fv2%2Ftags&post=95260"}],"curies":[{"name":"wp","href":"https:\/\/api.w.org\/{rel}","templated":true}]}}