{"id":95481,"date":"2022-09-15T08:52:21","date_gmt":"2022-09-15T13:52:21","guid":{"rendered":"https:\/\/lospoliticosveracruz.com.mx\/?p=95481"},"modified":"2022-09-15T08:52:25","modified_gmt":"2022-09-15T13:52:25","slug":"internet-para-todos","status":"publish","type":"post","link":"https:\/\/lospoliticosveracruz.com\/?p=95481","title":{"rendered":"\u00bfINTERNET PARA TODOS?"},"content":{"rendered":"\n<p><strong>Sergio Gonz\u00e1lez Levet<\/strong><\/p>\n\n\n\n<p><em>Sin tacto<\/em><\/p>\n\n\n\n<p>\u00bfC\u00f3mo van las cosas en Palacio? Despacio\u2026 despacio.<\/p>\n\n\n\n<p>Y s\u00ed, lento pero seguro, sin prisas pero con pausas, el proyecto de dotar de Internet accesible a todos los mexicanos avanza poco a poco, y en las \u00faltimas semanas ya tuvimos alguna noticia de que se va a aprovechar la infraestructura de postes de la Comisi\u00f3n Federal de Electricidad para colocar estaciones que posibiliten la se\u00f1al en toda nuestra geograf\u00eda nacional.<\/p>\n\n\n\n<p>Si L\u00f3pez Obrador consigue sacar adelante esta promesa de campa\u00f1a estar\u00eda dando un verdadero campanazo, porque la conectividad universal es un acicate incomparable para el desarrollo de cualquier pa\u00eds.<\/p>\n\n\n\n<p>Lo siento por el querido Carlos Slim y su negociazo de Infinitum y de Telcel, que le deja muchos miles de millones de pesos al a\u00f1o por el servicio de datos. Lo que le quedar\u00e1 a las compa\u00f1\u00edas de M\u00edster Sears y otras similares va a ser que ofrezcan productos especializados de Internet, como ya lo hacen varias empresas mexicanas exitosas, como Sitwifi, que est\u00e1 asociada por la poderosa Google.<\/p>\n\n\n\n<p>Hay que notar que en el asunto del Internet hay dos modalidades: el fijo y el m\u00f3vil, es decir, la Banda Ancha Fija (BAF) y la Banda Ancha M\u00f3vil (BAM). Para el caso de Slim, la primera la ofrece a trav\u00e9s de Infinitum y la segunda mediante los celulares de Telcel. Ambos servicios resultan car\u00edsimos para los mexicanos, que terminan pagando cantidades mucho mayores que en el resto del mundo.<\/p>\n\n\n\n<p>Por eso en M\u00e9xico solamente hay 17% de usuarios BAF, cuando en Jap\u00f3n hay 34.79% y en Estados Unidos 36.61%.<\/p>\n\n\n\n<p>Y en el caso de la BAM, Jap\u00f3n tiene 190 suscripciones por cada 100 habitantes; Estados Unidos, 180, y M\u00e9xico solamente 85 (aqu\u00ed debemos tomar en cuenta que una persona puede tener muchas suscripciones y que se contabilizan tambi\u00e9n las de empresas y dependencias p\u00fablicas).<\/p>\n\n\n\n<p>La buena noticia es que hace 10 a\u00f1os en M\u00e9xico solamente hab\u00eda 12.5 usuarios por cada 100 habitantes y el crecimiento ha sido de m\u00e1s de 500 por ciento.<\/p>\n\n\n\n<p>Pero hay dos problemas: uno es que el servicio se concentra en las ciudades y dos, que el costo es muy elevado. Algunos gobiernos municipales y estatales, universidades p\u00fablicas y Google han estado haciendo esfuerzos para ofrecer Internet gratuito.<\/p>\n\n\n\n<p>Pero falta el gran empuj\u00f3n prometido por AMLO.<\/p>\n\n\n\n<p>Hay un negrito en el arroz, y es que seguramente Manuel Bartlett meti\u00f3 su cuchara y ahora resulta que el Internet que dar\u00e1 la CFE no ser\u00e1 gratuito, sino \u201cmuy barato\u201d, lo que impedir\u00e1 que los m\u00e1s jodidos, que son los que m\u00e1s lo necesitar\u00edan, lo puedan obtener, a menos que le den, por ejemplo, una tarascada a sus 3,850 pesos bimestrales.<\/p>\n\n\n\n<p>Y as\u00ed ni c\u00f3mo.<\/p>\n\n\n\n<p><a href=\"mailto:sglevet@gmail.com\">sglevet@gmail.com<\/a><\/p>\n","protected":false},"excerpt":{"rendered":"<p>Sergio Gonz\u00e1lez Levet Sin tacto \u00bfC\u00f3mo van las cosas en Palacio? Despacio\u2026 despacio. Y s\u00ed, lento pero seguro, sin prisas pero con pausas, el proyecto de dotar de Internet accesible a todos los mexicanos avanza poco a poco, y en las \u00faltimas semanas ya tuvimos alguna noticia de que se va a aprovechar la infraestructura [&hellip;]<\/p>\n","protected":false},"author":2,"featured_media":0,"comment_status":"closed","ping_status":"closed","sticky":false,"template":"","format":"standard","meta":{"tdm_status":"","tdm_grid_status":"","footnotes":""},"categories":[70],"tags":[4973,10338,12040,1026,1282],"class_list":{"0":"post-95481","1":"post","2":"type-post","3":"status-publish","4":"format-standard","6":"category-de-opinion","7":"tag-cfe","8":"tag-internet-gratuito","9":"tag-manuel-bartlett","10":"tag-morena","11":"tag-sergio-gonzalez-levet"},"yoast_head":"<!-- This site is optimized with the Yoast SEO plugin v27.4 - https:\/\/yoast.com\/product\/yoast-seo-wordpress\/ -->\n<title>\u00bfINTERNET PARA TODOS? - Los pol\u00edticos Veracruz<\/title>\n<meta name=\"robots\" content=\"index, follow, max-snippet:-1, max-image-preview:large, max-video-preview:-1\" \/>\n<link rel=\"canonical\" href=\"https:\/\/lospoliticosveracruz.com\/?p=95481\" \/>\n<meta property=\"og:locale\" content=\"es_ES\" \/>\n<meta property=\"og:type\" content=\"article\" \/>\n<meta property=\"og:title\" content=\"\u00bfINTERNET PARA TODOS? - Los pol\u00edticos Veracruz\" \/>\n<meta property=\"og:description\" content=\"Sergio Gonz\u00e1lez Levet Sin tacto \u00bfC\u00f3mo van las cosas en Palacio? Despacio\u2026 despacio. Y s\u00ed, lento pero seguro, sin prisas pero con pausas, el proyecto de dotar de Internet accesible a todos los mexicanos avanza poco a poco, y en las \u00faltimas semanas ya tuvimos alguna noticia de que se va a aprovechar la infraestructura [&hellip;]\" \/>\n<meta property=\"og:url\" content=\"https:\/\/lospoliticosveracruz.com\/?p=95481\" \/>\n<meta property=\"og:site_name\" content=\"Los pol\u00edticos Veracruz\" \/>\n<meta property=\"article:publisher\" content=\"https:\/\/www.facebook.com\/people\/Notimemes-de-los-Polticos\/61565672886568\/\" \/>\n<meta property=\"article:published_time\" content=\"2022-09-15T13:52:21+00:00\" \/>\n<meta property=\"article:modified_time\" content=\"2022-09-15T13:52:25+00:00\" \/>\n<meta property=\"og:image\" content=\"https:\/\/lospoliticosveracruz.com\/wp-content\/uploads\/2016\/07\/Logo-Dor.jpg\" \/>\n\t<meta property=\"og:image:width\" content=\"200\" \/>\n\t<meta property=\"og:image:height\" content=\"200\" \/>\n\t<meta property=\"og:image:type\" content=\"image\/jpeg\" \/>\n<meta name=\"author\" content=\"Lo viste en Los Pol\u00edticos\" \/>\n<meta name=\"twitter:card\" content=\"summary_large_image\" \/>\n<meta name=\"twitter:creator\" content=\"@LosPoliticosVer\" \/>\n<meta name=\"twitter:site\" content=\"@LosPoliticosVer\" \/>\n<meta name=\"twitter:label1\" content=\"Escrito por\" \/>\n\t<meta name=\"twitter:data1\" content=\"Lo viste en Los Pol\u00edticos\" \/>\n\t<meta name=\"twitter:label2\" content=\"Tiempo de lectura\" \/>\n\t<meta name=\"twitter:data2\" content=\"2 minutos\" \/>\n<script type=\"application\/ld+json\" class=\"yoast-schema-graph\">{\"@context\":\"https:\\\/\\\/schema.org\",\"@graph\":[{\"@type\":\"Article\",\"@id\":\"https:\\\/\\\/lospoliticosveracruz.com\\\/?p=95481#article\",\"isPartOf\":{\"@id\":\"https:\\\/\\\/lospoliticosveracruz.com\\\/?p=95481\"},\"author\":{\"name\":\"Lo viste en Los Pol\u00edticos\",\"@id\":\"https:\\\/\\\/lospoliticosveracruz.com\\\/#\\\/schema\\\/person\\\/b8702bb0e538456e6efd07080bf2a4a2\"},\"headline\":\"\u00bfINTERNET PARA TODOS?\",\"datePublished\":\"2022-09-15T13:52:21+00:00\",\"dateModified\":\"2022-09-15T13:52:25+00:00\",\"mainEntityOfPage\":{\"@id\":\"https:\\\/\\\/lospoliticosveracruz.com\\\/?p=95481\"},\"wordCount\":477,\"publisher\":{\"@id\":\"https:\\\/\\\/lospoliticosveracruz.com\\\/#organization\"},\"keywords\":[\"CFE\",\"Internet gratuito\",\"Manuel Bartlett\",\"Morena\",\"Sergio Gonz\u00e1lez Levet\"],\"articleSection\":[\"De Opini\u00f3n\"],\"inLanguage\":\"es\"},{\"@type\":\"WebPage\",\"@id\":\"https:\\\/\\\/lospoliticosveracruz.com\\\/?p=95481\",\"url\":\"https:\\\/\\\/lospoliticosveracruz.com\\\/?p=95481\",\"name\":\"\u00bfINTERNET PARA TODOS? - Los pol\u00edticos Veracruz\",\"isPartOf\":{\"@id\":\"https:\\\/\\\/lospoliticosveracruz.com\\\/#website\"},\"datePublished\":\"2022-09-15T13:52:21+00:00\",\"dateModified\":\"2022-09-15T13:52:25+00:00\",\"breadcrumb\":{\"@id\":\"https:\\\/\\\/lospoliticosveracruz.com\\\/?p=95481#breadcrumb\"},\"inLanguage\":\"es\",\"potentialAction\":[{\"@type\":\"ReadAction\",\"target\":[\"https:\\\/\\\/lospoliticosveracruz.com\\\/?p=95481\"]}]},{\"@type\":\"BreadcrumbList\",\"@id\":\"https:\\\/\\\/lospoliticosveracruz.com\\\/?p=95481#breadcrumb\",\"itemListElement\":[{\"@type\":\"ListItem\",\"position\":1,\"name\":\"Portada\",\"item\":\"https:\\\/\\\/lospoliticosveracruz.com\\\/\"},{\"@type\":\"ListItem\",\"position\":2,\"name\":\"\u00bfINTERNET PARA TODOS?\"}]},{\"@type\":\"WebSite\",\"@id\":\"https:\\\/\\\/lospoliticosveracruz.com\\\/#website\",\"url\":\"https:\\\/\\\/lospoliticosveracruz.com\\\/\",\"name\":\"Los pol\u00edticos Veracruz\",\"description\":\"\",\"publisher\":{\"@id\":\"https:\\\/\\\/lospoliticosveracruz.com\\\/#organization\"},\"potentialAction\":[{\"@type\":\"SearchAction\",\"target\":{\"@type\":\"EntryPoint\",\"urlTemplate\":\"https:\\\/\\\/lospoliticosveracruz.com\\\/?s={search_term_string}\"},\"query-input\":{\"@type\":\"PropertyValueSpecification\",\"valueRequired\":true,\"valueName\":\"search_term_string\"}}],\"inLanguage\":\"es\"},{\"@type\":\"Organization\",\"@id\":\"https:\\\/\\\/lospoliticosveracruz.com\\\/#organization\",\"name\":\"Los pol\u00edticos Veracruz\",\"url\":\"https:\\\/\\\/lospoliticosveracruz.com\\\/\",\"logo\":{\"@type\":\"ImageObject\",\"inLanguage\":\"es\",\"@id\":\"https:\\\/\\\/lospoliticosveracruz.com\\\/#\\\/schema\\\/logo\\\/image\\\/\",\"url\":\"https:\\\/\\\/lospoliticosveracruz.com\\\/wp-content\\\/uploads\\\/2025\\\/12\\\/Logo-Nuevo-LOS-POLITICOS-1.jpg\",\"contentUrl\":\"https:\\\/\\\/lospoliticosveracruz.com\\\/wp-content\\\/uploads\\\/2025\\\/12\\\/Logo-Nuevo-LOS-POLITICOS-1.jpg\",\"width\":260,\"height\":70,\"caption\":\"Los pol\u00edticos Veracruz\"},\"image\":{\"@id\":\"https:\\\/\\\/lospoliticosveracruz.com\\\/#\\\/schema\\\/logo\\\/image\\\/\"},\"sameAs\":[\"https:\\\/\\\/www.facebook.com\\\/people\\\/Notimemes-de-los-Polticos\\\/61565672886568\\\/\",\"https:\\\/\\\/x.com\\\/LosPoliticosVer\"]},{\"@type\":\"Person\",\"@id\":\"https:\\\/\\\/lospoliticosveracruz.com\\\/#\\\/schema\\\/person\\\/b8702bb0e538456e6efd07080bf2a4a2\",\"name\":\"Lo viste en Los Pol\u00edticos\",\"image\":{\"@type\":\"ImageObject\",\"inLanguage\":\"es\",\"@id\":\"https:\\\/\\\/secure.gravatar.com\\\/avatar\\\/3a8de04a2656d44082be478bd6c086daa447c4651605818287b9532d3d0bd435?s=96&d=mm&r=g\",\"url\":\"https:\\\/\\\/secure.gravatar.com\\\/avatar\\\/3a8de04a2656d44082be478bd6c086daa447c4651605818287b9532d3d0bd435?s=96&d=mm&r=g\",\"contentUrl\":\"https:\\\/\\\/secure.gravatar.com\\\/avatar\\\/3a8de04a2656d44082be478bd6c086daa447c4651605818287b9532d3d0bd435?s=96&d=mm&r=g\",\"caption\":\"Lo viste en Los Pol\u00edticos\"},\"url\":\"https:\\\/\\\/lospoliticosveracruz.com\\\/?author=2\"}]}<\/script>\n<!-- \/ Yoast SEO plugin. -->","yoast_head_json":{"title":"\u00bfINTERNET PARA TODOS? - Los pol\u00edticos Veracruz","robots":{"index":"index","follow":"follow","max-snippet":"max-snippet:-1","max-image-preview":"max-image-preview:large","max-video-preview":"max-video-preview:-1"},"canonical":"https:\/\/lospoliticosveracruz.com\/?p=95481","og_locale":"es_ES","og_type":"article","og_title":"\u00bfINTERNET PARA TODOS? - Los pol\u00edticos Veracruz","og_description":"Sergio Gonz\u00e1lez Levet Sin tacto \u00bfC\u00f3mo van las cosas en Palacio? Despacio\u2026 despacio. Y s\u00ed, lento pero seguro, sin prisas pero con pausas, el proyecto de dotar de Internet accesible a todos los mexicanos avanza poco a poco, y en las \u00faltimas semanas ya tuvimos alguna noticia de que se va a aprovechar la infraestructura [&hellip;]","og_url":"https:\/\/lospoliticosveracruz.com\/?p=95481","og_site_name":"Los pol\u00edticos Veracruz","article_publisher":"https:\/\/www.facebook.com\/people\/Notimemes-de-los-Polticos\/61565672886568\/","article_published_time":"2022-09-15T13:52:21+00:00","article_modified_time":"2022-09-15T13:52:25+00:00","og_image":[{"width":200,"height":200,"url":"https:\/\/lospoliticosveracruz.com\/wp-content\/uploads\/2016\/07\/Logo-Dor.jpg","type":"image\/jpeg"}],"author":"Lo viste en Los Pol\u00edticos","twitter_card":"summary_large_image","twitter_creator":"@LosPoliticosVer","twitter_site":"@LosPoliticosVer","twitter_misc":{"Escrito por":"Lo viste en Los Pol\u00edticos","Tiempo de lectura":"2 minutos"},"schema":{"@context":"https:\/\/schema.org","@graph":[{"@type":"Article","@id":"https:\/\/lospoliticosveracruz.com\/?p=95481#article","isPartOf":{"@id":"https:\/\/lospoliticosveracruz.com\/?p=95481"},"author":{"name":"Lo viste en Los Pol\u00edticos","@id":"https:\/\/lospoliticosveracruz.com\/#\/schema\/person\/b8702bb0e538456e6efd07080bf2a4a2"},"headline":"\u00bfINTERNET PARA TODOS?","datePublished":"2022-09-15T13:52:21+00:00","dateModified":"2022-09-15T13:52:25+00:00","mainEntityOfPage":{"@id":"https:\/\/lospoliticosveracruz.com\/?p=95481"},"wordCount":477,"publisher":{"@id":"https:\/\/lospoliticosveracruz.com\/#organization"},"keywords":["CFE","Internet gratuito","Manuel Bartlett","Morena","Sergio Gonz\u00e1lez Levet"],"articleSection":["De Opini\u00f3n"],"inLanguage":"es"},{"@type":"WebPage","@id":"https:\/\/lospoliticosveracruz.com\/?p=95481","url":"https:\/\/lospoliticosveracruz.com\/?p=95481","name":"\u00bfINTERNET PARA TODOS? - Los pol\u00edticos Veracruz","isPartOf":{"@id":"https:\/\/lospoliticosveracruz.com\/#website"},"datePublished":"2022-09-15T13:52:21+00:00","dateModified":"2022-09-15T13:52:25+00:00","breadcrumb":{"@id":"https:\/\/lospoliticosveracruz.com\/?p=95481#breadcrumb"},"inLanguage":"es","potentialAction":[{"@type":"ReadAction","target":["https:\/\/lospoliticosveracruz.com\/?p=95481"]}]},{"@type":"BreadcrumbList","@id":"https:\/\/lospoliticosveracruz.com\/?p=95481#breadcrumb","itemListElement":[{"@type":"ListItem","position":1,"name":"Portada","item":"https:\/\/lospoliticosveracruz.com\/"},{"@type":"ListItem","position":2,"name":"\u00bfINTERNET PARA TODOS?"}]},{"@type":"WebSite","@id":"https:\/\/lospoliticosveracruz.com\/#website","url":"https:\/\/lospoliticosveracruz.com\/","name":"Los pol\u00edticos Veracruz","description":"","publisher":{"@id":"https:\/\/lospoliticosveracruz.com\/#organization"},"potentialAction":[{"@type":"SearchAction","target":{"@type":"EntryPoint","urlTemplate":"https:\/\/lospoliticosveracruz.com\/?s={search_term_string}"},"query-input":{"@type":"PropertyValueSpecification","valueRequired":true,"valueName":"search_term_string"}}],"inLanguage":"es"},{"@type":"Organization","@id":"https:\/\/lospoliticosveracruz.com\/#organization","name":"Los pol\u00edticos Veracruz","url":"https:\/\/lospoliticosveracruz.com\/","logo":{"@type":"ImageObject","inLanguage":"es","@id":"https:\/\/lospoliticosveracruz.com\/#\/schema\/logo\/image\/","url":"https:\/\/lospoliticosveracruz.com\/wp-content\/uploads\/2025\/12\/Logo-Nuevo-LOS-POLITICOS-1.jpg","contentUrl":"https:\/\/lospoliticosveracruz.com\/wp-content\/uploads\/2025\/12\/Logo-Nuevo-LOS-POLITICOS-1.jpg","width":260,"height":70,"caption":"Los pol\u00edticos Veracruz"},"image":{"@id":"https:\/\/lospoliticosveracruz.com\/#\/schema\/logo\/image\/"},"sameAs":["https:\/\/www.facebook.com\/people\/Notimemes-de-los-Polticos\/61565672886568\/","https:\/\/x.com\/LosPoliticosVer"]},{"@type":"Person","@id":"https:\/\/lospoliticosveracruz.com\/#\/schema\/person\/b8702bb0e538456e6efd07080bf2a4a2","name":"Lo viste en Los Pol\u00edticos","image":{"@type":"ImageObject","inLanguage":"es","@id":"https:\/\/secure.gravatar.com\/avatar\/3a8de04a2656d44082be478bd6c086daa447c4651605818287b9532d3d0bd435?s=96&d=mm&r=g","url":"https:\/\/secure.gravatar.com\/avatar\/3a8de04a2656d44082be478bd6c086daa447c4651605818287b9532d3d0bd435?s=96&d=mm&r=g","contentUrl":"https:\/\/secure.gravatar.com\/avatar\/3a8de04a2656d44082be478bd6c086daa447c4651605818287b9532d3d0bd435?s=96&d=mm&r=g","caption":"Lo viste en Los Pol\u00edticos"},"url":"https:\/\/lospoliticosveracruz.com\/?author=2"}]}},"_links":{"self":[{"href":"https:\/\/lospoliticosveracruz.com\/index.php?rest_route=\/wp\/v2\/posts\/95481","targetHints":{"allow":["GET"]}}],"collection":[{"href":"https:\/\/lospoliticosveracruz.com\/index.php?rest_route=\/wp\/v2\/posts"}],"about":[{"href":"https:\/\/lospoliticosveracruz.com\/index.php?rest_route=\/wp\/v2\/types\/post"}],"author":[{"embeddable":true,"href":"https:\/\/lospoliticosveracruz.com\/index.php?rest_route=\/wp\/v2\/users\/2"}],"replies":[{"embeddable":true,"href":"https:\/\/lospoliticosveracruz.com\/index.php?rest_route=%2Fwp%2Fv2%2Fcomments&post=95481"}],"version-history":[{"count":1,"href":"https:\/\/lospoliticosveracruz.com\/index.php?rest_route=\/wp\/v2\/posts\/95481\/revisions"}],"predecessor-version":[{"id":95483,"href":"https:\/\/lospoliticosveracruz.com\/index.php?rest_route=\/wp\/v2\/posts\/95481\/revisions\/95483"}],"wp:attachment":[{"href":"https:\/\/lospoliticosveracruz.com\/index.php?rest_route=%2Fwp%2Fv2%2Fmedia&parent=95481"}],"wp:term":[{"taxonomy":"category","embeddable":true,"href":"https:\/\/lospoliticosveracruz.com\/index.php?rest_route=%2Fwp%2Fv2%2Fcategories&post=95481"},{"taxonomy":"post_tag","embeddable":true,"href":"https:\/\/lospoliticosveracruz.com\/index.php?rest_route=%2Fwp%2Fv2%2Ftags&post=95481"}],"curies":[{"name":"wp","href":"https:\/\/api.w.org\/{rel}","templated":true}]}}