{"id":95484,"date":"2022-09-15T09:04:01","date_gmt":"2022-09-15T14:04:01","guid":{"rendered":"https:\/\/lospoliticosveracruz.com.mx\/?p=95484"},"modified":"2022-09-15T09:04:07","modified_gmt":"2022-09-15T14:04:07","slug":"congruencia","status":"publish","type":"post","link":"https:\/\/lospoliticosveracruz.com\/?p=95484","title":{"rendered":"CONGRUENCIA&nbsp;"},"content":{"rendered":"\n<p><\/p>\n\n\n\n<p><strong>Omar Z\u00fa\u00f1iga<\/strong><\/p>\n\n\n\n<p><em>De Primera Mano<\/em><\/p>\n\n\n\n<p><\/p>\n\n\n\n<p>Ayer finalmente se realiz\u00f3 la sesi\u00f3n donde se vot\u00f3 en la&nbsp;C\u00e1mara de Diputados la reforma constitucional presentada por el PRI,&nbsp;para ampliar hasta 2029 la participaci\u00f3n de las&nbsp;Fuerzas Armadas&nbsp;en tareas de seguridad.<\/p>\n\n\n\n<p>El resultado a estas alturas, todos lo sabemos, gan\u00f3 el PRI-Mor. &nbsp;La mayor\u00eda del partido en el poder, los 252 diputados de Morena, fueron concentrados 24 horas antes en dos hoteles cercanos a San L\u00e1zaro y trasladados en autobuses desde muy temprano para votar a favor del dictamen, como en un partido oficial de futbol. Nada que se\u00f1alar\u2026, es congruencia con la instrucci\u00f3n de su jefe pol\u00edtico: el presidente L\u00f3pez Obrador.<\/p>\n\n\n\n<figure class=\"wp-block-embed is-type-video is-provider-youtube wp-block-embed-youtube wp-embed-aspect-16-9 wp-has-aspect-ratio\"><div class=\"wp-block-embed__wrapper\">\n<iframe loading=\"lazy\" title=\"Cluster Coworking\" width=\"696\" height=\"392\" src=\"https:\/\/www.youtube.com\/embed\/Nxe-vxf8GuY?feature=oembed\" frameborder=\"0\" allow=\"accelerometer; autoplay; clipboard-write; encrypted-media; gyroscope; picture-in-picture; web-share\" referrerpolicy=\"strict-origin-when-cross-origin\" allowfullscreen><\/iframe>\n<\/div><\/figure>\n\n\n\n<p>Esta reforma, que deja en labores de seguridad p\u00fablica a las Fuerzas Armadas hasta el a\u00f1o 2029, es decir, pr\u00e1cticamente hasta el final del pr\u00f3ximo sexenio, fue lanzada por&nbsp;<strong>Alejandro&nbsp;<\/strong><strong><em>Alito<\/em><\/strong><strong>&nbsp;Moreno&nbsp;<\/strong>a trav\u00e9s de una diputada.<\/p>\n\n\n\n<p>El miedo no anda en burro, dicen en el pueblo, las presiones surtieron efecto, y como no estamos en tiempos de los Ni\u00f1os H\u00e9roes, de los Hermanos Flores Mag\u00f3n o de Belisario Dom\u00ednguez, que ofrendaron su vida por la patria, es entendible que el apret\u00f3n que le dieron a&nbsp;<strong><em>Alito<\/em><\/strong>, tuviera el efecto deseado para L\u00f3pez Obrador.<\/p>\n\n\n\n<p>Cuando se vot\u00f3 el incremento al IVA, en el 2009 de&nbsp;<strong>Felipe Calder\u00f3n<\/strong>, el PAN no ten\u00eda los votos suficientes para aprobar la reforma; el cabildeo se dio a trav\u00e9s de los gobernadores priistas.<\/p>\n\n\n\n<p>En ese momento, la instrucci\u00f3n para la bancada veracruzana tricolor, coordinada por&nbsp;<strong>Javier Duarte<\/strong>, era apoyar con todo la iniciativa del presidente, y as\u00ed fue, salvo un valiente legislador que se rebel\u00f3 y dio sus razones para votar en contra, su nombre:&nbsp;<strong>Ricardo Ahued Bardahuil<\/strong>.<\/p>\n\n\n\n<p>Ayer, aunque entorno pol\u00edtico diferente, hay que destacar el papel en este mismo sentido tuvo el diputado federal&nbsp;<strong>Jos\u00e9 Francisco&nbsp;<\/strong><strong><em>Pepe&nbsp;<\/em><\/strong><strong>Yunes Zorrilla<\/strong>, al haber votado en contra de los intereses personales del presidente de su partido, pero en total congruencia con lo que el perote\u00f1o hace y dice.<\/p>\n\n\n\n<p>Por el PRI, s\u00f3lo \u00e9l y la diputada mexiquense&nbsp;<strong>Sue Ellen Bernal Bolnik<\/strong>, rechazaron la iniciativa, esfuerzos insuficientes, pero congruentes.<\/p>\n\n\n\n<p>A los dem\u00e1s\u2026 la historia les juzgar\u00e1.<\/p>\n\n\n\n<p>*****<\/p>\n\n\n\n<p>El fin de semana pasado estuvo en la patria chica el diputado de Morena&nbsp;<strong>Sergio Guti\u00e9rrez Luna<\/strong>, de visita en Xalapa con su familia, sus dos hijos peque\u00f1os y su esposa, se dio el lujo (porque es un lujo) de pasearse y placearse, ellos solitos, sin parafernalia de seguridad, disfrutando del emblem\u00e1tico Parque Ju\u00e1rez y conviviendo con la gente que ah\u00ed se encontraba, quienes al reconocerlo no dudaban en pedirle la foto, propios y extra\u00f1os, incluidos los ni\u00f1os, platicar, saludar\u2026<\/p>\n\n\n\n<p>Es tradici\u00f3n tambi\u00e9n que el gobernador en turno baje de sus oficinas de Palacio a darse una&nbsp;<em>boleada<\/em>, como pretexto para el ba\u00f1o de pueblo y brevemente, convivir con sus gobernados, saludar, tomarse la foto, platicar\u2026<\/p>\n\n\n\n<p>La \u00faltima vez que vimos esto fue este sexenio, pero los resultados fueron de terror para el gobernante en turno, pues baj\u00f3 a bolearse\u2026, pero nadie lo reconoci\u00f3.<\/p>\n\n\n\n<p>Sergio tiene&nbsp;<em>feeling&nbsp;<\/em>jarocho, simpat\u00eda y empat\u00eda, y esos son ingredientes que no gustan ah\u00ed, enfrentito a donde fue a pasear el fin de semana pasado. Uuuufff.<\/p>\n\n\n\n<p>*****<\/p>\n\n\n\n<p>Como le dijimos ayer,&nbsp;<strong>Ram\u00f3n Jim\u00e9nez L\u00f3pez<\/strong>, director general del Tecnol\u00f3gico Nacional de M\u00e9xico lleg\u00f3 de visita al Tecnol\u00f3gico de Veracruz.<\/p>\n\n\n\n<p>Pues bien, sabemos que fue un evento claramente pol\u00edtico-electoral, donde Ram\u00f3n Jim\u00e9nez no hizo una sola referencia a temas acad\u00e9micos, sino fue una exaltaci\u00f3n del presidente L\u00f3pez Obrador y la Cuarta Transformaci\u00f3n, como atestiguan los videos al respecto.<\/p>\n\n\n\n<p>Habla este personaje de la Revoluci\u00f3n Ideol\u00f3gica y no conforme con esto, Jim\u00e9nez L\u00f3pez arremeti\u00f3 contra el CIDE, pero destaca lo que en an\u00e1lisis de contenido se conoce como \u201cpalabras clave\u201d, por ejemplo: \u201cgrupos de le derecha conservadora\u201d &nbsp;o \u201cperiodo neoliberal\u201d, \u00bfle parecen conocidas?<\/p>\n\n\n\n<p>Fue pues, un mitin de Morena disfrazado de \u201creuni\u00f3n acad\u00e9mica\u201d, que por si fuera poco, caus\u00f3 un gran malestar entre el personal docente y alumnado que se sintieron sorprendidos y utilizados.<\/p>\n\n\n\n<p>Gente cercana a la organizaci\u00f3n desde Ciudad de M\u00e9xico, nos asegura que hubo movilizaci\u00f3n de estudiantes del sureste del pa\u00eds, pues la estrategia incluye cooptar a los representantes y alinearlos en su proyecto pol\u00edtico electoral, donde el operador es don Ram\u00f3n, identificado con&nbsp;<strong>Claudia Sheinbaum<\/strong>.<\/p>\n\n\n\n<p>Y todo se lo adelantamos&nbsp;<strong>De Primera Mano<\/strong>.<\/p>\n\n\n\n<p>\u00a1Qu\u00e9 barbaridad!<\/p>\n\n\n\n<p>deprimera.mano2020@gmail.com<\/p>\n","protected":false},"excerpt":{"rendered":"<p>Omar Z\u00fa\u00f1iga De Primera Mano Ayer finalmente se realiz\u00f3 la sesi\u00f3n donde se vot\u00f3 en la&nbsp;C\u00e1mara de Diputados la reforma constitucional presentada por el PRI,&nbsp;para ampliar hasta 2029 la participaci\u00f3n de las&nbsp;Fuerzas Armadas&nbsp;en tareas de seguridad. El resultado a estas alturas, todos lo sabemos, gan\u00f3 el PRI-Mor. &nbsp;La mayor\u00eda del partido en el poder, los [&hellip;]<\/p>\n","protected":false},"author":2,"featured_media":0,"comment_status":"closed","ping_status":"closed","sticky":false,"template":"","format":"standard","meta":{"tdm_status":"","tdm_grid_status":"","footnotes":""},"categories":[70],"tags":[618,1032,35211,1026,35193,2812,16147,35212],"class_list":{"0":"post-95484","1":"post","2":"type-post","3":"status-publish","4":"format-standard","6":"category-de-opinion","7":"tag-andres-manuel-lopez-obrador","8":"tag-felipe-calderon-hinojosa","9":"tag-jose-francisco-pepe-yunes-zorrilla-2","10":"tag-morena","11":"tag-ramon-jimenez-lopez","12":"tag-ricardo-ahued-bardahuil","13":"tag-sergio-gutierrez-luna","14":"tag-sue-ellen-bernal-bolnik"},"yoast_head":"<!-- This site is optimized with the Yoast SEO plugin v27.4 - https:\/\/yoast.com\/product\/yoast-seo-wordpress\/ -->\n<title>CONGRUENCIA&nbsp; - Los pol\u00edticos Veracruz<\/title>\n<meta name=\"robots\" content=\"index, follow, max-snippet:-1, max-image-preview:large, max-video-preview:-1\" \/>\n<link rel=\"canonical\" href=\"https:\/\/lospoliticosveracruz.com\/?p=95484\" \/>\n<meta property=\"og:locale\" content=\"es_ES\" \/>\n<meta property=\"og:type\" content=\"article\" \/>\n<meta property=\"og:title\" content=\"CONGRUENCIA&nbsp; - Los pol\u00edticos Veracruz\" \/>\n<meta property=\"og:description\" content=\"Omar Z\u00fa\u00f1iga De Primera Mano Ayer finalmente se realiz\u00f3 la sesi\u00f3n donde se vot\u00f3 en la&nbsp;C\u00e1mara de Diputados la reforma constitucional presentada por el PRI,&nbsp;para ampliar hasta 2029 la participaci\u00f3n de las&nbsp;Fuerzas Armadas&nbsp;en tareas de seguridad. El resultado a estas alturas, todos lo sabemos, gan\u00f3 el PRI-Mor. &nbsp;La mayor\u00eda del partido en el poder, los [&hellip;]\" \/>\n<meta property=\"og:url\" content=\"https:\/\/lospoliticosveracruz.com\/?p=95484\" \/>\n<meta property=\"og:site_name\" content=\"Los pol\u00edticos Veracruz\" \/>\n<meta property=\"article:publisher\" content=\"https:\/\/www.facebook.com\/people\/Notimemes-de-los-Polticos\/61565672886568\/\" \/>\n<meta property=\"article:published_time\" content=\"2022-09-15T14:04:01+00:00\" \/>\n<meta property=\"article:modified_time\" content=\"2022-09-15T14:04:07+00:00\" \/>\n<meta property=\"og:image\" content=\"https:\/\/lospoliticosveracruz.com\/wp-content\/uploads\/2016\/07\/Logo-Dor.jpg\" \/>\n\t<meta property=\"og:image:width\" content=\"200\" \/>\n\t<meta property=\"og:image:height\" content=\"200\" \/>\n\t<meta property=\"og:image:type\" content=\"image\/jpeg\" \/>\n<meta name=\"author\" content=\"Lo viste en Los Pol\u00edticos\" \/>\n<meta name=\"twitter:card\" content=\"summary_large_image\" \/>\n<meta name=\"twitter:creator\" content=\"@LosPoliticosVer\" \/>\n<meta name=\"twitter:site\" content=\"@LosPoliticosVer\" \/>\n<meta name=\"twitter:label1\" content=\"Escrito por\" \/>\n\t<meta name=\"twitter:data1\" content=\"Lo viste en Los Pol\u00edticos\" \/>\n\t<meta name=\"twitter:label2\" content=\"Tiempo de lectura\" \/>\n\t<meta name=\"twitter:data2\" content=\"4 minutos\" \/>\n<script type=\"application\/ld+json\" class=\"yoast-schema-graph\">{\"@context\":\"https:\\\/\\\/schema.org\",\"@graph\":[{\"@type\":\"Article\",\"@id\":\"https:\\\/\\\/lospoliticosveracruz.com\\\/?p=95484#article\",\"isPartOf\":{\"@id\":\"https:\\\/\\\/lospoliticosveracruz.com\\\/?p=95484\"},\"author\":{\"name\":\"Lo viste en Los Pol\u00edticos\",\"@id\":\"https:\\\/\\\/lospoliticosveracruz.com\\\/#\\\/schema\\\/person\\\/b8702bb0e538456e6efd07080bf2a4a2\"},\"headline\":\"CONGRUENCIA&nbsp;\",\"datePublished\":\"2022-09-15T14:04:01+00:00\",\"dateModified\":\"2022-09-15T14:04:07+00:00\",\"mainEntityOfPage\":{\"@id\":\"https:\\\/\\\/lospoliticosveracruz.com\\\/?p=95484\"},\"wordCount\":817,\"publisher\":{\"@id\":\"https:\\\/\\\/lospoliticosveracruz.com\\\/#organization\"},\"keywords\":[\"Andr\u00e9s Manuel L\u00f3pez Obrador\",\"Felipe Calder\u00f3n Hinojosa\",\"Jos\u00e9 Francisco\u00a0Pepe\u00a0Yunes Zorrilla\",\"Morena\",\"Ram\u00f3n Jim\u00e9nez L\u00f3pez\",\"Ricardo Ahued Bardahuil\",\"Sergio Guti\u00e9rrez Luna\",\"Sue Ellen Bernal Bolnik\"],\"articleSection\":[\"De Opini\u00f3n\"],\"inLanguage\":\"es\"},{\"@type\":\"WebPage\",\"@id\":\"https:\\\/\\\/lospoliticosveracruz.com\\\/?p=95484\",\"url\":\"https:\\\/\\\/lospoliticosveracruz.com\\\/?p=95484\",\"name\":\"CONGRUENCIA&nbsp; - Los pol\u00edticos Veracruz\",\"isPartOf\":{\"@id\":\"https:\\\/\\\/lospoliticosveracruz.com\\\/#website\"},\"datePublished\":\"2022-09-15T14:04:01+00:00\",\"dateModified\":\"2022-09-15T14:04:07+00:00\",\"breadcrumb\":{\"@id\":\"https:\\\/\\\/lospoliticosveracruz.com\\\/?p=95484#breadcrumb\"},\"inLanguage\":\"es\",\"potentialAction\":[{\"@type\":\"ReadAction\",\"target\":[\"https:\\\/\\\/lospoliticosveracruz.com\\\/?p=95484\"]}]},{\"@type\":\"BreadcrumbList\",\"@id\":\"https:\\\/\\\/lospoliticosveracruz.com\\\/?p=95484#breadcrumb\",\"itemListElement\":[{\"@type\":\"ListItem\",\"position\":1,\"name\":\"Portada\",\"item\":\"https:\\\/\\\/lospoliticosveracruz.com\\\/\"},{\"@type\":\"ListItem\",\"position\":2,\"name\":\"CONGRUENCIA&nbsp;\"}]},{\"@type\":\"WebSite\",\"@id\":\"https:\\\/\\\/lospoliticosveracruz.com\\\/#website\",\"url\":\"https:\\\/\\\/lospoliticosveracruz.com\\\/\",\"name\":\"Los pol\u00edticos Veracruz\",\"description\":\"\",\"publisher\":{\"@id\":\"https:\\\/\\\/lospoliticosveracruz.com\\\/#organization\"},\"potentialAction\":[{\"@type\":\"SearchAction\",\"target\":{\"@type\":\"EntryPoint\",\"urlTemplate\":\"https:\\\/\\\/lospoliticosveracruz.com\\\/?s={search_term_string}\"},\"query-input\":{\"@type\":\"PropertyValueSpecification\",\"valueRequired\":true,\"valueName\":\"search_term_string\"}}],\"inLanguage\":\"es\"},{\"@type\":\"Organization\",\"@id\":\"https:\\\/\\\/lospoliticosveracruz.com\\\/#organization\",\"name\":\"Los pol\u00edticos Veracruz\",\"url\":\"https:\\\/\\\/lospoliticosveracruz.com\\\/\",\"logo\":{\"@type\":\"ImageObject\",\"inLanguage\":\"es\",\"@id\":\"https:\\\/\\\/lospoliticosveracruz.com\\\/#\\\/schema\\\/logo\\\/image\\\/\",\"url\":\"https:\\\/\\\/lospoliticosveracruz.com\\\/wp-content\\\/uploads\\\/2025\\\/12\\\/Logo-Nuevo-LOS-POLITICOS-1.jpg\",\"contentUrl\":\"https:\\\/\\\/lospoliticosveracruz.com\\\/wp-content\\\/uploads\\\/2025\\\/12\\\/Logo-Nuevo-LOS-POLITICOS-1.jpg\",\"width\":260,\"height\":70,\"caption\":\"Los pol\u00edticos Veracruz\"},\"image\":{\"@id\":\"https:\\\/\\\/lospoliticosveracruz.com\\\/#\\\/schema\\\/logo\\\/image\\\/\"},\"sameAs\":[\"https:\\\/\\\/www.facebook.com\\\/people\\\/Notimemes-de-los-Polticos\\\/61565672886568\\\/\",\"https:\\\/\\\/x.com\\\/LosPoliticosVer\"]},{\"@type\":\"Person\",\"@id\":\"https:\\\/\\\/lospoliticosveracruz.com\\\/#\\\/schema\\\/person\\\/b8702bb0e538456e6efd07080bf2a4a2\",\"name\":\"Lo viste en Los Pol\u00edticos\",\"image\":{\"@type\":\"ImageObject\",\"inLanguage\":\"es\",\"@id\":\"https:\\\/\\\/secure.gravatar.com\\\/avatar\\\/3a8de04a2656d44082be478bd6c086daa447c4651605818287b9532d3d0bd435?s=96&d=mm&r=g\",\"url\":\"https:\\\/\\\/secure.gravatar.com\\\/avatar\\\/3a8de04a2656d44082be478bd6c086daa447c4651605818287b9532d3d0bd435?s=96&d=mm&r=g\",\"contentUrl\":\"https:\\\/\\\/secure.gravatar.com\\\/avatar\\\/3a8de04a2656d44082be478bd6c086daa447c4651605818287b9532d3d0bd435?s=96&d=mm&r=g\",\"caption\":\"Lo viste en Los Pol\u00edticos\"},\"url\":\"https:\\\/\\\/lospoliticosveracruz.com\\\/?author=2\"}]}<\/script>\n<!-- \/ Yoast SEO plugin. -->","yoast_head_json":{"title":"CONGRUENCIA&nbsp; - Los pol\u00edticos Veracruz","robots":{"index":"index","follow":"follow","max-snippet":"max-snippet:-1","max-image-preview":"max-image-preview:large","max-video-preview":"max-video-preview:-1"},"canonical":"https:\/\/lospoliticosveracruz.com\/?p=95484","og_locale":"es_ES","og_type":"article","og_title":"CONGRUENCIA&nbsp; - Los pol\u00edticos Veracruz","og_description":"Omar Z\u00fa\u00f1iga De Primera Mano Ayer finalmente se realiz\u00f3 la sesi\u00f3n donde se vot\u00f3 en la&nbsp;C\u00e1mara de Diputados la reforma constitucional presentada por el PRI,&nbsp;para ampliar hasta 2029 la participaci\u00f3n de las&nbsp;Fuerzas Armadas&nbsp;en tareas de seguridad. El resultado a estas alturas, todos lo sabemos, gan\u00f3 el PRI-Mor. &nbsp;La mayor\u00eda del partido en el poder, los [&hellip;]","og_url":"https:\/\/lospoliticosveracruz.com\/?p=95484","og_site_name":"Los pol\u00edticos Veracruz","article_publisher":"https:\/\/www.facebook.com\/people\/Notimemes-de-los-Polticos\/61565672886568\/","article_published_time":"2022-09-15T14:04:01+00:00","article_modified_time":"2022-09-15T14:04:07+00:00","og_image":[{"width":200,"height":200,"url":"https:\/\/lospoliticosveracruz.com\/wp-content\/uploads\/2016\/07\/Logo-Dor.jpg","type":"image\/jpeg"}],"author":"Lo viste en Los Pol\u00edticos","twitter_card":"summary_large_image","twitter_creator":"@LosPoliticosVer","twitter_site":"@LosPoliticosVer","twitter_misc":{"Escrito por":"Lo viste en Los Pol\u00edticos","Tiempo de lectura":"4 minutos"},"schema":{"@context":"https:\/\/schema.org","@graph":[{"@type":"Article","@id":"https:\/\/lospoliticosveracruz.com\/?p=95484#article","isPartOf":{"@id":"https:\/\/lospoliticosveracruz.com\/?p=95484"},"author":{"name":"Lo viste en Los Pol\u00edticos","@id":"https:\/\/lospoliticosveracruz.com\/#\/schema\/person\/b8702bb0e538456e6efd07080bf2a4a2"},"headline":"CONGRUENCIA&nbsp;","datePublished":"2022-09-15T14:04:01+00:00","dateModified":"2022-09-15T14:04:07+00:00","mainEntityOfPage":{"@id":"https:\/\/lospoliticosveracruz.com\/?p=95484"},"wordCount":817,"publisher":{"@id":"https:\/\/lospoliticosveracruz.com\/#organization"},"keywords":["Andr\u00e9s Manuel L\u00f3pez Obrador","Felipe Calder\u00f3n Hinojosa","Jos\u00e9 Francisco\u00a0Pepe\u00a0Yunes Zorrilla","Morena","Ram\u00f3n Jim\u00e9nez L\u00f3pez","Ricardo Ahued Bardahuil","Sergio Guti\u00e9rrez Luna","Sue Ellen Bernal Bolnik"],"articleSection":["De Opini\u00f3n"],"inLanguage":"es"},{"@type":"WebPage","@id":"https:\/\/lospoliticosveracruz.com\/?p=95484","url":"https:\/\/lospoliticosveracruz.com\/?p=95484","name":"CONGRUENCIA&nbsp; - Los pol\u00edticos Veracruz","isPartOf":{"@id":"https:\/\/lospoliticosveracruz.com\/#website"},"datePublished":"2022-09-15T14:04:01+00:00","dateModified":"2022-09-15T14:04:07+00:00","breadcrumb":{"@id":"https:\/\/lospoliticosveracruz.com\/?p=95484#breadcrumb"},"inLanguage":"es","potentialAction":[{"@type":"ReadAction","target":["https:\/\/lospoliticosveracruz.com\/?p=95484"]}]},{"@type":"BreadcrumbList","@id":"https:\/\/lospoliticosveracruz.com\/?p=95484#breadcrumb","itemListElement":[{"@type":"ListItem","position":1,"name":"Portada","item":"https:\/\/lospoliticosveracruz.com\/"},{"@type":"ListItem","position":2,"name":"CONGRUENCIA&nbsp;"}]},{"@type":"WebSite","@id":"https:\/\/lospoliticosveracruz.com\/#website","url":"https:\/\/lospoliticosveracruz.com\/","name":"Los pol\u00edticos Veracruz","description":"","publisher":{"@id":"https:\/\/lospoliticosveracruz.com\/#organization"},"potentialAction":[{"@type":"SearchAction","target":{"@type":"EntryPoint","urlTemplate":"https:\/\/lospoliticosveracruz.com\/?s={search_term_string}"},"query-input":{"@type":"PropertyValueSpecification","valueRequired":true,"valueName":"search_term_string"}}],"inLanguage":"es"},{"@type":"Organization","@id":"https:\/\/lospoliticosveracruz.com\/#organization","name":"Los pol\u00edticos Veracruz","url":"https:\/\/lospoliticosveracruz.com\/","logo":{"@type":"ImageObject","inLanguage":"es","@id":"https:\/\/lospoliticosveracruz.com\/#\/schema\/logo\/image\/","url":"https:\/\/lospoliticosveracruz.com\/wp-content\/uploads\/2025\/12\/Logo-Nuevo-LOS-POLITICOS-1.jpg","contentUrl":"https:\/\/lospoliticosveracruz.com\/wp-content\/uploads\/2025\/12\/Logo-Nuevo-LOS-POLITICOS-1.jpg","width":260,"height":70,"caption":"Los pol\u00edticos Veracruz"},"image":{"@id":"https:\/\/lospoliticosveracruz.com\/#\/schema\/logo\/image\/"},"sameAs":["https:\/\/www.facebook.com\/people\/Notimemes-de-los-Polticos\/61565672886568\/","https:\/\/x.com\/LosPoliticosVer"]},{"@type":"Person","@id":"https:\/\/lospoliticosveracruz.com\/#\/schema\/person\/b8702bb0e538456e6efd07080bf2a4a2","name":"Lo viste en Los Pol\u00edticos","image":{"@type":"ImageObject","inLanguage":"es","@id":"https:\/\/secure.gravatar.com\/avatar\/3a8de04a2656d44082be478bd6c086daa447c4651605818287b9532d3d0bd435?s=96&d=mm&r=g","url":"https:\/\/secure.gravatar.com\/avatar\/3a8de04a2656d44082be478bd6c086daa447c4651605818287b9532d3d0bd435?s=96&d=mm&r=g","contentUrl":"https:\/\/secure.gravatar.com\/avatar\/3a8de04a2656d44082be478bd6c086daa447c4651605818287b9532d3d0bd435?s=96&d=mm&r=g","caption":"Lo viste en Los Pol\u00edticos"},"url":"https:\/\/lospoliticosveracruz.com\/?author=2"}]}},"_links":{"self":[{"href":"https:\/\/lospoliticosveracruz.com\/index.php?rest_route=\/wp\/v2\/posts\/95484","targetHints":{"allow":["GET"]}}],"collection":[{"href":"https:\/\/lospoliticosveracruz.com\/index.php?rest_route=\/wp\/v2\/posts"}],"about":[{"href":"https:\/\/lospoliticosveracruz.com\/index.php?rest_route=\/wp\/v2\/types\/post"}],"author":[{"embeddable":true,"href":"https:\/\/lospoliticosveracruz.com\/index.php?rest_route=\/wp\/v2\/users\/2"}],"replies":[{"embeddable":true,"href":"https:\/\/lospoliticosveracruz.com\/index.php?rest_route=%2Fwp%2Fv2%2Fcomments&post=95484"}],"version-history":[{"count":1,"href":"https:\/\/lospoliticosveracruz.com\/index.php?rest_route=\/wp\/v2\/posts\/95484\/revisions"}],"predecessor-version":[{"id":95486,"href":"https:\/\/lospoliticosveracruz.com\/index.php?rest_route=\/wp\/v2\/posts\/95484\/revisions\/95486"}],"wp:attachment":[{"href":"https:\/\/lospoliticosveracruz.com\/index.php?rest_route=%2Fwp%2Fv2%2Fmedia&parent=95484"}],"wp:term":[{"taxonomy":"category","embeddable":true,"href":"https:\/\/lospoliticosveracruz.com\/index.php?rest_route=%2Fwp%2Fv2%2Fcategories&post=95484"},{"taxonomy":"post_tag","embeddable":true,"href":"https:\/\/lospoliticosveracruz.com\/index.php?rest_route=%2Fwp%2Fv2%2Ftags&post=95484"}],"curies":[{"name":"wp","href":"https:\/\/api.w.org\/{rel}","templated":true}]}}