{"id":95492,"date":"2022-09-15T11:16:27","date_gmt":"2022-09-15T16:16:27","guid":{"rendered":"https:\/\/lospoliticosveracruz.com.mx\/?p=95492"},"modified":"2022-09-15T11:16:33","modified_gmt":"2022-09-15T16:16:33","slug":"primor","status":"publish","type":"post","link":"https:\/\/lospoliticosveracruz.com\/?p=95492","title":{"rendered":"PRIMOR"},"content":{"rendered":"\n<p><strong>Manolo Victorio<\/strong><\/p>\n\n\n\n<p><em>Carpe Diem<\/em><\/p>\n\n\n\n<p>\u200bEn la mesa familiar, el padre se sentaba a la cabecera de una prole de cinco hijos. A su derecha, sobre la mesa, exhib\u00eda un tramo de barz\u00f3n, usado como fuete de castigo para quien osare ejecutar acci\u00f3n u omisi\u00f3n de ingobernabilidad o incurriera en desaf\u00edo al orden imperante.<\/p>\n\n\n\n<p>El simbolismo del pedazo de barz\u00f3n en la mesa o colgado de un pol\u00edn de la casa, causaba una efectividad indubitable, el mensaje semi\u00f3tico causaba el efecto deseado por el paterfamilia: a la autoridad se le teme, por tanto, se le respeta y obedece.<\/p>\n\n\n\n<p>En el sal\u00f3n de clases de la primaria -quienes estudiamos en las zonas rurales no sabemos ni entendemos la formaci\u00f3n sicol\u00f3gica y&nbsp;&nbsp;sociol\u00f3gica del k\u00ednder garden-, el maestro se sentaba en su escritorio inalcanzable, situado veinte cent\u00edmetros arriba a ras del sal\u00f3n, en un desnivel que situaba el lugar de cada quien, paraba un chicote o varej\u00f3n de camar\u00f3n (un bejuco flexible como un l\u00e1tigo que siseaba como serpiente cuando se bland\u00eda sobre el lomo de un alumno o alumna) y lo dejaba como amenaza latente de un castigo inevitable, doloroso y humillante: a la autoridad se le respeta, no se le cuestiona, ni se le rebasa con barbajanadas.<\/p>\n\n\n\n<p>La primera acci\u00f3n que ejecutaba el m\u00e9dico del pueblo cuando un ni\u00f1o o ni\u00f1a eran llevados al consultorio, era cuestionar la veracidad de la fuente del dolor, so pena de recibir una inyecci\u00f3n de soluci\u00f3n salina contenida en una enorme jeringa de vidrio con acero inoxidable que bland\u00eda la enfermera c\u00f3mplice para que el paciente no se hiciera el enfermo: a la autoridad no se le enga\u00f1a.<\/p>\n\n\n\n<p>Despu\u00e9s del catecismo, el cura exhib\u00eda una reproducci\u00f3n pict\u00f3rica del purgatorio, horrible catacumba donde hombres y mujeres se retorc\u00edan de calor en espera de la sala que les corresponder\u00eda seg\u00fan el comportamiento social y espiritual en vida: el cielo o el infierno.<\/p>\n\n\n\n<p>Otra vez el mensaje: a la autoridad, en este caso al cura, representante de Dios en la tierra, no se le enga\u00f1aba so pena de recibir un castigo divino e interminable en los reinos del chancludo.<\/p>\n\n\n\n<p>As\u00ed crecimos, con miedo, respeto e inclinaci\u00f3n a la autoridad.<\/p>\n\n\n\n<p>Cuando un piquete militar llegaba a la escuela primaria, la gente sal\u00eda de sus casas para verlos marchar en las calles de la rancher\u00eda, los hombres se quitaban el sombrero y las mujeres les ofrec\u00edan j\u00edcaras con pozol refrescante: a la autoridad se le respetaba y admiraba.<\/p>\n\n\n\n<p>\u201cAh\u00ed vienen los guachos (militares) que te van a llevar al cuartel porque no haces caso\u201d, rezaba la amenaza de las madres cuando no pod\u00edan controlar a los hijos rebeldes.<\/p>\n\n\n\n<p>Un estudio del Centro de Investigaci\u00f3n y Docencia Econ\u00f3micas (CIDE), realizado por los investigadores Daniel Zizumbo-Colunga y Benjam\u00edn Mart\u00ednez Velasco \u201cconciben como cosa buena que las fuerzas armadas tomen control sobre tareas que durante casi 80 a\u00f1os han estado en manos de civiles (Ricardo Raphael, Espanto de ser minoritario, Milenio 05.09.22022).<\/p>\n\n\n\n<p>Seg\u00fan el documento 53 por ciento de los mexicanos est\u00e1n de acuerdo en que las fuerzas armadas, Ej\u00e9rcito y Marina, den un golpe de estado en caso de que la oposici\u00f3n aborte los programas de gobierno aplicados por el presidente Andr\u00e9s Manuel L\u00f3pez Obrador.<\/p>\n\n\n\n<p>Entrados en gastos, 55% de la poblaci\u00f3n est\u00e1 de acuerdo que marinos y militares tomen el Congreso de la Uni\u00f3n en caso de que el bloque opositor se fortalezca y rechace todas las iniciativas del ejecutivo.<\/p>\n\n\n\n<p>Ah\u00ed est\u00e1 la m\u00e9trica, m\u00e1s all\u00e1 de la percepci\u00f3n y la impronta social de respeto a la autoridad.<\/p>\n\n\n\n<p>Podremos no estar imbricados en lo que piensa la mayor\u00eda de mexicanas y mexicanos de a pie, pero la alianza PRI-MORENA es reclamo del colectivo ante los espacios perdidos a manos de la delincuencia organizada.<\/p>\n\n\n\n<p>El imperio de la violencia institucionalizada, el varej\u00f3n, chicote, barz\u00f3n o fusiles blandidos por el pueblo vestido de verde, surte efecto entre los mexicanos de a pie que a\u00fan seguimos los patrones de autoridad.<\/p>\n\n\n\n<p>La medicina pudiera ser amarga a la larga, podr\u00eda que el remedio salga peor que la enfermedad, no lo sabemos.<\/p>\n\n\n\n<p>Lo que s\u00ed percibimos es que la fuerza del estado mexicano debe sentirse.<\/p>\n\n\n\n<p>Las rabietas de la oposici\u00f3n que no propuso nada novedoso en la estrategia de combate a la inseguridad son s\u00f3lo episodios necesarios para la propia sobrevivencia.<\/p>\n\n\n\n<p>El PRI no es pendejo. Lee a la perfecci\u00f3n que es hora de situarse del lado de la querencia popular.<\/p>\n\n\n\n<p>Los aliados que se vayan al carajo cuando se trata de evitar la extinci\u00f3n.<\/p>\n\n\n\n<p>El PRIMOR es una simbiosis, una mezcla necesaria en estos d\u00edas aciagos.<\/p>\n\n\n\n<p>Al tatiasca se le quiere, aunque en la paradoja mexicana viva en un palacio en tiempos de pobreza franciscana.<\/p>\n","protected":false},"excerpt":{"rendered":"<p>Manolo Victorio Carpe Diem \u200bEn la mesa familiar, el padre se sentaba a la cabecera de una prole de cinco hijos. A su derecha, sobre la mesa, exhib\u00eda un tramo de barz\u00f3n, usado como fuete de castigo para quien osare ejecutar acci\u00f3n u omisi\u00f3n de ingobernabilidad o incurriera en desaf\u00edo al orden imperante. El simbolismo [&hellip;]<\/p>\n","protected":false},"author":2,"featured_media":0,"comment_status":"closed","ping_status":"closed","sticky":false,"template":"","format":"standard","meta":{"tdm_status":"","tdm_grid_status":"","footnotes":""},"categories":[70],"tags":[35215,35216,284,2642,1026,251,15266],"class_list":{"0":"post-95492","1":"post","2":"type-post","3":"status-publish","4":"format-standard","6":"category-de-opinion","7":"tag-centro-de-investigacion-y-docencia-economicas","8":"tag-daniel-zizumbo-colunga","9":"tag-ejercito","10":"tag-fuerzas-armadas","11":"tag-morena","12":"tag-pri","13":"tag-primor"},"yoast_head":"<!-- This site is optimized with the Yoast SEO plugin v27.4 - https:\/\/yoast.com\/product\/yoast-seo-wordpress\/ -->\n<title>PRIMOR - Los pol\u00edticos Veracruz<\/title>\n<meta name=\"robots\" content=\"index, follow, max-snippet:-1, max-image-preview:large, max-video-preview:-1\" \/>\n<link rel=\"canonical\" href=\"https:\/\/lospoliticosveracruz.com\/?p=95492\" \/>\n<meta property=\"og:locale\" content=\"es_ES\" \/>\n<meta property=\"og:type\" content=\"article\" \/>\n<meta property=\"og:title\" content=\"PRIMOR - Los pol\u00edticos Veracruz\" \/>\n<meta property=\"og:description\" content=\"Manolo Victorio Carpe Diem \u200bEn la mesa familiar, el padre se sentaba a la cabecera de una prole de cinco hijos. A su derecha, sobre la mesa, exhib\u00eda un tramo de barz\u00f3n, usado como fuete de castigo para quien osare ejecutar acci\u00f3n u omisi\u00f3n de ingobernabilidad o incurriera en desaf\u00edo al orden imperante. El simbolismo [&hellip;]\" \/>\n<meta property=\"og:url\" content=\"https:\/\/lospoliticosveracruz.com\/?p=95492\" \/>\n<meta property=\"og:site_name\" content=\"Los pol\u00edticos Veracruz\" \/>\n<meta property=\"article:publisher\" content=\"https:\/\/www.facebook.com\/people\/Notimemes-de-los-Polticos\/61565672886568\/\" \/>\n<meta property=\"article:published_time\" content=\"2022-09-15T16:16:27+00:00\" \/>\n<meta property=\"article:modified_time\" content=\"2022-09-15T16:16:33+00:00\" \/>\n<meta property=\"og:image\" content=\"https:\/\/lospoliticosveracruz.com\/wp-content\/uploads\/2016\/07\/Logo-Dor.jpg\" \/>\n\t<meta property=\"og:image:width\" content=\"200\" \/>\n\t<meta property=\"og:image:height\" content=\"200\" \/>\n\t<meta property=\"og:image:type\" content=\"image\/jpeg\" \/>\n<meta name=\"author\" content=\"Lo viste en Los Pol\u00edticos\" \/>\n<meta name=\"twitter:card\" content=\"summary_large_image\" \/>\n<meta name=\"twitter:creator\" content=\"@LosPoliticosVer\" \/>\n<meta name=\"twitter:site\" content=\"@LosPoliticosVer\" \/>\n<meta name=\"twitter:label1\" content=\"Escrito por\" \/>\n\t<meta name=\"twitter:data1\" content=\"Lo viste en Los Pol\u00edticos\" \/>\n\t<meta name=\"twitter:label2\" content=\"Tiempo de lectura\" \/>\n\t<meta name=\"twitter:data2\" content=\"4 minutos\" \/>\n<script type=\"application\/ld+json\" class=\"yoast-schema-graph\">{\"@context\":\"https:\\\/\\\/schema.org\",\"@graph\":[{\"@type\":\"Article\",\"@id\":\"https:\\\/\\\/lospoliticosveracruz.com\\\/?p=95492#article\",\"isPartOf\":{\"@id\":\"https:\\\/\\\/lospoliticosveracruz.com\\\/?p=95492\"},\"author\":{\"name\":\"Lo viste en Los Pol\u00edticos\",\"@id\":\"https:\\\/\\\/lospoliticosveracruz.com\\\/#\\\/schema\\\/person\\\/b8702bb0e538456e6efd07080bf2a4a2\"},\"headline\":\"PRIMOR\",\"datePublished\":\"2022-09-15T16:16:27+00:00\",\"dateModified\":\"2022-09-15T16:16:33+00:00\",\"mainEntityOfPage\":{\"@id\":\"https:\\\/\\\/lospoliticosveracruz.com\\\/?p=95492\"},\"wordCount\":847,\"publisher\":{\"@id\":\"https:\\\/\\\/lospoliticosveracruz.com\\\/#organization\"},\"keywords\":[\"Centro de Investigaci\u00f3n y Docencia Econ\u00f3micas\",\"Daniel Zizumbo-Colunga\",\"Ej\u00e9rcito\",\"fuerzas armadas\",\"Morena\",\"PRI\",\"Primor\"],\"articleSection\":[\"De Opini\u00f3n\"],\"inLanguage\":\"es\"},{\"@type\":\"WebPage\",\"@id\":\"https:\\\/\\\/lospoliticosveracruz.com\\\/?p=95492\",\"url\":\"https:\\\/\\\/lospoliticosveracruz.com\\\/?p=95492\",\"name\":\"PRIMOR - Los pol\u00edticos Veracruz\",\"isPartOf\":{\"@id\":\"https:\\\/\\\/lospoliticosveracruz.com\\\/#website\"},\"datePublished\":\"2022-09-15T16:16:27+00:00\",\"dateModified\":\"2022-09-15T16:16:33+00:00\",\"breadcrumb\":{\"@id\":\"https:\\\/\\\/lospoliticosveracruz.com\\\/?p=95492#breadcrumb\"},\"inLanguage\":\"es\",\"potentialAction\":[{\"@type\":\"ReadAction\",\"target\":[\"https:\\\/\\\/lospoliticosveracruz.com\\\/?p=95492\"]}]},{\"@type\":\"BreadcrumbList\",\"@id\":\"https:\\\/\\\/lospoliticosveracruz.com\\\/?p=95492#breadcrumb\",\"itemListElement\":[{\"@type\":\"ListItem\",\"position\":1,\"name\":\"Portada\",\"item\":\"https:\\\/\\\/lospoliticosveracruz.com\\\/\"},{\"@type\":\"ListItem\",\"position\":2,\"name\":\"PRIMOR\"}]},{\"@type\":\"WebSite\",\"@id\":\"https:\\\/\\\/lospoliticosveracruz.com\\\/#website\",\"url\":\"https:\\\/\\\/lospoliticosveracruz.com\\\/\",\"name\":\"Los pol\u00edticos Veracruz\",\"description\":\"\",\"publisher\":{\"@id\":\"https:\\\/\\\/lospoliticosveracruz.com\\\/#organization\"},\"potentialAction\":[{\"@type\":\"SearchAction\",\"target\":{\"@type\":\"EntryPoint\",\"urlTemplate\":\"https:\\\/\\\/lospoliticosveracruz.com\\\/?s={search_term_string}\"},\"query-input\":{\"@type\":\"PropertyValueSpecification\",\"valueRequired\":true,\"valueName\":\"search_term_string\"}}],\"inLanguage\":\"es\"},{\"@type\":\"Organization\",\"@id\":\"https:\\\/\\\/lospoliticosveracruz.com\\\/#organization\",\"name\":\"Los pol\u00edticos Veracruz\",\"url\":\"https:\\\/\\\/lospoliticosveracruz.com\\\/\",\"logo\":{\"@type\":\"ImageObject\",\"inLanguage\":\"es\",\"@id\":\"https:\\\/\\\/lospoliticosveracruz.com\\\/#\\\/schema\\\/logo\\\/image\\\/\",\"url\":\"https:\\\/\\\/lospoliticosveracruz.com\\\/wp-content\\\/uploads\\\/2025\\\/12\\\/Logo-Nuevo-LOS-POLITICOS-1.jpg\",\"contentUrl\":\"https:\\\/\\\/lospoliticosveracruz.com\\\/wp-content\\\/uploads\\\/2025\\\/12\\\/Logo-Nuevo-LOS-POLITICOS-1.jpg\",\"width\":260,\"height\":70,\"caption\":\"Los pol\u00edticos Veracruz\"},\"image\":{\"@id\":\"https:\\\/\\\/lospoliticosveracruz.com\\\/#\\\/schema\\\/logo\\\/image\\\/\"},\"sameAs\":[\"https:\\\/\\\/www.facebook.com\\\/people\\\/Notimemes-de-los-Polticos\\\/61565672886568\\\/\",\"https:\\\/\\\/x.com\\\/LosPoliticosVer\"]},{\"@type\":\"Person\",\"@id\":\"https:\\\/\\\/lospoliticosveracruz.com\\\/#\\\/schema\\\/person\\\/b8702bb0e538456e6efd07080bf2a4a2\",\"name\":\"Lo viste en Los Pol\u00edticos\",\"image\":{\"@type\":\"ImageObject\",\"inLanguage\":\"es\",\"@id\":\"https:\\\/\\\/secure.gravatar.com\\\/avatar\\\/3a8de04a2656d44082be478bd6c086daa447c4651605818287b9532d3d0bd435?s=96&d=mm&r=g\",\"url\":\"https:\\\/\\\/secure.gravatar.com\\\/avatar\\\/3a8de04a2656d44082be478bd6c086daa447c4651605818287b9532d3d0bd435?s=96&d=mm&r=g\",\"contentUrl\":\"https:\\\/\\\/secure.gravatar.com\\\/avatar\\\/3a8de04a2656d44082be478bd6c086daa447c4651605818287b9532d3d0bd435?s=96&d=mm&r=g\",\"caption\":\"Lo viste en Los Pol\u00edticos\"},\"url\":\"https:\\\/\\\/lospoliticosveracruz.com\\\/?author=2\"}]}<\/script>\n<!-- \/ Yoast SEO plugin. -->","yoast_head_json":{"title":"PRIMOR - Los pol\u00edticos Veracruz","robots":{"index":"index","follow":"follow","max-snippet":"max-snippet:-1","max-image-preview":"max-image-preview:large","max-video-preview":"max-video-preview:-1"},"canonical":"https:\/\/lospoliticosveracruz.com\/?p=95492","og_locale":"es_ES","og_type":"article","og_title":"PRIMOR - Los pol\u00edticos Veracruz","og_description":"Manolo Victorio Carpe Diem \u200bEn la mesa familiar, el padre se sentaba a la cabecera de una prole de cinco hijos. A su derecha, sobre la mesa, exhib\u00eda un tramo de barz\u00f3n, usado como fuete de castigo para quien osare ejecutar acci\u00f3n u omisi\u00f3n de ingobernabilidad o incurriera en desaf\u00edo al orden imperante. El simbolismo [&hellip;]","og_url":"https:\/\/lospoliticosveracruz.com\/?p=95492","og_site_name":"Los pol\u00edticos Veracruz","article_publisher":"https:\/\/www.facebook.com\/people\/Notimemes-de-los-Polticos\/61565672886568\/","article_published_time":"2022-09-15T16:16:27+00:00","article_modified_time":"2022-09-15T16:16:33+00:00","og_image":[{"width":200,"height":200,"url":"https:\/\/lospoliticosveracruz.com\/wp-content\/uploads\/2016\/07\/Logo-Dor.jpg","type":"image\/jpeg"}],"author":"Lo viste en Los Pol\u00edticos","twitter_card":"summary_large_image","twitter_creator":"@LosPoliticosVer","twitter_site":"@LosPoliticosVer","twitter_misc":{"Escrito por":"Lo viste en Los Pol\u00edticos","Tiempo de lectura":"4 minutos"},"schema":{"@context":"https:\/\/schema.org","@graph":[{"@type":"Article","@id":"https:\/\/lospoliticosveracruz.com\/?p=95492#article","isPartOf":{"@id":"https:\/\/lospoliticosveracruz.com\/?p=95492"},"author":{"name":"Lo viste en Los Pol\u00edticos","@id":"https:\/\/lospoliticosveracruz.com\/#\/schema\/person\/b8702bb0e538456e6efd07080bf2a4a2"},"headline":"PRIMOR","datePublished":"2022-09-15T16:16:27+00:00","dateModified":"2022-09-15T16:16:33+00:00","mainEntityOfPage":{"@id":"https:\/\/lospoliticosveracruz.com\/?p=95492"},"wordCount":847,"publisher":{"@id":"https:\/\/lospoliticosveracruz.com\/#organization"},"keywords":["Centro de Investigaci\u00f3n y Docencia Econ\u00f3micas","Daniel Zizumbo-Colunga","Ej\u00e9rcito","fuerzas armadas","Morena","PRI","Primor"],"articleSection":["De Opini\u00f3n"],"inLanguage":"es"},{"@type":"WebPage","@id":"https:\/\/lospoliticosveracruz.com\/?p=95492","url":"https:\/\/lospoliticosveracruz.com\/?p=95492","name":"PRIMOR - Los pol\u00edticos Veracruz","isPartOf":{"@id":"https:\/\/lospoliticosveracruz.com\/#website"},"datePublished":"2022-09-15T16:16:27+00:00","dateModified":"2022-09-15T16:16:33+00:00","breadcrumb":{"@id":"https:\/\/lospoliticosveracruz.com\/?p=95492#breadcrumb"},"inLanguage":"es","potentialAction":[{"@type":"ReadAction","target":["https:\/\/lospoliticosveracruz.com\/?p=95492"]}]},{"@type":"BreadcrumbList","@id":"https:\/\/lospoliticosveracruz.com\/?p=95492#breadcrumb","itemListElement":[{"@type":"ListItem","position":1,"name":"Portada","item":"https:\/\/lospoliticosveracruz.com\/"},{"@type":"ListItem","position":2,"name":"PRIMOR"}]},{"@type":"WebSite","@id":"https:\/\/lospoliticosveracruz.com\/#website","url":"https:\/\/lospoliticosveracruz.com\/","name":"Los pol\u00edticos Veracruz","description":"","publisher":{"@id":"https:\/\/lospoliticosveracruz.com\/#organization"},"potentialAction":[{"@type":"SearchAction","target":{"@type":"EntryPoint","urlTemplate":"https:\/\/lospoliticosveracruz.com\/?s={search_term_string}"},"query-input":{"@type":"PropertyValueSpecification","valueRequired":true,"valueName":"search_term_string"}}],"inLanguage":"es"},{"@type":"Organization","@id":"https:\/\/lospoliticosveracruz.com\/#organization","name":"Los pol\u00edticos Veracruz","url":"https:\/\/lospoliticosveracruz.com\/","logo":{"@type":"ImageObject","inLanguage":"es","@id":"https:\/\/lospoliticosveracruz.com\/#\/schema\/logo\/image\/","url":"https:\/\/lospoliticosveracruz.com\/wp-content\/uploads\/2025\/12\/Logo-Nuevo-LOS-POLITICOS-1.jpg","contentUrl":"https:\/\/lospoliticosveracruz.com\/wp-content\/uploads\/2025\/12\/Logo-Nuevo-LOS-POLITICOS-1.jpg","width":260,"height":70,"caption":"Los pol\u00edticos Veracruz"},"image":{"@id":"https:\/\/lospoliticosveracruz.com\/#\/schema\/logo\/image\/"},"sameAs":["https:\/\/www.facebook.com\/people\/Notimemes-de-los-Polticos\/61565672886568\/","https:\/\/x.com\/LosPoliticosVer"]},{"@type":"Person","@id":"https:\/\/lospoliticosveracruz.com\/#\/schema\/person\/b8702bb0e538456e6efd07080bf2a4a2","name":"Lo viste en Los Pol\u00edticos","image":{"@type":"ImageObject","inLanguage":"es","@id":"https:\/\/secure.gravatar.com\/avatar\/3a8de04a2656d44082be478bd6c086daa447c4651605818287b9532d3d0bd435?s=96&d=mm&r=g","url":"https:\/\/secure.gravatar.com\/avatar\/3a8de04a2656d44082be478bd6c086daa447c4651605818287b9532d3d0bd435?s=96&d=mm&r=g","contentUrl":"https:\/\/secure.gravatar.com\/avatar\/3a8de04a2656d44082be478bd6c086daa447c4651605818287b9532d3d0bd435?s=96&d=mm&r=g","caption":"Lo viste en Los Pol\u00edticos"},"url":"https:\/\/lospoliticosveracruz.com\/?author=2"}]}},"_links":{"self":[{"href":"https:\/\/lospoliticosveracruz.com\/index.php?rest_route=\/wp\/v2\/posts\/95492","targetHints":{"allow":["GET"]}}],"collection":[{"href":"https:\/\/lospoliticosveracruz.com\/index.php?rest_route=\/wp\/v2\/posts"}],"about":[{"href":"https:\/\/lospoliticosveracruz.com\/index.php?rest_route=\/wp\/v2\/types\/post"}],"author":[{"embeddable":true,"href":"https:\/\/lospoliticosveracruz.com\/index.php?rest_route=\/wp\/v2\/users\/2"}],"replies":[{"embeddable":true,"href":"https:\/\/lospoliticosveracruz.com\/index.php?rest_route=%2Fwp%2Fv2%2Fcomments&post=95492"}],"version-history":[{"count":1,"href":"https:\/\/lospoliticosveracruz.com\/index.php?rest_route=\/wp\/v2\/posts\/95492\/revisions"}],"predecessor-version":[{"id":95494,"href":"https:\/\/lospoliticosveracruz.com\/index.php?rest_route=\/wp\/v2\/posts\/95492\/revisions\/95494"}],"wp:attachment":[{"href":"https:\/\/lospoliticosveracruz.com\/index.php?rest_route=%2Fwp%2Fv2%2Fmedia&parent=95492"}],"wp:term":[{"taxonomy":"category","embeddable":true,"href":"https:\/\/lospoliticosveracruz.com\/index.php?rest_route=%2Fwp%2Fv2%2Fcategories&post=95492"},{"taxonomy":"post_tag","embeddable":true,"href":"https:\/\/lospoliticosveracruz.com\/index.php?rest_route=%2Fwp%2Fv2%2Ftags&post=95492"}],"curies":[{"name":"wp","href":"https:\/\/api.w.org\/{rel}","templated":true}]}}