{"id":95512,"date":"2022-09-15T14:15:49","date_gmt":"2022-09-15T19:15:49","guid":{"rendered":"https:\/\/lospoliticosveracruz.com.mx\/?p=95512"},"modified":"2022-09-15T14:15:59","modified_gmt":"2022-09-15T19:15:59","slug":"4t-y-sus-andanzas","status":"publish","type":"post","link":"https:\/\/lospoliticosveracruz.com\/?p=95512","title":{"rendered":"4T Y SUS ANDANZAS\u2026"},"content":{"rendered":"\n<p><br><strong>Miguel \u00c1ngel G\u00f3mez Ruiz<\/strong><br><em>Contrapunto<\/em><\/p>\n\n\n\n<p><\/p>\n\n\n\n<p>Son tiempos complicados para nosotros. De 2018 a la fecha hemos visto a un presidente que nos descalifica a los que somos de clase media. Nos instruye a no tener m\u00e1s que un par de zapatos. Nos desprecia si somos aspiracionistas. Utiliza el pretexto de trabajar para los pobres, pero los hace m\u00e1s pobres. Si no estamos de acuerdo con sus decisiones nos llama conservadores y el caso es que en los casi cuatro a\u00f1os que ha estado al frente del pa\u00eds no ha habido buenos resultados.<\/p>\n\n\n<div class=\"wp-block-image\">\n<figure class=\"alignleft size-medium\"><a href=\"https:\/\/lospoliticosveracruz.com.mx\/wp-content\/uploads\/2021\/10\/Zacauilt.jpg\"><img decoding=\"async\" src=\"https:\/\/lospoliticosveracruz.com.mx\/wp-content\/uploads\/2021\/10\/Zacauilt-150x300.jpg\" alt=\"\" class=\"wp-image-80558\"\/><\/a><\/figure>\n<\/div>\n\n\n<p>Es cierto, no se construy\u00f3 el Aeropuerto Internacional Felipe \u00c1ngeles, sino que se ampli\u00f3. Inaugur\u00f3 un cascar\u00f3n de refiner\u00eda en Dos Bocas, pero olvidaron comprar la maquinaria necesaria para poder refinar y el Tren Maya, que ni siquiera ser\u00e1 inaugurado en su sexenio \u2013por lo menos as\u00ed parece- ha causado mucho da\u00f1o. De hecho, el \u00fanico satisfecho con la obra es \u00e9l y algunos que forman parte de su s\u00e9quito.<\/p>\n\n\n\n<p>Inclusive, la econom\u00eda sigue en declive. No hubo crecimiento en estos cuatro a\u00f1os y peor a\u00fan, en el proyecto de presupuesto de 2023 poco m\u00e1s de un bill\u00f3n de pesos ser\u00e1 destinado para contener los efectos de la deuda, lo que indica que s\u00ed se han solicitado cr\u00e9ditos en su sexenio.<\/p>\n\n\n\n<p>Adem\u00e1s, la canasta b\u00e1sica ha subido m\u00e1s de un cien por ciento y apenas entre un 30 por ciento de mexicanos pueden comprarla en su totalidad. La gasolina sigue a un precio elevado y la corrupci\u00f3n que pretendi\u00f3 desaparecer nom\u00e1s no ocurri\u00f3. Algunas obras que realiza la administraci\u00f3n federal han sido otorgadas sin proceso de licitaci\u00f3n y las obras fara\u00f3nicas contemplan gastos multimillonarios.<\/p>\n\n\n\n<p>Sigue el avi\u00f3n sin venderse. Siguen llamando a m\u00e9dicos cubanos ignorando a los mexicanos y muchos hospitales p\u00fablicos carecen de lo elemental. No se distribuyen medicamentos contra el c\u00e1ncer y mujeres y ni\u00f1os, mayormente, siguen muriendo.<\/p>\n\n\n\n<p>El huachicol sigue reinando entre Puebla, Hidalgo y Tlaxcala. Los grupos delincuenciales dominan una gran zona del pa\u00eds, sobre todo en estados gobernados por Morena. La extorsi\u00f3n a comerciantes en el pa\u00eds afect\u00f3 a m\u00e1s de 40 mil negocios y si alguien no cumple con la cuota es asesinado.<\/p>\n\n\n\n<p>Y no es s\u00f3lo eso, son muchas, muchas cosas que ocurren en el pa\u00eds y no hay respuesta a favor de nosotros, que somos los afectados. Insisto, si nos quejamos es porque queremos da\u00f1ar la imagen del presidente o bien, nos empe\u00f1amos en ser conservadores.<\/p>\n\n\n\n<p>A este gobierno en cuatro a\u00f1os le ha hecho falta responsabilizarse por lo que no ha hecho bien, sin duda.<\/p>\n\n\n\n<p><em><strong>Una corrupta quieren eliminar la corrupci\u00f3n en el Poder Judicial<\/strong><\/em><\/p>\n\n\n\n<p>Lo que ha hecho Isabel Romero Cruz de 2020 a la fecha, en la que un grupo de magistrados determin\u00f3 cesar a Sof\u00eda Mart\u00ednez Huerta \u2013recientemente fallecida- y dejarla a ella al frente del Poder Judicial no tiene nombre.<\/p>\n\n\n\n<p>Decidi\u00f3 deshacerse de los recursos de los fideicomisos del Fondo de Retiro de Magistrados y del Fondo para la Impartici\u00f3n de Justicia, para que el gobierno dispusiera de esos mil 700 millones a su antojo.<\/p>\n\n\n\n<p>Oblig\u00f3 a magistrados que no forman parte de la 4T y a trabajadores de confianza a que se rebajaran el sueldo para complacer al gobernador Cuitl\u00e1huac Garc\u00eda. Acept\u00f3 a los recomendados del mandatario, del secretario de gobierno Eric Cisneros para colocar en cargos importantes a un grueso grupo de mentecatos que ni idea tienen de lo que significa la justicia.<\/p>\n\n\n\n<p>Cerr\u00f3 juzgados, corri\u00f3 a magistrados, no atendi\u00f3 el tema del covid-19 y todav\u00eda, en el colmo de la idiotez, critic\u00f3 a jueces y trabajadores de juzgados por no gastar de su dinero para la compra de papel y todo lo que se requiere en una oficina, obligaci\u00f3n que le corresponde a ella.<\/p>\n\n\n\n<p>Dijo que no hay dinero. Por supuesto que no hay dinero, pues ella y su mano derecha, Joana Marl\u00e9n Bautista cobran cerca de 200 mil pesos mensuales, el resto de magistrados y el personal deben guardar silencio.<\/p>\n\n\n\n<p>Es obvio que hace falta una auditor\u00eda meticulosa en el Poder Judicial, pues hay muchas sospechas de que parte del recurso asignado para este a\u00f1o y el anterior habr\u00eda sido desviado a otros lugares. Es una simple sospecha, pero avalada y comentada por trabajadores de all\u00ed.<\/p>\n\n\n\n<p>Y encima, no respeta la ley, no respeta a nadie. Isabel Romero Cruz no ha repuesto en su cargo al magistrado Marco Antonio Lezama Moo que espera una soluci\u00f3n con amparo en mano. Ella sigue desacatando las \u00f3rdenes del tribunal federal y corri\u00f3 a la magistrada Yolanda Cecilia Casta\u00f1eda Palmeros, que fue beneficiada por un decreto de 1997 que la convirti\u00f3 en magistrada numeraria con car\u00e1cter de inamovible.<\/p>\n\n\n\n<p>Lo \u00fanico bueno es que Isabel Romero Cruz se marcha el 30 de noviembre, lo malo es que en la 4T siempre viene otro m\u00e1s idiota que el que se va.<\/p>\n\n\n\n<p>PD El PRI traicion\u00f3 a los partidos que conforman la alianza \u201cVa por M\u00e9xico\u201d y todo por aprobar que el ej\u00e9rcito se mantenga en las calles hasta 2028. No va a ocurrir nada, el crimen organizado seguir\u00e1 creciendo y manteni\u00e9ndose en el poder. No es un deseo, es un presagio.<\/p>\n","protected":false},"excerpt":{"rendered":"<p>Miguel \u00c1ngel G\u00f3mez RuizContrapunto Son tiempos complicados para nosotros. De 2018 a la fecha hemos visto a un presidente que nos descalifica a los que somos de clase media. Nos instruye a no tener m\u00e1s que un par de zapatos. Nos desprecia si somos aspiracionistas. Utiliza el pretexto de trabajar para los pobres, pero los [&hellip;]<\/p>\n","protected":false},"author":2,"featured_media":0,"comment_status":"closed","ping_status":"closed","sticky":false,"template":"","format":"standard","meta":{"tdm_status":"","tdm_grid_status":"","footnotes":""},"categories":[70],"tags":[282,1563,12686,35224,35225,15620,34239,15313,1026,15849,195],"class_list":{"0":"post-95512","1":"post","2":"type-post","3":"status-publish","4":"format-standard","6":"category-de-opinion","7":"tag-corrupcion","8":"tag-cuitlahuac-garcia-jimenez","9":"tag-eric-cisneros","10":"tag-fondo-de-retiro-de-magistrados","11":"tag-fondo-para-la-imparticion-de-justicia","12":"tag-isabel-ines-romero-cruz","13":"tag-joana-marlen-bautista","14":"tag-marco-antonio-lezama-moo","15":"tag-morena","16":"tag-sofia-martinez-huerta","17":"tag-veracruz"},"yoast_head":"<!-- This site is optimized with the Yoast SEO plugin v27.4 - https:\/\/yoast.com\/product\/yoast-seo-wordpress\/ -->\n<title>4T Y SUS ANDANZAS\u2026 - Los pol\u00edticos Veracruz<\/title>\n<meta name=\"robots\" content=\"index, follow, max-snippet:-1, max-image-preview:large, max-video-preview:-1\" \/>\n<link rel=\"canonical\" href=\"https:\/\/lospoliticosveracruz.com\/?p=95512\" \/>\n<meta property=\"og:locale\" content=\"es_ES\" \/>\n<meta property=\"og:type\" content=\"article\" \/>\n<meta property=\"og:title\" content=\"4T Y SUS ANDANZAS\u2026 - Los pol\u00edticos Veracruz\" \/>\n<meta property=\"og:description\" content=\"Miguel \u00c1ngel G\u00f3mez RuizContrapunto Son tiempos complicados para nosotros. De 2018 a la fecha hemos visto a un presidente que nos descalifica a los que somos de clase media. Nos instruye a no tener m\u00e1s que un par de zapatos. Nos desprecia si somos aspiracionistas. Utiliza el pretexto de trabajar para los pobres, pero los [&hellip;]\" \/>\n<meta property=\"og:url\" content=\"https:\/\/lospoliticosveracruz.com\/?p=95512\" \/>\n<meta property=\"og:site_name\" content=\"Los pol\u00edticos Veracruz\" \/>\n<meta property=\"article:publisher\" content=\"https:\/\/www.facebook.com\/people\/Notimemes-de-los-Polticos\/61565672886568\/\" \/>\n<meta property=\"article:published_time\" content=\"2022-09-15T19:15:49+00:00\" \/>\n<meta property=\"article:modified_time\" content=\"2022-09-15T19:15:59+00:00\" \/>\n<meta property=\"og:image\" content=\"https:\/\/lospoliticosveracruz.com.mx\/wp-content\/uploads\/2021\/10\/Zacauilt-150x300.jpg\" \/>\n<meta name=\"author\" content=\"Lo viste en Los Pol\u00edticos\" \/>\n<meta name=\"twitter:card\" content=\"summary_large_image\" \/>\n<meta name=\"twitter:creator\" content=\"@LosPoliticosVer\" \/>\n<meta name=\"twitter:site\" content=\"@LosPoliticosVer\" \/>\n<meta name=\"twitter:label1\" content=\"Escrito por\" \/>\n\t<meta name=\"twitter:data1\" content=\"Lo viste en Los Pol\u00edticos\" \/>\n\t<meta name=\"twitter:label2\" content=\"Tiempo de lectura\" \/>\n\t<meta name=\"twitter:data2\" content=\"4 minutos\" \/>\n<script type=\"application\/ld+json\" class=\"yoast-schema-graph\">{\"@context\":\"https:\\\/\\\/schema.org\",\"@graph\":[{\"@type\":\"Article\",\"@id\":\"https:\\\/\\\/lospoliticosveracruz.com\\\/?p=95512#article\",\"isPartOf\":{\"@id\":\"https:\\\/\\\/lospoliticosveracruz.com\\\/?p=95512\"},\"author\":{\"name\":\"Lo viste en Los Pol\u00edticos\",\"@id\":\"https:\\\/\\\/lospoliticosveracruz.com\\\/#\\\/schema\\\/person\\\/b8702bb0e538456e6efd07080bf2a4a2\"},\"headline\":\"4T Y SUS ANDANZAS\u2026\",\"datePublished\":\"2022-09-15T19:15:49+00:00\",\"dateModified\":\"2022-09-15T19:15:59+00:00\",\"mainEntityOfPage\":{\"@id\":\"https:\\\/\\\/lospoliticosveracruz.com\\\/?p=95512\"},\"wordCount\":904,\"publisher\":{\"@id\":\"https:\\\/\\\/lospoliticosveracruz.com\\\/#organization\"},\"image\":{\"@id\":\"https:\\\/\\\/lospoliticosveracruz.com\\\/?p=95512#primaryimage\"},\"thumbnailUrl\":\"https:\\\/\\\/lospoliticosveracruz.com.mx\\\/wp-content\\\/uploads\\\/2021\\\/10\\\/Zacauilt-150x300.jpg\",\"keywords\":[\"corrupci\u00f3n\",\"Cuitl\u00e1huac Garc\u00eda Jim\u00e9nez\",\"Eric Cisneros\",\"Fondo de Retiro de Magistrados\",\"Fondo para la Impartici\u00f3n de Justicia\",\"Isabel In\u00e9s Romero Cruz\",\"Joana Marl\u00e9n Bautista\",\"Marco Antonio Lezama Moo\",\"Morena\",\"Sof\u00eda Mart\u00ednez Huerta\",\"Veracruz\"],\"articleSection\":[\"De Opini\u00f3n\"],\"inLanguage\":\"es\"},{\"@type\":\"WebPage\",\"@id\":\"https:\\\/\\\/lospoliticosveracruz.com\\\/?p=95512\",\"url\":\"https:\\\/\\\/lospoliticosveracruz.com\\\/?p=95512\",\"name\":\"4T Y SUS ANDANZAS\u2026 - Los pol\u00edticos Veracruz\",\"isPartOf\":{\"@id\":\"https:\\\/\\\/lospoliticosveracruz.com\\\/#website\"},\"primaryImageOfPage\":{\"@id\":\"https:\\\/\\\/lospoliticosveracruz.com\\\/?p=95512#primaryimage\"},\"image\":{\"@id\":\"https:\\\/\\\/lospoliticosveracruz.com\\\/?p=95512#primaryimage\"},\"thumbnailUrl\":\"https:\\\/\\\/lospoliticosveracruz.com.mx\\\/wp-content\\\/uploads\\\/2021\\\/10\\\/Zacauilt-150x300.jpg\",\"datePublished\":\"2022-09-15T19:15:49+00:00\",\"dateModified\":\"2022-09-15T19:15:59+00:00\",\"breadcrumb\":{\"@id\":\"https:\\\/\\\/lospoliticosveracruz.com\\\/?p=95512#breadcrumb\"},\"inLanguage\":\"es\",\"potentialAction\":[{\"@type\":\"ReadAction\",\"target\":[\"https:\\\/\\\/lospoliticosveracruz.com\\\/?p=95512\"]}]},{\"@type\":\"ImageObject\",\"inLanguage\":\"es\",\"@id\":\"https:\\\/\\\/lospoliticosveracruz.com\\\/?p=95512#primaryimage\",\"url\":\"https:\\\/\\\/lospoliticosveracruz.com.mx\\\/wp-content\\\/uploads\\\/2021\\\/10\\\/Zacauilt-150x300.jpg\",\"contentUrl\":\"https:\\\/\\\/lospoliticosveracruz.com.mx\\\/wp-content\\\/uploads\\\/2021\\\/10\\\/Zacauilt-150x300.jpg\"},{\"@type\":\"BreadcrumbList\",\"@id\":\"https:\\\/\\\/lospoliticosveracruz.com\\\/?p=95512#breadcrumb\",\"itemListElement\":[{\"@type\":\"ListItem\",\"position\":1,\"name\":\"Portada\",\"item\":\"https:\\\/\\\/lospoliticosveracruz.com\\\/\"},{\"@type\":\"ListItem\",\"position\":2,\"name\":\"4T Y SUS ANDANZAS\u2026\"}]},{\"@type\":\"WebSite\",\"@id\":\"https:\\\/\\\/lospoliticosveracruz.com\\\/#website\",\"url\":\"https:\\\/\\\/lospoliticosveracruz.com\\\/\",\"name\":\"Los pol\u00edticos Veracruz\",\"description\":\"\",\"publisher\":{\"@id\":\"https:\\\/\\\/lospoliticosveracruz.com\\\/#organization\"},\"potentialAction\":[{\"@type\":\"SearchAction\",\"target\":{\"@type\":\"EntryPoint\",\"urlTemplate\":\"https:\\\/\\\/lospoliticosveracruz.com\\\/?s={search_term_string}\"},\"query-input\":{\"@type\":\"PropertyValueSpecification\",\"valueRequired\":true,\"valueName\":\"search_term_string\"}}],\"inLanguage\":\"es\"},{\"@type\":\"Organization\",\"@id\":\"https:\\\/\\\/lospoliticosveracruz.com\\\/#organization\",\"name\":\"Los pol\u00edticos Veracruz\",\"url\":\"https:\\\/\\\/lospoliticosveracruz.com\\\/\",\"logo\":{\"@type\":\"ImageObject\",\"inLanguage\":\"es\",\"@id\":\"https:\\\/\\\/lospoliticosveracruz.com\\\/#\\\/schema\\\/logo\\\/image\\\/\",\"url\":\"https:\\\/\\\/lospoliticosveracruz.com\\\/wp-content\\\/uploads\\\/2025\\\/12\\\/Logo-Nuevo-LOS-POLITICOS-1.jpg\",\"contentUrl\":\"https:\\\/\\\/lospoliticosveracruz.com\\\/wp-content\\\/uploads\\\/2025\\\/12\\\/Logo-Nuevo-LOS-POLITICOS-1.jpg\",\"width\":260,\"height\":70,\"caption\":\"Los pol\u00edticos Veracruz\"},\"image\":{\"@id\":\"https:\\\/\\\/lospoliticosveracruz.com\\\/#\\\/schema\\\/logo\\\/image\\\/\"},\"sameAs\":[\"https:\\\/\\\/www.facebook.com\\\/people\\\/Notimemes-de-los-Polticos\\\/61565672886568\\\/\",\"https:\\\/\\\/x.com\\\/LosPoliticosVer\"]},{\"@type\":\"Person\",\"@id\":\"https:\\\/\\\/lospoliticosveracruz.com\\\/#\\\/schema\\\/person\\\/b8702bb0e538456e6efd07080bf2a4a2\",\"name\":\"Lo viste en Los Pol\u00edticos\",\"image\":{\"@type\":\"ImageObject\",\"inLanguage\":\"es\",\"@id\":\"https:\\\/\\\/secure.gravatar.com\\\/avatar\\\/3a8de04a2656d44082be478bd6c086daa447c4651605818287b9532d3d0bd435?s=96&d=mm&r=g\",\"url\":\"https:\\\/\\\/secure.gravatar.com\\\/avatar\\\/3a8de04a2656d44082be478bd6c086daa447c4651605818287b9532d3d0bd435?s=96&d=mm&r=g\",\"contentUrl\":\"https:\\\/\\\/secure.gravatar.com\\\/avatar\\\/3a8de04a2656d44082be478bd6c086daa447c4651605818287b9532d3d0bd435?s=96&d=mm&r=g\",\"caption\":\"Lo viste en Los Pol\u00edticos\"},\"url\":\"https:\\\/\\\/lospoliticosveracruz.com\\\/?author=2\"}]}<\/script>\n<!-- \/ Yoast SEO plugin. -->","yoast_head_json":{"title":"4T Y SUS ANDANZAS\u2026 - Los pol\u00edticos Veracruz","robots":{"index":"index","follow":"follow","max-snippet":"max-snippet:-1","max-image-preview":"max-image-preview:large","max-video-preview":"max-video-preview:-1"},"canonical":"https:\/\/lospoliticosveracruz.com\/?p=95512","og_locale":"es_ES","og_type":"article","og_title":"4T Y SUS ANDANZAS\u2026 - Los pol\u00edticos Veracruz","og_description":"Miguel \u00c1ngel G\u00f3mez RuizContrapunto Son tiempos complicados para nosotros. De 2018 a la fecha hemos visto a un presidente que nos descalifica a los que somos de clase media. Nos instruye a no tener m\u00e1s que un par de zapatos. Nos desprecia si somos aspiracionistas. Utiliza el pretexto de trabajar para los pobres, pero los [&hellip;]","og_url":"https:\/\/lospoliticosveracruz.com\/?p=95512","og_site_name":"Los pol\u00edticos Veracruz","article_publisher":"https:\/\/www.facebook.com\/people\/Notimemes-de-los-Polticos\/61565672886568\/","article_published_time":"2022-09-15T19:15:49+00:00","article_modified_time":"2022-09-15T19:15:59+00:00","og_image":[{"url":"https:\/\/lospoliticosveracruz.com.mx\/wp-content\/uploads\/2021\/10\/Zacauilt-150x300.jpg","type":"","width":"","height":""}],"author":"Lo viste en Los Pol\u00edticos","twitter_card":"summary_large_image","twitter_creator":"@LosPoliticosVer","twitter_site":"@LosPoliticosVer","twitter_misc":{"Escrito por":"Lo viste en Los Pol\u00edticos","Tiempo de lectura":"4 minutos"},"schema":{"@context":"https:\/\/schema.org","@graph":[{"@type":"Article","@id":"https:\/\/lospoliticosveracruz.com\/?p=95512#article","isPartOf":{"@id":"https:\/\/lospoliticosveracruz.com\/?p=95512"},"author":{"name":"Lo viste en Los Pol\u00edticos","@id":"https:\/\/lospoliticosveracruz.com\/#\/schema\/person\/b8702bb0e538456e6efd07080bf2a4a2"},"headline":"4T Y SUS ANDANZAS\u2026","datePublished":"2022-09-15T19:15:49+00:00","dateModified":"2022-09-15T19:15:59+00:00","mainEntityOfPage":{"@id":"https:\/\/lospoliticosveracruz.com\/?p=95512"},"wordCount":904,"publisher":{"@id":"https:\/\/lospoliticosveracruz.com\/#organization"},"image":{"@id":"https:\/\/lospoliticosveracruz.com\/?p=95512#primaryimage"},"thumbnailUrl":"https:\/\/lospoliticosveracruz.com.mx\/wp-content\/uploads\/2021\/10\/Zacauilt-150x300.jpg","keywords":["corrupci\u00f3n","Cuitl\u00e1huac Garc\u00eda Jim\u00e9nez","Eric Cisneros","Fondo de Retiro de Magistrados","Fondo para la Impartici\u00f3n de Justicia","Isabel In\u00e9s Romero Cruz","Joana Marl\u00e9n Bautista","Marco Antonio Lezama Moo","Morena","Sof\u00eda Mart\u00ednez Huerta","Veracruz"],"articleSection":["De Opini\u00f3n"],"inLanguage":"es"},{"@type":"WebPage","@id":"https:\/\/lospoliticosveracruz.com\/?p=95512","url":"https:\/\/lospoliticosveracruz.com\/?p=95512","name":"4T Y SUS ANDANZAS\u2026 - Los pol\u00edticos Veracruz","isPartOf":{"@id":"https:\/\/lospoliticosveracruz.com\/#website"},"primaryImageOfPage":{"@id":"https:\/\/lospoliticosveracruz.com\/?p=95512#primaryimage"},"image":{"@id":"https:\/\/lospoliticosveracruz.com\/?p=95512#primaryimage"},"thumbnailUrl":"https:\/\/lospoliticosveracruz.com.mx\/wp-content\/uploads\/2021\/10\/Zacauilt-150x300.jpg","datePublished":"2022-09-15T19:15:49+00:00","dateModified":"2022-09-15T19:15:59+00:00","breadcrumb":{"@id":"https:\/\/lospoliticosveracruz.com\/?p=95512#breadcrumb"},"inLanguage":"es","potentialAction":[{"@type":"ReadAction","target":["https:\/\/lospoliticosveracruz.com\/?p=95512"]}]},{"@type":"ImageObject","inLanguage":"es","@id":"https:\/\/lospoliticosveracruz.com\/?p=95512#primaryimage","url":"https:\/\/lospoliticosveracruz.com.mx\/wp-content\/uploads\/2021\/10\/Zacauilt-150x300.jpg","contentUrl":"https:\/\/lospoliticosveracruz.com.mx\/wp-content\/uploads\/2021\/10\/Zacauilt-150x300.jpg"},{"@type":"BreadcrumbList","@id":"https:\/\/lospoliticosveracruz.com\/?p=95512#breadcrumb","itemListElement":[{"@type":"ListItem","position":1,"name":"Portada","item":"https:\/\/lospoliticosveracruz.com\/"},{"@type":"ListItem","position":2,"name":"4T Y SUS ANDANZAS\u2026"}]},{"@type":"WebSite","@id":"https:\/\/lospoliticosveracruz.com\/#website","url":"https:\/\/lospoliticosveracruz.com\/","name":"Los pol\u00edticos Veracruz","description":"","publisher":{"@id":"https:\/\/lospoliticosveracruz.com\/#organization"},"potentialAction":[{"@type":"SearchAction","target":{"@type":"EntryPoint","urlTemplate":"https:\/\/lospoliticosveracruz.com\/?s={search_term_string}"},"query-input":{"@type":"PropertyValueSpecification","valueRequired":true,"valueName":"search_term_string"}}],"inLanguage":"es"},{"@type":"Organization","@id":"https:\/\/lospoliticosveracruz.com\/#organization","name":"Los pol\u00edticos Veracruz","url":"https:\/\/lospoliticosveracruz.com\/","logo":{"@type":"ImageObject","inLanguage":"es","@id":"https:\/\/lospoliticosveracruz.com\/#\/schema\/logo\/image\/","url":"https:\/\/lospoliticosveracruz.com\/wp-content\/uploads\/2025\/12\/Logo-Nuevo-LOS-POLITICOS-1.jpg","contentUrl":"https:\/\/lospoliticosveracruz.com\/wp-content\/uploads\/2025\/12\/Logo-Nuevo-LOS-POLITICOS-1.jpg","width":260,"height":70,"caption":"Los pol\u00edticos Veracruz"},"image":{"@id":"https:\/\/lospoliticosveracruz.com\/#\/schema\/logo\/image\/"},"sameAs":["https:\/\/www.facebook.com\/people\/Notimemes-de-los-Polticos\/61565672886568\/","https:\/\/x.com\/LosPoliticosVer"]},{"@type":"Person","@id":"https:\/\/lospoliticosveracruz.com\/#\/schema\/person\/b8702bb0e538456e6efd07080bf2a4a2","name":"Lo viste en Los Pol\u00edticos","image":{"@type":"ImageObject","inLanguage":"es","@id":"https:\/\/secure.gravatar.com\/avatar\/3a8de04a2656d44082be478bd6c086daa447c4651605818287b9532d3d0bd435?s=96&d=mm&r=g","url":"https:\/\/secure.gravatar.com\/avatar\/3a8de04a2656d44082be478bd6c086daa447c4651605818287b9532d3d0bd435?s=96&d=mm&r=g","contentUrl":"https:\/\/secure.gravatar.com\/avatar\/3a8de04a2656d44082be478bd6c086daa447c4651605818287b9532d3d0bd435?s=96&d=mm&r=g","caption":"Lo viste en Los Pol\u00edticos"},"url":"https:\/\/lospoliticosveracruz.com\/?author=2"}]}},"_links":{"self":[{"href":"https:\/\/lospoliticosveracruz.com\/index.php?rest_route=\/wp\/v2\/posts\/95512","targetHints":{"allow":["GET"]}}],"collection":[{"href":"https:\/\/lospoliticosveracruz.com\/index.php?rest_route=\/wp\/v2\/posts"}],"about":[{"href":"https:\/\/lospoliticosveracruz.com\/index.php?rest_route=\/wp\/v2\/types\/post"}],"author":[{"embeddable":true,"href":"https:\/\/lospoliticosveracruz.com\/index.php?rest_route=\/wp\/v2\/users\/2"}],"replies":[{"embeddable":true,"href":"https:\/\/lospoliticosveracruz.com\/index.php?rest_route=%2Fwp%2Fv2%2Fcomments&post=95512"}],"version-history":[{"count":1,"href":"https:\/\/lospoliticosveracruz.com\/index.php?rest_route=\/wp\/v2\/posts\/95512\/revisions"}],"predecessor-version":[{"id":95513,"href":"https:\/\/lospoliticosveracruz.com\/index.php?rest_route=\/wp\/v2\/posts\/95512\/revisions\/95513"}],"wp:attachment":[{"href":"https:\/\/lospoliticosveracruz.com\/index.php?rest_route=%2Fwp%2Fv2%2Fmedia&parent=95512"}],"wp:term":[{"taxonomy":"category","embeddable":true,"href":"https:\/\/lospoliticosveracruz.com\/index.php?rest_route=%2Fwp%2Fv2%2Fcategories&post=95512"},{"taxonomy":"post_tag","embeddable":true,"href":"https:\/\/lospoliticosveracruz.com\/index.php?rest_route=%2Fwp%2Fv2%2Ftags&post=95512"}],"curies":[{"name":"wp","href":"https:\/\/api.w.org\/{rel}","templated":true}]}}