{"id":95607,"date":"2022-09-19T07:58:00","date_gmt":"2022-09-19T12:58:00","guid":{"rendered":"https:\/\/lospoliticosveracruz.com.mx\/?p=95607"},"modified":"2022-09-19T07:58:06","modified_gmt":"2022-09-19T12:58:06","slug":"el-pleito-de-juniors","status":"publish","type":"post","link":"https:\/\/lospoliticosveracruz.com\/?p=95607","title":{"rendered":"EL PLEITO DE JUNIORS"},"content":{"rendered":"\n<p><strong>Ricardo Ch\u00faa<\/strong><\/p>\n\n\n\n<p><em>Sale y Vale<\/em><\/p>\n\n\n\n<p>En las redes sociales y grupos de whatsapp empezaron a dar a conocer publicaciones de medios de comunicaci\u00f3n de C\u00f3rdoba y Orizaba&#8230; De un pleito a golpes, que dej\u00f3 a un joven herido, no se sabe que tan grave, pero que sucedi\u00f3 en un antro de Boca del R\u00edo&#8230; Y cuyo suceso ocurri\u00f3 la semana pasada, cuando dos hijos de prominentes pol\u00edticos y empresarios de aquella regi\u00f3n&#8230; Llegaron a hechos violentos PRESUNTAMENTE por una disputa legal que sostienen los padres de ambos&#8230;<\/p>\n\n\n\n<p>En estos grupos de \u00abwhatsapp\u00bb nos cuentan que estos dos personajes, uno de ellos es el hijo mayor del c\u00f3rdobes y ex Fiscal de Veracruz en tiempos de Javier Duarte, Luis \u00c1ngel Bravo Contreras y el otro es hijo del empresario arrocero orizabe\u00f1o, Pedro Schettino&#8230; Seg\u00fan la versi\u00f3n de las redes sociales, el hijo del ex Fiscal \u00abjarocho\u00bb fue agredido en este antro por el hijo del empresario arrocero&#8230; Y aunque el hecho sucedi\u00f3 en Boca del R\u00edo&#8230; El conflicto mayor entre ambos personajes y poderosos progenitores se centra en Orizaba y C\u00f3rdoba&#8230;<\/p>\n\n\n<div class=\"wp-block-image\">\n<figure class=\"alignleft size-medium\"><a href=\"https:\/\/lospoliticosveracruz.com.mx\/wp-content\/uploads\/2021\/10\/WhatsApp-Image-2021-10-02-at-15.20.25.jpeg\"><img loading=\"lazy\" decoding=\"async\" width=\"212\" height=\"300\" src=\"https:\/\/lospoliticosveracruz.com.mx\/wp-content\/uploads\/2021\/10\/WhatsApp-Image-2021-10-02-at-15.20.25-212x300.jpeg\" alt=\"\" class=\"wp-image-80177\" srcset=\"https:\/\/lospoliticosveracruz.com\/wp-content\/uploads\/2021\/10\/WhatsApp-Image-2021-10-02-at-15.20.25-212x300.jpeg 212w, https:\/\/lospoliticosveracruz.com\/wp-content\/uploads\/2021\/10\/WhatsApp-Image-2021-10-02-at-15.20.25-724x1024.jpeg 724w, https:\/\/lospoliticosveracruz.com\/wp-content\/uploads\/2021\/10\/WhatsApp-Image-2021-10-02-at-15.20.25-768x1086.jpeg 768w, https:\/\/lospoliticosveracruz.com\/wp-content\/uploads\/2021\/10\/WhatsApp-Image-2021-10-02-at-15.20.25.jpeg 905w\" sizes=\"auto, (max-width: 212px) 100vw, 212px\" \/><\/a><\/figure>\n<\/div>\n\n\n<p>Se supone, nos cuenta \u00abGarganta Profunda\u00bb, que todo est\u00e9 hecho se dio porque el \u00abEx-Fiscul\u00edn\u00bb Bravo, por su profesi\u00f3n de abogado, se encuentra defendiendo a unos muchachos tambi\u00e9n conocidos en C\u00f3rdoba, a los que presuntamente, el hijo de Pedro Schettino sostuvo un l\u00edo a golpes hace un a\u00f1o con ellos.. Pero como Schettino es experto en artes marciales, los golpe\u00f3 presuntamente de manera violenta&#8230; Los padres de estos chicos buscaron al \u00abEx Fiscul\u00edn\u00bb de abogado y todo indica que por ese motivo sostuvieron un pleito con su hijo&#8230;<\/p>\n\n\n\n<p>Ya que nos dicen que tanto Schettino y Bravo junior se encontraron en una fiesta, el pasado 16 de septiembre en el antro de Boca del R\u00edo, y ah\u00ed el primero le reclama al segundo la defensa jur\u00eddica de su progenitor en su contra&#8230; Los reclamos siguieron y pese a que uno de ellos se fue de la fiesta, al parecer, m\u00e1s tarde se encontraron y fue donde presuntamente se agarraron a golpes.. Como en un asunto de venganza.. El tema es que el hijo del ex Fiscal sac\u00f3 la peor parte y este joven lo trasladaron a Cdmx a un hospital para operarlo&#8230;<\/p>\n\n\n\n<p>El tema es que este pleito que se puede decir fue por temas legales y por hechos de violencia entre j\u00f3venes estudiantes.. Ahora se volvi\u00f3 pol\u00edtico&#8230; Pero no se sabe hasta qu\u00e9 grado&#8230; Ya que en C\u00f3rdoba, dicen las \u00ablenguas de doble filo\u00bb, que Luis \u00c1ngel Bravo, presuntamente, tiene un \u00abcanal directo\u00bb con la actual Fiscal\u00eda del Estado por el famoso tema de Jorge Winckler&#8230; Pero esa es otra historia&#8230; Pero se menciona que va utilizar sus relaciones y su conocimiento para meter en problemas legales al \u00abheredero\u00bb de Pedro Schettino&#8230;<\/p>\n\n\n\n<p>El problema para el empresario arrocero tambi\u00e9n \u00abraya\u00bb en lo pol\u00edtico&#8230; Ya que se dice que en Palacio de Gobierno&#8230; A \u00e9l lo tienen detectado de ser de la poderosa corriente pol\u00edtica y millonaria de Juan Manuel D\u00edez Francos, el alcalde de Orizaba&#8230; Y en este momento dentro del gobierno estatal de MORENA&#8230; Todo lo que huele a Orizaba y a sus empresarios, pues, como que no los quieren mucho y hasta los mandan a \u00abapretar\u00bb con acciones directas de esta administraci\u00f3n estatal de Cuitl\u00e1huac Garc\u00eda..<\/p>\n\n\n\n<p>S\u00f3lo basta ver como la Procuradur\u00eda del Medio Ambiente del gobierno del Estado, les est\u00e1 dando con todo a las empresas orizabe\u00f1as&#8230; Pero el tema tambi\u00e9n viene con el asunto del municipio de C\u00f3rdoba&#8230; Donde se\u00f1alan que el hijo del empresario arrocero, sostiene pleitos p\u00fablicos a cada rato en esta ciudad&#8230; Y que mucha gente poderosa que apoy\u00f3 al alcalde de esa ciudad, Juan Mart\u00ednez, para que ganara por MORENA, le fueron a pedir que intercediera para poner un alto a los desmanes que presuntamente comete este muchacho en esa ciudad&#8230;&nbsp;<\/p>\n\n\n\n<p>As\u00ed que presuntamente ya son varias las ocasiones que Schettino se agarra a golpes en C\u00f3rdoba&#8230; Ya no s\u00f3lo en Orizaba&#8230; Y ahora estos enfrentamientos se dieron en Boca del R\u00edo, en los conocidos antros de la conurbaci\u00f3n.. Por lo que presuntamente hay versiones que el alcalde, Juan Mart\u00ednez, dice que el muchacho est\u00e1 imparable&#8230; Y m\u00e1s ahora que ya se hizo viral el pleito de ambos \u00abjunior\u00bb por venganza porque Ex Fiscul\u00edn lleva un litigio contra Schettino&#8230; Y lo que no quieren en C\u00f3rdoba es que se presente otra situaci\u00f3n como esas..&nbsp;<\/p>\n\n\n\n<p>Pero, ahora, se dice en C\u00f3rdoba, que el Ex-FisCul\u00edn va a estar en \u00abreflectores\u00bb con este tema.. Que tambi\u00e9n es algo que le encanta.. Pero lo que s\u00ed se sabe, presuntamente, es que Schettino si es cercano a Juan Manuel D\u00edez&#8230; Se dice que es su socio junto con Hugo Chain y el due\u00f1o de la distribuidora de cervezas de Orizaba en el proyecto de \u00abLos Monta\u00f1eses\u00bb&#8230; El equipo de f\u00fatbol que est\u00e1 en segunda divisi\u00f3n en aquella ciudad&#8230;&nbsp;&nbsp;Esto se pondr\u00e1 m\u00e1s bueno que una serie de Nexflit&#8230;&nbsp;&nbsp;A ver que dicen en Xalapa.. Por el tema Boca del R\u00edo&#8230;&nbsp;&nbsp;AMEN<\/p>\n\n\n\n<p>CUITL\u00c1HUAC Y MARIO DELGAGO&#8230; Nos cuentan que gobernadores de MORENA y el l\u00edder nacional de este partido, Mario Delgado, pactaron una lista de 10 de las 15 carteras de la nueva dirigencia del CEN&#8230; Entre los acuerdos, Delgado aprovechar\u00eda la nueva facultad que tendr\u00eda con la reforma de los estatutos de definir a los titulares de las carteras m\u00e1s importantes: Finanzas y Organizaci\u00f3n&#8230; En Finanzas plante\u00f3 a Javier Cabiedes, quien era su secretario particular y llevaba las finanzas del grupo parlamentario en la C\u00e1mara de Diputados&#8230;<\/p>\n\n\n\n<p>As\u00ed como la Secretar\u00eda de Organizaci\u00f3n, qued\u00f3 en manos del senador suplente, Alejandro Pe\u00f1a, quien es su operador pol\u00edtico y a quien le ha dado ya asignaciones relevantes como la creaci\u00f3n de los comit\u00e9s de defensa de la 4T en todo el pa\u00eds y el programa de afiliaci\u00f3n al partido (fallido, porque el INE no lo autoriz\u00f3)&#8230; La lista fue pactada por los gobernadores en una reuni\u00f3n que sostuvieron previo a la sesi\u00f3n del Congreso&#8230; En Comunicaci\u00f3n est\u00e1 la diputada federal Andrea Ch\u00e1vez, quien apoya la aspiraci\u00f3n de Ad\u00e1n Augusto L\u00f3pez.<\/p>\n\n\n\n<p>Mientras que el gobernador de Chiapas, Rutilio Escand\u00f3n, logr\u00f3 poner a su secretaria de Bienestar, Adriana Grajales, en la Secretar\u00eda de Mujeres&#8230; Y la cartera de J\u00f3venes ser\u00e1 para Alejandro Porras, cercano al gobernador de Veracruz, Cuitl\u00e1huac Garc\u00eda&#8230; Se dec\u00eda que Mario Delgado le ten\u00eda cierta aversi\u00f3n despu\u00e9s de los \u00abmameyazos\u00bb que le mand\u00f3 a acomodar el xalape\u00f1o hace semanas por andar con Sergio Guti\u00e9rrez&#8230; Por eso dec\u00eda Jes\u00fas Reyes Heroles, que la pol\u00edtica era el \u00abarte de tragar sapos y escupir flores\u00bb&#8230; Que raz\u00f3n ten\u00eda.. AMEN..<\/p>\n","protected":false},"excerpt":{"rendered":"<p>Ricardo Ch\u00faa Sale y Vale En las redes sociales y grupos de whatsapp empezaron a dar a conocer publicaciones de medios de comunicaci\u00f3n de C\u00f3rdoba y Orizaba&#8230; De un pleito a golpes, que dej\u00f3 a un joven herido, no se sabe que tan grave, pero que sucedi\u00f3 en un antro de Boca del R\u00edo&#8230; Y [&hellip;]<\/p>\n","protected":false},"author":2,"featured_media":0,"comment_status":"closed","ping_status":"closed","sticky":false,"template":"","format":"standard","meta":{"tdm_status":"","tdm_grid_status":"","footnotes":""},"categories":[70],"tags":[751,1563,162,26576,33282,34318,12596,1026,1639,195],"class_list":{"0":"post-95607","1":"post","2":"type-post","3":"status-publish","4":"format-standard","6":"category-de-opinion","7":"tag-cordoba","8":"tag-cuitlahuac-garcia-jimenez","9":"tag-javier-duarte","10":"tag-juan-manuel-diez-francos-2","11":"tag-juan-martinez","12":"tag-luis-angel-bravo-contreras-2","13":"tag-mario-delgado","14":"tag-morena","15":"tag-orizaba","16":"tag-veracruz"},"yoast_head":"<!-- This site is optimized with the Yoast SEO plugin v27.4 - https:\/\/yoast.com\/product\/yoast-seo-wordpress\/ -->\n<title>EL PLEITO DE JUNIORS - Los pol\u00edticos Veracruz<\/title>\n<meta name=\"robots\" content=\"index, follow, max-snippet:-1, max-image-preview:large, max-video-preview:-1\" \/>\n<link rel=\"canonical\" href=\"https:\/\/lospoliticosveracruz.com\/?p=95607\" \/>\n<meta property=\"og:locale\" content=\"es_ES\" \/>\n<meta property=\"og:type\" content=\"article\" \/>\n<meta property=\"og:title\" content=\"EL PLEITO DE JUNIORS - Los pol\u00edticos Veracruz\" \/>\n<meta property=\"og:description\" content=\"Ricardo Ch\u00faa Sale y Vale En las redes sociales y grupos de whatsapp empezaron a dar a conocer publicaciones de medios de comunicaci\u00f3n de C\u00f3rdoba y Orizaba&#8230; De un pleito a golpes, que dej\u00f3 a un joven herido, no se sabe que tan grave, pero que sucedi\u00f3 en un antro de Boca del R\u00edo&#8230; Y [&hellip;]\" \/>\n<meta property=\"og:url\" content=\"https:\/\/lospoliticosveracruz.com\/?p=95607\" \/>\n<meta property=\"og:site_name\" content=\"Los pol\u00edticos Veracruz\" \/>\n<meta property=\"article:publisher\" content=\"https:\/\/www.facebook.com\/people\/Notimemes-de-los-Polticos\/61565672886568\/\" \/>\n<meta property=\"article:published_time\" content=\"2022-09-19T12:58:00+00:00\" \/>\n<meta property=\"article:modified_time\" content=\"2022-09-19T12:58:06+00:00\" \/>\n<meta property=\"og:image\" content=\"https:\/\/lospoliticosveracruz.com.mx\/wp-content\/uploads\/2021\/10\/WhatsApp-Image-2021-10-02-at-15.20.25-212x300.jpeg\" \/>\n<meta name=\"author\" content=\"Lo viste en Los Pol\u00edticos\" \/>\n<meta name=\"twitter:card\" content=\"summary_large_image\" \/>\n<meta name=\"twitter:creator\" content=\"@LosPoliticosVer\" \/>\n<meta name=\"twitter:site\" content=\"@LosPoliticosVer\" \/>\n<meta name=\"twitter:label1\" content=\"Escrito por\" \/>\n\t<meta name=\"twitter:data1\" content=\"Lo viste en Los Pol\u00edticos\" \/>\n\t<meta name=\"twitter:label2\" content=\"Tiempo de lectura\" \/>\n\t<meta name=\"twitter:data2\" content=\"6 minutos\" \/>\n<script type=\"application\/ld+json\" class=\"yoast-schema-graph\">{\"@context\":\"https:\\\/\\\/schema.org\",\"@graph\":[{\"@type\":\"Article\",\"@id\":\"https:\\\/\\\/lospoliticosveracruz.com\\\/?p=95607#article\",\"isPartOf\":{\"@id\":\"https:\\\/\\\/lospoliticosveracruz.com\\\/?p=95607\"},\"author\":{\"name\":\"Lo viste en Los Pol\u00edticos\",\"@id\":\"https:\\\/\\\/lospoliticosveracruz.com\\\/#\\\/schema\\\/person\\\/b8702bb0e538456e6efd07080bf2a4a2\"},\"headline\":\"EL PLEITO DE JUNIORS\",\"datePublished\":\"2022-09-19T12:58:00+00:00\",\"dateModified\":\"2022-09-19T12:58:06+00:00\",\"mainEntityOfPage\":{\"@id\":\"https:\\\/\\\/lospoliticosveracruz.com\\\/?p=95607\"},\"wordCount\":1206,\"publisher\":{\"@id\":\"https:\\\/\\\/lospoliticosveracruz.com\\\/#organization\"},\"image\":{\"@id\":\"https:\\\/\\\/lospoliticosveracruz.com\\\/?p=95607#primaryimage\"},\"thumbnailUrl\":\"https:\\\/\\\/lospoliticosveracruz.com.mx\\\/wp-content\\\/uploads\\\/2021\\\/10\\\/WhatsApp-Image-2021-10-02-at-15.20.25-212x300.jpeg\",\"keywords\":[\"C\u00f3rdoba\",\"Cuitl\u00e1huac Garc\u00eda Jim\u00e9nez\",\"Javier Duarte\",\"Juan Manuel D\u00edez Francos\",\"Juan Mart\u00ednez\",\"Luis \u00c1ngel Bravo Contreras\",\"Mario Delgado\",\"Morena\",\"Orizaba\",\"Veracruz\"],\"articleSection\":[\"De Opini\u00f3n\"],\"inLanguage\":\"es\"},{\"@type\":\"WebPage\",\"@id\":\"https:\\\/\\\/lospoliticosveracruz.com\\\/?p=95607\",\"url\":\"https:\\\/\\\/lospoliticosveracruz.com\\\/?p=95607\",\"name\":\"EL PLEITO DE JUNIORS - Los pol\u00edticos Veracruz\",\"isPartOf\":{\"@id\":\"https:\\\/\\\/lospoliticosveracruz.com\\\/#website\"},\"primaryImageOfPage\":{\"@id\":\"https:\\\/\\\/lospoliticosveracruz.com\\\/?p=95607#primaryimage\"},\"image\":{\"@id\":\"https:\\\/\\\/lospoliticosveracruz.com\\\/?p=95607#primaryimage\"},\"thumbnailUrl\":\"https:\\\/\\\/lospoliticosveracruz.com.mx\\\/wp-content\\\/uploads\\\/2021\\\/10\\\/WhatsApp-Image-2021-10-02-at-15.20.25-212x300.jpeg\",\"datePublished\":\"2022-09-19T12:58:00+00:00\",\"dateModified\":\"2022-09-19T12:58:06+00:00\",\"breadcrumb\":{\"@id\":\"https:\\\/\\\/lospoliticosveracruz.com\\\/?p=95607#breadcrumb\"},\"inLanguage\":\"es\",\"potentialAction\":[{\"@type\":\"ReadAction\",\"target\":[\"https:\\\/\\\/lospoliticosveracruz.com\\\/?p=95607\"]}]},{\"@type\":\"ImageObject\",\"inLanguage\":\"es\",\"@id\":\"https:\\\/\\\/lospoliticosveracruz.com\\\/?p=95607#primaryimage\",\"url\":\"https:\\\/\\\/lospoliticosveracruz.com.mx\\\/wp-content\\\/uploads\\\/2021\\\/10\\\/WhatsApp-Image-2021-10-02-at-15.20.25-212x300.jpeg\",\"contentUrl\":\"https:\\\/\\\/lospoliticosveracruz.com.mx\\\/wp-content\\\/uploads\\\/2021\\\/10\\\/WhatsApp-Image-2021-10-02-at-15.20.25-212x300.jpeg\"},{\"@type\":\"BreadcrumbList\",\"@id\":\"https:\\\/\\\/lospoliticosveracruz.com\\\/?p=95607#breadcrumb\",\"itemListElement\":[{\"@type\":\"ListItem\",\"position\":1,\"name\":\"Portada\",\"item\":\"https:\\\/\\\/lospoliticosveracruz.com\\\/\"},{\"@type\":\"ListItem\",\"position\":2,\"name\":\"EL PLEITO DE JUNIORS\"}]},{\"@type\":\"WebSite\",\"@id\":\"https:\\\/\\\/lospoliticosveracruz.com\\\/#website\",\"url\":\"https:\\\/\\\/lospoliticosveracruz.com\\\/\",\"name\":\"Los pol\u00edticos Veracruz\",\"description\":\"\",\"publisher\":{\"@id\":\"https:\\\/\\\/lospoliticosveracruz.com\\\/#organization\"},\"potentialAction\":[{\"@type\":\"SearchAction\",\"target\":{\"@type\":\"EntryPoint\",\"urlTemplate\":\"https:\\\/\\\/lospoliticosveracruz.com\\\/?s={search_term_string}\"},\"query-input\":{\"@type\":\"PropertyValueSpecification\",\"valueRequired\":true,\"valueName\":\"search_term_string\"}}],\"inLanguage\":\"es\"},{\"@type\":\"Organization\",\"@id\":\"https:\\\/\\\/lospoliticosveracruz.com\\\/#organization\",\"name\":\"Los pol\u00edticos Veracruz\",\"url\":\"https:\\\/\\\/lospoliticosveracruz.com\\\/\",\"logo\":{\"@type\":\"ImageObject\",\"inLanguage\":\"es\",\"@id\":\"https:\\\/\\\/lospoliticosveracruz.com\\\/#\\\/schema\\\/logo\\\/image\\\/\",\"url\":\"https:\\\/\\\/lospoliticosveracruz.com\\\/wp-content\\\/uploads\\\/2025\\\/12\\\/Logo-Nuevo-LOS-POLITICOS-1.jpg\",\"contentUrl\":\"https:\\\/\\\/lospoliticosveracruz.com\\\/wp-content\\\/uploads\\\/2025\\\/12\\\/Logo-Nuevo-LOS-POLITICOS-1.jpg\",\"width\":260,\"height\":70,\"caption\":\"Los pol\u00edticos Veracruz\"},\"image\":{\"@id\":\"https:\\\/\\\/lospoliticosveracruz.com\\\/#\\\/schema\\\/logo\\\/image\\\/\"},\"sameAs\":[\"https:\\\/\\\/www.facebook.com\\\/people\\\/Notimemes-de-los-Polticos\\\/61565672886568\\\/\",\"https:\\\/\\\/x.com\\\/LosPoliticosVer\"]},{\"@type\":\"Person\",\"@id\":\"https:\\\/\\\/lospoliticosveracruz.com\\\/#\\\/schema\\\/person\\\/b8702bb0e538456e6efd07080bf2a4a2\",\"name\":\"Lo viste en Los Pol\u00edticos\",\"image\":{\"@type\":\"ImageObject\",\"inLanguage\":\"es\",\"@id\":\"https:\\\/\\\/secure.gravatar.com\\\/avatar\\\/3a8de04a2656d44082be478bd6c086daa447c4651605818287b9532d3d0bd435?s=96&d=mm&r=g\",\"url\":\"https:\\\/\\\/secure.gravatar.com\\\/avatar\\\/3a8de04a2656d44082be478bd6c086daa447c4651605818287b9532d3d0bd435?s=96&d=mm&r=g\",\"contentUrl\":\"https:\\\/\\\/secure.gravatar.com\\\/avatar\\\/3a8de04a2656d44082be478bd6c086daa447c4651605818287b9532d3d0bd435?s=96&d=mm&r=g\",\"caption\":\"Lo viste en Los Pol\u00edticos\"},\"url\":\"https:\\\/\\\/lospoliticosveracruz.com\\\/?author=2\"}]}<\/script>\n<!-- \/ Yoast SEO plugin. -->","yoast_head_json":{"title":"EL PLEITO DE JUNIORS - Los pol\u00edticos Veracruz","robots":{"index":"index","follow":"follow","max-snippet":"max-snippet:-1","max-image-preview":"max-image-preview:large","max-video-preview":"max-video-preview:-1"},"canonical":"https:\/\/lospoliticosveracruz.com\/?p=95607","og_locale":"es_ES","og_type":"article","og_title":"EL PLEITO DE JUNIORS - Los pol\u00edticos Veracruz","og_description":"Ricardo Ch\u00faa Sale y Vale En las redes sociales y grupos de whatsapp empezaron a dar a conocer publicaciones de medios de comunicaci\u00f3n de C\u00f3rdoba y Orizaba&#8230; De un pleito a golpes, que dej\u00f3 a un joven herido, no se sabe que tan grave, pero que sucedi\u00f3 en un antro de Boca del R\u00edo&#8230; Y [&hellip;]","og_url":"https:\/\/lospoliticosveracruz.com\/?p=95607","og_site_name":"Los pol\u00edticos Veracruz","article_publisher":"https:\/\/www.facebook.com\/people\/Notimemes-de-los-Polticos\/61565672886568\/","article_published_time":"2022-09-19T12:58:00+00:00","article_modified_time":"2022-09-19T12:58:06+00:00","og_image":[{"url":"https:\/\/lospoliticosveracruz.com.mx\/wp-content\/uploads\/2021\/10\/WhatsApp-Image-2021-10-02-at-15.20.25-212x300.jpeg","type":"","width":"","height":""}],"author":"Lo viste en Los Pol\u00edticos","twitter_card":"summary_large_image","twitter_creator":"@LosPoliticosVer","twitter_site":"@LosPoliticosVer","twitter_misc":{"Escrito por":"Lo viste en Los Pol\u00edticos","Tiempo de lectura":"6 minutos"},"schema":{"@context":"https:\/\/schema.org","@graph":[{"@type":"Article","@id":"https:\/\/lospoliticosveracruz.com\/?p=95607#article","isPartOf":{"@id":"https:\/\/lospoliticosveracruz.com\/?p=95607"},"author":{"name":"Lo viste en Los Pol\u00edticos","@id":"https:\/\/lospoliticosveracruz.com\/#\/schema\/person\/b8702bb0e538456e6efd07080bf2a4a2"},"headline":"EL PLEITO DE JUNIORS","datePublished":"2022-09-19T12:58:00+00:00","dateModified":"2022-09-19T12:58:06+00:00","mainEntityOfPage":{"@id":"https:\/\/lospoliticosveracruz.com\/?p=95607"},"wordCount":1206,"publisher":{"@id":"https:\/\/lospoliticosveracruz.com\/#organization"},"image":{"@id":"https:\/\/lospoliticosveracruz.com\/?p=95607#primaryimage"},"thumbnailUrl":"https:\/\/lospoliticosveracruz.com.mx\/wp-content\/uploads\/2021\/10\/WhatsApp-Image-2021-10-02-at-15.20.25-212x300.jpeg","keywords":["C\u00f3rdoba","Cuitl\u00e1huac Garc\u00eda Jim\u00e9nez","Javier Duarte","Juan Manuel D\u00edez Francos","Juan Mart\u00ednez","Luis \u00c1ngel Bravo Contreras","Mario Delgado","Morena","Orizaba","Veracruz"],"articleSection":["De Opini\u00f3n"],"inLanguage":"es"},{"@type":"WebPage","@id":"https:\/\/lospoliticosveracruz.com\/?p=95607","url":"https:\/\/lospoliticosveracruz.com\/?p=95607","name":"EL PLEITO DE JUNIORS - Los pol\u00edticos Veracruz","isPartOf":{"@id":"https:\/\/lospoliticosveracruz.com\/#website"},"primaryImageOfPage":{"@id":"https:\/\/lospoliticosveracruz.com\/?p=95607#primaryimage"},"image":{"@id":"https:\/\/lospoliticosveracruz.com\/?p=95607#primaryimage"},"thumbnailUrl":"https:\/\/lospoliticosveracruz.com.mx\/wp-content\/uploads\/2021\/10\/WhatsApp-Image-2021-10-02-at-15.20.25-212x300.jpeg","datePublished":"2022-09-19T12:58:00+00:00","dateModified":"2022-09-19T12:58:06+00:00","breadcrumb":{"@id":"https:\/\/lospoliticosveracruz.com\/?p=95607#breadcrumb"},"inLanguage":"es","potentialAction":[{"@type":"ReadAction","target":["https:\/\/lospoliticosveracruz.com\/?p=95607"]}]},{"@type":"ImageObject","inLanguage":"es","@id":"https:\/\/lospoliticosveracruz.com\/?p=95607#primaryimage","url":"https:\/\/lospoliticosveracruz.com.mx\/wp-content\/uploads\/2021\/10\/WhatsApp-Image-2021-10-02-at-15.20.25-212x300.jpeg","contentUrl":"https:\/\/lospoliticosveracruz.com.mx\/wp-content\/uploads\/2021\/10\/WhatsApp-Image-2021-10-02-at-15.20.25-212x300.jpeg"},{"@type":"BreadcrumbList","@id":"https:\/\/lospoliticosveracruz.com\/?p=95607#breadcrumb","itemListElement":[{"@type":"ListItem","position":1,"name":"Portada","item":"https:\/\/lospoliticosveracruz.com\/"},{"@type":"ListItem","position":2,"name":"EL PLEITO DE JUNIORS"}]},{"@type":"WebSite","@id":"https:\/\/lospoliticosveracruz.com\/#website","url":"https:\/\/lospoliticosveracruz.com\/","name":"Los pol\u00edticos Veracruz","description":"","publisher":{"@id":"https:\/\/lospoliticosveracruz.com\/#organization"},"potentialAction":[{"@type":"SearchAction","target":{"@type":"EntryPoint","urlTemplate":"https:\/\/lospoliticosveracruz.com\/?s={search_term_string}"},"query-input":{"@type":"PropertyValueSpecification","valueRequired":true,"valueName":"search_term_string"}}],"inLanguage":"es"},{"@type":"Organization","@id":"https:\/\/lospoliticosveracruz.com\/#organization","name":"Los pol\u00edticos Veracruz","url":"https:\/\/lospoliticosveracruz.com\/","logo":{"@type":"ImageObject","inLanguage":"es","@id":"https:\/\/lospoliticosveracruz.com\/#\/schema\/logo\/image\/","url":"https:\/\/lospoliticosveracruz.com\/wp-content\/uploads\/2025\/12\/Logo-Nuevo-LOS-POLITICOS-1.jpg","contentUrl":"https:\/\/lospoliticosveracruz.com\/wp-content\/uploads\/2025\/12\/Logo-Nuevo-LOS-POLITICOS-1.jpg","width":260,"height":70,"caption":"Los pol\u00edticos Veracruz"},"image":{"@id":"https:\/\/lospoliticosveracruz.com\/#\/schema\/logo\/image\/"},"sameAs":["https:\/\/www.facebook.com\/people\/Notimemes-de-los-Polticos\/61565672886568\/","https:\/\/x.com\/LosPoliticosVer"]},{"@type":"Person","@id":"https:\/\/lospoliticosveracruz.com\/#\/schema\/person\/b8702bb0e538456e6efd07080bf2a4a2","name":"Lo viste en Los Pol\u00edticos","image":{"@type":"ImageObject","inLanguage":"es","@id":"https:\/\/secure.gravatar.com\/avatar\/3a8de04a2656d44082be478bd6c086daa447c4651605818287b9532d3d0bd435?s=96&d=mm&r=g","url":"https:\/\/secure.gravatar.com\/avatar\/3a8de04a2656d44082be478bd6c086daa447c4651605818287b9532d3d0bd435?s=96&d=mm&r=g","contentUrl":"https:\/\/secure.gravatar.com\/avatar\/3a8de04a2656d44082be478bd6c086daa447c4651605818287b9532d3d0bd435?s=96&d=mm&r=g","caption":"Lo viste en Los Pol\u00edticos"},"url":"https:\/\/lospoliticosveracruz.com\/?author=2"}]}},"_links":{"self":[{"href":"https:\/\/lospoliticosveracruz.com\/index.php?rest_route=\/wp\/v2\/posts\/95607","targetHints":{"allow":["GET"]}}],"collection":[{"href":"https:\/\/lospoliticosveracruz.com\/index.php?rest_route=\/wp\/v2\/posts"}],"about":[{"href":"https:\/\/lospoliticosveracruz.com\/index.php?rest_route=\/wp\/v2\/types\/post"}],"author":[{"embeddable":true,"href":"https:\/\/lospoliticosveracruz.com\/index.php?rest_route=\/wp\/v2\/users\/2"}],"replies":[{"embeddable":true,"href":"https:\/\/lospoliticosveracruz.com\/index.php?rest_route=%2Fwp%2Fv2%2Fcomments&post=95607"}],"version-history":[{"count":1,"href":"https:\/\/lospoliticosveracruz.com\/index.php?rest_route=\/wp\/v2\/posts\/95607\/revisions"}],"predecessor-version":[{"id":95609,"href":"https:\/\/lospoliticosveracruz.com\/index.php?rest_route=\/wp\/v2\/posts\/95607\/revisions\/95609"}],"wp:attachment":[{"href":"https:\/\/lospoliticosveracruz.com\/index.php?rest_route=%2Fwp%2Fv2%2Fmedia&parent=95607"}],"wp:term":[{"taxonomy":"category","embeddable":true,"href":"https:\/\/lospoliticosveracruz.com\/index.php?rest_route=%2Fwp%2Fv2%2Fcategories&post=95607"},{"taxonomy":"post_tag","embeddable":true,"href":"https:\/\/lospoliticosveracruz.com\/index.php?rest_route=%2Fwp%2Fv2%2Ftags&post=95607"}],"curies":[{"name":"wp","href":"https:\/\/api.w.org\/{rel}","templated":true}]}}