{"id":95616,"date":"2022-09-19T08:58:12","date_gmt":"2022-09-19T13:58:12","guid":{"rendered":"https:\/\/lospoliticosveracruz.com.mx\/?p=95616"},"modified":"2022-09-19T08:59:14","modified_gmt":"2022-09-19T13:59:14","slug":"durazo-en-morena","status":"publish","type":"post","link":"https:\/\/lospoliticosveracruz.com\/?p=95616","title":{"rendered":"DURAZO EN MORENA"},"content":{"rendered":"\n<p><\/p>\n\n\n\n<p><strong>Omar Z\u00fa\u00f1iga<br><\/strong><em>De Primera Mano<\/em><\/p>\n\n\n\n<p>Este fin de semana, el gobernador de Sonora, Alfonso Durazo, result\u00f3 electo como presidente del Consejo Nacional de Morena.<br>Esta decisi\u00f3n no le cay\u00f3 muy bien a muchos en Veracruz, que festinaron por ejemplo que a Alejandro Porras Mar\u00edn (que de Huatusco), de la cuadra del gobernador Cuitl\u00e1huac Garc\u00eda, le dieran la Secretar\u00eda de J\u00f3venes\u2026, pero bueno.<br>Seguramente la decisi\u00f3n de haber nombrado a Durazo Monta\u00f1o en Morena no cay\u00f3 muy bien, porque uno de sus friends, de piquete de ombligo y toda la cosa, es precisamente el diputado federal Sergio Guti\u00e9rrez Luna, que p\u00e9sele a quien le pese y sin los apoyos oficiales de que goza la zacatecana Roc\u00edo Nahle, sigue chambeando con sus recorridos por Veracruz.<br>As\u00ed es, Checo es brother de Durazo y no recientemente, pero adem\u00e1s, Diana Karina Barreras Samaniego la diputada local por Sonora que es presidenta de la Mesa Directiva del Congreso Local y esposa de Guti\u00e9rrez Luna, tambi\u00e9n tiene una relaci\u00f3n muy cercana con el gobernador y hoy presidente del Consejo Nacional morenista, m\u00e1s all\u00e1 de la relaci\u00f3n institucional que se debe dar a chaleco entre poderes del estado.<br>Suponemos entonces que a eso se deba la molestia de que Durazo haya sido electo con este cargo en Morena, ni modo\u2026<\/p>\n\n\n\n<hr class=\"wp-block-separator has-alpha-channel-opacity\"\/>\n\n\n\n<p>De los ecos del fin de semana patrio-largo, m\u00e1s all\u00e1 de los \u201cmueras\u201d con los que el presidente mat\u00f3 los \u201cvivas\u201d en la ceremonia del Grito de Independencia, me quedo con el discurso de la secretaria de Seguridad federal, Rosa Icela Rodr\u00edguez Vel\u00e1zquez, en el Desfile del 16 de Septiembre, luego de ensalzar el \u201cgran trabajo\u201d de su jefe el presidente L\u00f3pez Obrador (aj\u00e1), dijo que \u201cla transformaci\u00f3n, emprendida (\u2026) no se trata s\u00f3lo de un cambio de gobierno, sino de un aut\u00e9ntico cambio de r\u00e9gimen, para terminar con los privilegios, la corrupci\u00f3n y la guerra\u201d.<br>\u201cY que les quede claro a quienes a\u00fan est\u00e1n en contra de este proceso de transformaci\u00f3n: podr\u00e1n criticarnos. No nos importa (sic). Este gran movimiento est\u00e1 en marcha y no se detendr\u00e1. Porque la transformaci\u00f3n no es obra de un solo hombre (\u2026)\u201d.<br>No s\u00e9 a usted estimad@ lector@, pero a m\u00ed me suena como un \u201cnos vale madres lo que piensen a quienes no est\u00e1n de acuerdo con nosotros\u201d y eso, traducido, es un signo m\u00e1s de autoritarismo, pues entre l\u00edneas leo que lo que ha hecho este r\u00e9gimen es precisamente eso, que la vale madre, no s\u00f3lo la ley, sino todo y todos quienes no comulguen con su idiosincrasia y me atrevo a deci,r de su doctrina, y que adem\u00e1s no parar\u00e1 hasta conseguirlo.<br>El nuestro se aparta de un r\u00e9gimen democr\u00e1tico y se acerca cada d\u00eda m\u00e1s a uno totalitario\u2026<\/p>\n\n\n\n<p>\u00a1Qu\u00e9 barbaridad!<br>deprimera.mano2020@gmail.com<\/p>\n","protected":false},"excerpt":{"rendered":"<p>Omar Z\u00fa\u00f1igaDe Primera Mano Este fin de semana, el gobernador de Sonora, Alfonso Durazo, result\u00f3 electo como presidente del Consejo Nacional de Morena.Esta decisi\u00f3n no le cay\u00f3 muy bien a muchos en Veracruz, que festinaron por ejemplo que a Alejandro Porras Mar\u00edn (que de Huatusco), de la cuadra del gobernador Cuitl\u00e1huac Garc\u00eda, le dieran la [&hellip;]<\/p>\n","protected":false},"author":2,"featured_media":0,"comment_status":"closed","ping_status":"closed","sticky":false,"template":"","format":"standard","meta":{"tdm_status":"","tdm_grid_status":"","footnotes":""},"categories":[70],"tags":[35252,35251,1563,31306,1026,28705,3578,20025,16147,2353,195],"class_list":{"0":"post-95616","1":"post","2":"type-post","3":"status-publish","4":"format-standard","6":"category-de-opinion","7":"tag-alejandro-porras-marin","8":"tag-consejo-nacional-de-morena","9":"tag-cuitlahuac-garcia-jimenez","10":"tag-diana-karina-barreras-samaniego","11":"tag-morena","12":"tag-omar-zuniga","13":"tag-rocio-nahle","14":"tag-rosa-icela-rodriguez-velazquez","15":"tag-sergio-gutierrez-luna","16":"tag-sonora","17":"tag-veracruz"},"yoast_head":"<!-- This site is optimized with the Yoast SEO plugin v27.4 - https:\/\/yoast.com\/product\/yoast-seo-wordpress\/ -->\n<title>DURAZO EN MORENA - Los pol\u00edticos Veracruz<\/title>\n<meta name=\"robots\" content=\"index, follow, max-snippet:-1, max-image-preview:large, max-video-preview:-1\" \/>\n<link rel=\"canonical\" href=\"https:\/\/lospoliticosveracruz.com\/?p=95616\" \/>\n<meta property=\"og:locale\" content=\"es_ES\" \/>\n<meta property=\"og:type\" content=\"article\" \/>\n<meta property=\"og:title\" content=\"DURAZO EN MORENA - Los pol\u00edticos Veracruz\" \/>\n<meta property=\"og:description\" content=\"Omar Z\u00fa\u00f1igaDe Primera Mano Este fin de semana, el gobernador de Sonora, Alfonso Durazo, result\u00f3 electo como presidente del Consejo Nacional de Morena.Esta decisi\u00f3n no le cay\u00f3 muy bien a muchos en Veracruz, que festinaron por ejemplo que a Alejandro Porras Mar\u00edn (que de Huatusco), de la cuadra del gobernador Cuitl\u00e1huac Garc\u00eda, le dieran la [&hellip;]\" \/>\n<meta property=\"og:url\" content=\"https:\/\/lospoliticosveracruz.com\/?p=95616\" \/>\n<meta property=\"og:site_name\" content=\"Los pol\u00edticos Veracruz\" \/>\n<meta property=\"article:publisher\" content=\"https:\/\/www.facebook.com\/people\/Notimemes-de-los-Polticos\/61565672886568\/\" \/>\n<meta property=\"article:published_time\" content=\"2022-09-19T13:58:12+00:00\" \/>\n<meta property=\"article:modified_time\" content=\"2022-09-19T13:59:14+00:00\" \/>\n<meta property=\"og:image\" content=\"https:\/\/lospoliticosveracruz.com\/wp-content\/uploads\/2016\/07\/Logo-Dor.jpg\" \/>\n\t<meta property=\"og:image:width\" content=\"200\" \/>\n\t<meta property=\"og:image:height\" content=\"200\" \/>\n\t<meta property=\"og:image:type\" content=\"image\/jpeg\" \/>\n<meta name=\"author\" content=\"Lo viste en Los Pol\u00edticos\" \/>\n<meta name=\"twitter:card\" content=\"summary_large_image\" \/>\n<meta name=\"twitter:creator\" content=\"@LosPoliticosVer\" \/>\n<meta name=\"twitter:site\" content=\"@LosPoliticosVer\" \/>\n<meta name=\"twitter:label1\" content=\"Escrito por\" \/>\n\t<meta name=\"twitter:data1\" content=\"Lo viste en Los Pol\u00edticos\" \/>\n\t<meta name=\"twitter:label2\" content=\"Tiempo de lectura\" \/>\n\t<meta name=\"twitter:data2\" content=\"2 minutos\" \/>\n<script type=\"application\/ld+json\" class=\"yoast-schema-graph\">{\"@context\":\"https:\\\/\\\/schema.org\",\"@graph\":[{\"@type\":\"Article\",\"@id\":\"https:\\\/\\\/lospoliticosveracruz.com\\\/?p=95616#article\",\"isPartOf\":{\"@id\":\"https:\\\/\\\/lospoliticosveracruz.com\\\/?p=95616\"},\"author\":{\"name\":\"Lo viste en Los Pol\u00edticos\",\"@id\":\"https:\\\/\\\/lospoliticosveracruz.com\\\/#\\\/schema\\\/person\\\/b8702bb0e538456e6efd07080bf2a4a2\"},\"headline\":\"DURAZO EN MORENA\",\"datePublished\":\"2022-09-19T13:58:12+00:00\",\"dateModified\":\"2022-09-19T13:59:14+00:00\",\"mainEntityOfPage\":{\"@id\":\"https:\\\/\\\/lospoliticosveracruz.com\\\/?p=95616\"},\"wordCount\":501,\"publisher\":{\"@id\":\"https:\\\/\\\/lospoliticosveracruz.com\\\/#organization\"},\"keywords\":[\"Alejandro Porras Mar\u00edn\",\"Consejo Nacional de Morena\",\"Cuitl\u00e1huac Garc\u00eda Jim\u00e9nez\",\"Diana Karina Barreras Samaniego\",\"Morena\",\"Omar Z\u00fa\u00f1iga\",\"Roc\u00edo Nahle\",\"Rosa Icela Rodr\u00edguez Vel\u00e1zquez\",\"Sergio Guti\u00e9rrez Luna\",\"Sonora\",\"Veracruz\"],\"articleSection\":[\"De Opini\u00f3n\"],\"inLanguage\":\"es\"},{\"@type\":\"WebPage\",\"@id\":\"https:\\\/\\\/lospoliticosveracruz.com\\\/?p=95616\",\"url\":\"https:\\\/\\\/lospoliticosveracruz.com\\\/?p=95616\",\"name\":\"DURAZO EN MORENA - Los pol\u00edticos Veracruz\",\"isPartOf\":{\"@id\":\"https:\\\/\\\/lospoliticosveracruz.com\\\/#website\"},\"datePublished\":\"2022-09-19T13:58:12+00:00\",\"dateModified\":\"2022-09-19T13:59:14+00:00\",\"breadcrumb\":{\"@id\":\"https:\\\/\\\/lospoliticosveracruz.com\\\/?p=95616#breadcrumb\"},\"inLanguage\":\"es\",\"potentialAction\":[{\"@type\":\"ReadAction\",\"target\":[\"https:\\\/\\\/lospoliticosveracruz.com\\\/?p=95616\"]}]},{\"@type\":\"BreadcrumbList\",\"@id\":\"https:\\\/\\\/lospoliticosveracruz.com\\\/?p=95616#breadcrumb\",\"itemListElement\":[{\"@type\":\"ListItem\",\"position\":1,\"name\":\"Portada\",\"item\":\"https:\\\/\\\/lospoliticosveracruz.com\\\/\"},{\"@type\":\"ListItem\",\"position\":2,\"name\":\"DURAZO EN MORENA\"}]},{\"@type\":\"WebSite\",\"@id\":\"https:\\\/\\\/lospoliticosveracruz.com\\\/#website\",\"url\":\"https:\\\/\\\/lospoliticosveracruz.com\\\/\",\"name\":\"Los pol\u00edticos Veracruz\",\"description\":\"\",\"publisher\":{\"@id\":\"https:\\\/\\\/lospoliticosveracruz.com\\\/#organization\"},\"potentialAction\":[{\"@type\":\"SearchAction\",\"target\":{\"@type\":\"EntryPoint\",\"urlTemplate\":\"https:\\\/\\\/lospoliticosveracruz.com\\\/?s={search_term_string}\"},\"query-input\":{\"@type\":\"PropertyValueSpecification\",\"valueRequired\":true,\"valueName\":\"search_term_string\"}}],\"inLanguage\":\"es\"},{\"@type\":\"Organization\",\"@id\":\"https:\\\/\\\/lospoliticosveracruz.com\\\/#organization\",\"name\":\"Los pol\u00edticos Veracruz\",\"url\":\"https:\\\/\\\/lospoliticosveracruz.com\\\/\",\"logo\":{\"@type\":\"ImageObject\",\"inLanguage\":\"es\",\"@id\":\"https:\\\/\\\/lospoliticosveracruz.com\\\/#\\\/schema\\\/logo\\\/image\\\/\",\"url\":\"https:\\\/\\\/lospoliticosveracruz.com\\\/wp-content\\\/uploads\\\/2025\\\/12\\\/Logo-Nuevo-LOS-POLITICOS-1.jpg\",\"contentUrl\":\"https:\\\/\\\/lospoliticosveracruz.com\\\/wp-content\\\/uploads\\\/2025\\\/12\\\/Logo-Nuevo-LOS-POLITICOS-1.jpg\",\"width\":260,\"height\":70,\"caption\":\"Los pol\u00edticos Veracruz\"},\"image\":{\"@id\":\"https:\\\/\\\/lospoliticosveracruz.com\\\/#\\\/schema\\\/logo\\\/image\\\/\"},\"sameAs\":[\"https:\\\/\\\/www.facebook.com\\\/people\\\/Notimemes-de-los-Polticos\\\/61565672886568\\\/\",\"https:\\\/\\\/x.com\\\/LosPoliticosVer\"]},{\"@type\":\"Person\",\"@id\":\"https:\\\/\\\/lospoliticosveracruz.com\\\/#\\\/schema\\\/person\\\/b8702bb0e538456e6efd07080bf2a4a2\",\"name\":\"Lo viste en Los Pol\u00edticos\",\"image\":{\"@type\":\"ImageObject\",\"inLanguage\":\"es\",\"@id\":\"https:\\\/\\\/secure.gravatar.com\\\/avatar\\\/3a8de04a2656d44082be478bd6c086daa447c4651605818287b9532d3d0bd435?s=96&d=mm&r=g\",\"url\":\"https:\\\/\\\/secure.gravatar.com\\\/avatar\\\/3a8de04a2656d44082be478bd6c086daa447c4651605818287b9532d3d0bd435?s=96&d=mm&r=g\",\"contentUrl\":\"https:\\\/\\\/secure.gravatar.com\\\/avatar\\\/3a8de04a2656d44082be478bd6c086daa447c4651605818287b9532d3d0bd435?s=96&d=mm&r=g\",\"caption\":\"Lo viste en Los Pol\u00edticos\"},\"url\":\"https:\\\/\\\/lospoliticosveracruz.com\\\/?author=2\"}]}<\/script>\n<!-- \/ Yoast SEO plugin. -->","yoast_head_json":{"title":"DURAZO EN MORENA - Los pol\u00edticos Veracruz","robots":{"index":"index","follow":"follow","max-snippet":"max-snippet:-1","max-image-preview":"max-image-preview:large","max-video-preview":"max-video-preview:-1"},"canonical":"https:\/\/lospoliticosveracruz.com\/?p=95616","og_locale":"es_ES","og_type":"article","og_title":"DURAZO EN MORENA - Los pol\u00edticos Veracruz","og_description":"Omar Z\u00fa\u00f1igaDe Primera Mano Este fin de semana, el gobernador de Sonora, Alfonso Durazo, result\u00f3 electo como presidente del Consejo Nacional de Morena.Esta decisi\u00f3n no le cay\u00f3 muy bien a muchos en Veracruz, que festinaron por ejemplo que a Alejandro Porras Mar\u00edn (que de Huatusco), de la cuadra del gobernador Cuitl\u00e1huac Garc\u00eda, le dieran la [&hellip;]","og_url":"https:\/\/lospoliticosveracruz.com\/?p=95616","og_site_name":"Los pol\u00edticos Veracruz","article_publisher":"https:\/\/www.facebook.com\/people\/Notimemes-de-los-Polticos\/61565672886568\/","article_published_time":"2022-09-19T13:58:12+00:00","article_modified_time":"2022-09-19T13:59:14+00:00","og_image":[{"width":200,"height":200,"url":"https:\/\/lospoliticosveracruz.com\/wp-content\/uploads\/2016\/07\/Logo-Dor.jpg","type":"image\/jpeg"}],"author":"Lo viste en Los Pol\u00edticos","twitter_card":"summary_large_image","twitter_creator":"@LosPoliticosVer","twitter_site":"@LosPoliticosVer","twitter_misc":{"Escrito por":"Lo viste en Los Pol\u00edticos","Tiempo de lectura":"2 minutos"},"schema":{"@context":"https:\/\/schema.org","@graph":[{"@type":"Article","@id":"https:\/\/lospoliticosveracruz.com\/?p=95616#article","isPartOf":{"@id":"https:\/\/lospoliticosveracruz.com\/?p=95616"},"author":{"name":"Lo viste en Los Pol\u00edticos","@id":"https:\/\/lospoliticosveracruz.com\/#\/schema\/person\/b8702bb0e538456e6efd07080bf2a4a2"},"headline":"DURAZO EN MORENA","datePublished":"2022-09-19T13:58:12+00:00","dateModified":"2022-09-19T13:59:14+00:00","mainEntityOfPage":{"@id":"https:\/\/lospoliticosveracruz.com\/?p=95616"},"wordCount":501,"publisher":{"@id":"https:\/\/lospoliticosveracruz.com\/#organization"},"keywords":["Alejandro Porras Mar\u00edn","Consejo Nacional de Morena","Cuitl\u00e1huac Garc\u00eda Jim\u00e9nez","Diana Karina Barreras Samaniego","Morena","Omar Z\u00fa\u00f1iga","Roc\u00edo Nahle","Rosa Icela Rodr\u00edguez Vel\u00e1zquez","Sergio Guti\u00e9rrez Luna","Sonora","Veracruz"],"articleSection":["De Opini\u00f3n"],"inLanguage":"es"},{"@type":"WebPage","@id":"https:\/\/lospoliticosveracruz.com\/?p=95616","url":"https:\/\/lospoliticosveracruz.com\/?p=95616","name":"DURAZO EN MORENA - Los pol\u00edticos Veracruz","isPartOf":{"@id":"https:\/\/lospoliticosveracruz.com\/#website"},"datePublished":"2022-09-19T13:58:12+00:00","dateModified":"2022-09-19T13:59:14+00:00","breadcrumb":{"@id":"https:\/\/lospoliticosveracruz.com\/?p=95616#breadcrumb"},"inLanguage":"es","potentialAction":[{"@type":"ReadAction","target":["https:\/\/lospoliticosveracruz.com\/?p=95616"]}]},{"@type":"BreadcrumbList","@id":"https:\/\/lospoliticosveracruz.com\/?p=95616#breadcrumb","itemListElement":[{"@type":"ListItem","position":1,"name":"Portada","item":"https:\/\/lospoliticosveracruz.com\/"},{"@type":"ListItem","position":2,"name":"DURAZO EN MORENA"}]},{"@type":"WebSite","@id":"https:\/\/lospoliticosveracruz.com\/#website","url":"https:\/\/lospoliticosveracruz.com\/","name":"Los pol\u00edticos Veracruz","description":"","publisher":{"@id":"https:\/\/lospoliticosveracruz.com\/#organization"},"potentialAction":[{"@type":"SearchAction","target":{"@type":"EntryPoint","urlTemplate":"https:\/\/lospoliticosveracruz.com\/?s={search_term_string}"},"query-input":{"@type":"PropertyValueSpecification","valueRequired":true,"valueName":"search_term_string"}}],"inLanguage":"es"},{"@type":"Organization","@id":"https:\/\/lospoliticosveracruz.com\/#organization","name":"Los pol\u00edticos Veracruz","url":"https:\/\/lospoliticosveracruz.com\/","logo":{"@type":"ImageObject","inLanguage":"es","@id":"https:\/\/lospoliticosveracruz.com\/#\/schema\/logo\/image\/","url":"https:\/\/lospoliticosveracruz.com\/wp-content\/uploads\/2025\/12\/Logo-Nuevo-LOS-POLITICOS-1.jpg","contentUrl":"https:\/\/lospoliticosveracruz.com\/wp-content\/uploads\/2025\/12\/Logo-Nuevo-LOS-POLITICOS-1.jpg","width":260,"height":70,"caption":"Los pol\u00edticos Veracruz"},"image":{"@id":"https:\/\/lospoliticosveracruz.com\/#\/schema\/logo\/image\/"},"sameAs":["https:\/\/www.facebook.com\/people\/Notimemes-de-los-Polticos\/61565672886568\/","https:\/\/x.com\/LosPoliticosVer"]},{"@type":"Person","@id":"https:\/\/lospoliticosveracruz.com\/#\/schema\/person\/b8702bb0e538456e6efd07080bf2a4a2","name":"Lo viste en Los Pol\u00edticos","image":{"@type":"ImageObject","inLanguage":"es","@id":"https:\/\/secure.gravatar.com\/avatar\/3a8de04a2656d44082be478bd6c086daa447c4651605818287b9532d3d0bd435?s=96&d=mm&r=g","url":"https:\/\/secure.gravatar.com\/avatar\/3a8de04a2656d44082be478bd6c086daa447c4651605818287b9532d3d0bd435?s=96&d=mm&r=g","contentUrl":"https:\/\/secure.gravatar.com\/avatar\/3a8de04a2656d44082be478bd6c086daa447c4651605818287b9532d3d0bd435?s=96&d=mm&r=g","caption":"Lo viste en Los Pol\u00edticos"},"url":"https:\/\/lospoliticosveracruz.com\/?author=2"}]}},"_links":{"self":[{"href":"https:\/\/lospoliticosveracruz.com\/index.php?rest_route=\/wp\/v2\/posts\/95616","targetHints":{"allow":["GET"]}}],"collection":[{"href":"https:\/\/lospoliticosveracruz.com\/index.php?rest_route=\/wp\/v2\/posts"}],"about":[{"href":"https:\/\/lospoliticosveracruz.com\/index.php?rest_route=\/wp\/v2\/types\/post"}],"author":[{"embeddable":true,"href":"https:\/\/lospoliticosveracruz.com\/index.php?rest_route=\/wp\/v2\/users\/2"}],"replies":[{"embeddable":true,"href":"https:\/\/lospoliticosveracruz.com\/index.php?rest_route=%2Fwp%2Fv2%2Fcomments&post=95616"}],"version-history":[{"count":2,"href":"https:\/\/lospoliticosveracruz.com\/index.php?rest_route=\/wp\/v2\/posts\/95616\/revisions"}],"predecessor-version":[{"id":95618,"href":"https:\/\/lospoliticosveracruz.com\/index.php?rest_route=\/wp\/v2\/posts\/95616\/revisions\/95618"}],"wp:attachment":[{"href":"https:\/\/lospoliticosveracruz.com\/index.php?rest_route=%2Fwp%2Fv2%2Fmedia&parent=95616"}],"wp:term":[{"taxonomy":"category","embeddable":true,"href":"https:\/\/lospoliticosveracruz.com\/index.php?rest_route=%2Fwp%2Fv2%2Fcategories&post=95616"},{"taxonomy":"post_tag","embeddable":true,"href":"https:\/\/lospoliticosveracruz.com\/index.php?rest_route=%2Fwp%2Fv2%2Ftags&post=95616"}],"curies":[{"name":"wp","href":"https:\/\/api.w.org\/{rel}","templated":true}]}}