{"id":95650,"date":"2022-09-19T19:31:09","date_gmt":"2022-09-20T00:31:09","guid":{"rendered":"https:\/\/lospoliticosveracruz.com.mx\/?p=95650"},"modified":"2022-09-19T19:31:13","modified_gmt":"2022-09-20T00:31:13","slug":"ssp-a-las-aulas","status":"publish","type":"post","link":"https:\/\/lospoliticosveracruz.com\/?p=95650","title":{"rendered":"SSP, A LAS AULAS!"},"content":{"rendered":"\n<p><\/p>\n\n\n\n<p><strong>Karla M\u00e9ndez<br><\/strong>Xalapa, Ver &#8211; El Colegio de Bachilleres del Estado de Veracruz(COBAEV), implementar\u00e1 la materia de \u00abPrevenci\u00f3n Social\u00bb con el apoyo de la Secretar\u00eda de Seguridad P\u00fablica(SSP), c\u00f3mo parte del programa \u00abRedes veracruzanas en Construcci\u00f3n de la paz\u00bb.<\/p>\n\n\n\n<p>Al respecto el director general de Vinculaci\u00f3n de la SSP, Eleazar Guerrero Barrera, adelant\u00f3 que este proyecto se dar\u00e1 a conocer pr\u00f3ximamente y es en coordinaci\u00f3n con la Secretaria de Educaci\u00f3n de Veracruz y es para dar impulso a la ley de prevenci\u00f3n que involucra a todas las dependencias.<\/p>\n\n\n\n<p>\u00abHay proyecto de COBAEV de que se vuelva materia, daremos la noticia de dar la materia de Prevenci\u00f3n Social y ya sea el propio colegio de bachilleres quien brinde esa informaci\u00f3n a los alumnos.\u00bb<\/p>\n\n\n\n<p>El director de vinculaci\u00f3n de SSP, mencion\u00f3 que cuentan con herramientas que permiten que la Secretaria de Educaci\u00f3n de Veracruz (SEV), replique toda la informaci\u00f3n que ellos tienen respecto a la prevenci\u00f3n de los delitos, lo cual se imparte a educaci\u00f3n media, media superior y superior.<\/p>\n\n\n\n<p>En ese sentido, explic\u00f3 que este programa consiste en un sistema donde la SSP sube todos los contenidos que ellos tienen y los docentes pueden bajarlos para ense\u00f1arlo a los alumnos y tambi\u00e9n es una manera de retroalimentaci\u00f3n donde se puede saber que el contenido se r\u00e9plica en muchas instituciones y ya no s\u00f3lo la secretaria de Seguridad tiene que ir a dar pl\u00e1ticas sino tambi\u00e9n mi puede hacer la SEV.<\/p>\n\n\n\n<p>La implementaci\u00f3n de este tipo de herramientas, tiene tambi\u00e9n como objetivo que cuando haya un cambio en la administraci\u00f3n estatal y en las dependencias, sea algo que se quede de manera permanente y m\u00e1s seria.<\/p>\n\n\n\n<p>En otro tema, respecto a las Ferias de Orgullo Policial, mencion\u00f3 que son todo un \u00e9xito, pues tambi\u00e9n con el stand de asuntos internos se da la oportunidad de que lleguen denuncias y se tomen cartas en el asunto, por lo que confirm\u00f3 que si se tienen casos al respecto.<\/p>\n\n\n\n<p>El director de vinculaci\u00f3n, Eleazar Guerrero, dijo que ya se tienen fechas agotadas para llevar a diversas actividades la feria del Orgullo Policial, ya que la ciudadan\u00eda se da la oportunidad de tomarse fotograf\u00edas con los K9, los caballos y pueden comprar productos de reinserci\u00f3n social.<\/p>\n","protected":false},"excerpt":{"rendered":"<p>Karla M\u00e9ndezXalapa, Ver &#8211; El Colegio de Bachilleres del Estado de Veracruz(COBAEV), implementar\u00e1 la materia de \u00abPrevenci\u00f3n Social\u00bb con el apoyo de la Secretar\u00eda de Seguridad P\u00fablica(SSP), c\u00f3mo parte del programa \u00abRedes veracruzanas en Construcci\u00f3n de la paz\u00bb. Al respecto el director general de Vinculaci\u00f3n de la SSP, Eleazar Guerrero Barrera, adelant\u00f3 que este proyecto [&hellip;]<\/p>\n","protected":false},"author":2,"featured_media":0,"comment_status":"closed","ping_status":"closed","sticky":false,"template":"","format":"standard","meta":{"tdm_status":"","tdm_grid_status":"","footnotes":""},"categories":[6446],"tags":[2166,33899,35262,35263,4555,359],"class_list":{"0":"post-95650","1":"post","2":"type-post","3":"status-publish","4":"format-standard","6":"category-la-nota","7":"tag-cobaev","8":"tag-eleazar-guerrero-barrera","9":"tag-prevencion-social","10":"tag-redes-veracruzanas-en-construccion-de-la-paz","11":"tag-secretaria-de-seguridad-publica","12":"tag-ssp"},"yoast_head":"<!-- This site is optimized with the Yoast SEO plugin v27.4 - https:\/\/yoast.com\/product\/yoast-seo-wordpress\/ -->\n<title>SSP, A LAS AULAS! - Los pol\u00edticos Veracruz<\/title>\n<meta name=\"robots\" content=\"index, follow, max-snippet:-1, max-image-preview:large, max-video-preview:-1\" \/>\n<link rel=\"canonical\" href=\"https:\/\/lospoliticosveracruz.com\/?p=95650\" \/>\n<meta property=\"og:locale\" content=\"es_ES\" \/>\n<meta property=\"og:type\" content=\"article\" \/>\n<meta property=\"og:title\" content=\"SSP, A LAS AULAS! - Los pol\u00edticos Veracruz\" \/>\n<meta property=\"og:description\" content=\"Karla M\u00e9ndezXalapa, Ver &#8211; El Colegio de Bachilleres del Estado de Veracruz(COBAEV), implementar\u00e1 la materia de \u00abPrevenci\u00f3n Social\u00bb con el apoyo de la Secretar\u00eda de Seguridad P\u00fablica(SSP), c\u00f3mo parte del programa \u00abRedes veracruzanas en Construcci\u00f3n de la paz\u00bb. Al respecto el director general de Vinculaci\u00f3n de la SSP, Eleazar Guerrero Barrera, adelant\u00f3 que este proyecto [&hellip;]\" \/>\n<meta property=\"og:url\" content=\"https:\/\/lospoliticosveracruz.com\/?p=95650\" \/>\n<meta property=\"og:site_name\" content=\"Los pol\u00edticos Veracruz\" \/>\n<meta property=\"article:publisher\" content=\"https:\/\/www.facebook.com\/people\/Notimemes-de-los-Polticos\/61565672886568\/\" \/>\n<meta property=\"article:published_time\" content=\"2022-09-20T00:31:09+00:00\" \/>\n<meta property=\"article:modified_time\" content=\"2022-09-20T00:31:13+00:00\" \/>\n<meta property=\"og:image\" content=\"https:\/\/lospoliticosveracruz.com\/wp-content\/uploads\/2016\/07\/Logo-Dor.jpg\" \/>\n\t<meta property=\"og:image:width\" content=\"200\" \/>\n\t<meta property=\"og:image:height\" content=\"200\" \/>\n\t<meta property=\"og:image:type\" content=\"image\/jpeg\" \/>\n<meta name=\"author\" content=\"Lo viste en Los Pol\u00edticos\" \/>\n<meta name=\"twitter:card\" content=\"summary_large_image\" \/>\n<meta name=\"twitter:creator\" content=\"@LosPoliticosVer\" \/>\n<meta name=\"twitter:site\" content=\"@LosPoliticosVer\" \/>\n<meta name=\"twitter:label1\" content=\"Escrito por\" \/>\n\t<meta name=\"twitter:data1\" content=\"Lo viste en Los Pol\u00edticos\" \/>\n\t<meta name=\"twitter:label2\" content=\"Tiempo de lectura\" \/>\n\t<meta name=\"twitter:data2\" content=\"2 minutos\" \/>\n<script type=\"application\/ld+json\" class=\"yoast-schema-graph\">{\"@context\":\"https:\\\/\\\/schema.org\",\"@graph\":[{\"@type\":\"Article\",\"@id\":\"https:\\\/\\\/lospoliticosveracruz.com\\\/?p=95650#article\",\"isPartOf\":{\"@id\":\"https:\\\/\\\/lospoliticosveracruz.com\\\/?p=95650\"},\"author\":{\"name\":\"Lo viste en Los Pol\u00edticos\",\"@id\":\"https:\\\/\\\/lospoliticosveracruz.com\\\/#\\\/schema\\\/person\\\/b8702bb0e538456e6efd07080bf2a4a2\"},\"headline\":\"SSP, A LAS AULAS!\",\"datePublished\":\"2022-09-20T00:31:09+00:00\",\"dateModified\":\"2022-09-20T00:31:13+00:00\",\"mainEntityOfPage\":{\"@id\":\"https:\\\/\\\/lospoliticosveracruz.com\\\/?p=95650\"},\"wordCount\":410,\"publisher\":{\"@id\":\"https:\\\/\\\/lospoliticosveracruz.com\\\/#organization\"},\"keywords\":[\"Cobaev\",\"Eleazar Guerrero Barrera\",\"Prevenci\u00f3n Social\",\"Redes veracruzanas en Construcci\u00f3n de la paz\",\"Secretar\u00eda de Seguridad P\u00fablica\",\"SSP\"],\"articleSection\":[\"La Nota\"],\"inLanguage\":\"es\"},{\"@type\":\"WebPage\",\"@id\":\"https:\\\/\\\/lospoliticosveracruz.com\\\/?p=95650\",\"url\":\"https:\\\/\\\/lospoliticosveracruz.com\\\/?p=95650\",\"name\":\"SSP, A LAS AULAS! - Los pol\u00edticos Veracruz\",\"isPartOf\":{\"@id\":\"https:\\\/\\\/lospoliticosveracruz.com\\\/#website\"},\"datePublished\":\"2022-09-20T00:31:09+00:00\",\"dateModified\":\"2022-09-20T00:31:13+00:00\",\"breadcrumb\":{\"@id\":\"https:\\\/\\\/lospoliticosveracruz.com\\\/?p=95650#breadcrumb\"},\"inLanguage\":\"es\",\"potentialAction\":[{\"@type\":\"ReadAction\",\"target\":[\"https:\\\/\\\/lospoliticosveracruz.com\\\/?p=95650\"]}]},{\"@type\":\"BreadcrumbList\",\"@id\":\"https:\\\/\\\/lospoliticosveracruz.com\\\/?p=95650#breadcrumb\",\"itemListElement\":[{\"@type\":\"ListItem\",\"position\":1,\"name\":\"Portada\",\"item\":\"https:\\\/\\\/lospoliticosveracruz.com\\\/\"},{\"@type\":\"ListItem\",\"position\":2,\"name\":\"SSP, A LAS AULAS!\"}]},{\"@type\":\"WebSite\",\"@id\":\"https:\\\/\\\/lospoliticosveracruz.com\\\/#website\",\"url\":\"https:\\\/\\\/lospoliticosveracruz.com\\\/\",\"name\":\"Los pol\u00edticos Veracruz\",\"description\":\"\",\"publisher\":{\"@id\":\"https:\\\/\\\/lospoliticosveracruz.com\\\/#organization\"},\"potentialAction\":[{\"@type\":\"SearchAction\",\"target\":{\"@type\":\"EntryPoint\",\"urlTemplate\":\"https:\\\/\\\/lospoliticosveracruz.com\\\/?s={search_term_string}\"},\"query-input\":{\"@type\":\"PropertyValueSpecification\",\"valueRequired\":true,\"valueName\":\"search_term_string\"}}],\"inLanguage\":\"es\"},{\"@type\":\"Organization\",\"@id\":\"https:\\\/\\\/lospoliticosveracruz.com\\\/#organization\",\"name\":\"Los pol\u00edticos Veracruz\",\"url\":\"https:\\\/\\\/lospoliticosveracruz.com\\\/\",\"logo\":{\"@type\":\"ImageObject\",\"inLanguage\":\"es\",\"@id\":\"https:\\\/\\\/lospoliticosveracruz.com\\\/#\\\/schema\\\/logo\\\/image\\\/\",\"url\":\"https:\\\/\\\/lospoliticosveracruz.com\\\/wp-content\\\/uploads\\\/2025\\\/12\\\/Logo-Nuevo-LOS-POLITICOS-1.jpg\",\"contentUrl\":\"https:\\\/\\\/lospoliticosveracruz.com\\\/wp-content\\\/uploads\\\/2025\\\/12\\\/Logo-Nuevo-LOS-POLITICOS-1.jpg\",\"width\":260,\"height\":70,\"caption\":\"Los pol\u00edticos Veracruz\"},\"image\":{\"@id\":\"https:\\\/\\\/lospoliticosveracruz.com\\\/#\\\/schema\\\/logo\\\/image\\\/\"},\"sameAs\":[\"https:\\\/\\\/www.facebook.com\\\/people\\\/Notimemes-de-los-Polticos\\\/61565672886568\\\/\",\"https:\\\/\\\/x.com\\\/LosPoliticosVer\"]},{\"@type\":\"Person\",\"@id\":\"https:\\\/\\\/lospoliticosveracruz.com\\\/#\\\/schema\\\/person\\\/b8702bb0e538456e6efd07080bf2a4a2\",\"name\":\"Lo viste en Los Pol\u00edticos\",\"image\":{\"@type\":\"ImageObject\",\"inLanguage\":\"es\",\"@id\":\"https:\\\/\\\/secure.gravatar.com\\\/avatar\\\/3a8de04a2656d44082be478bd6c086daa447c4651605818287b9532d3d0bd435?s=96&d=mm&r=g\",\"url\":\"https:\\\/\\\/secure.gravatar.com\\\/avatar\\\/3a8de04a2656d44082be478bd6c086daa447c4651605818287b9532d3d0bd435?s=96&d=mm&r=g\",\"contentUrl\":\"https:\\\/\\\/secure.gravatar.com\\\/avatar\\\/3a8de04a2656d44082be478bd6c086daa447c4651605818287b9532d3d0bd435?s=96&d=mm&r=g\",\"caption\":\"Lo viste en Los Pol\u00edticos\"},\"url\":\"https:\\\/\\\/lospoliticosveracruz.com\\\/?author=2\"}]}<\/script>\n<!-- \/ Yoast SEO plugin. -->","yoast_head_json":{"title":"SSP, A LAS AULAS! - Los pol\u00edticos Veracruz","robots":{"index":"index","follow":"follow","max-snippet":"max-snippet:-1","max-image-preview":"max-image-preview:large","max-video-preview":"max-video-preview:-1"},"canonical":"https:\/\/lospoliticosveracruz.com\/?p=95650","og_locale":"es_ES","og_type":"article","og_title":"SSP, A LAS AULAS! - Los pol\u00edticos Veracruz","og_description":"Karla M\u00e9ndezXalapa, Ver &#8211; El Colegio de Bachilleres del Estado de Veracruz(COBAEV), implementar\u00e1 la materia de \u00abPrevenci\u00f3n Social\u00bb con el apoyo de la Secretar\u00eda de Seguridad P\u00fablica(SSP), c\u00f3mo parte del programa \u00abRedes veracruzanas en Construcci\u00f3n de la paz\u00bb. Al respecto el director general de Vinculaci\u00f3n de la SSP, Eleazar Guerrero Barrera, adelant\u00f3 que este proyecto [&hellip;]","og_url":"https:\/\/lospoliticosveracruz.com\/?p=95650","og_site_name":"Los pol\u00edticos Veracruz","article_publisher":"https:\/\/www.facebook.com\/people\/Notimemes-de-los-Polticos\/61565672886568\/","article_published_time":"2022-09-20T00:31:09+00:00","article_modified_time":"2022-09-20T00:31:13+00:00","og_image":[{"width":200,"height":200,"url":"https:\/\/lospoliticosveracruz.com\/wp-content\/uploads\/2016\/07\/Logo-Dor.jpg","type":"image\/jpeg"}],"author":"Lo viste en Los Pol\u00edticos","twitter_card":"summary_large_image","twitter_creator":"@LosPoliticosVer","twitter_site":"@LosPoliticosVer","twitter_misc":{"Escrito por":"Lo viste en Los Pol\u00edticos","Tiempo de lectura":"2 minutos"},"schema":{"@context":"https:\/\/schema.org","@graph":[{"@type":"Article","@id":"https:\/\/lospoliticosveracruz.com\/?p=95650#article","isPartOf":{"@id":"https:\/\/lospoliticosveracruz.com\/?p=95650"},"author":{"name":"Lo viste en Los Pol\u00edticos","@id":"https:\/\/lospoliticosveracruz.com\/#\/schema\/person\/b8702bb0e538456e6efd07080bf2a4a2"},"headline":"SSP, A LAS AULAS!","datePublished":"2022-09-20T00:31:09+00:00","dateModified":"2022-09-20T00:31:13+00:00","mainEntityOfPage":{"@id":"https:\/\/lospoliticosveracruz.com\/?p=95650"},"wordCount":410,"publisher":{"@id":"https:\/\/lospoliticosveracruz.com\/#organization"},"keywords":["Cobaev","Eleazar Guerrero Barrera","Prevenci\u00f3n Social","Redes veracruzanas en Construcci\u00f3n de la paz","Secretar\u00eda de Seguridad P\u00fablica","SSP"],"articleSection":["La Nota"],"inLanguage":"es"},{"@type":"WebPage","@id":"https:\/\/lospoliticosveracruz.com\/?p=95650","url":"https:\/\/lospoliticosveracruz.com\/?p=95650","name":"SSP, A LAS AULAS! - Los pol\u00edticos Veracruz","isPartOf":{"@id":"https:\/\/lospoliticosveracruz.com\/#website"},"datePublished":"2022-09-20T00:31:09+00:00","dateModified":"2022-09-20T00:31:13+00:00","breadcrumb":{"@id":"https:\/\/lospoliticosveracruz.com\/?p=95650#breadcrumb"},"inLanguage":"es","potentialAction":[{"@type":"ReadAction","target":["https:\/\/lospoliticosveracruz.com\/?p=95650"]}]},{"@type":"BreadcrumbList","@id":"https:\/\/lospoliticosveracruz.com\/?p=95650#breadcrumb","itemListElement":[{"@type":"ListItem","position":1,"name":"Portada","item":"https:\/\/lospoliticosveracruz.com\/"},{"@type":"ListItem","position":2,"name":"SSP, A LAS AULAS!"}]},{"@type":"WebSite","@id":"https:\/\/lospoliticosveracruz.com\/#website","url":"https:\/\/lospoliticosveracruz.com\/","name":"Los pol\u00edticos Veracruz","description":"","publisher":{"@id":"https:\/\/lospoliticosveracruz.com\/#organization"},"potentialAction":[{"@type":"SearchAction","target":{"@type":"EntryPoint","urlTemplate":"https:\/\/lospoliticosveracruz.com\/?s={search_term_string}"},"query-input":{"@type":"PropertyValueSpecification","valueRequired":true,"valueName":"search_term_string"}}],"inLanguage":"es"},{"@type":"Organization","@id":"https:\/\/lospoliticosveracruz.com\/#organization","name":"Los pol\u00edticos Veracruz","url":"https:\/\/lospoliticosveracruz.com\/","logo":{"@type":"ImageObject","inLanguage":"es","@id":"https:\/\/lospoliticosveracruz.com\/#\/schema\/logo\/image\/","url":"https:\/\/lospoliticosveracruz.com\/wp-content\/uploads\/2025\/12\/Logo-Nuevo-LOS-POLITICOS-1.jpg","contentUrl":"https:\/\/lospoliticosveracruz.com\/wp-content\/uploads\/2025\/12\/Logo-Nuevo-LOS-POLITICOS-1.jpg","width":260,"height":70,"caption":"Los pol\u00edticos Veracruz"},"image":{"@id":"https:\/\/lospoliticosveracruz.com\/#\/schema\/logo\/image\/"},"sameAs":["https:\/\/www.facebook.com\/people\/Notimemes-de-los-Polticos\/61565672886568\/","https:\/\/x.com\/LosPoliticosVer"]},{"@type":"Person","@id":"https:\/\/lospoliticosveracruz.com\/#\/schema\/person\/b8702bb0e538456e6efd07080bf2a4a2","name":"Lo viste en Los Pol\u00edticos","image":{"@type":"ImageObject","inLanguage":"es","@id":"https:\/\/secure.gravatar.com\/avatar\/3a8de04a2656d44082be478bd6c086daa447c4651605818287b9532d3d0bd435?s=96&d=mm&r=g","url":"https:\/\/secure.gravatar.com\/avatar\/3a8de04a2656d44082be478bd6c086daa447c4651605818287b9532d3d0bd435?s=96&d=mm&r=g","contentUrl":"https:\/\/secure.gravatar.com\/avatar\/3a8de04a2656d44082be478bd6c086daa447c4651605818287b9532d3d0bd435?s=96&d=mm&r=g","caption":"Lo viste en Los Pol\u00edticos"},"url":"https:\/\/lospoliticosveracruz.com\/?author=2"}]}},"_links":{"self":[{"href":"https:\/\/lospoliticosveracruz.com\/index.php?rest_route=\/wp\/v2\/posts\/95650","targetHints":{"allow":["GET"]}}],"collection":[{"href":"https:\/\/lospoliticosveracruz.com\/index.php?rest_route=\/wp\/v2\/posts"}],"about":[{"href":"https:\/\/lospoliticosveracruz.com\/index.php?rest_route=\/wp\/v2\/types\/post"}],"author":[{"embeddable":true,"href":"https:\/\/lospoliticosveracruz.com\/index.php?rest_route=\/wp\/v2\/users\/2"}],"replies":[{"embeddable":true,"href":"https:\/\/lospoliticosveracruz.com\/index.php?rest_route=%2Fwp%2Fv2%2Fcomments&post=95650"}],"version-history":[{"count":1,"href":"https:\/\/lospoliticosveracruz.com\/index.php?rest_route=\/wp\/v2\/posts\/95650\/revisions"}],"predecessor-version":[{"id":95652,"href":"https:\/\/lospoliticosveracruz.com\/index.php?rest_route=\/wp\/v2\/posts\/95650\/revisions\/95652"}],"wp:attachment":[{"href":"https:\/\/lospoliticosveracruz.com\/index.php?rest_route=%2Fwp%2Fv2%2Fmedia&parent=95650"}],"wp:term":[{"taxonomy":"category","embeddable":true,"href":"https:\/\/lospoliticosveracruz.com\/index.php?rest_route=%2Fwp%2Fv2%2Fcategories&post=95650"},{"taxonomy":"post_tag","embeddable":true,"href":"https:\/\/lospoliticosveracruz.com\/index.php?rest_route=%2Fwp%2Fv2%2Ftags&post=95650"}],"curies":[{"name":"wp","href":"https:\/\/api.w.org\/{rel}","templated":true}]}}