{"id":95660,"date":"2022-09-20T07:49:54","date_gmt":"2022-09-20T12:49:54","guid":{"rendered":"https:\/\/lospoliticosveracruz.com.mx\/?p=95660"},"modified":"2022-09-20T07:49:59","modified_gmt":"2022-09-20T12:49:59","slug":"ay-marcelo-pa-verguenzas-no-ganamos-contigo","status":"publish","type":"post","link":"https:\/\/lospoliticosveracruz.com\/?p=95660","title":{"rendered":"AY MARCELO, pa\u2019 verg\u00fcenzas no ganamos contigo&nbsp;"},"content":{"rendered":"\n<p><strong>Bernardo Guti\u00e9rrez Parra\u00a0<\/strong><\/p>\n\n\n\n<p><em>Desde el Caf\u00e9\u00a0<\/em><\/p>\n\n\n\n<p>Una cosa es que tengas que ir a los funerales de una Reina y otra que descuides tu campa\u00f1a rumbo al 2024. As\u00ed debi\u00f3 pensar Marcelo Ebrard que desde que se subi\u00f3 al avi\u00f3n que lo llevar\u00eda a Londres tuvo a sus fans al corriente de su itinerario mediante las redes. \u201cYa en el avi\u00f3n que nos llevar\u00e1 a mi esposa Rosy (Rosalinda Bueso) y a un servidor a Londres para asistir a los funerales de S.M. la Reina Isabel II de Inglaterra\u201d.<\/p>\n\n\n<div class=\"wp-block-image\">\n<figure class=\"alignleft size-medium\"><a href=\"https:\/\/lospoliticosveracruz.com.mx\/wp-content\/uploads\/2021\/10\/WhatsApp-Image-2021-10-02-at-15.20.25.jpeg\"><img loading=\"lazy\" decoding=\"async\" width=\"212\" height=\"300\" src=\"https:\/\/lospoliticosveracruz.com.mx\/wp-content\/uploads\/2021\/10\/WhatsApp-Image-2021-10-02-at-15.20.25-212x300.jpeg\" alt=\"\" class=\"wp-image-80177\" srcset=\"https:\/\/lospoliticosveracruz.com\/wp-content\/uploads\/2021\/10\/WhatsApp-Image-2021-10-02-at-15.20.25-212x300.jpeg 212w, https:\/\/lospoliticosveracruz.com\/wp-content\/uploads\/2021\/10\/WhatsApp-Image-2021-10-02-at-15.20.25-724x1024.jpeg 724w, https:\/\/lospoliticosveracruz.com\/wp-content\/uploads\/2021\/10\/WhatsApp-Image-2021-10-02-at-15.20.25-768x1086.jpeg 768w, https:\/\/lospoliticosveracruz.com\/wp-content\/uploads\/2021\/10\/WhatsApp-Image-2021-10-02-at-15.20.25.jpeg 905w\" sizes=\"auto, (max-width: 212px) 100vw, 212px\" \/><\/a><\/figure>\n<\/div>\n\n\n<p>\u201cAcabamos de llegar al aeropuerto de Heathrow para asistir, en representaci\u00f3n del pueblo y gobierno de M\u00e9xico, a los funerales de S.M. la Reina Isabel II de Inglaterra\u201d. \u201cEstamos en la embajada de M\u00e9xico en Londres donde firm\u00e9 el libro de condolencias por la muerte de S.M. la Reina Isabel II de Inglaterra. Me acompa\u00f1an mi esposa Rosy y\u2026\u201d&nbsp;<\/p>\n\n\n\n<p>Y en m\u00e1s de la embajada, los esposos Ebrard-Bueso posaron frente a un mural hecho en la representaci\u00f3n diplom\u00e1tica, ambos de riguroso negro pero con una sonrisota de este tama\u00f1o: \u201cSaludos desde nuestra embajada en Londres. Les comparto este lindo mural que nos llen\u00f3 de alegr\u00eda, una obra del artista mexicano \u2018Remix uno\u2019. Orgullo mexicano\u201d.<\/p>\n\n\n\n<p>M\u00e1s adelante dijo: \u201cPresent\u00e9 los respetos de M\u00e9xico a S.M. la Reina Isabel II en la capilla ardiente establecida en Westminster Hall. Me acompa\u00f1\u00f3 Rosy mi esposa as\u00ed como\u2026\u201d.<\/p>\n\n\n\n<p>Todav\u00eda se dio tiempo para declarar que \u201cafinar\u00e1\u201d con sus hom\u00f3logos de Rusia y Ucrania la (rid\u00edcula) propuesta de paz que present\u00f3 el presidente L\u00f3pez Obrador para esos pa\u00edses.&nbsp;<\/p>\n\n\n\n<p>Y tanto fue el c\u00e1ntaro al agua hasta que el se\u00f1or canciller meti\u00f3 la pata.&nbsp;<\/p>\n\n\n\n<p>Cometi\u00f3 un desliz que lo catapult\u00f3 internacionalmente porque en pleno funeral, con el cuerpo inerte de la Reina a unos metros de distancia, comparti\u00f3 una en\u00e9sima selfie donde est\u00e1 con su esposa: \u201cEn el Funeral de Estado de S.M. la Reina Isabel II\u201d.&nbsp;<\/p>\n\n\n\n<p>Y estallaron las redes.&nbsp;<\/p>\n\n\n\n<p>\u201cEn serio, Marcelo, \u00bfselfies en un funeral?\u201d, pregunt\u00f3 un usuario mientras otro agreg\u00f3: \u201cQue alguien le diga a este ignorante que es de p\u00e9simo gusto y una enorme falta de<\/p>\n\n\n\n<p>respeto andar tom\u00e1ndose selfies en un funeral, y m\u00e1s en una ceremonia solemne siendo un<\/p>\n\n\n\n<p>funeral de Estado\u201d. Otra usuaria escribi\u00f3: \u201cMarcelo, pensaba que por lo menos eras una persona educada\u2026 qu\u00e9 b\u00e1rbaro, puras verg\u00fcenzas\u2026\u201d.&nbsp;<\/p>\n\n\n\n<p>Y en efecto lector, Marcelo se ha destacado de sus compas de la 4T por pulidito, atildadito y bien educado, pero le sali\u00f3 el chairo que lleva dentro y ahorita es la botana internacional.&nbsp;<\/p>\n\n\n\n<p>De los m\u00e1s de 100 dignatarios que asistieron a las exequias de Isabel II (reyes, pr\u00edncipes, primeros ministros, presidentes, cancilleres etc.), el \u00fanico que sali\u00f3 con su babosada fue Marcelo y eso lo hace diferente.&nbsp; &nbsp;<\/p>\n\n\n\n<p>\u00bfCometi\u00f3 un crimen? No, pero s\u00ed una grave falta de tacto diplom\u00e1tico y una majader\u00eda. Como canciller que es jam\u00e1s debi\u00f3 actuar de manera tan corriente. Si lo que buscaba era estar en boca de todos lo logr\u00f3, aunque vaya manera. Pero de ah\u00ed no va a pasar.<\/p>\n\n\n\n<p>\u201cQue le diga adi\u00f3s a la presidencia de la Rep\u00fablica\u201d me dijo un amigo. Pero no es por ah\u00ed el asunto. Marcelo nunca ha estado en el radar de L\u00f3pez Obrador. La efectiva sigue siendo Claudia Sheinbaum a la que hasta Ken Salazar le dijo ayer \u201cpresidenta\u201d. Y el plan B sigue siendo Ad\u00e1n Augusto L\u00f3pez.&nbsp;<\/p>\n\n\n\n<p>\u00bfY Marcelo?<\/p>\n\n\n\n<p>A pesar de que ha sido el mejor elemento del gabinete obradorista su cuenta regresiva ya se ech\u00f3 a andar. Quiz\u00e1 a mediados del pr\u00f3ximo a\u00f1o L\u00f3pez Obrador le d\u00e9 una patada y lo mande a su casa. O quiz\u00e1 lo mande antes; la selfie podr\u00eda ser el pretexto.&nbsp;&nbsp;<\/p>\n\n\n\n<p>Entonces \u00bfno hay un plan C?&nbsp;<\/p>\n\n\n\n<p>S\u00ed, es Andr\u00e9s Manuel.&nbsp;<\/p>\n\n\n\n<p>No s\u00e9 a ti lector, pero a mi no me va a sorprender si el pr\u00f3ximo a\u00f1o dice que el pueblo le est\u00e1 pidiendo que \u201calargue su mandato\u201d y piensa tomarle la palabra.<\/p>\n\n\n\n<p>Veremos.&nbsp;&nbsp;<\/p>\n\n\n\n<p>PD. Por piedad, que todos los sacerdotes del pa\u00eds rieguen agua bendita los pr\u00f3ximos 19 de septiembre en lugar de que se hagan simulacros antis\u00edsmicos. A ver si con eso se conjura la maldici\u00f3n de ese pinche d\u00eda.&nbsp;&nbsp;<\/p>\n\n\n\n<p>bernardogup@hotmail.com<\/p>\n","protected":false},"excerpt":{"rendered":"<p>Bernardo Guti\u00e9rrez Parra\u00a0 Desde el Caf\u00e9\u00a0 Una cosa es que tengas que ir a los funerales de una Reina y otra que descuides tu campa\u00f1a rumbo al 2024. As\u00ed debi\u00f3 pensar Marcelo Ebrard que desde que se subi\u00f3 al avi\u00f3n que lo llevar\u00eda a Londres tuvo a sus fans al corriente de su itinerario mediante [&hellip;]<\/p>\n","protected":false},"author":2,"featured_media":0,"comment_status":"closed","ping_status":"closed","sticky":false,"template":"","format":"standard","meta":{"tdm_status":"","tdm_grid_status":"","footnotes":""},"categories":[70],"tags":[34206,24123,35267],"class_list":{"0":"post-95660","1":"post","2":"type-post","3":"status-publish","4":"format-standard","6":"category-de-opinion","7":"tag-bernardo-gutierrez-parra","8":"tag-marcelo-ebrad","9":"tag-reina-isabel-ii-de-inglaterra"},"yoast_head":"<!-- This site is optimized with the Yoast SEO plugin v27.4 - https:\/\/yoast.com\/product\/yoast-seo-wordpress\/ -->\n<title>AY MARCELO, pa\u2019 verg\u00fcenzas no ganamos contigo&nbsp; - Los pol\u00edticos Veracruz<\/title>\n<meta name=\"robots\" content=\"index, follow, max-snippet:-1, max-image-preview:large, max-video-preview:-1\" \/>\n<link rel=\"canonical\" href=\"https:\/\/lospoliticosveracruz.com\/?p=95660\" \/>\n<meta property=\"og:locale\" content=\"es_ES\" \/>\n<meta property=\"og:type\" content=\"article\" \/>\n<meta property=\"og:title\" content=\"AY MARCELO, pa\u2019 verg\u00fcenzas no ganamos contigo&nbsp; - Los pol\u00edticos Veracruz\" \/>\n<meta property=\"og:description\" content=\"Bernardo Guti\u00e9rrez Parra\u00a0 Desde el Caf\u00e9\u00a0 Una cosa es que tengas que ir a los funerales de una Reina y otra que descuides tu campa\u00f1a rumbo al 2024. As\u00ed debi\u00f3 pensar Marcelo Ebrard que desde que se subi\u00f3 al avi\u00f3n que lo llevar\u00eda a Londres tuvo a sus fans al corriente de su itinerario mediante [&hellip;]\" \/>\n<meta property=\"og:url\" content=\"https:\/\/lospoliticosveracruz.com\/?p=95660\" \/>\n<meta property=\"og:site_name\" content=\"Los pol\u00edticos Veracruz\" \/>\n<meta property=\"article:publisher\" content=\"https:\/\/www.facebook.com\/people\/Notimemes-de-los-Polticos\/61565672886568\/\" \/>\n<meta property=\"article:published_time\" content=\"2022-09-20T12:49:54+00:00\" \/>\n<meta property=\"article:modified_time\" content=\"2022-09-20T12:49:59+00:00\" \/>\n<meta property=\"og:image\" content=\"https:\/\/lospoliticosveracruz.com.mx\/wp-content\/uploads\/2021\/10\/WhatsApp-Image-2021-10-02-at-15.20.25-212x300.jpeg\" \/>\n<meta name=\"author\" content=\"Lo viste en Los Pol\u00edticos\" \/>\n<meta name=\"twitter:card\" content=\"summary_large_image\" \/>\n<meta name=\"twitter:creator\" content=\"@LosPoliticosVer\" \/>\n<meta name=\"twitter:site\" content=\"@LosPoliticosVer\" \/>\n<meta name=\"twitter:label1\" content=\"Escrito por\" \/>\n\t<meta name=\"twitter:data1\" content=\"Lo viste en Los Pol\u00edticos\" \/>\n\t<meta name=\"twitter:label2\" content=\"Tiempo de lectura\" \/>\n\t<meta name=\"twitter:data2\" content=\"4 minutos\" \/>\n<script type=\"application\/ld+json\" class=\"yoast-schema-graph\">{\"@context\":\"https:\\\/\\\/schema.org\",\"@graph\":[{\"@type\":\"Article\",\"@id\":\"https:\\\/\\\/lospoliticosveracruz.com\\\/?p=95660#article\",\"isPartOf\":{\"@id\":\"https:\\\/\\\/lospoliticosveracruz.com\\\/?p=95660\"},\"author\":{\"name\":\"Lo viste en Los Pol\u00edticos\",\"@id\":\"https:\\\/\\\/lospoliticosveracruz.com\\\/#\\\/schema\\\/person\\\/b8702bb0e538456e6efd07080bf2a4a2\"},\"headline\":\"AY MARCELO, pa\u2019 verg\u00fcenzas no ganamos contigo&nbsp;\",\"datePublished\":\"2022-09-20T12:49:54+00:00\",\"dateModified\":\"2022-09-20T12:49:59+00:00\",\"mainEntityOfPage\":{\"@id\":\"https:\\\/\\\/lospoliticosveracruz.com\\\/?p=95660\"},\"wordCount\":777,\"publisher\":{\"@id\":\"https:\\\/\\\/lospoliticosveracruz.com\\\/#organization\"},\"image\":{\"@id\":\"https:\\\/\\\/lospoliticosveracruz.com\\\/?p=95660#primaryimage\"},\"thumbnailUrl\":\"https:\\\/\\\/lospoliticosveracruz.com.mx\\\/wp-content\\\/uploads\\\/2021\\\/10\\\/WhatsApp-Image-2021-10-02-at-15.20.25-212x300.jpeg\",\"keywords\":[\"Bernardo Guti\u00e9rrez Parra\",\"Marcelo Ebrad\",\"Reina Isabel II de Inglaterra\"],\"articleSection\":[\"De Opini\u00f3n\"],\"inLanguage\":\"es\"},{\"@type\":\"WebPage\",\"@id\":\"https:\\\/\\\/lospoliticosveracruz.com\\\/?p=95660\",\"url\":\"https:\\\/\\\/lospoliticosveracruz.com\\\/?p=95660\",\"name\":\"AY MARCELO, pa\u2019 verg\u00fcenzas no ganamos contigo&nbsp; - Los pol\u00edticos Veracruz\",\"isPartOf\":{\"@id\":\"https:\\\/\\\/lospoliticosveracruz.com\\\/#website\"},\"primaryImageOfPage\":{\"@id\":\"https:\\\/\\\/lospoliticosveracruz.com\\\/?p=95660#primaryimage\"},\"image\":{\"@id\":\"https:\\\/\\\/lospoliticosveracruz.com\\\/?p=95660#primaryimage\"},\"thumbnailUrl\":\"https:\\\/\\\/lospoliticosveracruz.com.mx\\\/wp-content\\\/uploads\\\/2021\\\/10\\\/WhatsApp-Image-2021-10-02-at-15.20.25-212x300.jpeg\",\"datePublished\":\"2022-09-20T12:49:54+00:00\",\"dateModified\":\"2022-09-20T12:49:59+00:00\",\"breadcrumb\":{\"@id\":\"https:\\\/\\\/lospoliticosveracruz.com\\\/?p=95660#breadcrumb\"},\"inLanguage\":\"es\",\"potentialAction\":[{\"@type\":\"ReadAction\",\"target\":[\"https:\\\/\\\/lospoliticosveracruz.com\\\/?p=95660\"]}]},{\"@type\":\"ImageObject\",\"inLanguage\":\"es\",\"@id\":\"https:\\\/\\\/lospoliticosveracruz.com\\\/?p=95660#primaryimage\",\"url\":\"https:\\\/\\\/lospoliticosveracruz.com.mx\\\/wp-content\\\/uploads\\\/2021\\\/10\\\/WhatsApp-Image-2021-10-02-at-15.20.25-212x300.jpeg\",\"contentUrl\":\"https:\\\/\\\/lospoliticosveracruz.com.mx\\\/wp-content\\\/uploads\\\/2021\\\/10\\\/WhatsApp-Image-2021-10-02-at-15.20.25-212x300.jpeg\"},{\"@type\":\"BreadcrumbList\",\"@id\":\"https:\\\/\\\/lospoliticosveracruz.com\\\/?p=95660#breadcrumb\",\"itemListElement\":[{\"@type\":\"ListItem\",\"position\":1,\"name\":\"Portada\",\"item\":\"https:\\\/\\\/lospoliticosveracruz.com\\\/\"},{\"@type\":\"ListItem\",\"position\":2,\"name\":\"AY MARCELO, pa\u2019 verg\u00fcenzas no ganamos contigo&nbsp;\"}]},{\"@type\":\"WebSite\",\"@id\":\"https:\\\/\\\/lospoliticosveracruz.com\\\/#website\",\"url\":\"https:\\\/\\\/lospoliticosveracruz.com\\\/\",\"name\":\"Los pol\u00edticos Veracruz\",\"description\":\"\",\"publisher\":{\"@id\":\"https:\\\/\\\/lospoliticosveracruz.com\\\/#organization\"},\"potentialAction\":[{\"@type\":\"SearchAction\",\"target\":{\"@type\":\"EntryPoint\",\"urlTemplate\":\"https:\\\/\\\/lospoliticosveracruz.com\\\/?s={search_term_string}\"},\"query-input\":{\"@type\":\"PropertyValueSpecification\",\"valueRequired\":true,\"valueName\":\"search_term_string\"}}],\"inLanguage\":\"es\"},{\"@type\":\"Organization\",\"@id\":\"https:\\\/\\\/lospoliticosveracruz.com\\\/#organization\",\"name\":\"Los pol\u00edticos Veracruz\",\"url\":\"https:\\\/\\\/lospoliticosveracruz.com\\\/\",\"logo\":{\"@type\":\"ImageObject\",\"inLanguage\":\"es\",\"@id\":\"https:\\\/\\\/lospoliticosveracruz.com\\\/#\\\/schema\\\/logo\\\/image\\\/\",\"url\":\"https:\\\/\\\/lospoliticosveracruz.com\\\/wp-content\\\/uploads\\\/2025\\\/12\\\/Logo-Nuevo-LOS-POLITICOS-1.jpg\",\"contentUrl\":\"https:\\\/\\\/lospoliticosveracruz.com\\\/wp-content\\\/uploads\\\/2025\\\/12\\\/Logo-Nuevo-LOS-POLITICOS-1.jpg\",\"width\":260,\"height\":70,\"caption\":\"Los pol\u00edticos Veracruz\"},\"image\":{\"@id\":\"https:\\\/\\\/lospoliticosveracruz.com\\\/#\\\/schema\\\/logo\\\/image\\\/\"},\"sameAs\":[\"https:\\\/\\\/www.facebook.com\\\/people\\\/Notimemes-de-los-Polticos\\\/61565672886568\\\/\",\"https:\\\/\\\/x.com\\\/LosPoliticosVer\"]},{\"@type\":\"Person\",\"@id\":\"https:\\\/\\\/lospoliticosveracruz.com\\\/#\\\/schema\\\/person\\\/b8702bb0e538456e6efd07080bf2a4a2\",\"name\":\"Lo viste en Los Pol\u00edticos\",\"image\":{\"@type\":\"ImageObject\",\"inLanguage\":\"es\",\"@id\":\"https:\\\/\\\/secure.gravatar.com\\\/avatar\\\/3a8de04a2656d44082be478bd6c086daa447c4651605818287b9532d3d0bd435?s=96&d=mm&r=g\",\"url\":\"https:\\\/\\\/secure.gravatar.com\\\/avatar\\\/3a8de04a2656d44082be478bd6c086daa447c4651605818287b9532d3d0bd435?s=96&d=mm&r=g\",\"contentUrl\":\"https:\\\/\\\/secure.gravatar.com\\\/avatar\\\/3a8de04a2656d44082be478bd6c086daa447c4651605818287b9532d3d0bd435?s=96&d=mm&r=g\",\"caption\":\"Lo viste en Los Pol\u00edticos\"},\"url\":\"https:\\\/\\\/lospoliticosveracruz.com\\\/?author=2\"}]}<\/script>\n<!-- \/ Yoast SEO plugin. -->","yoast_head_json":{"title":"AY MARCELO, pa\u2019 verg\u00fcenzas no ganamos contigo&nbsp; - Los pol\u00edticos Veracruz","robots":{"index":"index","follow":"follow","max-snippet":"max-snippet:-1","max-image-preview":"max-image-preview:large","max-video-preview":"max-video-preview:-1"},"canonical":"https:\/\/lospoliticosveracruz.com\/?p=95660","og_locale":"es_ES","og_type":"article","og_title":"AY MARCELO, pa\u2019 verg\u00fcenzas no ganamos contigo&nbsp; - Los pol\u00edticos Veracruz","og_description":"Bernardo Guti\u00e9rrez Parra\u00a0 Desde el Caf\u00e9\u00a0 Una cosa es que tengas que ir a los funerales de una Reina y otra que descuides tu campa\u00f1a rumbo al 2024. As\u00ed debi\u00f3 pensar Marcelo Ebrard que desde que se subi\u00f3 al avi\u00f3n que lo llevar\u00eda a Londres tuvo a sus fans al corriente de su itinerario mediante [&hellip;]","og_url":"https:\/\/lospoliticosveracruz.com\/?p=95660","og_site_name":"Los pol\u00edticos Veracruz","article_publisher":"https:\/\/www.facebook.com\/people\/Notimemes-de-los-Polticos\/61565672886568\/","article_published_time":"2022-09-20T12:49:54+00:00","article_modified_time":"2022-09-20T12:49:59+00:00","og_image":[{"url":"https:\/\/lospoliticosveracruz.com.mx\/wp-content\/uploads\/2021\/10\/WhatsApp-Image-2021-10-02-at-15.20.25-212x300.jpeg","type":"","width":"","height":""}],"author":"Lo viste en Los Pol\u00edticos","twitter_card":"summary_large_image","twitter_creator":"@LosPoliticosVer","twitter_site":"@LosPoliticosVer","twitter_misc":{"Escrito por":"Lo viste en Los Pol\u00edticos","Tiempo de lectura":"4 minutos"},"schema":{"@context":"https:\/\/schema.org","@graph":[{"@type":"Article","@id":"https:\/\/lospoliticosveracruz.com\/?p=95660#article","isPartOf":{"@id":"https:\/\/lospoliticosveracruz.com\/?p=95660"},"author":{"name":"Lo viste en Los Pol\u00edticos","@id":"https:\/\/lospoliticosveracruz.com\/#\/schema\/person\/b8702bb0e538456e6efd07080bf2a4a2"},"headline":"AY MARCELO, pa\u2019 verg\u00fcenzas no ganamos contigo&nbsp;","datePublished":"2022-09-20T12:49:54+00:00","dateModified":"2022-09-20T12:49:59+00:00","mainEntityOfPage":{"@id":"https:\/\/lospoliticosveracruz.com\/?p=95660"},"wordCount":777,"publisher":{"@id":"https:\/\/lospoliticosveracruz.com\/#organization"},"image":{"@id":"https:\/\/lospoliticosveracruz.com\/?p=95660#primaryimage"},"thumbnailUrl":"https:\/\/lospoliticosveracruz.com.mx\/wp-content\/uploads\/2021\/10\/WhatsApp-Image-2021-10-02-at-15.20.25-212x300.jpeg","keywords":["Bernardo Guti\u00e9rrez Parra","Marcelo Ebrad","Reina Isabel II de Inglaterra"],"articleSection":["De Opini\u00f3n"],"inLanguage":"es"},{"@type":"WebPage","@id":"https:\/\/lospoliticosveracruz.com\/?p=95660","url":"https:\/\/lospoliticosveracruz.com\/?p=95660","name":"AY MARCELO, pa\u2019 verg\u00fcenzas no ganamos contigo&nbsp; - Los pol\u00edticos Veracruz","isPartOf":{"@id":"https:\/\/lospoliticosveracruz.com\/#website"},"primaryImageOfPage":{"@id":"https:\/\/lospoliticosveracruz.com\/?p=95660#primaryimage"},"image":{"@id":"https:\/\/lospoliticosveracruz.com\/?p=95660#primaryimage"},"thumbnailUrl":"https:\/\/lospoliticosveracruz.com.mx\/wp-content\/uploads\/2021\/10\/WhatsApp-Image-2021-10-02-at-15.20.25-212x300.jpeg","datePublished":"2022-09-20T12:49:54+00:00","dateModified":"2022-09-20T12:49:59+00:00","breadcrumb":{"@id":"https:\/\/lospoliticosveracruz.com\/?p=95660#breadcrumb"},"inLanguage":"es","potentialAction":[{"@type":"ReadAction","target":["https:\/\/lospoliticosveracruz.com\/?p=95660"]}]},{"@type":"ImageObject","inLanguage":"es","@id":"https:\/\/lospoliticosveracruz.com\/?p=95660#primaryimage","url":"https:\/\/lospoliticosveracruz.com.mx\/wp-content\/uploads\/2021\/10\/WhatsApp-Image-2021-10-02-at-15.20.25-212x300.jpeg","contentUrl":"https:\/\/lospoliticosveracruz.com.mx\/wp-content\/uploads\/2021\/10\/WhatsApp-Image-2021-10-02-at-15.20.25-212x300.jpeg"},{"@type":"BreadcrumbList","@id":"https:\/\/lospoliticosveracruz.com\/?p=95660#breadcrumb","itemListElement":[{"@type":"ListItem","position":1,"name":"Portada","item":"https:\/\/lospoliticosveracruz.com\/"},{"@type":"ListItem","position":2,"name":"AY MARCELO, pa\u2019 verg\u00fcenzas no ganamos contigo&nbsp;"}]},{"@type":"WebSite","@id":"https:\/\/lospoliticosveracruz.com\/#website","url":"https:\/\/lospoliticosveracruz.com\/","name":"Los pol\u00edticos Veracruz","description":"","publisher":{"@id":"https:\/\/lospoliticosveracruz.com\/#organization"},"potentialAction":[{"@type":"SearchAction","target":{"@type":"EntryPoint","urlTemplate":"https:\/\/lospoliticosveracruz.com\/?s={search_term_string}"},"query-input":{"@type":"PropertyValueSpecification","valueRequired":true,"valueName":"search_term_string"}}],"inLanguage":"es"},{"@type":"Organization","@id":"https:\/\/lospoliticosveracruz.com\/#organization","name":"Los pol\u00edticos Veracruz","url":"https:\/\/lospoliticosveracruz.com\/","logo":{"@type":"ImageObject","inLanguage":"es","@id":"https:\/\/lospoliticosveracruz.com\/#\/schema\/logo\/image\/","url":"https:\/\/lospoliticosveracruz.com\/wp-content\/uploads\/2025\/12\/Logo-Nuevo-LOS-POLITICOS-1.jpg","contentUrl":"https:\/\/lospoliticosveracruz.com\/wp-content\/uploads\/2025\/12\/Logo-Nuevo-LOS-POLITICOS-1.jpg","width":260,"height":70,"caption":"Los pol\u00edticos Veracruz"},"image":{"@id":"https:\/\/lospoliticosveracruz.com\/#\/schema\/logo\/image\/"},"sameAs":["https:\/\/www.facebook.com\/people\/Notimemes-de-los-Polticos\/61565672886568\/","https:\/\/x.com\/LosPoliticosVer"]},{"@type":"Person","@id":"https:\/\/lospoliticosveracruz.com\/#\/schema\/person\/b8702bb0e538456e6efd07080bf2a4a2","name":"Lo viste en Los Pol\u00edticos","image":{"@type":"ImageObject","inLanguage":"es","@id":"https:\/\/secure.gravatar.com\/avatar\/3a8de04a2656d44082be478bd6c086daa447c4651605818287b9532d3d0bd435?s=96&d=mm&r=g","url":"https:\/\/secure.gravatar.com\/avatar\/3a8de04a2656d44082be478bd6c086daa447c4651605818287b9532d3d0bd435?s=96&d=mm&r=g","contentUrl":"https:\/\/secure.gravatar.com\/avatar\/3a8de04a2656d44082be478bd6c086daa447c4651605818287b9532d3d0bd435?s=96&d=mm&r=g","caption":"Lo viste en Los Pol\u00edticos"},"url":"https:\/\/lospoliticosveracruz.com\/?author=2"}]}},"_links":{"self":[{"href":"https:\/\/lospoliticosveracruz.com\/index.php?rest_route=\/wp\/v2\/posts\/95660","targetHints":{"allow":["GET"]}}],"collection":[{"href":"https:\/\/lospoliticosveracruz.com\/index.php?rest_route=\/wp\/v2\/posts"}],"about":[{"href":"https:\/\/lospoliticosveracruz.com\/index.php?rest_route=\/wp\/v2\/types\/post"}],"author":[{"embeddable":true,"href":"https:\/\/lospoliticosveracruz.com\/index.php?rest_route=\/wp\/v2\/users\/2"}],"replies":[{"embeddable":true,"href":"https:\/\/lospoliticosveracruz.com\/index.php?rest_route=%2Fwp%2Fv2%2Fcomments&post=95660"}],"version-history":[{"count":1,"href":"https:\/\/lospoliticosveracruz.com\/index.php?rest_route=\/wp\/v2\/posts\/95660\/revisions"}],"predecessor-version":[{"id":95662,"href":"https:\/\/lospoliticosveracruz.com\/index.php?rest_route=\/wp\/v2\/posts\/95660\/revisions\/95662"}],"wp:attachment":[{"href":"https:\/\/lospoliticosveracruz.com\/index.php?rest_route=%2Fwp%2Fv2%2Fmedia&parent=95660"}],"wp:term":[{"taxonomy":"category","embeddable":true,"href":"https:\/\/lospoliticosveracruz.com\/index.php?rest_route=%2Fwp%2Fv2%2Fcategories&post=95660"},{"taxonomy":"post_tag","embeddable":true,"href":"https:\/\/lospoliticosveracruz.com\/index.php?rest_route=%2Fwp%2Fv2%2Ftags&post=95660"}],"curies":[{"name":"wp","href":"https:\/\/api.w.org\/{rel}","templated":true}]}}