{"id":95706,"date":"2022-09-21T07:56:03","date_gmt":"2022-09-21T12:56:03","guid":{"rendered":"https:\/\/lospoliticosveracruz.com.mx\/?p=95706"},"modified":"2022-09-21T08:31:05","modified_gmt":"2022-09-21T13:31:05","slug":"el-orfis-y-los-otros-del-pan","status":"publish","type":"post","link":"https:\/\/lospoliticosveracruz.com\/?p=95706","title":{"rendered":"EL ORFIS Y \u00abLOS OTROS\u00bb DEL PAN"},"content":{"rendered":"\n<p><strong>Ricardo Ch\u00faa<\/strong><\/p>\n\n\n\n<p><em>Sale y Vale<\/em><\/p>\n\n\n\n<p>OJO&#8230; El pleito entre \u00abricos y sabrosos\u00bb de C\u00f3rdoba-Orizaba por la PRESUNTA pelea f\u00edsica entre los hijos del ex fiscal del Estado, Luis \u00c1ngel Bravo Contreras y del millonario empresario arrocero, Pedro Schetinno, ocurrida la semana pasada en Boca del R\u00edo&#8230; Tiene a\u00fan \u00abmucha tela donde cortar\u00bb&#8230; Ya \u00abEx Fiscul\u00edn\u00bb Bravo present\u00f3 este lunes, la denuncia de estos hechos en la FGE de Xalapa&#8230; Por qu\u00e9 no lo hizo en Boca del R\u00edo, donde sucedieron los hechos&#8230; En pol\u00edtica y justicia, las casualidades no existen.. Y esto se torn\u00f3 pol\u00edtico.. TO BE CONTINUED&#8230;<\/p>\n\n\n<div class=\"wp-block-image\">\n<figure class=\"alignleft size-medium\"><a href=\"https:\/\/lospoliticosveracruz.com.mx\/wp-content\/uploads\/2021\/10\/Zacauilt.jpg\"><img decoding=\"async\" src=\"https:\/\/lospoliticosveracruz.com.mx\/wp-content\/uploads\/2021\/10\/Zacauilt-150x300.jpg\" alt=\"\" class=\"wp-image-80558\"\/><\/a><\/figure>\n<\/div>\n\n\n<p>EXCLUSIVA EL ORFIS Y \u00abLOS OTROS\u00bb DEL PAN&#8230; Hace apenas algunas semanas&#8230; La titular del \u00d3rgano de Fiscalizaci\u00f3n Superior (ORFIS), Delia Gonz\u00e1lez Cobos se\u00f1alaba con \u00abdedo inquisidor\u00bb que se investigar\u00eda el actuar de ex auditores del ORFIS, que estuvieron en pasadas administraciones&#8230; Ya que existe la sospecha que deliberadamente pudieron haber integrado mal los expedientes y procedimientos de revisi\u00f3n para auditar cuentas p\u00fablicas del gobierno estatal y municipios&#8230; Pero todo indica que la funcionaria fue objeto de una TRAICI\u00d3N&#8230;<\/p>\n\n\n\n<p>Nos dice \u00abGarganta Profunda\u00bb que mucho personal cercano.. La ten\u00eda \u00abrodeada\u00bb a trav\u00e9s de una red de complicidades&#8230; Donde a ella s\u00f3lo le informaban que las auditor\u00edas se hac\u00edan&#8230; Pero en realidad&#8230; No hac\u00edan nada&#8230; Es decir, los expedientes y los mismos procedimientos de revisi\u00f3n de las cuentas p\u00fablicas&#8230; Estos funcionarios las \u00abdejaron pasar\u00bb, sin decir nada, sin mencionar si observaron anomal\u00edas en su entrega recepci\u00f3n&#8230; Es decir, \u00ablas pasaron de humo\u00bb&#8230; Por eso, se dice que Delia Gonz\u00e1lez fue TRACIONADA desde dentro de este edificio&#8230;<\/p>\n\n\n\n<p>Pese a que la propia Gonz\u00e1lez Cobos se\u00f1alaba que: \u00abEstos auditores y sus auditorias debieron ser investigados para deslindar posibles responsabilidades y proceder a sancionar a quien resultare responsable\u00bb&#8230; Sin embargo, a pesar de lo dicho por la titular del ORFIS&#8230; Tampoco se hizo nada al respecto.. Por eso, ahora se presume que las denuncias que se presentaran ante la Fiscal\u00eda General del Estado y la Fiscal\u00eda Anticorrupci\u00f3n estatal&#8230; Vienen en contra de una persona: Emmanuel V\u00e1zquez Jim\u00e9nez, el Contralor Interno del ORFIS&#8230;&nbsp;<\/p>\n\n\n\n<p>Es decir, se le van a ir con todo&#8230; \u00abGarganta Profunda\u00bb revela que de todas estas observaciones&#8230; Era este contralor quien ten\u00eda la obligaci\u00f3n de darlas a conocer&#8230; Adem\u00e1s de citar a quienes corresponda y de iniciar las investigaciones por no solventar lo observado&#8230; Todo eso le correspond\u00edan a V\u00e1zquez Jim\u00e9nez, titular de la Controlar\u00eda Interna&#8230; Y no hizo nada al respecto, metiendo en serios problemas a su propia jefa, la titular de este organismo, Delia Gonz\u00e1lez Cobos&#8230; La traici\u00f3n de varios funcionarios del ORFIS estaba caminando..<\/p>\n\n\n\n<p>Ya que la propia titular del ORFIS dijo de estas investigaciones y no paso nada&#8230; Y para el colmo, a la funcionaria la estaban dejando y quedando bajo sospecha&#8230; Bien lo dec\u00eda, Elba Esther Gordillo: \u00abEl poder y el dinero hasta el -alma m\u00e1s pura- corrompe\u00bb&#8230; Seg\u00fan \u00abGarganta Profunda\u00bb este personaje, Emmanuel V\u00e1zquez Jim\u00e9nez, lleg\u00f3 al ORFIS recomendado por el entonces diputado local, l\u00edder de la bancada panista y presidente de la Junta de Coordinaci\u00f3n Pol\u00edtica de la legislatura estatal del 2016 al 2018&#8230; Sergio \u00abHe Man\u00bb Hern\u00e1ndez Hern\u00e1ndez&#8230;<\/p>\n\n\n\n<p>Este se qued\u00f3&nbsp;&nbsp;dentro del organismo.. Y al llegar Gonz\u00e1lez Cobos a la titularidad del ORFIS, pasado el tiempo se hizo Contralor Interno&#8230; Por eso, se dice que V\u00e1zquez Jim\u00e9nez.. Con el poder obtenido por su jefa&#8230; Todo presuntamente le vali\u00f3 y ha sido omiso en todo.. En lo que son denuncias, investigaciones sin proceder con sus tareas&#8230; Ya que PRESUNTAMENTE protege a \u00abgente del pasado\u00bb.. Y no emite dict\u00e1menes al respecto..&nbsp;&nbsp;Es decir, pura simulaci\u00f3n como funcionario del ORFIS&#8230;&nbsp;<\/p>\n\n\n\n<p>Pero tambi\u00e9n nos cuenta \u00abGarganta Profunda\u00bb que desde hace m\u00e1s de una semana, que los nuevos integrantes de la Comisi\u00f3n de Vigilancia del Congreso del Estado est\u00e1n insistiendo al ORFIS que informe de esas auditorias&#8230; Emmanuel V\u00e1zquez, el responsable de hacerlo, que tiene como hermano a Sergio V\u00e1zquez Jim\u00e9nez, personaje que trat\u00f3 de ser titular del ORFIS y despach\u00f3 como presidente del Sistema Estatal Anticorrupci\u00f3n en Veracruz&#8230; Se cierra a \u00abpiedra y lodo\u00bb&#8230; Y no les informa nada..<\/p>\n\n\n\n<p>Se menciona que V\u00e1zquez Jim\u00e9nez estaba dejando pasar el tiempo.. Sin ejercer ninguna responsabilidad en contra de los entes fiscalizables que da\u00f1aron tanto los patrimonios p\u00fablicos de los municipios veracruzanos y administraciones estatales pasadas&#8230; Anteriormente en este espacio&#8230; Se coment\u00f3 que hay PRESUNTAS sospechas s\u00f3lidas que en el ORFIS&#8230; Se han presentado hechos de corrupci\u00f3n.. Misma que esta \u00absalpicando\u00bb a altos funcionarios de este Organismo P\u00fablico Descentralizado (OPD)&#8230;&nbsp;<\/p>\n\n\n\n<p>Adem\u00e1s que por ese mismo motivo&#8230; Ya se fue la persona que fung\u00eda como el ex director jur\u00eddico que presuntamente tendr\u00eda responsabilidad penal y administrativa por estos caso de los \u00abmoches\u00bb&#8230; Pero ahora tambi\u00e9n en este mismo espacio&#8230; Damos a conocer de manera EXCLUSIVA, que tambi\u00e9n desde el Congreso del Estado, sus diputados locales y el equipo jur\u00eddico de este recinto legislativo impondr\u00e1n una denuncia formal contra Emmanuel V\u00e1zquez Jim\u00e9nez&#8230; Van con todo..&nbsp;<\/p>\n\n\n\n<p>\u00abGarganta Profunda\u00bb puntualiz\u00f3 que sabe que desde despachos vinculados a a estos personajes en el ORFIS&#8230; Como son PRESUNTAMENTE los despachos contables como: \u00abCorporativo CAREMM SA de CV\u00bb y \u00abContadores y Abogados Corporativos SC\u00bb&#8230; Han tenido \u00abcontratos\u00bb millonarios&#8230; Y los diputados locales de MORENA tienen la informaci\u00f3n de que estos mismos son los que han \u00aboperado\u00bb PRESUNTAMENTE los \u00abmoches\u00bb por la \u00ablimpieza\u00bb de cuentas p\u00fablicas&nbsp;&nbsp;de los ayuntamientos y ex alcaldes al interior del ORFIS&#8230;<\/p>\n\n\n\n<p>Se dice que estos despachos presuntamente fueron utiliz\u00e1ndolos para sus objetivos&#8230; Habr\u00e1 que ver como funcionan estas denuncias y si la FGE act\u00faa en consecuencia&#8230; Ya que era un \u00absecreto a voces\u00bb que ven\u00eda sucediendo desde hace muchos a\u00f1os&#8230; Ahora lo que tendr\u00e1 que hacer Delia Gonz\u00e1lez Cobos, por salud propia y para seguir con autoridad su encargo&#8230; Es dar a conocer como fue \u00aboperado\u00bb el tema para que no tuviera conocimiento de ello&#8230; Sobre todo si su gente la traicion\u00f3 y por eso guarda silencio&#8230; DIOS SI PERDONA, CUITL\u00c1HUAC NO&#8230;<\/p>\n","protected":false},"excerpt":{"rendered":"<p>Ricardo Ch\u00faa Sale y Vale OJO&#8230; El pleito entre \u00abricos y sabrosos\u00bb de C\u00f3rdoba-Orizaba por la PRESUNTA pelea f\u00edsica entre los hijos del ex fiscal del Estado, Luis \u00c1ngel Bravo Contreras y del millonario empresario arrocero, Pedro Schetinno, ocurrida la semana pasada en Boca del R\u00edo&#8230; Tiene a\u00fan \u00abmucha tela donde cortar\u00bb&#8230; Ya \u00abEx Fiscul\u00edn\u00bb [&hellip;]<\/p>\n","protected":false},"author":2,"featured_media":0,"comment_status":"closed","ping_status":"closed","sticky":false,"template":"","format":"standard","meta":{"tdm_status":"","tdm_grid_status":"","footnotes":""},"categories":[70],"tags":[15181,12270,5576,34318,1947,35285,31833],"class_list":{"0":"post-95706","1":"post","2":"type-post","3":"status-publish","4":"format-standard","6":"category-de-opinion","7":"tag-delia-gonzalez-cobos","8":"tag-emmanuel-vazquez-jimenez","9":"tag-fiscalia-anticorrupcion","10":"tag-luis-angel-bravo-contreras-2","11":"tag-organo-de-fiscalizacion-superior","12":"tag-pedro-schetinno","13":"tag-ricardo-chua-agama"},"yoast_head":"<!-- This site is optimized with the Yoast SEO plugin v27.4 - https:\/\/yoast.com\/product\/yoast-seo-wordpress\/ -->\n<title>EL ORFIS Y &quot;LOS OTROS&quot; DEL PAN - Los pol\u00edticos Veracruz<\/title>\n<meta name=\"robots\" content=\"index, follow, max-snippet:-1, max-image-preview:large, max-video-preview:-1\" \/>\n<link rel=\"canonical\" href=\"https:\/\/lospoliticosveracruz.com\/?p=95706\" \/>\n<meta property=\"og:locale\" content=\"es_ES\" \/>\n<meta property=\"og:type\" content=\"article\" \/>\n<meta property=\"og:title\" content=\"EL ORFIS Y &quot;LOS OTROS&quot; DEL PAN - Los pol\u00edticos Veracruz\" \/>\n<meta property=\"og:description\" content=\"Ricardo Ch\u00faa Sale y Vale OJO&#8230; El pleito entre \u00abricos y sabrosos\u00bb de C\u00f3rdoba-Orizaba por la PRESUNTA pelea f\u00edsica entre los hijos del ex fiscal del Estado, Luis \u00c1ngel Bravo Contreras y del millonario empresario arrocero, Pedro Schetinno, ocurrida la semana pasada en Boca del R\u00edo&#8230; Tiene a\u00fan \u00abmucha tela donde cortar\u00bb&#8230; Ya \u00abEx Fiscul\u00edn\u00bb [&hellip;]\" \/>\n<meta property=\"og:url\" content=\"https:\/\/lospoliticosveracruz.com\/?p=95706\" \/>\n<meta property=\"og:site_name\" content=\"Los pol\u00edticos Veracruz\" \/>\n<meta property=\"article:publisher\" content=\"https:\/\/www.facebook.com\/people\/Notimemes-de-los-Polticos\/61565672886568\/\" \/>\n<meta property=\"article:published_time\" content=\"2022-09-21T12:56:03+00:00\" \/>\n<meta property=\"article:modified_time\" content=\"2022-09-21T13:31:05+00:00\" \/>\n<meta property=\"og:image\" content=\"https:\/\/lospoliticosveracruz.com.mx\/wp-content\/uploads\/2021\/10\/Zacauilt-150x300.jpg\" \/>\n<meta name=\"author\" content=\"Lo viste en Los Pol\u00edticos\" \/>\n<meta name=\"twitter:card\" content=\"summary_large_image\" \/>\n<meta name=\"twitter:creator\" content=\"@LosPoliticosVer\" \/>\n<meta name=\"twitter:site\" content=\"@LosPoliticosVer\" \/>\n<meta name=\"twitter:label1\" content=\"Escrito por\" \/>\n\t<meta name=\"twitter:data1\" content=\"Lo viste en Los Pol\u00edticos\" \/>\n\t<meta name=\"twitter:label2\" content=\"Tiempo de lectura\" \/>\n\t<meta name=\"twitter:data2\" content=\"5 minutos\" \/>\n<script type=\"application\/ld+json\" class=\"yoast-schema-graph\">{\"@context\":\"https:\\\/\\\/schema.org\",\"@graph\":[{\"@type\":\"Article\",\"@id\":\"https:\\\/\\\/lospoliticosveracruz.com\\\/?p=95706#article\",\"isPartOf\":{\"@id\":\"https:\\\/\\\/lospoliticosveracruz.com\\\/?p=95706\"},\"author\":{\"name\":\"Lo viste en Los Pol\u00edticos\",\"@id\":\"https:\\\/\\\/lospoliticosveracruz.com\\\/#\\\/schema\\\/person\\\/b8702bb0e538456e6efd07080bf2a4a2\"},\"headline\":\"EL ORFIS Y \u00abLOS OTROS\u00bb DEL PAN\",\"datePublished\":\"2022-09-21T12:56:03+00:00\",\"dateModified\":\"2022-09-21T13:31:05+00:00\",\"mainEntityOfPage\":{\"@id\":\"https:\\\/\\\/lospoliticosveracruz.com\\\/?p=95706\"},\"wordCount\":1093,\"publisher\":{\"@id\":\"https:\\\/\\\/lospoliticosveracruz.com\\\/#organization\"},\"image\":{\"@id\":\"https:\\\/\\\/lospoliticosveracruz.com\\\/?p=95706#primaryimage\"},\"thumbnailUrl\":\"https:\\\/\\\/lospoliticosveracruz.com.mx\\\/wp-content\\\/uploads\\\/2021\\\/10\\\/Zacauilt-150x300.jpg\",\"keywords\":[\"Delia Gonz\u00e1lez Cobos\",\"Emmanuel V\u00e1zquez Jim\u00e9nez\",\"Fiscal\u00eda Anticorrupci\u00f3n\",\"Luis \u00c1ngel Bravo Contreras\",\"\u00d3rgano de Fiscalizaci\u00f3n Superior\",\"Pedro Schetinno\",\"Ricardo Ch\u00faa Agama\"],\"articleSection\":[\"De Opini\u00f3n\"],\"inLanguage\":\"es\"},{\"@type\":\"WebPage\",\"@id\":\"https:\\\/\\\/lospoliticosveracruz.com\\\/?p=95706\",\"url\":\"https:\\\/\\\/lospoliticosveracruz.com\\\/?p=95706\",\"name\":\"EL ORFIS Y \\\"LOS OTROS\\\" DEL PAN - Los pol\u00edticos Veracruz\",\"isPartOf\":{\"@id\":\"https:\\\/\\\/lospoliticosveracruz.com\\\/#website\"},\"primaryImageOfPage\":{\"@id\":\"https:\\\/\\\/lospoliticosveracruz.com\\\/?p=95706#primaryimage\"},\"image\":{\"@id\":\"https:\\\/\\\/lospoliticosveracruz.com\\\/?p=95706#primaryimage\"},\"thumbnailUrl\":\"https:\\\/\\\/lospoliticosveracruz.com.mx\\\/wp-content\\\/uploads\\\/2021\\\/10\\\/Zacauilt-150x300.jpg\",\"datePublished\":\"2022-09-21T12:56:03+00:00\",\"dateModified\":\"2022-09-21T13:31:05+00:00\",\"breadcrumb\":{\"@id\":\"https:\\\/\\\/lospoliticosveracruz.com\\\/?p=95706#breadcrumb\"},\"inLanguage\":\"es\",\"potentialAction\":[{\"@type\":\"ReadAction\",\"target\":[\"https:\\\/\\\/lospoliticosveracruz.com\\\/?p=95706\"]}]},{\"@type\":\"ImageObject\",\"inLanguage\":\"es\",\"@id\":\"https:\\\/\\\/lospoliticosveracruz.com\\\/?p=95706#primaryimage\",\"url\":\"https:\\\/\\\/lospoliticosveracruz.com.mx\\\/wp-content\\\/uploads\\\/2021\\\/10\\\/Zacauilt-150x300.jpg\",\"contentUrl\":\"https:\\\/\\\/lospoliticosveracruz.com.mx\\\/wp-content\\\/uploads\\\/2021\\\/10\\\/Zacauilt-150x300.jpg\"},{\"@type\":\"BreadcrumbList\",\"@id\":\"https:\\\/\\\/lospoliticosveracruz.com\\\/?p=95706#breadcrumb\",\"itemListElement\":[{\"@type\":\"ListItem\",\"position\":1,\"name\":\"Portada\",\"item\":\"https:\\\/\\\/lospoliticosveracruz.com\\\/\"},{\"@type\":\"ListItem\",\"position\":2,\"name\":\"EL ORFIS Y \u00abLOS OTROS\u00bb DEL PAN\"}]},{\"@type\":\"WebSite\",\"@id\":\"https:\\\/\\\/lospoliticosveracruz.com\\\/#website\",\"url\":\"https:\\\/\\\/lospoliticosveracruz.com\\\/\",\"name\":\"Los pol\u00edticos Veracruz\",\"description\":\"\",\"publisher\":{\"@id\":\"https:\\\/\\\/lospoliticosveracruz.com\\\/#organization\"},\"potentialAction\":[{\"@type\":\"SearchAction\",\"target\":{\"@type\":\"EntryPoint\",\"urlTemplate\":\"https:\\\/\\\/lospoliticosveracruz.com\\\/?s={search_term_string}\"},\"query-input\":{\"@type\":\"PropertyValueSpecification\",\"valueRequired\":true,\"valueName\":\"search_term_string\"}}],\"inLanguage\":\"es\"},{\"@type\":\"Organization\",\"@id\":\"https:\\\/\\\/lospoliticosveracruz.com\\\/#organization\",\"name\":\"Los pol\u00edticos Veracruz\",\"url\":\"https:\\\/\\\/lospoliticosveracruz.com\\\/\",\"logo\":{\"@type\":\"ImageObject\",\"inLanguage\":\"es\",\"@id\":\"https:\\\/\\\/lospoliticosveracruz.com\\\/#\\\/schema\\\/logo\\\/image\\\/\",\"url\":\"https:\\\/\\\/lospoliticosveracruz.com\\\/wp-content\\\/uploads\\\/2025\\\/12\\\/Logo-Nuevo-LOS-POLITICOS-1.jpg\",\"contentUrl\":\"https:\\\/\\\/lospoliticosveracruz.com\\\/wp-content\\\/uploads\\\/2025\\\/12\\\/Logo-Nuevo-LOS-POLITICOS-1.jpg\",\"width\":260,\"height\":70,\"caption\":\"Los pol\u00edticos Veracruz\"},\"image\":{\"@id\":\"https:\\\/\\\/lospoliticosveracruz.com\\\/#\\\/schema\\\/logo\\\/image\\\/\"},\"sameAs\":[\"https:\\\/\\\/www.facebook.com\\\/people\\\/Notimemes-de-los-Polticos\\\/61565672886568\\\/\",\"https:\\\/\\\/x.com\\\/LosPoliticosVer\"]},{\"@type\":\"Person\",\"@id\":\"https:\\\/\\\/lospoliticosveracruz.com\\\/#\\\/schema\\\/person\\\/b8702bb0e538456e6efd07080bf2a4a2\",\"name\":\"Lo viste en Los Pol\u00edticos\",\"image\":{\"@type\":\"ImageObject\",\"inLanguage\":\"es\",\"@id\":\"https:\\\/\\\/secure.gravatar.com\\\/avatar\\\/3a8de04a2656d44082be478bd6c086daa447c4651605818287b9532d3d0bd435?s=96&d=mm&r=g\",\"url\":\"https:\\\/\\\/secure.gravatar.com\\\/avatar\\\/3a8de04a2656d44082be478bd6c086daa447c4651605818287b9532d3d0bd435?s=96&d=mm&r=g\",\"contentUrl\":\"https:\\\/\\\/secure.gravatar.com\\\/avatar\\\/3a8de04a2656d44082be478bd6c086daa447c4651605818287b9532d3d0bd435?s=96&d=mm&r=g\",\"caption\":\"Lo viste en Los Pol\u00edticos\"},\"url\":\"https:\\\/\\\/lospoliticosveracruz.com\\\/?author=2\"}]}<\/script>\n<!-- \/ Yoast SEO plugin. -->","yoast_head_json":{"title":"EL ORFIS Y \"LOS OTROS\" DEL PAN - Los pol\u00edticos Veracruz","robots":{"index":"index","follow":"follow","max-snippet":"max-snippet:-1","max-image-preview":"max-image-preview:large","max-video-preview":"max-video-preview:-1"},"canonical":"https:\/\/lospoliticosveracruz.com\/?p=95706","og_locale":"es_ES","og_type":"article","og_title":"EL ORFIS Y \"LOS OTROS\" DEL PAN - Los pol\u00edticos Veracruz","og_description":"Ricardo Ch\u00faa Sale y Vale OJO&#8230; El pleito entre \u00abricos y sabrosos\u00bb de C\u00f3rdoba-Orizaba por la PRESUNTA pelea f\u00edsica entre los hijos del ex fiscal del Estado, Luis \u00c1ngel Bravo Contreras y del millonario empresario arrocero, Pedro Schetinno, ocurrida la semana pasada en Boca del R\u00edo&#8230; Tiene a\u00fan \u00abmucha tela donde cortar\u00bb&#8230; Ya \u00abEx Fiscul\u00edn\u00bb [&hellip;]","og_url":"https:\/\/lospoliticosveracruz.com\/?p=95706","og_site_name":"Los pol\u00edticos Veracruz","article_publisher":"https:\/\/www.facebook.com\/people\/Notimemes-de-los-Polticos\/61565672886568\/","article_published_time":"2022-09-21T12:56:03+00:00","article_modified_time":"2022-09-21T13:31:05+00:00","og_image":[{"url":"https:\/\/lospoliticosveracruz.com.mx\/wp-content\/uploads\/2021\/10\/Zacauilt-150x300.jpg","type":"","width":"","height":""}],"author":"Lo viste en Los Pol\u00edticos","twitter_card":"summary_large_image","twitter_creator":"@LosPoliticosVer","twitter_site":"@LosPoliticosVer","twitter_misc":{"Escrito por":"Lo viste en Los Pol\u00edticos","Tiempo de lectura":"5 minutos"},"schema":{"@context":"https:\/\/schema.org","@graph":[{"@type":"Article","@id":"https:\/\/lospoliticosveracruz.com\/?p=95706#article","isPartOf":{"@id":"https:\/\/lospoliticosveracruz.com\/?p=95706"},"author":{"name":"Lo viste en Los Pol\u00edticos","@id":"https:\/\/lospoliticosveracruz.com\/#\/schema\/person\/b8702bb0e538456e6efd07080bf2a4a2"},"headline":"EL ORFIS Y \u00abLOS OTROS\u00bb DEL PAN","datePublished":"2022-09-21T12:56:03+00:00","dateModified":"2022-09-21T13:31:05+00:00","mainEntityOfPage":{"@id":"https:\/\/lospoliticosveracruz.com\/?p=95706"},"wordCount":1093,"publisher":{"@id":"https:\/\/lospoliticosveracruz.com\/#organization"},"image":{"@id":"https:\/\/lospoliticosveracruz.com\/?p=95706#primaryimage"},"thumbnailUrl":"https:\/\/lospoliticosveracruz.com.mx\/wp-content\/uploads\/2021\/10\/Zacauilt-150x300.jpg","keywords":["Delia Gonz\u00e1lez Cobos","Emmanuel V\u00e1zquez Jim\u00e9nez","Fiscal\u00eda Anticorrupci\u00f3n","Luis \u00c1ngel Bravo Contreras","\u00d3rgano de Fiscalizaci\u00f3n Superior","Pedro Schetinno","Ricardo Ch\u00faa Agama"],"articleSection":["De Opini\u00f3n"],"inLanguage":"es"},{"@type":"WebPage","@id":"https:\/\/lospoliticosveracruz.com\/?p=95706","url":"https:\/\/lospoliticosveracruz.com\/?p=95706","name":"EL ORFIS Y \"LOS OTROS\" DEL PAN - Los pol\u00edticos Veracruz","isPartOf":{"@id":"https:\/\/lospoliticosveracruz.com\/#website"},"primaryImageOfPage":{"@id":"https:\/\/lospoliticosveracruz.com\/?p=95706#primaryimage"},"image":{"@id":"https:\/\/lospoliticosveracruz.com\/?p=95706#primaryimage"},"thumbnailUrl":"https:\/\/lospoliticosveracruz.com.mx\/wp-content\/uploads\/2021\/10\/Zacauilt-150x300.jpg","datePublished":"2022-09-21T12:56:03+00:00","dateModified":"2022-09-21T13:31:05+00:00","breadcrumb":{"@id":"https:\/\/lospoliticosveracruz.com\/?p=95706#breadcrumb"},"inLanguage":"es","potentialAction":[{"@type":"ReadAction","target":["https:\/\/lospoliticosveracruz.com\/?p=95706"]}]},{"@type":"ImageObject","inLanguage":"es","@id":"https:\/\/lospoliticosveracruz.com\/?p=95706#primaryimage","url":"https:\/\/lospoliticosveracruz.com.mx\/wp-content\/uploads\/2021\/10\/Zacauilt-150x300.jpg","contentUrl":"https:\/\/lospoliticosveracruz.com.mx\/wp-content\/uploads\/2021\/10\/Zacauilt-150x300.jpg"},{"@type":"BreadcrumbList","@id":"https:\/\/lospoliticosveracruz.com\/?p=95706#breadcrumb","itemListElement":[{"@type":"ListItem","position":1,"name":"Portada","item":"https:\/\/lospoliticosveracruz.com\/"},{"@type":"ListItem","position":2,"name":"EL ORFIS Y \u00abLOS OTROS\u00bb DEL PAN"}]},{"@type":"WebSite","@id":"https:\/\/lospoliticosveracruz.com\/#website","url":"https:\/\/lospoliticosveracruz.com\/","name":"Los pol\u00edticos Veracruz","description":"","publisher":{"@id":"https:\/\/lospoliticosveracruz.com\/#organization"},"potentialAction":[{"@type":"SearchAction","target":{"@type":"EntryPoint","urlTemplate":"https:\/\/lospoliticosveracruz.com\/?s={search_term_string}"},"query-input":{"@type":"PropertyValueSpecification","valueRequired":true,"valueName":"search_term_string"}}],"inLanguage":"es"},{"@type":"Organization","@id":"https:\/\/lospoliticosveracruz.com\/#organization","name":"Los pol\u00edticos Veracruz","url":"https:\/\/lospoliticosveracruz.com\/","logo":{"@type":"ImageObject","inLanguage":"es","@id":"https:\/\/lospoliticosveracruz.com\/#\/schema\/logo\/image\/","url":"https:\/\/lospoliticosveracruz.com\/wp-content\/uploads\/2025\/12\/Logo-Nuevo-LOS-POLITICOS-1.jpg","contentUrl":"https:\/\/lospoliticosveracruz.com\/wp-content\/uploads\/2025\/12\/Logo-Nuevo-LOS-POLITICOS-1.jpg","width":260,"height":70,"caption":"Los pol\u00edticos Veracruz"},"image":{"@id":"https:\/\/lospoliticosveracruz.com\/#\/schema\/logo\/image\/"},"sameAs":["https:\/\/www.facebook.com\/people\/Notimemes-de-los-Polticos\/61565672886568\/","https:\/\/x.com\/LosPoliticosVer"]},{"@type":"Person","@id":"https:\/\/lospoliticosveracruz.com\/#\/schema\/person\/b8702bb0e538456e6efd07080bf2a4a2","name":"Lo viste en Los Pol\u00edticos","image":{"@type":"ImageObject","inLanguage":"es","@id":"https:\/\/secure.gravatar.com\/avatar\/3a8de04a2656d44082be478bd6c086daa447c4651605818287b9532d3d0bd435?s=96&d=mm&r=g","url":"https:\/\/secure.gravatar.com\/avatar\/3a8de04a2656d44082be478bd6c086daa447c4651605818287b9532d3d0bd435?s=96&d=mm&r=g","contentUrl":"https:\/\/secure.gravatar.com\/avatar\/3a8de04a2656d44082be478bd6c086daa447c4651605818287b9532d3d0bd435?s=96&d=mm&r=g","caption":"Lo viste en Los Pol\u00edticos"},"url":"https:\/\/lospoliticosveracruz.com\/?author=2"}]}},"_links":{"self":[{"href":"https:\/\/lospoliticosveracruz.com\/index.php?rest_route=\/wp\/v2\/posts\/95706","targetHints":{"allow":["GET"]}}],"collection":[{"href":"https:\/\/lospoliticosveracruz.com\/index.php?rest_route=\/wp\/v2\/posts"}],"about":[{"href":"https:\/\/lospoliticosveracruz.com\/index.php?rest_route=\/wp\/v2\/types\/post"}],"author":[{"embeddable":true,"href":"https:\/\/lospoliticosveracruz.com\/index.php?rest_route=\/wp\/v2\/users\/2"}],"replies":[{"embeddable":true,"href":"https:\/\/lospoliticosveracruz.com\/index.php?rest_route=%2Fwp%2Fv2%2Fcomments&post=95706"}],"version-history":[{"count":1,"href":"https:\/\/lospoliticosveracruz.com\/index.php?rest_route=\/wp\/v2\/posts\/95706\/revisions"}],"predecessor-version":[{"id":95708,"href":"https:\/\/lospoliticosveracruz.com\/index.php?rest_route=\/wp\/v2\/posts\/95706\/revisions\/95708"}],"wp:attachment":[{"href":"https:\/\/lospoliticosveracruz.com\/index.php?rest_route=%2Fwp%2Fv2%2Fmedia&parent=95706"}],"wp:term":[{"taxonomy":"category","embeddable":true,"href":"https:\/\/lospoliticosveracruz.com\/index.php?rest_route=%2Fwp%2Fv2%2Fcategories&post=95706"},{"taxonomy":"post_tag","embeddable":true,"href":"https:\/\/lospoliticosveracruz.com\/index.php?rest_route=%2Fwp%2Fv2%2Ftags&post=95706"}],"curies":[{"name":"wp","href":"https:\/\/api.w.org\/{rel}","templated":true}]}}