{"id":95714,"date":"2022-09-21T08:31:39","date_gmt":"2022-09-21T13:31:39","guid":{"rendered":"https:\/\/lospoliticosveracruz.com.mx\/?p=95714"},"modified":"2022-09-21T08:31:44","modified_gmt":"2022-09-21T13:31:44","slug":"esclavismo-financiero-herencia-que-dejamos","status":"publish","type":"post","link":"https:\/\/lospoliticosveracruz.com\/?p=95714","title":{"rendered":"ESCLAVISMO FINANCIERO: HERENCIA QUE DEJAMOS"},"content":{"rendered":"\n<p><strong>Rafael Arias Hern\u00e1ndez<br><\/strong><em>Mutatis mutandis<\/em><\/p>\n\n\n\n<p>De entrada, hay que precisar que es indispensable considerar, analizar y decidir siempre, sobre las finanzas p\u00fablicas.<br>Imprescindible considerarlo tema prioritario y someterlo, a verdaderas y aut\u00e9nticas actividades de transparencia, acceso a la informaci\u00f3n p\u00fablica y rendici\u00f3n de cuentas, as\u00ed como asegurar en forma permanente en cada caso, seguimiento, control y fiscalizaci\u00f3n. Todo ello, con una garantizada participaci\u00f3n, evaluaci\u00f3n y Contralor\u00eda ciudadana y social.<br>D\u00edgase lo que se diga, la deuda p\u00fablica aumenta y se debe m\u00e1s y m\u00e1s.<br>El colmo, es la obstinaci\u00f3n enfermiza de negar la realidad, aunque se pruebe y compruebe que crece y crece el tama\u00f1o del da\u00f1o.<br>Una y otra vez, los vemos intentar ocultar lo inocultable y negar que sigue aumentando lo que se debe. Simulaci\u00f3n, distracci\u00f3n y encubrimiento pretenden ignorar o minimizar una realidad que ya pesa demasiado, tan solo el \u00e1mbito federal para 2022, en deuda p\u00fablica financiera se habla de un monto aproximado de 14 billones de pesos, hay que actualizar y analizar los \u00e1mbitos estatal y municipal, as\u00ed como lo correspondiente a organismos descentralizados, como PEMEX Y CEFE, que ya son un esc\u00e1ndalo.<br>El problema es que el da\u00f1o no se detiene, de presupuesto en presupuesto, en muchas formas se constata, la existencia de una mala y peor administraci\u00f3n p\u00fablica, una y otra vez recurren a lo usual: gastar de m\u00e1s, caer en d\u00e9ficit, pedir prestado, endeudarse m\u00e1s e insistir en incrementar la deuda p\u00fablica.<br>Vieja actitud heredada por costumbre de una mala pr\u00e1ctica, de \u201cpatear el bote\u201d, de pasar el problema a otros que vienen, a los que integran futuras generaciones, en particular los que todav\u00eda no nacen, pero que ya deben, que ya est\u00e1n endeudados de por vida.<br>Para tener presente y dar su importancia a la persistencia del da\u00f1o, se podr\u00eda empezar, con se\u00f1alar algo de lo que se ha vuelto costumbre y forma de ocultar y distraer, esto es no decir y hacer p\u00fablico cu\u00e1l es el verdadero tama\u00f1o del da\u00f1o. \u00bfCu\u00e1l es el total-total de todo lo que se debe, a que plazos y costos, y su composici\u00f3n?<br>Hay que se\u00f1alar tambi\u00e9n que, para distraer y no resaltar la verdadera magnitud del problema, es costumbre referirse a ella y supuestamente medirla compar\u00e1ndola con otra variable, tambi\u00e9n en crecimiento. Incluso, es frecuente recurrir a comparaciones y referencias, como el porcentaje del presupuesto o del PIB, con otro deudor parecido o incluso, compararla con cualquier otro tema.<br>Lo cierto es que la deuda no s\u00f3lo est\u00e1 afectando el crecimiento econ\u00f3mico y al gobierno federal, sino lo que tambi\u00e9n es importante, es que est\u00e1 afectando las d\u00e9biles y quebradas administraciones gubernamentales tanto municipales como estatales.<br>La deuda p\u00fablica total es lo que est\u00e1 caracterizando y haciendo a los malos gobiernos, peores.<br>Del ma\u00f1ana te pago, hemos pasado al sistema de \u201cpaguitos\u201d. Excepciones aparte, no hay dependencia y municipio que no deba o que no est\u00e9 endeudado.<br>Perm\u00edtaseme decirlo de otra forma, breve y directo:<br>Primero: el excesivo e imparable endeudamiento, ocasiona limitaciones, sacrificios y cancelaciones, ya que el resultado es que para atender las prioritarias necesidades sociales y los urgentes problemas de la poblaci\u00f3n no hay recursos, pues se acab\u00f3 el presupuesto.<br>Eso s\u00ed, tambi\u00e9n debe decirse, que en muchos casos se endeuda para auto atenderse, para favorecer a los que administran los recursos p\u00fablicos; para ellos, usualmente no hay problema y sigue el gastadero, incluido lo destinado para la autopromoci\u00f3n, para beneficiar a los cuates socios y c\u00f3mplices. Tampoco hay austeridad para los espect\u00e1culos, que cuentan en muchas formas con el apoyo forzoso de empleados gubernamentales,<br>Segundo, endeudar y renegociar la deuda p\u00fablica esconde utilidades y beneficios, para quienes manejan tr\u00e1mites y negociaciones de nuevas reestructuraciones.<br>Y tercero, abierto el juego poco o nada importa que a las futuras generaciones se les obligue y nazcan endeudados, debiendo algo que no pidieron ni se beneficiaron con ello.<br>Por eso es necesario insistir e insistir. Vemos lo que se nos ense\u00f1\u00f3 a ver. Ciegos, sordos y mudos ignoramos, en todo o en parte, una realidad que se repite ante nuestra insensible, limitada y enajenada percepci\u00f3n. Pero la culpa no es de la realidad. La responsabilidad es nuestra que, en la mayor\u00eda de los casos, ignoramos y desatendemos los problemas, deformamos y manipulamos sus signos, lenguajes y mensajes que nos est\u00e1n diciendo, de muchas formas, que el o los problemas al no atenderse no se resuelven y, m\u00e1s bien, se complican y crecen, hasta desbordarse y rebasar los conocidos y acostumbrados l\u00edmites de presencia o tolerancia, hasta convertirse en inocultable e imparable reclamo y justificada inconformidad social.<br>Todo asunto p\u00fablico exige informaci\u00f3n y comprensi\u00f3n amplias y permanentes, para su correcto y actual entendimiento y atenci\u00f3n. Inadmisible ignorar o minimizar, desentender o desaprovechar sus potencialidades y oportunidades, presentes y futuras.<br>No es, ni debe ser posible, aceptar y permitir que quienes asuman las responsabilidades y obligaciones gubernamentales o p\u00fablicas, desconozcan, ignoren o no entiendan su realidad y lo que sucede, ni sus causas y consecuencias, como el agravamiento y ampliaci\u00f3n de problemas y conflictos sociales, prioritarios que atender y resolver.<br>En M\u00e9xico, en deuda p\u00fablica, el que la hace no la paga.<\/p>\n\n\n\n<p>-Academico.IIESESUV @RafaelAriasH,Facebook:VeracruzHoydeRafaelAriasH<\/p>\n","protected":false},"excerpt":{"rendered":"<p>Rafael Arias Hern\u00e1ndezMutatis mutandis De entrada, hay que precisar que es indispensable considerar, analizar y decidir siempre, sobre las finanzas p\u00fablicas.Imprescindible considerarlo tema prioritario y someterlo, a verdaderas y aut\u00e9nticas actividades de transparencia, acceso a la informaci\u00f3n p\u00fablica y rendici\u00f3n de cuentas, as\u00ed como asegurar en forma permanente en cada caso, seguimiento, control y fiscalizaci\u00f3n. [&hellip;]<\/p>\n","protected":false},"author":2,"featured_media":0,"comment_status":"closed","ping_status":"closed","sticky":false,"template":"","format":"standard","meta":{"tdm_status":"","tdm_grid_status":"","footnotes":""},"categories":[70],"tags":[111,8032,1067],"class_list":{"0":"post-95714","1":"post","2":"type-post","3":"status-publish","4":"format-standard","6":"category-de-opinion","7":"tag-finanzas","8":"tag-rafael-arias-hernandez","9":"tag-transparencia"},"yoast_head":"<!-- This site is optimized with the Yoast SEO plugin v27.4 - https:\/\/yoast.com\/product\/yoast-seo-wordpress\/ -->\n<title>ESCLAVISMO FINANCIERO: HERENCIA QUE DEJAMOS - Los pol\u00edticos Veracruz<\/title>\n<meta name=\"robots\" content=\"index, follow, max-snippet:-1, max-image-preview:large, max-video-preview:-1\" \/>\n<link rel=\"canonical\" href=\"https:\/\/lospoliticosveracruz.com\/?p=95714\" \/>\n<meta property=\"og:locale\" content=\"es_ES\" \/>\n<meta property=\"og:type\" content=\"article\" \/>\n<meta property=\"og:title\" content=\"ESCLAVISMO FINANCIERO: HERENCIA QUE DEJAMOS - Los pol\u00edticos Veracruz\" \/>\n<meta property=\"og:description\" content=\"Rafael Arias Hern\u00e1ndezMutatis mutandis De entrada, hay que precisar que es indispensable considerar, analizar y decidir siempre, sobre las finanzas p\u00fablicas.Imprescindible considerarlo tema prioritario y someterlo, a verdaderas y aut\u00e9nticas actividades de transparencia, acceso a la informaci\u00f3n p\u00fablica y rendici\u00f3n de cuentas, as\u00ed como asegurar en forma permanente en cada caso, seguimiento, control y fiscalizaci\u00f3n. [&hellip;]\" \/>\n<meta property=\"og:url\" content=\"https:\/\/lospoliticosveracruz.com\/?p=95714\" \/>\n<meta property=\"og:site_name\" content=\"Los pol\u00edticos Veracruz\" \/>\n<meta property=\"article:publisher\" content=\"https:\/\/www.facebook.com\/people\/Notimemes-de-los-Polticos\/61565672886568\/\" \/>\n<meta property=\"article:published_time\" content=\"2022-09-21T13:31:39+00:00\" \/>\n<meta property=\"article:modified_time\" content=\"2022-09-21T13:31:44+00:00\" \/>\n<meta property=\"og:image\" content=\"https:\/\/lospoliticosveracruz.com\/wp-content\/uploads\/2016\/07\/Logo-Dor.jpg\" \/>\n\t<meta property=\"og:image:width\" content=\"200\" \/>\n\t<meta property=\"og:image:height\" content=\"200\" \/>\n\t<meta property=\"og:image:type\" content=\"image\/jpeg\" \/>\n<meta name=\"author\" content=\"Lo viste en Los Pol\u00edticos\" \/>\n<meta name=\"twitter:card\" content=\"summary_large_image\" \/>\n<meta name=\"twitter:creator\" content=\"@LosPoliticosVer\" \/>\n<meta name=\"twitter:site\" content=\"@LosPoliticosVer\" \/>\n<meta name=\"twitter:label1\" content=\"Escrito por\" \/>\n\t<meta name=\"twitter:data1\" content=\"Lo viste en Los Pol\u00edticos\" \/>\n\t<meta name=\"twitter:label2\" content=\"Tiempo de lectura\" \/>\n\t<meta name=\"twitter:data2\" content=\"5 minutos\" \/>\n<script type=\"application\/ld+json\" class=\"yoast-schema-graph\">{\"@context\":\"https:\\\/\\\/schema.org\",\"@graph\":[{\"@type\":\"Article\",\"@id\":\"https:\\\/\\\/lospoliticosveracruz.com\\\/?p=95714#article\",\"isPartOf\":{\"@id\":\"https:\\\/\\\/lospoliticosveracruz.com\\\/?p=95714\"},\"author\":{\"name\":\"Lo viste en Los Pol\u00edticos\",\"@id\":\"https:\\\/\\\/lospoliticosveracruz.com\\\/#\\\/schema\\\/person\\\/b8702bb0e538456e6efd07080bf2a4a2\"},\"headline\":\"ESCLAVISMO FINANCIERO: HERENCIA QUE DEJAMOS\",\"datePublished\":\"2022-09-21T13:31:39+00:00\",\"dateModified\":\"2022-09-21T13:31:44+00:00\",\"mainEntityOfPage\":{\"@id\":\"https:\\\/\\\/lospoliticosveracruz.com\\\/?p=95714\"},\"wordCount\":936,\"publisher\":{\"@id\":\"https:\\\/\\\/lospoliticosveracruz.com\\\/#organization\"},\"keywords\":[\"Finanzas\",\"Rafael Arias Hern\u00e1ndez\",\"transparencia\"],\"articleSection\":[\"De Opini\u00f3n\"],\"inLanguage\":\"es\"},{\"@type\":\"WebPage\",\"@id\":\"https:\\\/\\\/lospoliticosveracruz.com\\\/?p=95714\",\"url\":\"https:\\\/\\\/lospoliticosveracruz.com\\\/?p=95714\",\"name\":\"ESCLAVISMO FINANCIERO: HERENCIA QUE DEJAMOS - Los pol\u00edticos Veracruz\",\"isPartOf\":{\"@id\":\"https:\\\/\\\/lospoliticosveracruz.com\\\/#website\"},\"datePublished\":\"2022-09-21T13:31:39+00:00\",\"dateModified\":\"2022-09-21T13:31:44+00:00\",\"breadcrumb\":{\"@id\":\"https:\\\/\\\/lospoliticosveracruz.com\\\/?p=95714#breadcrumb\"},\"inLanguage\":\"es\",\"potentialAction\":[{\"@type\":\"ReadAction\",\"target\":[\"https:\\\/\\\/lospoliticosveracruz.com\\\/?p=95714\"]}]},{\"@type\":\"BreadcrumbList\",\"@id\":\"https:\\\/\\\/lospoliticosveracruz.com\\\/?p=95714#breadcrumb\",\"itemListElement\":[{\"@type\":\"ListItem\",\"position\":1,\"name\":\"Portada\",\"item\":\"https:\\\/\\\/lospoliticosveracruz.com\\\/\"},{\"@type\":\"ListItem\",\"position\":2,\"name\":\"ESCLAVISMO FINANCIERO: HERENCIA QUE DEJAMOS\"}]},{\"@type\":\"WebSite\",\"@id\":\"https:\\\/\\\/lospoliticosveracruz.com\\\/#website\",\"url\":\"https:\\\/\\\/lospoliticosveracruz.com\\\/\",\"name\":\"Los pol\u00edticos Veracruz\",\"description\":\"\",\"publisher\":{\"@id\":\"https:\\\/\\\/lospoliticosveracruz.com\\\/#organization\"},\"potentialAction\":[{\"@type\":\"SearchAction\",\"target\":{\"@type\":\"EntryPoint\",\"urlTemplate\":\"https:\\\/\\\/lospoliticosveracruz.com\\\/?s={search_term_string}\"},\"query-input\":{\"@type\":\"PropertyValueSpecification\",\"valueRequired\":true,\"valueName\":\"search_term_string\"}}],\"inLanguage\":\"es\"},{\"@type\":\"Organization\",\"@id\":\"https:\\\/\\\/lospoliticosveracruz.com\\\/#organization\",\"name\":\"Los pol\u00edticos Veracruz\",\"url\":\"https:\\\/\\\/lospoliticosveracruz.com\\\/\",\"logo\":{\"@type\":\"ImageObject\",\"inLanguage\":\"es\",\"@id\":\"https:\\\/\\\/lospoliticosveracruz.com\\\/#\\\/schema\\\/logo\\\/image\\\/\",\"url\":\"https:\\\/\\\/lospoliticosveracruz.com\\\/wp-content\\\/uploads\\\/2025\\\/12\\\/Logo-Nuevo-LOS-POLITICOS-1.jpg\",\"contentUrl\":\"https:\\\/\\\/lospoliticosveracruz.com\\\/wp-content\\\/uploads\\\/2025\\\/12\\\/Logo-Nuevo-LOS-POLITICOS-1.jpg\",\"width\":260,\"height\":70,\"caption\":\"Los pol\u00edticos Veracruz\"},\"image\":{\"@id\":\"https:\\\/\\\/lospoliticosveracruz.com\\\/#\\\/schema\\\/logo\\\/image\\\/\"},\"sameAs\":[\"https:\\\/\\\/www.facebook.com\\\/people\\\/Notimemes-de-los-Polticos\\\/61565672886568\\\/\",\"https:\\\/\\\/x.com\\\/LosPoliticosVer\"]},{\"@type\":\"Person\",\"@id\":\"https:\\\/\\\/lospoliticosveracruz.com\\\/#\\\/schema\\\/person\\\/b8702bb0e538456e6efd07080bf2a4a2\",\"name\":\"Lo viste en Los Pol\u00edticos\",\"image\":{\"@type\":\"ImageObject\",\"inLanguage\":\"es\",\"@id\":\"https:\\\/\\\/secure.gravatar.com\\\/avatar\\\/3a8de04a2656d44082be478bd6c086daa447c4651605818287b9532d3d0bd435?s=96&d=mm&r=g\",\"url\":\"https:\\\/\\\/secure.gravatar.com\\\/avatar\\\/3a8de04a2656d44082be478bd6c086daa447c4651605818287b9532d3d0bd435?s=96&d=mm&r=g\",\"contentUrl\":\"https:\\\/\\\/secure.gravatar.com\\\/avatar\\\/3a8de04a2656d44082be478bd6c086daa447c4651605818287b9532d3d0bd435?s=96&d=mm&r=g\",\"caption\":\"Lo viste en Los Pol\u00edticos\"},\"url\":\"https:\\\/\\\/lospoliticosveracruz.com\\\/?author=2\"}]}<\/script>\n<!-- \/ Yoast SEO plugin. -->","yoast_head_json":{"title":"ESCLAVISMO FINANCIERO: HERENCIA QUE DEJAMOS - Los pol\u00edticos Veracruz","robots":{"index":"index","follow":"follow","max-snippet":"max-snippet:-1","max-image-preview":"max-image-preview:large","max-video-preview":"max-video-preview:-1"},"canonical":"https:\/\/lospoliticosveracruz.com\/?p=95714","og_locale":"es_ES","og_type":"article","og_title":"ESCLAVISMO FINANCIERO: HERENCIA QUE DEJAMOS - Los pol\u00edticos Veracruz","og_description":"Rafael Arias Hern\u00e1ndezMutatis mutandis De entrada, hay que precisar que es indispensable considerar, analizar y decidir siempre, sobre las finanzas p\u00fablicas.Imprescindible considerarlo tema prioritario y someterlo, a verdaderas y aut\u00e9nticas actividades de transparencia, acceso a la informaci\u00f3n p\u00fablica y rendici\u00f3n de cuentas, as\u00ed como asegurar en forma permanente en cada caso, seguimiento, control y fiscalizaci\u00f3n. [&hellip;]","og_url":"https:\/\/lospoliticosveracruz.com\/?p=95714","og_site_name":"Los pol\u00edticos Veracruz","article_publisher":"https:\/\/www.facebook.com\/people\/Notimemes-de-los-Polticos\/61565672886568\/","article_published_time":"2022-09-21T13:31:39+00:00","article_modified_time":"2022-09-21T13:31:44+00:00","og_image":[{"width":200,"height":200,"url":"https:\/\/lospoliticosveracruz.com\/wp-content\/uploads\/2016\/07\/Logo-Dor.jpg","type":"image\/jpeg"}],"author":"Lo viste en Los Pol\u00edticos","twitter_card":"summary_large_image","twitter_creator":"@LosPoliticosVer","twitter_site":"@LosPoliticosVer","twitter_misc":{"Escrito por":"Lo viste en Los Pol\u00edticos","Tiempo de lectura":"5 minutos"},"schema":{"@context":"https:\/\/schema.org","@graph":[{"@type":"Article","@id":"https:\/\/lospoliticosveracruz.com\/?p=95714#article","isPartOf":{"@id":"https:\/\/lospoliticosveracruz.com\/?p=95714"},"author":{"name":"Lo viste en Los Pol\u00edticos","@id":"https:\/\/lospoliticosveracruz.com\/#\/schema\/person\/b8702bb0e538456e6efd07080bf2a4a2"},"headline":"ESCLAVISMO FINANCIERO: HERENCIA QUE DEJAMOS","datePublished":"2022-09-21T13:31:39+00:00","dateModified":"2022-09-21T13:31:44+00:00","mainEntityOfPage":{"@id":"https:\/\/lospoliticosveracruz.com\/?p=95714"},"wordCount":936,"publisher":{"@id":"https:\/\/lospoliticosveracruz.com\/#organization"},"keywords":["Finanzas","Rafael Arias Hern\u00e1ndez","transparencia"],"articleSection":["De Opini\u00f3n"],"inLanguage":"es"},{"@type":"WebPage","@id":"https:\/\/lospoliticosveracruz.com\/?p=95714","url":"https:\/\/lospoliticosveracruz.com\/?p=95714","name":"ESCLAVISMO FINANCIERO: HERENCIA QUE DEJAMOS - Los pol\u00edticos Veracruz","isPartOf":{"@id":"https:\/\/lospoliticosveracruz.com\/#website"},"datePublished":"2022-09-21T13:31:39+00:00","dateModified":"2022-09-21T13:31:44+00:00","breadcrumb":{"@id":"https:\/\/lospoliticosveracruz.com\/?p=95714#breadcrumb"},"inLanguage":"es","potentialAction":[{"@type":"ReadAction","target":["https:\/\/lospoliticosveracruz.com\/?p=95714"]}]},{"@type":"BreadcrumbList","@id":"https:\/\/lospoliticosveracruz.com\/?p=95714#breadcrumb","itemListElement":[{"@type":"ListItem","position":1,"name":"Portada","item":"https:\/\/lospoliticosveracruz.com\/"},{"@type":"ListItem","position":2,"name":"ESCLAVISMO FINANCIERO: HERENCIA QUE DEJAMOS"}]},{"@type":"WebSite","@id":"https:\/\/lospoliticosveracruz.com\/#website","url":"https:\/\/lospoliticosveracruz.com\/","name":"Los pol\u00edticos Veracruz","description":"","publisher":{"@id":"https:\/\/lospoliticosveracruz.com\/#organization"},"potentialAction":[{"@type":"SearchAction","target":{"@type":"EntryPoint","urlTemplate":"https:\/\/lospoliticosveracruz.com\/?s={search_term_string}"},"query-input":{"@type":"PropertyValueSpecification","valueRequired":true,"valueName":"search_term_string"}}],"inLanguage":"es"},{"@type":"Organization","@id":"https:\/\/lospoliticosveracruz.com\/#organization","name":"Los pol\u00edticos Veracruz","url":"https:\/\/lospoliticosveracruz.com\/","logo":{"@type":"ImageObject","inLanguage":"es","@id":"https:\/\/lospoliticosveracruz.com\/#\/schema\/logo\/image\/","url":"https:\/\/lospoliticosveracruz.com\/wp-content\/uploads\/2025\/12\/Logo-Nuevo-LOS-POLITICOS-1.jpg","contentUrl":"https:\/\/lospoliticosveracruz.com\/wp-content\/uploads\/2025\/12\/Logo-Nuevo-LOS-POLITICOS-1.jpg","width":260,"height":70,"caption":"Los pol\u00edticos Veracruz"},"image":{"@id":"https:\/\/lospoliticosveracruz.com\/#\/schema\/logo\/image\/"},"sameAs":["https:\/\/www.facebook.com\/people\/Notimemes-de-los-Polticos\/61565672886568\/","https:\/\/x.com\/LosPoliticosVer"]},{"@type":"Person","@id":"https:\/\/lospoliticosveracruz.com\/#\/schema\/person\/b8702bb0e538456e6efd07080bf2a4a2","name":"Lo viste en Los Pol\u00edticos","image":{"@type":"ImageObject","inLanguage":"es","@id":"https:\/\/secure.gravatar.com\/avatar\/3a8de04a2656d44082be478bd6c086daa447c4651605818287b9532d3d0bd435?s=96&d=mm&r=g","url":"https:\/\/secure.gravatar.com\/avatar\/3a8de04a2656d44082be478bd6c086daa447c4651605818287b9532d3d0bd435?s=96&d=mm&r=g","contentUrl":"https:\/\/secure.gravatar.com\/avatar\/3a8de04a2656d44082be478bd6c086daa447c4651605818287b9532d3d0bd435?s=96&d=mm&r=g","caption":"Lo viste en Los Pol\u00edticos"},"url":"https:\/\/lospoliticosveracruz.com\/?author=2"}]}},"_links":{"self":[{"href":"https:\/\/lospoliticosveracruz.com\/index.php?rest_route=\/wp\/v2\/posts\/95714","targetHints":{"allow":["GET"]}}],"collection":[{"href":"https:\/\/lospoliticosveracruz.com\/index.php?rest_route=\/wp\/v2\/posts"}],"about":[{"href":"https:\/\/lospoliticosveracruz.com\/index.php?rest_route=\/wp\/v2\/types\/post"}],"author":[{"embeddable":true,"href":"https:\/\/lospoliticosveracruz.com\/index.php?rest_route=\/wp\/v2\/users\/2"}],"replies":[{"embeddable":true,"href":"https:\/\/lospoliticosveracruz.com\/index.php?rest_route=%2Fwp%2Fv2%2Fcomments&post=95714"}],"version-history":[{"count":1,"href":"https:\/\/lospoliticosveracruz.com\/index.php?rest_route=\/wp\/v2\/posts\/95714\/revisions"}],"predecessor-version":[{"id":95716,"href":"https:\/\/lospoliticosveracruz.com\/index.php?rest_route=\/wp\/v2\/posts\/95714\/revisions\/95716"}],"wp:attachment":[{"href":"https:\/\/lospoliticosveracruz.com\/index.php?rest_route=%2Fwp%2Fv2%2Fmedia&parent=95714"}],"wp:term":[{"taxonomy":"category","embeddable":true,"href":"https:\/\/lospoliticosveracruz.com\/index.php?rest_route=%2Fwp%2Fv2%2Fcategories&post=95714"},{"taxonomy":"post_tag","embeddable":true,"href":"https:\/\/lospoliticosveracruz.com\/index.php?rest_route=%2Fwp%2Fv2%2Ftags&post=95714"}],"curies":[{"name":"wp","href":"https:\/\/api.w.org\/{rel}","templated":true}]}}