{"id":95717,"date":"2022-09-21T08:39:20","date_gmt":"2022-09-21T13:39:20","guid":{"rendered":"https:\/\/lospoliticosveracruz.com.mx\/?p=95717"},"modified":"2022-09-21T08:52:52","modified_gmt":"2022-09-21T13:52:52","slug":"el-agresor-de-orizaba","status":"publish","type":"post","link":"https:\/\/lospoliticosveracruz.com\/?p=95717","title":{"rendered":"EL AGRESOR DE ORIZABA"},"content":{"rendered":"\n<p><\/p>\n\n\n\n<p><\/p>\n\n\n\n<p><strong>Omar Z\u00fa\u00f1iga<\/strong><\/p>\n\n\n\n<p><em>De Primera Mano<\/em><\/p>\n\n\n\n<p><\/p>\n\n\n\n<p>Este fin de semana patrio se realiz\u00f3 un nuevo \u201cincidente\u201d a manos de un junior en Veracruz.<br>Con este, sumar\u00edan tres eventos de especial importancia \u2013medi\u00e1tica al menos-, pues todos los d\u00edas lamentablemente hay eventos de esta naturaleza en la geograf\u00eda veracruzana.<br>El primero en Xalapa a finales de los a\u00f1os 90, con la tristemente c\u00e9lebre banda de Los Porkys, integrada por j\u00f3venes que actuaban al cobijo de familias pudientes y padres que eran funcionarios del gobierno de Miguel Alem\u00e1n, que mataron a golpes al joven Manlio Humberto Palomeque afuera del sal\u00f3n de fiestas del Edificio Hakim. Los responsables, algunos siguen pr\u00f3fugos y otros beneficiados con sentencias reducidas y fuera de prisi\u00f3n.<\/p>\n\n\n\n<figure class=\"wp-block-image size-full\"><a href=\"https:\/\/lospoliticosveracruz.com.mx\/wp-content\/uploads\/2022\/05\/Seguro-Julio-Cerecedo.jpg\"><img decoding=\"async\" src=\"https:\/\/lospoliticosveracruz.com.mx\/wp-content\/uploads\/2022\/05\/Seguro-Julio-Cerecedo.jpg\" alt=\"\" class=\"wp-image-90414\"\/><\/a><\/figure>\n\n\n\n<p><br>El segundo caso \u2013en referencia al primero- fue conocido como Los Porkys de Costa de Oro, en el gobierno de Javier Duarte, donde unos j\u00f3venes igualmente hijos de padres con poder adquisitivo y\/o pol\u00edtico, fueron acusados de violar a una joven que result\u00f3 menor de edad. El resultado \u2013con muchos asegunes- fue el mismo, unos pr\u00f3fugos, otros libres, aunque se supone que el directamente responsable sigue purgando su sentencia, insisto, con muchos asegunes, pues conoc\u00ed el caso De Primera Mano.<br>El tercero, fue el de este fin de semana, el patrio, donde se supone que todo mundo en nuestro pa\u00eds deber\u00eda festejar, aqu\u00ed s\u00ed aplicar\u00eda el \u201cabrazos no madrazos\u201d, donde un joven, hijo de un poderoso empresario arrocero de Orizaba, golpe\u00f3 al hijo de un abogado (qu\u00edtele los nombres para no influir en su \u00e1nimo) en un antro, despu\u00e9s de estarlo atosigando previamente en una fiesta.<br>Seg\u00fan testigos, el agresor lleg\u00f3 a \u201cdescontar\u201d al otro muchacho, a quien noque\u00f3 y as\u00ed, en indefensi\u00f3n, lo sigui\u00f3 golpeando inerte, en el piso, como quien golpea un saco.<br>El resultado, los gorilas del antro botaron al muchacho \u2013que lleg\u00f3 solo &#8211; inconsciente sobre la banqueta y ah\u00ed lo hubieran abandonado, de no ser porque en ese momento lleg\u00f3 uno de los acompa\u00f1antes del joven golpeado y pudieron llevarlo a un hospital, el resto ya ha sido publicado en diversos medios.<br>Lo relevante es que el joven agredido tuvo que ser sometido a una cirug\u00eda en la que los m\u00e9dicos debieron poner una placa de titanio en la cara, dada la gravedad de la fractura que compromet\u00eda el ojo; no fue pues, solamente unos madrazos y ya, como han querido hacer creer algunas personas, fue una agresi\u00f3n directa con todas las agravantes, pues adem\u00e1s el joven \u2013que cuenta apenas 20 a\u00f1os de edad- es diestro en artes marciales, sabe hacer da\u00f1o pues, adem\u00e1s que en sus redes publica sin mesura, fotograf\u00edas con \u201cuniforme de campa\u00f1a\u201d, posando con animales muertos, reci\u00e9n cazados.<br>Hubo denuncia de por medio y luego de conocerse, ayer trascendi\u00f3 que los padres del agresor, Pedro Schettino y Lizette Rodr\u00edguez, ya habr\u00edan sacado del pa\u00eds \u2013a Espa\u00f1a para variar- a quien ya es conocido como el Porky de Orizaba, para tratar de evadir la acci\u00f3n de la justicia, versi\u00f3n que de ser confirmada por las autoridades ministeriales, podr\u00edan correr la misma suerte que los padres de Marlon Botas, imputado por el homicidio de Monse, ac\u00e1 mismo, en Veracruz, que fueron a parar a una fr\u00eda celda por el delito de encubrimiento.<br>Mal har\u00edan esos padres en no dejar que su hijo crezca, madure y se haga responsable de sus actos, pues se corre el riesgo real de criar a un soci\u00f3pata.<br>Esperemos pues, que por un lado se castigue al responsable, y por el otro que no haya consecuencias graves.<\/p>\n\n\n\n<hr class=\"wp-block-separator has-alpha-channel-opacity\"\/>\n\n\n\n<p>La magistrada Concepci\u00f3n Flores Saviaga, que hace poco fue literalmente desalojada de su oficina en el Tribunal Superior de Justicia, cual vil desahucio, ha emprendido desde hace un buen rato, una campa\u00f1a que ha sido interpretada en contra del TSJ, nada m\u00e1s equivocado\u2026<br>A manera de contexto, a Flores Saviaga la \u201cdieron de baja\u201d, al haber cumplido 70 a\u00f1os de edad, uno de lo supuestos en que los magistrados deben retirarse del servicio, sin embargo, explic\u00f3 en reuni\u00f3n con el Grupo de los 10, que a ella no le pueden aplicar este supuesto, pues entr\u00f3 al TSJ con car\u00e1cter de \u201cinamovible\u201d, a diferencia por ejemplo, de la magistrada presidenta Isabel In\u00e9s Romero Cruz, cuyo periodo es de 10 a\u00f1os, pero que gracias a la simpat\u00eda que tiene del gobernador Cuitl\u00e1huac Garc\u00eda, el Congreso le dispens\u00f3 la edad que cumpli\u00f3 en febrero y terminar\u00e1 su periodo al frente del Poder Judicial, es decir, de entrada, la ley que imparten los impartidores de justicia, es selectiva.<br>Pero, explic\u00f3 Flores Saviaga, que m\u00e1s all\u00e1 de aferrarse al puesto, esta campa\u00f1a, su lucha, es por la justicia, porque adem\u00e1s es una lucha que lleva sola, ninguno de sus compa\u00f1eros se han manifestado p\u00fablicamente lo que en secreto le dicen.<br>\u201cLuchar\u00e9 sola, pero el Estado de derecho no lo podemos soslayar. Se tiene que respetar; si nosotros los juristas no hacemos algo, \u00bfqui\u00e9n lo va a hacer? \u2013se pregunta-\u201d, y la respuesta parece ser el silencio.<br>A ella no le incomoda, pues en su propia voz est\u00e1 \u201cdispuesta a llegar hasta las instancias internacionales, porque tengo la raz\u00f3n. Los dem\u00e1s (magistrados) tienen miedo, pero yo les quiero decir a ustedes que yo fui hecha, como dice la Biblia, para esta guerra, porque quien no litiga contra el Estado, no tiene una estrategia y ellos, no la tienen\u201d. Uuuffff.<\/p>\n\n\n\n<p>\u00a1Qu\u00e9 barbaridad!<br>deprimera.mano2020@gmail.com<\/p>\n","protected":false},"excerpt":{"rendered":"<p>Omar Z\u00fa\u00f1iga De Primera Mano Este fin de semana patrio se realiz\u00f3 un nuevo \u201cincidente\u201d a manos de un junior en Veracruz.Con este, sumar\u00edan tres eventos de especial importancia \u2013medi\u00e1tica al menos-, pues todos los d\u00edas lamentablemente hay eventos de esta naturaleza en la geograf\u00eda veracruzana.El primero en Xalapa a finales de los a\u00f1os 90, [&hellip;]<\/p>\n","protected":false},"author":2,"featured_media":0,"comment_status":"closed","ping_status":"closed","sticky":false,"template":"","format":"standard","meta":{"tdm_status":"","tdm_grid_status":"","footnotes":""},"categories":[70],"tags":[15620,35289,35287,30464,1639,35288,35290],"class_list":{"0":"post-95717","1":"post","2":"type-post","3":"status-publish","4":"format-standard","6":"category-de-opinion","7":"tag-isabel-ines-romero-cruz","8":"tag-lizette-rodriguez","9":"tag-los-porkys-de-costa-de-oro","10":"tag-marlon-botas","11":"tag-orizaba","12":"tag-pedro-schettino","13":"tag-porky-de-orizaba"},"yoast_head":"<!-- This site is optimized with the Yoast SEO plugin v27.4 - https:\/\/yoast.com\/product\/yoast-seo-wordpress\/ -->\n<title>EL AGRESOR DE ORIZABA - Los pol\u00edticos Veracruz<\/title>\n<meta name=\"robots\" content=\"index, follow, max-snippet:-1, max-image-preview:large, max-video-preview:-1\" \/>\n<link rel=\"canonical\" href=\"https:\/\/lospoliticosveracruz.com\/?p=95717\" \/>\n<meta property=\"og:locale\" content=\"es_ES\" \/>\n<meta property=\"og:type\" content=\"article\" \/>\n<meta property=\"og:title\" content=\"EL AGRESOR DE ORIZABA - Los pol\u00edticos Veracruz\" \/>\n<meta property=\"og:description\" content=\"Omar Z\u00fa\u00f1iga De Primera Mano Este fin de semana patrio se realiz\u00f3 un nuevo \u201cincidente\u201d a manos de un junior en Veracruz.Con este, sumar\u00edan tres eventos de especial importancia \u2013medi\u00e1tica al menos-, pues todos los d\u00edas lamentablemente hay eventos de esta naturaleza en la geograf\u00eda veracruzana.El primero en Xalapa a finales de los a\u00f1os 90, [&hellip;]\" \/>\n<meta property=\"og:url\" content=\"https:\/\/lospoliticosveracruz.com\/?p=95717\" \/>\n<meta property=\"og:site_name\" content=\"Los pol\u00edticos Veracruz\" \/>\n<meta property=\"article:publisher\" content=\"https:\/\/www.facebook.com\/people\/Notimemes-de-los-Polticos\/61565672886568\/\" \/>\n<meta property=\"article:published_time\" content=\"2022-09-21T13:39:20+00:00\" \/>\n<meta property=\"article:modified_time\" content=\"2022-09-21T13:52:52+00:00\" \/>\n<meta property=\"og:image\" content=\"https:\/\/lospoliticosveracruz.com.mx\/wp-content\/uploads\/2022\/05\/Seguro-Julio-Cerecedo.jpg\" \/>\n<meta name=\"author\" content=\"Lo viste en Los Pol\u00edticos\" \/>\n<meta name=\"twitter:card\" content=\"summary_large_image\" \/>\n<meta name=\"twitter:creator\" content=\"@LosPoliticosVer\" \/>\n<meta name=\"twitter:site\" content=\"@LosPoliticosVer\" \/>\n<meta name=\"twitter:label1\" content=\"Escrito por\" \/>\n\t<meta name=\"twitter:data1\" content=\"Lo viste en Los Pol\u00edticos\" \/>\n\t<meta name=\"twitter:label2\" content=\"Tiempo de lectura\" \/>\n\t<meta name=\"twitter:data2\" content=\"5 minutos\" \/>\n<script type=\"application\/ld+json\" class=\"yoast-schema-graph\">{\"@context\":\"https:\\\/\\\/schema.org\",\"@graph\":[{\"@type\":\"Article\",\"@id\":\"https:\\\/\\\/lospoliticosveracruz.com\\\/?p=95717#article\",\"isPartOf\":{\"@id\":\"https:\\\/\\\/lospoliticosveracruz.com\\\/?p=95717\"},\"author\":{\"name\":\"Lo viste en Los Pol\u00edticos\",\"@id\":\"https:\\\/\\\/lospoliticosveracruz.com\\\/#\\\/schema\\\/person\\\/b8702bb0e538456e6efd07080bf2a4a2\"},\"headline\":\"EL AGRESOR DE ORIZABA\",\"datePublished\":\"2022-09-21T13:39:20+00:00\",\"dateModified\":\"2022-09-21T13:52:52+00:00\",\"mainEntityOfPage\":{\"@id\":\"https:\\\/\\\/lospoliticosveracruz.com\\\/?p=95717\"},\"wordCount\":957,\"publisher\":{\"@id\":\"https:\\\/\\\/lospoliticosveracruz.com\\\/#organization\"},\"image\":{\"@id\":\"https:\\\/\\\/lospoliticosveracruz.com\\\/?p=95717#primaryimage\"},\"thumbnailUrl\":\"https:\\\/\\\/lospoliticosveracruz.com.mx\\\/wp-content\\\/uploads\\\/2022\\\/05\\\/Seguro-Julio-Cerecedo.jpg\",\"keywords\":[\"Isabel In\u00e9s Romero Cruz\",\"Lizette Rodr\u00edguez\",\"Los Porkys de Costa de Oro\",\"Marlon Botas\",\"Orizaba\",\"Pedro Schettino\",\"Porky de Orizaba\"],\"articleSection\":[\"De Opini\u00f3n\"],\"inLanguage\":\"es\"},{\"@type\":\"WebPage\",\"@id\":\"https:\\\/\\\/lospoliticosveracruz.com\\\/?p=95717\",\"url\":\"https:\\\/\\\/lospoliticosveracruz.com\\\/?p=95717\",\"name\":\"EL AGRESOR DE ORIZABA - Los pol\u00edticos Veracruz\",\"isPartOf\":{\"@id\":\"https:\\\/\\\/lospoliticosveracruz.com\\\/#website\"},\"primaryImageOfPage\":{\"@id\":\"https:\\\/\\\/lospoliticosveracruz.com\\\/?p=95717#primaryimage\"},\"image\":{\"@id\":\"https:\\\/\\\/lospoliticosveracruz.com\\\/?p=95717#primaryimage\"},\"thumbnailUrl\":\"https:\\\/\\\/lospoliticosveracruz.com.mx\\\/wp-content\\\/uploads\\\/2022\\\/05\\\/Seguro-Julio-Cerecedo.jpg\",\"datePublished\":\"2022-09-21T13:39:20+00:00\",\"dateModified\":\"2022-09-21T13:52:52+00:00\",\"breadcrumb\":{\"@id\":\"https:\\\/\\\/lospoliticosveracruz.com\\\/?p=95717#breadcrumb\"},\"inLanguage\":\"es\",\"potentialAction\":[{\"@type\":\"ReadAction\",\"target\":[\"https:\\\/\\\/lospoliticosveracruz.com\\\/?p=95717\"]}]},{\"@type\":\"ImageObject\",\"inLanguage\":\"es\",\"@id\":\"https:\\\/\\\/lospoliticosveracruz.com\\\/?p=95717#primaryimage\",\"url\":\"https:\\\/\\\/lospoliticosveracruz.com.mx\\\/wp-content\\\/uploads\\\/2022\\\/05\\\/Seguro-Julio-Cerecedo.jpg\",\"contentUrl\":\"https:\\\/\\\/lospoliticosveracruz.com.mx\\\/wp-content\\\/uploads\\\/2022\\\/05\\\/Seguro-Julio-Cerecedo.jpg\"},{\"@type\":\"BreadcrumbList\",\"@id\":\"https:\\\/\\\/lospoliticosveracruz.com\\\/?p=95717#breadcrumb\",\"itemListElement\":[{\"@type\":\"ListItem\",\"position\":1,\"name\":\"Portada\",\"item\":\"https:\\\/\\\/lospoliticosveracruz.com\\\/\"},{\"@type\":\"ListItem\",\"position\":2,\"name\":\"EL AGRESOR DE ORIZABA\"}]},{\"@type\":\"WebSite\",\"@id\":\"https:\\\/\\\/lospoliticosveracruz.com\\\/#website\",\"url\":\"https:\\\/\\\/lospoliticosveracruz.com\\\/\",\"name\":\"Los pol\u00edticos Veracruz\",\"description\":\"\",\"publisher\":{\"@id\":\"https:\\\/\\\/lospoliticosveracruz.com\\\/#organization\"},\"potentialAction\":[{\"@type\":\"SearchAction\",\"target\":{\"@type\":\"EntryPoint\",\"urlTemplate\":\"https:\\\/\\\/lospoliticosveracruz.com\\\/?s={search_term_string}\"},\"query-input\":{\"@type\":\"PropertyValueSpecification\",\"valueRequired\":true,\"valueName\":\"search_term_string\"}}],\"inLanguage\":\"es\"},{\"@type\":\"Organization\",\"@id\":\"https:\\\/\\\/lospoliticosveracruz.com\\\/#organization\",\"name\":\"Los pol\u00edticos Veracruz\",\"url\":\"https:\\\/\\\/lospoliticosveracruz.com\\\/\",\"logo\":{\"@type\":\"ImageObject\",\"inLanguage\":\"es\",\"@id\":\"https:\\\/\\\/lospoliticosveracruz.com\\\/#\\\/schema\\\/logo\\\/image\\\/\",\"url\":\"https:\\\/\\\/lospoliticosveracruz.com\\\/wp-content\\\/uploads\\\/2025\\\/12\\\/Logo-Nuevo-LOS-POLITICOS-1.jpg\",\"contentUrl\":\"https:\\\/\\\/lospoliticosveracruz.com\\\/wp-content\\\/uploads\\\/2025\\\/12\\\/Logo-Nuevo-LOS-POLITICOS-1.jpg\",\"width\":260,\"height\":70,\"caption\":\"Los pol\u00edticos Veracruz\"},\"image\":{\"@id\":\"https:\\\/\\\/lospoliticosveracruz.com\\\/#\\\/schema\\\/logo\\\/image\\\/\"},\"sameAs\":[\"https:\\\/\\\/www.facebook.com\\\/people\\\/Notimemes-de-los-Polticos\\\/61565672886568\\\/\",\"https:\\\/\\\/x.com\\\/LosPoliticosVer\"]},{\"@type\":\"Person\",\"@id\":\"https:\\\/\\\/lospoliticosveracruz.com\\\/#\\\/schema\\\/person\\\/b8702bb0e538456e6efd07080bf2a4a2\",\"name\":\"Lo viste en Los Pol\u00edticos\",\"image\":{\"@type\":\"ImageObject\",\"inLanguage\":\"es\",\"@id\":\"https:\\\/\\\/secure.gravatar.com\\\/avatar\\\/3a8de04a2656d44082be478bd6c086daa447c4651605818287b9532d3d0bd435?s=96&d=mm&r=g\",\"url\":\"https:\\\/\\\/secure.gravatar.com\\\/avatar\\\/3a8de04a2656d44082be478bd6c086daa447c4651605818287b9532d3d0bd435?s=96&d=mm&r=g\",\"contentUrl\":\"https:\\\/\\\/secure.gravatar.com\\\/avatar\\\/3a8de04a2656d44082be478bd6c086daa447c4651605818287b9532d3d0bd435?s=96&d=mm&r=g\",\"caption\":\"Lo viste en Los Pol\u00edticos\"},\"url\":\"https:\\\/\\\/lospoliticosveracruz.com\\\/?author=2\"}]}<\/script>\n<!-- \/ Yoast SEO plugin. -->","yoast_head_json":{"title":"EL AGRESOR DE ORIZABA - Los pol\u00edticos Veracruz","robots":{"index":"index","follow":"follow","max-snippet":"max-snippet:-1","max-image-preview":"max-image-preview:large","max-video-preview":"max-video-preview:-1"},"canonical":"https:\/\/lospoliticosveracruz.com\/?p=95717","og_locale":"es_ES","og_type":"article","og_title":"EL AGRESOR DE ORIZABA - Los pol\u00edticos Veracruz","og_description":"Omar Z\u00fa\u00f1iga De Primera Mano Este fin de semana patrio se realiz\u00f3 un nuevo \u201cincidente\u201d a manos de un junior en Veracruz.Con este, sumar\u00edan tres eventos de especial importancia \u2013medi\u00e1tica al menos-, pues todos los d\u00edas lamentablemente hay eventos de esta naturaleza en la geograf\u00eda veracruzana.El primero en Xalapa a finales de los a\u00f1os 90, [&hellip;]","og_url":"https:\/\/lospoliticosveracruz.com\/?p=95717","og_site_name":"Los pol\u00edticos Veracruz","article_publisher":"https:\/\/www.facebook.com\/people\/Notimemes-de-los-Polticos\/61565672886568\/","article_published_time":"2022-09-21T13:39:20+00:00","article_modified_time":"2022-09-21T13:52:52+00:00","og_image":[{"url":"https:\/\/lospoliticosveracruz.com.mx\/wp-content\/uploads\/2022\/05\/Seguro-Julio-Cerecedo.jpg","type":"","width":"","height":""}],"author":"Lo viste en Los Pol\u00edticos","twitter_card":"summary_large_image","twitter_creator":"@LosPoliticosVer","twitter_site":"@LosPoliticosVer","twitter_misc":{"Escrito por":"Lo viste en Los Pol\u00edticos","Tiempo de lectura":"5 minutos"},"schema":{"@context":"https:\/\/schema.org","@graph":[{"@type":"Article","@id":"https:\/\/lospoliticosveracruz.com\/?p=95717#article","isPartOf":{"@id":"https:\/\/lospoliticosveracruz.com\/?p=95717"},"author":{"name":"Lo viste en Los Pol\u00edticos","@id":"https:\/\/lospoliticosveracruz.com\/#\/schema\/person\/b8702bb0e538456e6efd07080bf2a4a2"},"headline":"EL AGRESOR DE ORIZABA","datePublished":"2022-09-21T13:39:20+00:00","dateModified":"2022-09-21T13:52:52+00:00","mainEntityOfPage":{"@id":"https:\/\/lospoliticosveracruz.com\/?p=95717"},"wordCount":957,"publisher":{"@id":"https:\/\/lospoliticosveracruz.com\/#organization"},"image":{"@id":"https:\/\/lospoliticosveracruz.com\/?p=95717#primaryimage"},"thumbnailUrl":"https:\/\/lospoliticosveracruz.com.mx\/wp-content\/uploads\/2022\/05\/Seguro-Julio-Cerecedo.jpg","keywords":["Isabel In\u00e9s Romero Cruz","Lizette Rodr\u00edguez","Los Porkys de Costa de Oro","Marlon Botas","Orizaba","Pedro Schettino","Porky de Orizaba"],"articleSection":["De Opini\u00f3n"],"inLanguage":"es"},{"@type":"WebPage","@id":"https:\/\/lospoliticosveracruz.com\/?p=95717","url":"https:\/\/lospoliticosveracruz.com\/?p=95717","name":"EL AGRESOR DE ORIZABA - Los pol\u00edticos Veracruz","isPartOf":{"@id":"https:\/\/lospoliticosveracruz.com\/#website"},"primaryImageOfPage":{"@id":"https:\/\/lospoliticosveracruz.com\/?p=95717#primaryimage"},"image":{"@id":"https:\/\/lospoliticosveracruz.com\/?p=95717#primaryimage"},"thumbnailUrl":"https:\/\/lospoliticosveracruz.com.mx\/wp-content\/uploads\/2022\/05\/Seguro-Julio-Cerecedo.jpg","datePublished":"2022-09-21T13:39:20+00:00","dateModified":"2022-09-21T13:52:52+00:00","breadcrumb":{"@id":"https:\/\/lospoliticosveracruz.com\/?p=95717#breadcrumb"},"inLanguage":"es","potentialAction":[{"@type":"ReadAction","target":["https:\/\/lospoliticosveracruz.com\/?p=95717"]}]},{"@type":"ImageObject","inLanguage":"es","@id":"https:\/\/lospoliticosveracruz.com\/?p=95717#primaryimage","url":"https:\/\/lospoliticosveracruz.com.mx\/wp-content\/uploads\/2022\/05\/Seguro-Julio-Cerecedo.jpg","contentUrl":"https:\/\/lospoliticosveracruz.com.mx\/wp-content\/uploads\/2022\/05\/Seguro-Julio-Cerecedo.jpg"},{"@type":"BreadcrumbList","@id":"https:\/\/lospoliticosveracruz.com\/?p=95717#breadcrumb","itemListElement":[{"@type":"ListItem","position":1,"name":"Portada","item":"https:\/\/lospoliticosveracruz.com\/"},{"@type":"ListItem","position":2,"name":"EL AGRESOR DE ORIZABA"}]},{"@type":"WebSite","@id":"https:\/\/lospoliticosveracruz.com\/#website","url":"https:\/\/lospoliticosveracruz.com\/","name":"Los pol\u00edticos Veracruz","description":"","publisher":{"@id":"https:\/\/lospoliticosveracruz.com\/#organization"},"potentialAction":[{"@type":"SearchAction","target":{"@type":"EntryPoint","urlTemplate":"https:\/\/lospoliticosveracruz.com\/?s={search_term_string}"},"query-input":{"@type":"PropertyValueSpecification","valueRequired":true,"valueName":"search_term_string"}}],"inLanguage":"es"},{"@type":"Organization","@id":"https:\/\/lospoliticosveracruz.com\/#organization","name":"Los pol\u00edticos Veracruz","url":"https:\/\/lospoliticosveracruz.com\/","logo":{"@type":"ImageObject","inLanguage":"es","@id":"https:\/\/lospoliticosveracruz.com\/#\/schema\/logo\/image\/","url":"https:\/\/lospoliticosveracruz.com\/wp-content\/uploads\/2025\/12\/Logo-Nuevo-LOS-POLITICOS-1.jpg","contentUrl":"https:\/\/lospoliticosveracruz.com\/wp-content\/uploads\/2025\/12\/Logo-Nuevo-LOS-POLITICOS-1.jpg","width":260,"height":70,"caption":"Los pol\u00edticos Veracruz"},"image":{"@id":"https:\/\/lospoliticosveracruz.com\/#\/schema\/logo\/image\/"},"sameAs":["https:\/\/www.facebook.com\/people\/Notimemes-de-los-Polticos\/61565672886568\/","https:\/\/x.com\/LosPoliticosVer"]},{"@type":"Person","@id":"https:\/\/lospoliticosveracruz.com\/#\/schema\/person\/b8702bb0e538456e6efd07080bf2a4a2","name":"Lo viste en Los Pol\u00edticos","image":{"@type":"ImageObject","inLanguage":"es","@id":"https:\/\/secure.gravatar.com\/avatar\/3a8de04a2656d44082be478bd6c086daa447c4651605818287b9532d3d0bd435?s=96&d=mm&r=g","url":"https:\/\/secure.gravatar.com\/avatar\/3a8de04a2656d44082be478bd6c086daa447c4651605818287b9532d3d0bd435?s=96&d=mm&r=g","contentUrl":"https:\/\/secure.gravatar.com\/avatar\/3a8de04a2656d44082be478bd6c086daa447c4651605818287b9532d3d0bd435?s=96&d=mm&r=g","caption":"Lo viste en Los Pol\u00edticos"},"url":"https:\/\/lospoliticosveracruz.com\/?author=2"}]}},"_links":{"self":[{"href":"https:\/\/lospoliticosveracruz.com\/index.php?rest_route=\/wp\/v2\/posts\/95717","targetHints":{"allow":["GET"]}}],"collection":[{"href":"https:\/\/lospoliticosveracruz.com\/index.php?rest_route=\/wp\/v2\/posts"}],"about":[{"href":"https:\/\/lospoliticosveracruz.com\/index.php?rest_route=\/wp\/v2\/types\/post"}],"author":[{"embeddable":true,"href":"https:\/\/lospoliticosveracruz.com\/index.php?rest_route=\/wp\/v2\/users\/2"}],"replies":[{"embeddable":true,"href":"https:\/\/lospoliticosveracruz.com\/index.php?rest_route=%2Fwp%2Fv2%2Fcomments&post=95717"}],"version-history":[{"count":1,"href":"https:\/\/lospoliticosveracruz.com\/index.php?rest_route=\/wp\/v2\/posts\/95717\/revisions"}],"predecessor-version":[{"id":95718,"href":"https:\/\/lospoliticosveracruz.com\/index.php?rest_route=\/wp\/v2\/posts\/95717\/revisions\/95718"}],"wp:attachment":[{"href":"https:\/\/lospoliticosveracruz.com\/index.php?rest_route=%2Fwp%2Fv2%2Fmedia&parent=95717"}],"wp:term":[{"taxonomy":"category","embeddable":true,"href":"https:\/\/lospoliticosveracruz.com\/index.php?rest_route=%2Fwp%2Fv2%2Fcategories&post=95717"},{"taxonomy":"post_tag","embeddable":true,"href":"https:\/\/lospoliticosveracruz.com\/index.php?rest_route=%2Fwp%2Fv2%2Ftags&post=95717"}],"curies":[{"name":"wp","href":"https:\/\/api.w.org\/{rel}","templated":true}]}}