{"id":95769,"date":"2022-09-22T07:39:05","date_gmt":"2022-09-22T12:39:05","guid":{"rendered":"https:\/\/lospoliticosveracruz.com.mx\/?p=95769"},"modified":"2022-09-22T07:39:15","modified_gmt":"2022-09-22T12:39:15","slug":"otra-maestra-asesinada-y-otra-declaracion-soez-y-desafortunada","status":"publish","type":"post","link":"https:\/\/lospoliticosveracruz.com\/?p=95769","title":{"rendered":"OTRA MAESTRA ASESINADA y otra declaraci\u00f3n soez y desafortunada"},"content":{"rendered":"\n<p><\/p>\n\n\n\n<p><br><strong>Bernardo Guti\u00e9rrez Parra<\/strong><br><em>Desde el Caf\u00e9<\/em><\/p>\n\n\n\n<p>La ma\u00f1ana de este mi\u00e9rcoles la maestra Elizabeth Meza Rivera subdirectora de la primaria \u201cAdolfo Ruiz Cortines\u201d, llegaba a su escuela en compa\u00f1\u00eda de su nieto de 7 a\u00f1os cuando fue asesinada a balazos.<\/p>\n\n\n\n<p>A las 7:30 horas una c\u00e1mara de vigilancia capta el momento en que la maestra de 58 a\u00f1os baja de su autom\u00f3vil y es atacada por dos sujetos que iban en una motocicleta. El video muestra al menor salir corriendo del auto pero fue herido en una pierna.<\/p>\n\n\n\n<p>Tambi\u00e9n el mi\u00e9rcoles, el empresario constructor Jorge V\u00e1zquez se dirig\u00eda con su familia al municipio de Hidalgotitl\u00e1n donde tiene su domicilio, cuando una camioneta se le emparej\u00f3 y unos sujetos le dispararon dej\u00e1ndolo herido y matando a su hijita de tres a\u00f1os.<\/p>\n\n\n\n<p>Entrevistado en Boca del R\u00edo, el secretario de Seguridad P\u00fablica Hugo Guti\u00e9rrez Maldonado, dijo lo que ha dicho desde que alguien tuvo el mal tino de nombrarlo para ese cargo: \u201cEstos hechos no van a quedar impunes; tenemos carpetas de investigaci\u00f3n abiertas, traemos ya buenos datos\u201d.<\/p>\n\n\n\n<p>Pero de inmediato solt\u00f3 el comercial: \u201cAyer salieron los resultados (del Sistema Nacional de Seguridad P\u00fablica) y nos encontramos en el lugar 18 en homicidio doloso y los estados que est\u00e1n m\u00e1s adelante son mucho m\u00e1s chicos que Veracruz\u201d.<\/p>\n\n\n\n<p>Y a rengl\u00f3n seguido dijo una soez y desafortunada barbaridad: \u201cNo por un asesinato en un d\u00eda (el de la maestra) vamos a calificar a toda la administraci\u00f3n\u201d.<\/p>\n\n\n\n<p>Por principio de cuentas ayer hubo en Veracruz cuatro asesinatos y no uno, y nadie est\u00e1 calificando al gobierno de Cuitl\u00e1huac Garc\u00eda y a su inepto jefe de polic\u00eda por un asesinato, sino por los casi tres mil ocurridos en lo que va del sexenio, los casi 400 feminicidios, los incontables secuestros y desapariciones, los robos con violencia y los casos de extorsi\u00f3n que suman miles.<\/p>\n\n\n\n<p>Que estemos en el lugar 18 en homicidios dolosos no es para presumir, seguimos siendo un estado violento donde las v\u00edctimas en su gran mayor\u00eda son inocentes como lo fue la ni\u00f1a de tres a\u00f1os.<\/p>\n\n\n\n<p>Tiene rato que la polic\u00eda estatal (y no se diga las polic\u00edas municipales) as\u00ed como la Fiscal\u00eda de la se\u00f1ora Ver\u00f3nica Hern\u00e1ndez Giand\u00e1ns, fueron rebasadas por delincuentes que a plena luz cometen sus cr\u00edmenes y ni quien se les ponga enfrente.<\/p>\n\n\n\n<p>Pero el se\u00f1or Guti\u00e9rrez Maldonado nos brinda una luz de esperanza: \u201cTraemos ya buenos datos\u201d.<\/p>\n\n\n\n<p>Ojal\u00e1 esos \u201cbuenos datos\u201d no lleven a la detenci\u00f3n y condena de inocentes, como la que sufre Yuli Raquel acusada del crimen de la maestra Mar\u00eda Guadalupe Mart\u00ednez Aguilar, rectora de la Universidad Valladolid de Xalapa.<\/p>\n\n\n\n<p>Yuli Raquel fue condenada a 60 a\u00f1os de c\u00e1rcel a pesar de que demostr\u00f3 que el d\u00eda que se cometi\u00f3 el asesinato (29 de junio del 2020), se encontraba a 300 kil\u00f3metros del lugar de los hechos. Tambi\u00e9n demostr\u00f3 que su confesi\u00f3n le fue arrancada tras ser violada y torturada. Sin embargo est\u00e1 en prisi\u00f3n de la que saldr\u00e1 cuando cumpla 91 a\u00f1os.<\/p>\n\n\n\n<p>Sevicias de la autoridad y abusos de poder como el que acabo de relatar am\u00e9n del asesinato de una maestra y de una ni\u00f1a, son los que tienen podridos a los veracruzanos.<\/p>\n\n\n\n<p>Que no te enga\u00f1en lector, la violencia en Veracruz ha alcanzado niveles de pesadilla ante la ineficacia de sus polic\u00edas y la Fiscal\u00eda estatal.<\/p>\n\n\n\n<p>Que no vengan con el cuento de que ocupamos el lugar 18 en homicidios dolosos cuando un d\u00eda cualquiera en cualquier municipio veracruzano, un par de sicarios se pueden trepar a una moto y matar a mansalva a una mujer, a un hombre a un adolescente o a un menor, para despu\u00e9s huir impunemente.<\/p>\n\n\n\n<p><strong>Bernardo Guti\u00e9rrez Parra<\/strong><\/p>\n\n\n\n<p>Por a\u00f1os, las oficinas de la Procuradur\u00eda del Medio Ambiente fueron una invitaci\u00f3n a no visitarlas, entre otras cosas porque el Medio Ambiente nunca fue prioridad de los gobiernos estatales. Eran oficinas l\u00fagubres, mal ventiladas, carentes del mobiliario necesario o con mobiliario viejo donde se api\u00f1aban decenas de trabajadores.<\/p>\n\n\n\n<p>Eso cambi\u00f3 a partir de este martes.<\/p>\n\n\n\n<p>Titulares de organismos aut\u00f3nomos y la plana mayor del gabinete estatal encabezada por el gobernador Cuitl\u00e1huac Garc\u00eda Jim\u00e9nez, se dieron cita en Boca del R\u00edo, para atestiguar la inauguraci\u00f3n del edificio que albergar\u00e1 a la Procuradur\u00eda del Medio Ambiente y el remodelado recinto del Instituto Veracruzano del Deporte. Ambas dependencias cuentan desde ahora con sedes de primer nivel.<\/p>\n\n\n\n<p>La asistencia del gobernador Cuitl\u00e1huac Garc\u00eda cristaliz\u00f3 la convocatoria del titular de la PMA, Sergio Rodr\u00edguez Cort\u00e9s, en un rubro como el Medio Ambiente que como dije al principio de esta nota estaba relegado. El mandatario estatal constat\u00f3 el crecimiento de la dependencia con la inauguraci\u00f3n de sus instalaciones.<\/p>\n\n\n\n<p>El nuevo edificio de la PMA cuenta con cinco pisos para oficinas, auditorio, recepci\u00f3n en planta baja y elevador, adem\u00e1s de muros en la fachada exterior del primer y segundo piso, aire acondicionado, luminarias y sistema el\u00e9ctrico. Alojar\u00e1 tambi\u00e9n las modernas salas de Medicina Deportiva con terapias y atenci\u00f3n para los atletas. Nada que ver con las instalaciones anteriores.<\/p>\n\n\n\n<p>Sergio Rodr\u00edguez resalt\u00f3 el apoyo brindado por el gobernador Cuitl\u00e1huac Garc\u00eda en lo que el propio mandatario llam\u00f3, \u201cla transformaci\u00f3n radical de la pol\u00edtica ambiental de Veracruz\u201d.<\/p>\n\n\n\n<p>Presentes en el evento estuvieron el secretario del Medio Ambiente, Juan Carlos Contreras Bautista; el director general del Instituto Veracruzano del Deporte, Jos\u00e9 Alberto Nava Lozano; la presidenta del Tribunal Superior de Justicia, Isabel In\u00e9s Romero Cruz; el secretario de Finanzas y Planeaci\u00f3n, Jos\u00e9 Luis Lima Franco; el de Infraestructura y Obras P\u00fablicas, Elio Hern\u00e1ndez Guti\u00e9rrez y la jefa de la Oficina de Programa de Gobierno, Waltraud Mart\u00ednez Olvera. Tambi\u00e9n estuvo el titular de la SEV, Zenyazen Escobar Garc\u00eda; de la STPS, Dorheny Garc\u00eda Cayetano y de la SECTUR, Iv\u00e1n Mart\u00ednez Olvera, adem\u00e1s de alcaldes y diputados locales.<\/p>\n\n\n\n<p>bernardogup@hotmail.com<\/p>\n","protected":false},"excerpt":{"rendered":"<p>Bernardo Guti\u00e9rrez ParraDesde el Caf\u00e9 La ma\u00f1ana de este mi\u00e9rcoles la maestra Elizabeth Meza Rivera subdirectora de la primaria \u201cAdolfo Ruiz Cortines\u201d, llegaba a su escuela en compa\u00f1\u00eda de su nieto de 7 a\u00f1os cuando fue asesinada a balazos. A las 7:30 horas una c\u00e1mara de vigilancia capta el momento en que la maestra de [&hellip;]<\/p>\n","protected":false},"author":2,"featured_media":0,"comment_status":"closed","ping_status":"closed","sticky":false,"template":"","format":"standard","meta":{"tdm_status":"","tdm_grid_status":"","footnotes":""},"categories":[70],"tags":[34206,13303,385,195],"class_list":{"0":"post-95769","1":"post","2":"type-post","3":"status-publish","4":"format-standard","6":"category-de-opinion","7":"tag-bernardo-gutierrez-parra","8":"tag-hugo-gutierrez-maldonado","9":"tag-onu","10":"tag-veracruz"},"yoast_head":"<!-- This site is optimized with the Yoast SEO plugin v27.4 - https:\/\/yoast.com\/product\/yoast-seo-wordpress\/ -->\n<title>OTRA MAESTRA ASESINADA y otra declaraci\u00f3n soez y desafortunada - Los pol\u00edticos Veracruz<\/title>\n<meta name=\"robots\" content=\"index, follow, max-snippet:-1, max-image-preview:large, max-video-preview:-1\" \/>\n<link rel=\"canonical\" href=\"https:\/\/lospoliticosveracruz.com\/?p=95769\" \/>\n<meta property=\"og:locale\" content=\"es_ES\" \/>\n<meta property=\"og:type\" content=\"article\" \/>\n<meta property=\"og:title\" content=\"OTRA MAESTRA ASESINADA y otra declaraci\u00f3n soez y desafortunada - Los pol\u00edticos Veracruz\" \/>\n<meta property=\"og:description\" content=\"Bernardo Guti\u00e9rrez ParraDesde el Caf\u00e9 La ma\u00f1ana de este mi\u00e9rcoles la maestra Elizabeth Meza Rivera subdirectora de la primaria \u201cAdolfo Ruiz Cortines\u201d, llegaba a su escuela en compa\u00f1\u00eda de su nieto de 7 a\u00f1os cuando fue asesinada a balazos. A las 7:30 horas una c\u00e1mara de vigilancia capta el momento en que la maestra de [&hellip;]\" \/>\n<meta property=\"og:url\" content=\"https:\/\/lospoliticosveracruz.com\/?p=95769\" \/>\n<meta property=\"og:site_name\" content=\"Los pol\u00edticos Veracruz\" \/>\n<meta property=\"article:publisher\" content=\"https:\/\/www.facebook.com\/people\/Notimemes-de-los-Polticos\/61565672886568\/\" \/>\n<meta property=\"article:published_time\" content=\"2022-09-22T12:39:05+00:00\" \/>\n<meta property=\"article:modified_time\" content=\"2022-09-22T12:39:15+00:00\" \/>\n<meta property=\"og:image\" content=\"https:\/\/lospoliticosveracruz.com\/wp-content\/uploads\/2016\/07\/Logo-Dor.jpg\" \/>\n\t<meta property=\"og:image:width\" content=\"200\" \/>\n\t<meta property=\"og:image:height\" content=\"200\" \/>\n\t<meta property=\"og:image:type\" content=\"image\/jpeg\" \/>\n<meta name=\"author\" content=\"Lo viste en Los Pol\u00edticos\" \/>\n<meta name=\"twitter:card\" content=\"summary_large_image\" \/>\n<meta name=\"twitter:creator\" content=\"@LosPoliticosVer\" \/>\n<meta name=\"twitter:site\" content=\"@LosPoliticosVer\" \/>\n<meta name=\"twitter:label1\" content=\"Escrito por\" \/>\n\t<meta name=\"twitter:data1\" content=\"Lo viste en Los Pol\u00edticos\" \/>\n\t<meta name=\"twitter:label2\" content=\"Tiempo de lectura\" \/>\n\t<meta name=\"twitter:data2\" content=\"5 minutos\" \/>\n<script type=\"application\/ld+json\" class=\"yoast-schema-graph\">{\"@context\":\"https:\\\/\\\/schema.org\",\"@graph\":[{\"@type\":\"Article\",\"@id\":\"https:\\\/\\\/lospoliticosveracruz.com\\\/?p=95769#article\",\"isPartOf\":{\"@id\":\"https:\\\/\\\/lospoliticosveracruz.com\\\/?p=95769\"},\"author\":{\"name\":\"Lo viste en Los Pol\u00edticos\",\"@id\":\"https:\\\/\\\/lospoliticosveracruz.com\\\/#\\\/schema\\\/person\\\/b8702bb0e538456e6efd07080bf2a4a2\"},\"headline\":\"OTRA MAESTRA ASESINADA y otra declaraci\u00f3n soez y desafortunada\",\"datePublished\":\"2022-09-22T12:39:05+00:00\",\"dateModified\":\"2022-09-22T12:39:15+00:00\",\"mainEntityOfPage\":{\"@id\":\"https:\\\/\\\/lospoliticosveracruz.com\\\/?p=95769\"},\"wordCount\":1062,\"publisher\":{\"@id\":\"https:\\\/\\\/lospoliticosveracruz.com\\\/#organization\"},\"keywords\":[\"Bernardo Guti\u00e9rrez Parra\",\"Hugo Guti\u00e9rrez Maldonado\",\"ONU\",\"Veracruz\"],\"articleSection\":[\"De Opini\u00f3n\"],\"inLanguage\":\"es\"},{\"@type\":\"WebPage\",\"@id\":\"https:\\\/\\\/lospoliticosveracruz.com\\\/?p=95769\",\"url\":\"https:\\\/\\\/lospoliticosveracruz.com\\\/?p=95769\",\"name\":\"OTRA MAESTRA ASESINADA y otra declaraci\u00f3n soez y desafortunada - Los pol\u00edticos Veracruz\",\"isPartOf\":{\"@id\":\"https:\\\/\\\/lospoliticosveracruz.com\\\/#website\"},\"datePublished\":\"2022-09-22T12:39:05+00:00\",\"dateModified\":\"2022-09-22T12:39:15+00:00\",\"breadcrumb\":{\"@id\":\"https:\\\/\\\/lospoliticosveracruz.com\\\/?p=95769#breadcrumb\"},\"inLanguage\":\"es\",\"potentialAction\":[{\"@type\":\"ReadAction\",\"target\":[\"https:\\\/\\\/lospoliticosveracruz.com\\\/?p=95769\"]}]},{\"@type\":\"BreadcrumbList\",\"@id\":\"https:\\\/\\\/lospoliticosveracruz.com\\\/?p=95769#breadcrumb\",\"itemListElement\":[{\"@type\":\"ListItem\",\"position\":1,\"name\":\"Portada\",\"item\":\"https:\\\/\\\/lospoliticosveracruz.com\\\/\"},{\"@type\":\"ListItem\",\"position\":2,\"name\":\"OTRA MAESTRA ASESINADA y otra declaraci\u00f3n soez y desafortunada\"}]},{\"@type\":\"WebSite\",\"@id\":\"https:\\\/\\\/lospoliticosveracruz.com\\\/#website\",\"url\":\"https:\\\/\\\/lospoliticosveracruz.com\\\/\",\"name\":\"Los pol\u00edticos Veracruz\",\"description\":\"\",\"publisher\":{\"@id\":\"https:\\\/\\\/lospoliticosveracruz.com\\\/#organization\"},\"potentialAction\":[{\"@type\":\"SearchAction\",\"target\":{\"@type\":\"EntryPoint\",\"urlTemplate\":\"https:\\\/\\\/lospoliticosveracruz.com\\\/?s={search_term_string}\"},\"query-input\":{\"@type\":\"PropertyValueSpecification\",\"valueRequired\":true,\"valueName\":\"search_term_string\"}}],\"inLanguage\":\"es\"},{\"@type\":\"Organization\",\"@id\":\"https:\\\/\\\/lospoliticosveracruz.com\\\/#organization\",\"name\":\"Los pol\u00edticos Veracruz\",\"url\":\"https:\\\/\\\/lospoliticosveracruz.com\\\/\",\"logo\":{\"@type\":\"ImageObject\",\"inLanguage\":\"es\",\"@id\":\"https:\\\/\\\/lospoliticosveracruz.com\\\/#\\\/schema\\\/logo\\\/image\\\/\",\"url\":\"https:\\\/\\\/lospoliticosveracruz.com\\\/wp-content\\\/uploads\\\/2025\\\/12\\\/Logo-Nuevo-LOS-POLITICOS-1.jpg\",\"contentUrl\":\"https:\\\/\\\/lospoliticosveracruz.com\\\/wp-content\\\/uploads\\\/2025\\\/12\\\/Logo-Nuevo-LOS-POLITICOS-1.jpg\",\"width\":260,\"height\":70,\"caption\":\"Los pol\u00edticos Veracruz\"},\"image\":{\"@id\":\"https:\\\/\\\/lospoliticosveracruz.com\\\/#\\\/schema\\\/logo\\\/image\\\/\"},\"sameAs\":[\"https:\\\/\\\/www.facebook.com\\\/people\\\/Notimemes-de-los-Polticos\\\/61565672886568\\\/\",\"https:\\\/\\\/x.com\\\/LosPoliticosVer\"]},{\"@type\":\"Person\",\"@id\":\"https:\\\/\\\/lospoliticosveracruz.com\\\/#\\\/schema\\\/person\\\/b8702bb0e538456e6efd07080bf2a4a2\",\"name\":\"Lo viste en Los Pol\u00edticos\",\"image\":{\"@type\":\"ImageObject\",\"inLanguage\":\"es\",\"@id\":\"https:\\\/\\\/secure.gravatar.com\\\/avatar\\\/3a8de04a2656d44082be478bd6c086daa447c4651605818287b9532d3d0bd435?s=96&d=mm&r=g\",\"url\":\"https:\\\/\\\/secure.gravatar.com\\\/avatar\\\/3a8de04a2656d44082be478bd6c086daa447c4651605818287b9532d3d0bd435?s=96&d=mm&r=g\",\"contentUrl\":\"https:\\\/\\\/secure.gravatar.com\\\/avatar\\\/3a8de04a2656d44082be478bd6c086daa447c4651605818287b9532d3d0bd435?s=96&d=mm&r=g\",\"caption\":\"Lo viste en Los Pol\u00edticos\"},\"url\":\"https:\\\/\\\/lospoliticosveracruz.com\\\/?author=2\"}]}<\/script>\n<!-- \/ Yoast SEO plugin. -->","yoast_head_json":{"title":"OTRA MAESTRA ASESINADA y otra declaraci\u00f3n soez y desafortunada - Los pol\u00edticos Veracruz","robots":{"index":"index","follow":"follow","max-snippet":"max-snippet:-1","max-image-preview":"max-image-preview:large","max-video-preview":"max-video-preview:-1"},"canonical":"https:\/\/lospoliticosveracruz.com\/?p=95769","og_locale":"es_ES","og_type":"article","og_title":"OTRA MAESTRA ASESINADA y otra declaraci\u00f3n soez y desafortunada - Los pol\u00edticos Veracruz","og_description":"Bernardo Guti\u00e9rrez ParraDesde el Caf\u00e9 La ma\u00f1ana de este mi\u00e9rcoles la maestra Elizabeth Meza Rivera subdirectora de la primaria \u201cAdolfo Ruiz Cortines\u201d, llegaba a su escuela en compa\u00f1\u00eda de su nieto de 7 a\u00f1os cuando fue asesinada a balazos. A las 7:30 horas una c\u00e1mara de vigilancia capta el momento en que la maestra de [&hellip;]","og_url":"https:\/\/lospoliticosveracruz.com\/?p=95769","og_site_name":"Los pol\u00edticos Veracruz","article_publisher":"https:\/\/www.facebook.com\/people\/Notimemes-de-los-Polticos\/61565672886568\/","article_published_time":"2022-09-22T12:39:05+00:00","article_modified_time":"2022-09-22T12:39:15+00:00","og_image":[{"width":200,"height":200,"url":"https:\/\/lospoliticosveracruz.com\/wp-content\/uploads\/2016\/07\/Logo-Dor.jpg","type":"image\/jpeg"}],"author":"Lo viste en Los Pol\u00edticos","twitter_card":"summary_large_image","twitter_creator":"@LosPoliticosVer","twitter_site":"@LosPoliticosVer","twitter_misc":{"Escrito por":"Lo viste en Los Pol\u00edticos","Tiempo de lectura":"5 minutos"},"schema":{"@context":"https:\/\/schema.org","@graph":[{"@type":"Article","@id":"https:\/\/lospoliticosveracruz.com\/?p=95769#article","isPartOf":{"@id":"https:\/\/lospoliticosveracruz.com\/?p=95769"},"author":{"name":"Lo viste en Los Pol\u00edticos","@id":"https:\/\/lospoliticosveracruz.com\/#\/schema\/person\/b8702bb0e538456e6efd07080bf2a4a2"},"headline":"OTRA MAESTRA ASESINADA y otra declaraci\u00f3n soez y desafortunada","datePublished":"2022-09-22T12:39:05+00:00","dateModified":"2022-09-22T12:39:15+00:00","mainEntityOfPage":{"@id":"https:\/\/lospoliticosveracruz.com\/?p=95769"},"wordCount":1062,"publisher":{"@id":"https:\/\/lospoliticosveracruz.com\/#organization"},"keywords":["Bernardo Guti\u00e9rrez Parra","Hugo Guti\u00e9rrez Maldonado","ONU","Veracruz"],"articleSection":["De Opini\u00f3n"],"inLanguage":"es"},{"@type":"WebPage","@id":"https:\/\/lospoliticosveracruz.com\/?p=95769","url":"https:\/\/lospoliticosveracruz.com\/?p=95769","name":"OTRA MAESTRA ASESINADA y otra declaraci\u00f3n soez y desafortunada - Los pol\u00edticos Veracruz","isPartOf":{"@id":"https:\/\/lospoliticosveracruz.com\/#website"},"datePublished":"2022-09-22T12:39:05+00:00","dateModified":"2022-09-22T12:39:15+00:00","breadcrumb":{"@id":"https:\/\/lospoliticosveracruz.com\/?p=95769#breadcrumb"},"inLanguage":"es","potentialAction":[{"@type":"ReadAction","target":["https:\/\/lospoliticosveracruz.com\/?p=95769"]}]},{"@type":"BreadcrumbList","@id":"https:\/\/lospoliticosveracruz.com\/?p=95769#breadcrumb","itemListElement":[{"@type":"ListItem","position":1,"name":"Portada","item":"https:\/\/lospoliticosveracruz.com\/"},{"@type":"ListItem","position":2,"name":"OTRA MAESTRA ASESINADA y otra declaraci\u00f3n soez y desafortunada"}]},{"@type":"WebSite","@id":"https:\/\/lospoliticosveracruz.com\/#website","url":"https:\/\/lospoliticosveracruz.com\/","name":"Los pol\u00edticos Veracruz","description":"","publisher":{"@id":"https:\/\/lospoliticosveracruz.com\/#organization"},"potentialAction":[{"@type":"SearchAction","target":{"@type":"EntryPoint","urlTemplate":"https:\/\/lospoliticosveracruz.com\/?s={search_term_string}"},"query-input":{"@type":"PropertyValueSpecification","valueRequired":true,"valueName":"search_term_string"}}],"inLanguage":"es"},{"@type":"Organization","@id":"https:\/\/lospoliticosveracruz.com\/#organization","name":"Los pol\u00edticos Veracruz","url":"https:\/\/lospoliticosveracruz.com\/","logo":{"@type":"ImageObject","inLanguage":"es","@id":"https:\/\/lospoliticosveracruz.com\/#\/schema\/logo\/image\/","url":"https:\/\/lospoliticosveracruz.com\/wp-content\/uploads\/2025\/12\/Logo-Nuevo-LOS-POLITICOS-1.jpg","contentUrl":"https:\/\/lospoliticosveracruz.com\/wp-content\/uploads\/2025\/12\/Logo-Nuevo-LOS-POLITICOS-1.jpg","width":260,"height":70,"caption":"Los pol\u00edticos Veracruz"},"image":{"@id":"https:\/\/lospoliticosveracruz.com\/#\/schema\/logo\/image\/"},"sameAs":["https:\/\/www.facebook.com\/people\/Notimemes-de-los-Polticos\/61565672886568\/","https:\/\/x.com\/LosPoliticosVer"]},{"@type":"Person","@id":"https:\/\/lospoliticosveracruz.com\/#\/schema\/person\/b8702bb0e538456e6efd07080bf2a4a2","name":"Lo viste en Los Pol\u00edticos","image":{"@type":"ImageObject","inLanguage":"es","@id":"https:\/\/secure.gravatar.com\/avatar\/3a8de04a2656d44082be478bd6c086daa447c4651605818287b9532d3d0bd435?s=96&d=mm&r=g","url":"https:\/\/secure.gravatar.com\/avatar\/3a8de04a2656d44082be478bd6c086daa447c4651605818287b9532d3d0bd435?s=96&d=mm&r=g","contentUrl":"https:\/\/secure.gravatar.com\/avatar\/3a8de04a2656d44082be478bd6c086daa447c4651605818287b9532d3d0bd435?s=96&d=mm&r=g","caption":"Lo viste en Los Pol\u00edticos"},"url":"https:\/\/lospoliticosveracruz.com\/?author=2"}]}},"_links":{"self":[{"href":"https:\/\/lospoliticosveracruz.com\/index.php?rest_route=\/wp\/v2\/posts\/95769","targetHints":{"allow":["GET"]}}],"collection":[{"href":"https:\/\/lospoliticosveracruz.com\/index.php?rest_route=\/wp\/v2\/posts"}],"about":[{"href":"https:\/\/lospoliticosveracruz.com\/index.php?rest_route=\/wp\/v2\/types\/post"}],"author":[{"embeddable":true,"href":"https:\/\/lospoliticosveracruz.com\/index.php?rest_route=\/wp\/v2\/users\/2"}],"replies":[{"embeddable":true,"href":"https:\/\/lospoliticosveracruz.com\/index.php?rest_route=%2Fwp%2Fv2%2Fcomments&post=95769"}],"version-history":[{"count":1,"href":"https:\/\/lospoliticosveracruz.com\/index.php?rest_route=\/wp\/v2\/posts\/95769\/revisions"}],"predecessor-version":[{"id":95770,"href":"https:\/\/lospoliticosveracruz.com\/index.php?rest_route=\/wp\/v2\/posts\/95769\/revisions\/95770"}],"wp:attachment":[{"href":"https:\/\/lospoliticosveracruz.com\/index.php?rest_route=%2Fwp%2Fv2%2Fmedia&parent=95769"}],"wp:term":[{"taxonomy":"category","embeddable":true,"href":"https:\/\/lospoliticosveracruz.com\/index.php?rest_route=%2Fwp%2Fv2%2Fcategories&post=95769"},{"taxonomy":"post_tag","embeddable":true,"href":"https:\/\/lospoliticosveracruz.com\/index.php?rest_route=%2Fwp%2Fv2%2Ftags&post=95769"}],"curies":[{"name":"wp","href":"https:\/\/api.w.org\/{rel}","templated":true}]}}