{"id":95774,"date":"2022-09-22T08:28:31","date_gmt":"2022-09-22T13:28:31","guid":{"rendered":"https:\/\/lospoliticosveracruz.com.mx\/?p=95774"},"modified":"2022-09-22T08:28:40","modified_gmt":"2022-09-22T13:28:40","slug":"republica-y-democracia-en-veracruz","status":"publish","type":"post","link":"https:\/\/lospoliticosveracruz.com\/?p=95774","title":{"rendered":"REP\u00daBLICA Y DEMOCRACIA EN VERACRUZ"},"content":{"rendered":"\n<p><\/p>\n\n\n\n<p><br><strong>Uriel Flores Aguayo<\/strong><\/p>\n\n\n\n<p>Se supone que nuestro sistema de gobierno es republicano, basado en las leyes, y que ejercemos la democracia, la elecci\u00f3n libre de los gobernantes. En ese sentido podr\u00edamos partir de la divisi\u00f3n de poderes, la igualdad ante la ley, el respeto a los derechos humanos y el sufragio libre. Todo eso queda en supuesto. Vivimos un d\u00e9bil Estado de Derecho. Nuestra realidad es radicalmente distinta: no hay real divisi\u00f3n de poderes, solo existe en la formalidad. Sin esa condici\u00f3n republicana y democr\u00e1tica tampoco hay pleno Estado de derecho. La fuente del poder no son las elecciones libres. Es el reino de la simulaci\u00f3n. Los poderes se alinean en general con los intereses del partido oficial y, en particular, con las ambiciones y ocurrencias de un peque\u00f1o grupo. En esas condiciones no puede haber legalidad plena, ni justicia, ni eficiencia, ni transparencia, ni desarrollo y tampoco respeto a la pluralidad ideol\u00f3gica y pol\u00edtica de la sociedad veracruzana. Su fin justifica sus medios. En aras de un imaginario proyecto transformador hacen del gobierno asunto de partido y practican los a\u00f1ejos modos del clientelismo y el corporativismo. Es la vuelta al despotismo y a la ignorancia. Como en los viejos tiempos del PRI pero sin talento y desbordada ambici\u00f3n. Este sistema monopolista y arcaico es caldo de cultivo para la corrupci\u00f3n extrema y la m\u00e1s descarada simulaci\u00f3n. Casi nada puede funcionar correctamente en obras y servicios si se basan en criterios partidistas. Su permanente campa\u00f1a preelectoral distrae recursos y personal, los funcionarios, legisladores y magistrados est\u00e1n ocupados en asuntos partidistas buena parte de su tiempo laboral. Son un fraude en todos los sentidos. La seguridad es precaria porque se orienta a la justificaci\u00f3n presupuestal y a la recaudaci\u00f3n. Lo que menos les interesa es la seguridad ciudadana. La justicia se encuentra politizada, se ocupa para ajustes de cuentas. Su papel es pat\u00e9tico. Y as\u00ed podr\u00edamos hablar de educaci\u00f3n, carreteras, turismo, medio ambiente, desarrollo social, etc. No les importan los resultados con positivos efectos colectivos; lo suyo es fortalecer al partido oficial, movilizarse en cuanta ocurrencia surja del Presidente y simular una transformaci\u00f3n que \u00fanicamente ocurre en sus cabezas. Vivimos un retroceso brutal en t\u00e9rminos democr\u00e1ticos. Ya ni hablar de que estuvi\u00e9ramos ante una experiencia de izquierda. Eso no ocurri\u00f3. Los pocos que ven\u00edan de ese campo de ideas y lucha est\u00e1n marginados o asumen incondicionalmente las reglas de la nueva clase pol\u00edtica. Es grave lo qu\u00e9 pasa en Veracruz, mucho m\u00e1s por el enga\u00f1o de quienes se presentaron como regeneradores y resultaron m\u00e1s de lo mismo. Es grave porque confunden a la gente, hay quien les cree o les da un voto de confianza por la simpat\u00eda con AMLO. No es imposible asumir como tarea central de car\u00e1cter democr\u00e1tico el desenmascararlos e impulsar una agenda alternativa que sea adoptada por algunos sectores del morenismo, l\u00edderes y organizaciones ciudadanas, as\u00ed como partidos opositores. Es mucho, complejo y enorme lo que nos espera para vivir democr\u00e1tica y republicanamente en Veracruz.<\/p>\n\n\n\n<p>Pero no hay de otra. Solo con contrapesos y limitaciones al poder ejecutivo se puede vivir en libertad y con ruta de desarrollo. Para que la sociedad funcione democr\u00e1ticamente se debe respetar y estimular su pluralidad. El pasado oscuro, cerrado, excluyente y monop\u00f3lico es disfuncional en una sociedad que se reivindica abierta, que se comunica velozmente y hace lo necesario por progresar. Este gobierno estatal es un obst\u00e1culo para que vivamos seguros, con buenos servicios, libres y con bienestar en general.<\/p>\n\n\n\n<p>Recadito: cada vez m\u00e1s la opini\u00f3n p\u00fablica cuenta e influye en los asuntos colectivos de Xalapa.<br>Ufa.1959@gmail.com<\/p>\n","protected":false},"excerpt":{"rendered":"<p>Uriel Flores Aguayo Se supone que nuestro sistema de gobierno es republicano, basado en las leyes, y que ejercemos la democracia, la elecci\u00f3n libre de los gobernantes. En ese sentido podr\u00edamos partir de la divisi\u00f3n de poderes, la igualdad ante la ley, el respeto a los derechos humanos y el sufragio libre. Todo eso queda [&hellip;]<\/p>\n","protected":false},"author":2,"featured_media":0,"comment_status":"closed","ping_status":"closed","sticky":false,"template":"","format":"standard","meta":{"tdm_status":"","tdm_grid_status":"","footnotes":""},"categories":[70],"tags":[618,1563,1026,2552,195],"class_list":{"0":"post-95774","1":"post","2":"type-post","3":"status-publish","4":"format-standard","6":"category-de-opinion","7":"tag-andres-manuel-lopez-obrador","8":"tag-cuitlahuac-garcia-jimenez","9":"tag-morena","10":"tag-uriel-flores-aguayo","11":"tag-veracruz"},"yoast_head":"<!-- This site is optimized with the Yoast SEO plugin v27.4 - https:\/\/yoast.com\/product\/yoast-seo-wordpress\/ -->\n<title>REP\u00daBLICA Y DEMOCRACIA EN VERACRUZ - Los pol\u00edticos Veracruz<\/title>\n<meta name=\"robots\" content=\"index, follow, max-snippet:-1, max-image-preview:large, max-video-preview:-1\" \/>\n<link rel=\"canonical\" href=\"https:\/\/lospoliticosveracruz.com\/?p=95774\" \/>\n<meta property=\"og:locale\" content=\"es_ES\" \/>\n<meta property=\"og:type\" content=\"article\" \/>\n<meta property=\"og:title\" content=\"REP\u00daBLICA Y DEMOCRACIA EN VERACRUZ - Los pol\u00edticos Veracruz\" \/>\n<meta property=\"og:description\" content=\"Uriel Flores Aguayo Se supone que nuestro sistema de gobierno es republicano, basado en las leyes, y que ejercemos la democracia, la elecci\u00f3n libre de los gobernantes. En ese sentido podr\u00edamos partir de la divisi\u00f3n de poderes, la igualdad ante la ley, el respeto a los derechos humanos y el sufragio libre. Todo eso queda [&hellip;]\" \/>\n<meta property=\"og:url\" content=\"https:\/\/lospoliticosveracruz.com\/?p=95774\" \/>\n<meta property=\"og:site_name\" content=\"Los pol\u00edticos Veracruz\" \/>\n<meta property=\"article:publisher\" content=\"https:\/\/www.facebook.com\/people\/Notimemes-de-los-Polticos\/61565672886568\/\" \/>\n<meta property=\"article:published_time\" content=\"2022-09-22T13:28:31+00:00\" \/>\n<meta property=\"article:modified_time\" content=\"2022-09-22T13:28:40+00:00\" \/>\n<meta property=\"og:image\" content=\"https:\/\/lospoliticosveracruz.com\/wp-content\/uploads\/2016\/07\/Logo-Dor.jpg\" \/>\n\t<meta property=\"og:image:width\" content=\"200\" \/>\n\t<meta property=\"og:image:height\" content=\"200\" \/>\n\t<meta property=\"og:image:type\" content=\"image\/jpeg\" \/>\n<meta name=\"author\" content=\"Lo viste en Los Pol\u00edticos\" \/>\n<meta name=\"twitter:card\" content=\"summary_large_image\" \/>\n<meta name=\"twitter:creator\" content=\"@LosPoliticosVer\" \/>\n<meta name=\"twitter:site\" content=\"@LosPoliticosVer\" \/>\n<meta name=\"twitter:label1\" content=\"Escrito por\" \/>\n\t<meta name=\"twitter:data1\" content=\"Lo viste en Los Pol\u00edticos\" \/>\n\t<meta name=\"twitter:label2\" content=\"Tiempo de lectura\" \/>\n\t<meta name=\"twitter:data2\" content=\"3 minutos\" \/>\n<script type=\"application\/ld+json\" class=\"yoast-schema-graph\">{\"@context\":\"https:\\\/\\\/schema.org\",\"@graph\":[{\"@type\":\"Article\",\"@id\":\"https:\\\/\\\/lospoliticosveracruz.com\\\/?p=95774#article\",\"isPartOf\":{\"@id\":\"https:\\\/\\\/lospoliticosveracruz.com\\\/?p=95774\"},\"author\":{\"name\":\"Lo viste en Los Pol\u00edticos\",\"@id\":\"https:\\\/\\\/lospoliticosveracruz.com\\\/#\\\/schema\\\/person\\\/b8702bb0e538456e6efd07080bf2a4a2\"},\"headline\":\"REP\u00daBLICA Y DEMOCRACIA EN VERACRUZ\",\"datePublished\":\"2022-09-22T13:28:31+00:00\",\"dateModified\":\"2022-09-22T13:28:40+00:00\",\"mainEntityOfPage\":{\"@id\":\"https:\\\/\\\/lospoliticosveracruz.com\\\/?p=95774\"},\"wordCount\":648,\"publisher\":{\"@id\":\"https:\\\/\\\/lospoliticosveracruz.com\\\/#organization\"},\"keywords\":[\"Andr\u00e9s Manuel L\u00f3pez Obrador\",\"Cuitl\u00e1huac Garc\u00eda Jim\u00e9nez\",\"Morena\",\"Uriel Flores Aguayo\",\"Veracruz\"],\"articleSection\":[\"De Opini\u00f3n\"],\"inLanguage\":\"es\"},{\"@type\":\"WebPage\",\"@id\":\"https:\\\/\\\/lospoliticosveracruz.com\\\/?p=95774\",\"url\":\"https:\\\/\\\/lospoliticosveracruz.com\\\/?p=95774\",\"name\":\"REP\u00daBLICA Y DEMOCRACIA EN VERACRUZ - Los pol\u00edticos Veracruz\",\"isPartOf\":{\"@id\":\"https:\\\/\\\/lospoliticosveracruz.com\\\/#website\"},\"datePublished\":\"2022-09-22T13:28:31+00:00\",\"dateModified\":\"2022-09-22T13:28:40+00:00\",\"breadcrumb\":{\"@id\":\"https:\\\/\\\/lospoliticosveracruz.com\\\/?p=95774#breadcrumb\"},\"inLanguage\":\"es\",\"potentialAction\":[{\"@type\":\"ReadAction\",\"target\":[\"https:\\\/\\\/lospoliticosveracruz.com\\\/?p=95774\"]}]},{\"@type\":\"BreadcrumbList\",\"@id\":\"https:\\\/\\\/lospoliticosveracruz.com\\\/?p=95774#breadcrumb\",\"itemListElement\":[{\"@type\":\"ListItem\",\"position\":1,\"name\":\"Portada\",\"item\":\"https:\\\/\\\/lospoliticosveracruz.com\\\/\"},{\"@type\":\"ListItem\",\"position\":2,\"name\":\"REP\u00daBLICA Y DEMOCRACIA EN VERACRUZ\"}]},{\"@type\":\"WebSite\",\"@id\":\"https:\\\/\\\/lospoliticosveracruz.com\\\/#website\",\"url\":\"https:\\\/\\\/lospoliticosveracruz.com\\\/\",\"name\":\"Los pol\u00edticos Veracruz\",\"description\":\"\",\"publisher\":{\"@id\":\"https:\\\/\\\/lospoliticosveracruz.com\\\/#organization\"},\"potentialAction\":[{\"@type\":\"SearchAction\",\"target\":{\"@type\":\"EntryPoint\",\"urlTemplate\":\"https:\\\/\\\/lospoliticosveracruz.com\\\/?s={search_term_string}\"},\"query-input\":{\"@type\":\"PropertyValueSpecification\",\"valueRequired\":true,\"valueName\":\"search_term_string\"}}],\"inLanguage\":\"es\"},{\"@type\":\"Organization\",\"@id\":\"https:\\\/\\\/lospoliticosveracruz.com\\\/#organization\",\"name\":\"Los pol\u00edticos Veracruz\",\"url\":\"https:\\\/\\\/lospoliticosveracruz.com\\\/\",\"logo\":{\"@type\":\"ImageObject\",\"inLanguage\":\"es\",\"@id\":\"https:\\\/\\\/lospoliticosveracruz.com\\\/#\\\/schema\\\/logo\\\/image\\\/\",\"url\":\"https:\\\/\\\/lospoliticosveracruz.com\\\/wp-content\\\/uploads\\\/2025\\\/12\\\/Logo-Nuevo-LOS-POLITICOS-1.jpg\",\"contentUrl\":\"https:\\\/\\\/lospoliticosveracruz.com\\\/wp-content\\\/uploads\\\/2025\\\/12\\\/Logo-Nuevo-LOS-POLITICOS-1.jpg\",\"width\":260,\"height\":70,\"caption\":\"Los pol\u00edticos Veracruz\"},\"image\":{\"@id\":\"https:\\\/\\\/lospoliticosveracruz.com\\\/#\\\/schema\\\/logo\\\/image\\\/\"},\"sameAs\":[\"https:\\\/\\\/www.facebook.com\\\/people\\\/Notimemes-de-los-Polticos\\\/61565672886568\\\/\",\"https:\\\/\\\/x.com\\\/LosPoliticosVer\"]},{\"@type\":\"Person\",\"@id\":\"https:\\\/\\\/lospoliticosveracruz.com\\\/#\\\/schema\\\/person\\\/b8702bb0e538456e6efd07080bf2a4a2\",\"name\":\"Lo viste en Los Pol\u00edticos\",\"image\":{\"@type\":\"ImageObject\",\"inLanguage\":\"es\",\"@id\":\"https:\\\/\\\/secure.gravatar.com\\\/avatar\\\/3a8de04a2656d44082be478bd6c086daa447c4651605818287b9532d3d0bd435?s=96&d=mm&r=g\",\"url\":\"https:\\\/\\\/secure.gravatar.com\\\/avatar\\\/3a8de04a2656d44082be478bd6c086daa447c4651605818287b9532d3d0bd435?s=96&d=mm&r=g\",\"contentUrl\":\"https:\\\/\\\/secure.gravatar.com\\\/avatar\\\/3a8de04a2656d44082be478bd6c086daa447c4651605818287b9532d3d0bd435?s=96&d=mm&r=g\",\"caption\":\"Lo viste en Los Pol\u00edticos\"},\"url\":\"https:\\\/\\\/lospoliticosveracruz.com\\\/?author=2\"}]}<\/script>\n<!-- \/ Yoast SEO plugin. -->","yoast_head_json":{"title":"REP\u00daBLICA Y DEMOCRACIA EN VERACRUZ - Los pol\u00edticos Veracruz","robots":{"index":"index","follow":"follow","max-snippet":"max-snippet:-1","max-image-preview":"max-image-preview:large","max-video-preview":"max-video-preview:-1"},"canonical":"https:\/\/lospoliticosveracruz.com\/?p=95774","og_locale":"es_ES","og_type":"article","og_title":"REP\u00daBLICA Y DEMOCRACIA EN VERACRUZ - Los pol\u00edticos Veracruz","og_description":"Uriel Flores Aguayo Se supone que nuestro sistema de gobierno es republicano, basado en las leyes, y que ejercemos la democracia, la elecci\u00f3n libre de los gobernantes. En ese sentido podr\u00edamos partir de la divisi\u00f3n de poderes, la igualdad ante la ley, el respeto a los derechos humanos y el sufragio libre. Todo eso queda [&hellip;]","og_url":"https:\/\/lospoliticosveracruz.com\/?p=95774","og_site_name":"Los pol\u00edticos Veracruz","article_publisher":"https:\/\/www.facebook.com\/people\/Notimemes-de-los-Polticos\/61565672886568\/","article_published_time":"2022-09-22T13:28:31+00:00","article_modified_time":"2022-09-22T13:28:40+00:00","og_image":[{"width":200,"height":200,"url":"https:\/\/lospoliticosveracruz.com\/wp-content\/uploads\/2016\/07\/Logo-Dor.jpg","type":"image\/jpeg"}],"author":"Lo viste en Los Pol\u00edticos","twitter_card":"summary_large_image","twitter_creator":"@LosPoliticosVer","twitter_site":"@LosPoliticosVer","twitter_misc":{"Escrito por":"Lo viste en Los Pol\u00edticos","Tiempo de lectura":"3 minutos"},"schema":{"@context":"https:\/\/schema.org","@graph":[{"@type":"Article","@id":"https:\/\/lospoliticosveracruz.com\/?p=95774#article","isPartOf":{"@id":"https:\/\/lospoliticosveracruz.com\/?p=95774"},"author":{"name":"Lo viste en Los Pol\u00edticos","@id":"https:\/\/lospoliticosveracruz.com\/#\/schema\/person\/b8702bb0e538456e6efd07080bf2a4a2"},"headline":"REP\u00daBLICA Y DEMOCRACIA EN VERACRUZ","datePublished":"2022-09-22T13:28:31+00:00","dateModified":"2022-09-22T13:28:40+00:00","mainEntityOfPage":{"@id":"https:\/\/lospoliticosveracruz.com\/?p=95774"},"wordCount":648,"publisher":{"@id":"https:\/\/lospoliticosveracruz.com\/#organization"},"keywords":["Andr\u00e9s Manuel L\u00f3pez Obrador","Cuitl\u00e1huac Garc\u00eda Jim\u00e9nez","Morena","Uriel Flores Aguayo","Veracruz"],"articleSection":["De Opini\u00f3n"],"inLanguage":"es"},{"@type":"WebPage","@id":"https:\/\/lospoliticosveracruz.com\/?p=95774","url":"https:\/\/lospoliticosveracruz.com\/?p=95774","name":"REP\u00daBLICA Y DEMOCRACIA EN VERACRUZ - Los pol\u00edticos Veracruz","isPartOf":{"@id":"https:\/\/lospoliticosveracruz.com\/#website"},"datePublished":"2022-09-22T13:28:31+00:00","dateModified":"2022-09-22T13:28:40+00:00","breadcrumb":{"@id":"https:\/\/lospoliticosveracruz.com\/?p=95774#breadcrumb"},"inLanguage":"es","potentialAction":[{"@type":"ReadAction","target":["https:\/\/lospoliticosveracruz.com\/?p=95774"]}]},{"@type":"BreadcrumbList","@id":"https:\/\/lospoliticosveracruz.com\/?p=95774#breadcrumb","itemListElement":[{"@type":"ListItem","position":1,"name":"Portada","item":"https:\/\/lospoliticosveracruz.com\/"},{"@type":"ListItem","position":2,"name":"REP\u00daBLICA Y DEMOCRACIA EN VERACRUZ"}]},{"@type":"WebSite","@id":"https:\/\/lospoliticosveracruz.com\/#website","url":"https:\/\/lospoliticosveracruz.com\/","name":"Los pol\u00edticos Veracruz","description":"","publisher":{"@id":"https:\/\/lospoliticosveracruz.com\/#organization"},"potentialAction":[{"@type":"SearchAction","target":{"@type":"EntryPoint","urlTemplate":"https:\/\/lospoliticosveracruz.com\/?s={search_term_string}"},"query-input":{"@type":"PropertyValueSpecification","valueRequired":true,"valueName":"search_term_string"}}],"inLanguage":"es"},{"@type":"Organization","@id":"https:\/\/lospoliticosveracruz.com\/#organization","name":"Los pol\u00edticos Veracruz","url":"https:\/\/lospoliticosveracruz.com\/","logo":{"@type":"ImageObject","inLanguage":"es","@id":"https:\/\/lospoliticosveracruz.com\/#\/schema\/logo\/image\/","url":"https:\/\/lospoliticosveracruz.com\/wp-content\/uploads\/2025\/12\/Logo-Nuevo-LOS-POLITICOS-1.jpg","contentUrl":"https:\/\/lospoliticosveracruz.com\/wp-content\/uploads\/2025\/12\/Logo-Nuevo-LOS-POLITICOS-1.jpg","width":260,"height":70,"caption":"Los pol\u00edticos Veracruz"},"image":{"@id":"https:\/\/lospoliticosveracruz.com\/#\/schema\/logo\/image\/"},"sameAs":["https:\/\/www.facebook.com\/people\/Notimemes-de-los-Polticos\/61565672886568\/","https:\/\/x.com\/LosPoliticosVer"]},{"@type":"Person","@id":"https:\/\/lospoliticosveracruz.com\/#\/schema\/person\/b8702bb0e538456e6efd07080bf2a4a2","name":"Lo viste en Los Pol\u00edticos","image":{"@type":"ImageObject","inLanguage":"es","@id":"https:\/\/secure.gravatar.com\/avatar\/3a8de04a2656d44082be478bd6c086daa447c4651605818287b9532d3d0bd435?s=96&d=mm&r=g","url":"https:\/\/secure.gravatar.com\/avatar\/3a8de04a2656d44082be478bd6c086daa447c4651605818287b9532d3d0bd435?s=96&d=mm&r=g","contentUrl":"https:\/\/secure.gravatar.com\/avatar\/3a8de04a2656d44082be478bd6c086daa447c4651605818287b9532d3d0bd435?s=96&d=mm&r=g","caption":"Lo viste en Los Pol\u00edticos"},"url":"https:\/\/lospoliticosveracruz.com\/?author=2"}]}},"_links":{"self":[{"href":"https:\/\/lospoliticosveracruz.com\/index.php?rest_route=\/wp\/v2\/posts\/95774","targetHints":{"allow":["GET"]}}],"collection":[{"href":"https:\/\/lospoliticosveracruz.com\/index.php?rest_route=\/wp\/v2\/posts"}],"about":[{"href":"https:\/\/lospoliticosveracruz.com\/index.php?rest_route=\/wp\/v2\/types\/post"}],"author":[{"embeddable":true,"href":"https:\/\/lospoliticosveracruz.com\/index.php?rest_route=\/wp\/v2\/users\/2"}],"replies":[{"embeddable":true,"href":"https:\/\/lospoliticosveracruz.com\/index.php?rest_route=%2Fwp%2Fv2%2Fcomments&post=95774"}],"version-history":[{"count":1,"href":"https:\/\/lospoliticosveracruz.com\/index.php?rest_route=\/wp\/v2\/posts\/95774\/revisions"}],"predecessor-version":[{"id":95775,"href":"https:\/\/lospoliticosveracruz.com\/index.php?rest_route=\/wp\/v2\/posts\/95774\/revisions\/95775"}],"wp:attachment":[{"href":"https:\/\/lospoliticosveracruz.com\/index.php?rest_route=%2Fwp%2Fv2%2Fmedia&parent=95774"}],"wp:term":[{"taxonomy":"category","embeddable":true,"href":"https:\/\/lospoliticosveracruz.com\/index.php?rest_route=%2Fwp%2Fv2%2Fcategories&post=95774"},{"taxonomy":"post_tag","embeddable":true,"href":"https:\/\/lospoliticosveracruz.com\/index.php?rest_route=%2Fwp%2Fv2%2Ftags&post=95774"}],"curies":[{"name":"wp","href":"https:\/\/api.w.org\/{rel}","templated":true}]}}