{"id":95828,"date":"2022-09-23T07:56:24","date_gmt":"2022-09-23T12:56:24","guid":{"rendered":"https:\/\/lospoliticosveracruz.com.mx\/?p=95828"},"modified":"2022-09-23T07:56:36","modified_gmt":"2022-09-23T12:56:36","slug":"orfis-la-nueva-exclusiva","status":"publish","type":"post","link":"https:\/\/lospoliticosveracruz.com\/?p=95828","title":{"rendered":"ORFIS, LA NUEVA EXCLUSIVA"},"content":{"rendered":"\n<p><strong>Ricardo Ch\u00faa<\/strong><\/p>\n\n\n\n<p><em>Sale y Vale<\/em><\/p>\n\n\n\n<p>Despu\u00e9s de que se \u00abdestap\u00f3\u00bb en el Congreso Local&#8230; La presunta \u00abcloaca\u00bb que hay en el \u00d3rgano de Fiscalizaci\u00f3n Superior (ORFIS) por los \u00abmoches\u00bb de ex alcaldes a altos ex funcionarios de este organismo para que \u00ablimpiar\u00e1n\u00bb sus\u00a0\u00a0cuentas p\u00fablicas&#8230; Ahora viene otra EXCLUSIVA&#8230; Todo fue una ESTAFA&#8230; Y los ex alcaldes que le entraron a \u00abBelem cantando\u00bb&#8230; En el ORFIS no les \u00ablimpiaron\u00bb nada y van a volver a REVISAR todos los 212 municipios&#8230; Es decir, los enga\u00f1aron y los \u00abangelitos\u00bb cayeron \u00abredonditos\u00bb&#8230;. QPM<\/p>\n\n\n\n<figure class=\"wp-block-image size-full\"><a href=\"https:\/\/lospoliticosveracruz.com.mx\/wp-content\/uploads\/2022\/05\/Seguro-Julio-Cerecedo.jpg\"><img decoding=\"async\" src=\"https:\/\/lospoliticosveracruz.com.mx\/wp-content\/uploads\/2022\/05\/Seguro-Julio-Cerecedo.jpg\" alt=\"\" class=\"wp-image-90414\"\/><\/a><\/figure>\n\n\n\n<p>Nos revela \u00abGarganta Profunda\u00bb que a los ex mun\u00edcipes les pas\u00f3&#8230; Que por querer \u00abpasarse de lanza\u00bb y no ser sancionados por los da\u00f1os patrimoniales en sus ayuntamientos.. Creyeron en los \u00abgestores\u00bb que trabajan con estos ex funcionarios del ORFIS&#8230; Les ped\u00edan el \u00abmoche\u00bb y estos le entregaban un \u00abdocumento oficial\u00bb de este organismo, que especificaba que las cuentas p\u00fablicas de este \u00abcliente\u00bb estaban saldadas y no hab\u00eda ninguna observaci\u00f3n administrativa&#8230; Por lo cual, ya nadie lo podr\u00eda requerir penal o legalmente&#8230; Los ex alcaldes quedaban libres&#8230;<\/p>\n\n\n\n<p>Muchos ex alcaldes teniendo ese \u00abdocumento oficial\u00bb en mano&#8230; Empezaron a publicarlo en sus redes sociales \u00abpresumiendole\u00bb al pueblo que \u00abno robaron nada\u00bb y que si lo hicieron \u00abrobaron poquito\u00bb para que nadie se diera cuenta&#8230; Se fotografiaban auto-felicit\u00e1ndose que estaban libres de toda sospecha y lo que sigue \u00abChencha\u00bb&#8230; De eso se dieron cuenta, los nuevos auditores y \u00ablastimaaaaaa Margaritoooooo\u00bb porque estos mismos est\u00e1n siendo llamados al ORFIS y por diputados locales para informarles que viene una nueva revisi\u00f3n.. SPTM&#8230;<\/p>\n\n\n\n<p>\u00abGarganta Profunda\u00bb cuenta lo que realmente pas\u00f3&#8230; Es que estos \u00ababusadillos\u00bb ex funcionarios del ORFIS&#8230; Imprim\u00edan en sus oficinas en hojas blancas el logotipo del ORFIS y el dise\u00f1o que llevan los documentos&#8230; Los llenaban de textos&#8230; Explicando que el ex alcalde quedaba libre de cualquier observaci\u00f3n&#8230; Le pon\u00edan una fecha actual, lo llenaban de firmas de todas las direcciones que hay en el ORFIS, le pon\u00edan un sello parecido al de recepci\u00f3n&#8230; Lo entregaban al \u00abgestor\u00bb, este al ex alcalde, previ\u00f3 \u00bb moche\u00bb y PUM&#8230; TODO LISTO&#8230;&nbsp;<\/p>\n\n\n\n<p>Pero era una FARSA&#8230;. Ning\u00fan ex alcalde tiene liberada sus cuentas p\u00fablicas del 2019, 2020, menos 2021&#8230; Esto debido, dice \u00abGarganta Profunda\u00bb, por la pandemia del COVID&#8230; El ORFIS como muchas dependencias gubernamentales, cerraron sus puertas desde marzo del 2020 y apenas el a\u00f1o pasado las abrieron&#8230; Por eso, las entregas de las cuentas p\u00fablicas est\u00e1n retrasadas por m\u00e1s de 2 a\u00f1os&#8230; As\u00ed que ning\u00fan ex alcalde tiene un documento oficial que avale que la libr\u00f3&#8230; Todo era una estafa&#8230; Y ellos est\u00e1n en \u00abcapilla\u00bb&#8230;&nbsp;<\/p>\n\n\n\n<p>As\u00ed que todos aquellos documentos \u00aboficiales\u00bb entregados por \u00abgestores\u00bb del ORFIS a ex alcaldes&#8230; Son falsos y tienen el valor de un billete de 1 peso&#8230; \u00abAs\u00ed que lo ca\u00eddo, ca\u00eddo\u00bb&#8230; Lo que pagaron para librar el tema, no sirvi\u00f3 de nada&#8230; Ya que las firmas no valen, no son funcionarios autorizados y sobre todo el ORFIS no hizo legalmente esos tr\u00e1mites para las cuentas p\u00fablicas del 2019&#8230; Por lo que nadie est\u00e1 libre de culpas y vienen m\u00e1s auditor\u00edas&#8230; Que ser\u00e1n las reales, las que avala el Congreso Local y el ORFIS&#8230; Los \u00abtransaron\u00bb&#8230;<\/p>\n\n\n\n<p>OJO&#8230; Mucho se menciona el caso del ex alcalde de San Andr\u00e9s Tuxtla, Octavio \u00abTavo\u00bb P\u00e9rez Garay&#8230; Que sus pendientes millonarios en sus cuentas p\u00fablicas&#8230; Otro es Polo Deschamps, ex alcalde de Medell\u00edn de Bravo, de qui\u00e9n se dice que por \u00abacuerdo$\u00bb en el ORFIS hab\u00eda librado todo problema legal&#8230; Pero las denuncias de Marcos Isle\u00f1o en su contra ah\u00ed est\u00e1n&#8230; Pedir\u00e1 que vuelvan a AUDITARLO y como los otros ex mun\u00edcipes.. Lo que gast\u00f3, no sirvi\u00f3&#8230; Tendr\u00eda que volver a de$embolsar&#8230; Al menos es lo que \u00abGarganta Profunda\u00bb cuenta&#8230; AMEN&#8230;&nbsp; &nbsp;<\/p>\n\n\n\n<p>EL RETO DEL PRI EN VERACRUZ&#8230; Si algo hay que reconocer de Marl\u00f3n Ram\u00edrez Mar\u00edn, presidente del PRI estatal, que pese a todas sus \u00abBiograf\u00edas no autorizadas\u00bb, \u00e9l nunca \u00abvolteo la cara\u00bb o rehuido a la militancia, sociedad y medios de comunicaci\u00f3n para defender a Alejandro Moren, l\u00edder nacional de su partido, y lo hizo patente ayer que le toc\u00f3 hacer Guard\u00eda de Honor por el mes Patrio en Xalapa a todo el comit\u00e9 estatal de su partido&#8230; Dejando claro que la lealtad es lo m\u00e1s importante para un pol\u00edtico y no rehuir por temor \u00abal qu\u00e9 dir\u00e1n\u00bb&#8230;&nbsp;&nbsp;M\u00ednimo..<\/p>\n\n\n\n<p>Se ve que en el PRI en Veracruz est\u00e1n mandando un mensaje para los sectores y organizaciones priistas, de que el CDE respeta su libre determinaci\u00f3n a su interior, pero que no&nbsp;&nbsp;est\u00e1n alejados del acuerdo con \u00abAlito\u00bb Moreno y Carolina Vigiano para poder tomar determinaciones en Veracruz&#8230; Ya que mientras esos organismos priistas rehuyen a defender al PRI ante sus cr\u00edticos&#8230; La dirigencia priista no.. Ya que qued\u00f3 demostrado que hab\u00eda que darle la oportunidad a las fuerzas armadas de tener un marco legal para el tema de la Guardia Nacional&#8230;.<\/p>\n\n\n\n<p>En el discurso de Marl\u00f3n&#8230; Tambi\u00e9n se mand\u00f3 un mensaje a diputados, alcaldes, s\u00edndicos, regidores y militantes&#8230; De que \u00e9l no se va ir antes del 2023 cuando termine su periodo de 4 a\u00f1os&#8230; Y que hagan lo que hagan, otras personalidades en contra de su dirigencia&#8230; No van a lograr menoscabar el liderazgo que hoy tiene el comit\u00e9 estatal avalado por el CEN&#8230; Al final de cuentas, los actuales alcaldes priistas llegaron al poder junto de la mano de Marlon y Ariana \u00c1ngeles&#8230; Y ellos los avalan porque no hay compromiso con los \u00abactores del pasado\u00bb&#8230;&nbsp;<\/p>\n\n\n\n<p>Tambi\u00e9n se vio \u00abcierto\u00bb mensaje pol\u00edtico al diputado federal priista por Perote, Jos\u00e9 Francisco Yunes Zorrilla&#8230; En el sentido de que respetaba su pensamiento y que hab\u00eda votado contra la iniciativa de la militarizaci\u00f3n de la Guardia Nacional porque as\u00ed se lo mandaron sus electores&#8230; Pero Pepe Yunes, tambi\u00e9n primero debe de pensar que quien le di\u00f3 la candidatura para ser legislador fue el PRI&#8230; Al final de cuentas, es parte de la lucha democr\u00e1tica que hay dentro de este partido&#8230;&nbsp;<\/p>\n\n\n\n<p>En resumen&#8230; Al PRI en Veracruz le queda fortalecerse para dar lucha en 2024&#8230; Hacer alianzas con oposici\u00f3n, recordando el papel fundamental para no perderlo todo en 2021..&nbsp;&nbsp;Teniendo en cuenta que estar\u00e1 hasta el 2023 en CDE, donde lleg\u00f3 sin ser impuesto y no le \u00abregalaron\u00bb la Presidencia, la gan\u00f3 en una elecci\u00f3n, por lo que no tiene un \u00abprotector\u00bb como sus adversarios priistas lo tuvieron cu\u00e1ndo detentaban cargos p\u00fablicos&#8230; Con respaldo buscar\u00e1 coalici\u00f3n de partidos y exhibir a funcionarios de MORENA que anden en campa\u00f1a abierta al 2024&#8230; Es su reto&#8230; AMEN&#8230;<\/p>\n","protected":false},"excerpt":{"rendered":"<p>Ricardo Ch\u00faa Sale y Vale Despu\u00e9s de que se \u00abdestap\u00f3\u00bb en el Congreso Local&#8230; La presunta \u00abcloaca\u00bb que hay en el \u00d3rgano de Fiscalizaci\u00f3n Superior (ORFIS) por los \u00abmoches\u00bb de ex alcaldes a altos ex funcionarios de este organismo para que \u00ablimpiar\u00e1n\u00bb sus\u00a0\u00a0cuentas p\u00fablicas&#8230; Ahora viene otra EXCLUSIVA&#8230; Todo fue una ESTAFA&#8230; Y los ex [&hellip;]<\/p>\n","protected":false},"author":2,"featured_media":0,"comment_status":"closed","ping_status":"closed","sticky":false,"template":"","format":"standard","meta":{"tdm_status":"","tdm_grid_status":"","footnotes":""},"categories":[70],"tags":[26708,35322,135,1947],"class_list":{"0":"post-95828","1":"post","2":"type-post","3":"status-publish","4":"format-standard","6":"category-de-opinion","7":"tag-marlon-ramirez-marin-3","8":"tag-octavio-tavo-perez-garay","9":"tag-orfis","10":"tag-organo-de-fiscalizacion-superior"},"yoast_head":"<!-- This site is optimized with the Yoast SEO plugin v27.4 - https:\/\/yoast.com\/product\/yoast-seo-wordpress\/ -->\n<title>ORFIS, LA NUEVA EXCLUSIVA - Los pol\u00edticos Veracruz<\/title>\n<meta name=\"robots\" content=\"index, follow, max-snippet:-1, max-image-preview:large, max-video-preview:-1\" \/>\n<link rel=\"canonical\" href=\"https:\/\/lospoliticosveracruz.com\/?p=95828\" \/>\n<meta property=\"og:locale\" content=\"es_ES\" \/>\n<meta property=\"og:type\" content=\"article\" \/>\n<meta property=\"og:title\" content=\"ORFIS, LA NUEVA EXCLUSIVA - Los pol\u00edticos Veracruz\" \/>\n<meta property=\"og:description\" content=\"Ricardo Ch\u00faa Sale y Vale Despu\u00e9s de que se \u00abdestap\u00f3\u00bb en el Congreso Local&#8230; La presunta \u00abcloaca\u00bb que hay en el \u00d3rgano de Fiscalizaci\u00f3n Superior (ORFIS) por los \u00abmoches\u00bb de ex alcaldes a altos ex funcionarios de este organismo para que \u00ablimpiar\u00e1n\u00bb sus\u00a0\u00a0cuentas p\u00fablicas&#8230; Ahora viene otra EXCLUSIVA&#8230; Todo fue una ESTAFA&#8230; Y los ex [&hellip;]\" \/>\n<meta property=\"og:url\" content=\"https:\/\/lospoliticosveracruz.com\/?p=95828\" \/>\n<meta property=\"og:site_name\" content=\"Los pol\u00edticos Veracruz\" \/>\n<meta property=\"article:publisher\" content=\"https:\/\/www.facebook.com\/people\/Notimemes-de-los-Polticos\/61565672886568\/\" \/>\n<meta property=\"article:published_time\" content=\"2022-09-23T12:56:24+00:00\" \/>\n<meta property=\"article:modified_time\" content=\"2022-09-23T12:56:36+00:00\" \/>\n<meta property=\"og:image\" content=\"https:\/\/lospoliticosveracruz.com.mx\/wp-content\/uploads\/2022\/05\/Seguro-Julio-Cerecedo.jpg\" \/>\n<meta name=\"author\" content=\"Lo viste en Los Pol\u00edticos\" \/>\n<meta name=\"twitter:card\" content=\"summary_large_image\" \/>\n<meta name=\"twitter:creator\" content=\"@LosPoliticosVer\" \/>\n<meta name=\"twitter:site\" content=\"@LosPoliticosVer\" \/>\n<meta name=\"twitter:label1\" content=\"Escrito por\" \/>\n\t<meta name=\"twitter:data1\" content=\"Lo viste en Los Pol\u00edticos\" \/>\n\t<meta name=\"twitter:label2\" content=\"Tiempo de lectura\" \/>\n\t<meta name=\"twitter:data2\" content=\"6 minutos\" \/>\n<script type=\"application\/ld+json\" class=\"yoast-schema-graph\">{\"@context\":\"https:\\\/\\\/schema.org\",\"@graph\":[{\"@type\":\"Article\",\"@id\":\"https:\\\/\\\/lospoliticosveracruz.com\\\/?p=95828#article\",\"isPartOf\":{\"@id\":\"https:\\\/\\\/lospoliticosveracruz.com\\\/?p=95828\"},\"author\":{\"name\":\"Lo viste en Los Pol\u00edticos\",\"@id\":\"https:\\\/\\\/lospoliticosveracruz.com\\\/#\\\/schema\\\/person\\\/b8702bb0e538456e6efd07080bf2a4a2\"},\"headline\":\"ORFIS, LA NUEVA EXCLUSIVA\",\"datePublished\":\"2022-09-23T12:56:24+00:00\",\"dateModified\":\"2022-09-23T12:56:36+00:00\",\"mainEntityOfPage\":{\"@id\":\"https:\\\/\\\/lospoliticosveracruz.com\\\/?p=95828\"},\"wordCount\":1162,\"publisher\":{\"@id\":\"https:\\\/\\\/lospoliticosveracruz.com\\\/#organization\"},\"image\":{\"@id\":\"https:\\\/\\\/lospoliticosveracruz.com\\\/?p=95828#primaryimage\"},\"thumbnailUrl\":\"https:\\\/\\\/lospoliticosveracruz.com.mx\\\/wp-content\\\/uploads\\\/2022\\\/05\\\/Seguro-Julio-Cerecedo.jpg\",\"keywords\":[\"Marl\u00f3n Ram\u00edrez Mar\u00edn\",\"Octavio &quot;Tavo&quot; P\u00e9rez Garay\",\"Orfis\",\"\u00d3rgano de Fiscalizaci\u00f3n Superior\"],\"articleSection\":[\"De Opini\u00f3n\"],\"inLanguage\":\"es\"},{\"@type\":\"WebPage\",\"@id\":\"https:\\\/\\\/lospoliticosveracruz.com\\\/?p=95828\",\"url\":\"https:\\\/\\\/lospoliticosveracruz.com\\\/?p=95828\",\"name\":\"ORFIS, LA NUEVA EXCLUSIVA - Los pol\u00edticos Veracruz\",\"isPartOf\":{\"@id\":\"https:\\\/\\\/lospoliticosveracruz.com\\\/#website\"},\"primaryImageOfPage\":{\"@id\":\"https:\\\/\\\/lospoliticosveracruz.com\\\/?p=95828#primaryimage\"},\"image\":{\"@id\":\"https:\\\/\\\/lospoliticosveracruz.com\\\/?p=95828#primaryimage\"},\"thumbnailUrl\":\"https:\\\/\\\/lospoliticosveracruz.com.mx\\\/wp-content\\\/uploads\\\/2022\\\/05\\\/Seguro-Julio-Cerecedo.jpg\",\"datePublished\":\"2022-09-23T12:56:24+00:00\",\"dateModified\":\"2022-09-23T12:56:36+00:00\",\"breadcrumb\":{\"@id\":\"https:\\\/\\\/lospoliticosveracruz.com\\\/?p=95828#breadcrumb\"},\"inLanguage\":\"es\",\"potentialAction\":[{\"@type\":\"ReadAction\",\"target\":[\"https:\\\/\\\/lospoliticosveracruz.com\\\/?p=95828\"]}]},{\"@type\":\"ImageObject\",\"inLanguage\":\"es\",\"@id\":\"https:\\\/\\\/lospoliticosveracruz.com\\\/?p=95828#primaryimage\",\"url\":\"https:\\\/\\\/lospoliticosveracruz.com.mx\\\/wp-content\\\/uploads\\\/2022\\\/05\\\/Seguro-Julio-Cerecedo.jpg\",\"contentUrl\":\"https:\\\/\\\/lospoliticosveracruz.com.mx\\\/wp-content\\\/uploads\\\/2022\\\/05\\\/Seguro-Julio-Cerecedo.jpg\"},{\"@type\":\"BreadcrumbList\",\"@id\":\"https:\\\/\\\/lospoliticosveracruz.com\\\/?p=95828#breadcrumb\",\"itemListElement\":[{\"@type\":\"ListItem\",\"position\":1,\"name\":\"Portada\",\"item\":\"https:\\\/\\\/lospoliticosveracruz.com\\\/\"},{\"@type\":\"ListItem\",\"position\":2,\"name\":\"ORFIS, LA NUEVA EXCLUSIVA\"}]},{\"@type\":\"WebSite\",\"@id\":\"https:\\\/\\\/lospoliticosveracruz.com\\\/#website\",\"url\":\"https:\\\/\\\/lospoliticosveracruz.com\\\/\",\"name\":\"Los pol\u00edticos Veracruz\",\"description\":\"\",\"publisher\":{\"@id\":\"https:\\\/\\\/lospoliticosveracruz.com\\\/#organization\"},\"potentialAction\":[{\"@type\":\"SearchAction\",\"target\":{\"@type\":\"EntryPoint\",\"urlTemplate\":\"https:\\\/\\\/lospoliticosveracruz.com\\\/?s={search_term_string}\"},\"query-input\":{\"@type\":\"PropertyValueSpecification\",\"valueRequired\":true,\"valueName\":\"search_term_string\"}}],\"inLanguage\":\"es\"},{\"@type\":\"Organization\",\"@id\":\"https:\\\/\\\/lospoliticosveracruz.com\\\/#organization\",\"name\":\"Los pol\u00edticos Veracruz\",\"url\":\"https:\\\/\\\/lospoliticosveracruz.com\\\/\",\"logo\":{\"@type\":\"ImageObject\",\"inLanguage\":\"es\",\"@id\":\"https:\\\/\\\/lospoliticosveracruz.com\\\/#\\\/schema\\\/logo\\\/image\\\/\",\"url\":\"https:\\\/\\\/lospoliticosveracruz.com\\\/wp-content\\\/uploads\\\/2025\\\/12\\\/Logo-Nuevo-LOS-POLITICOS-1.jpg\",\"contentUrl\":\"https:\\\/\\\/lospoliticosveracruz.com\\\/wp-content\\\/uploads\\\/2025\\\/12\\\/Logo-Nuevo-LOS-POLITICOS-1.jpg\",\"width\":260,\"height\":70,\"caption\":\"Los pol\u00edticos Veracruz\"},\"image\":{\"@id\":\"https:\\\/\\\/lospoliticosveracruz.com\\\/#\\\/schema\\\/logo\\\/image\\\/\"},\"sameAs\":[\"https:\\\/\\\/www.facebook.com\\\/people\\\/Notimemes-de-los-Polticos\\\/61565672886568\\\/\",\"https:\\\/\\\/x.com\\\/LosPoliticosVer\"]},{\"@type\":\"Person\",\"@id\":\"https:\\\/\\\/lospoliticosveracruz.com\\\/#\\\/schema\\\/person\\\/b8702bb0e538456e6efd07080bf2a4a2\",\"name\":\"Lo viste en Los Pol\u00edticos\",\"image\":{\"@type\":\"ImageObject\",\"inLanguage\":\"es\",\"@id\":\"https:\\\/\\\/secure.gravatar.com\\\/avatar\\\/3a8de04a2656d44082be478bd6c086daa447c4651605818287b9532d3d0bd435?s=96&d=mm&r=g\",\"url\":\"https:\\\/\\\/secure.gravatar.com\\\/avatar\\\/3a8de04a2656d44082be478bd6c086daa447c4651605818287b9532d3d0bd435?s=96&d=mm&r=g\",\"contentUrl\":\"https:\\\/\\\/secure.gravatar.com\\\/avatar\\\/3a8de04a2656d44082be478bd6c086daa447c4651605818287b9532d3d0bd435?s=96&d=mm&r=g\",\"caption\":\"Lo viste en Los Pol\u00edticos\"},\"url\":\"https:\\\/\\\/lospoliticosveracruz.com\\\/?author=2\"}]}<\/script>\n<!-- \/ Yoast SEO plugin. -->","yoast_head_json":{"title":"ORFIS, LA NUEVA EXCLUSIVA - Los pol\u00edticos Veracruz","robots":{"index":"index","follow":"follow","max-snippet":"max-snippet:-1","max-image-preview":"max-image-preview:large","max-video-preview":"max-video-preview:-1"},"canonical":"https:\/\/lospoliticosveracruz.com\/?p=95828","og_locale":"es_ES","og_type":"article","og_title":"ORFIS, LA NUEVA EXCLUSIVA - Los pol\u00edticos Veracruz","og_description":"Ricardo Ch\u00faa Sale y Vale Despu\u00e9s de que se \u00abdestap\u00f3\u00bb en el Congreso Local&#8230; La presunta \u00abcloaca\u00bb que hay en el \u00d3rgano de Fiscalizaci\u00f3n Superior (ORFIS) por los \u00abmoches\u00bb de ex alcaldes a altos ex funcionarios de este organismo para que \u00ablimpiar\u00e1n\u00bb sus\u00a0\u00a0cuentas p\u00fablicas&#8230; Ahora viene otra EXCLUSIVA&#8230; Todo fue una ESTAFA&#8230; Y los ex [&hellip;]","og_url":"https:\/\/lospoliticosveracruz.com\/?p=95828","og_site_name":"Los pol\u00edticos Veracruz","article_publisher":"https:\/\/www.facebook.com\/people\/Notimemes-de-los-Polticos\/61565672886568\/","article_published_time":"2022-09-23T12:56:24+00:00","article_modified_time":"2022-09-23T12:56:36+00:00","og_image":[{"url":"https:\/\/lospoliticosveracruz.com.mx\/wp-content\/uploads\/2022\/05\/Seguro-Julio-Cerecedo.jpg","type":"","width":"","height":""}],"author":"Lo viste en Los Pol\u00edticos","twitter_card":"summary_large_image","twitter_creator":"@LosPoliticosVer","twitter_site":"@LosPoliticosVer","twitter_misc":{"Escrito por":"Lo viste en Los Pol\u00edticos","Tiempo de lectura":"6 minutos"},"schema":{"@context":"https:\/\/schema.org","@graph":[{"@type":"Article","@id":"https:\/\/lospoliticosveracruz.com\/?p=95828#article","isPartOf":{"@id":"https:\/\/lospoliticosveracruz.com\/?p=95828"},"author":{"name":"Lo viste en Los Pol\u00edticos","@id":"https:\/\/lospoliticosveracruz.com\/#\/schema\/person\/b8702bb0e538456e6efd07080bf2a4a2"},"headline":"ORFIS, LA NUEVA EXCLUSIVA","datePublished":"2022-09-23T12:56:24+00:00","dateModified":"2022-09-23T12:56:36+00:00","mainEntityOfPage":{"@id":"https:\/\/lospoliticosveracruz.com\/?p=95828"},"wordCount":1162,"publisher":{"@id":"https:\/\/lospoliticosveracruz.com\/#organization"},"image":{"@id":"https:\/\/lospoliticosveracruz.com\/?p=95828#primaryimage"},"thumbnailUrl":"https:\/\/lospoliticosveracruz.com.mx\/wp-content\/uploads\/2022\/05\/Seguro-Julio-Cerecedo.jpg","keywords":["Marl\u00f3n Ram\u00edrez Mar\u00edn","Octavio &quot;Tavo&quot; P\u00e9rez Garay","Orfis","\u00d3rgano de Fiscalizaci\u00f3n Superior"],"articleSection":["De Opini\u00f3n"],"inLanguage":"es"},{"@type":"WebPage","@id":"https:\/\/lospoliticosveracruz.com\/?p=95828","url":"https:\/\/lospoliticosveracruz.com\/?p=95828","name":"ORFIS, LA NUEVA EXCLUSIVA - Los pol\u00edticos Veracruz","isPartOf":{"@id":"https:\/\/lospoliticosveracruz.com\/#website"},"primaryImageOfPage":{"@id":"https:\/\/lospoliticosveracruz.com\/?p=95828#primaryimage"},"image":{"@id":"https:\/\/lospoliticosveracruz.com\/?p=95828#primaryimage"},"thumbnailUrl":"https:\/\/lospoliticosveracruz.com.mx\/wp-content\/uploads\/2022\/05\/Seguro-Julio-Cerecedo.jpg","datePublished":"2022-09-23T12:56:24+00:00","dateModified":"2022-09-23T12:56:36+00:00","breadcrumb":{"@id":"https:\/\/lospoliticosveracruz.com\/?p=95828#breadcrumb"},"inLanguage":"es","potentialAction":[{"@type":"ReadAction","target":["https:\/\/lospoliticosveracruz.com\/?p=95828"]}]},{"@type":"ImageObject","inLanguage":"es","@id":"https:\/\/lospoliticosveracruz.com\/?p=95828#primaryimage","url":"https:\/\/lospoliticosveracruz.com.mx\/wp-content\/uploads\/2022\/05\/Seguro-Julio-Cerecedo.jpg","contentUrl":"https:\/\/lospoliticosveracruz.com.mx\/wp-content\/uploads\/2022\/05\/Seguro-Julio-Cerecedo.jpg"},{"@type":"BreadcrumbList","@id":"https:\/\/lospoliticosveracruz.com\/?p=95828#breadcrumb","itemListElement":[{"@type":"ListItem","position":1,"name":"Portada","item":"https:\/\/lospoliticosveracruz.com\/"},{"@type":"ListItem","position":2,"name":"ORFIS, LA NUEVA EXCLUSIVA"}]},{"@type":"WebSite","@id":"https:\/\/lospoliticosveracruz.com\/#website","url":"https:\/\/lospoliticosveracruz.com\/","name":"Los pol\u00edticos Veracruz","description":"","publisher":{"@id":"https:\/\/lospoliticosveracruz.com\/#organization"},"potentialAction":[{"@type":"SearchAction","target":{"@type":"EntryPoint","urlTemplate":"https:\/\/lospoliticosveracruz.com\/?s={search_term_string}"},"query-input":{"@type":"PropertyValueSpecification","valueRequired":true,"valueName":"search_term_string"}}],"inLanguage":"es"},{"@type":"Organization","@id":"https:\/\/lospoliticosveracruz.com\/#organization","name":"Los pol\u00edticos Veracruz","url":"https:\/\/lospoliticosveracruz.com\/","logo":{"@type":"ImageObject","inLanguage":"es","@id":"https:\/\/lospoliticosveracruz.com\/#\/schema\/logo\/image\/","url":"https:\/\/lospoliticosveracruz.com\/wp-content\/uploads\/2025\/12\/Logo-Nuevo-LOS-POLITICOS-1.jpg","contentUrl":"https:\/\/lospoliticosveracruz.com\/wp-content\/uploads\/2025\/12\/Logo-Nuevo-LOS-POLITICOS-1.jpg","width":260,"height":70,"caption":"Los pol\u00edticos Veracruz"},"image":{"@id":"https:\/\/lospoliticosveracruz.com\/#\/schema\/logo\/image\/"},"sameAs":["https:\/\/www.facebook.com\/people\/Notimemes-de-los-Polticos\/61565672886568\/","https:\/\/x.com\/LosPoliticosVer"]},{"@type":"Person","@id":"https:\/\/lospoliticosveracruz.com\/#\/schema\/person\/b8702bb0e538456e6efd07080bf2a4a2","name":"Lo viste en Los Pol\u00edticos","image":{"@type":"ImageObject","inLanguage":"es","@id":"https:\/\/secure.gravatar.com\/avatar\/3a8de04a2656d44082be478bd6c086daa447c4651605818287b9532d3d0bd435?s=96&d=mm&r=g","url":"https:\/\/secure.gravatar.com\/avatar\/3a8de04a2656d44082be478bd6c086daa447c4651605818287b9532d3d0bd435?s=96&d=mm&r=g","contentUrl":"https:\/\/secure.gravatar.com\/avatar\/3a8de04a2656d44082be478bd6c086daa447c4651605818287b9532d3d0bd435?s=96&d=mm&r=g","caption":"Lo viste en Los Pol\u00edticos"},"url":"https:\/\/lospoliticosveracruz.com\/?author=2"}]}},"_links":{"self":[{"href":"https:\/\/lospoliticosveracruz.com\/index.php?rest_route=\/wp\/v2\/posts\/95828","targetHints":{"allow":["GET"]}}],"collection":[{"href":"https:\/\/lospoliticosveracruz.com\/index.php?rest_route=\/wp\/v2\/posts"}],"about":[{"href":"https:\/\/lospoliticosveracruz.com\/index.php?rest_route=\/wp\/v2\/types\/post"}],"author":[{"embeddable":true,"href":"https:\/\/lospoliticosveracruz.com\/index.php?rest_route=\/wp\/v2\/users\/2"}],"replies":[{"embeddable":true,"href":"https:\/\/lospoliticosveracruz.com\/index.php?rest_route=%2Fwp%2Fv2%2Fcomments&post=95828"}],"version-history":[{"count":1,"href":"https:\/\/lospoliticosveracruz.com\/index.php?rest_route=\/wp\/v2\/posts\/95828\/revisions"}],"predecessor-version":[{"id":95830,"href":"https:\/\/lospoliticosveracruz.com\/index.php?rest_route=\/wp\/v2\/posts\/95828\/revisions\/95830"}],"wp:attachment":[{"href":"https:\/\/lospoliticosveracruz.com\/index.php?rest_route=%2Fwp%2Fv2%2Fmedia&parent=95828"}],"wp:term":[{"taxonomy":"category","embeddable":true,"href":"https:\/\/lospoliticosveracruz.com\/index.php?rest_route=%2Fwp%2Fv2%2Fcategories&post=95828"},{"taxonomy":"post_tag","embeddable":true,"href":"https:\/\/lospoliticosveracruz.com\/index.php?rest_route=%2Fwp%2Fv2%2Ftags&post=95828"}],"curies":[{"name":"wp","href":"https:\/\/api.w.org\/{rel}","templated":true}]}}