{"id":95835,"date":"2022-09-23T10:32:54","date_gmt":"2022-09-23T15:32:54","guid":{"rendered":"https:\/\/lospoliticosveracruz.com.mx\/?p=95835"},"modified":"2022-09-23T10:32:59","modified_gmt":"2022-09-23T15:32:59","slug":"huerta-desbocado","status":"publish","type":"post","link":"https:\/\/lospoliticosveracruz.com\/?p=95835","title":{"rendered":"HUERTA, DESBOCADO"},"content":{"rendered":"\n<p><\/p>\n\n\n\n<p><br><strong>Ignacio Alvarez<\/strong><br><em>Pluma Negra<\/em><\/p>\n\n\n\n<p>Manuel Huerta Ladr\u00f3n de Guevara se desboc\u00f3. No cuid\u00f3 las formas. Anda con chaleco de la Secretar\u00eda de Bienestar y en operativos de entrega de programas de gobierno, dando ruedas de prensa para declarar que quiere ser candidato a gobernador y buscando que lo entrevisten para lograr colarse en la encuesta.<\/p>\n\n\n\n<p>El delegado de Bienestar se volvi\u00f3 muy ma\u00f1oso y se ha convertido en un obsesi\u00f3n la candidatura al gobierno, dej\u00f3 a un lado la \u00e9tica profesional de trabajar por los pobres y ahora antepone su inter\u00e9s personal.<\/p>\n\n\n\n<p>Primero que se ponga a trabajar porque hay muchas quejas de viejitos que se quejan de mal trato. Los hacen esperar desde las 5:00 de la ma\u00f1ana parados, con sol y lluvia afuera del Auditorio Benito Ju\u00e1rez para que les paguen hasta las tres de la tarde, Muchos van con incontinencia, bastones, enfermos y ah\u00ed los tienen horas. Mientras el gordo se anda luciendo saludando y tomando fotos y haciendo declaraciones.<\/p>\n\n\n\n<p><strong>Arde Purga<\/strong><\/p>\n\n\n\n<p>En el conflicto que se vivi\u00f3 en Manlio Fabio Altamirano quedaron de manifiesto varias aristas de interrogaci\u00f3n que mantienen en la zozobra y la desilusi\u00f3n a los pobladores de ese lugar.<\/p>\n\n\n\n<p>En primer lugar los manliofabenses se preguntan cual es la posici\u00f3n real del diputado local morenista Magdaleno Rosales Torres, quien ha asumido claroscuros en el conflicto que culmin\u00f3 en un enfrentamiento entre paisanos y un acuerdo en el que se destaca que la obra hidra\u00falica no sufrir\u00e1 cambio alguno y los medidores de agua potable se instalar\u00e1n en los domicilios con la dudosa promesa de que las tarifas de agua potable en esa poblaci\u00f3n no sufrir\u00e1n incremento, pero en cambio se incluye que cualquier ciudadano que pretenda manifestarse o realizar alguna acci\u00f3n contraria a la obra se har\u00e1 acreedor a una sanci\u00f3n jur\u00eddica que podr\u00eda llevarlos incluso a la c\u00e1rcel.<\/p>\n\n\n\n<p>En ese lugar se preguntan, porqu\u00e9 el diputado Magdaleno, por cierto paisano de los ciudadanos de ese lugar, permiti\u00f3 ese acuerdo que deja en la indefensi\u00f3n a los inconformes con la obra, porque ya no podr\u00e1n objetar nada y en cambio la administraci\u00f3n municipal morenista encabezada por Ana Lilia Arrieta Guti\u00e9rrez y la CAEV podr\u00e1n instalar los medidores de agua y en cualquier momento podr\u00edan subir el cobro de las tarifas argumentando un inter\u00e9s p\u00fablico.<\/p>\n\n\n\n<p>El papel del legislador morenista ha sido dis\u00edmbolo, pues por un lado se dice apoyar a sus paisanos en esta inconformidad y por el otro acepta las condiciones de la alcaldesa, con la que presuntamente enfrenta un conflicto de intereses.<\/p>\n\n\n\n<p>Su actuar deja luchas dudas, por un lado acusa y denuncia p\u00fablicamente los il\u00edcitos en que presuntamente ha incurrido la alcaldesa para favorecer negocios personales de su esposo, V\u00edctor Pulido, a quien le ha.acusado de desviar apoyos enviados por el gobierno Federal y estatal en beneficio de productores rurales de ese municipio, entre ellos la adjudicaci\u00f3n de 100 cabezas de ganado y la venta de un terreno propiedad del c\u00f3nyuge de la presidenta para construir una base de la Guardia Nacional.<\/p>\n\n\n\n<p>Ahora con ese acuerdo firmado ante el Subsecretario de Gobierno, Carlos Ju\u00e1rez Gil, los ciudadanos de Manlio Fabio Altamirano se preguntan si el diputado Magdaleno seguir\u00e1 insistiendo en denunciar las anomal\u00edas detectadas en la administraci\u00f3n municipal de Manlio Fabio Altamirano o se abstendr\u00e1 ya de hacerlo en aras de mantener la unidad del Partido en el poder o por simple beneficio pol\u00edtico personal.<\/p>\n","protected":false},"excerpt":{"rendered":"<p>Ignacio AlvarezPluma Negra Manuel Huerta Ladr\u00f3n de Guevara se desboc\u00f3. No cuid\u00f3 las formas. Anda con chaleco de la Secretar\u00eda de Bienestar y en operativos de entrega de programas de gobierno, dando ruedas de prensa para declarar que quiere ser candidato a gobernador y buscando que lo entrevisten para lograr colarse en la encuesta. El [&hellip;]<\/p>\n","protected":false},"author":2,"featured_media":0,"comment_status":"closed","ping_status":"closed","sticky":false,"template":"","format":"standard","meta":{"tdm_status":"","tdm_grid_status":"","footnotes":""},"categories":[70],"tags":[28674,14327,10987,1850,14248],"class_list":{"0":"post-95835","1":"post","2":"type-post","3":"status-publish","4":"format-standard","6":"category-de-opinion","7":"tag-ignacio-alvarez","8":"tag-magdaleno-rosales-torres","9":"tag-manlio-fabio-altamirano","10":"tag-manuel-huerta-ladron-de-guevara","11":"tag-secretaria-de-bienestar"},"yoast_head":"<!-- This site is optimized with the Yoast SEO plugin v27.4 - https:\/\/yoast.com\/product\/yoast-seo-wordpress\/ -->\n<title>HUERTA, DESBOCADO - Los pol\u00edticos Veracruz<\/title>\n<meta name=\"robots\" content=\"index, follow, max-snippet:-1, max-image-preview:large, max-video-preview:-1\" \/>\n<link rel=\"canonical\" href=\"https:\/\/lospoliticosveracruz.com\/?p=95835\" \/>\n<meta property=\"og:locale\" content=\"es_ES\" \/>\n<meta property=\"og:type\" content=\"article\" \/>\n<meta property=\"og:title\" content=\"HUERTA, DESBOCADO - Los pol\u00edticos Veracruz\" \/>\n<meta property=\"og:description\" content=\"Ignacio AlvarezPluma Negra Manuel Huerta Ladr\u00f3n de Guevara se desboc\u00f3. No cuid\u00f3 las formas. Anda con chaleco de la Secretar\u00eda de Bienestar y en operativos de entrega de programas de gobierno, dando ruedas de prensa para declarar que quiere ser candidato a gobernador y buscando que lo entrevisten para lograr colarse en la encuesta. El [&hellip;]\" \/>\n<meta property=\"og:url\" content=\"https:\/\/lospoliticosveracruz.com\/?p=95835\" \/>\n<meta property=\"og:site_name\" content=\"Los pol\u00edticos Veracruz\" \/>\n<meta property=\"article:publisher\" content=\"https:\/\/www.facebook.com\/people\/Notimemes-de-los-Polticos\/61565672886568\/\" \/>\n<meta property=\"article:published_time\" content=\"2022-09-23T15:32:54+00:00\" \/>\n<meta property=\"article:modified_time\" content=\"2022-09-23T15:32:59+00:00\" \/>\n<meta property=\"og:image\" content=\"https:\/\/lospoliticosveracruz.com\/wp-content\/uploads\/2016\/07\/Logo-Dor.jpg\" \/>\n\t<meta property=\"og:image:width\" content=\"200\" \/>\n\t<meta property=\"og:image:height\" content=\"200\" \/>\n\t<meta property=\"og:image:type\" content=\"image\/jpeg\" \/>\n<meta name=\"author\" content=\"Lo viste en Los Pol\u00edticos\" \/>\n<meta name=\"twitter:card\" content=\"summary_large_image\" \/>\n<meta name=\"twitter:creator\" content=\"@LosPoliticosVer\" \/>\n<meta name=\"twitter:site\" content=\"@LosPoliticosVer\" \/>\n<meta name=\"twitter:label1\" content=\"Escrito por\" \/>\n\t<meta name=\"twitter:data1\" content=\"Lo viste en Los Pol\u00edticos\" \/>\n\t<meta name=\"twitter:label2\" content=\"Tiempo de lectura\" \/>\n\t<meta name=\"twitter:data2\" content=\"3 minutos\" \/>\n<script type=\"application\/ld+json\" class=\"yoast-schema-graph\">{\"@context\":\"https:\\\/\\\/schema.org\",\"@graph\":[{\"@type\":\"Article\",\"@id\":\"https:\\\/\\\/lospoliticosveracruz.com\\\/?p=95835#article\",\"isPartOf\":{\"@id\":\"https:\\\/\\\/lospoliticosveracruz.com\\\/?p=95835\"},\"author\":{\"name\":\"Lo viste en Los Pol\u00edticos\",\"@id\":\"https:\\\/\\\/lospoliticosveracruz.com\\\/#\\\/schema\\\/person\\\/b8702bb0e538456e6efd07080bf2a4a2\"},\"headline\":\"HUERTA, DESBOCADO\",\"datePublished\":\"2022-09-23T15:32:54+00:00\",\"dateModified\":\"2022-09-23T15:32:59+00:00\",\"mainEntityOfPage\":{\"@id\":\"https:\\\/\\\/lospoliticosveracruz.com\\\/?p=95835\"},\"wordCount\":603,\"publisher\":{\"@id\":\"https:\\\/\\\/lospoliticosveracruz.com\\\/#organization\"},\"keywords\":[\"Ignacio Alvarez\",\"Magdaleno Rosales Torres\",\"Manlio Fabio Altamirano\",\"Manuel Huerta Ladr\u00f3n de Guevara\",\"Secretar\u00eda de Bienestar\"],\"articleSection\":[\"De Opini\u00f3n\"],\"inLanguage\":\"es\"},{\"@type\":\"WebPage\",\"@id\":\"https:\\\/\\\/lospoliticosveracruz.com\\\/?p=95835\",\"url\":\"https:\\\/\\\/lospoliticosveracruz.com\\\/?p=95835\",\"name\":\"HUERTA, DESBOCADO - Los pol\u00edticos Veracruz\",\"isPartOf\":{\"@id\":\"https:\\\/\\\/lospoliticosveracruz.com\\\/#website\"},\"datePublished\":\"2022-09-23T15:32:54+00:00\",\"dateModified\":\"2022-09-23T15:32:59+00:00\",\"breadcrumb\":{\"@id\":\"https:\\\/\\\/lospoliticosveracruz.com\\\/?p=95835#breadcrumb\"},\"inLanguage\":\"es\",\"potentialAction\":[{\"@type\":\"ReadAction\",\"target\":[\"https:\\\/\\\/lospoliticosveracruz.com\\\/?p=95835\"]}]},{\"@type\":\"BreadcrumbList\",\"@id\":\"https:\\\/\\\/lospoliticosveracruz.com\\\/?p=95835#breadcrumb\",\"itemListElement\":[{\"@type\":\"ListItem\",\"position\":1,\"name\":\"Portada\",\"item\":\"https:\\\/\\\/lospoliticosveracruz.com\\\/\"},{\"@type\":\"ListItem\",\"position\":2,\"name\":\"HUERTA, DESBOCADO\"}]},{\"@type\":\"WebSite\",\"@id\":\"https:\\\/\\\/lospoliticosveracruz.com\\\/#website\",\"url\":\"https:\\\/\\\/lospoliticosveracruz.com\\\/\",\"name\":\"Los pol\u00edticos Veracruz\",\"description\":\"\",\"publisher\":{\"@id\":\"https:\\\/\\\/lospoliticosveracruz.com\\\/#organization\"},\"potentialAction\":[{\"@type\":\"SearchAction\",\"target\":{\"@type\":\"EntryPoint\",\"urlTemplate\":\"https:\\\/\\\/lospoliticosveracruz.com\\\/?s={search_term_string}\"},\"query-input\":{\"@type\":\"PropertyValueSpecification\",\"valueRequired\":true,\"valueName\":\"search_term_string\"}}],\"inLanguage\":\"es\"},{\"@type\":\"Organization\",\"@id\":\"https:\\\/\\\/lospoliticosveracruz.com\\\/#organization\",\"name\":\"Los pol\u00edticos Veracruz\",\"url\":\"https:\\\/\\\/lospoliticosveracruz.com\\\/\",\"logo\":{\"@type\":\"ImageObject\",\"inLanguage\":\"es\",\"@id\":\"https:\\\/\\\/lospoliticosveracruz.com\\\/#\\\/schema\\\/logo\\\/image\\\/\",\"url\":\"https:\\\/\\\/lospoliticosveracruz.com\\\/wp-content\\\/uploads\\\/2025\\\/12\\\/Logo-Nuevo-LOS-POLITICOS-1.jpg\",\"contentUrl\":\"https:\\\/\\\/lospoliticosveracruz.com\\\/wp-content\\\/uploads\\\/2025\\\/12\\\/Logo-Nuevo-LOS-POLITICOS-1.jpg\",\"width\":260,\"height\":70,\"caption\":\"Los pol\u00edticos Veracruz\"},\"image\":{\"@id\":\"https:\\\/\\\/lospoliticosveracruz.com\\\/#\\\/schema\\\/logo\\\/image\\\/\"},\"sameAs\":[\"https:\\\/\\\/www.facebook.com\\\/people\\\/Notimemes-de-los-Polticos\\\/61565672886568\\\/\",\"https:\\\/\\\/x.com\\\/LosPoliticosVer\"]},{\"@type\":\"Person\",\"@id\":\"https:\\\/\\\/lospoliticosveracruz.com\\\/#\\\/schema\\\/person\\\/b8702bb0e538456e6efd07080bf2a4a2\",\"name\":\"Lo viste en Los Pol\u00edticos\",\"image\":{\"@type\":\"ImageObject\",\"inLanguage\":\"es\",\"@id\":\"https:\\\/\\\/secure.gravatar.com\\\/avatar\\\/3a8de04a2656d44082be478bd6c086daa447c4651605818287b9532d3d0bd435?s=96&d=mm&r=g\",\"url\":\"https:\\\/\\\/secure.gravatar.com\\\/avatar\\\/3a8de04a2656d44082be478bd6c086daa447c4651605818287b9532d3d0bd435?s=96&d=mm&r=g\",\"contentUrl\":\"https:\\\/\\\/secure.gravatar.com\\\/avatar\\\/3a8de04a2656d44082be478bd6c086daa447c4651605818287b9532d3d0bd435?s=96&d=mm&r=g\",\"caption\":\"Lo viste en Los Pol\u00edticos\"},\"url\":\"https:\\\/\\\/lospoliticosveracruz.com\\\/?author=2\"}]}<\/script>\n<!-- \/ Yoast SEO plugin. -->","yoast_head_json":{"title":"HUERTA, DESBOCADO - Los pol\u00edticos Veracruz","robots":{"index":"index","follow":"follow","max-snippet":"max-snippet:-1","max-image-preview":"max-image-preview:large","max-video-preview":"max-video-preview:-1"},"canonical":"https:\/\/lospoliticosveracruz.com\/?p=95835","og_locale":"es_ES","og_type":"article","og_title":"HUERTA, DESBOCADO - Los pol\u00edticos Veracruz","og_description":"Ignacio AlvarezPluma Negra Manuel Huerta Ladr\u00f3n de Guevara se desboc\u00f3. No cuid\u00f3 las formas. Anda con chaleco de la Secretar\u00eda de Bienestar y en operativos de entrega de programas de gobierno, dando ruedas de prensa para declarar que quiere ser candidato a gobernador y buscando que lo entrevisten para lograr colarse en la encuesta. El [&hellip;]","og_url":"https:\/\/lospoliticosveracruz.com\/?p=95835","og_site_name":"Los pol\u00edticos Veracruz","article_publisher":"https:\/\/www.facebook.com\/people\/Notimemes-de-los-Polticos\/61565672886568\/","article_published_time":"2022-09-23T15:32:54+00:00","article_modified_time":"2022-09-23T15:32:59+00:00","og_image":[{"width":200,"height":200,"url":"https:\/\/lospoliticosveracruz.com\/wp-content\/uploads\/2016\/07\/Logo-Dor.jpg","type":"image\/jpeg"}],"author":"Lo viste en Los Pol\u00edticos","twitter_card":"summary_large_image","twitter_creator":"@LosPoliticosVer","twitter_site":"@LosPoliticosVer","twitter_misc":{"Escrito por":"Lo viste en Los Pol\u00edticos","Tiempo de lectura":"3 minutos"},"schema":{"@context":"https:\/\/schema.org","@graph":[{"@type":"Article","@id":"https:\/\/lospoliticosveracruz.com\/?p=95835#article","isPartOf":{"@id":"https:\/\/lospoliticosveracruz.com\/?p=95835"},"author":{"name":"Lo viste en Los Pol\u00edticos","@id":"https:\/\/lospoliticosveracruz.com\/#\/schema\/person\/b8702bb0e538456e6efd07080bf2a4a2"},"headline":"HUERTA, DESBOCADO","datePublished":"2022-09-23T15:32:54+00:00","dateModified":"2022-09-23T15:32:59+00:00","mainEntityOfPage":{"@id":"https:\/\/lospoliticosveracruz.com\/?p=95835"},"wordCount":603,"publisher":{"@id":"https:\/\/lospoliticosveracruz.com\/#organization"},"keywords":["Ignacio Alvarez","Magdaleno Rosales Torres","Manlio Fabio Altamirano","Manuel Huerta Ladr\u00f3n de Guevara","Secretar\u00eda de Bienestar"],"articleSection":["De Opini\u00f3n"],"inLanguage":"es"},{"@type":"WebPage","@id":"https:\/\/lospoliticosveracruz.com\/?p=95835","url":"https:\/\/lospoliticosveracruz.com\/?p=95835","name":"HUERTA, DESBOCADO - Los pol\u00edticos Veracruz","isPartOf":{"@id":"https:\/\/lospoliticosveracruz.com\/#website"},"datePublished":"2022-09-23T15:32:54+00:00","dateModified":"2022-09-23T15:32:59+00:00","breadcrumb":{"@id":"https:\/\/lospoliticosveracruz.com\/?p=95835#breadcrumb"},"inLanguage":"es","potentialAction":[{"@type":"ReadAction","target":["https:\/\/lospoliticosveracruz.com\/?p=95835"]}]},{"@type":"BreadcrumbList","@id":"https:\/\/lospoliticosveracruz.com\/?p=95835#breadcrumb","itemListElement":[{"@type":"ListItem","position":1,"name":"Portada","item":"https:\/\/lospoliticosveracruz.com\/"},{"@type":"ListItem","position":2,"name":"HUERTA, DESBOCADO"}]},{"@type":"WebSite","@id":"https:\/\/lospoliticosveracruz.com\/#website","url":"https:\/\/lospoliticosveracruz.com\/","name":"Los pol\u00edticos Veracruz","description":"","publisher":{"@id":"https:\/\/lospoliticosveracruz.com\/#organization"},"potentialAction":[{"@type":"SearchAction","target":{"@type":"EntryPoint","urlTemplate":"https:\/\/lospoliticosveracruz.com\/?s={search_term_string}"},"query-input":{"@type":"PropertyValueSpecification","valueRequired":true,"valueName":"search_term_string"}}],"inLanguage":"es"},{"@type":"Organization","@id":"https:\/\/lospoliticosveracruz.com\/#organization","name":"Los pol\u00edticos Veracruz","url":"https:\/\/lospoliticosveracruz.com\/","logo":{"@type":"ImageObject","inLanguage":"es","@id":"https:\/\/lospoliticosveracruz.com\/#\/schema\/logo\/image\/","url":"https:\/\/lospoliticosveracruz.com\/wp-content\/uploads\/2025\/12\/Logo-Nuevo-LOS-POLITICOS-1.jpg","contentUrl":"https:\/\/lospoliticosveracruz.com\/wp-content\/uploads\/2025\/12\/Logo-Nuevo-LOS-POLITICOS-1.jpg","width":260,"height":70,"caption":"Los pol\u00edticos Veracruz"},"image":{"@id":"https:\/\/lospoliticosveracruz.com\/#\/schema\/logo\/image\/"},"sameAs":["https:\/\/www.facebook.com\/people\/Notimemes-de-los-Polticos\/61565672886568\/","https:\/\/x.com\/LosPoliticosVer"]},{"@type":"Person","@id":"https:\/\/lospoliticosveracruz.com\/#\/schema\/person\/b8702bb0e538456e6efd07080bf2a4a2","name":"Lo viste en Los Pol\u00edticos","image":{"@type":"ImageObject","inLanguage":"es","@id":"https:\/\/secure.gravatar.com\/avatar\/3a8de04a2656d44082be478bd6c086daa447c4651605818287b9532d3d0bd435?s=96&d=mm&r=g","url":"https:\/\/secure.gravatar.com\/avatar\/3a8de04a2656d44082be478bd6c086daa447c4651605818287b9532d3d0bd435?s=96&d=mm&r=g","contentUrl":"https:\/\/secure.gravatar.com\/avatar\/3a8de04a2656d44082be478bd6c086daa447c4651605818287b9532d3d0bd435?s=96&d=mm&r=g","caption":"Lo viste en Los Pol\u00edticos"},"url":"https:\/\/lospoliticosveracruz.com\/?author=2"}]}},"_links":{"self":[{"href":"https:\/\/lospoliticosveracruz.com\/index.php?rest_route=\/wp\/v2\/posts\/95835","targetHints":{"allow":["GET"]}}],"collection":[{"href":"https:\/\/lospoliticosveracruz.com\/index.php?rest_route=\/wp\/v2\/posts"}],"about":[{"href":"https:\/\/lospoliticosveracruz.com\/index.php?rest_route=\/wp\/v2\/types\/post"}],"author":[{"embeddable":true,"href":"https:\/\/lospoliticosveracruz.com\/index.php?rest_route=\/wp\/v2\/users\/2"}],"replies":[{"embeddable":true,"href":"https:\/\/lospoliticosveracruz.com\/index.php?rest_route=%2Fwp%2Fv2%2Fcomments&post=95835"}],"version-history":[{"count":1,"href":"https:\/\/lospoliticosveracruz.com\/index.php?rest_route=\/wp\/v2\/posts\/95835\/revisions"}],"predecessor-version":[{"id":95836,"href":"https:\/\/lospoliticosveracruz.com\/index.php?rest_route=\/wp\/v2\/posts\/95835\/revisions\/95836"}],"wp:attachment":[{"href":"https:\/\/lospoliticosveracruz.com\/index.php?rest_route=%2Fwp%2Fv2%2Fmedia&parent=95835"}],"wp:term":[{"taxonomy":"category","embeddable":true,"href":"https:\/\/lospoliticosveracruz.com\/index.php?rest_route=%2Fwp%2Fv2%2Fcategories&post=95835"},{"taxonomy":"post_tag","embeddable":true,"href":"https:\/\/lospoliticosveracruz.com\/index.php?rest_route=%2Fwp%2Fv2%2Ftags&post=95835"}],"curies":[{"name":"wp","href":"https:\/\/api.w.org\/{rel}","templated":true}]}}