{"id":95864,"date":"2022-09-24T08:26:21","date_gmt":"2022-09-24T13:26:21","guid":{"rendered":"https:\/\/lospoliticosveracruz.com.mx\/?p=95864"},"modified":"2022-09-24T08:26:27","modified_gmt":"2022-09-24T13:26:27","slug":"renuncia-de-nahle-plan-con-mana","status":"publish","type":"post","link":"https:\/\/lospoliticosveracruz.com\/?p=95864","title":{"rendered":"RENUNCIA DE NAHLE, PLAN CON MA\u00d1A"},"content":{"rendered":"\n<p><strong>Ricardo Ch\u00faa<\/strong><\/p>\n\n\n\n<p><em>Sale y Vale<\/em><\/p>\n\n\n\n<p>TITO LIBRE&#8230; En grupos de \u00abWhatsApp\u00bb se\u00f1alan que \u00abhaiga como haiga sido\u00bb el ex candidato a dirigente del PAN y ex alcalde de Tierra Blanca, Tito Delf\u00edn Cano, logro su libertad, despu\u00e9s de estar preso desde el 27 de noviembre del 2021 en el penal de Pacho Viejo&#8230; Y esa libertad la obtuvo por un amparo que le concedi\u00f3 un juez federal, a pesar de estar acusado de casi todos los delitos que puede cometer un alcalde en funcionen&#8230; Pero los grupos de \u00abWhatsApp\u00bb al dar a conocer esa noticia se despiden con un \u00abDios Bendiga a Indira Rosales\u00bb&#8230;\u00a0<\/p>\n\n\n\n<figure class=\"wp-block-image size-full\"><a href=\"https:\/\/lospoliticosveracruz.com.mx\/wp-content\/uploads\/2022\/05\/Seguro-Julio-Cerecedo.jpg\"><img decoding=\"async\" src=\"https:\/\/lospoliticosveracruz.com.mx\/wp-content\/uploads\/2022\/05\/Seguro-Julio-Cerecedo.jpg\" alt=\"\" class=\"wp-image-90414\"\/><\/a><\/figure>\n\n\n\n<p>Obvio que esto es \u00abmofarse\u00bb pol\u00edticamente de los panistas&#8230; Ya que despu\u00e9s de la inasistencia de la senadora panista a la sesi\u00f3n de la c\u00e1mara de senadores donde se aprobar\u00eda la iniciativa para mantener al Ej\u00e9rcito Mexicano en las calles de M\u00e9xico hasta el 2028 para cuidar la seguridad p\u00fablica&#8230; Estos grupos se\u00f1alan que como en la \u00abpol\u00edtica las causalidades no existen\u00bb&#8230; Que no era fortuito que Delf\u00edn Cano saliera libre 48 horas despu\u00e9s de que Indira no asistiera a la c\u00e1mara alta del Congreso de la Uni\u00f3n a emitir su voto&#8230;<\/p>\n\n\n\n<p>Pero van m\u00e1s all\u00e1&#8230; En estas \u00ableyendas\u00bb se\u00f1alan que ahora s\u00f3lo falta que en los pr\u00f3ximos d\u00edas&#8230; Se emita un ampara por un juez federal y que esto permita tambi\u00e9n la libertad de Rogelio Franco Cast\u00e1n, ex secretario de Gobierno en el bienio pasado, y pres\u00f3 desde meses antes de Tito Delf\u00edn.. Por lo que en caso de suceder este hecho&#8230; Se van a \u00abdisparar\u00bb las versiones al respecto&#8230; Ya que en la pol\u00edtica, repetimos, las causalidades no existen&#8230; Ser\u00eda un hecho in\u00e9dito como los sismos en CDMX cada 19 de septiembre&#8230;&nbsp;&nbsp;<\/p>\n\n\n\n<p>Adem\u00e1s la especulaci\u00f3n \u00abroba\u00bb espacios a lo que posiblemente sea verdad&#8230; Ya que despu\u00e9s de no emitir su voto por la causa que fuera por parte de la senadora, Indira Rosales, y de que presuntamente no le contesto las llamadas ese mi\u00e9rcoles a Marko Cort\u00e9s, ni Santiago Creel para que dijera porque no asist\u00eda al Senado&#8230;. Tambi\u00e9n fue \u00abraro\u00bb que el comit\u00e9 estatal del PAN a cargo de Federico Salom\u00f3n&#8230; No emitiera un comentario al respecto, de su secretaria General del CDE&#8230; Todo fue silencio&#8230; Por eso dicen que en pol\u00edtica, las causalidades no existen&#8230;<\/p>\n\n\n\n<p>Ahora habr\u00e1 que esperar que decidir\u00e1 hacer Tito Delf\u00edn&#8230; Si tomar las riendas de su comit\u00e9 estatal, si va a descansar con su familia o dejar a un lado la pol\u00edtica para dedicarse a preparar su defensa&#8230; No sea que en pr\u00f3ximas fechas le vayan otra \u00abuna sorpresa\u00bb&#8230; Ya lo que decida el terrablanquense es lo de menos&#8230; Lo que no se deja de ver en las redes&#8230; Es que despu\u00e9s que Indira no fue a votar, este haya salido de la c\u00e1rcel&#8230; De ser cierto, Tito se la debe&#8230; De ser mentira, tambi\u00e9n se la debe&#8230; EL QUE ENTENDI\u00d3, ENTENDI\u00d3&#8230; AMEN&#8230;&nbsp;<\/p>\n\n\n\n<p>EXCLUSIVA. NAHLE Y VERACRUZ.. Ayer luego que el periodista, Carlos Loret de Mola, dio a conocer en su columna de \u00abEl Universal\u00bb que la secretar\u00eda de Energ\u00eda federal, Roc\u00edo Nahle Garc\u00eda podr\u00eda renunciar a su cargo en pr\u00f3ximas semanas para venir a Veracruz a trabajar su precandidatura a gobernador.. Y pese a que ella lo neg\u00f3 en todos los sitios informativos que pudo&#8230; MIS FUENTES en MORENA se\u00f1alan que esta posibilidad de que Nahle RENUNCIE a SENER es m\u00e1s que evidente&#8230; SE VA pero a otro \u00abencargo\u00bb en Veracruz&#8230;&nbsp;<\/p>\n\n\n\n<p>\u00abGarganta Profunda\u00bb nos coment\u00f3 que independientemente de que Nahle si desea gobernar Veracruz, ser la sucesora de Cuitl\u00e1huac Garc\u00eda y buscar proyectarse para quedarse con la candidatura a gobernador en 2024&#8230; Pese a todos los conflictos que est\u00e1 teniendo en su cargo p\u00fablico, en MORENA y de que no est\u00e1 teniendo la aceptaci\u00f3n en Veracruz por su origen zacatecano&#8230; EN EXCLUSIVA nos dijo que si Roc\u00edo viene a Veracruz en estas semanas&#8230;. Ser\u00eda para empezar a coordinar otra precampa\u00f1a&#8230; No la suya..<\/p>\n\n\n\n<p>La EXCLUSIVA que nos contaron es que Nahle ser\u00eda la RESPONSABLE directa en la zona sur-sureste del pa\u00eds&#8230; De la precampa\u00f1a Presidencial de la Jefa de Gobierno de la CDMX, Claudia Sheinbaum&#8230; La titular de SENER tendr\u00eda como base de operaciones el municipio de Coatzacoalcos&#8230;. Para \u00abtapizar\u00bb todo el sureste del pa\u00eds, la frase: \u00ab#Claudia Si\u00bb&#8230; As\u00ed que con los recorridos que haga para publicitar a Claudia en todo Veracruz&#8230; Ella estar\u00eda tambi\u00e9n \u00abpromocionando\u00bb su imagen para la candidatura a gobernador en 2024&#8230; PLAN CON MA\u00d1A&#8230;<\/p>\n\n\n\n<p>Esta situaci\u00f3n se debe principalmente a que despu\u00e9s de que el Congreso del Estado aprob\u00f3 la #LEYNAHLE, que permite a un no nacido en Veracruz aspirar a ser gobernador sin ning\u00fan \u00abcandado\u00bb legal&#8230; La figura de la titular de SENER NO HA CRECIDO y si ha mostrado un RETROCESO ante la sociedad veracruzana por su origen zacatecano&#8230; Y esas encuestas, sabe ella bien que existen y que las tienen en Palacio de Gobierno&#8230; Tanto as\u00ed que hay alcaldes que ya SE NIEGAN acudir a su llamado&#8230;&nbsp;<\/p>\n\n\n\n<p>Nahle tiene un \u00abh\u00e1ndicap\u00bb encima para lograr la aceptaci\u00f3n primero de la militancia de MORENA en Veracruz&#8230; Ya que no baja a hacer campa\u00f1a de \u00abcampo\u00bb y luego lo m\u00e1s grave es tratar de convencer a la sociedad que ella no es \u00abcontinuidad\u00bb de Cuitl\u00e1huac&#8230; Peor aun Nahle tendr\u00eda que \u00abecharse encima\u00bb a Claudia Sheinbaum para que su figura levante en el sur sureste del pa\u00eds&#8230; Cuando en esta regi\u00f3n dentro de MORENA a los que quieren es a Ricardo Monreal, Ad\u00e1n Augusto L\u00f3pez y Marcelo Ebrard&#8230;.<\/p>\n\n\n\n<p>As\u00ed que por m\u00e1s que Roc\u00edo Nahle diga en sus correos electr\u00f3nicos que a ella no la \u00abdistraen los temas electorales\u00bb y no son los tiempos para andarse \u00abencartando\u00bb y promocionando como \u00abcandidata\u00bb a un puesto de elecci\u00f3n popular en 2024&#8230; Queda hecho evidente que est\u00e1 molesta porque sus \u00faltimos foros en Veracruz, no han sido lo que ella ha querido&#8230; As\u00ed que lo dicho por Carlos Loret en su columna&#8230;. No se equivoc\u00f3&#8230;. Y mis fuente que viene a Veracruz&#8230;A pesar de que \u00abDos Bocas\u00bb no refine ni un barril de petr\u00f3leo con refiner\u00eda inaugurada&#8230;&nbsp;<\/p>\n\n\n\n<p>As\u00ed que \u00abno hay que hacerse bolas\u00bb&#8230; Si Roc\u00edo Nahle no viene ahora a Veracruz por lo menos a hacer m\u00e1s presencia en la entidad&#8230; Le van a ganar la candidatura al interior de MORENA&#8230; Puede ser Manuel Huerta, Sergio Guti\u00e9rrez, Zenyazen Escobar hasta el propio Eric Cisneros&#8230;Y pese a todos los esfuerzos que haga Juan Javier G\u00f3mez Cazar\u00edn, s\u00f3lo le alcanzar\u00e1 para \u00e9l&#8230; No para ella&#8230; OJO Claudia tampoco anda bien dentro de MORENA y sobre todo el sureste&#8230; Eso puede ser el \u00abWaterloo\u00bb de las dos&#8230; AMEN Y M\u00c1S AMEN&#8230;<\/p>\n","protected":false},"excerpt":{"rendered":"<p>Ricardo Ch\u00faa Sale y Vale TITO LIBRE&#8230; En grupos de \u00abWhatsApp\u00bb se\u00f1alan que \u00abhaiga como haiga sido\u00bb el ex candidato a dirigente del PAN y ex alcalde de Tierra Blanca, Tito Delf\u00edn Cano, logro su libertad, despu\u00e9s de estar preso desde el 27 de noviembre del 2021 en el penal de Pacho Viejo&#8230; Y esa [&hellip;]<\/p>\n","protected":false},"author":2,"featured_media":0,"comment_status":"closed","ping_status":"closed","sticky":false,"template":"","format":"standard","meta":{"tdm_status":"","tdm_grid_status":"","footnotes":""},"categories":[70],"tags":[9627,1563,5506,12562,1026,30989,808,3198,7518,195],"class_list":{"0":"post-95864","1":"post","2":"type-post","3":"status-publish","4":"format-standard","6":"category-de-opinion","7":"tag-claudia-sheinbaum","8":"tag-cuitlahuac-garcia-jimenez","9":"tag-indira-rosales-san-roman","10":"tag-marko-cortes","11":"tag-morena","12":"tag-rocio-nahle-garcia-2","13":"tag-rogelio-franco-castan","14":"tag-tierra-blanca","15":"tag-tito-delfin-cano","16":"tag-veracruz"},"yoast_head":"<!-- This site is optimized with the Yoast SEO plugin v27.4 - https:\/\/yoast.com\/product\/yoast-seo-wordpress\/ -->\n<title>RENUNCIA DE NAHLE, PLAN CON MA\u00d1A - Los pol\u00edticos Veracruz<\/title>\n<meta name=\"robots\" content=\"index, follow, max-snippet:-1, max-image-preview:large, max-video-preview:-1\" \/>\n<link rel=\"canonical\" href=\"https:\/\/lospoliticosveracruz.com\/?p=95864\" \/>\n<meta property=\"og:locale\" content=\"es_ES\" \/>\n<meta property=\"og:type\" content=\"article\" \/>\n<meta property=\"og:title\" content=\"RENUNCIA DE NAHLE, PLAN CON MA\u00d1A - Los pol\u00edticos Veracruz\" \/>\n<meta property=\"og:description\" content=\"Ricardo Ch\u00faa Sale y Vale TITO LIBRE&#8230; En grupos de \u00abWhatsApp\u00bb se\u00f1alan que \u00abhaiga como haiga sido\u00bb el ex candidato a dirigente del PAN y ex alcalde de Tierra Blanca, Tito Delf\u00edn Cano, logro su libertad, despu\u00e9s de estar preso desde el 27 de noviembre del 2021 en el penal de Pacho Viejo&#8230; Y esa [&hellip;]\" \/>\n<meta property=\"og:url\" content=\"https:\/\/lospoliticosveracruz.com\/?p=95864\" \/>\n<meta property=\"og:site_name\" content=\"Los pol\u00edticos Veracruz\" \/>\n<meta property=\"article:publisher\" content=\"https:\/\/www.facebook.com\/people\/Notimemes-de-los-Polticos\/61565672886568\/\" \/>\n<meta property=\"article:published_time\" content=\"2022-09-24T13:26:21+00:00\" \/>\n<meta property=\"article:modified_time\" content=\"2022-09-24T13:26:27+00:00\" \/>\n<meta property=\"og:image\" content=\"https:\/\/lospoliticosveracruz.com.mx\/wp-content\/uploads\/2022\/05\/Seguro-Julio-Cerecedo.jpg\" \/>\n<meta name=\"author\" content=\"Lo viste en Los Pol\u00edticos\" \/>\n<meta name=\"twitter:card\" content=\"summary_large_image\" \/>\n<meta name=\"twitter:creator\" content=\"@LosPoliticosVer\" \/>\n<meta name=\"twitter:site\" content=\"@LosPoliticosVer\" \/>\n<meta name=\"twitter:label1\" content=\"Escrito por\" \/>\n\t<meta name=\"twitter:data1\" content=\"Lo viste en Los Pol\u00edticos\" \/>\n\t<meta name=\"twitter:label2\" content=\"Tiempo de lectura\" \/>\n\t<meta name=\"twitter:data2\" content=\"6 minutos\" \/>\n<script type=\"application\/ld+json\" class=\"yoast-schema-graph\">{\"@context\":\"https:\\\/\\\/schema.org\",\"@graph\":[{\"@type\":\"Article\",\"@id\":\"https:\\\/\\\/lospoliticosveracruz.com\\\/?p=95864#article\",\"isPartOf\":{\"@id\":\"https:\\\/\\\/lospoliticosveracruz.com\\\/?p=95864\"},\"author\":{\"name\":\"Lo viste en Los Pol\u00edticos\",\"@id\":\"https:\\\/\\\/lospoliticosveracruz.com\\\/#\\\/schema\\\/person\\\/b8702bb0e538456e6efd07080bf2a4a2\"},\"headline\":\"RENUNCIA DE NAHLE, PLAN CON MA\u00d1A\",\"datePublished\":\"2022-09-24T13:26:21+00:00\",\"dateModified\":\"2022-09-24T13:26:27+00:00\",\"mainEntityOfPage\":{\"@id\":\"https:\\\/\\\/lospoliticosveracruz.com\\\/?p=95864\"},\"wordCount\":1203,\"publisher\":{\"@id\":\"https:\\\/\\\/lospoliticosveracruz.com\\\/#organization\"},\"image\":{\"@id\":\"https:\\\/\\\/lospoliticosveracruz.com\\\/?p=95864#primaryimage\"},\"thumbnailUrl\":\"https:\\\/\\\/lospoliticosveracruz.com.mx\\\/wp-content\\\/uploads\\\/2022\\\/05\\\/Seguro-Julio-Cerecedo.jpg\",\"keywords\":[\"Claudia Sheinbaum\",\"Cuitl\u00e1huac Garc\u00eda Jim\u00e9nez\",\"Indira Rosales San Rom\u00e1n\",\"Marko Cort\u00e9s\",\"Morena\",\"Roci\u00f3 Nahle Garc\u00eda\",\"Rogelio Franco Cast\u00e1n\",\"Tierra Blanca\",\"Tito Delf\u00edn Cano\",\"Veracruz\"],\"articleSection\":[\"De Opini\u00f3n\"],\"inLanguage\":\"es\"},{\"@type\":\"WebPage\",\"@id\":\"https:\\\/\\\/lospoliticosveracruz.com\\\/?p=95864\",\"url\":\"https:\\\/\\\/lospoliticosveracruz.com\\\/?p=95864\",\"name\":\"RENUNCIA DE NAHLE, PLAN CON MA\u00d1A - Los pol\u00edticos Veracruz\",\"isPartOf\":{\"@id\":\"https:\\\/\\\/lospoliticosveracruz.com\\\/#website\"},\"primaryImageOfPage\":{\"@id\":\"https:\\\/\\\/lospoliticosveracruz.com\\\/?p=95864#primaryimage\"},\"image\":{\"@id\":\"https:\\\/\\\/lospoliticosveracruz.com\\\/?p=95864#primaryimage\"},\"thumbnailUrl\":\"https:\\\/\\\/lospoliticosveracruz.com.mx\\\/wp-content\\\/uploads\\\/2022\\\/05\\\/Seguro-Julio-Cerecedo.jpg\",\"datePublished\":\"2022-09-24T13:26:21+00:00\",\"dateModified\":\"2022-09-24T13:26:27+00:00\",\"breadcrumb\":{\"@id\":\"https:\\\/\\\/lospoliticosveracruz.com\\\/?p=95864#breadcrumb\"},\"inLanguage\":\"es\",\"potentialAction\":[{\"@type\":\"ReadAction\",\"target\":[\"https:\\\/\\\/lospoliticosveracruz.com\\\/?p=95864\"]}]},{\"@type\":\"ImageObject\",\"inLanguage\":\"es\",\"@id\":\"https:\\\/\\\/lospoliticosveracruz.com\\\/?p=95864#primaryimage\",\"url\":\"https:\\\/\\\/lospoliticosveracruz.com.mx\\\/wp-content\\\/uploads\\\/2022\\\/05\\\/Seguro-Julio-Cerecedo.jpg\",\"contentUrl\":\"https:\\\/\\\/lospoliticosveracruz.com.mx\\\/wp-content\\\/uploads\\\/2022\\\/05\\\/Seguro-Julio-Cerecedo.jpg\"},{\"@type\":\"BreadcrumbList\",\"@id\":\"https:\\\/\\\/lospoliticosveracruz.com\\\/?p=95864#breadcrumb\",\"itemListElement\":[{\"@type\":\"ListItem\",\"position\":1,\"name\":\"Portada\",\"item\":\"https:\\\/\\\/lospoliticosveracruz.com\\\/\"},{\"@type\":\"ListItem\",\"position\":2,\"name\":\"RENUNCIA DE NAHLE, PLAN CON MA\u00d1A\"}]},{\"@type\":\"WebSite\",\"@id\":\"https:\\\/\\\/lospoliticosveracruz.com\\\/#website\",\"url\":\"https:\\\/\\\/lospoliticosveracruz.com\\\/\",\"name\":\"Los pol\u00edticos Veracruz\",\"description\":\"\",\"publisher\":{\"@id\":\"https:\\\/\\\/lospoliticosveracruz.com\\\/#organization\"},\"potentialAction\":[{\"@type\":\"SearchAction\",\"target\":{\"@type\":\"EntryPoint\",\"urlTemplate\":\"https:\\\/\\\/lospoliticosveracruz.com\\\/?s={search_term_string}\"},\"query-input\":{\"@type\":\"PropertyValueSpecification\",\"valueRequired\":true,\"valueName\":\"search_term_string\"}}],\"inLanguage\":\"es\"},{\"@type\":\"Organization\",\"@id\":\"https:\\\/\\\/lospoliticosveracruz.com\\\/#organization\",\"name\":\"Los pol\u00edticos Veracruz\",\"url\":\"https:\\\/\\\/lospoliticosveracruz.com\\\/\",\"logo\":{\"@type\":\"ImageObject\",\"inLanguage\":\"es\",\"@id\":\"https:\\\/\\\/lospoliticosveracruz.com\\\/#\\\/schema\\\/logo\\\/image\\\/\",\"url\":\"https:\\\/\\\/lospoliticosveracruz.com\\\/wp-content\\\/uploads\\\/2025\\\/12\\\/Logo-Nuevo-LOS-POLITICOS-1.jpg\",\"contentUrl\":\"https:\\\/\\\/lospoliticosveracruz.com\\\/wp-content\\\/uploads\\\/2025\\\/12\\\/Logo-Nuevo-LOS-POLITICOS-1.jpg\",\"width\":260,\"height\":70,\"caption\":\"Los pol\u00edticos Veracruz\"},\"image\":{\"@id\":\"https:\\\/\\\/lospoliticosveracruz.com\\\/#\\\/schema\\\/logo\\\/image\\\/\"},\"sameAs\":[\"https:\\\/\\\/www.facebook.com\\\/people\\\/Notimemes-de-los-Polticos\\\/61565672886568\\\/\",\"https:\\\/\\\/x.com\\\/LosPoliticosVer\"]},{\"@type\":\"Person\",\"@id\":\"https:\\\/\\\/lospoliticosveracruz.com\\\/#\\\/schema\\\/person\\\/b8702bb0e538456e6efd07080bf2a4a2\",\"name\":\"Lo viste en Los Pol\u00edticos\",\"image\":{\"@type\":\"ImageObject\",\"inLanguage\":\"es\",\"@id\":\"https:\\\/\\\/secure.gravatar.com\\\/avatar\\\/3a8de04a2656d44082be478bd6c086daa447c4651605818287b9532d3d0bd435?s=96&d=mm&r=g\",\"url\":\"https:\\\/\\\/secure.gravatar.com\\\/avatar\\\/3a8de04a2656d44082be478bd6c086daa447c4651605818287b9532d3d0bd435?s=96&d=mm&r=g\",\"contentUrl\":\"https:\\\/\\\/secure.gravatar.com\\\/avatar\\\/3a8de04a2656d44082be478bd6c086daa447c4651605818287b9532d3d0bd435?s=96&d=mm&r=g\",\"caption\":\"Lo viste en Los Pol\u00edticos\"},\"url\":\"https:\\\/\\\/lospoliticosveracruz.com\\\/?author=2\"}]}<\/script>\n<!-- \/ Yoast SEO plugin. -->","yoast_head_json":{"title":"RENUNCIA DE NAHLE, PLAN CON MA\u00d1A - Los pol\u00edticos Veracruz","robots":{"index":"index","follow":"follow","max-snippet":"max-snippet:-1","max-image-preview":"max-image-preview:large","max-video-preview":"max-video-preview:-1"},"canonical":"https:\/\/lospoliticosveracruz.com\/?p=95864","og_locale":"es_ES","og_type":"article","og_title":"RENUNCIA DE NAHLE, PLAN CON MA\u00d1A - Los pol\u00edticos Veracruz","og_description":"Ricardo Ch\u00faa Sale y Vale TITO LIBRE&#8230; En grupos de \u00abWhatsApp\u00bb se\u00f1alan que \u00abhaiga como haiga sido\u00bb el ex candidato a dirigente del PAN y ex alcalde de Tierra Blanca, Tito Delf\u00edn Cano, logro su libertad, despu\u00e9s de estar preso desde el 27 de noviembre del 2021 en el penal de Pacho Viejo&#8230; Y esa [&hellip;]","og_url":"https:\/\/lospoliticosveracruz.com\/?p=95864","og_site_name":"Los pol\u00edticos Veracruz","article_publisher":"https:\/\/www.facebook.com\/people\/Notimemes-de-los-Polticos\/61565672886568\/","article_published_time":"2022-09-24T13:26:21+00:00","article_modified_time":"2022-09-24T13:26:27+00:00","og_image":[{"url":"https:\/\/lospoliticosveracruz.com.mx\/wp-content\/uploads\/2022\/05\/Seguro-Julio-Cerecedo.jpg","type":"","width":"","height":""}],"author":"Lo viste en Los Pol\u00edticos","twitter_card":"summary_large_image","twitter_creator":"@LosPoliticosVer","twitter_site":"@LosPoliticosVer","twitter_misc":{"Escrito por":"Lo viste en Los Pol\u00edticos","Tiempo de lectura":"6 minutos"},"schema":{"@context":"https:\/\/schema.org","@graph":[{"@type":"Article","@id":"https:\/\/lospoliticosveracruz.com\/?p=95864#article","isPartOf":{"@id":"https:\/\/lospoliticosveracruz.com\/?p=95864"},"author":{"name":"Lo viste en Los Pol\u00edticos","@id":"https:\/\/lospoliticosveracruz.com\/#\/schema\/person\/b8702bb0e538456e6efd07080bf2a4a2"},"headline":"RENUNCIA DE NAHLE, PLAN CON MA\u00d1A","datePublished":"2022-09-24T13:26:21+00:00","dateModified":"2022-09-24T13:26:27+00:00","mainEntityOfPage":{"@id":"https:\/\/lospoliticosveracruz.com\/?p=95864"},"wordCount":1203,"publisher":{"@id":"https:\/\/lospoliticosveracruz.com\/#organization"},"image":{"@id":"https:\/\/lospoliticosveracruz.com\/?p=95864#primaryimage"},"thumbnailUrl":"https:\/\/lospoliticosveracruz.com.mx\/wp-content\/uploads\/2022\/05\/Seguro-Julio-Cerecedo.jpg","keywords":["Claudia Sheinbaum","Cuitl\u00e1huac Garc\u00eda Jim\u00e9nez","Indira Rosales San Rom\u00e1n","Marko Cort\u00e9s","Morena","Roci\u00f3 Nahle Garc\u00eda","Rogelio Franco Cast\u00e1n","Tierra Blanca","Tito Delf\u00edn Cano","Veracruz"],"articleSection":["De Opini\u00f3n"],"inLanguage":"es"},{"@type":"WebPage","@id":"https:\/\/lospoliticosveracruz.com\/?p=95864","url":"https:\/\/lospoliticosveracruz.com\/?p=95864","name":"RENUNCIA DE NAHLE, PLAN CON MA\u00d1A - Los pol\u00edticos Veracruz","isPartOf":{"@id":"https:\/\/lospoliticosveracruz.com\/#website"},"primaryImageOfPage":{"@id":"https:\/\/lospoliticosveracruz.com\/?p=95864#primaryimage"},"image":{"@id":"https:\/\/lospoliticosveracruz.com\/?p=95864#primaryimage"},"thumbnailUrl":"https:\/\/lospoliticosveracruz.com.mx\/wp-content\/uploads\/2022\/05\/Seguro-Julio-Cerecedo.jpg","datePublished":"2022-09-24T13:26:21+00:00","dateModified":"2022-09-24T13:26:27+00:00","breadcrumb":{"@id":"https:\/\/lospoliticosveracruz.com\/?p=95864#breadcrumb"},"inLanguage":"es","potentialAction":[{"@type":"ReadAction","target":["https:\/\/lospoliticosveracruz.com\/?p=95864"]}]},{"@type":"ImageObject","inLanguage":"es","@id":"https:\/\/lospoliticosveracruz.com\/?p=95864#primaryimage","url":"https:\/\/lospoliticosveracruz.com.mx\/wp-content\/uploads\/2022\/05\/Seguro-Julio-Cerecedo.jpg","contentUrl":"https:\/\/lospoliticosveracruz.com.mx\/wp-content\/uploads\/2022\/05\/Seguro-Julio-Cerecedo.jpg"},{"@type":"BreadcrumbList","@id":"https:\/\/lospoliticosveracruz.com\/?p=95864#breadcrumb","itemListElement":[{"@type":"ListItem","position":1,"name":"Portada","item":"https:\/\/lospoliticosveracruz.com\/"},{"@type":"ListItem","position":2,"name":"RENUNCIA DE NAHLE, PLAN CON MA\u00d1A"}]},{"@type":"WebSite","@id":"https:\/\/lospoliticosveracruz.com\/#website","url":"https:\/\/lospoliticosveracruz.com\/","name":"Los pol\u00edticos Veracruz","description":"","publisher":{"@id":"https:\/\/lospoliticosveracruz.com\/#organization"},"potentialAction":[{"@type":"SearchAction","target":{"@type":"EntryPoint","urlTemplate":"https:\/\/lospoliticosveracruz.com\/?s={search_term_string}"},"query-input":{"@type":"PropertyValueSpecification","valueRequired":true,"valueName":"search_term_string"}}],"inLanguage":"es"},{"@type":"Organization","@id":"https:\/\/lospoliticosveracruz.com\/#organization","name":"Los pol\u00edticos Veracruz","url":"https:\/\/lospoliticosveracruz.com\/","logo":{"@type":"ImageObject","inLanguage":"es","@id":"https:\/\/lospoliticosveracruz.com\/#\/schema\/logo\/image\/","url":"https:\/\/lospoliticosveracruz.com\/wp-content\/uploads\/2025\/12\/Logo-Nuevo-LOS-POLITICOS-1.jpg","contentUrl":"https:\/\/lospoliticosveracruz.com\/wp-content\/uploads\/2025\/12\/Logo-Nuevo-LOS-POLITICOS-1.jpg","width":260,"height":70,"caption":"Los pol\u00edticos Veracruz"},"image":{"@id":"https:\/\/lospoliticosveracruz.com\/#\/schema\/logo\/image\/"},"sameAs":["https:\/\/www.facebook.com\/people\/Notimemes-de-los-Polticos\/61565672886568\/","https:\/\/x.com\/LosPoliticosVer"]},{"@type":"Person","@id":"https:\/\/lospoliticosveracruz.com\/#\/schema\/person\/b8702bb0e538456e6efd07080bf2a4a2","name":"Lo viste en Los Pol\u00edticos","image":{"@type":"ImageObject","inLanguage":"es","@id":"https:\/\/secure.gravatar.com\/avatar\/3a8de04a2656d44082be478bd6c086daa447c4651605818287b9532d3d0bd435?s=96&d=mm&r=g","url":"https:\/\/secure.gravatar.com\/avatar\/3a8de04a2656d44082be478bd6c086daa447c4651605818287b9532d3d0bd435?s=96&d=mm&r=g","contentUrl":"https:\/\/secure.gravatar.com\/avatar\/3a8de04a2656d44082be478bd6c086daa447c4651605818287b9532d3d0bd435?s=96&d=mm&r=g","caption":"Lo viste en Los Pol\u00edticos"},"url":"https:\/\/lospoliticosveracruz.com\/?author=2"}]}},"_links":{"self":[{"href":"https:\/\/lospoliticosveracruz.com\/index.php?rest_route=\/wp\/v2\/posts\/95864","targetHints":{"allow":["GET"]}}],"collection":[{"href":"https:\/\/lospoliticosveracruz.com\/index.php?rest_route=\/wp\/v2\/posts"}],"about":[{"href":"https:\/\/lospoliticosveracruz.com\/index.php?rest_route=\/wp\/v2\/types\/post"}],"author":[{"embeddable":true,"href":"https:\/\/lospoliticosveracruz.com\/index.php?rest_route=\/wp\/v2\/users\/2"}],"replies":[{"embeddable":true,"href":"https:\/\/lospoliticosveracruz.com\/index.php?rest_route=%2Fwp%2Fv2%2Fcomments&post=95864"}],"version-history":[{"count":1,"href":"https:\/\/lospoliticosveracruz.com\/index.php?rest_route=\/wp\/v2\/posts\/95864\/revisions"}],"predecessor-version":[{"id":95866,"href":"https:\/\/lospoliticosveracruz.com\/index.php?rest_route=\/wp\/v2\/posts\/95864\/revisions\/95866"}],"wp:attachment":[{"href":"https:\/\/lospoliticosveracruz.com\/index.php?rest_route=%2Fwp%2Fv2%2Fmedia&parent=95864"}],"wp:term":[{"taxonomy":"category","embeddable":true,"href":"https:\/\/lospoliticosveracruz.com\/index.php?rest_route=%2Fwp%2Fv2%2Fcategories&post=95864"},{"taxonomy":"post_tag","embeddable":true,"href":"https:\/\/lospoliticosveracruz.com\/index.php?rest_route=%2Fwp%2Fv2%2Ftags&post=95864"}],"curies":[{"name":"wp","href":"https:\/\/api.w.org\/{rel}","templated":true}]}}