{"id":95906,"date":"2022-09-26T10:34:56","date_gmt":"2022-09-26T15:34:56","guid":{"rendered":"https:\/\/lospoliticosveracruz.com.mx\/?p=95906"},"modified":"2022-09-26T10:37:07","modified_gmt":"2022-09-26T15:37:07","slug":"huele-a-preso-politico","status":"publish","type":"post","link":"https:\/\/lospoliticosveracruz.com\/?p=95906","title":{"rendered":"HUELE A PRESO POL\u00cdTICO"},"content":{"rendered":"\n<p><strong>Luis Alberto Romero<br><\/strong><em>Hora cero<\/em><\/p>\n\n\n\n<p>Apenas hab\u00eda puesto un pie afuera del penal de Pacho Viejo, cuando elementos de la Polic\u00eda Ministerial informaron a Tito Delf\u00edn Cano, ex diputado local y federal, y ex alcalde de Tierra Blanca, que pesaba sobre \u00e9l otra orden de aprehensi\u00f3n.<\/p>\n\n\n\n<p>Ahora no s\u00f3lo enfrenta se\u00f1alamientos por abuso de autoridad, fraude e incumplimiento de un deber legal; tambi\u00e9n por presuntos delitos ambientales que habr\u00edan sido cometidos cuando fue alcalde, entre 2011 a 2013.<\/p>\n\n\n<div class=\"wp-block-image\">\n<figure class=\"alignleft size-full is-resized\"><a href=\"https:\/\/lospoliticosveracruz.com.mx\/wp-content\/uploads\/2021\/10\/Zacauilt.jpg\"><img loading=\"lazy\" decoding=\"async\" src=\"https:\/\/lospoliticosveracruz.com.mx\/wp-content\/uploads\/2021\/10\/Zacauilt.jpg\" alt=\"\" class=\"wp-image-80558\" width=\"175\" height=\"350\"\/><\/a><\/figure>\n<\/div>\n\n\n<p>Casi diez a\u00f1os despu\u00e9s de salir de la presidencia municipal, Delf\u00edn Cano debe enfrentar nuevas acusaciones.<\/p>\n\n\n\n<p>La fiscal\u00eda dio a conocer, a trav\u00e9s de un comunicado escueto, que la denuncia por los supuestos \u201cdelitos ambientales en contra de la seguridad colectiva\u201d, fue presentada en 2019, ya durante el actual gobierno estatal.<\/p>\n\n\n\n<p>El ex aspirante a la dirigencia estatal del PAN hab\u00eda obtenido un amparo que ordenaba la modificaci\u00f3n de la medida cautelar, lo que implicaba continuar su proceso en libertad; cubri\u00f3 una fianza de 30 mil pesos, dej\u00f3 su pasaporte en prenda y se comprometi\u00f3 a acudir al juzgado cada semana para la firma. Sali\u00f3 de Pacho Viejo, pero de inmediato lo volvieron a encarcelar.<\/p>\n\n\n\n<p>La misma juez que modific\u00f3 la medida cautelar, obligada por el amparo que le fue otorgado a Delf\u00edn Cano, M\u00f3nica Segovia, gir\u00f3 la nueva orden de aprehensi\u00f3n.<\/p>\n\n\n\n<p>En la v\u00edspera, tanto la familia de Tito Delf\u00edn como el equipo que lleva su defensa jur\u00eddica, y hasta el comit\u00e9 estatal del Partido Acci\u00f3n Nacional hab\u00edan mostrado su benepl\u00e1cito por lo que parec\u00eda una inminente liberaci\u00f3n.<\/p>\n\n\n\n<p>Mediante un comunicado difundido por la tarde del viernes 23 de septiembre, el PAN se\u00f1alaba: \u201cla liberaci\u00f3n de nuestro compa\u00f1ero y amigo restituye nuestra confianza en la justicia federal y ratifica nuestra certeza sobre la imparcialidad y equilibrio de nuestras instituciones judiciales\u201d.<\/p>\n\n\n\n<p>\u201cTito Delf\u00edn Cano \u2013agrega el bolet\u00edn panista\u2013 dejar\u00e1 el penal de Pacho Viejo este d\u00eda, tras permanecer 10 meses en \u00e9l, de forma injusta\u201d.<\/p>\n\n\n\n<p>Unas horas despu\u00e9s, al ex aspirante a la dirigencia estatal del partido le notificaron la nueva orden de aprehensi\u00f3n en su contra, que deriva de una nueva carpeta de investigaci\u00f3n.<\/p>\n\n\n\n<p>Pas\u00f3 10 meses encarcelado y ahora iniciar\u00e1 una nueva defensa jur\u00eddica al mismo tiempo en que se desarrolla el proceso pendiente; es decir, su equipo de abogados deber\u00e1 enfocarse en echar abajo dos carpetas de investigaci\u00f3n, con el riesgo de que una vez que consigan un nuevo amparo, el acusado enfrente m\u00e1s se\u00f1alamientos; es una historia que podr\u00eda repetirse una y otra vez, al menos hasta que concluya el actual gobierno estatal.<\/p>\n\n\n\n<p>Es un caso que tiene un tufo a persecuci\u00f3n; Tito Delf\u00edn huele a preso pol\u00edtico.<\/p>\n\n\n\n<p>La actual administraci\u00f3n estatal deber\u00eda evitar que se fortalezca a\u00fan m\u00e1s la imagen de un gobierno represor, que usa a los \u00f3rganos de procuraci\u00f3n e impartici\u00f3n de justicia con fines pol\u00edticos; a esa percepci\u00f3n, por cierto, han abonado los casos de Jos\u00e9 Manuel del R\u00edo Virgen, Pasiano Rueda Canseco y Rogelio Franco Cast\u00e1n. <\/p>\n\n\n\n<p>@luisromero85<\/p>\n","protected":false},"excerpt":{"rendered":"<p>Luis Alberto RomeroHora cero Apenas hab\u00eda puesto un pie afuera del penal de Pacho Viejo, cuando elementos de la Polic\u00eda Ministerial informaron a Tito Delf\u00edn Cano, ex diputado local y federal, y ex alcalde de Tierra Blanca, que pesaba sobre \u00e9l otra orden de aprehensi\u00f3n. Ahora no s\u00f3lo enfrenta se\u00f1alamientos por abuso de autoridad, fraude [&hellip;]<\/p>\n","protected":false},"author":2,"featured_media":82595,"comment_status":"closed","ping_status":"closed","sticky":false,"template":"","format":"standard","meta":{"tdm_status":"","tdm_grid_status":"","footnotes":""},"categories":[70],"tags":[1563,7909,2669,1026,266,32706,26785,808,7518,195],"class_list":{"0":"post-95906","1":"post","2":"type-post","3":"status-publish","4":"format-standard","5":"has-post-thumbnail","7":"category-de-opinion","8":"tag-cuitlahuac-garcia-jimenez","9":"tag-jose-manuel-del-rio-virgen","10":"tag-luis-alberto-romero","11":"tag-morena","12":"tag-pan","13":"tag-pasiano-rueda-canseco","14":"tag-preso-politico","15":"tag-rogelio-franco-castan","16":"tag-tito-delfin-cano","17":"tag-veracruz"},"yoast_head":"<!-- This site is optimized with the Yoast SEO plugin v27.4 - https:\/\/yoast.com\/product\/yoast-seo-wordpress\/ -->\n<title>HUELE A PRESO POL\u00cdTICO - Los pol\u00edticos Veracruz<\/title>\n<meta name=\"robots\" content=\"index, follow, max-snippet:-1, max-image-preview:large, max-video-preview:-1\" \/>\n<link rel=\"canonical\" href=\"https:\/\/lospoliticosveracruz.com\/?p=95906\" \/>\n<meta property=\"og:locale\" content=\"es_ES\" \/>\n<meta property=\"og:type\" content=\"article\" \/>\n<meta property=\"og:title\" content=\"HUELE A PRESO POL\u00cdTICO - Los pol\u00edticos Veracruz\" \/>\n<meta property=\"og:description\" content=\"Luis Alberto RomeroHora cero Apenas hab\u00eda puesto un pie afuera del penal de Pacho Viejo, cuando elementos de la Polic\u00eda Ministerial informaron a Tito Delf\u00edn Cano, ex diputado local y federal, y ex alcalde de Tierra Blanca, que pesaba sobre \u00e9l otra orden de aprehensi\u00f3n. Ahora no s\u00f3lo enfrenta se\u00f1alamientos por abuso de autoridad, fraude [&hellip;]\" \/>\n<meta property=\"og:url\" content=\"https:\/\/lospoliticosveracruz.com\/?p=95906\" \/>\n<meta property=\"og:site_name\" content=\"Los pol\u00edticos Veracruz\" \/>\n<meta property=\"article:publisher\" content=\"https:\/\/www.facebook.com\/people\/Notimemes-de-los-Polticos\/61565672886568\/\" \/>\n<meta property=\"article:published_time\" content=\"2022-09-26T15:34:56+00:00\" \/>\n<meta property=\"article:modified_time\" content=\"2022-09-26T15:37:07+00:00\" \/>\n<meta property=\"og:image\" content=\"https:\/\/lospoliticosveracruz.com\/wp-content\/uploads\/2021\/11\/Tito-Delfin-3.jpg\" \/>\n\t<meta property=\"og:image:width\" content=\"600\" \/>\n\t<meta property=\"og:image:height\" content=\"320\" \/>\n\t<meta property=\"og:image:type\" content=\"image\/jpeg\" \/>\n<meta name=\"author\" content=\"Lo viste en Los Pol\u00edticos\" \/>\n<meta name=\"twitter:card\" content=\"summary_large_image\" \/>\n<meta name=\"twitter:creator\" content=\"@LosPoliticosVer\" \/>\n<meta name=\"twitter:site\" content=\"@LosPoliticosVer\" \/>\n<meta name=\"twitter:label1\" content=\"Escrito por\" \/>\n\t<meta name=\"twitter:data1\" content=\"Lo viste en Los Pol\u00edticos\" \/>\n\t<meta name=\"twitter:label2\" content=\"Tiempo de lectura\" \/>\n\t<meta name=\"twitter:data2\" content=\"3 minutos\" \/>\n<script type=\"application\/ld+json\" class=\"yoast-schema-graph\">{\"@context\":\"https:\\\/\\\/schema.org\",\"@graph\":[{\"@type\":\"Article\",\"@id\":\"https:\\\/\\\/lospoliticosveracruz.com\\\/?p=95906#article\",\"isPartOf\":{\"@id\":\"https:\\\/\\\/lospoliticosveracruz.com\\\/?p=95906\"},\"author\":{\"name\":\"Lo viste en Los Pol\u00edticos\",\"@id\":\"https:\\\/\\\/lospoliticosveracruz.com\\\/#\\\/schema\\\/person\\\/b8702bb0e538456e6efd07080bf2a4a2\"},\"headline\":\"HUELE A PRESO POL\u00cdTICO\",\"datePublished\":\"2022-09-26T15:34:56+00:00\",\"dateModified\":\"2022-09-26T15:37:07+00:00\",\"mainEntityOfPage\":{\"@id\":\"https:\\\/\\\/lospoliticosveracruz.com\\\/?p=95906\"},\"wordCount\":545,\"publisher\":{\"@id\":\"https:\\\/\\\/lospoliticosveracruz.com\\\/#organization\"},\"image\":{\"@id\":\"https:\\\/\\\/lospoliticosveracruz.com\\\/?p=95906#primaryimage\"},\"thumbnailUrl\":\"https:\\\/\\\/lospoliticosveracruz.com\\\/wp-content\\\/uploads\\\/2021\\\/11\\\/Tito-Delfin-3.jpg\",\"keywords\":[\"Cuitl\u00e1huac Garc\u00eda Jim\u00e9nez\",\"Jos\u00e9 Manuel del R\u00edo Virgen\",\"Luis Alberto Romero\",\"Morena\",\"PAN\",\"Pasiano Rueda Canseco\",\"preso pol\u00edtico\",\"Rogelio Franco Cast\u00e1n\",\"Tito Delf\u00edn Cano\",\"Veracruz\"],\"articleSection\":[\"De Opini\u00f3n\"],\"inLanguage\":\"es\"},{\"@type\":\"WebPage\",\"@id\":\"https:\\\/\\\/lospoliticosveracruz.com\\\/?p=95906\",\"url\":\"https:\\\/\\\/lospoliticosveracruz.com\\\/?p=95906\",\"name\":\"HUELE A PRESO POL\u00cdTICO - Los pol\u00edticos Veracruz\",\"isPartOf\":{\"@id\":\"https:\\\/\\\/lospoliticosveracruz.com\\\/#website\"},\"primaryImageOfPage\":{\"@id\":\"https:\\\/\\\/lospoliticosveracruz.com\\\/?p=95906#primaryimage\"},\"image\":{\"@id\":\"https:\\\/\\\/lospoliticosveracruz.com\\\/?p=95906#primaryimage\"},\"thumbnailUrl\":\"https:\\\/\\\/lospoliticosveracruz.com\\\/wp-content\\\/uploads\\\/2021\\\/11\\\/Tito-Delfin-3.jpg\",\"datePublished\":\"2022-09-26T15:34:56+00:00\",\"dateModified\":\"2022-09-26T15:37:07+00:00\",\"breadcrumb\":{\"@id\":\"https:\\\/\\\/lospoliticosveracruz.com\\\/?p=95906#breadcrumb\"},\"inLanguage\":\"es\",\"potentialAction\":[{\"@type\":\"ReadAction\",\"target\":[\"https:\\\/\\\/lospoliticosveracruz.com\\\/?p=95906\"]}]},{\"@type\":\"ImageObject\",\"inLanguage\":\"es\",\"@id\":\"https:\\\/\\\/lospoliticosveracruz.com\\\/?p=95906#primaryimage\",\"url\":\"https:\\\/\\\/lospoliticosveracruz.com\\\/wp-content\\\/uploads\\\/2021\\\/11\\\/Tito-Delfin-3.jpg\",\"contentUrl\":\"https:\\\/\\\/lospoliticosveracruz.com\\\/wp-content\\\/uploads\\\/2021\\\/11\\\/Tito-Delfin-3.jpg\",\"width\":600,\"height\":320},{\"@type\":\"BreadcrumbList\",\"@id\":\"https:\\\/\\\/lospoliticosveracruz.com\\\/?p=95906#breadcrumb\",\"itemListElement\":[{\"@type\":\"ListItem\",\"position\":1,\"name\":\"Portada\",\"item\":\"https:\\\/\\\/lospoliticosveracruz.com\\\/\"},{\"@type\":\"ListItem\",\"position\":2,\"name\":\"HUELE A PRESO POL\u00cdTICO\"}]},{\"@type\":\"WebSite\",\"@id\":\"https:\\\/\\\/lospoliticosveracruz.com\\\/#website\",\"url\":\"https:\\\/\\\/lospoliticosveracruz.com\\\/\",\"name\":\"Los pol\u00edticos Veracruz\",\"description\":\"\",\"publisher\":{\"@id\":\"https:\\\/\\\/lospoliticosveracruz.com\\\/#organization\"},\"potentialAction\":[{\"@type\":\"SearchAction\",\"target\":{\"@type\":\"EntryPoint\",\"urlTemplate\":\"https:\\\/\\\/lospoliticosveracruz.com\\\/?s={search_term_string}\"},\"query-input\":{\"@type\":\"PropertyValueSpecification\",\"valueRequired\":true,\"valueName\":\"search_term_string\"}}],\"inLanguage\":\"es\"},{\"@type\":\"Organization\",\"@id\":\"https:\\\/\\\/lospoliticosveracruz.com\\\/#organization\",\"name\":\"Los pol\u00edticos Veracruz\",\"url\":\"https:\\\/\\\/lospoliticosveracruz.com\\\/\",\"logo\":{\"@type\":\"ImageObject\",\"inLanguage\":\"es\",\"@id\":\"https:\\\/\\\/lospoliticosveracruz.com\\\/#\\\/schema\\\/logo\\\/image\\\/\",\"url\":\"https:\\\/\\\/lospoliticosveracruz.com\\\/wp-content\\\/uploads\\\/2025\\\/12\\\/Logo-Nuevo-LOS-POLITICOS-1.jpg\",\"contentUrl\":\"https:\\\/\\\/lospoliticosveracruz.com\\\/wp-content\\\/uploads\\\/2025\\\/12\\\/Logo-Nuevo-LOS-POLITICOS-1.jpg\",\"width\":260,\"height\":70,\"caption\":\"Los pol\u00edticos Veracruz\"},\"image\":{\"@id\":\"https:\\\/\\\/lospoliticosveracruz.com\\\/#\\\/schema\\\/logo\\\/image\\\/\"},\"sameAs\":[\"https:\\\/\\\/www.facebook.com\\\/people\\\/Notimemes-de-los-Polticos\\\/61565672886568\\\/\",\"https:\\\/\\\/x.com\\\/LosPoliticosVer\"]},{\"@type\":\"Person\",\"@id\":\"https:\\\/\\\/lospoliticosveracruz.com\\\/#\\\/schema\\\/person\\\/b8702bb0e538456e6efd07080bf2a4a2\",\"name\":\"Lo viste en Los Pol\u00edticos\",\"image\":{\"@type\":\"ImageObject\",\"inLanguage\":\"es\",\"@id\":\"https:\\\/\\\/secure.gravatar.com\\\/avatar\\\/3a8de04a2656d44082be478bd6c086daa447c4651605818287b9532d3d0bd435?s=96&d=mm&r=g\",\"url\":\"https:\\\/\\\/secure.gravatar.com\\\/avatar\\\/3a8de04a2656d44082be478bd6c086daa447c4651605818287b9532d3d0bd435?s=96&d=mm&r=g\",\"contentUrl\":\"https:\\\/\\\/secure.gravatar.com\\\/avatar\\\/3a8de04a2656d44082be478bd6c086daa447c4651605818287b9532d3d0bd435?s=96&d=mm&r=g\",\"caption\":\"Lo viste en Los Pol\u00edticos\"},\"url\":\"https:\\\/\\\/lospoliticosveracruz.com\\\/?author=2\"}]}<\/script>\n<!-- \/ Yoast SEO plugin. -->","yoast_head_json":{"title":"HUELE A PRESO POL\u00cdTICO - Los pol\u00edticos Veracruz","robots":{"index":"index","follow":"follow","max-snippet":"max-snippet:-1","max-image-preview":"max-image-preview:large","max-video-preview":"max-video-preview:-1"},"canonical":"https:\/\/lospoliticosveracruz.com\/?p=95906","og_locale":"es_ES","og_type":"article","og_title":"HUELE A PRESO POL\u00cdTICO - Los pol\u00edticos Veracruz","og_description":"Luis Alberto RomeroHora cero Apenas hab\u00eda puesto un pie afuera del penal de Pacho Viejo, cuando elementos de la Polic\u00eda Ministerial informaron a Tito Delf\u00edn Cano, ex diputado local y federal, y ex alcalde de Tierra Blanca, que pesaba sobre \u00e9l otra orden de aprehensi\u00f3n. Ahora no s\u00f3lo enfrenta se\u00f1alamientos por abuso de autoridad, fraude [&hellip;]","og_url":"https:\/\/lospoliticosveracruz.com\/?p=95906","og_site_name":"Los pol\u00edticos Veracruz","article_publisher":"https:\/\/www.facebook.com\/people\/Notimemes-de-los-Polticos\/61565672886568\/","article_published_time":"2022-09-26T15:34:56+00:00","article_modified_time":"2022-09-26T15:37:07+00:00","og_image":[{"width":600,"height":320,"url":"https:\/\/lospoliticosveracruz.com\/wp-content\/uploads\/2021\/11\/Tito-Delfin-3.jpg","type":"image\/jpeg"}],"author":"Lo viste en Los Pol\u00edticos","twitter_card":"summary_large_image","twitter_creator":"@LosPoliticosVer","twitter_site":"@LosPoliticosVer","twitter_misc":{"Escrito por":"Lo viste en Los Pol\u00edticos","Tiempo de lectura":"3 minutos"},"schema":{"@context":"https:\/\/schema.org","@graph":[{"@type":"Article","@id":"https:\/\/lospoliticosveracruz.com\/?p=95906#article","isPartOf":{"@id":"https:\/\/lospoliticosveracruz.com\/?p=95906"},"author":{"name":"Lo viste en Los Pol\u00edticos","@id":"https:\/\/lospoliticosveracruz.com\/#\/schema\/person\/b8702bb0e538456e6efd07080bf2a4a2"},"headline":"HUELE A PRESO POL\u00cdTICO","datePublished":"2022-09-26T15:34:56+00:00","dateModified":"2022-09-26T15:37:07+00:00","mainEntityOfPage":{"@id":"https:\/\/lospoliticosveracruz.com\/?p=95906"},"wordCount":545,"publisher":{"@id":"https:\/\/lospoliticosveracruz.com\/#organization"},"image":{"@id":"https:\/\/lospoliticosveracruz.com\/?p=95906#primaryimage"},"thumbnailUrl":"https:\/\/lospoliticosveracruz.com\/wp-content\/uploads\/2021\/11\/Tito-Delfin-3.jpg","keywords":["Cuitl\u00e1huac Garc\u00eda Jim\u00e9nez","Jos\u00e9 Manuel del R\u00edo Virgen","Luis Alberto Romero","Morena","PAN","Pasiano Rueda Canseco","preso pol\u00edtico","Rogelio Franco Cast\u00e1n","Tito Delf\u00edn Cano","Veracruz"],"articleSection":["De Opini\u00f3n"],"inLanguage":"es"},{"@type":"WebPage","@id":"https:\/\/lospoliticosveracruz.com\/?p=95906","url":"https:\/\/lospoliticosveracruz.com\/?p=95906","name":"HUELE A PRESO POL\u00cdTICO - Los pol\u00edticos Veracruz","isPartOf":{"@id":"https:\/\/lospoliticosveracruz.com\/#website"},"primaryImageOfPage":{"@id":"https:\/\/lospoliticosveracruz.com\/?p=95906#primaryimage"},"image":{"@id":"https:\/\/lospoliticosveracruz.com\/?p=95906#primaryimage"},"thumbnailUrl":"https:\/\/lospoliticosveracruz.com\/wp-content\/uploads\/2021\/11\/Tito-Delfin-3.jpg","datePublished":"2022-09-26T15:34:56+00:00","dateModified":"2022-09-26T15:37:07+00:00","breadcrumb":{"@id":"https:\/\/lospoliticosveracruz.com\/?p=95906#breadcrumb"},"inLanguage":"es","potentialAction":[{"@type":"ReadAction","target":["https:\/\/lospoliticosveracruz.com\/?p=95906"]}]},{"@type":"ImageObject","inLanguage":"es","@id":"https:\/\/lospoliticosveracruz.com\/?p=95906#primaryimage","url":"https:\/\/lospoliticosveracruz.com\/wp-content\/uploads\/2021\/11\/Tito-Delfin-3.jpg","contentUrl":"https:\/\/lospoliticosveracruz.com\/wp-content\/uploads\/2021\/11\/Tito-Delfin-3.jpg","width":600,"height":320},{"@type":"BreadcrumbList","@id":"https:\/\/lospoliticosveracruz.com\/?p=95906#breadcrumb","itemListElement":[{"@type":"ListItem","position":1,"name":"Portada","item":"https:\/\/lospoliticosveracruz.com\/"},{"@type":"ListItem","position":2,"name":"HUELE A PRESO POL\u00cdTICO"}]},{"@type":"WebSite","@id":"https:\/\/lospoliticosveracruz.com\/#website","url":"https:\/\/lospoliticosveracruz.com\/","name":"Los pol\u00edticos Veracruz","description":"","publisher":{"@id":"https:\/\/lospoliticosveracruz.com\/#organization"},"potentialAction":[{"@type":"SearchAction","target":{"@type":"EntryPoint","urlTemplate":"https:\/\/lospoliticosveracruz.com\/?s={search_term_string}"},"query-input":{"@type":"PropertyValueSpecification","valueRequired":true,"valueName":"search_term_string"}}],"inLanguage":"es"},{"@type":"Organization","@id":"https:\/\/lospoliticosveracruz.com\/#organization","name":"Los pol\u00edticos Veracruz","url":"https:\/\/lospoliticosveracruz.com\/","logo":{"@type":"ImageObject","inLanguage":"es","@id":"https:\/\/lospoliticosveracruz.com\/#\/schema\/logo\/image\/","url":"https:\/\/lospoliticosveracruz.com\/wp-content\/uploads\/2025\/12\/Logo-Nuevo-LOS-POLITICOS-1.jpg","contentUrl":"https:\/\/lospoliticosveracruz.com\/wp-content\/uploads\/2025\/12\/Logo-Nuevo-LOS-POLITICOS-1.jpg","width":260,"height":70,"caption":"Los pol\u00edticos Veracruz"},"image":{"@id":"https:\/\/lospoliticosveracruz.com\/#\/schema\/logo\/image\/"},"sameAs":["https:\/\/www.facebook.com\/people\/Notimemes-de-los-Polticos\/61565672886568\/","https:\/\/x.com\/LosPoliticosVer"]},{"@type":"Person","@id":"https:\/\/lospoliticosveracruz.com\/#\/schema\/person\/b8702bb0e538456e6efd07080bf2a4a2","name":"Lo viste en Los Pol\u00edticos","image":{"@type":"ImageObject","inLanguage":"es","@id":"https:\/\/secure.gravatar.com\/avatar\/3a8de04a2656d44082be478bd6c086daa447c4651605818287b9532d3d0bd435?s=96&d=mm&r=g","url":"https:\/\/secure.gravatar.com\/avatar\/3a8de04a2656d44082be478bd6c086daa447c4651605818287b9532d3d0bd435?s=96&d=mm&r=g","contentUrl":"https:\/\/secure.gravatar.com\/avatar\/3a8de04a2656d44082be478bd6c086daa447c4651605818287b9532d3d0bd435?s=96&d=mm&r=g","caption":"Lo viste en Los Pol\u00edticos"},"url":"https:\/\/lospoliticosveracruz.com\/?author=2"}]}},"_links":{"self":[{"href":"https:\/\/lospoliticosveracruz.com\/index.php?rest_route=\/wp\/v2\/posts\/95906","targetHints":{"allow":["GET"]}}],"collection":[{"href":"https:\/\/lospoliticosveracruz.com\/index.php?rest_route=\/wp\/v2\/posts"}],"about":[{"href":"https:\/\/lospoliticosveracruz.com\/index.php?rest_route=\/wp\/v2\/types\/post"}],"author":[{"embeddable":true,"href":"https:\/\/lospoliticosveracruz.com\/index.php?rest_route=\/wp\/v2\/users\/2"}],"replies":[{"embeddable":true,"href":"https:\/\/lospoliticosveracruz.com\/index.php?rest_route=%2Fwp%2Fv2%2Fcomments&post=95906"}],"version-history":[{"count":1,"href":"https:\/\/lospoliticosveracruz.com\/index.php?rest_route=\/wp\/v2\/posts\/95906\/revisions"}],"predecessor-version":[{"id":95907,"href":"https:\/\/lospoliticosveracruz.com\/index.php?rest_route=\/wp\/v2\/posts\/95906\/revisions\/95907"}],"wp:featuredmedia":[{"embeddable":true,"href":"https:\/\/lospoliticosveracruz.com\/index.php?rest_route=\/wp\/v2\/media\/82595"}],"wp:attachment":[{"href":"https:\/\/lospoliticosveracruz.com\/index.php?rest_route=%2Fwp%2Fv2%2Fmedia&parent=95906"}],"wp:term":[{"taxonomy":"category","embeddable":true,"href":"https:\/\/lospoliticosveracruz.com\/index.php?rest_route=%2Fwp%2Fv2%2Fcategories&post=95906"},{"taxonomy":"post_tag","embeddable":true,"href":"https:\/\/lospoliticosveracruz.com\/index.php?rest_route=%2Fwp%2Fv2%2Ftags&post=95906"}],"curies":[{"name":"wp","href":"https:\/\/api.w.org\/{rel}","templated":true}]}}