{"id":96007,"date":"2022-09-27T19:58:53","date_gmt":"2022-09-28T00:58:53","guid":{"rendered":"https:\/\/lospoliticosveracruz.com.mx\/?p=96007"},"modified":"2022-09-27T19:58:59","modified_gmt":"2022-09-28T00:58:59","slug":"actopan-responde","status":"publish","type":"post","link":"https:\/\/lospoliticosveracruz.com\/?p=96007","title":{"rendered":"ACTOPAN RESPONDE"},"content":{"rendered":"\n<p><strong>Salvador Mu\u00f1oz<br><\/strong><em>Los Pol\u00edticos<\/em><\/p>\n\n\n\n<p>Actopan es en s\u00ed, un caso peculiar que desde la pasada administraci\u00f3n, vino a repercutir en la actual\u2026 en el cuatrienio anterior, si la memoria no nos falla, tuvo tres autoridades municipales; luego entonces, imagine todo lo que se pudo hacer y no se hizo en ese periodo\u2026<\/p>\n\n\n\n<figure class=\"wp-block-image size-full\"><a href=\"https:\/\/lospoliticosveracruz.com.mx\/wp-content\/uploads\/2022\/05\/Seguro-Julio-Cerecedo.jpg\"><img decoding=\"async\" src=\"https:\/\/lospoliticosveracruz.com.mx\/wp-content\/uploads\/2022\/05\/Seguro-Julio-Cerecedo.jpg\" alt=\"\" class=\"wp-image-90414\"\/><\/a><\/figure>\n\n\n\n<p><br>Luego, hubo la rebeli\u00f3n de los agentes municipales que llevaron ante los tribunales su caso en demanda de pago por ser autoridades auxiliares y el ayuntamiento tuvo que entrarle a Bel\u00e9n cantando para pagarles un salario\u2026 eso fue all\u00e1 por el 2019 y para ser precisos, Actopan no fue el \u00fanico caso: Tuxpan y Zozocolco de Hidalgo estaban en las mismas condiciones. La diferencia fue que en ese tiempo, la administraci\u00f3n municipal, sin previo estudio poblacional, decidi\u00f3 pagar a 56 agentes y subagentes.<br>Qu\u00e9 es lo que decide hacer el Ayuntamiento de Mary L\u00f3pez Callejas al tomar las riendas municipales: una reorganizaci\u00f3n poblacional que eliminaba algunas agencias y subagencias municipales, de acuerdo a lo establecido en el \u00faltimo recuento del Inegi y a la vez, avalado por la Comisi\u00f3n Permanente de Gobernaci\u00f3n del Congreso local, \u00e9ste, la semana pasada que arrojaba que Actopan cuenta con 3 agentes y 19 subagentes municipales as\u00ed como 34 comisariados.<br>Sin embargo, previo a que el Congreso local expusiera su dictamen, el Tribunal Electoral de Veracruz fall\u00f3 a favor de los quejosos y les reconoci\u00f3 como Agentes y Subagentes\u2026 la paradoja es que muchas de estas Autoridades Auxiliares en este momento cuentan con una poblaci\u00f3n de menos de 500 personas, por lo que legalmente pierden la categor\u00eda de Agentes y Subagentes Municipales y se convierten en Comisariados.<br>\u00bfQu\u00e9 implica esto? Que el Tribunal Electoral de Veracruz, u otra autoridad, revise el caso con los datos y dictamen que proporciona el Congreso.<br>Entre los resolutivos del TEV estaba ajustar el presupuesto para que se les pagara el salario m\u00ednimo a los Agentes y Subagentes Municipales porque estaban recibiendo, de acuerdo al presupuesto de egresos que se estableci\u00f3 al cierre de la anterior administraci\u00f3n, entre 2 mil 500 y 3 mil pesos mensuales. Las autoridades municipales aseguran que se les viene pagando a los tres agentes y 19 subagentes municipales lo que por Ley les corresponde.<br>Una pregunta que estaba en el aire cuando el Ayuntamiento dej\u00f3 de pagar a Agentes y Subagentes Municipales al entrar \u00e9stos en categor\u00eda de Comisarios: \u00bfY qu\u00e9 hizo Actopan con el recurso que estaba destinado para las Agencias y Subagencias Municipales? Entre otras obras, meter alumbrado p\u00fablico as\u00ed como echar a andar el Mercado Municipal que durante casi 20 a\u00f1os, estuvo abandonado\u2026<br>La reorganizaci\u00f3n poblacional de Actopan si bien obedece a la desproporci\u00f3n de una acci\u00f3n sin estudio por parte de las autoridades anteriores, igual hay que tomar en cuenta, las condiciones en que recibe el Ayuntamiento Mary L\u00f3pez Callejas:<br>1.- Una fila de cobradores que en su conjunto le exigen el pago de doce millones de pesos aproximadamente por obras, mismas que han tenido que exigir garant\u00edas porque no fueron supervisadas\u2026<br>2.- Enfrentar al inicio de la administraci\u00f3n los famosos laudos, que abarcaban 52 millones de pesos con casos sumamente extraordinarios que datan de 2007 y en algunos otros, con personas que cubr\u00edan cargos en Xalapa y Actopan \u00a1al mismo tiempo!<br>3.- Encontrarse con un da\u00f1o patrimonial de 68 millones de pesos\u2026<br>La suma de estos adeudos es similar al presupuesto anual\u2026<br>Qu\u00e9 espera entonces el Ayuntamiento de Actopan: Que las autoridades competentes hagan su trabajo con respecto a quienes demandan ser reconocidos como Agentes y Subagentes Municipales; chequen el n\u00famero de habitantes que cada centro poblacional tiene; y esperar, porque si en algo conf\u00eda la alcaldesa L\u00f3pez Callejas, es que el tiempo pone las cosas en su lugar\u2026<br>Servidos.<\/p>\n","protected":false},"excerpt":{"rendered":"<p>Salvador Mu\u00f1ozLos Pol\u00edticos Actopan es en s\u00ed, un caso peculiar que desde la pasada administraci\u00f3n, vino a repercutir en la actual\u2026 en el cuatrienio anterior, si la memoria no nos falla, tuvo tres autoridades municipales; luego entonces, imagine todo lo que se pudo hacer y no se hizo en ese periodo\u2026 Luego, hubo la rebeli\u00f3n [&hellip;]<\/p>\n","protected":false},"author":2,"featured_media":0,"comment_status":"closed","ping_status":"closed","sticky":false,"template":"","format":"standard","meta":{"tdm_status":"","tdm_grid_status":"","footnotes":""},"categories":[70],"tags":[4860,32652,2646,6753],"class_list":{"0":"post-96007","1":"post","2":"type-post","3":"status-publish","4":"format-standard","6":"category-de-opinion","7":"tag-actopan","8":"tag-mary-lopez-callejas","9":"tag-salvador-munoz","10":"tag-tribunal-electoral-de-veracruz"},"yoast_head":"<!-- This site is optimized with the Yoast SEO plugin v27.4 - https:\/\/yoast.com\/product\/yoast-seo-wordpress\/ -->\n<title>ACTOPAN RESPONDE - Los pol\u00edticos Veracruz<\/title>\n<meta name=\"robots\" content=\"index, follow, max-snippet:-1, max-image-preview:large, max-video-preview:-1\" \/>\n<link rel=\"canonical\" href=\"https:\/\/lospoliticosveracruz.com\/?p=96007\" \/>\n<meta property=\"og:locale\" content=\"es_ES\" \/>\n<meta property=\"og:type\" content=\"article\" \/>\n<meta property=\"og:title\" content=\"ACTOPAN RESPONDE - Los pol\u00edticos Veracruz\" \/>\n<meta property=\"og:description\" content=\"Salvador Mu\u00f1ozLos Pol\u00edticos Actopan es en s\u00ed, un caso peculiar que desde la pasada administraci\u00f3n, vino a repercutir en la actual\u2026 en el cuatrienio anterior, si la memoria no nos falla, tuvo tres autoridades municipales; luego entonces, imagine todo lo que se pudo hacer y no se hizo en ese periodo\u2026 Luego, hubo la rebeli\u00f3n [&hellip;]\" \/>\n<meta property=\"og:url\" content=\"https:\/\/lospoliticosveracruz.com\/?p=96007\" \/>\n<meta property=\"og:site_name\" content=\"Los pol\u00edticos Veracruz\" \/>\n<meta property=\"article:publisher\" content=\"https:\/\/www.facebook.com\/people\/Notimemes-de-los-Polticos\/61565672886568\/\" \/>\n<meta property=\"article:published_time\" content=\"2022-09-28T00:58:53+00:00\" \/>\n<meta property=\"article:modified_time\" content=\"2022-09-28T00:58:59+00:00\" \/>\n<meta property=\"og:image\" content=\"https:\/\/lospoliticosveracruz.com.mx\/wp-content\/uploads\/2022\/05\/Seguro-Julio-Cerecedo.jpg\" \/>\n<meta name=\"author\" content=\"Lo viste en Los Pol\u00edticos\" \/>\n<meta name=\"twitter:card\" content=\"summary_large_image\" \/>\n<meta name=\"twitter:creator\" content=\"@LosPoliticosVer\" \/>\n<meta name=\"twitter:site\" content=\"@LosPoliticosVer\" \/>\n<meta name=\"twitter:label1\" content=\"Escrito por\" \/>\n\t<meta name=\"twitter:data1\" content=\"Lo viste en Los Pol\u00edticos\" \/>\n\t<meta name=\"twitter:label2\" content=\"Tiempo de lectura\" \/>\n\t<meta name=\"twitter:data2\" content=\"3 minutos\" \/>\n<script type=\"application\/ld+json\" class=\"yoast-schema-graph\">{\"@context\":\"https:\\\/\\\/schema.org\",\"@graph\":[{\"@type\":\"Article\",\"@id\":\"https:\\\/\\\/lospoliticosveracruz.com\\\/?p=96007#article\",\"isPartOf\":{\"@id\":\"https:\\\/\\\/lospoliticosveracruz.com\\\/?p=96007\"},\"author\":{\"name\":\"Lo viste en Los Pol\u00edticos\",\"@id\":\"https:\\\/\\\/lospoliticosveracruz.com\\\/#\\\/schema\\\/person\\\/b8702bb0e538456e6efd07080bf2a4a2\"},\"headline\":\"ACTOPAN RESPONDE\",\"datePublished\":\"2022-09-28T00:58:53+00:00\",\"dateModified\":\"2022-09-28T00:58:59+00:00\",\"mainEntityOfPage\":{\"@id\":\"https:\\\/\\\/lospoliticosveracruz.com\\\/?p=96007\"},\"wordCount\":638,\"publisher\":{\"@id\":\"https:\\\/\\\/lospoliticosveracruz.com\\\/#organization\"},\"image\":{\"@id\":\"https:\\\/\\\/lospoliticosveracruz.com\\\/?p=96007#primaryimage\"},\"thumbnailUrl\":\"https:\\\/\\\/lospoliticosveracruz.com.mx\\\/wp-content\\\/uploads\\\/2022\\\/05\\\/Seguro-Julio-Cerecedo.jpg\",\"keywords\":[\"Actopan\",\"Mary L\u00f3pez Callejas\",\"Salvador Mu\u00f1oz\",\"Tribunal Electoral de Veracruz\"],\"articleSection\":[\"De Opini\u00f3n\"],\"inLanguage\":\"es\"},{\"@type\":\"WebPage\",\"@id\":\"https:\\\/\\\/lospoliticosveracruz.com\\\/?p=96007\",\"url\":\"https:\\\/\\\/lospoliticosveracruz.com\\\/?p=96007\",\"name\":\"ACTOPAN RESPONDE - Los pol\u00edticos Veracruz\",\"isPartOf\":{\"@id\":\"https:\\\/\\\/lospoliticosveracruz.com\\\/#website\"},\"primaryImageOfPage\":{\"@id\":\"https:\\\/\\\/lospoliticosveracruz.com\\\/?p=96007#primaryimage\"},\"image\":{\"@id\":\"https:\\\/\\\/lospoliticosveracruz.com\\\/?p=96007#primaryimage\"},\"thumbnailUrl\":\"https:\\\/\\\/lospoliticosveracruz.com.mx\\\/wp-content\\\/uploads\\\/2022\\\/05\\\/Seguro-Julio-Cerecedo.jpg\",\"datePublished\":\"2022-09-28T00:58:53+00:00\",\"dateModified\":\"2022-09-28T00:58:59+00:00\",\"breadcrumb\":{\"@id\":\"https:\\\/\\\/lospoliticosveracruz.com\\\/?p=96007#breadcrumb\"},\"inLanguage\":\"es\",\"potentialAction\":[{\"@type\":\"ReadAction\",\"target\":[\"https:\\\/\\\/lospoliticosveracruz.com\\\/?p=96007\"]}]},{\"@type\":\"ImageObject\",\"inLanguage\":\"es\",\"@id\":\"https:\\\/\\\/lospoliticosveracruz.com\\\/?p=96007#primaryimage\",\"url\":\"https:\\\/\\\/lospoliticosveracruz.com.mx\\\/wp-content\\\/uploads\\\/2022\\\/05\\\/Seguro-Julio-Cerecedo.jpg\",\"contentUrl\":\"https:\\\/\\\/lospoliticosveracruz.com.mx\\\/wp-content\\\/uploads\\\/2022\\\/05\\\/Seguro-Julio-Cerecedo.jpg\"},{\"@type\":\"BreadcrumbList\",\"@id\":\"https:\\\/\\\/lospoliticosveracruz.com\\\/?p=96007#breadcrumb\",\"itemListElement\":[{\"@type\":\"ListItem\",\"position\":1,\"name\":\"Portada\",\"item\":\"https:\\\/\\\/lospoliticosveracruz.com\\\/\"},{\"@type\":\"ListItem\",\"position\":2,\"name\":\"ACTOPAN RESPONDE\"}]},{\"@type\":\"WebSite\",\"@id\":\"https:\\\/\\\/lospoliticosveracruz.com\\\/#website\",\"url\":\"https:\\\/\\\/lospoliticosveracruz.com\\\/\",\"name\":\"Los pol\u00edticos Veracruz\",\"description\":\"\",\"publisher\":{\"@id\":\"https:\\\/\\\/lospoliticosveracruz.com\\\/#organization\"},\"potentialAction\":[{\"@type\":\"SearchAction\",\"target\":{\"@type\":\"EntryPoint\",\"urlTemplate\":\"https:\\\/\\\/lospoliticosveracruz.com\\\/?s={search_term_string}\"},\"query-input\":{\"@type\":\"PropertyValueSpecification\",\"valueRequired\":true,\"valueName\":\"search_term_string\"}}],\"inLanguage\":\"es\"},{\"@type\":\"Organization\",\"@id\":\"https:\\\/\\\/lospoliticosveracruz.com\\\/#organization\",\"name\":\"Los pol\u00edticos Veracruz\",\"url\":\"https:\\\/\\\/lospoliticosveracruz.com\\\/\",\"logo\":{\"@type\":\"ImageObject\",\"inLanguage\":\"es\",\"@id\":\"https:\\\/\\\/lospoliticosveracruz.com\\\/#\\\/schema\\\/logo\\\/image\\\/\",\"url\":\"https:\\\/\\\/lospoliticosveracruz.com\\\/wp-content\\\/uploads\\\/2025\\\/12\\\/Logo-Nuevo-LOS-POLITICOS-1.jpg\",\"contentUrl\":\"https:\\\/\\\/lospoliticosveracruz.com\\\/wp-content\\\/uploads\\\/2025\\\/12\\\/Logo-Nuevo-LOS-POLITICOS-1.jpg\",\"width\":260,\"height\":70,\"caption\":\"Los pol\u00edticos Veracruz\"},\"image\":{\"@id\":\"https:\\\/\\\/lospoliticosveracruz.com\\\/#\\\/schema\\\/logo\\\/image\\\/\"},\"sameAs\":[\"https:\\\/\\\/www.facebook.com\\\/people\\\/Notimemes-de-los-Polticos\\\/61565672886568\\\/\",\"https:\\\/\\\/x.com\\\/LosPoliticosVer\"]},{\"@type\":\"Person\",\"@id\":\"https:\\\/\\\/lospoliticosveracruz.com\\\/#\\\/schema\\\/person\\\/b8702bb0e538456e6efd07080bf2a4a2\",\"name\":\"Lo viste en Los Pol\u00edticos\",\"image\":{\"@type\":\"ImageObject\",\"inLanguage\":\"es\",\"@id\":\"https:\\\/\\\/secure.gravatar.com\\\/avatar\\\/3a8de04a2656d44082be478bd6c086daa447c4651605818287b9532d3d0bd435?s=96&d=mm&r=g\",\"url\":\"https:\\\/\\\/secure.gravatar.com\\\/avatar\\\/3a8de04a2656d44082be478bd6c086daa447c4651605818287b9532d3d0bd435?s=96&d=mm&r=g\",\"contentUrl\":\"https:\\\/\\\/secure.gravatar.com\\\/avatar\\\/3a8de04a2656d44082be478bd6c086daa447c4651605818287b9532d3d0bd435?s=96&d=mm&r=g\",\"caption\":\"Lo viste en Los Pol\u00edticos\"},\"url\":\"https:\\\/\\\/lospoliticosveracruz.com\\\/?author=2\"}]}<\/script>\n<!-- \/ Yoast SEO plugin. -->","yoast_head_json":{"title":"ACTOPAN RESPONDE - Los pol\u00edticos Veracruz","robots":{"index":"index","follow":"follow","max-snippet":"max-snippet:-1","max-image-preview":"max-image-preview:large","max-video-preview":"max-video-preview:-1"},"canonical":"https:\/\/lospoliticosveracruz.com\/?p=96007","og_locale":"es_ES","og_type":"article","og_title":"ACTOPAN RESPONDE - Los pol\u00edticos Veracruz","og_description":"Salvador Mu\u00f1ozLos Pol\u00edticos Actopan es en s\u00ed, un caso peculiar que desde la pasada administraci\u00f3n, vino a repercutir en la actual\u2026 en el cuatrienio anterior, si la memoria no nos falla, tuvo tres autoridades municipales; luego entonces, imagine todo lo que se pudo hacer y no se hizo en ese periodo\u2026 Luego, hubo la rebeli\u00f3n [&hellip;]","og_url":"https:\/\/lospoliticosveracruz.com\/?p=96007","og_site_name":"Los pol\u00edticos Veracruz","article_publisher":"https:\/\/www.facebook.com\/people\/Notimemes-de-los-Polticos\/61565672886568\/","article_published_time":"2022-09-28T00:58:53+00:00","article_modified_time":"2022-09-28T00:58:59+00:00","og_image":[{"url":"https:\/\/lospoliticosveracruz.com.mx\/wp-content\/uploads\/2022\/05\/Seguro-Julio-Cerecedo.jpg","type":"","width":"","height":""}],"author":"Lo viste en Los Pol\u00edticos","twitter_card":"summary_large_image","twitter_creator":"@LosPoliticosVer","twitter_site":"@LosPoliticosVer","twitter_misc":{"Escrito por":"Lo viste en Los Pol\u00edticos","Tiempo de lectura":"3 minutos"},"schema":{"@context":"https:\/\/schema.org","@graph":[{"@type":"Article","@id":"https:\/\/lospoliticosveracruz.com\/?p=96007#article","isPartOf":{"@id":"https:\/\/lospoliticosveracruz.com\/?p=96007"},"author":{"name":"Lo viste en Los Pol\u00edticos","@id":"https:\/\/lospoliticosveracruz.com\/#\/schema\/person\/b8702bb0e538456e6efd07080bf2a4a2"},"headline":"ACTOPAN RESPONDE","datePublished":"2022-09-28T00:58:53+00:00","dateModified":"2022-09-28T00:58:59+00:00","mainEntityOfPage":{"@id":"https:\/\/lospoliticosveracruz.com\/?p=96007"},"wordCount":638,"publisher":{"@id":"https:\/\/lospoliticosveracruz.com\/#organization"},"image":{"@id":"https:\/\/lospoliticosveracruz.com\/?p=96007#primaryimage"},"thumbnailUrl":"https:\/\/lospoliticosveracruz.com.mx\/wp-content\/uploads\/2022\/05\/Seguro-Julio-Cerecedo.jpg","keywords":["Actopan","Mary L\u00f3pez Callejas","Salvador Mu\u00f1oz","Tribunal Electoral de Veracruz"],"articleSection":["De Opini\u00f3n"],"inLanguage":"es"},{"@type":"WebPage","@id":"https:\/\/lospoliticosveracruz.com\/?p=96007","url":"https:\/\/lospoliticosveracruz.com\/?p=96007","name":"ACTOPAN RESPONDE - Los pol\u00edticos Veracruz","isPartOf":{"@id":"https:\/\/lospoliticosveracruz.com\/#website"},"primaryImageOfPage":{"@id":"https:\/\/lospoliticosveracruz.com\/?p=96007#primaryimage"},"image":{"@id":"https:\/\/lospoliticosveracruz.com\/?p=96007#primaryimage"},"thumbnailUrl":"https:\/\/lospoliticosveracruz.com.mx\/wp-content\/uploads\/2022\/05\/Seguro-Julio-Cerecedo.jpg","datePublished":"2022-09-28T00:58:53+00:00","dateModified":"2022-09-28T00:58:59+00:00","breadcrumb":{"@id":"https:\/\/lospoliticosveracruz.com\/?p=96007#breadcrumb"},"inLanguage":"es","potentialAction":[{"@type":"ReadAction","target":["https:\/\/lospoliticosveracruz.com\/?p=96007"]}]},{"@type":"ImageObject","inLanguage":"es","@id":"https:\/\/lospoliticosveracruz.com\/?p=96007#primaryimage","url":"https:\/\/lospoliticosveracruz.com.mx\/wp-content\/uploads\/2022\/05\/Seguro-Julio-Cerecedo.jpg","contentUrl":"https:\/\/lospoliticosveracruz.com.mx\/wp-content\/uploads\/2022\/05\/Seguro-Julio-Cerecedo.jpg"},{"@type":"BreadcrumbList","@id":"https:\/\/lospoliticosveracruz.com\/?p=96007#breadcrumb","itemListElement":[{"@type":"ListItem","position":1,"name":"Portada","item":"https:\/\/lospoliticosveracruz.com\/"},{"@type":"ListItem","position":2,"name":"ACTOPAN RESPONDE"}]},{"@type":"WebSite","@id":"https:\/\/lospoliticosveracruz.com\/#website","url":"https:\/\/lospoliticosveracruz.com\/","name":"Los pol\u00edticos Veracruz","description":"","publisher":{"@id":"https:\/\/lospoliticosveracruz.com\/#organization"},"potentialAction":[{"@type":"SearchAction","target":{"@type":"EntryPoint","urlTemplate":"https:\/\/lospoliticosveracruz.com\/?s={search_term_string}"},"query-input":{"@type":"PropertyValueSpecification","valueRequired":true,"valueName":"search_term_string"}}],"inLanguage":"es"},{"@type":"Organization","@id":"https:\/\/lospoliticosveracruz.com\/#organization","name":"Los pol\u00edticos Veracruz","url":"https:\/\/lospoliticosveracruz.com\/","logo":{"@type":"ImageObject","inLanguage":"es","@id":"https:\/\/lospoliticosveracruz.com\/#\/schema\/logo\/image\/","url":"https:\/\/lospoliticosveracruz.com\/wp-content\/uploads\/2025\/12\/Logo-Nuevo-LOS-POLITICOS-1.jpg","contentUrl":"https:\/\/lospoliticosveracruz.com\/wp-content\/uploads\/2025\/12\/Logo-Nuevo-LOS-POLITICOS-1.jpg","width":260,"height":70,"caption":"Los pol\u00edticos Veracruz"},"image":{"@id":"https:\/\/lospoliticosveracruz.com\/#\/schema\/logo\/image\/"},"sameAs":["https:\/\/www.facebook.com\/people\/Notimemes-de-los-Polticos\/61565672886568\/","https:\/\/x.com\/LosPoliticosVer"]},{"@type":"Person","@id":"https:\/\/lospoliticosveracruz.com\/#\/schema\/person\/b8702bb0e538456e6efd07080bf2a4a2","name":"Lo viste en Los Pol\u00edticos","image":{"@type":"ImageObject","inLanguage":"es","@id":"https:\/\/secure.gravatar.com\/avatar\/3a8de04a2656d44082be478bd6c086daa447c4651605818287b9532d3d0bd435?s=96&d=mm&r=g","url":"https:\/\/secure.gravatar.com\/avatar\/3a8de04a2656d44082be478bd6c086daa447c4651605818287b9532d3d0bd435?s=96&d=mm&r=g","contentUrl":"https:\/\/secure.gravatar.com\/avatar\/3a8de04a2656d44082be478bd6c086daa447c4651605818287b9532d3d0bd435?s=96&d=mm&r=g","caption":"Lo viste en Los Pol\u00edticos"},"url":"https:\/\/lospoliticosveracruz.com\/?author=2"}]}},"_links":{"self":[{"href":"https:\/\/lospoliticosveracruz.com\/index.php?rest_route=\/wp\/v2\/posts\/96007","targetHints":{"allow":["GET"]}}],"collection":[{"href":"https:\/\/lospoliticosveracruz.com\/index.php?rest_route=\/wp\/v2\/posts"}],"about":[{"href":"https:\/\/lospoliticosveracruz.com\/index.php?rest_route=\/wp\/v2\/types\/post"}],"author":[{"embeddable":true,"href":"https:\/\/lospoliticosveracruz.com\/index.php?rest_route=\/wp\/v2\/users\/2"}],"replies":[{"embeddable":true,"href":"https:\/\/lospoliticosveracruz.com\/index.php?rest_route=%2Fwp%2Fv2%2Fcomments&post=96007"}],"version-history":[{"count":1,"href":"https:\/\/lospoliticosveracruz.com\/index.php?rest_route=\/wp\/v2\/posts\/96007\/revisions"}],"predecessor-version":[{"id":96009,"href":"https:\/\/lospoliticosveracruz.com\/index.php?rest_route=\/wp\/v2\/posts\/96007\/revisions\/96009"}],"wp:attachment":[{"href":"https:\/\/lospoliticosveracruz.com\/index.php?rest_route=%2Fwp%2Fv2%2Fmedia&parent=96007"}],"wp:term":[{"taxonomy":"category","embeddable":true,"href":"https:\/\/lospoliticosveracruz.com\/index.php?rest_route=%2Fwp%2Fv2%2Fcategories&post=96007"},{"taxonomy":"post_tag","embeddable":true,"href":"https:\/\/lospoliticosveracruz.com\/index.php?rest_route=%2Fwp%2Fv2%2Ftags&post=96007"}],"curies":[{"name":"wp","href":"https:\/\/api.w.org\/{rel}","templated":true}]}}