{"id":96079,"date":"2022-09-29T08:16:46","date_gmt":"2022-09-29T13:16:46","guid":{"rendered":"https:\/\/lospoliticosveracruz.com.mx\/?p=96079"},"modified":"2022-09-29T08:17:26","modified_gmt":"2022-09-29T13:17:26","slug":"corrupcion-de-la-fiscalizacion","status":"publish","type":"post","link":"https:\/\/lospoliticosveracruz.com\/?p=96079","title":{"rendered":"CORRUPCI\u00d3N DE LA FISCALIZACI\u00d3N"},"content":{"rendered":"\n<p><strong>Rafael Arias Hern\u00e1ndez<br><\/strong><em>Mutatis mutandis<\/em><\/p>\n\n\n\n<p>Tema central, obligaci\u00f3n de siempre es atender, cuidar y vigilar evaluaci\u00f3n, fiscalizaci\u00f3n y Contralor\u00eda social, de todo tipo de gobierno; y, en particular, del trabajo realizado por los gobernantes, funcionarios y servidores p\u00fablicos de actualidad.<br>Fiscalizar, es un derecho ciudadano y social y, a la vez, una obligaci\u00f3n institucional y del servidor p\u00fablico a cargo.<br>Lo grave es cuando el fiscalizar se corrompe, para no cumplir con su deber y dejar hacer y dejar pasar hechos y actividades condenables.<\/p>\n\n\n<div class=\"wp-block-image\">\n<figure class=\"alignleft size-full is-resized\"><a href=\"https:\/\/lospoliticosveracruz.com.mx\/wp-content\/uploads\/2021\/10\/Zacauilt.jpg\"><img loading=\"lazy\" decoding=\"async\" src=\"https:\/\/lospoliticosveracruz.com.mx\/wp-content\/uploads\/2021\/10\/Zacauilt.jpg\" alt=\"\" class=\"wp-image-80558\" width=\"175\" height=\"350\"\/><\/a><\/figure>\n<\/div>\n\n\n<p><br>Luego entonces fiscalizar al fiscalizador es m\u00e1s que un derecho, es una obligaci\u00f3n. Los primeros que deben enfrentar la ley son aquellos que, debiendo cumplir y hacer cumplirla, no lo hacen y se pasan de listos.<br>As\u00ed que no debe extra\u00f1ar que se exija poner atenci\u00f3n y ocuparse de todas las actividades gubernamentales; y en particular, de todo lo relativo a informes de resultados, su seguimiento y control, su evaluaci\u00f3n y fiscalizaci\u00f3n, as\u00ed como la disponibilidad, uso y destino de los recursos p\u00fablicos y, desde luego, del ejercicio de las atribuciones institucionales. \u00bfQu\u00e9 y c\u00f3mo lo ha hecho el gobierno? \u00bfCu\u00e1les son los resultados, respecto a los deberes y obligaciones que se deben cumplir? \u00bfD\u00f3nde est\u00e1n los resultados y las acciones de los fiscalizadores bien pagados? \u00bfQu\u00e9 hacen aparte de hacer como que hacen?<br>En este contexto, se sabe que el combate a la corrupci\u00f3n es una obligaci\u00f3n ineludible, de largo alcance y permanente esfuerzo, porque simple y sencillamente es innegable que su activa presencia influye negativamente, deformando y trastocando, hasta constituirse y caracterizar, a m\u00faltiples y diversas formas, de esa nueva realidad alterada delincuencialmente.<br>La fiscalizaci\u00f3n es identificada, como una de las actividades orientadas principalmente al combate y erradicaci\u00f3n de la corrupci\u00f3n, porque \u00e9sta alienta y fortalece la descomposici\u00f3n del orden establecido y afecta a la sociedad. Violar, ignorar, distorsionar y no aplicar las leyes, se ha convertido en una de sus caracter\u00edsticas.<br>Fiscalizaci\u00f3n, seg\u00fan el Gobierno mexicano, \u201ces el proceso de revisar, auditar y vigilar a detalle la congruencia entre los objetivos planteados y las metas alcanzadas en materia de contabilidad, finanzas, presupuesto, avances y beneficios econ\u00f3micos, adecuaci\u00f3n program\u00e1tica y endeudamiento en cada uno de los entes de la administraci\u00f3n p\u00fablica y los Poderes de la Uni\u00f3n, en cada ejercicio fiscal. Implica controlar las actividades del Estado para confirmar que se ajusten a los principios de legalidad, definitividad, imparcialidad y confiabilidad\u2026\u201d<strong><em><a href=\"http:\/\/sil.gobernacion.gob.mx\/Glosario\/definicionpop.php?ID=274\"> (http:\/\/sil.gobernacion.gob.mx\/Glosario\/definicionpop.php?ID=274<\/a><\/em><\/strong>)<br>Las preguntas surgen de inmediato. \u00bfPor qu\u00e9 no se hace uso eficiente y oportuno de los \u00f3rganos y las instituciones fiscalizadoras? \u00bfQui\u00e9nes las dirigen y en ellas trabajan son c\u00f3mplices o simuladores? \u00bfQu\u00e9 pasa? \u00bfQu\u00e9 hacen? \u00bfSirven?<br>As\u00ed que hay que asegurar que la fiscalizaci\u00f3n no pase a ser parte de la simulaci\u00f3n, la distracci\u00f3n, el entretenimiento o la complicidad. Y concretamente, que cuando menos sostenga, el seguimiento y control de la administraci\u00f3n p\u00fablica y el gobierno.<br>Adem\u00e1s, a la corrupci\u00f3n, siempre es oportuno abordarla y enfrentarla, ya que, a fin de cuentas, debe hacerse por la importancia de los da\u00f1os y alteraciones que causa, quebrantando la ley y afectando el orden establecido; y debe insistirse, y no debe olvidarse, que es notorio que la corrupci\u00f3n est\u00e1 presente en m\u00faltiples aspectos econ\u00f3micos, pol\u00edticos y sociales, de los que debe y tiene que ser erradicada. Hacerlo no es f\u00e1cil, ni r\u00e1pido pues como se sabe y se dice, es parte de una cultura da\u00f1ina, que caracteriza muchas actitudes y costumbres, que casi desde siempre se padecen.<br>\u00bfC\u00f3mo hacerlo? \u00bfQui\u00e9nes estamos obligados a participar en este singular esfuerzo? \u00bfCon que medios y para que objetivos?<br>Preguntas que cada uno nos debemos hacer; sobre todo, para decidir y actuar en consecuencia, ya que atender y resolver este tipo de asuntos p\u00fablicos, exige presencia y participaci\u00f3n, real y efectiva. Los problemas no se resuelven solos; y s\u00ed, en cambio para atenderlos, pueden exigir presencia y participaci\u00f3n ciudadana y social en su soluci\u00f3n.<br>Para empezar, debe hacerse p\u00fablico tanto el peligro posible, como el da\u00f1o causado. Bien se sabe que es imprescindible difundir el o los problemas existentes; y, en particular, crear o contar con un espacio libre y abierto, plural y objetivo, donde se conozca del o los problemas, sus causas y alcances.<br>Espacio propio para an\u00e1lisis y estudio, di\u00e1logo y debate p\u00fablico, orientados a aprovechar disposici\u00f3n y experiencia, aportaciones y soluciones posibles, trabajos, de amplias y numerosas contribuciones hechas por acad\u00e9micos e instituciones, observadores y activistas, especialistas y p\u00fablico general, que hoy est\u00e1n presentes y participan.<br>Fiscalizar es un derecho humano, que exige de presencia y participaci\u00f3n ciudadana y social. Lo malo no se arregla solo, ni por voluntad propia. Corregir el error exige evaluar y considerar lo bueno y lo malo, el acierto y el error, el avance y el retroceso.<br>Fiscalizar es vigilar que se aplique la ley, que se cumpla con objetivos, compromisos y deberes establecidos, para consolidar y mejorar lo bueno y el logro alcanzado; y tambi\u00e9n, para identificar el error, su da\u00f1o y posible retroceso.<br>Fiscalizar hoy y aqu\u00ed, a todo servidor p\u00fablico. Urge identificar y reconocer el buen trabajo realizado, son pocos o contados los casos, pero los hay.<\/p>\n\n\n\n<p>-Academico.IIESESUV @RafaelAriasH,Facebook:VeracruzHoydeRafaelAriasH<\/p>\n","protected":false},"excerpt":{"rendered":"<p>Rafael Arias Hern\u00e1ndezMutatis mutandis Tema central, obligaci\u00f3n de siempre es atender, cuidar y vigilar evaluaci\u00f3n, fiscalizaci\u00f3n y Contralor\u00eda social, de todo tipo de gobierno; y, en particular, del trabajo realizado por los gobernantes, funcionarios y servidores p\u00fablicos de actualidad.Fiscalizar, es un derecho ciudadano y social y, a la vez, una obligaci\u00f3n institucional y del servidor [&hellip;]<\/p>\n","protected":false},"author":2,"featured_media":0,"comment_status":"closed","ping_status":"closed","sticky":false,"template":"","format":"standard","meta":{"tdm_status":"","tdm_grid_status":"","footnotes":""},"categories":[70],"tags":[28112,8032],"class_list":{"0":"post-96079","1":"post","2":"type-post","3":"status-publish","4":"format-standard","6":"category-de-opinion","7":"tag-contraloria-social","8":"tag-rafael-arias-hernandez"},"yoast_head":"<!-- This site is optimized with the Yoast SEO plugin v27.4 - https:\/\/yoast.com\/product\/yoast-seo-wordpress\/ -->\n<title>CORRUPCI\u00d3N DE LA FISCALIZACI\u00d3N - Los pol\u00edticos Veracruz<\/title>\n<meta name=\"robots\" content=\"index, follow, max-snippet:-1, max-image-preview:large, max-video-preview:-1\" \/>\n<link rel=\"canonical\" href=\"https:\/\/lospoliticosveracruz.com\/?p=96079\" \/>\n<meta property=\"og:locale\" content=\"es_ES\" \/>\n<meta property=\"og:type\" content=\"article\" \/>\n<meta property=\"og:title\" content=\"CORRUPCI\u00d3N DE LA FISCALIZACI\u00d3N - Los pol\u00edticos Veracruz\" \/>\n<meta property=\"og:description\" content=\"Rafael Arias Hern\u00e1ndezMutatis mutandis Tema central, obligaci\u00f3n de siempre es atender, cuidar y vigilar evaluaci\u00f3n, fiscalizaci\u00f3n y Contralor\u00eda social, de todo tipo de gobierno; y, en particular, del trabajo realizado por los gobernantes, funcionarios y servidores p\u00fablicos de actualidad.Fiscalizar, es un derecho ciudadano y social y, a la vez, una obligaci\u00f3n institucional y del servidor [&hellip;]\" \/>\n<meta property=\"og:url\" content=\"https:\/\/lospoliticosveracruz.com\/?p=96079\" \/>\n<meta property=\"og:site_name\" content=\"Los pol\u00edticos Veracruz\" \/>\n<meta property=\"article:publisher\" content=\"https:\/\/www.facebook.com\/people\/Notimemes-de-los-Polticos\/61565672886568\/\" \/>\n<meta property=\"article:published_time\" content=\"2022-09-29T13:16:46+00:00\" \/>\n<meta property=\"article:modified_time\" content=\"2022-09-29T13:17:26+00:00\" \/>\n<meta property=\"og:image\" content=\"https:\/\/lospoliticosveracruz.com.mx\/wp-content\/uploads\/2021\/10\/Zacauilt.jpg\" \/>\n<meta name=\"author\" content=\"Lo viste en Los Pol\u00edticos\" \/>\n<meta name=\"twitter:card\" content=\"summary_large_image\" \/>\n<meta name=\"twitter:creator\" content=\"@LosPoliticosVer\" \/>\n<meta name=\"twitter:site\" content=\"@LosPoliticosVer\" \/>\n<meta name=\"twitter:label1\" content=\"Escrito por\" \/>\n\t<meta name=\"twitter:data1\" content=\"Lo viste en Los Pol\u00edticos\" \/>\n\t<meta name=\"twitter:label2\" content=\"Tiempo de lectura\" \/>\n\t<meta name=\"twitter:data2\" content=\"5 minutos\" \/>\n<script type=\"application\/ld+json\" class=\"yoast-schema-graph\">{\"@context\":\"https:\\\/\\\/schema.org\",\"@graph\":[{\"@type\":\"Article\",\"@id\":\"https:\\\/\\\/lospoliticosveracruz.com\\\/?p=96079#article\",\"isPartOf\":{\"@id\":\"https:\\\/\\\/lospoliticosveracruz.com\\\/?p=96079\"},\"author\":{\"name\":\"Lo viste en Los Pol\u00edticos\",\"@id\":\"https:\\\/\\\/lospoliticosveracruz.com\\\/#\\\/schema\\\/person\\\/b8702bb0e538456e6efd07080bf2a4a2\"},\"headline\":\"CORRUPCI\u00d3N DE LA FISCALIZACI\u00d3N\",\"datePublished\":\"2022-09-29T13:16:46+00:00\",\"dateModified\":\"2022-09-29T13:17:26+00:00\",\"mainEntityOfPage\":{\"@id\":\"https:\\\/\\\/lospoliticosveracruz.com\\\/?p=96079\"},\"wordCount\":940,\"publisher\":{\"@id\":\"https:\\\/\\\/lospoliticosveracruz.com\\\/#organization\"},\"image\":{\"@id\":\"https:\\\/\\\/lospoliticosveracruz.com\\\/?p=96079#primaryimage\"},\"thumbnailUrl\":\"https:\\\/\\\/lospoliticosveracruz.com.mx\\\/wp-content\\\/uploads\\\/2021\\\/10\\\/Zacauilt.jpg\",\"keywords\":[\"Contralor\u00eda Social\",\"Rafael Arias Hern\u00e1ndez\"],\"articleSection\":[\"De Opini\u00f3n\"],\"inLanguage\":\"es\"},{\"@type\":\"WebPage\",\"@id\":\"https:\\\/\\\/lospoliticosveracruz.com\\\/?p=96079\",\"url\":\"https:\\\/\\\/lospoliticosveracruz.com\\\/?p=96079\",\"name\":\"CORRUPCI\u00d3N DE LA FISCALIZACI\u00d3N - Los pol\u00edticos Veracruz\",\"isPartOf\":{\"@id\":\"https:\\\/\\\/lospoliticosveracruz.com\\\/#website\"},\"primaryImageOfPage\":{\"@id\":\"https:\\\/\\\/lospoliticosveracruz.com\\\/?p=96079#primaryimage\"},\"image\":{\"@id\":\"https:\\\/\\\/lospoliticosveracruz.com\\\/?p=96079#primaryimage\"},\"thumbnailUrl\":\"https:\\\/\\\/lospoliticosveracruz.com.mx\\\/wp-content\\\/uploads\\\/2021\\\/10\\\/Zacauilt.jpg\",\"datePublished\":\"2022-09-29T13:16:46+00:00\",\"dateModified\":\"2022-09-29T13:17:26+00:00\",\"breadcrumb\":{\"@id\":\"https:\\\/\\\/lospoliticosveracruz.com\\\/?p=96079#breadcrumb\"},\"inLanguage\":\"es\",\"potentialAction\":[{\"@type\":\"ReadAction\",\"target\":[\"https:\\\/\\\/lospoliticosveracruz.com\\\/?p=96079\"]}]},{\"@type\":\"ImageObject\",\"inLanguage\":\"es\",\"@id\":\"https:\\\/\\\/lospoliticosveracruz.com\\\/?p=96079#primaryimage\",\"url\":\"https:\\\/\\\/lospoliticosveracruz.com.mx\\\/wp-content\\\/uploads\\\/2021\\\/10\\\/Zacauilt.jpg\",\"contentUrl\":\"https:\\\/\\\/lospoliticosveracruz.com.mx\\\/wp-content\\\/uploads\\\/2021\\\/10\\\/Zacauilt.jpg\"},{\"@type\":\"BreadcrumbList\",\"@id\":\"https:\\\/\\\/lospoliticosveracruz.com\\\/?p=96079#breadcrumb\",\"itemListElement\":[{\"@type\":\"ListItem\",\"position\":1,\"name\":\"Portada\",\"item\":\"https:\\\/\\\/lospoliticosveracruz.com\\\/\"},{\"@type\":\"ListItem\",\"position\":2,\"name\":\"CORRUPCI\u00d3N DE LA FISCALIZACI\u00d3N\"}]},{\"@type\":\"WebSite\",\"@id\":\"https:\\\/\\\/lospoliticosveracruz.com\\\/#website\",\"url\":\"https:\\\/\\\/lospoliticosveracruz.com\\\/\",\"name\":\"Los pol\u00edticos Veracruz\",\"description\":\"\",\"publisher\":{\"@id\":\"https:\\\/\\\/lospoliticosveracruz.com\\\/#organization\"},\"potentialAction\":[{\"@type\":\"SearchAction\",\"target\":{\"@type\":\"EntryPoint\",\"urlTemplate\":\"https:\\\/\\\/lospoliticosveracruz.com\\\/?s={search_term_string}\"},\"query-input\":{\"@type\":\"PropertyValueSpecification\",\"valueRequired\":true,\"valueName\":\"search_term_string\"}}],\"inLanguage\":\"es\"},{\"@type\":\"Organization\",\"@id\":\"https:\\\/\\\/lospoliticosveracruz.com\\\/#organization\",\"name\":\"Los pol\u00edticos Veracruz\",\"url\":\"https:\\\/\\\/lospoliticosveracruz.com\\\/\",\"logo\":{\"@type\":\"ImageObject\",\"inLanguage\":\"es\",\"@id\":\"https:\\\/\\\/lospoliticosveracruz.com\\\/#\\\/schema\\\/logo\\\/image\\\/\",\"url\":\"https:\\\/\\\/lospoliticosveracruz.com\\\/wp-content\\\/uploads\\\/2025\\\/12\\\/Logo-Nuevo-LOS-POLITICOS-1.jpg\",\"contentUrl\":\"https:\\\/\\\/lospoliticosveracruz.com\\\/wp-content\\\/uploads\\\/2025\\\/12\\\/Logo-Nuevo-LOS-POLITICOS-1.jpg\",\"width\":260,\"height\":70,\"caption\":\"Los pol\u00edticos Veracruz\"},\"image\":{\"@id\":\"https:\\\/\\\/lospoliticosveracruz.com\\\/#\\\/schema\\\/logo\\\/image\\\/\"},\"sameAs\":[\"https:\\\/\\\/www.facebook.com\\\/people\\\/Notimemes-de-los-Polticos\\\/61565672886568\\\/\",\"https:\\\/\\\/x.com\\\/LosPoliticosVer\"]},{\"@type\":\"Person\",\"@id\":\"https:\\\/\\\/lospoliticosveracruz.com\\\/#\\\/schema\\\/person\\\/b8702bb0e538456e6efd07080bf2a4a2\",\"name\":\"Lo viste en Los Pol\u00edticos\",\"image\":{\"@type\":\"ImageObject\",\"inLanguage\":\"es\",\"@id\":\"https:\\\/\\\/secure.gravatar.com\\\/avatar\\\/3a8de04a2656d44082be478bd6c086daa447c4651605818287b9532d3d0bd435?s=96&d=mm&r=g\",\"url\":\"https:\\\/\\\/secure.gravatar.com\\\/avatar\\\/3a8de04a2656d44082be478bd6c086daa447c4651605818287b9532d3d0bd435?s=96&d=mm&r=g\",\"contentUrl\":\"https:\\\/\\\/secure.gravatar.com\\\/avatar\\\/3a8de04a2656d44082be478bd6c086daa447c4651605818287b9532d3d0bd435?s=96&d=mm&r=g\",\"caption\":\"Lo viste en Los Pol\u00edticos\"},\"url\":\"https:\\\/\\\/lospoliticosveracruz.com\\\/?author=2\"}]}<\/script>\n<!-- \/ Yoast SEO plugin. -->","yoast_head_json":{"title":"CORRUPCI\u00d3N DE LA FISCALIZACI\u00d3N - Los pol\u00edticos Veracruz","robots":{"index":"index","follow":"follow","max-snippet":"max-snippet:-1","max-image-preview":"max-image-preview:large","max-video-preview":"max-video-preview:-1"},"canonical":"https:\/\/lospoliticosveracruz.com\/?p=96079","og_locale":"es_ES","og_type":"article","og_title":"CORRUPCI\u00d3N DE LA FISCALIZACI\u00d3N - Los pol\u00edticos Veracruz","og_description":"Rafael Arias Hern\u00e1ndezMutatis mutandis Tema central, obligaci\u00f3n de siempre es atender, cuidar y vigilar evaluaci\u00f3n, fiscalizaci\u00f3n y Contralor\u00eda social, de todo tipo de gobierno; y, en particular, del trabajo realizado por los gobernantes, funcionarios y servidores p\u00fablicos de actualidad.Fiscalizar, es un derecho ciudadano y social y, a la vez, una obligaci\u00f3n institucional y del servidor [&hellip;]","og_url":"https:\/\/lospoliticosveracruz.com\/?p=96079","og_site_name":"Los pol\u00edticos Veracruz","article_publisher":"https:\/\/www.facebook.com\/people\/Notimemes-de-los-Polticos\/61565672886568\/","article_published_time":"2022-09-29T13:16:46+00:00","article_modified_time":"2022-09-29T13:17:26+00:00","og_image":[{"url":"https:\/\/lospoliticosveracruz.com.mx\/wp-content\/uploads\/2021\/10\/Zacauilt.jpg","type":"","width":"","height":""}],"author":"Lo viste en Los Pol\u00edticos","twitter_card":"summary_large_image","twitter_creator":"@LosPoliticosVer","twitter_site":"@LosPoliticosVer","twitter_misc":{"Escrito por":"Lo viste en Los Pol\u00edticos","Tiempo de lectura":"5 minutos"},"schema":{"@context":"https:\/\/schema.org","@graph":[{"@type":"Article","@id":"https:\/\/lospoliticosveracruz.com\/?p=96079#article","isPartOf":{"@id":"https:\/\/lospoliticosveracruz.com\/?p=96079"},"author":{"name":"Lo viste en Los Pol\u00edticos","@id":"https:\/\/lospoliticosveracruz.com\/#\/schema\/person\/b8702bb0e538456e6efd07080bf2a4a2"},"headline":"CORRUPCI\u00d3N DE LA FISCALIZACI\u00d3N","datePublished":"2022-09-29T13:16:46+00:00","dateModified":"2022-09-29T13:17:26+00:00","mainEntityOfPage":{"@id":"https:\/\/lospoliticosveracruz.com\/?p=96079"},"wordCount":940,"publisher":{"@id":"https:\/\/lospoliticosveracruz.com\/#organization"},"image":{"@id":"https:\/\/lospoliticosveracruz.com\/?p=96079#primaryimage"},"thumbnailUrl":"https:\/\/lospoliticosveracruz.com.mx\/wp-content\/uploads\/2021\/10\/Zacauilt.jpg","keywords":["Contralor\u00eda Social","Rafael Arias Hern\u00e1ndez"],"articleSection":["De Opini\u00f3n"],"inLanguage":"es"},{"@type":"WebPage","@id":"https:\/\/lospoliticosveracruz.com\/?p=96079","url":"https:\/\/lospoliticosveracruz.com\/?p=96079","name":"CORRUPCI\u00d3N DE LA FISCALIZACI\u00d3N - Los pol\u00edticos Veracruz","isPartOf":{"@id":"https:\/\/lospoliticosveracruz.com\/#website"},"primaryImageOfPage":{"@id":"https:\/\/lospoliticosveracruz.com\/?p=96079#primaryimage"},"image":{"@id":"https:\/\/lospoliticosveracruz.com\/?p=96079#primaryimage"},"thumbnailUrl":"https:\/\/lospoliticosveracruz.com.mx\/wp-content\/uploads\/2021\/10\/Zacauilt.jpg","datePublished":"2022-09-29T13:16:46+00:00","dateModified":"2022-09-29T13:17:26+00:00","breadcrumb":{"@id":"https:\/\/lospoliticosveracruz.com\/?p=96079#breadcrumb"},"inLanguage":"es","potentialAction":[{"@type":"ReadAction","target":["https:\/\/lospoliticosveracruz.com\/?p=96079"]}]},{"@type":"ImageObject","inLanguage":"es","@id":"https:\/\/lospoliticosveracruz.com\/?p=96079#primaryimage","url":"https:\/\/lospoliticosveracruz.com.mx\/wp-content\/uploads\/2021\/10\/Zacauilt.jpg","contentUrl":"https:\/\/lospoliticosveracruz.com.mx\/wp-content\/uploads\/2021\/10\/Zacauilt.jpg"},{"@type":"BreadcrumbList","@id":"https:\/\/lospoliticosveracruz.com\/?p=96079#breadcrumb","itemListElement":[{"@type":"ListItem","position":1,"name":"Portada","item":"https:\/\/lospoliticosveracruz.com\/"},{"@type":"ListItem","position":2,"name":"CORRUPCI\u00d3N DE LA FISCALIZACI\u00d3N"}]},{"@type":"WebSite","@id":"https:\/\/lospoliticosveracruz.com\/#website","url":"https:\/\/lospoliticosveracruz.com\/","name":"Los pol\u00edticos Veracruz","description":"","publisher":{"@id":"https:\/\/lospoliticosveracruz.com\/#organization"},"potentialAction":[{"@type":"SearchAction","target":{"@type":"EntryPoint","urlTemplate":"https:\/\/lospoliticosveracruz.com\/?s={search_term_string}"},"query-input":{"@type":"PropertyValueSpecification","valueRequired":true,"valueName":"search_term_string"}}],"inLanguage":"es"},{"@type":"Organization","@id":"https:\/\/lospoliticosveracruz.com\/#organization","name":"Los pol\u00edticos Veracruz","url":"https:\/\/lospoliticosveracruz.com\/","logo":{"@type":"ImageObject","inLanguage":"es","@id":"https:\/\/lospoliticosveracruz.com\/#\/schema\/logo\/image\/","url":"https:\/\/lospoliticosveracruz.com\/wp-content\/uploads\/2025\/12\/Logo-Nuevo-LOS-POLITICOS-1.jpg","contentUrl":"https:\/\/lospoliticosveracruz.com\/wp-content\/uploads\/2025\/12\/Logo-Nuevo-LOS-POLITICOS-1.jpg","width":260,"height":70,"caption":"Los pol\u00edticos Veracruz"},"image":{"@id":"https:\/\/lospoliticosveracruz.com\/#\/schema\/logo\/image\/"},"sameAs":["https:\/\/www.facebook.com\/people\/Notimemes-de-los-Polticos\/61565672886568\/","https:\/\/x.com\/LosPoliticosVer"]},{"@type":"Person","@id":"https:\/\/lospoliticosveracruz.com\/#\/schema\/person\/b8702bb0e538456e6efd07080bf2a4a2","name":"Lo viste en Los Pol\u00edticos","image":{"@type":"ImageObject","inLanguage":"es","@id":"https:\/\/secure.gravatar.com\/avatar\/3a8de04a2656d44082be478bd6c086daa447c4651605818287b9532d3d0bd435?s=96&d=mm&r=g","url":"https:\/\/secure.gravatar.com\/avatar\/3a8de04a2656d44082be478bd6c086daa447c4651605818287b9532d3d0bd435?s=96&d=mm&r=g","contentUrl":"https:\/\/secure.gravatar.com\/avatar\/3a8de04a2656d44082be478bd6c086daa447c4651605818287b9532d3d0bd435?s=96&d=mm&r=g","caption":"Lo viste en Los Pol\u00edticos"},"url":"https:\/\/lospoliticosveracruz.com\/?author=2"}]}},"_links":{"self":[{"href":"https:\/\/lospoliticosveracruz.com\/index.php?rest_route=\/wp\/v2\/posts\/96079","targetHints":{"allow":["GET"]}}],"collection":[{"href":"https:\/\/lospoliticosveracruz.com\/index.php?rest_route=\/wp\/v2\/posts"}],"about":[{"href":"https:\/\/lospoliticosveracruz.com\/index.php?rest_route=\/wp\/v2\/types\/post"}],"author":[{"embeddable":true,"href":"https:\/\/lospoliticosveracruz.com\/index.php?rest_route=\/wp\/v2\/users\/2"}],"replies":[{"embeddable":true,"href":"https:\/\/lospoliticosveracruz.com\/index.php?rest_route=%2Fwp%2Fv2%2Fcomments&post=96079"}],"version-history":[{"count":2,"href":"https:\/\/lospoliticosveracruz.com\/index.php?rest_route=\/wp\/v2\/posts\/96079\/revisions"}],"predecessor-version":[{"id":96082,"href":"https:\/\/lospoliticosveracruz.com\/index.php?rest_route=\/wp\/v2\/posts\/96079\/revisions\/96082"}],"wp:attachment":[{"href":"https:\/\/lospoliticosveracruz.com\/index.php?rest_route=%2Fwp%2Fv2%2Fmedia&parent=96079"}],"wp:term":[{"taxonomy":"category","embeddable":true,"href":"https:\/\/lospoliticosveracruz.com\/index.php?rest_route=%2Fwp%2Fv2%2Fcategories&post=96079"},{"taxonomy":"post_tag","embeddable":true,"href":"https:\/\/lospoliticosveracruz.com\/index.php?rest_route=%2Fwp%2Fv2%2Ftags&post=96079"}],"curies":[{"name":"wp","href":"https:\/\/api.w.org\/{rel}","templated":true}]}}