{"id":96114,"date":"2022-09-29T10:14:47","date_gmt":"2022-09-29T15:14:47","guid":{"rendered":"https:\/\/lospoliticosveracruz.com.mx\/?p=96114"},"modified":"2022-09-29T10:14:53","modified_gmt":"2022-09-29T15:14:53","slug":"hechos-aislados-2","status":"publish","type":"post","link":"https:\/\/lospoliticosveracruz.com\/?p=96114","title":{"rendered":"HECHOS AISLADOS"},"content":{"rendered":"\n<p><strong>Uriel Flores Aguayo<\/strong><\/p>\n\n\n\n<p>Cuando ocurre alg\u00fan hecho violento en Xalapa, de esos graves como asesinatos, asaltos y balacearas, la respuesta gubernamental es que se tratan de hechos aislados. Es una postura r\u00e1pida y f\u00e1cil, repetida mec\u00e1nicamente que dice todo y no dice nada. Tal vez no podr\u00eda haber algo m\u00e1s preciso, o s\u00ed. Ese tipo de declaraciones hacen abstracci\u00f3n de una problem\u00e1tica concreta. Son algo curiosas y se vuelven juego. Desde el oficialismo surgen muchas voces que confunden, que no aclaran nada ni orientan a la poblaci\u00f3n. Son asuntos de la fiscal\u00eda que, sin embargo, calla. Se vuelven tema pol\u00edtico unilateralmente que intenta justificar al gobierno. Hablan y hablan, pero dicen poco, como de media lengua. Son asuntos serios abordados con ligereza. Aislados o no son hechos graves que nos ponen en peligro a todos. Los asesinatos deben preocuparnos a todos, as\u00ed fuera uno solo y m\u00e1s all\u00e1 del impacto medi\u00e1tico. Una muerte violenta cuestiona La Paz social y la convivencia civilizada. Que anden asesinos entre nosotros es peligroso. Que la fiscal\u00eda, el aparato de justicia y las polic\u00edas se muevan por imagen y afianzamiento de un proyecto partidista es todav\u00eda m\u00e1s grave. Si el gobierno no garantiza seguridad a los ciudadanos, su papel es irrelevante. Y ese es el problema: un aparato gubernamental omiso, fr\u00edvolo, faccioso, vengativo y en perpetua campa\u00f1a. As\u00ed no sirve ni asume responsabilidades concretas. Sin claras pol\u00edticas p\u00fablicas de seguridad, estrategias eficaces y estructura profesional no habr\u00e1 mejores resultados. Seguir\u00e1n abundando el rollo y los pretextos. En tanto la ciudadan\u00eda estar\u00e1 indefensa y apostando al silencio o, peor, al encierro. Es tiempo, siempre lo ser\u00e1, de exigir respuestas serias y concretas, que haya resultados y atenci\u00f3n a la gente. No hacen un favor. Es su responsabilidad. No dejemos pasar las ocurrencias, esas que se vuelven ofensa a la memoria de las v\u00edctimas y sus familias. No tiene sentido cuestionar lo obvio, burlarse de las tonter\u00edas y esperar algo mejor haciendo lo mismo. No. Hay que alentar la participaci\u00f3n m\u00e1s amplia de la ciudadan\u00eda organizada, de los especialistas y la prensa en t\u00e9rminos de propuestas y seguimiento. No es asunto exclusivo del gobierno, aunque sea su responsabilidad directa. En principio que dejen de lado esa respuesta autom\u00e1tica y hueca de los \u201chechos aislados \u201c.<\/p>\n\n\n\n<p>Como en muchos otros asuntos oficiales estamos, en seguridad, ante un panorama de fachadas y administraci\u00f3n de los problemas. Es apostarle al tiempo, al olvido, mientras sueltan lo que se les ocurra aun contra el sentido com\u00fan y la inteligencia de la gente. Aut\u00e9nticamente patean el bote. No parece haber voluntad pol\u00edtica para encarar con rigor y seriedad los asuntos de seguridad p\u00fablica. Ya ser\u00e1 tarea de otros gobiernos, que asumen esta problem\u00e1tica con elemental sentido de responsabilidad. Por el momento no se pudo hacer algo mejor y estamos en la indefensi\u00f3n, con los recursos ciudadanos como escudo.<\/p>\n\n\n\n<p>Recadito: resurge intensamente la actividad cultual en Xalapa.<\/p>\n\n\n\n<p>Ufa.1959@gmail.com<\/p>\n","protected":false},"excerpt":{"rendered":"<p>Uriel Flores Aguayo Cuando ocurre alg\u00fan hecho violento en Xalapa, de esos graves como asesinatos, asaltos y balacearas, la respuesta gubernamental es que se tratan de hechos aislados. Es una postura r\u00e1pida y f\u00e1cil, repetida mec\u00e1nicamente que dice todo y no dice nada. Tal vez no podr\u00eda haber algo m\u00e1s preciso, o s\u00ed. Ese tipo [&hellip;]<\/p>\n","protected":false},"author":2,"featured_media":0,"comment_status":"closed","ping_status":"closed","sticky":false,"template":"","format":"standard","meta":{"tdm_status":"","tdm_grid_status":"","footnotes":""},"categories":[70],"tags":[1563,35445,1026,2552,195,463,96],"class_list":{"0":"post-96114","1":"post","2":"type-post","3":"status-publish","4":"format-standard","6":"category-de-opinion","7":"tag-cuitlahuac-garcia-jimenez","8":"tag-hechos-aislados","9":"tag-morena","10":"tag-uriel-flores-aguayo","11":"tag-veracruz","12":"tag-violencia","13":"tag-xalapa"},"yoast_head":"<!-- This site is optimized with the Yoast SEO plugin v27.4 - https:\/\/yoast.com\/product\/yoast-seo-wordpress\/ -->\n<title>HECHOS AISLADOS - Los pol\u00edticos Veracruz<\/title>\n<meta name=\"robots\" content=\"index, follow, max-snippet:-1, max-image-preview:large, max-video-preview:-1\" \/>\n<link rel=\"canonical\" href=\"https:\/\/lospoliticosveracruz.com\/?p=96114\" \/>\n<meta property=\"og:locale\" content=\"es_ES\" \/>\n<meta property=\"og:type\" content=\"article\" \/>\n<meta property=\"og:title\" content=\"HECHOS AISLADOS - Los pol\u00edticos Veracruz\" \/>\n<meta property=\"og:description\" content=\"Uriel Flores Aguayo Cuando ocurre alg\u00fan hecho violento en Xalapa, de esos graves como asesinatos, asaltos y balacearas, la respuesta gubernamental es que se tratan de hechos aislados. Es una postura r\u00e1pida y f\u00e1cil, repetida mec\u00e1nicamente que dice todo y no dice nada. Tal vez no podr\u00eda haber algo m\u00e1s preciso, o s\u00ed. Ese tipo [&hellip;]\" \/>\n<meta property=\"og:url\" content=\"https:\/\/lospoliticosveracruz.com\/?p=96114\" \/>\n<meta property=\"og:site_name\" content=\"Los pol\u00edticos Veracruz\" \/>\n<meta property=\"article:publisher\" content=\"https:\/\/www.facebook.com\/people\/Notimemes-de-los-Polticos\/61565672886568\/\" \/>\n<meta property=\"article:published_time\" content=\"2022-09-29T15:14:47+00:00\" \/>\n<meta property=\"article:modified_time\" content=\"2022-09-29T15:14:53+00:00\" \/>\n<meta property=\"og:image\" content=\"https:\/\/lospoliticosveracruz.com\/wp-content\/uploads\/2016\/07\/Logo-Dor.jpg\" \/>\n\t<meta property=\"og:image:width\" content=\"200\" \/>\n\t<meta property=\"og:image:height\" content=\"200\" \/>\n\t<meta property=\"og:image:type\" content=\"image\/jpeg\" \/>\n<meta name=\"author\" content=\"Lo viste en Los Pol\u00edticos\" \/>\n<meta name=\"twitter:card\" content=\"summary_large_image\" \/>\n<meta name=\"twitter:creator\" content=\"@LosPoliticosVer\" \/>\n<meta name=\"twitter:site\" content=\"@LosPoliticosVer\" \/>\n<meta name=\"twitter:label1\" content=\"Escrito por\" \/>\n\t<meta name=\"twitter:data1\" content=\"Lo viste en Los Pol\u00edticos\" \/>\n\t<meta name=\"twitter:label2\" content=\"Tiempo de lectura\" \/>\n\t<meta name=\"twitter:data2\" content=\"3 minutos\" \/>\n<script type=\"application\/ld+json\" class=\"yoast-schema-graph\">{\"@context\":\"https:\\\/\\\/schema.org\",\"@graph\":[{\"@type\":\"Article\",\"@id\":\"https:\\\/\\\/lospoliticosveracruz.com\\\/?p=96114#article\",\"isPartOf\":{\"@id\":\"https:\\\/\\\/lospoliticosveracruz.com\\\/?p=96114\"},\"author\":{\"name\":\"Lo viste en Los Pol\u00edticos\",\"@id\":\"https:\\\/\\\/lospoliticosveracruz.com\\\/#\\\/schema\\\/person\\\/b8702bb0e538456e6efd07080bf2a4a2\"},\"headline\":\"HECHOS AISLADOS\",\"datePublished\":\"2022-09-29T15:14:47+00:00\",\"dateModified\":\"2022-09-29T15:14:53+00:00\",\"mainEntityOfPage\":{\"@id\":\"https:\\\/\\\/lospoliticosveracruz.com\\\/?p=96114\"},\"wordCount\":526,\"publisher\":{\"@id\":\"https:\\\/\\\/lospoliticosveracruz.com\\\/#organization\"},\"keywords\":[\"Cuitl\u00e1huac Garc\u00eda Jim\u00e9nez\",\"hechos aislados\",\"Morena\",\"Uriel Flores Aguayo\",\"Veracruz\",\"violencia\",\"Xalapa\"],\"articleSection\":[\"De Opini\u00f3n\"],\"inLanguage\":\"es\"},{\"@type\":\"WebPage\",\"@id\":\"https:\\\/\\\/lospoliticosveracruz.com\\\/?p=96114\",\"url\":\"https:\\\/\\\/lospoliticosveracruz.com\\\/?p=96114\",\"name\":\"HECHOS AISLADOS - Los pol\u00edticos Veracruz\",\"isPartOf\":{\"@id\":\"https:\\\/\\\/lospoliticosveracruz.com\\\/#website\"},\"datePublished\":\"2022-09-29T15:14:47+00:00\",\"dateModified\":\"2022-09-29T15:14:53+00:00\",\"breadcrumb\":{\"@id\":\"https:\\\/\\\/lospoliticosveracruz.com\\\/?p=96114#breadcrumb\"},\"inLanguage\":\"es\",\"potentialAction\":[{\"@type\":\"ReadAction\",\"target\":[\"https:\\\/\\\/lospoliticosveracruz.com\\\/?p=96114\"]}]},{\"@type\":\"BreadcrumbList\",\"@id\":\"https:\\\/\\\/lospoliticosveracruz.com\\\/?p=96114#breadcrumb\",\"itemListElement\":[{\"@type\":\"ListItem\",\"position\":1,\"name\":\"Portada\",\"item\":\"https:\\\/\\\/lospoliticosveracruz.com\\\/\"},{\"@type\":\"ListItem\",\"position\":2,\"name\":\"HECHOS AISLADOS\"}]},{\"@type\":\"WebSite\",\"@id\":\"https:\\\/\\\/lospoliticosveracruz.com\\\/#website\",\"url\":\"https:\\\/\\\/lospoliticosveracruz.com\\\/\",\"name\":\"Los pol\u00edticos Veracruz\",\"description\":\"\",\"publisher\":{\"@id\":\"https:\\\/\\\/lospoliticosveracruz.com\\\/#organization\"},\"potentialAction\":[{\"@type\":\"SearchAction\",\"target\":{\"@type\":\"EntryPoint\",\"urlTemplate\":\"https:\\\/\\\/lospoliticosveracruz.com\\\/?s={search_term_string}\"},\"query-input\":{\"@type\":\"PropertyValueSpecification\",\"valueRequired\":true,\"valueName\":\"search_term_string\"}}],\"inLanguage\":\"es\"},{\"@type\":\"Organization\",\"@id\":\"https:\\\/\\\/lospoliticosveracruz.com\\\/#organization\",\"name\":\"Los pol\u00edticos Veracruz\",\"url\":\"https:\\\/\\\/lospoliticosveracruz.com\\\/\",\"logo\":{\"@type\":\"ImageObject\",\"inLanguage\":\"es\",\"@id\":\"https:\\\/\\\/lospoliticosveracruz.com\\\/#\\\/schema\\\/logo\\\/image\\\/\",\"url\":\"https:\\\/\\\/lospoliticosveracruz.com\\\/wp-content\\\/uploads\\\/2025\\\/12\\\/Logo-Nuevo-LOS-POLITICOS-1.jpg\",\"contentUrl\":\"https:\\\/\\\/lospoliticosveracruz.com\\\/wp-content\\\/uploads\\\/2025\\\/12\\\/Logo-Nuevo-LOS-POLITICOS-1.jpg\",\"width\":260,\"height\":70,\"caption\":\"Los pol\u00edticos Veracruz\"},\"image\":{\"@id\":\"https:\\\/\\\/lospoliticosveracruz.com\\\/#\\\/schema\\\/logo\\\/image\\\/\"},\"sameAs\":[\"https:\\\/\\\/www.facebook.com\\\/people\\\/Notimemes-de-los-Polticos\\\/61565672886568\\\/\",\"https:\\\/\\\/x.com\\\/LosPoliticosVer\"]},{\"@type\":\"Person\",\"@id\":\"https:\\\/\\\/lospoliticosveracruz.com\\\/#\\\/schema\\\/person\\\/b8702bb0e538456e6efd07080bf2a4a2\",\"name\":\"Lo viste en Los Pol\u00edticos\",\"image\":{\"@type\":\"ImageObject\",\"inLanguage\":\"es\",\"@id\":\"https:\\\/\\\/secure.gravatar.com\\\/avatar\\\/3a8de04a2656d44082be478bd6c086daa447c4651605818287b9532d3d0bd435?s=96&d=mm&r=g\",\"url\":\"https:\\\/\\\/secure.gravatar.com\\\/avatar\\\/3a8de04a2656d44082be478bd6c086daa447c4651605818287b9532d3d0bd435?s=96&d=mm&r=g\",\"contentUrl\":\"https:\\\/\\\/secure.gravatar.com\\\/avatar\\\/3a8de04a2656d44082be478bd6c086daa447c4651605818287b9532d3d0bd435?s=96&d=mm&r=g\",\"caption\":\"Lo viste en Los Pol\u00edticos\"},\"url\":\"https:\\\/\\\/lospoliticosveracruz.com\\\/?author=2\"}]}<\/script>\n<!-- \/ Yoast SEO plugin. -->","yoast_head_json":{"title":"HECHOS AISLADOS - Los pol\u00edticos Veracruz","robots":{"index":"index","follow":"follow","max-snippet":"max-snippet:-1","max-image-preview":"max-image-preview:large","max-video-preview":"max-video-preview:-1"},"canonical":"https:\/\/lospoliticosveracruz.com\/?p=96114","og_locale":"es_ES","og_type":"article","og_title":"HECHOS AISLADOS - Los pol\u00edticos Veracruz","og_description":"Uriel Flores Aguayo Cuando ocurre alg\u00fan hecho violento en Xalapa, de esos graves como asesinatos, asaltos y balacearas, la respuesta gubernamental es que se tratan de hechos aislados. Es una postura r\u00e1pida y f\u00e1cil, repetida mec\u00e1nicamente que dice todo y no dice nada. Tal vez no podr\u00eda haber algo m\u00e1s preciso, o s\u00ed. Ese tipo [&hellip;]","og_url":"https:\/\/lospoliticosveracruz.com\/?p=96114","og_site_name":"Los pol\u00edticos Veracruz","article_publisher":"https:\/\/www.facebook.com\/people\/Notimemes-de-los-Polticos\/61565672886568\/","article_published_time":"2022-09-29T15:14:47+00:00","article_modified_time":"2022-09-29T15:14:53+00:00","og_image":[{"width":200,"height":200,"url":"https:\/\/lospoliticosveracruz.com\/wp-content\/uploads\/2016\/07\/Logo-Dor.jpg","type":"image\/jpeg"}],"author":"Lo viste en Los Pol\u00edticos","twitter_card":"summary_large_image","twitter_creator":"@LosPoliticosVer","twitter_site":"@LosPoliticosVer","twitter_misc":{"Escrito por":"Lo viste en Los Pol\u00edticos","Tiempo de lectura":"3 minutos"},"schema":{"@context":"https:\/\/schema.org","@graph":[{"@type":"Article","@id":"https:\/\/lospoliticosveracruz.com\/?p=96114#article","isPartOf":{"@id":"https:\/\/lospoliticosveracruz.com\/?p=96114"},"author":{"name":"Lo viste en Los Pol\u00edticos","@id":"https:\/\/lospoliticosveracruz.com\/#\/schema\/person\/b8702bb0e538456e6efd07080bf2a4a2"},"headline":"HECHOS AISLADOS","datePublished":"2022-09-29T15:14:47+00:00","dateModified":"2022-09-29T15:14:53+00:00","mainEntityOfPage":{"@id":"https:\/\/lospoliticosveracruz.com\/?p=96114"},"wordCount":526,"publisher":{"@id":"https:\/\/lospoliticosveracruz.com\/#organization"},"keywords":["Cuitl\u00e1huac Garc\u00eda Jim\u00e9nez","hechos aislados","Morena","Uriel Flores Aguayo","Veracruz","violencia","Xalapa"],"articleSection":["De Opini\u00f3n"],"inLanguage":"es"},{"@type":"WebPage","@id":"https:\/\/lospoliticosveracruz.com\/?p=96114","url":"https:\/\/lospoliticosveracruz.com\/?p=96114","name":"HECHOS AISLADOS - Los pol\u00edticos Veracruz","isPartOf":{"@id":"https:\/\/lospoliticosveracruz.com\/#website"},"datePublished":"2022-09-29T15:14:47+00:00","dateModified":"2022-09-29T15:14:53+00:00","breadcrumb":{"@id":"https:\/\/lospoliticosveracruz.com\/?p=96114#breadcrumb"},"inLanguage":"es","potentialAction":[{"@type":"ReadAction","target":["https:\/\/lospoliticosveracruz.com\/?p=96114"]}]},{"@type":"BreadcrumbList","@id":"https:\/\/lospoliticosveracruz.com\/?p=96114#breadcrumb","itemListElement":[{"@type":"ListItem","position":1,"name":"Portada","item":"https:\/\/lospoliticosveracruz.com\/"},{"@type":"ListItem","position":2,"name":"HECHOS AISLADOS"}]},{"@type":"WebSite","@id":"https:\/\/lospoliticosveracruz.com\/#website","url":"https:\/\/lospoliticosveracruz.com\/","name":"Los pol\u00edticos Veracruz","description":"","publisher":{"@id":"https:\/\/lospoliticosveracruz.com\/#organization"},"potentialAction":[{"@type":"SearchAction","target":{"@type":"EntryPoint","urlTemplate":"https:\/\/lospoliticosveracruz.com\/?s={search_term_string}"},"query-input":{"@type":"PropertyValueSpecification","valueRequired":true,"valueName":"search_term_string"}}],"inLanguage":"es"},{"@type":"Organization","@id":"https:\/\/lospoliticosveracruz.com\/#organization","name":"Los pol\u00edticos Veracruz","url":"https:\/\/lospoliticosveracruz.com\/","logo":{"@type":"ImageObject","inLanguage":"es","@id":"https:\/\/lospoliticosveracruz.com\/#\/schema\/logo\/image\/","url":"https:\/\/lospoliticosveracruz.com\/wp-content\/uploads\/2025\/12\/Logo-Nuevo-LOS-POLITICOS-1.jpg","contentUrl":"https:\/\/lospoliticosveracruz.com\/wp-content\/uploads\/2025\/12\/Logo-Nuevo-LOS-POLITICOS-1.jpg","width":260,"height":70,"caption":"Los pol\u00edticos Veracruz"},"image":{"@id":"https:\/\/lospoliticosveracruz.com\/#\/schema\/logo\/image\/"},"sameAs":["https:\/\/www.facebook.com\/people\/Notimemes-de-los-Polticos\/61565672886568\/","https:\/\/x.com\/LosPoliticosVer"]},{"@type":"Person","@id":"https:\/\/lospoliticosveracruz.com\/#\/schema\/person\/b8702bb0e538456e6efd07080bf2a4a2","name":"Lo viste en Los Pol\u00edticos","image":{"@type":"ImageObject","inLanguage":"es","@id":"https:\/\/secure.gravatar.com\/avatar\/3a8de04a2656d44082be478bd6c086daa447c4651605818287b9532d3d0bd435?s=96&d=mm&r=g","url":"https:\/\/secure.gravatar.com\/avatar\/3a8de04a2656d44082be478bd6c086daa447c4651605818287b9532d3d0bd435?s=96&d=mm&r=g","contentUrl":"https:\/\/secure.gravatar.com\/avatar\/3a8de04a2656d44082be478bd6c086daa447c4651605818287b9532d3d0bd435?s=96&d=mm&r=g","caption":"Lo viste en Los Pol\u00edticos"},"url":"https:\/\/lospoliticosveracruz.com\/?author=2"}]}},"_links":{"self":[{"href":"https:\/\/lospoliticosveracruz.com\/index.php?rest_route=\/wp\/v2\/posts\/96114","targetHints":{"allow":["GET"]}}],"collection":[{"href":"https:\/\/lospoliticosveracruz.com\/index.php?rest_route=\/wp\/v2\/posts"}],"about":[{"href":"https:\/\/lospoliticosveracruz.com\/index.php?rest_route=\/wp\/v2\/types\/post"}],"author":[{"embeddable":true,"href":"https:\/\/lospoliticosveracruz.com\/index.php?rest_route=\/wp\/v2\/users\/2"}],"replies":[{"embeddable":true,"href":"https:\/\/lospoliticosveracruz.com\/index.php?rest_route=%2Fwp%2Fv2%2Fcomments&post=96114"}],"version-history":[{"count":1,"href":"https:\/\/lospoliticosveracruz.com\/index.php?rest_route=\/wp\/v2\/posts\/96114\/revisions"}],"predecessor-version":[{"id":96115,"href":"https:\/\/lospoliticosveracruz.com\/index.php?rest_route=\/wp\/v2\/posts\/96114\/revisions\/96115"}],"wp:attachment":[{"href":"https:\/\/lospoliticosveracruz.com\/index.php?rest_route=%2Fwp%2Fv2%2Fmedia&parent=96114"}],"wp:term":[{"taxonomy":"category","embeddable":true,"href":"https:\/\/lospoliticosveracruz.com\/index.php?rest_route=%2Fwp%2Fv2%2Fcategories&post=96114"},{"taxonomy":"post_tag","embeddable":true,"href":"https:\/\/lospoliticosveracruz.com\/index.php?rest_route=%2Fwp%2Fv2%2Ftags&post=96114"}],"curies":[{"name":"wp","href":"https:\/\/api.w.org\/{rel}","templated":true}]}}