{"id":96116,"date":"2022-09-29T11:38:50","date_gmt":"2022-09-29T16:38:50","guid":{"rendered":"https:\/\/lospoliticosveracruz.com.mx\/?p=96116"},"modified":"2022-09-29T11:48:22","modified_gmt":"2022-09-29T16:48:22","slug":"epoca-de-traiciones-y-falsedades","status":"publish","type":"post","link":"https:\/\/lospoliticosveracruz.com\/?p=96116","title":{"rendered":"\u00c9POCA DE TRAICIONES Y FALSEDADES&nbsp;"},"content":{"rendered":"\n<p><strong>Miguel \u00c1ngel G\u00f3mez Ruiz<\/strong><\/p>\n\n\n\n<p><em>Contrapunto<\/em><\/p>\n\n\n\n<p>Hace apenas unas horas, un medio local xalape\u00f1o public\u00f3 una nota sobre una trabajadora del PAN que denunci\u00f3 que fue v\u00edctima de maltrato, acoso sexual y laboral, misoginia y violencia de g\u00e9nero.<\/p>\n\n\n<div class=\"wp-block-image\">\n<figure class=\"alignleft size-medium\"><a href=\"https:\/\/lospoliticosveracruz.com.mx\/wp-content\/uploads\/2021\/10\/WhatsApp-Image-2021-10-02-at-15.20.25.jpeg\"><img loading=\"lazy\" decoding=\"async\" width=\"212\" height=\"300\" src=\"https:\/\/lospoliticosveracruz.com.mx\/wp-content\/uploads\/2021\/10\/WhatsApp-Image-2021-10-02-at-15.20.25-212x300.jpeg\" alt=\"\" class=\"wp-image-80177\" srcset=\"https:\/\/lospoliticosveracruz.com\/wp-content\/uploads\/2021\/10\/WhatsApp-Image-2021-10-02-at-15.20.25-212x300.jpeg 212w, https:\/\/lospoliticosveracruz.com\/wp-content\/uploads\/2021\/10\/WhatsApp-Image-2021-10-02-at-15.20.25-724x1024.jpeg 724w, https:\/\/lospoliticosveracruz.com\/wp-content\/uploads\/2021\/10\/WhatsApp-Image-2021-10-02-at-15.20.25-768x1086.jpeg 768w, https:\/\/lospoliticosveracruz.com\/wp-content\/uploads\/2021\/10\/WhatsApp-Image-2021-10-02-at-15.20.25.jpeg 905w\" sizes=\"auto, (max-width: 212px) 100vw, 212px\" \/><\/a><\/figure>\n<\/div>\n\n\n<p>La nota, mal redactada y con evidentes signos de que fue escrita con mala intenci\u00f3n y con posible beneficio econ\u00f3mico, trata de perjudicar al diputado local Enrique Cambranis Torres y al dirigente del PAN, Federico Salom\u00f3n Molina.<\/p>\n\n\n\n<p>De acuerdo a un sondeo realizado con algunos trabajadores del PAN estatal la denunciante, Ver\u00f3nica del \u00c1ngel Le\u00f3n forma parte del grupo de Joaqu\u00edn Rosendo Guzm\u00e1n Avil\u00e9s, que por muchos a\u00f1os, junto con su familia se apodero de territorio y voluntades en la zona de Tantoyuca.<\/p>\n\n\n\n<p>Tras el triunfo de Federico Salom\u00f3n, refrendado en tribunales, es obvio que hubo malestar en el exdirigente y por ende, entre sus colaboradores, los cuales algunos continuaron laborando en la sede estatal, supongo que \u2013a final de cuentas- importa m\u00e1s el partido que los nombres y las posiciones.<\/p>\n\n\n\n<p>Aunado a ello, no podemos olvidar que el PAN que dirigi\u00f3 Guzm\u00e1n Avil\u00e9s estuvo auspiciado y coludido con Morena, lo que represent\u00f3 un decrecimiento en simpat\u00edas y votos, as\u00ed de simple.<\/p>\n\n\n\n<p>Conozco a Enrique Cambranis y a Federico Salom\u00f3n. Ambos son personas de bien. En el caso de Cambranis fue dirigente estatal, una persona en\u00e9rgica, de trabajo y seriedad. Cuenta con una familia a la que ama y que ha estado con \u00e9l en momentos dif\u00edciles, sobre todo en cuestiones de salud.<\/p>\n\n\n\n<p>De Federico Salom\u00f3n puedo asegurar que mantiene amistad con muchos panistas de distintos grupos y no he sabido que haya tenido alguna diferencia o choque con alguien. Es un hombre noble que tiene la intenci\u00f3n de hacer lo mejor para el partido, sobre todo ahora que Tito Delf\u00edn Cano fue encarcelado nuevamente gracias a los caprichos del gobernador Cuitl\u00e1huac Garc\u00eda Jim\u00e9nez y su empleada, Ver\u00f3nica Hern\u00e1ndez Giaddans.<\/p>\n\n\n\n<p>Algo m\u00e1s que puedo decir sobre el tema es una simple recomendaci\u00f3n a ambos, seleccionen mejor a sus amistades y colaboradores.<\/p>\n\n\n\n<p><strong>Poder Judicial de Veracruz, en el ojo del hurac\u00e1n<\/strong><\/p>\n\n\n\n<p>Es dif\u00edcil no darse cuenta del desorden que priva en el Poder Judicial de Veracruz. Su titular, Isabel Romero Cruz \u2013ante su evidente falta de capacidad y conocimientos- permiti\u00f3 que desde el gobierno del estado e inclusive de la Legislatura local, se entrometieran a tomar decisiones de todo tipo y que ocasion\u00f3 que hoy d\u00eda, abogados y justiciables est\u00e9n inconformes, por ejemplo, con el cierre de juzgados, el excesivo gasto en servicios y la falta de mantenimiento en muchos lugares.<\/p>\n\n\n\n<p>Uno de los temas m\u00e1s pol\u00e9micos ha sido el traslado de juzgados, como fue el caso del juzgado de Pacho Viejo, situado al interior del penal y que fue movido a Naolinco. El caso de los dos juzgados del puerto de Veracruz, -civil y de lo familiar- y que fueron cambiados a Cardel. Quiz\u00e1 ella no lo entienda Isabel Romero Cruz, pero hay muchas familias afectadas por la grave situaci\u00f3n econ\u00f3mica del pa\u00eds, que no tienen recursos para viajar aunque sea a 10 kil\u00f3metros del puerto.<\/p>\n\n\n\n<p>Sobre todo, en el tema del juzgado familiar, al que recurren muchas mujeres para pelear por una pensi\u00f3n econ\u00f3mica a favor de sus hijos. En muchos casos tendr\u00e1n que pagar pasajes ida y vuelta, con los hijos llevados de la mano, con la necesidad de comprar algo de comer y otros gastos. En fin.<\/p>\n\n\n\n<p>Del mismo modo, abogados y trabajadores de distintos juzgados en la entidad denuncian que no s\u00f3lo gastan en copias, material para trabajar y hasta en productos de limpieza. En el caso de un juzgado de lo familiar en Orizaba resulta que no se pag\u00f3 el recibo de luz y por ende, sufrieron el corte del servicio. Van dos d\u00edas en los que no hay luz y eso perjudic\u00f3 a todos.<\/p>\n\n\n\n<p>Encima, en muchos lados hay problemas con la infraestructura por falta de mantenimiento. Ya inici\u00f3 la \u00e9poca de nortes en la zona conurbada Veracruz-Boca del R\u00edo. En pocos d\u00edas seguramente publicaremos que habr\u00e1 ventanas destruidas en la ciudad judicial y veremos \u2013quiz\u00e1- otra vez expedientes volando por varias cuadras del puerto. No es f\u00e1cil decir si los ahorros han sido excesivos o la pendejez de los que mandan en el Poder Judicial aument\u00f3 a placer.<\/p>\n\n\n\n<p><strong>Cuitl\u00e1huac Garc\u00eda, sin despertar<\/strong><\/p>\n\n\n\n<p>El gobernador Cuitl\u00e1huac Garc\u00eda sigue durmiendo. Sus sue\u00f1os \u2013fantasiosos en exceso- le hicieron creer que en el estado que mal gobierna no hab\u00eda homicidios. Inclusive lo presumi\u00f3 en twitter, al asegurar que en un d\u00eda, no hubo reporte de homicidios en Veracruz y que al contrario, en Guanajuato, un estado gobernado por la derecha, hab\u00eda reportado 22 homicidios.<\/p>\n\n\n\n<p>Desde luego, a las pocas horas se reportaron varios homicidios en distintas regiones. Lo mismo en \u00c1lamo, en las Altas Monta\u00f1as, en Xalapa, en Hidalgotitl\u00e1n y as\u00ed, todo su gozo se fue al pozo.<\/p>\n\n\n\n<p>Inclusive, olvid\u00f3 que Veracruz ocupa el segundo lugar nacional en secuestros y feminicidios en 2022. Adem\u00e1s, el abigeato est\u00e1 a todo lo que da y las extorsiones a comerciantes en toda la entidad est\u00e1n a flor de piel. De hecho, dependencias como la Secretar\u00eda de Seguridad P\u00fablica y la Fiscal\u00eda General de Justicia fracasaron estrepitosamente.<\/p>\n\n\n\n<p>PD Sigue sin haber respuesta de parte de Isabel Romero Cruz sobre el amparo que logr\u00f3 el magistrado Marco Antonio Lezama Moo. Ella incurri\u00f3 en desacato y quiere irse sin reponerlo en su cargo. Al final, el da\u00f1o ser\u00e1 para el Poder Judicial cuyos supuestos ahorros se ir\u00e1n al abismo. No s\u00f3lo el magistrado Lezama Moo regresar\u00e1, sino que se le tendr\u00e1n que pagar todos los meses que ha estado parado.<\/p>\n\n\n\n<p>En el caso de la magistrada Yolanda Cecilia Casta\u00f1eda Palmeros el da\u00f1o tambi\u00e9n fue grave. Pues se le destituy\u00f3 pese a un decreto de la Legislatura de Veracruz en 1997. Ella era inamovible, pero el odio de Isabel Romero Cruz pudo m\u00e1s. A pesar de eso, Casta\u00f1eda Palmeros tambi\u00e9n volver\u00e1, aunque la presidente ya no est\u00e9 laborando pues \u2013gracias a Dios- se ir\u00e1 el 30 de noviembre a su mundo de caramelo.<\/p>\n","protected":false},"excerpt":{"rendered":"<p>Miguel \u00c1ngel G\u00f3mez Ruiz Contrapunto Hace apenas unas horas, un medio local xalape\u00f1o public\u00f3 una nota sobre una trabajadora del PAN que denunci\u00f3 que fue v\u00edctima de maltrato, acoso sexual y laboral, misoginia y violencia de g\u00e9nero. La nota, mal redactada y con evidentes signos de que fue escrita con mala intenci\u00f3n y con posible [&hellip;]<\/p>\n","protected":false},"author":2,"featured_media":0,"comment_status":"closed","ping_status":"closed","sticky":false,"template":"","format":"standard","meta":{"tdm_status":"","tdm_grid_status":"","footnotes":""},"categories":[70],"tags":[2399,13008,2814,28370,266,195,3360,96],"class_list":{"0":"post-96116","1":"post","2":"type-post","3":"status-publish","4":"format-standard","6":"category-de-opinion","7":"tag-enrique-cambranis-torres","8":"tag-federico-salomon-molina","9":"tag-joaquin-rosendo-guzman-aviles","10":"tag-miguel-angel-gomez-ruiz","11":"tag-pan","12":"tag-veracruz","13":"tag-violencia-de-genero","14":"tag-xalapa"},"yoast_head":"<!-- This site is optimized with the Yoast SEO plugin v27.4 - https:\/\/yoast.com\/product\/yoast-seo-wordpress\/ -->\n<title>\u00c9POCA DE TRAICIONES Y FALSEDADES&nbsp; - Los pol\u00edticos Veracruz<\/title>\n<meta name=\"robots\" content=\"index, follow, max-snippet:-1, max-image-preview:large, max-video-preview:-1\" \/>\n<link rel=\"canonical\" href=\"https:\/\/lospoliticosveracruz.com\/?p=96116\" \/>\n<meta property=\"og:locale\" content=\"es_ES\" \/>\n<meta property=\"og:type\" content=\"article\" \/>\n<meta property=\"og:title\" content=\"\u00c9POCA DE TRAICIONES Y FALSEDADES&nbsp; - Los pol\u00edticos Veracruz\" \/>\n<meta property=\"og:description\" content=\"Miguel \u00c1ngel G\u00f3mez Ruiz Contrapunto Hace apenas unas horas, un medio local xalape\u00f1o public\u00f3 una nota sobre una trabajadora del PAN que denunci\u00f3 que fue v\u00edctima de maltrato, acoso sexual y laboral, misoginia y violencia de g\u00e9nero. La nota, mal redactada y con evidentes signos de que fue escrita con mala intenci\u00f3n y con posible [&hellip;]\" \/>\n<meta property=\"og:url\" content=\"https:\/\/lospoliticosveracruz.com\/?p=96116\" \/>\n<meta property=\"og:site_name\" content=\"Los pol\u00edticos Veracruz\" \/>\n<meta property=\"article:publisher\" content=\"https:\/\/www.facebook.com\/people\/Notimemes-de-los-Polticos\/61565672886568\/\" \/>\n<meta property=\"article:published_time\" content=\"2022-09-29T16:38:50+00:00\" \/>\n<meta property=\"article:modified_time\" content=\"2022-09-29T16:48:22+00:00\" \/>\n<meta property=\"og:image\" content=\"https:\/\/lospoliticosveracruz.com.mx\/wp-content\/uploads\/2021\/10\/WhatsApp-Image-2021-10-02-at-15.20.25-212x300.jpeg\" \/>\n<meta name=\"author\" content=\"Lo viste en Los Pol\u00edticos\" \/>\n<meta name=\"twitter:card\" content=\"summary_large_image\" \/>\n<meta name=\"twitter:creator\" content=\"@LosPoliticosVer\" \/>\n<meta name=\"twitter:site\" content=\"@LosPoliticosVer\" \/>\n<meta name=\"twitter:label1\" content=\"Escrito por\" \/>\n\t<meta name=\"twitter:data1\" content=\"Lo viste en Los Pol\u00edticos\" \/>\n\t<meta name=\"twitter:label2\" content=\"Tiempo de lectura\" \/>\n\t<meta name=\"twitter:data2\" content=\"5 minutos\" \/>\n<script type=\"application\/ld+json\" class=\"yoast-schema-graph\">{\"@context\":\"https:\\\/\\\/schema.org\",\"@graph\":[{\"@type\":\"Article\",\"@id\":\"https:\\\/\\\/lospoliticosveracruz.com\\\/?p=96116#article\",\"isPartOf\":{\"@id\":\"https:\\\/\\\/lospoliticosveracruz.com\\\/?p=96116\"},\"author\":{\"name\":\"Lo viste en Los Pol\u00edticos\",\"@id\":\"https:\\\/\\\/lospoliticosveracruz.com\\\/#\\\/schema\\\/person\\\/b8702bb0e538456e6efd07080bf2a4a2\"},\"headline\":\"\u00c9POCA DE TRAICIONES Y FALSEDADES&nbsp;\",\"datePublished\":\"2022-09-29T16:38:50+00:00\",\"dateModified\":\"2022-09-29T16:48:22+00:00\",\"mainEntityOfPage\":{\"@id\":\"https:\\\/\\\/lospoliticosveracruz.com\\\/?p=96116\"},\"wordCount\":1082,\"publisher\":{\"@id\":\"https:\\\/\\\/lospoliticosveracruz.com\\\/#organization\"},\"image\":{\"@id\":\"https:\\\/\\\/lospoliticosveracruz.com\\\/?p=96116#primaryimage\"},\"thumbnailUrl\":\"https:\\\/\\\/lospoliticosveracruz.com.mx\\\/wp-content\\\/uploads\\\/2021\\\/10\\\/WhatsApp-Image-2021-10-02-at-15.20.25-212x300.jpeg\",\"keywords\":[\"Enrique Cambranis Torres\",\"Federico Salom\u00f3n Molina\",\"Joaqu\u00edn Rosendo Guzm\u00e1n Avil\u00e9s\",\"Miguel \u00c1ngel G\u00f3mez Ruiz\",\"PAN\",\"Veracruz\",\"violencia de g\u00e9nero\",\"Xalapa\"],\"articleSection\":[\"De Opini\u00f3n\"],\"inLanguage\":\"es\"},{\"@type\":\"WebPage\",\"@id\":\"https:\\\/\\\/lospoliticosveracruz.com\\\/?p=96116\",\"url\":\"https:\\\/\\\/lospoliticosveracruz.com\\\/?p=96116\",\"name\":\"\u00c9POCA DE TRAICIONES Y FALSEDADES&nbsp; - Los pol\u00edticos Veracruz\",\"isPartOf\":{\"@id\":\"https:\\\/\\\/lospoliticosveracruz.com\\\/#website\"},\"primaryImageOfPage\":{\"@id\":\"https:\\\/\\\/lospoliticosveracruz.com\\\/?p=96116#primaryimage\"},\"image\":{\"@id\":\"https:\\\/\\\/lospoliticosveracruz.com\\\/?p=96116#primaryimage\"},\"thumbnailUrl\":\"https:\\\/\\\/lospoliticosveracruz.com.mx\\\/wp-content\\\/uploads\\\/2021\\\/10\\\/WhatsApp-Image-2021-10-02-at-15.20.25-212x300.jpeg\",\"datePublished\":\"2022-09-29T16:38:50+00:00\",\"dateModified\":\"2022-09-29T16:48:22+00:00\",\"breadcrumb\":{\"@id\":\"https:\\\/\\\/lospoliticosveracruz.com\\\/?p=96116#breadcrumb\"},\"inLanguage\":\"es\",\"potentialAction\":[{\"@type\":\"ReadAction\",\"target\":[\"https:\\\/\\\/lospoliticosveracruz.com\\\/?p=96116\"]}]},{\"@type\":\"ImageObject\",\"inLanguage\":\"es\",\"@id\":\"https:\\\/\\\/lospoliticosveracruz.com\\\/?p=96116#primaryimage\",\"url\":\"https:\\\/\\\/lospoliticosveracruz.com.mx\\\/wp-content\\\/uploads\\\/2021\\\/10\\\/WhatsApp-Image-2021-10-02-at-15.20.25-212x300.jpeg\",\"contentUrl\":\"https:\\\/\\\/lospoliticosveracruz.com.mx\\\/wp-content\\\/uploads\\\/2021\\\/10\\\/WhatsApp-Image-2021-10-02-at-15.20.25-212x300.jpeg\"},{\"@type\":\"BreadcrumbList\",\"@id\":\"https:\\\/\\\/lospoliticosveracruz.com\\\/?p=96116#breadcrumb\",\"itemListElement\":[{\"@type\":\"ListItem\",\"position\":1,\"name\":\"Portada\",\"item\":\"https:\\\/\\\/lospoliticosveracruz.com\\\/\"},{\"@type\":\"ListItem\",\"position\":2,\"name\":\"\u00c9POCA DE TRAICIONES Y FALSEDADES&nbsp;\"}]},{\"@type\":\"WebSite\",\"@id\":\"https:\\\/\\\/lospoliticosveracruz.com\\\/#website\",\"url\":\"https:\\\/\\\/lospoliticosveracruz.com\\\/\",\"name\":\"Los pol\u00edticos Veracruz\",\"description\":\"\",\"publisher\":{\"@id\":\"https:\\\/\\\/lospoliticosveracruz.com\\\/#organization\"},\"potentialAction\":[{\"@type\":\"SearchAction\",\"target\":{\"@type\":\"EntryPoint\",\"urlTemplate\":\"https:\\\/\\\/lospoliticosveracruz.com\\\/?s={search_term_string}\"},\"query-input\":{\"@type\":\"PropertyValueSpecification\",\"valueRequired\":true,\"valueName\":\"search_term_string\"}}],\"inLanguage\":\"es\"},{\"@type\":\"Organization\",\"@id\":\"https:\\\/\\\/lospoliticosveracruz.com\\\/#organization\",\"name\":\"Los pol\u00edticos Veracruz\",\"url\":\"https:\\\/\\\/lospoliticosveracruz.com\\\/\",\"logo\":{\"@type\":\"ImageObject\",\"inLanguage\":\"es\",\"@id\":\"https:\\\/\\\/lospoliticosveracruz.com\\\/#\\\/schema\\\/logo\\\/image\\\/\",\"url\":\"https:\\\/\\\/lospoliticosveracruz.com\\\/wp-content\\\/uploads\\\/2025\\\/12\\\/Logo-Nuevo-LOS-POLITICOS-1.jpg\",\"contentUrl\":\"https:\\\/\\\/lospoliticosveracruz.com\\\/wp-content\\\/uploads\\\/2025\\\/12\\\/Logo-Nuevo-LOS-POLITICOS-1.jpg\",\"width\":260,\"height\":70,\"caption\":\"Los pol\u00edticos Veracruz\"},\"image\":{\"@id\":\"https:\\\/\\\/lospoliticosveracruz.com\\\/#\\\/schema\\\/logo\\\/image\\\/\"},\"sameAs\":[\"https:\\\/\\\/www.facebook.com\\\/people\\\/Notimemes-de-los-Polticos\\\/61565672886568\\\/\",\"https:\\\/\\\/x.com\\\/LosPoliticosVer\"]},{\"@type\":\"Person\",\"@id\":\"https:\\\/\\\/lospoliticosveracruz.com\\\/#\\\/schema\\\/person\\\/b8702bb0e538456e6efd07080bf2a4a2\",\"name\":\"Lo viste en Los Pol\u00edticos\",\"image\":{\"@type\":\"ImageObject\",\"inLanguage\":\"es\",\"@id\":\"https:\\\/\\\/secure.gravatar.com\\\/avatar\\\/3a8de04a2656d44082be478bd6c086daa447c4651605818287b9532d3d0bd435?s=96&d=mm&r=g\",\"url\":\"https:\\\/\\\/secure.gravatar.com\\\/avatar\\\/3a8de04a2656d44082be478bd6c086daa447c4651605818287b9532d3d0bd435?s=96&d=mm&r=g\",\"contentUrl\":\"https:\\\/\\\/secure.gravatar.com\\\/avatar\\\/3a8de04a2656d44082be478bd6c086daa447c4651605818287b9532d3d0bd435?s=96&d=mm&r=g\",\"caption\":\"Lo viste en Los Pol\u00edticos\"},\"url\":\"https:\\\/\\\/lospoliticosveracruz.com\\\/?author=2\"}]}<\/script>\n<!-- \/ Yoast SEO plugin. -->","yoast_head_json":{"title":"\u00c9POCA DE TRAICIONES Y FALSEDADES&nbsp; - Los pol\u00edticos Veracruz","robots":{"index":"index","follow":"follow","max-snippet":"max-snippet:-1","max-image-preview":"max-image-preview:large","max-video-preview":"max-video-preview:-1"},"canonical":"https:\/\/lospoliticosveracruz.com\/?p=96116","og_locale":"es_ES","og_type":"article","og_title":"\u00c9POCA DE TRAICIONES Y FALSEDADES&nbsp; - Los pol\u00edticos Veracruz","og_description":"Miguel \u00c1ngel G\u00f3mez Ruiz Contrapunto Hace apenas unas horas, un medio local xalape\u00f1o public\u00f3 una nota sobre una trabajadora del PAN que denunci\u00f3 que fue v\u00edctima de maltrato, acoso sexual y laboral, misoginia y violencia de g\u00e9nero. La nota, mal redactada y con evidentes signos de que fue escrita con mala intenci\u00f3n y con posible [&hellip;]","og_url":"https:\/\/lospoliticosveracruz.com\/?p=96116","og_site_name":"Los pol\u00edticos Veracruz","article_publisher":"https:\/\/www.facebook.com\/people\/Notimemes-de-los-Polticos\/61565672886568\/","article_published_time":"2022-09-29T16:38:50+00:00","article_modified_time":"2022-09-29T16:48:22+00:00","og_image":[{"url":"https:\/\/lospoliticosveracruz.com.mx\/wp-content\/uploads\/2021\/10\/WhatsApp-Image-2021-10-02-at-15.20.25-212x300.jpeg","type":"","width":"","height":""}],"author":"Lo viste en Los Pol\u00edticos","twitter_card":"summary_large_image","twitter_creator":"@LosPoliticosVer","twitter_site":"@LosPoliticosVer","twitter_misc":{"Escrito por":"Lo viste en Los Pol\u00edticos","Tiempo de lectura":"5 minutos"},"schema":{"@context":"https:\/\/schema.org","@graph":[{"@type":"Article","@id":"https:\/\/lospoliticosveracruz.com\/?p=96116#article","isPartOf":{"@id":"https:\/\/lospoliticosveracruz.com\/?p=96116"},"author":{"name":"Lo viste en Los Pol\u00edticos","@id":"https:\/\/lospoliticosveracruz.com\/#\/schema\/person\/b8702bb0e538456e6efd07080bf2a4a2"},"headline":"\u00c9POCA DE TRAICIONES Y FALSEDADES&nbsp;","datePublished":"2022-09-29T16:38:50+00:00","dateModified":"2022-09-29T16:48:22+00:00","mainEntityOfPage":{"@id":"https:\/\/lospoliticosveracruz.com\/?p=96116"},"wordCount":1082,"publisher":{"@id":"https:\/\/lospoliticosveracruz.com\/#organization"},"image":{"@id":"https:\/\/lospoliticosveracruz.com\/?p=96116#primaryimage"},"thumbnailUrl":"https:\/\/lospoliticosveracruz.com.mx\/wp-content\/uploads\/2021\/10\/WhatsApp-Image-2021-10-02-at-15.20.25-212x300.jpeg","keywords":["Enrique Cambranis Torres","Federico Salom\u00f3n Molina","Joaqu\u00edn Rosendo Guzm\u00e1n Avil\u00e9s","Miguel \u00c1ngel G\u00f3mez Ruiz","PAN","Veracruz","violencia de g\u00e9nero","Xalapa"],"articleSection":["De Opini\u00f3n"],"inLanguage":"es"},{"@type":"WebPage","@id":"https:\/\/lospoliticosveracruz.com\/?p=96116","url":"https:\/\/lospoliticosveracruz.com\/?p=96116","name":"\u00c9POCA DE TRAICIONES Y FALSEDADES&nbsp; - Los pol\u00edticos Veracruz","isPartOf":{"@id":"https:\/\/lospoliticosveracruz.com\/#website"},"primaryImageOfPage":{"@id":"https:\/\/lospoliticosveracruz.com\/?p=96116#primaryimage"},"image":{"@id":"https:\/\/lospoliticosveracruz.com\/?p=96116#primaryimage"},"thumbnailUrl":"https:\/\/lospoliticosveracruz.com.mx\/wp-content\/uploads\/2021\/10\/WhatsApp-Image-2021-10-02-at-15.20.25-212x300.jpeg","datePublished":"2022-09-29T16:38:50+00:00","dateModified":"2022-09-29T16:48:22+00:00","breadcrumb":{"@id":"https:\/\/lospoliticosveracruz.com\/?p=96116#breadcrumb"},"inLanguage":"es","potentialAction":[{"@type":"ReadAction","target":["https:\/\/lospoliticosveracruz.com\/?p=96116"]}]},{"@type":"ImageObject","inLanguage":"es","@id":"https:\/\/lospoliticosveracruz.com\/?p=96116#primaryimage","url":"https:\/\/lospoliticosveracruz.com.mx\/wp-content\/uploads\/2021\/10\/WhatsApp-Image-2021-10-02-at-15.20.25-212x300.jpeg","contentUrl":"https:\/\/lospoliticosveracruz.com.mx\/wp-content\/uploads\/2021\/10\/WhatsApp-Image-2021-10-02-at-15.20.25-212x300.jpeg"},{"@type":"BreadcrumbList","@id":"https:\/\/lospoliticosveracruz.com\/?p=96116#breadcrumb","itemListElement":[{"@type":"ListItem","position":1,"name":"Portada","item":"https:\/\/lospoliticosveracruz.com\/"},{"@type":"ListItem","position":2,"name":"\u00c9POCA DE TRAICIONES Y FALSEDADES&nbsp;"}]},{"@type":"WebSite","@id":"https:\/\/lospoliticosveracruz.com\/#website","url":"https:\/\/lospoliticosveracruz.com\/","name":"Los pol\u00edticos Veracruz","description":"","publisher":{"@id":"https:\/\/lospoliticosveracruz.com\/#organization"},"potentialAction":[{"@type":"SearchAction","target":{"@type":"EntryPoint","urlTemplate":"https:\/\/lospoliticosveracruz.com\/?s={search_term_string}"},"query-input":{"@type":"PropertyValueSpecification","valueRequired":true,"valueName":"search_term_string"}}],"inLanguage":"es"},{"@type":"Organization","@id":"https:\/\/lospoliticosveracruz.com\/#organization","name":"Los pol\u00edticos Veracruz","url":"https:\/\/lospoliticosveracruz.com\/","logo":{"@type":"ImageObject","inLanguage":"es","@id":"https:\/\/lospoliticosveracruz.com\/#\/schema\/logo\/image\/","url":"https:\/\/lospoliticosveracruz.com\/wp-content\/uploads\/2025\/12\/Logo-Nuevo-LOS-POLITICOS-1.jpg","contentUrl":"https:\/\/lospoliticosveracruz.com\/wp-content\/uploads\/2025\/12\/Logo-Nuevo-LOS-POLITICOS-1.jpg","width":260,"height":70,"caption":"Los pol\u00edticos Veracruz"},"image":{"@id":"https:\/\/lospoliticosveracruz.com\/#\/schema\/logo\/image\/"},"sameAs":["https:\/\/www.facebook.com\/people\/Notimemes-de-los-Polticos\/61565672886568\/","https:\/\/x.com\/LosPoliticosVer"]},{"@type":"Person","@id":"https:\/\/lospoliticosveracruz.com\/#\/schema\/person\/b8702bb0e538456e6efd07080bf2a4a2","name":"Lo viste en Los Pol\u00edticos","image":{"@type":"ImageObject","inLanguage":"es","@id":"https:\/\/secure.gravatar.com\/avatar\/3a8de04a2656d44082be478bd6c086daa447c4651605818287b9532d3d0bd435?s=96&d=mm&r=g","url":"https:\/\/secure.gravatar.com\/avatar\/3a8de04a2656d44082be478bd6c086daa447c4651605818287b9532d3d0bd435?s=96&d=mm&r=g","contentUrl":"https:\/\/secure.gravatar.com\/avatar\/3a8de04a2656d44082be478bd6c086daa447c4651605818287b9532d3d0bd435?s=96&d=mm&r=g","caption":"Lo viste en Los Pol\u00edticos"},"url":"https:\/\/lospoliticosveracruz.com\/?author=2"}]}},"_links":{"self":[{"href":"https:\/\/lospoliticosveracruz.com\/index.php?rest_route=\/wp\/v2\/posts\/96116","targetHints":{"allow":["GET"]}}],"collection":[{"href":"https:\/\/lospoliticosveracruz.com\/index.php?rest_route=\/wp\/v2\/posts"}],"about":[{"href":"https:\/\/lospoliticosveracruz.com\/index.php?rest_route=\/wp\/v2\/types\/post"}],"author":[{"embeddable":true,"href":"https:\/\/lospoliticosveracruz.com\/index.php?rest_route=\/wp\/v2\/users\/2"}],"replies":[{"embeddable":true,"href":"https:\/\/lospoliticosveracruz.com\/index.php?rest_route=%2Fwp%2Fv2%2Fcomments&post=96116"}],"version-history":[{"count":2,"href":"https:\/\/lospoliticosveracruz.com\/index.php?rest_route=\/wp\/v2\/posts\/96116\/revisions"}],"predecessor-version":[{"id":96118,"href":"https:\/\/lospoliticosveracruz.com\/index.php?rest_route=\/wp\/v2\/posts\/96116\/revisions\/96118"}],"wp:attachment":[{"href":"https:\/\/lospoliticosveracruz.com\/index.php?rest_route=%2Fwp%2Fv2%2Fmedia&parent=96116"}],"wp:term":[{"taxonomy":"category","embeddable":true,"href":"https:\/\/lospoliticosveracruz.com\/index.php?rest_route=%2Fwp%2Fv2%2Fcategories&post=96116"},{"taxonomy":"post_tag","embeddable":true,"href":"https:\/\/lospoliticosveracruz.com\/index.php?rest_route=%2Fwp%2Fv2%2Ftags&post=96116"}],"curies":[{"name":"wp","href":"https:\/\/api.w.org\/{rel}","templated":true}]}}