{"id":96127,"date":"2022-09-29T14:01:37","date_gmt":"2022-09-29T19:01:37","guid":{"rendered":"https:\/\/lospoliticosveracruz.com.mx\/?p=96127"},"modified":"2022-09-29T14:01:50","modified_gmt":"2022-09-29T19:01:50","slug":"golpe-de-estado-en-sayula","status":"publish","type":"post","link":"https:\/\/lospoliticosveracruz.com\/?p=96127","title":{"rendered":"GOLPE DE ESTADO EN SAYULA!"},"content":{"rendered":"\n<p><\/p>\n\n\n\n<p><\/p>\n\n\n\n<p><strong>Karla M\u00e9ndez<\/strong><br>Xalapa, Ver.- La alcaldesa de Sayula de Alem\u00e1n, Lorena S\u00e1nchez Vargas, denunci\u00f3 que ahora en su municipio el S\u00edndico y el tesorero hacen uso de las cuentas para dar anticipo de obra p\u00fablica sin consultarla, al momento se ha entregado dos millones de pesos sin iniciar la construcci\u00f3n.<\/p>\n\n\n\n<p>En entrevista en el Congreso del Estado, la presidenta municipal dio a conocer que por ello es que este d\u00eda decidi\u00f3 acercarse a los diputados locales para agotar todas las v\u00edas de apoyo, ya que aunque ella est\u00e1 a cargo de Sayula, quienes llevan las cuentas son el S\u00edndico y el director de Obras P\u00fablicas.<\/p>\n\n\n\n<p>\u00abCuando regres\u00e9 al Ayuntamiento me encontr\u00e9 con que el S\u00edndico hab\u00eda hecho una sesi\u00f3n de cabildo donde \u00e9l se nombraba como Presidente Municipal ante el banco y hasta ahora han estado haciendo uso de los recursos de una manera deliberada\u00bb.<\/p>\n\n\n\n<p>En ese sentido, explic\u00f3 que de las obras de infraestructura que se supone se realizan en 36 comunidades, ninguna se ha inaugurado, algunas ni siquiera han iniciado y lo peor es que incluso a algunas ya se dio un adelanto del pago.<\/p>\n\n\n\n<p>\u00abTodav\u00eda ni han arrancado y ya dieron un adelanto de dos millones de pesos. Han ido (el S\u00edndico y el director de Obras P\u00fablicas) y se toman la foto en obras que est\u00e1n paradas (\u2026) Hoy vine a ponerles en conocimiento (a los diputados) porque si ellos no saben c\u00f3mo est\u00e1 la situaci\u00f3n. Yo s\u00e9 que voy a recibir el apoyo del Gobernador.\u00bb<\/p>\n\n\n\n<p>Manifest\u00f3 que aunque los integrantes del Cabildo piensan que esta situaci\u00f3n es para afectarla a ella, en realidad afecta a los ciudadanos de Sayula, ya que se est\u00e1n desviando los recursos.<\/p>\n\n\n\n<p>S\u00e1nchez Vargas, acompa\u00f1ada de escoltas de la Guardia Nacional, remarc\u00f3 lo denunciado anteriormente sobre que detr\u00e1s de estos funcionarios se encuentra un grupo del crimen organizado y record\u00f3 que ya hay una denuncia ante la Fiscal\u00eda Anticorrupci\u00f3n.<\/p>\n\n\n\n<p>Finalmente, dio a concoer que su familia ya no se encuentra en el estado; sin embargo podr\u00eda solicitar la intervenci\u00f3n del Gobernador Cuitl\u00e1huac Garc\u00eda Jim\u00e9nez y el secretario de gobierno, Eric Cisneros Burgos, para que se le regresen las cuentas p\u00fablicas del municipio.<\/p>\n","protected":false},"excerpt":{"rendered":"<p>Karla M\u00e9ndezXalapa, Ver.- La alcaldesa de Sayula de Alem\u00e1n, Lorena S\u00e1nchez Vargas, denunci\u00f3 que ahora en su municipio el S\u00edndico y el tesorero hacen uso de las cuentas para dar anticipo de obra p\u00fablica sin consultarla, al momento se ha entregado dos millones de pesos sin iniciar la construcci\u00f3n. En entrevista en el Congreso del [&hellip;]<\/p>\n","protected":false},"author":2,"featured_media":0,"comment_status":"closed","ping_status":"closed","sticky":false,"template":"","format":"standard","meta":{"tdm_status":"","tdm_grid_status":"","footnotes":""},"categories":[6446],"tags":[618,331,1563,12299,5576,28962,1026,195],"class_list":{"0":"post-96127","1":"post","2":"type-post","3":"status-publish","4":"format-standard","6":"category-la-nota","7":"tag-andres-manuel-lopez-obrador","8":"tag-congreso-del-estado","9":"tag-cuitlahuac-garcia-jimenez","10":"tag-eric-cisneros-burgos","11":"tag-fiscalia-anticorrupcion","12":"tag-lorena-sanchez-vargas","13":"tag-morena","14":"tag-veracruz"},"yoast_head":"<!-- This site is optimized with the Yoast SEO plugin v27.4 - https:\/\/yoast.com\/product\/yoast-seo-wordpress\/ -->\n<title>GOLPE DE ESTADO EN SAYULA! - Los pol\u00edticos Veracruz<\/title>\n<meta name=\"robots\" content=\"index, follow, max-snippet:-1, max-image-preview:large, max-video-preview:-1\" \/>\n<link rel=\"canonical\" href=\"https:\/\/lospoliticosveracruz.com\/?p=96127\" \/>\n<meta property=\"og:locale\" content=\"es_ES\" \/>\n<meta property=\"og:type\" content=\"article\" \/>\n<meta property=\"og:title\" content=\"GOLPE DE ESTADO EN SAYULA! - Los pol\u00edticos Veracruz\" \/>\n<meta property=\"og:description\" content=\"Karla M\u00e9ndezXalapa, Ver.- La alcaldesa de Sayula de Alem\u00e1n, Lorena S\u00e1nchez Vargas, denunci\u00f3 que ahora en su municipio el S\u00edndico y el tesorero hacen uso de las cuentas para dar anticipo de obra p\u00fablica sin consultarla, al momento se ha entregado dos millones de pesos sin iniciar la construcci\u00f3n. En entrevista en el Congreso del [&hellip;]\" \/>\n<meta property=\"og:url\" content=\"https:\/\/lospoliticosveracruz.com\/?p=96127\" \/>\n<meta property=\"og:site_name\" content=\"Los pol\u00edticos Veracruz\" \/>\n<meta property=\"article:publisher\" content=\"https:\/\/www.facebook.com\/people\/Notimemes-de-los-Polticos\/61565672886568\/\" \/>\n<meta property=\"article:published_time\" content=\"2022-09-29T19:01:37+00:00\" \/>\n<meta property=\"article:modified_time\" content=\"2022-09-29T19:01:50+00:00\" \/>\n<meta property=\"og:image\" content=\"https:\/\/lospoliticosveracruz.com\/wp-content\/uploads\/2016\/07\/Logo-Dor.jpg\" \/>\n\t<meta property=\"og:image:width\" content=\"200\" \/>\n\t<meta property=\"og:image:height\" content=\"200\" \/>\n\t<meta property=\"og:image:type\" content=\"image\/jpeg\" \/>\n<meta name=\"author\" content=\"Lo viste en Los Pol\u00edticos\" \/>\n<meta name=\"twitter:card\" content=\"summary_large_image\" \/>\n<meta name=\"twitter:creator\" content=\"@LosPoliticosVer\" \/>\n<meta name=\"twitter:site\" content=\"@LosPoliticosVer\" \/>\n<meta name=\"twitter:label1\" content=\"Escrito por\" \/>\n\t<meta name=\"twitter:data1\" content=\"Lo viste en Los Pol\u00edticos\" \/>\n\t<meta name=\"twitter:label2\" content=\"Tiempo de lectura\" \/>\n\t<meta name=\"twitter:data2\" content=\"2 minutos\" \/>\n<script type=\"application\/ld+json\" class=\"yoast-schema-graph\">{\"@context\":\"https:\\\/\\\/schema.org\",\"@graph\":[{\"@type\":\"Article\",\"@id\":\"https:\\\/\\\/lospoliticosveracruz.com\\\/?p=96127#article\",\"isPartOf\":{\"@id\":\"https:\\\/\\\/lospoliticosveracruz.com\\\/?p=96127\"},\"author\":{\"name\":\"Lo viste en Los Pol\u00edticos\",\"@id\":\"https:\\\/\\\/lospoliticosveracruz.com\\\/#\\\/schema\\\/person\\\/b8702bb0e538456e6efd07080bf2a4a2\"},\"headline\":\"GOLPE DE ESTADO EN SAYULA!\",\"datePublished\":\"2022-09-29T19:01:37+00:00\",\"dateModified\":\"2022-09-29T19:01:50+00:00\",\"mainEntityOfPage\":{\"@id\":\"https:\\\/\\\/lospoliticosveracruz.com\\\/?p=96127\"},\"wordCount\":397,\"publisher\":{\"@id\":\"https:\\\/\\\/lospoliticosveracruz.com\\\/#organization\"},\"keywords\":[\"Andr\u00e9s Manuel L\u00f3pez Obrador\",\"Congreso del Estado\",\"Cuitl\u00e1huac Garc\u00eda Jim\u00e9nez\",\"Eric Cisneros Burgos\",\"Fiscal\u00eda Anticorrupci\u00f3n\",\"Lorena S\u00e1nchez Vargas\",\"Morena\",\"Veracruz\"],\"articleSection\":[\"La Nota\"],\"inLanguage\":\"es\"},{\"@type\":\"WebPage\",\"@id\":\"https:\\\/\\\/lospoliticosveracruz.com\\\/?p=96127\",\"url\":\"https:\\\/\\\/lospoliticosveracruz.com\\\/?p=96127\",\"name\":\"GOLPE DE ESTADO EN SAYULA! - Los pol\u00edticos Veracruz\",\"isPartOf\":{\"@id\":\"https:\\\/\\\/lospoliticosveracruz.com\\\/#website\"},\"datePublished\":\"2022-09-29T19:01:37+00:00\",\"dateModified\":\"2022-09-29T19:01:50+00:00\",\"breadcrumb\":{\"@id\":\"https:\\\/\\\/lospoliticosveracruz.com\\\/?p=96127#breadcrumb\"},\"inLanguage\":\"es\",\"potentialAction\":[{\"@type\":\"ReadAction\",\"target\":[\"https:\\\/\\\/lospoliticosveracruz.com\\\/?p=96127\"]}]},{\"@type\":\"BreadcrumbList\",\"@id\":\"https:\\\/\\\/lospoliticosveracruz.com\\\/?p=96127#breadcrumb\",\"itemListElement\":[{\"@type\":\"ListItem\",\"position\":1,\"name\":\"Portada\",\"item\":\"https:\\\/\\\/lospoliticosveracruz.com\\\/\"},{\"@type\":\"ListItem\",\"position\":2,\"name\":\"GOLPE DE ESTADO EN SAYULA!\"}]},{\"@type\":\"WebSite\",\"@id\":\"https:\\\/\\\/lospoliticosveracruz.com\\\/#website\",\"url\":\"https:\\\/\\\/lospoliticosveracruz.com\\\/\",\"name\":\"Los pol\u00edticos Veracruz\",\"description\":\"\",\"publisher\":{\"@id\":\"https:\\\/\\\/lospoliticosveracruz.com\\\/#organization\"},\"potentialAction\":[{\"@type\":\"SearchAction\",\"target\":{\"@type\":\"EntryPoint\",\"urlTemplate\":\"https:\\\/\\\/lospoliticosveracruz.com\\\/?s={search_term_string}\"},\"query-input\":{\"@type\":\"PropertyValueSpecification\",\"valueRequired\":true,\"valueName\":\"search_term_string\"}}],\"inLanguage\":\"es\"},{\"@type\":\"Organization\",\"@id\":\"https:\\\/\\\/lospoliticosveracruz.com\\\/#organization\",\"name\":\"Los pol\u00edticos Veracruz\",\"url\":\"https:\\\/\\\/lospoliticosveracruz.com\\\/\",\"logo\":{\"@type\":\"ImageObject\",\"inLanguage\":\"es\",\"@id\":\"https:\\\/\\\/lospoliticosveracruz.com\\\/#\\\/schema\\\/logo\\\/image\\\/\",\"url\":\"https:\\\/\\\/lospoliticosveracruz.com\\\/wp-content\\\/uploads\\\/2025\\\/12\\\/Logo-Nuevo-LOS-POLITICOS-1.jpg\",\"contentUrl\":\"https:\\\/\\\/lospoliticosveracruz.com\\\/wp-content\\\/uploads\\\/2025\\\/12\\\/Logo-Nuevo-LOS-POLITICOS-1.jpg\",\"width\":260,\"height\":70,\"caption\":\"Los pol\u00edticos Veracruz\"},\"image\":{\"@id\":\"https:\\\/\\\/lospoliticosveracruz.com\\\/#\\\/schema\\\/logo\\\/image\\\/\"},\"sameAs\":[\"https:\\\/\\\/www.facebook.com\\\/people\\\/Notimemes-de-los-Polticos\\\/61565672886568\\\/\",\"https:\\\/\\\/x.com\\\/LosPoliticosVer\"]},{\"@type\":\"Person\",\"@id\":\"https:\\\/\\\/lospoliticosveracruz.com\\\/#\\\/schema\\\/person\\\/b8702bb0e538456e6efd07080bf2a4a2\",\"name\":\"Lo viste en Los Pol\u00edticos\",\"image\":{\"@type\":\"ImageObject\",\"inLanguage\":\"es\",\"@id\":\"https:\\\/\\\/secure.gravatar.com\\\/avatar\\\/3a8de04a2656d44082be478bd6c086daa447c4651605818287b9532d3d0bd435?s=96&d=mm&r=g\",\"url\":\"https:\\\/\\\/secure.gravatar.com\\\/avatar\\\/3a8de04a2656d44082be478bd6c086daa447c4651605818287b9532d3d0bd435?s=96&d=mm&r=g\",\"contentUrl\":\"https:\\\/\\\/secure.gravatar.com\\\/avatar\\\/3a8de04a2656d44082be478bd6c086daa447c4651605818287b9532d3d0bd435?s=96&d=mm&r=g\",\"caption\":\"Lo viste en Los Pol\u00edticos\"},\"url\":\"https:\\\/\\\/lospoliticosveracruz.com\\\/?author=2\"}]}<\/script>\n<!-- \/ Yoast SEO plugin. -->","yoast_head_json":{"title":"GOLPE DE ESTADO EN SAYULA! - Los pol\u00edticos Veracruz","robots":{"index":"index","follow":"follow","max-snippet":"max-snippet:-1","max-image-preview":"max-image-preview:large","max-video-preview":"max-video-preview:-1"},"canonical":"https:\/\/lospoliticosveracruz.com\/?p=96127","og_locale":"es_ES","og_type":"article","og_title":"GOLPE DE ESTADO EN SAYULA! - Los pol\u00edticos Veracruz","og_description":"Karla M\u00e9ndezXalapa, Ver.- La alcaldesa de Sayula de Alem\u00e1n, Lorena S\u00e1nchez Vargas, denunci\u00f3 que ahora en su municipio el S\u00edndico y el tesorero hacen uso de las cuentas para dar anticipo de obra p\u00fablica sin consultarla, al momento se ha entregado dos millones de pesos sin iniciar la construcci\u00f3n. En entrevista en el Congreso del [&hellip;]","og_url":"https:\/\/lospoliticosveracruz.com\/?p=96127","og_site_name":"Los pol\u00edticos Veracruz","article_publisher":"https:\/\/www.facebook.com\/people\/Notimemes-de-los-Polticos\/61565672886568\/","article_published_time":"2022-09-29T19:01:37+00:00","article_modified_time":"2022-09-29T19:01:50+00:00","og_image":[{"width":200,"height":200,"url":"https:\/\/lospoliticosveracruz.com\/wp-content\/uploads\/2016\/07\/Logo-Dor.jpg","type":"image\/jpeg"}],"author":"Lo viste en Los Pol\u00edticos","twitter_card":"summary_large_image","twitter_creator":"@LosPoliticosVer","twitter_site":"@LosPoliticosVer","twitter_misc":{"Escrito por":"Lo viste en Los Pol\u00edticos","Tiempo de lectura":"2 minutos"},"schema":{"@context":"https:\/\/schema.org","@graph":[{"@type":"Article","@id":"https:\/\/lospoliticosveracruz.com\/?p=96127#article","isPartOf":{"@id":"https:\/\/lospoliticosveracruz.com\/?p=96127"},"author":{"name":"Lo viste en Los Pol\u00edticos","@id":"https:\/\/lospoliticosveracruz.com\/#\/schema\/person\/b8702bb0e538456e6efd07080bf2a4a2"},"headline":"GOLPE DE ESTADO EN SAYULA!","datePublished":"2022-09-29T19:01:37+00:00","dateModified":"2022-09-29T19:01:50+00:00","mainEntityOfPage":{"@id":"https:\/\/lospoliticosveracruz.com\/?p=96127"},"wordCount":397,"publisher":{"@id":"https:\/\/lospoliticosveracruz.com\/#organization"},"keywords":["Andr\u00e9s Manuel L\u00f3pez Obrador","Congreso del Estado","Cuitl\u00e1huac Garc\u00eda Jim\u00e9nez","Eric Cisneros Burgos","Fiscal\u00eda Anticorrupci\u00f3n","Lorena S\u00e1nchez Vargas","Morena","Veracruz"],"articleSection":["La Nota"],"inLanguage":"es"},{"@type":"WebPage","@id":"https:\/\/lospoliticosveracruz.com\/?p=96127","url":"https:\/\/lospoliticosveracruz.com\/?p=96127","name":"GOLPE DE ESTADO EN SAYULA! - Los pol\u00edticos Veracruz","isPartOf":{"@id":"https:\/\/lospoliticosveracruz.com\/#website"},"datePublished":"2022-09-29T19:01:37+00:00","dateModified":"2022-09-29T19:01:50+00:00","breadcrumb":{"@id":"https:\/\/lospoliticosveracruz.com\/?p=96127#breadcrumb"},"inLanguage":"es","potentialAction":[{"@type":"ReadAction","target":["https:\/\/lospoliticosveracruz.com\/?p=96127"]}]},{"@type":"BreadcrumbList","@id":"https:\/\/lospoliticosveracruz.com\/?p=96127#breadcrumb","itemListElement":[{"@type":"ListItem","position":1,"name":"Portada","item":"https:\/\/lospoliticosveracruz.com\/"},{"@type":"ListItem","position":2,"name":"GOLPE DE ESTADO EN SAYULA!"}]},{"@type":"WebSite","@id":"https:\/\/lospoliticosveracruz.com\/#website","url":"https:\/\/lospoliticosveracruz.com\/","name":"Los pol\u00edticos Veracruz","description":"","publisher":{"@id":"https:\/\/lospoliticosveracruz.com\/#organization"},"potentialAction":[{"@type":"SearchAction","target":{"@type":"EntryPoint","urlTemplate":"https:\/\/lospoliticosveracruz.com\/?s={search_term_string}"},"query-input":{"@type":"PropertyValueSpecification","valueRequired":true,"valueName":"search_term_string"}}],"inLanguage":"es"},{"@type":"Organization","@id":"https:\/\/lospoliticosveracruz.com\/#organization","name":"Los pol\u00edticos Veracruz","url":"https:\/\/lospoliticosveracruz.com\/","logo":{"@type":"ImageObject","inLanguage":"es","@id":"https:\/\/lospoliticosveracruz.com\/#\/schema\/logo\/image\/","url":"https:\/\/lospoliticosveracruz.com\/wp-content\/uploads\/2025\/12\/Logo-Nuevo-LOS-POLITICOS-1.jpg","contentUrl":"https:\/\/lospoliticosveracruz.com\/wp-content\/uploads\/2025\/12\/Logo-Nuevo-LOS-POLITICOS-1.jpg","width":260,"height":70,"caption":"Los pol\u00edticos Veracruz"},"image":{"@id":"https:\/\/lospoliticosveracruz.com\/#\/schema\/logo\/image\/"},"sameAs":["https:\/\/www.facebook.com\/people\/Notimemes-de-los-Polticos\/61565672886568\/","https:\/\/x.com\/LosPoliticosVer"]},{"@type":"Person","@id":"https:\/\/lospoliticosveracruz.com\/#\/schema\/person\/b8702bb0e538456e6efd07080bf2a4a2","name":"Lo viste en Los Pol\u00edticos","image":{"@type":"ImageObject","inLanguage":"es","@id":"https:\/\/secure.gravatar.com\/avatar\/3a8de04a2656d44082be478bd6c086daa447c4651605818287b9532d3d0bd435?s=96&d=mm&r=g","url":"https:\/\/secure.gravatar.com\/avatar\/3a8de04a2656d44082be478bd6c086daa447c4651605818287b9532d3d0bd435?s=96&d=mm&r=g","contentUrl":"https:\/\/secure.gravatar.com\/avatar\/3a8de04a2656d44082be478bd6c086daa447c4651605818287b9532d3d0bd435?s=96&d=mm&r=g","caption":"Lo viste en Los Pol\u00edticos"},"url":"https:\/\/lospoliticosveracruz.com\/?author=2"}]}},"_links":{"self":[{"href":"https:\/\/lospoliticosveracruz.com\/index.php?rest_route=\/wp\/v2\/posts\/96127","targetHints":{"allow":["GET"]}}],"collection":[{"href":"https:\/\/lospoliticosveracruz.com\/index.php?rest_route=\/wp\/v2\/posts"}],"about":[{"href":"https:\/\/lospoliticosveracruz.com\/index.php?rest_route=\/wp\/v2\/types\/post"}],"author":[{"embeddable":true,"href":"https:\/\/lospoliticosveracruz.com\/index.php?rest_route=\/wp\/v2\/users\/2"}],"replies":[{"embeddable":true,"href":"https:\/\/lospoliticosveracruz.com\/index.php?rest_route=%2Fwp%2Fv2%2Fcomments&post=96127"}],"version-history":[{"count":1,"href":"https:\/\/lospoliticosveracruz.com\/index.php?rest_route=\/wp\/v2\/posts\/96127\/revisions"}],"predecessor-version":[{"id":96129,"href":"https:\/\/lospoliticosveracruz.com\/index.php?rest_route=\/wp\/v2\/posts\/96127\/revisions\/96129"}],"wp:attachment":[{"href":"https:\/\/lospoliticosveracruz.com\/index.php?rest_route=%2Fwp%2Fv2%2Fmedia&parent=96127"}],"wp:term":[{"taxonomy":"category","embeddable":true,"href":"https:\/\/lospoliticosveracruz.com\/index.php?rest_route=%2Fwp%2Fv2%2Fcategories&post=96127"},{"taxonomy":"post_tag","embeddable":true,"href":"https:\/\/lospoliticosveracruz.com\/index.php?rest_route=%2Fwp%2Fv2%2Ftags&post=96127"}],"curies":[{"name":"wp","href":"https:\/\/api.w.org\/{rel}","templated":true}]}}