{"id":96139,"date":"2022-09-29T18:37:54","date_gmt":"2022-09-29T23:37:54","guid":{"rendered":"https:\/\/lospoliticosveracruz.com.mx\/?p=96139"},"modified":"2022-09-29T18:38:00","modified_gmt":"2022-09-29T23:38:00","slug":"cuic-acribillado","status":"publish","type":"post","link":"https:\/\/lospoliticosveracruz.com\/?p=96139","title":{"rendered":"CUIC, \u201cACRIBILLADO\u201d"},"content":{"rendered":"\n<p><strong>Salvador Mu\u00f1oz<\/strong><\/p>\n\n\n\n<p><em>Los Pol\u00edticos<\/em><\/p>\n\n\n\n<p>\u00bfQu\u00e9 pueden tener en com\u00fan una criba, el Gober Cuic y una buena taza de caf\u00e9? Pudiera ser que nada pero\u2026<\/p>\n\n\n\n<p>Mientras me tomaba una taza de caf\u00e9, escuchaba al Gober que correg\u00eda a la prensa en los datos de uno de los tantos hechos lamentables que han sacudido nuestra entidad: el asesinato de un sastre en Coatzacoalcos, que de acuerdo a la informaci\u00f3n, se opuso a un atraco.<\/p>\n\n\n\n<figure class=\"wp-block-embed is-type-video is-provider-youtube wp-block-embed-youtube wp-embed-aspect-16-9 wp-has-aspect-ratio\"><div class=\"wp-block-embed__wrapper\">\n<iframe loading=\"lazy\" title=\"Cluster Coworking\" width=\"696\" height=\"392\" src=\"https:\/\/www.youtube.com\/embed\/Nxe-vxf8GuY?feature=oembed\" frameborder=\"0\" allow=\"accelerometer; autoplay; clipboard-write; encrypted-media; gyroscope; picture-in-picture; web-share\" referrerpolicy=\"strict-origin-when-cross-origin\" allowfullscreen><\/iframe>\n<\/div><\/figure>\n\n\n\n<p>La correcci\u00f3n que hac\u00eda el mandatario era que la persona hab\u00eda muerto \u201ca pu\u00f1aladas\u201d, no \u201cacribillada\u201d\u2026 y recalc\u00f3: \u201clos medios mienten, as\u00ed de descarado\u201d.<\/p>\n\n\n\n<p>Ah, pero el asunto que todav\u00eda genera m\u00e1s ruido, es que de acuerdo a lo que dijo el Gober, la intenci\u00f3n de los medios de comunicaci\u00f3n con \u201cestas mentiras\u201d es hacer ver a la entidad, como un lugar violento\u2026<\/p>\n\n\n\n<p>\u00bfY qu\u00e9 tiene que ver la criba con los \u201cdesmentidos\u201d de Cuic?<\/p>\n\n\n\n<p>Muy simple\u2026<\/p>\n\n\n\n<p>Primero, una criba es usada para separar granos, como los del caf\u00e9, en este caso, por tama\u00f1o\u2026 al poner los granos en la criba y empezar el zangoloteo, los granos grandes quedan arriba, y el resto, pasa por unos agujeros\u2026 selecci\u00f3n, pues.<\/p>\n\n\n\n<p>Criba en s\u00ed, significa separar, de acuerdo a sus ra\u00edces etimol\u00f3gicas. El instrumento dio lugar a una palabra que hizo menci\u00f3n el Gober: Acribillar.<\/p>\n\n\n\n<p>Antes, se empleaba \u201cacribillar\u201d para decir que se iba a separar el caf\u00e9, el trigo u otro grano\u2026<\/p>\n\n\n\n<p>\u00bfCu\u00e1ndo la nota policiaca hizo la analog\u00eda o comparativa, como quiera decirle, de usar \u201cacribillado\u201d en la v\u00edctima de un crimen con violencia? No lo s\u00e9\u2026 el asunto es en c\u00f3mo lo emplea.<\/p>\n\n\n\n<p>Una figura muy similar a \u201cacribillado\u201d es la de \u201ccoser a pu\u00f1aladas\u201d y no s\u00e9 si tenga referencia a la famosa m\u00e1quina Singer cuya aguja entraba una, otra y una m\u00e1s, de manera vertiginosa sobre la tela\u2026<\/p>\n\n\n\n<p>\u00bfY en acribillar? \u00a1Por la cantidad de agujeros que tiene la criba!<\/p>\n\n\n\n<p>\u00bfY qu\u00e9 cree? Pues se puede \u201cacribillar\u201d sea con pu\u00f1aladas como bien lo apunt\u00f3 el Gober\u2026 \u00a1o a balazos! Es decir, si hubo una nota que usara la palabra \u201cacribillado\u201d, est\u00e1 bien empleada la figura, aunque siendo francos, revisando 13 portales de informaci\u00f3n, ninguno la utiliz\u00f3\u2026 para m\u00e1s, dos usaron \u00a1\u201cestocadas\u201d!<\/p>\n\n\n\n<p>En pocas palabras, Gober, en s\u00ed, no es el \u201cverbo\u201d empleado el que \u201cpretende\u201d dar intenci\u00f3n de hacer de Veracruz una entidad violenta\u2026 en s\u00ed, es el hecho, cuando a mediod\u00eda, tres sujetos entran a un negocio y sin que se tenga en claro los motivos, acribillan con armas blancas a una persona\u2026 o en una ma\u00f1ana, una maestra es ejecutada desde una motocicleta, a tiros\u2026 o que en el centro de Orizaba, durante dos horas, se desate una balacera\u2026<\/p>\n\n\n\n<p>Los medios de informaci\u00f3n s\u00f3lo exponen lo que ocurre en nuestra sociedad y as\u00ed como publican detenci\u00f3n de delincuentes, igual lo hacen con la realidad lacerante, cuando los hechos de violencia revientan a un hogar, a una madre, a una familia\u2026 y aqu\u00ed no se trata de cifras, porque las vidas no son n\u00fameros, no tienen colores, tampoco siglas\u2026 son personas\u2026 una realidad que \u201cacribilla\u201d a los \u201chechos aislados\u201d del Gobernador.&nbsp;<\/p>\n\n\n\n<p>Empezar a entender eso, es un paso para ser m\u00e1s emp\u00e1tico con la sociedad que con una ideolog\u00eda\u2026<\/p>\n\n\n\n<p>S\u00ed, entiendo que quiz\u00e1s por no estar involucrado en la jerga policiaca, no entienda el Gober el sentido de \u201cacribillar\u201d y eso no es malo, es hasta cierto punto razonable y comprensible; lo que no es aceptable es que pretenda azuzar a la gente contra los medios\u2026 eso s\u00ed es totalmente irresponsable y de cierto modo, una forma muy simple de escurrir el bulto\u2026 o para que la entienda el ingeniero: salirse por la tangente\u2026<\/p>\n\n\n\n<p>Ahora entienden qu\u00e9 puede tener en com\u00fan una criba y el Gober Cuic\u2026<\/p>\n\n\n\n<p>\u00bfY la taza de un buen caf\u00e9?<\/p>\n\n\n\n<p>\u00a1Se la acepto cuando guste!<\/p>\n","protected":false},"excerpt":{"rendered":"<p>Salvador Mu\u00f1oz Los Pol\u00edticos \u00bfQu\u00e9 pueden tener en com\u00fan una criba, el Gober Cuic y una buena taza de caf\u00e9? Pudiera ser que nada pero\u2026 Mientras me tomaba una taza de caf\u00e9, escuchaba al Gober que correg\u00eda a la prensa en los datos de uno de los tantos hechos lamentables que han sacudido nuestra entidad: [&hellip;]<\/p>\n","protected":false},"author":2,"featured_media":0,"comment_status":"closed","ping_status":"closed","sticky":false,"template":"","format":"standard","meta":{"tdm_status":"","tdm_grid_status":"","footnotes":""},"categories":[70],"tags":[371,2646],"class_list":{"0":"post-96139","1":"post","2":"type-post","3":"status-publish","4":"format-standard","6":"category-de-opinion","7":"tag-coatzacoalcos","8":"tag-salvador-munoz"},"yoast_head":"<!-- This site is optimized with the Yoast SEO plugin v27.4 - https:\/\/yoast.com\/product\/yoast-seo-wordpress\/ -->\n<title>CUIC, \u201cACRIBILLADO\u201d - Los pol\u00edticos Veracruz<\/title>\n<meta name=\"robots\" content=\"index, follow, max-snippet:-1, max-image-preview:large, max-video-preview:-1\" \/>\n<link rel=\"canonical\" href=\"https:\/\/lospoliticosveracruz.com\/?p=96139\" \/>\n<meta property=\"og:locale\" content=\"es_ES\" \/>\n<meta property=\"og:type\" content=\"article\" \/>\n<meta property=\"og:title\" content=\"CUIC, \u201cACRIBILLADO\u201d - Los pol\u00edticos Veracruz\" \/>\n<meta property=\"og:description\" content=\"Salvador Mu\u00f1oz Los Pol\u00edticos \u00bfQu\u00e9 pueden tener en com\u00fan una criba, el Gober Cuic y una buena taza de caf\u00e9? Pudiera ser que nada pero\u2026 Mientras me tomaba una taza de caf\u00e9, escuchaba al Gober que correg\u00eda a la prensa en los datos de uno de los tantos hechos lamentables que han sacudido nuestra entidad: [&hellip;]\" \/>\n<meta property=\"og:url\" content=\"https:\/\/lospoliticosveracruz.com\/?p=96139\" \/>\n<meta property=\"og:site_name\" content=\"Los pol\u00edticos Veracruz\" \/>\n<meta property=\"article:publisher\" content=\"https:\/\/www.facebook.com\/people\/Notimemes-de-los-Polticos\/61565672886568\/\" \/>\n<meta property=\"article:published_time\" content=\"2022-09-29T23:37:54+00:00\" \/>\n<meta property=\"article:modified_time\" content=\"2022-09-29T23:38:00+00:00\" \/>\n<meta property=\"og:image\" content=\"https:\/\/lospoliticosveracruz.com\/wp-content\/uploads\/2016\/07\/Logo-Dor.jpg\" \/>\n\t<meta property=\"og:image:width\" content=\"200\" \/>\n\t<meta property=\"og:image:height\" content=\"200\" \/>\n\t<meta property=\"og:image:type\" content=\"image\/jpeg\" \/>\n<meta name=\"author\" content=\"Lo viste en Los Pol\u00edticos\" \/>\n<meta name=\"twitter:card\" content=\"summary_large_image\" \/>\n<meta name=\"twitter:creator\" content=\"@LosPoliticosVer\" \/>\n<meta name=\"twitter:site\" content=\"@LosPoliticosVer\" \/>\n<meta name=\"twitter:label1\" content=\"Escrito por\" \/>\n\t<meta name=\"twitter:data1\" content=\"Lo viste en Los Pol\u00edticos\" \/>\n\t<meta name=\"twitter:label2\" content=\"Tiempo de lectura\" \/>\n\t<meta name=\"twitter:data2\" content=\"3 minutos\" \/>\n<script type=\"application\/ld+json\" class=\"yoast-schema-graph\">{\"@context\":\"https:\\\/\\\/schema.org\",\"@graph\":[{\"@type\":\"Article\",\"@id\":\"https:\\\/\\\/lospoliticosveracruz.com\\\/?p=96139#article\",\"isPartOf\":{\"@id\":\"https:\\\/\\\/lospoliticosveracruz.com\\\/?p=96139\"},\"author\":{\"name\":\"Lo viste en Los Pol\u00edticos\",\"@id\":\"https:\\\/\\\/lospoliticosveracruz.com\\\/#\\\/schema\\\/person\\\/b8702bb0e538456e6efd07080bf2a4a2\"},\"headline\":\"CUIC, \u201cACRIBILLADO\u201d\",\"datePublished\":\"2022-09-29T23:37:54+00:00\",\"dateModified\":\"2022-09-29T23:38:00+00:00\",\"mainEntityOfPage\":{\"@id\":\"https:\\\/\\\/lospoliticosveracruz.com\\\/?p=96139\"},\"wordCount\":683,\"publisher\":{\"@id\":\"https:\\\/\\\/lospoliticosveracruz.com\\\/#organization\"},\"keywords\":[\"Coatzacoalcos\",\"Salvador Mu\u00f1oz\"],\"articleSection\":[\"De Opini\u00f3n\"],\"inLanguage\":\"es\"},{\"@type\":\"WebPage\",\"@id\":\"https:\\\/\\\/lospoliticosveracruz.com\\\/?p=96139\",\"url\":\"https:\\\/\\\/lospoliticosveracruz.com\\\/?p=96139\",\"name\":\"CUIC, \u201cACRIBILLADO\u201d - Los pol\u00edticos Veracruz\",\"isPartOf\":{\"@id\":\"https:\\\/\\\/lospoliticosveracruz.com\\\/#website\"},\"datePublished\":\"2022-09-29T23:37:54+00:00\",\"dateModified\":\"2022-09-29T23:38:00+00:00\",\"breadcrumb\":{\"@id\":\"https:\\\/\\\/lospoliticosveracruz.com\\\/?p=96139#breadcrumb\"},\"inLanguage\":\"es\",\"potentialAction\":[{\"@type\":\"ReadAction\",\"target\":[\"https:\\\/\\\/lospoliticosveracruz.com\\\/?p=96139\"]}]},{\"@type\":\"BreadcrumbList\",\"@id\":\"https:\\\/\\\/lospoliticosveracruz.com\\\/?p=96139#breadcrumb\",\"itemListElement\":[{\"@type\":\"ListItem\",\"position\":1,\"name\":\"Portada\",\"item\":\"https:\\\/\\\/lospoliticosveracruz.com\\\/\"},{\"@type\":\"ListItem\",\"position\":2,\"name\":\"CUIC, \u201cACRIBILLADO\u201d\"}]},{\"@type\":\"WebSite\",\"@id\":\"https:\\\/\\\/lospoliticosveracruz.com\\\/#website\",\"url\":\"https:\\\/\\\/lospoliticosveracruz.com\\\/\",\"name\":\"Los pol\u00edticos Veracruz\",\"description\":\"\",\"publisher\":{\"@id\":\"https:\\\/\\\/lospoliticosveracruz.com\\\/#organization\"},\"potentialAction\":[{\"@type\":\"SearchAction\",\"target\":{\"@type\":\"EntryPoint\",\"urlTemplate\":\"https:\\\/\\\/lospoliticosveracruz.com\\\/?s={search_term_string}\"},\"query-input\":{\"@type\":\"PropertyValueSpecification\",\"valueRequired\":true,\"valueName\":\"search_term_string\"}}],\"inLanguage\":\"es\"},{\"@type\":\"Organization\",\"@id\":\"https:\\\/\\\/lospoliticosveracruz.com\\\/#organization\",\"name\":\"Los pol\u00edticos Veracruz\",\"url\":\"https:\\\/\\\/lospoliticosveracruz.com\\\/\",\"logo\":{\"@type\":\"ImageObject\",\"inLanguage\":\"es\",\"@id\":\"https:\\\/\\\/lospoliticosveracruz.com\\\/#\\\/schema\\\/logo\\\/image\\\/\",\"url\":\"https:\\\/\\\/lospoliticosveracruz.com\\\/wp-content\\\/uploads\\\/2025\\\/12\\\/Logo-Nuevo-LOS-POLITICOS-1.jpg\",\"contentUrl\":\"https:\\\/\\\/lospoliticosveracruz.com\\\/wp-content\\\/uploads\\\/2025\\\/12\\\/Logo-Nuevo-LOS-POLITICOS-1.jpg\",\"width\":260,\"height\":70,\"caption\":\"Los pol\u00edticos Veracruz\"},\"image\":{\"@id\":\"https:\\\/\\\/lospoliticosveracruz.com\\\/#\\\/schema\\\/logo\\\/image\\\/\"},\"sameAs\":[\"https:\\\/\\\/www.facebook.com\\\/people\\\/Notimemes-de-los-Polticos\\\/61565672886568\\\/\",\"https:\\\/\\\/x.com\\\/LosPoliticosVer\"]},{\"@type\":\"Person\",\"@id\":\"https:\\\/\\\/lospoliticosveracruz.com\\\/#\\\/schema\\\/person\\\/b8702bb0e538456e6efd07080bf2a4a2\",\"name\":\"Lo viste en Los Pol\u00edticos\",\"image\":{\"@type\":\"ImageObject\",\"inLanguage\":\"es\",\"@id\":\"https:\\\/\\\/secure.gravatar.com\\\/avatar\\\/3a8de04a2656d44082be478bd6c086daa447c4651605818287b9532d3d0bd435?s=96&d=mm&r=g\",\"url\":\"https:\\\/\\\/secure.gravatar.com\\\/avatar\\\/3a8de04a2656d44082be478bd6c086daa447c4651605818287b9532d3d0bd435?s=96&d=mm&r=g\",\"contentUrl\":\"https:\\\/\\\/secure.gravatar.com\\\/avatar\\\/3a8de04a2656d44082be478bd6c086daa447c4651605818287b9532d3d0bd435?s=96&d=mm&r=g\",\"caption\":\"Lo viste en Los Pol\u00edticos\"},\"url\":\"https:\\\/\\\/lospoliticosveracruz.com\\\/?author=2\"}]}<\/script>\n<!-- \/ Yoast SEO plugin. -->","yoast_head_json":{"title":"CUIC, \u201cACRIBILLADO\u201d - Los pol\u00edticos Veracruz","robots":{"index":"index","follow":"follow","max-snippet":"max-snippet:-1","max-image-preview":"max-image-preview:large","max-video-preview":"max-video-preview:-1"},"canonical":"https:\/\/lospoliticosveracruz.com\/?p=96139","og_locale":"es_ES","og_type":"article","og_title":"CUIC, \u201cACRIBILLADO\u201d - Los pol\u00edticos Veracruz","og_description":"Salvador Mu\u00f1oz Los Pol\u00edticos \u00bfQu\u00e9 pueden tener en com\u00fan una criba, el Gober Cuic y una buena taza de caf\u00e9? Pudiera ser que nada pero\u2026 Mientras me tomaba una taza de caf\u00e9, escuchaba al Gober que correg\u00eda a la prensa en los datos de uno de los tantos hechos lamentables que han sacudido nuestra entidad: [&hellip;]","og_url":"https:\/\/lospoliticosveracruz.com\/?p=96139","og_site_name":"Los pol\u00edticos Veracruz","article_publisher":"https:\/\/www.facebook.com\/people\/Notimemes-de-los-Polticos\/61565672886568\/","article_published_time":"2022-09-29T23:37:54+00:00","article_modified_time":"2022-09-29T23:38:00+00:00","og_image":[{"width":200,"height":200,"url":"https:\/\/lospoliticosveracruz.com\/wp-content\/uploads\/2016\/07\/Logo-Dor.jpg","type":"image\/jpeg"}],"author":"Lo viste en Los Pol\u00edticos","twitter_card":"summary_large_image","twitter_creator":"@LosPoliticosVer","twitter_site":"@LosPoliticosVer","twitter_misc":{"Escrito por":"Lo viste en Los Pol\u00edticos","Tiempo de lectura":"3 minutos"},"schema":{"@context":"https:\/\/schema.org","@graph":[{"@type":"Article","@id":"https:\/\/lospoliticosveracruz.com\/?p=96139#article","isPartOf":{"@id":"https:\/\/lospoliticosveracruz.com\/?p=96139"},"author":{"name":"Lo viste en Los Pol\u00edticos","@id":"https:\/\/lospoliticosveracruz.com\/#\/schema\/person\/b8702bb0e538456e6efd07080bf2a4a2"},"headline":"CUIC, \u201cACRIBILLADO\u201d","datePublished":"2022-09-29T23:37:54+00:00","dateModified":"2022-09-29T23:38:00+00:00","mainEntityOfPage":{"@id":"https:\/\/lospoliticosveracruz.com\/?p=96139"},"wordCount":683,"publisher":{"@id":"https:\/\/lospoliticosveracruz.com\/#organization"},"keywords":["Coatzacoalcos","Salvador Mu\u00f1oz"],"articleSection":["De Opini\u00f3n"],"inLanguage":"es"},{"@type":"WebPage","@id":"https:\/\/lospoliticosveracruz.com\/?p=96139","url":"https:\/\/lospoliticosveracruz.com\/?p=96139","name":"CUIC, \u201cACRIBILLADO\u201d - Los pol\u00edticos Veracruz","isPartOf":{"@id":"https:\/\/lospoliticosveracruz.com\/#website"},"datePublished":"2022-09-29T23:37:54+00:00","dateModified":"2022-09-29T23:38:00+00:00","breadcrumb":{"@id":"https:\/\/lospoliticosveracruz.com\/?p=96139#breadcrumb"},"inLanguage":"es","potentialAction":[{"@type":"ReadAction","target":["https:\/\/lospoliticosveracruz.com\/?p=96139"]}]},{"@type":"BreadcrumbList","@id":"https:\/\/lospoliticosveracruz.com\/?p=96139#breadcrumb","itemListElement":[{"@type":"ListItem","position":1,"name":"Portada","item":"https:\/\/lospoliticosveracruz.com\/"},{"@type":"ListItem","position":2,"name":"CUIC, \u201cACRIBILLADO\u201d"}]},{"@type":"WebSite","@id":"https:\/\/lospoliticosveracruz.com\/#website","url":"https:\/\/lospoliticosveracruz.com\/","name":"Los pol\u00edticos Veracruz","description":"","publisher":{"@id":"https:\/\/lospoliticosveracruz.com\/#organization"},"potentialAction":[{"@type":"SearchAction","target":{"@type":"EntryPoint","urlTemplate":"https:\/\/lospoliticosveracruz.com\/?s={search_term_string}"},"query-input":{"@type":"PropertyValueSpecification","valueRequired":true,"valueName":"search_term_string"}}],"inLanguage":"es"},{"@type":"Organization","@id":"https:\/\/lospoliticosveracruz.com\/#organization","name":"Los pol\u00edticos Veracruz","url":"https:\/\/lospoliticosveracruz.com\/","logo":{"@type":"ImageObject","inLanguage":"es","@id":"https:\/\/lospoliticosveracruz.com\/#\/schema\/logo\/image\/","url":"https:\/\/lospoliticosveracruz.com\/wp-content\/uploads\/2025\/12\/Logo-Nuevo-LOS-POLITICOS-1.jpg","contentUrl":"https:\/\/lospoliticosveracruz.com\/wp-content\/uploads\/2025\/12\/Logo-Nuevo-LOS-POLITICOS-1.jpg","width":260,"height":70,"caption":"Los pol\u00edticos Veracruz"},"image":{"@id":"https:\/\/lospoliticosveracruz.com\/#\/schema\/logo\/image\/"},"sameAs":["https:\/\/www.facebook.com\/people\/Notimemes-de-los-Polticos\/61565672886568\/","https:\/\/x.com\/LosPoliticosVer"]},{"@type":"Person","@id":"https:\/\/lospoliticosveracruz.com\/#\/schema\/person\/b8702bb0e538456e6efd07080bf2a4a2","name":"Lo viste en Los Pol\u00edticos","image":{"@type":"ImageObject","inLanguage":"es","@id":"https:\/\/secure.gravatar.com\/avatar\/3a8de04a2656d44082be478bd6c086daa447c4651605818287b9532d3d0bd435?s=96&d=mm&r=g","url":"https:\/\/secure.gravatar.com\/avatar\/3a8de04a2656d44082be478bd6c086daa447c4651605818287b9532d3d0bd435?s=96&d=mm&r=g","contentUrl":"https:\/\/secure.gravatar.com\/avatar\/3a8de04a2656d44082be478bd6c086daa447c4651605818287b9532d3d0bd435?s=96&d=mm&r=g","caption":"Lo viste en Los Pol\u00edticos"},"url":"https:\/\/lospoliticosveracruz.com\/?author=2"}]}},"_links":{"self":[{"href":"https:\/\/lospoliticosveracruz.com\/index.php?rest_route=\/wp\/v2\/posts\/96139","targetHints":{"allow":["GET"]}}],"collection":[{"href":"https:\/\/lospoliticosveracruz.com\/index.php?rest_route=\/wp\/v2\/posts"}],"about":[{"href":"https:\/\/lospoliticosveracruz.com\/index.php?rest_route=\/wp\/v2\/types\/post"}],"author":[{"embeddable":true,"href":"https:\/\/lospoliticosveracruz.com\/index.php?rest_route=\/wp\/v2\/users\/2"}],"replies":[{"embeddable":true,"href":"https:\/\/lospoliticosveracruz.com\/index.php?rest_route=%2Fwp%2Fv2%2Fcomments&post=96139"}],"version-history":[{"count":1,"href":"https:\/\/lospoliticosveracruz.com\/index.php?rest_route=\/wp\/v2\/posts\/96139\/revisions"}],"predecessor-version":[{"id":96141,"href":"https:\/\/lospoliticosveracruz.com\/index.php?rest_route=\/wp\/v2\/posts\/96139\/revisions\/96141"}],"wp:attachment":[{"href":"https:\/\/lospoliticosveracruz.com\/index.php?rest_route=%2Fwp%2Fv2%2Fmedia&parent=96139"}],"wp:term":[{"taxonomy":"category","embeddable":true,"href":"https:\/\/lospoliticosveracruz.com\/index.php?rest_route=%2Fwp%2Fv2%2Fcategories&post=96139"},{"taxonomy":"post_tag","embeddable":true,"href":"https:\/\/lospoliticosveracruz.com\/index.php?rest_route=%2Fwp%2Fv2%2Ftags&post=96139"}],"curies":[{"name":"wp","href":"https:\/\/api.w.org\/{rel}","templated":true}]}}