{"id":96296,"date":"2022-10-03T16:25:20","date_gmt":"2022-10-03T21:25:20","guid":{"rendered":"https:\/\/lospoliticosveracruz.com.mx\/?p=96296"},"modified":"2022-10-03T16:25:25","modified_gmt":"2022-10-03T21:25:25","slug":"el-tiempo-que-te-quede-libre","status":"publish","type":"post","link":"https:\/\/lospoliticosveracruz.com\/?p=96296","title":{"rendered":"EL TIEMPO QUE TE QUEDE LIBRE"},"content":{"rendered":"\n<p><strong>Jorge Arturo Rodr\u00edguez<br><\/strong><em>Tierra de Babel<\/em><\/p>\n\n\n\n<p>\u201cApenas son suficientes mil a\u00f1os para formar un Estado; pero puede bastar una hora para reducirlo a polvo\u201d. (Lord Byron).<\/p>\n\n\n\n<p>Aperitivo 1: Luego de afirmar que terminando su sexenio se retirar\u00e1 de la vida p\u00fablica por completo, el presidente de M\u00e9xico, Andr\u00e9s Manuel L\u00f3pez Obrador, sostuvo: \u201cPara los j\u00f3venes y para los partidos: formaci\u00f3n pol\u00edtica con principios y con ideales, porque si no domina el pragmatismo y no se puede transformar sin ideales; entonces, un partido que no forma a sus militantes, sobre todo a sus j\u00f3venes con ideales, con principios, no dura, fracasa porque se convierte en un instrumento para buscar cargos (\u2026) se necesitan ideales, principios, si no se vuelve un agrupamiento de ambiciosos vulgares, un partido\u201d. \u00bfBrujo? \u00bfLo dijo al tanteo? \u00bfO ya los zopilotes andan revoloteando? No, no, no, seguro tiene otros datos. Ah\u00ed veremos, dijo el ciego.<br>Aperitivo 2: \u201cEn la regi\u00f3n de Los Altos de Chiapas, donde la mayor\u00eda de su poblaci\u00f3n es ind\u00edgena y rural, y donde Coca-Cola tiene una planta embotelladora en el municipio de San Crist\u00f3bal de las Casas, el consumo de esta marca es aplastantemente mayoritario respecto a la competencia ya desde temprana edad de la poblaci\u00f3n. Al 3% de ni\u00f1os menores de seis meses, sus madres les dan Coca-Cola, en un momento que solo deben tomar leche materna. Coca-Cola es el producto m\u00e1s disponible en Los Altos, uno tiene que caminar m\u00e1s distancia para comprar tortillas o cualquier otra cosa. La cantidad de puntos de venta es excesiva, sin ning\u00fan control, y con precios reducidos hasta el 30%\u201d. (Dr. Marcos Arana, investigador del Instituto Nacional de Ciencias M\u00e9dicas y de la Nutrici\u00f3n Salvador Zubir\u00e1n\u201d). \u00bfQu\u00e9 es primero, el agua o la Coca-Cola?<\/p>\n\n\n\n<p>Con o sin horario de Dios (Amlo dixit); con o sin reloj de Dios (Jorge Alcocer dixit), llegado un instante el tiempo se nos acaba y la pregunta, necia, es: \u201c\u00bfQu\u00e9 hemos hecho con nuestro tiempo?\u201d Con o sin reloj de manecillas, el tiempo nos consume, dicen. Entonces uno ya no sabe si es cierto o falso que el tiempo todo lo marchita, hasta la dicha. O por ah\u00ed va el asunto. Mientras, repito, se nos acaba el tiempo, \u201cestamos literalmente aproxim\u00e1ndonos al punto de no retorno. Observa lo que est\u00e1 ocurriendo en el mundo con el cambio clim\u00e1tico. Es aterrorizante. Somos parte del mundo natural y dependemos de ecosistemas saludables\u201d, se\u00f1al\u00f3 en entrevista la primat\u00f3loga Jane Goodall. \u00bfHay espacio para el optimismo?, me pregunto a cada instante\u2026 V\u00e1lgame Dios, otra vez el tiempo.<br>Bueno \u2013\u00bfo malo?-, los \u00fanicos interesados en cambiar el mundo son los pesimistas, porque los optimistas est\u00e1n encantados con lo que hay, escribe Jos\u00e9 Saramago. Y Antonio Gala dice: \u201cNo soy pesimista. Soy un optimista bien informado\u201d. \u00bfEntiendes, M\u00e9ndez? \u00bfO te explico, Federico? Seamos m\u00e1s precisos, pues. A la pregunta de si soy optimista o pesimista, yo respondo que mi conocimiento es pesimista, pero mi voluntad y mi esperanza son optimistas, dijera Albert Schweitzer. Y mI admirado Gilbert Keith Chesterton menciona que el optimista es aquel que cree que todo est\u00e1 bien menos el pesimista; y, pesimista, aquel que cree que todo est\u00e1 mal, excepto \u00e9l mismo.<br>Quiz\u00e1s quedamos en las mismas o peor. \u00bfQu\u00e9 otra cosa se puede pedir al mundo acelerado? Quiz\u00e1s los pol\u00edticos deber\u00edan analizar lo que dijo Sir Francis Bacon: \u201cLo malo cuando se finge bueno, es p\u00e9simo\u201d.<br>Parece que me alejo del tema, pero no tanto. Jos\u00e9 A. Lozano D\u00edez, en entrevista con Joaqu\u00edn L\u00f3pez D\u00f3riga, se pregunt\u00f3: \u201c\u00bfCon quien pasas t\u00fa tiempo?\u201d. Y plante\u00f3: \u201c\u00bfCu\u00e1ntas veces analizamos con qui\u00e9n pasamos el tiempo? \u00bfCu\u00e1nto tiempo pasamos con ellos y qu\u00e9 dejan en nuestras vidas? Muchas veces las personas con las que deber\u00edamos estar, las ignoramos, y las personas que quiz\u00e1 no hacen tanto bien a nuestra vida, son las que tenemos cerca\u201d. \u00bfC\u00f3mo les qued\u00f3 el ojo?<br>Antes de lamentarnos\u2026 mejor pensar, gozar, crear, vivir\u2026 \u201cEl tiempo que te quede libre, ded\u00edcalo a m\u00ed\u2026\u201d La novelista Joy Williams hace poco expres\u00f3: \u201cMientras nos distraemos, el mundo se acaba\u201d. Y agreg\u00f3: \u201cEl ser humano es incapaz de cambiar\u201d. \u00bfSer\u00e1? Al tiempo.<\/p>\n\n\n\n<p><strong>Los d\u00edas y los temas<\/strong><\/p>\n\n\n\n<p>Del libro Una novela rusa, de Emmanuel Carr\u00e8re: \u201cMi amigo P\u00e1vel me cuenta una historia jud\u00eda. Abraham suplica a Yav\u00e9: \u201c\u00a1Yav\u00e9, me gustar\u00eda tanto ganar alg\u00fan d\u00eda la loter\u00eda! Te lo suplico, Yav\u00e9, te lo imploro, te lo pido desde hace tanto tiempo, conc\u00e9demelo, una sola vez, y no volver\u00e9 a pedirte nada. Yav\u00e9, haz que gane la loter\u00eda. Llora, se arrodilla, se retuerce las manos. Al final Yav\u00e9 sale de las nubes y dice: Abraham, te he o\u00eddo y quiero complacerte. Pero te ruego me des una oportunidad. Por una vez en la vida, una sola vez, \u00a1c\u00f3mprate un d\u00e9cimo!<br>Yo que pido sin cesar que me liberen, me digo que escribir en ruso es comprar mi d\u00e9cimo, dar a Dios una oportunidad de que me salve\u201d.<br>Demos una oportunidad a Dios. Pero hagamos algo, carajos, para bien de la humanidad.<br>Ah\u00ed est\u00e1 la tarea.<\/p>\n\n\n\n<p><strong>De cinismo y anexas<\/strong><\/p>\n\n\n\n<p>Para no variarle y sigan encabron\u00e1ndose mis detractores, aqu\u00ed les dejo unos desempances literarios.<\/p>\n\n\n\n<p>*La felicidad, el conocimiento, en este lugar, no en otro, en esta hora, no en otra hora. (Walt Whitman).<br>*Todo lo que realmente nos pertenece es el tiempo; incluso el que no tiene nada m\u00e1s, lo posee. (Baltasar Graci\u00e1n).<br>*Cuando llega el tiempo en que se podr\u00eda, ha pasado el tiempo en que se pudo. (Marie von Ebner-Eschenbach).<br>*El valor supremo no es el futuro sino el presente; el futuro es un tiempo falaz que siempre nos dice \u201ctodav\u00eda no es hora\u201d. (Octavio Paz).<br>*Por muy lentamente que os parezca que pasan las horas, os parecer\u00e1n cortas si pens\u00e1is que nunca m\u00e1s han de volver a pasar. (Aldous Huxley).<br>|Ah\u00ed se ven.<\/p>\n","protected":false},"excerpt":{"rendered":"<p>Jorge Arturo Rodr\u00edguezTierra de Babel \u201cApenas son suficientes mil a\u00f1os para formar un Estado; pero puede bastar una hora para reducirlo a polvo\u201d. (Lord Byron). Aperitivo 1: Luego de afirmar que terminando su sexenio se retirar\u00e1 de la vida p\u00fablica por completo, el presidente de M\u00e9xico, Andr\u00e9s Manuel L\u00f3pez Obrador, sostuvo: \u201cPara los j\u00f3venes y [&hellip;]<\/p>\n","protected":false},"author":2,"featured_media":0,"comment_status":"closed","ping_status":"closed","sticky":false,"template":"","format":"standard","meta":{"tdm_status":"","tdm_grid_status":"","footnotes":""},"categories":[70],"tags":[6725,618,35502,15210,2677,1026],"class_list":{"0":"post-96296","1":"post","2":"type-post","3":"status-publish","4":"format-standard","6":"category-de-opinion","7":"tag-agua","8":"tag-andres-manuel-lopez-obrador","9":"tag-coca-cola-2","10":"tag-jorge-alcocer","11":"tag-jorge-arturo-rodriguez","12":"tag-morena"},"yoast_head":"<!-- This site is optimized with the Yoast SEO plugin v27.4 - https:\/\/yoast.com\/product\/yoast-seo-wordpress\/ -->\n<title>EL TIEMPO QUE TE QUEDE LIBRE - Los pol\u00edticos Veracruz<\/title>\n<meta name=\"robots\" content=\"index, follow, max-snippet:-1, max-image-preview:large, max-video-preview:-1\" \/>\n<link rel=\"canonical\" href=\"https:\/\/lospoliticosveracruz.com\/?p=96296\" \/>\n<meta property=\"og:locale\" content=\"es_ES\" \/>\n<meta property=\"og:type\" content=\"article\" \/>\n<meta property=\"og:title\" content=\"EL TIEMPO QUE TE QUEDE LIBRE - Los pol\u00edticos Veracruz\" \/>\n<meta property=\"og:description\" content=\"Jorge Arturo Rodr\u00edguezTierra de Babel \u201cApenas son suficientes mil a\u00f1os para formar un Estado; pero puede bastar una hora para reducirlo a polvo\u201d. (Lord Byron). Aperitivo 1: Luego de afirmar que terminando su sexenio se retirar\u00e1 de la vida p\u00fablica por completo, el presidente de M\u00e9xico, Andr\u00e9s Manuel L\u00f3pez Obrador, sostuvo: \u201cPara los j\u00f3venes y [&hellip;]\" \/>\n<meta property=\"og:url\" content=\"https:\/\/lospoliticosveracruz.com\/?p=96296\" \/>\n<meta property=\"og:site_name\" content=\"Los pol\u00edticos Veracruz\" \/>\n<meta property=\"article:publisher\" content=\"https:\/\/www.facebook.com\/people\/Notimemes-de-los-Polticos\/61565672886568\/\" \/>\n<meta property=\"article:published_time\" content=\"2022-10-03T21:25:20+00:00\" \/>\n<meta property=\"article:modified_time\" content=\"2022-10-03T21:25:25+00:00\" \/>\n<meta property=\"og:image\" content=\"https:\/\/lospoliticosveracruz.com\/wp-content\/uploads\/2016\/07\/Logo-Dor.jpg\" \/>\n\t<meta property=\"og:image:width\" content=\"200\" \/>\n\t<meta property=\"og:image:height\" content=\"200\" \/>\n\t<meta property=\"og:image:type\" content=\"image\/jpeg\" \/>\n<meta name=\"author\" content=\"Lo viste en Los Pol\u00edticos\" \/>\n<meta name=\"twitter:card\" content=\"summary_large_image\" \/>\n<meta name=\"twitter:creator\" content=\"@LosPoliticosVer\" \/>\n<meta name=\"twitter:site\" content=\"@LosPoliticosVer\" \/>\n<meta name=\"twitter:label1\" content=\"Escrito por\" \/>\n\t<meta name=\"twitter:data1\" content=\"Lo viste en Los Pol\u00edticos\" \/>\n\t<meta name=\"twitter:label2\" content=\"Tiempo de lectura\" \/>\n\t<meta name=\"twitter:data2\" content=\"5 minutos\" \/>\n<script type=\"application\/ld+json\" class=\"yoast-schema-graph\">{\"@context\":\"https:\\\/\\\/schema.org\",\"@graph\":[{\"@type\":\"Article\",\"@id\":\"https:\\\/\\\/lospoliticosveracruz.com\\\/?p=96296#article\",\"isPartOf\":{\"@id\":\"https:\\\/\\\/lospoliticosveracruz.com\\\/?p=96296\"},\"author\":{\"name\":\"Lo viste en Los Pol\u00edticos\",\"@id\":\"https:\\\/\\\/lospoliticosveracruz.com\\\/#\\\/schema\\\/person\\\/b8702bb0e538456e6efd07080bf2a4a2\"},\"headline\":\"EL TIEMPO QUE TE QUEDE LIBRE\",\"datePublished\":\"2022-10-03T21:25:20+00:00\",\"dateModified\":\"2022-10-03T21:25:25+00:00\",\"mainEntityOfPage\":{\"@id\":\"https:\\\/\\\/lospoliticosveracruz.com\\\/?p=96296\"},\"wordCount\":1039,\"publisher\":{\"@id\":\"https:\\\/\\\/lospoliticosveracruz.com\\\/#organization\"},\"keywords\":[\"Agua\",\"Andr\u00e9s Manuel L\u00f3pez Obrador\",\"Coca-Cola\",\"Jorge Alcocer\",\"Jorge Arturo Rodr\u00edguez\",\"Morena\"],\"articleSection\":[\"De Opini\u00f3n\"],\"inLanguage\":\"es\"},{\"@type\":\"WebPage\",\"@id\":\"https:\\\/\\\/lospoliticosveracruz.com\\\/?p=96296\",\"url\":\"https:\\\/\\\/lospoliticosveracruz.com\\\/?p=96296\",\"name\":\"EL TIEMPO QUE TE QUEDE LIBRE - Los pol\u00edticos Veracruz\",\"isPartOf\":{\"@id\":\"https:\\\/\\\/lospoliticosveracruz.com\\\/#website\"},\"datePublished\":\"2022-10-03T21:25:20+00:00\",\"dateModified\":\"2022-10-03T21:25:25+00:00\",\"breadcrumb\":{\"@id\":\"https:\\\/\\\/lospoliticosveracruz.com\\\/?p=96296#breadcrumb\"},\"inLanguage\":\"es\",\"potentialAction\":[{\"@type\":\"ReadAction\",\"target\":[\"https:\\\/\\\/lospoliticosveracruz.com\\\/?p=96296\"]}]},{\"@type\":\"BreadcrumbList\",\"@id\":\"https:\\\/\\\/lospoliticosveracruz.com\\\/?p=96296#breadcrumb\",\"itemListElement\":[{\"@type\":\"ListItem\",\"position\":1,\"name\":\"Portada\",\"item\":\"https:\\\/\\\/lospoliticosveracruz.com\\\/\"},{\"@type\":\"ListItem\",\"position\":2,\"name\":\"EL TIEMPO QUE TE QUEDE LIBRE\"}]},{\"@type\":\"WebSite\",\"@id\":\"https:\\\/\\\/lospoliticosveracruz.com\\\/#website\",\"url\":\"https:\\\/\\\/lospoliticosveracruz.com\\\/\",\"name\":\"Los pol\u00edticos Veracruz\",\"description\":\"\",\"publisher\":{\"@id\":\"https:\\\/\\\/lospoliticosveracruz.com\\\/#organization\"},\"potentialAction\":[{\"@type\":\"SearchAction\",\"target\":{\"@type\":\"EntryPoint\",\"urlTemplate\":\"https:\\\/\\\/lospoliticosveracruz.com\\\/?s={search_term_string}\"},\"query-input\":{\"@type\":\"PropertyValueSpecification\",\"valueRequired\":true,\"valueName\":\"search_term_string\"}}],\"inLanguage\":\"es\"},{\"@type\":\"Organization\",\"@id\":\"https:\\\/\\\/lospoliticosveracruz.com\\\/#organization\",\"name\":\"Los pol\u00edticos Veracruz\",\"url\":\"https:\\\/\\\/lospoliticosveracruz.com\\\/\",\"logo\":{\"@type\":\"ImageObject\",\"inLanguage\":\"es\",\"@id\":\"https:\\\/\\\/lospoliticosveracruz.com\\\/#\\\/schema\\\/logo\\\/image\\\/\",\"url\":\"https:\\\/\\\/lospoliticosveracruz.com\\\/wp-content\\\/uploads\\\/2025\\\/12\\\/Logo-Nuevo-LOS-POLITICOS-1.jpg\",\"contentUrl\":\"https:\\\/\\\/lospoliticosveracruz.com\\\/wp-content\\\/uploads\\\/2025\\\/12\\\/Logo-Nuevo-LOS-POLITICOS-1.jpg\",\"width\":260,\"height\":70,\"caption\":\"Los pol\u00edticos Veracruz\"},\"image\":{\"@id\":\"https:\\\/\\\/lospoliticosveracruz.com\\\/#\\\/schema\\\/logo\\\/image\\\/\"},\"sameAs\":[\"https:\\\/\\\/www.facebook.com\\\/people\\\/Notimemes-de-los-Polticos\\\/61565672886568\\\/\",\"https:\\\/\\\/x.com\\\/LosPoliticosVer\"]},{\"@type\":\"Person\",\"@id\":\"https:\\\/\\\/lospoliticosveracruz.com\\\/#\\\/schema\\\/person\\\/b8702bb0e538456e6efd07080bf2a4a2\",\"name\":\"Lo viste en Los Pol\u00edticos\",\"image\":{\"@type\":\"ImageObject\",\"inLanguage\":\"es\",\"@id\":\"https:\\\/\\\/secure.gravatar.com\\\/avatar\\\/3a8de04a2656d44082be478bd6c086daa447c4651605818287b9532d3d0bd435?s=96&d=mm&r=g\",\"url\":\"https:\\\/\\\/secure.gravatar.com\\\/avatar\\\/3a8de04a2656d44082be478bd6c086daa447c4651605818287b9532d3d0bd435?s=96&d=mm&r=g\",\"contentUrl\":\"https:\\\/\\\/secure.gravatar.com\\\/avatar\\\/3a8de04a2656d44082be478bd6c086daa447c4651605818287b9532d3d0bd435?s=96&d=mm&r=g\",\"caption\":\"Lo viste en Los Pol\u00edticos\"},\"url\":\"https:\\\/\\\/lospoliticosveracruz.com\\\/?author=2\"}]}<\/script>\n<!-- \/ Yoast SEO plugin. -->","yoast_head_json":{"title":"EL TIEMPO QUE TE QUEDE LIBRE - Los pol\u00edticos Veracruz","robots":{"index":"index","follow":"follow","max-snippet":"max-snippet:-1","max-image-preview":"max-image-preview:large","max-video-preview":"max-video-preview:-1"},"canonical":"https:\/\/lospoliticosveracruz.com\/?p=96296","og_locale":"es_ES","og_type":"article","og_title":"EL TIEMPO QUE TE QUEDE LIBRE - Los pol\u00edticos Veracruz","og_description":"Jorge Arturo Rodr\u00edguezTierra de Babel \u201cApenas son suficientes mil a\u00f1os para formar un Estado; pero puede bastar una hora para reducirlo a polvo\u201d. (Lord Byron). Aperitivo 1: Luego de afirmar que terminando su sexenio se retirar\u00e1 de la vida p\u00fablica por completo, el presidente de M\u00e9xico, Andr\u00e9s Manuel L\u00f3pez Obrador, sostuvo: \u201cPara los j\u00f3venes y [&hellip;]","og_url":"https:\/\/lospoliticosveracruz.com\/?p=96296","og_site_name":"Los pol\u00edticos Veracruz","article_publisher":"https:\/\/www.facebook.com\/people\/Notimemes-de-los-Polticos\/61565672886568\/","article_published_time":"2022-10-03T21:25:20+00:00","article_modified_time":"2022-10-03T21:25:25+00:00","og_image":[{"width":200,"height":200,"url":"https:\/\/lospoliticosveracruz.com\/wp-content\/uploads\/2016\/07\/Logo-Dor.jpg","type":"image\/jpeg"}],"author":"Lo viste en Los Pol\u00edticos","twitter_card":"summary_large_image","twitter_creator":"@LosPoliticosVer","twitter_site":"@LosPoliticosVer","twitter_misc":{"Escrito por":"Lo viste en Los Pol\u00edticos","Tiempo de lectura":"5 minutos"},"schema":{"@context":"https:\/\/schema.org","@graph":[{"@type":"Article","@id":"https:\/\/lospoliticosveracruz.com\/?p=96296#article","isPartOf":{"@id":"https:\/\/lospoliticosveracruz.com\/?p=96296"},"author":{"name":"Lo viste en Los Pol\u00edticos","@id":"https:\/\/lospoliticosveracruz.com\/#\/schema\/person\/b8702bb0e538456e6efd07080bf2a4a2"},"headline":"EL TIEMPO QUE TE QUEDE LIBRE","datePublished":"2022-10-03T21:25:20+00:00","dateModified":"2022-10-03T21:25:25+00:00","mainEntityOfPage":{"@id":"https:\/\/lospoliticosveracruz.com\/?p=96296"},"wordCount":1039,"publisher":{"@id":"https:\/\/lospoliticosveracruz.com\/#organization"},"keywords":["Agua","Andr\u00e9s Manuel L\u00f3pez Obrador","Coca-Cola","Jorge Alcocer","Jorge Arturo Rodr\u00edguez","Morena"],"articleSection":["De Opini\u00f3n"],"inLanguage":"es"},{"@type":"WebPage","@id":"https:\/\/lospoliticosveracruz.com\/?p=96296","url":"https:\/\/lospoliticosveracruz.com\/?p=96296","name":"EL TIEMPO QUE TE QUEDE LIBRE - Los pol\u00edticos Veracruz","isPartOf":{"@id":"https:\/\/lospoliticosveracruz.com\/#website"},"datePublished":"2022-10-03T21:25:20+00:00","dateModified":"2022-10-03T21:25:25+00:00","breadcrumb":{"@id":"https:\/\/lospoliticosveracruz.com\/?p=96296#breadcrumb"},"inLanguage":"es","potentialAction":[{"@type":"ReadAction","target":["https:\/\/lospoliticosveracruz.com\/?p=96296"]}]},{"@type":"BreadcrumbList","@id":"https:\/\/lospoliticosveracruz.com\/?p=96296#breadcrumb","itemListElement":[{"@type":"ListItem","position":1,"name":"Portada","item":"https:\/\/lospoliticosveracruz.com\/"},{"@type":"ListItem","position":2,"name":"EL TIEMPO QUE TE QUEDE LIBRE"}]},{"@type":"WebSite","@id":"https:\/\/lospoliticosveracruz.com\/#website","url":"https:\/\/lospoliticosveracruz.com\/","name":"Los pol\u00edticos Veracruz","description":"","publisher":{"@id":"https:\/\/lospoliticosveracruz.com\/#organization"},"potentialAction":[{"@type":"SearchAction","target":{"@type":"EntryPoint","urlTemplate":"https:\/\/lospoliticosveracruz.com\/?s={search_term_string}"},"query-input":{"@type":"PropertyValueSpecification","valueRequired":true,"valueName":"search_term_string"}}],"inLanguage":"es"},{"@type":"Organization","@id":"https:\/\/lospoliticosveracruz.com\/#organization","name":"Los pol\u00edticos Veracruz","url":"https:\/\/lospoliticosveracruz.com\/","logo":{"@type":"ImageObject","inLanguage":"es","@id":"https:\/\/lospoliticosveracruz.com\/#\/schema\/logo\/image\/","url":"https:\/\/lospoliticosveracruz.com\/wp-content\/uploads\/2025\/12\/Logo-Nuevo-LOS-POLITICOS-1.jpg","contentUrl":"https:\/\/lospoliticosveracruz.com\/wp-content\/uploads\/2025\/12\/Logo-Nuevo-LOS-POLITICOS-1.jpg","width":260,"height":70,"caption":"Los pol\u00edticos Veracruz"},"image":{"@id":"https:\/\/lospoliticosveracruz.com\/#\/schema\/logo\/image\/"},"sameAs":["https:\/\/www.facebook.com\/people\/Notimemes-de-los-Polticos\/61565672886568\/","https:\/\/x.com\/LosPoliticosVer"]},{"@type":"Person","@id":"https:\/\/lospoliticosveracruz.com\/#\/schema\/person\/b8702bb0e538456e6efd07080bf2a4a2","name":"Lo viste en Los Pol\u00edticos","image":{"@type":"ImageObject","inLanguage":"es","@id":"https:\/\/secure.gravatar.com\/avatar\/3a8de04a2656d44082be478bd6c086daa447c4651605818287b9532d3d0bd435?s=96&d=mm&r=g","url":"https:\/\/secure.gravatar.com\/avatar\/3a8de04a2656d44082be478bd6c086daa447c4651605818287b9532d3d0bd435?s=96&d=mm&r=g","contentUrl":"https:\/\/secure.gravatar.com\/avatar\/3a8de04a2656d44082be478bd6c086daa447c4651605818287b9532d3d0bd435?s=96&d=mm&r=g","caption":"Lo viste en Los Pol\u00edticos"},"url":"https:\/\/lospoliticosveracruz.com\/?author=2"}]}},"_links":{"self":[{"href":"https:\/\/lospoliticosveracruz.com\/index.php?rest_route=\/wp\/v2\/posts\/96296","targetHints":{"allow":["GET"]}}],"collection":[{"href":"https:\/\/lospoliticosveracruz.com\/index.php?rest_route=\/wp\/v2\/posts"}],"about":[{"href":"https:\/\/lospoliticosveracruz.com\/index.php?rest_route=\/wp\/v2\/types\/post"}],"author":[{"embeddable":true,"href":"https:\/\/lospoliticosveracruz.com\/index.php?rest_route=\/wp\/v2\/users\/2"}],"replies":[{"embeddable":true,"href":"https:\/\/lospoliticosveracruz.com\/index.php?rest_route=%2Fwp%2Fv2%2Fcomments&post=96296"}],"version-history":[{"count":1,"href":"https:\/\/lospoliticosveracruz.com\/index.php?rest_route=\/wp\/v2\/posts\/96296\/revisions"}],"predecessor-version":[{"id":96298,"href":"https:\/\/lospoliticosveracruz.com\/index.php?rest_route=\/wp\/v2\/posts\/96296\/revisions\/96298"}],"wp:attachment":[{"href":"https:\/\/lospoliticosveracruz.com\/index.php?rest_route=%2Fwp%2Fv2%2Fmedia&parent=96296"}],"wp:term":[{"taxonomy":"category","embeddable":true,"href":"https:\/\/lospoliticosveracruz.com\/index.php?rest_route=%2Fwp%2Fv2%2Fcategories&post=96296"},{"taxonomy":"post_tag","embeddable":true,"href":"https:\/\/lospoliticosveracruz.com\/index.php?rest_route=%2Fwp%2Fv2%2Ftags&post=96296"}],"curies":[{"name":"wp","href":"https:\/\/api.w.org\/{rel}","templated":true}]}}