{"id":96311,"date":"2022-10-04T07:30:03","date_gmt":"2022-10-04T12:30:03","guid":{"rendered":"https:\/\/lospoliticosveracruz.com.mx\/?p=96311"},"modified":"2022-10-04T07:30:08","modified_gmt":"2022-10-04T12:30:08","slug":"lima-franco-o-zenyazen-en-lugar-de-rocio","status":"publish","type":"post","link":"https:\/\/lospoliticosveracruz.com\/?p=96311","title":{"rendered":"\u00bfLIMA FRANCO O ZENYAZEN EN LUGAR DE ROC\u00cdO?"},"content":{"rendered":"\n<p><strong>Bernardo Guti\u00e9rrez Parra<\/strong>\u00a0<\/p>\n\n\n\n<p><em>Desde el Caf\u00e9\u00a0<\/em><\/p>\n\n\n\n<p>En su columna de hoy, mi compa\u00f1ero y amigo Quirino Moreno dice: \u201cEl gobernador Cuitl\u00e1huac Garc\u00eda deber\u00eda evitar que le impongan candidatos desde el altiplano y desarrollar a los suyos\u2026 En su equipo hay gente como Enrique Nach\u00f3n, Jos\u00e9 Luis Lima Franco y uno que otro m\u00e1s que podr\u00edan dar el ancho para cargos de elecci\u00f3n popular\u2026 A esos los podr\u00eda juntar con Zenyazen Escobar y Manuel Huerta para ponerlos en el escenario pol\u00edtico adecuado para 2024\u2026\u201d.\u00a0<\/p>\n\n\n\n<figure class=\"wp-block-image size-full\"><a href=\"https:\/\/lospoliticosveracruz.com.mx\/wp-content\/uploads\/2022\/05\/Seguro-Julio-Cerecedo.jpg\"><img decoding=\"async\" src=\"https:\/\/lospoliticosveracruz.com.mx\/wp-content\/uploads\/2022\/05\/Seguro-Julio-Cerecedo.jpg\" alt=\"\" class=\"wp-image-90414\"\/><\/a><\/figure>\n\n\n\n<p>Eso s\u00f3lo dos veces se ha visto en Veracruz. La primera cuando Miguel Alem\u00e1n escogi\u00f3 a Fidel Herrera para sucederlo en el cargo. Y la segunda cuando Fidel Herrera escogi\u00f3 a Javier Duarte. Y as\u00ed nos fue.&nbsp;<\/p>\n\n\n\n<p>\u00bfPor qu\u00e9 lo hicieron? Porque en ambas ocasiones no hab\u00eda un presidente del PRI en la presidencia de la Rep\u00fablica.&nbsp;<\/p>\n\n\n\n<p>Alguna vez escrib\u00ed que a lo m\u00e1s a que puede aspirar Cuitl\u00e1huac es a que L\u00f3pez Obrador lo llame para decirle: \u201cEl candidato (o candidata) para Veracruz es Fulano o Fulana y te encargo que lo apoyes\u201d. Y al gobernador no le quedar\u00e1 de otra que obedecer sin chistar.&nbsp;<\/p>\n\n\n\n<p>Desde tiempo inmemorial y al parecer hasta que se acabe el mundo, quien designa y seguir\u00e1 designando a los candidatos a gobernador en este pa\u00eds es el presidente de la Rep\u00fablica en turno y nadie m\u00e1s.&nbsp;<\/p>\n\n\n\n<p>En el caso de Veracruz L\u00f3pez Obrador ya se decant\u00f3 por Roc\u00edo Nahle, aunque puede cambiar de parecer. Sabe que la zacatecana sigue sin levantar y la raza jarocha la repele al s\u00f3lo conjuro de su nombre.&nbsp;<\/p>\n\n\n\n<p>Andr\u00e9s Manuel necesita ganar otra vez en Veracruz porque de lo contrario su movimiento se cuartear\u00e1 y Roc\u00edo no es garant\u00eda de triunfo por mucho apoyo que est\u00e9 dispuesto a brindarle.<\/p>\n\n\n\n<p>De buena fuente s\u00e9 que el presidente L\u00f3pez Obrador tiene sobre su escritorio los expedientes de dos funcionarios que podr\u00edan ser su plan B. Uno es el secretario de Finanzas, Jos\u00e9 Luis Lima Franco y el otro el titular de la SEV, Zenyazen Escobar Garc\u00eda.<\/p>\n\n\n\n<p>Contra todos los pron\u00f3sticos (porque recibi\u00f3 una papa hirviendo) Lima Franco ha logrado sacar a flote las finanzas de un barco que estaba hundido al principio de esta administraci\u00f3n. El manejo que ha hecho de la deuda (pagar pero sin endeudar m\u00e1s) lo ha puesto en los ojos del tabasque\u00f1o.&nbsp; &nbsp; &nbsp;<\/p>\n\n\n\n<p>Zenyazen Escobar por su parte, le ha dado un impulso a la educaci\u00f3n como pocos titulares de esa cartera. Un punto destacado a su favor es la regularizaci\u00f3n de escrituras en escuelas que carec\u00edan de esos documentos. Algunas ten\u00edan 100 a\u00f1os as\u00ed.&nbsp;<\/p>\n\n\n\n<p>De ellos podr\u00eda salir el pr\u00f3ximo candidato a la gubernatura. Ambos son conocidos y ambos tienen la aceptaci\u00f3n de los morenistas porque han mostrado eficiencia en el ejercicio de sus encargos.&nbsp;<\/p>\n\n\n\n<p>Pero reitero lector, quien decidir\u00e1 ser\u00e1 L\u00f3pez Obrador.&nbsp;<\/p>\n\n\n\n<p>A Cuitl\u00e1huac le tocar\u00e1 (como lo han hecho todos los gobernadores salientes sin excepci\u00f3n) coordinar la campa\u00f1a de su futuro sucesor.&nbsp;<\/p>\n\n\n\n<p>bernardogup@hotmail.com<\/p>\n","protected":false},"excerpt":{"rendered":"<p>Bernardo Guti\u00e9rrez Parra\u00a0 Desde el Caf\u00e9\u00a0 En su columna de hoy, mi compa\u00f1ero y amigo Quirino Moreno dice: \u201cEl gobernador Cuitl\u00e1huac Garc\u00eda deber\u00eda evitar que le impongan candidatos desde el altiplano y desarrollar a los suyos\u2026 En su equipo hay gente como Enrique Nach\u00f3n, Jos\u00e9 Luis Lima Franco y uno que otro m\u00e1s que podr\u00edan [&hellip;]<\/p>\n","protected":false},"author":2,"featured_media":0,"comment_status":"closed","ping_status":"closed","sticky":false,"template":"","format":"standard","meta":{"tdm_status":"","tdm_grid_status":"","footnotes":""},"categories":[70],"tags":[34206,1563,15936,13713,1850,1026,195],"class_list":{"0":"post-96311","1":"post","2":"type-post","3":"status-publish","4":"format-standard","6":"category-de-opinion","7":"tag-bernardo-gutierrez-parra","8":"tag-cuitlahuac-garcia-jimenez","9":"tag-enrique-nachon","10":"tag-jose-luis-lima-franco","11":"tag-manuel-huerta-ladron-de-guevara","12":"tag-morena","13":"tag-veracruz"},"yoast_head":"<!-- This site is optimized with the Yoast SEO plugin v27.4 - https:\/\/yoast.com\/product\/yoast-seo-wordpress\/ -->\n<title>\u00bfLIMA FRANCO O ZENYAZEN EN LUGAR DE ROC\u00cdO? - Los pol\u00edticos Veracruz<\/title>\n<meta name=\"robots\" content=\"index, follow, max-snippet:-1, max-image-preview:large, max-video-preview:-1\" \/>\n<link rel=\"canonical\" href=\"https:\/\/lospoliticosveracruz.com\/?p=96311\" \/>\n<meta property=\"og:locale\" content=\"es_ES\" \/>\n<meta property=\"og:type\" content=\"article\" \/>\n<meta property=\"og:title\" content=\"\u00bfLIMA FRANCO O ZENYAZEN EN LUGAR DE ROC\u00cdO? - Los pol\u00edticos Veracruz\" \/>\n<meta property=\"og:description\" content=\"Bernardo Guti\u00e9rrez Parra\u00a0 Desde el Caf\u00e9\u00a0 En su columna de hoy, mi compa\u00f1ero y amigo Quirino Moreno dice: \u201cEl gobernador Cuitl\u00e1huac Garc\u00eda deber\u00eda evitar que le impongan candidatos desde el altiplano y desarrollar a los suyos\u2026 En su equipo hay gente como Enrique Nach\u00f3n, Jos\u00e9 Luis Lima Franco y uno que otro m\u00e1s que podr\u00edan [&hellip;]\" \/>\n<meta property=\"og:url\" content=\"https:\/\/lospoliticosveracruz.com\/?p=96311\" \/>\n<meta property=\"og:site_name\" content=\"Los pol\u00edticos Veracruz\" \/>\n<meta property=\"article:publisher\" content=\"https:\/\/www.facebook.com\/people\/Notimemes-de-los-Polticos\/61565672886568\/\" \/>\n<meta property=\"article:published_time\" content=\"2022-10-04T12:30:03+00:00\" \/>\n<meta property=\"article:modified_time\" content=\"2022-10-04T12:30:08+00:00\" \/>\n<meta property=\"og:image\" content=\"https:\/\/lospoliticosveracruz.com.mx\/wp-content\/uploads\/2022\/05\/Seguro-Julio-Cerecedo.jpg\" \/>\n<meta name=\"author\" content=\"Lo viste en Los Pol\u00edticos\" \/>\n<meta name=\"twitter:card\" content=\"summary_large_image\" \/>\n<meta name=\"twitter:creator\" content=\"@LosPoliticosVer\" \/>\n<meta name=\"twitter:site\" content=\"@LosPoliticosVer\" \/>\n<meta name=\"twitter:label1\" content=\"Escrito por\" \/>\n\t<meta name=\"twitter:data1\" content=\"Lo viste en Los Pol\u00edticos\" \/>\n\t<meta name=\"twitter:label2\" content=\"Tiempo de lectura\" \/>\n\t<meta name=\"twitter:data2\" content=\"3 minutos\" \/>\n<script type=\"application\/ld+json\" class=\"yoast-schema-graph\">{\"@context\":\"https:\\\/\\\/schema.org\",\"@graph\":[{\"@type\":\"Article\",\"@id\":\"https:\\\/\\\/lospoliticosveracruz.com\\\/?p=96311#article\",\"isPartOf\":{\"@id\":\"https:\\\/\\\/lospoliticosveracruz.com\\\/?p=96311\"},\"author\":{\"name\":\"Lo viste en Los Pol\u00edticos\",\"@id\":\"https:\\\/\\\/lospoliticosveracruz.com\\\/#\\\/schema\\\/person\\\/b8702bb0e538456e6efd07080bf2a4a2\"},\"headline\":\"\u00bfLIMA FRANCO O ZENYAZEN EN LUGAR DE ROC\u00cdO?\",\"datePublished\":\"2022-10-04T12:30:03+00:00\",\"dateModified\":\"2022-10-04T12:30:08+00:00\",\"mainEntityOfPage\":{\"@id\":\"https:\\\/\\\/lospoliticosveracruz.com\\\/?p=96311\"},\"wordCount\":558,\"publisher\":{\"@id\":\"https:\\\/\\\/lospoliticosveracruz.com\\\/#organization\"},\"image\":{\"@id\":\"https:\\\/\\\/lospoliticosveracruz.com\\\/?p=96311#primaryimage\"},\"thumbnailUrl\":\"https:\\\/\\\/lospoliticosveracruz.com.mx\\\/wp-content\\\/uploads\\\/2022\\\/05\\\/Seguro-Julio-Cerecedo.jpg\",\"keywords\":[\"Bernardo Guti\u00e9rrez Parra\",\"Cuitl\u00e1huac Garc\u00eda Jim\u00e9nez\",\"Enrique Nach\u00f3n\",\"Jos\u00e9 Luis Lima Franco\",\"Manuel Huerta Ladr\u00f3n de Guevara\",\"Morena\",\"Veracruz\"],\"articleSection\":[\"De Opini\u00f3n\"],\"inLanguage\":\"es\"},{\"@type\":\"WebPage\",\"@id\":\"https:\\\/\\\/lospoliticosveracruz.com\\\/?p=96311\",\"url\":\"https:\\\/\\\/lospoliticosveracruz.com\\\/?p=96311\",\"name\":\"\u00bfLIMA FRANCO O ZENYAZEN EN LUGAR DE ROC\u00cdO? - Los pol\u00edticos Veracruz\",\"isPartOf\":{\"@id\":\"https:\\\/\\\/lospoliticosveracruz.com\\\/#website\"},\"primaryImageOfPage\":{\"@id\":\"https:\\\/\\\/lospoliticosveracruz.com\\\/?p=96311#primaryimage\"},\"image\":{\"@id\":\"https:\\\/\\\/lospoliticosveracruz.com\\\/?p=96311#primaryimage\"},\"thumbnailUrl\":\"https:\\\/\\\/lospoliticosveracruz.com.mx\\\/wp-content\\\/uploads\\\/2022\\\/05\\\/Seguro-Julio-Cerecedo.jpg\",\"datePublished\":\"2022-10-04T12:30:03+00:00\",\"dateModified\":\"2022-10-04T12:30:08+00:00\",\"breadcrumb\":{\"@id\":\"https:\\\/\\\/lospoliticosveracruz.com\\\/?p=96311#breadcrumb\"},\"inLanguage\":\"es\",\"potentialAction\":[{\"@type\":\"ReadAction\",\"target\":[\"https:\\\/\\\/lospoliticosveracruz.com\\\/?p=96311\"]}]},{\"@type\":\"ImageObject\",\"inLanguage\":\"es\",\"@id\":\"https:\\\/\\\/lospoliticosveracruz.com\\\/?p=96311#primaryimage\",\"url\":\"https:\\\/\\\/lospoliticosveracruz.com.mx\\\/wp-content\\\/uploads\\\/2022\\\/05\\\/Seguro-Julio-Cerecedo.jpg\",\"contentUrl\":\"https:\\\/\\\/lospoliticosveracruz.com.mx\\\/wp-content\\\/uploads\\\/2022\\\/05\\\/Seguro-Julio-Cerecedo.jpg\"},{\"@type\":\"BreadcrumbList\",\"@id\":\"https:\\\/\\\/lospoliticosveracruz.com\\\/?p=96311#breadcrumb\",\"itemListElement\":[{\"@type\":\"ListItem\",\"position\":1,\"name\":\"Portada\",\"item\":\"https:\\\/\\\/lospoliticosveracruz.com\\\/\"},{\"@type\":\"ListItem\",\"position\":2,\"name\":\"\u00bfLIMA FRANCO O ZENYAZEN EN LUGAR DE ROC\u00cdO?\"}]},{\"@type\":\"WebSite\",\"@id\":\"https:\\\/\\\/lospoliticosveracruz.com\\\/#website\",\"url\":\"https:\\\/\\\/lospoliticosveracruz.com\\\/\",\"name\":\"Los pol\u00edticos Veracruz\",\"description\":\"\",\"publisher\":{\"@id\":\"https:\\\/\\\/lospoliticosveracruz.com\\\/#organization\"},\"potentialAction\":[{\"@type\":\"SearchAction\",\"target\":{\"@type\":\"EntryPoint\",\"urlTemplate\":\"https:\\\/\\\/lospoliticosveracruz.com\\\/?s={search_term_string}\"},\"query-input\":{\"@type\":\"PropertyValueSpecification\",\"valueRequired\":true,\"valueName\":\"search_term_string\"}}],\"inLanguage\":\"es\"},{\"@type\":\"Organization\",\"@id\":\"https:\\\/\\\/lospoliticosveracruz.com\\\/#organization\",\"name\":\"Los pol\u00edticos Veracruz\",\"url\":\"https:\\\/\\\/lospoliticosveracruz.com\\\/\",\"logo\":{\"@type\":\"ImageObject\",\"inLanguage\":\"es\",\"@id\":\"https:\\\/\\\/lospoliticosveracruz.com\\\/#\\\/schema\\\/logo\\\/image\\\/\",\"url\":\"https:\\\/\\\/lospoliticosveracruz.com\\\/wp-content\\\/uploads\\\/2025\\\/12\\\/Logo-Nuevo-LOS-POLITICOS-1.jpg\",\"contentUrl\":\"https:\\\/\\\/lospoliticosveracruz.com\\\/wp-content\\\/uploads\\\/2025\\\/12\\\/Logo-Nuevo-LOS-POLITICOS-1.jpg\",\"width\":260,\"height\":70,\"caption\":\"Los pol\u00edticos Veracruz\"},\"image\":{\"@id\":\"https:\\\/\\\/lospoliticosveracruz.com\\\/#\\\/schema\\\/logo\\\/image\\\/\"},\"sameAs\":[\"https:\\\/\\\/www.facebook.com\\\/people\\\/Notimemes-de-los-Polticos\\\/61565672886568\\\/\",\"https:\\\/\\\/x.com\\\/LosPoliticosVer\"]},{\"@type\":\"Person\",\"@id\":\"https:\\\/\\\/lospoliticosveracruz.com\\\/#\\\/schema\\\/person\\\/b8702bb0e538456e6efd07080bf2a4a2\",\"name\":\"Lo viste en Los Pol\u00edticos\",\"image\":{\"@type\":\"ImageObject\",\"inLanguage\":\"es\",\"@id\":\"https:\\\/\\\/secure.gravatar.com\\\/avatar\\\/3a8de04a2656d44082be478bd6c086daa447c4651605818287b9532d3d0bd435?s=96&d=mm&r=g\",\"url\":\"https:\\\/\\\/secure.gravatar.com\\\/avatar\\\/3a8de04a2656d44082be478bd6c086daa447c4651605818287b9532d3d0bd435?s=96&d=mm&r=g\",\"contentUrl\":\"https:\\\/\\\/secure.gravatar.com\\\/avatar\\\/3a8de04a2656d44082be478bd6c086daa447c4651605818287b9532d3d0bd435?s=96&d=mm&r=g\",\"caption\":\"Lo viste en Los Pol\u00edticos\"},\"url\":\"https:\\\/\\\/lospoliticosveracruz.com\\\/?author=2\"}]}<\/script>\n<!-- \/ Yoast SEO plugin. -->","yoast_head_json":{"title":"\u00bfLIMA FRANCO O ZENYAZEN EN LUGAR DE ROC\u00cdO? - Los pol\u00edticos Veracruz","robots":{"index":"index","follow":"follow","max-snippet":"max-snippet:-1","max-image-preview":"max-image-preview:large","max-video-preview":"max-video-preview:-1"},"canonical":"https:\/\/lospoliticosveracruz.com\/?p=96311","og_locale":"es_ES","og_type":"article","og_title":"\u00bfLIMA FRANCO O ZENYAZEN EN LUGAR DE ROC\u00cdO? - Los pol\u00edticos Veracruz","og_description":"Bernardo Guti\u00e9rrez Parra\u00a0 Desde el Caf\u00e9\u00a0 En su columna de hoy, mi compa\u00f1ero y amigo Quirino Moreno dice: \u201cEl gobernador Cuitl\u00e1huac Garc\u00eda deber\u00eda evitar que le impongan candidatos desde el altiplano y desarrollar a los suyos\u2026 En su equipo hay gente como Enrique Nach\u00f3n, Jos\u00e9 Luis Lima Franco y uno que otro m\u00e1s que podr\u00edan [&hellip;]","og_url":"https:\/\/lospoliticosveracruz.com\/?p=96311","og_site_name":"Los pol\u00edticos Veracruz","article_publisher":"https:\/\/www.facebook.com\/people\/Notimemes-de-los-Polticos\/61565672886568\/","article_published_time":"2022-10-04T12:30:03+00:00","article_modified_time":"2022-10-04T12:30:08+00:00","og_image":[{"url":"https:\/\/lospoliticosveracruz.com.mx\/wp-content\/uploads\/2022\/05\/Seguro-Julio-Cerecedo.jpg","type":"","width":"","height":""}],"author":"Lo viste en Los Pol\u00edticos","twitter_card":"summary_large_image","twitter_creator":"@LosPoliticosVer","twitter_site":"@LosPoliticosVer","twitter_misc":{"Escrito por":"Lo viste en Los Pol\u00edticos","Tiempo de lectura":"3 minutos"},"schema":{"@context":"https:\/\/schema.org","@graph":[{"@type":"Article","@id":"https:\/\/lospoliticosveracruz.com\/?p=96311#article","isPartOf":{"@id":"https:\/\/lospoliticosveracruz.com\/?p=96311"},"author":{"name":"Lo viste en Los Pol\u00edticos","@id":"https:\/\/lospoliticosveracruz.com\/#\/schema\/person\/b8702bb0e538456e6efd07080bf2a4a2"},"headline":"\u00bfLIMA FRANCO O ZENYAZEN EN LUGAR DE ROC\u00cdO?","datePublished":"2022-10-04T12:30:03+00:00","dateModified":"2022-10-04T12:30:08+00:00","mainEntityOfPage":{"@id":"https:\/\/lospoliticosveracruz.com\/?p=96311"},"wordCount":558,"publisher":{"@id":"https:\/\/lospoliticosveracruz.com\/#organization"},"image":{"@id":"https:\/\/lospoliticosveracruz.com\/?p=96311#primaryimage"},"thumbnailUrl":"https:\/\/lospoliticosveracruz.com.mx\/wp-content\/uploads\/2022\/05\/Seguro-Julio-Cerecedo.jpg","keywords":["Bernardo Guti\u00e9rrez Parra","Cuitl\u00e1huac Garc\u00eda Jim\u00e9nez","Enrique Nach\u00f3n","Jos\u00e9 Luis Lima Franco","Manuel Huerta Ladr\u00f3n de Guevara","Morena","Veracruz"],"articleSection":["De Opini\u00f3n"],"inLanguage":"es"},{"@type":"WebPage","@id":"https:\/\/lospoliticosveracruz.com\/?p=96311","url":"https:\/\/lospoliticosveracruz.com\/?p=96311","name":"\u00bfLIMA FRANCO O ZENYAZEN EN LUGAR DE ROC\u00cdO? - Los pol\u00edticos Veracruz","isPartOf":{"@id":"https:\/\/lospoliticosveracruz.com\/#website"},"primaryImageOfPage":{"@id":"https:\/\/lospoliticosveracruz.com\/?p=96311#primaryimage"},"image":{"@id":"https:\/\/lospoliticosveracruz.com\/?p=96311#primaryimage"},"thumbnailUrl":"https:\/\/lospoliticosveracruz.com.mx\/wp-content\/uploads\/2022\/05\/Seguro-Julio-Cerecedo.jpg","datePublished":"2022-10-04T12:30:03+00:00","dateModified":"2022-10-04T12:30:08+00:00","breadcrumb":{"@id":"https:\/\/lospoliticosveracruz.com\/?p=96311#breadcrumb"},"inLanguage":"es","potentialAction":[{"@type":"ReadAction","target":["https:\/\/lospoliticosveracruz.com\/?p=96311"]}]},{"@type":"ImageObject","inLanguage":"es","@id":"https:\/\/lospoliticosveracruz.com\/?p=96311#primaryimage","url":"https:\/\/lospoliticosveracruz.com.mx\/wp-content\/uploads\/2022\/05\/Seguro-Julio-Cerecedo.jpg","contentUrl":"https:\/\/lospoliticosveracruz.com.mx\/wp-content\/uploads\/2022\/05\/Seguro-Julio-Cerecedo.jpg"},{"@type":"BreadcrumbList","@id":"https:\/\/lospoliticosveracruz.com\/?p=96311#breadcrumb","itemListElement":[{"@type":"ListItem","position":1,"name":"Portada","item":"https:\/\/lospoliticosveracruz.com\/"},{"@type":"ListItem","position":2,"name":"\u00bfLIMA FRANCO O ZENYAZEN EN LUGAR DE ROC\u00cdO?"}]},{"@type":"WebSite","@id":"https:\/\/lospoliticosveracruz.com\/#website","url":"https:\/\/lospoliticosveracruz.com\/","name":"Los pol\u00edticos Veracruz","description":"","publisher":{"@id":"https:\/\/lospoliticosveracruz.com\/#organization"},"potentialAction":[{"@type":"SearchAction","target":{"@type":"EntryPoint","urlTemplate":"https:\/\/lospoliticosveracruz.com\/?s={search_term_string}"},"query-input":{"@type":"PropertyValueSpecification","valueRequired":true,"valueName":"search_term_string"}}],"inLanguage":"es"},{"@type":"Organization","@id":"https:\/\/lospoliticosveracruz.com\/#organization","name":"Los pol\u00edticos Veracruz","url":"https:\/\/lospoliticosveracruz.com\/","logo":{"@type":"ImageObject","inLanguage":"es","@id":"https:\/\/lospoliticosveracruz.com\/#\/schema\/logo\/image\/","url":"https:\/\/lospoliticosveracruz.com\/wp-content\/uploads\/2025\/12\/Logo-Nuevo-LOS-POLITICOS-1.jpg","contentUrl":"https:\/\/lospoliticosveracruz.com\/wp-content\/uploads\/2025\/12\/Logo-Nuevo-LOS-POLITICOS-1.jpg","width":260,"height":70,"caption":"Los pol\u00edticos Veracruz"},"image":{"@id":"https:\/\/lospoliticosveracruz.com\/#\/schema\/logo\/image\/"},"sameAs":["https:\/\/www.facebook.com\/people\/Notimemes-de-los-Polticos\/61565672886568\/","https:\/\/x.com\/LosPoliticosVer"]},{"@type":"Person","@id":"https:\/\/lospoliticosveracruz.com\/#\/schema\/person\/b8702bb0e538456e6efd07080bf2a4a2","name":"Lo viste en Los Pol\u00edticos","image":{"@type":"ImageObject","inLanguage":"es","@id":"https:\/\/secure.gravatar.com\/avatar\/3a8de04a2656d44082be478bd6c086daa447c4651605818287b9532d3d0bd435?s=96&d=mm&r=g","url":"https:\/\/secure.gravatar.com\/avatar\/3a8de04a2656d44082be478bd6c086daa447c4651605818287b9532d3d0bd435?s=96&d=mm&r=g","contentUrl":"https:\/\/secure.gravatar.com\/avatar\/3a8de04a2656d44082be478bd6c086daa447c4651605818287b9532d3d0bd435?s=96&d=mm&r=g","caption":"Lo viste en Los Pol\u00edticos"},"url":"https:\/\/lospoliticosveracruz.com\/?author=2"}]}},"_links":{"self":[{"href":"https:\/\/lospoliticosveracruz.com\/index.php?rest_route=\/wp\/v2\/posts\/96311","targetHints":{"allow":["GET"]}}],"collection":[{"href":"https:\/\/lospoliticosveracruz.com\/index.php?rest_route=\/wp\/v2\/posts"}],"about":[{"href":"https:\/\/lospoliticosveracruz.com\/index.php?rest_route=\/wp\/v2\/types\/post"}],"author":[{"embeddable":true,"href":"https:\/\/lospoliticosveracruz.com\/index.php?rest_route=\/wp\/v2\/users\/2"}],"replies":[{"embeddable":true,"href":"https:\/\/lospoliticosveracruz.com\/index.php?rest_route=%2Fwp%2Fv2%2Fcomments&post=96311"}],"version-history":[{"count":1,"href":"https:\/\/lospoliticosveracruz.com\/index.php?rest_route=\/wp\/v2\/posts\/96311\/revisions"}],"predecessor-version":[{"id":96314,"href":"https:\/\/lospoliticosveracruz.com\/index.php?rest_route=\/wp\/v2\/posts\/96311\/revisions\/96314"}],"wp:attachment":[{"href":"https:\/\/lospoliticosveracruz.com\/index.php?rest_route=%2Fwp%2Fv2%2Fmedia&parent=96311"}],"wp:term":[{"taxonomy":"category","embeddable":true,"href":"https:\/\/lospoliticosveracruz.com\/index.php?rest_route=%2Fwp%2Fv2%2Fcategories&post=96311"},{"taxonomy":"post_tag","embeddable":true,"href":"https:\/\/lospoliticosveracruz.com\/index.php?rest_route=%2Fwp%2Fv2%2Ftags&post=96311"}],"curies":[{"name":"wp","href":"https:\/\/api.w.org\/{rel}","templated":true}]}}