{"id":96315,"date":"2022-10-04T07:41:41","date_gmt":"2022-10-04T12:41:41","guid":{"rendered":"https:\/\/lospoliticosveracruz.com.mx\/?p=96315"},"modified":"2022-10-04T07:41:47","modified_gmt":"2022-10-04T12:41:47","slug":"sayula-pendiente-de-cuic","status":"publish","type":"post","link":"https:\/\/lospoliticosveracruz.com\/?p=96315","title":{"rendered":"SAYULA, PENDIENTE DE CUIC"},"content":{"rendered":"\n<p><strong>Ricardo Ch\u00faa<\/strong><\/p>\n\n\n\n<p><em>Sale y Vale<\/em><\/p>\n\n\n\n<p>Mientras el gobierno de Cuitl\u00e1huac Garc\u00eda no tome \u00abcartas en el asunto\u00bb sobre el caso del municipio de Sayula de Alem\u00e1n, \u00abla sangre le puede llegar al r\u00edo\u00bb.. Y \u00e9l ser\u00e1 se\u00f1alado por no actuar en consecuencia y no poner un ALTO a este tema del pleito entre la alcaldesa, Lorena S\u00e1nchez Vargas y todo su cabildo en pleno&#8230; Que tiene desgobernado a este ayuntamiento&#8230; Y el asunto se est\u00e1 radicalizando m\u00e1s&#8230;<\/p>\n\n\n\n<figure class=\"wp-block-embed is-type-video is-provider-youtube wp-block-embed-youtube wp-embed-aspect-16-9 wp-has-aspect-ratio\"><div class=\"wp-block-embed__wrapper\">\n<iframe loading=\"lazy\" title=\"Cluster Coworking\" width=\"696\" height=\"392\" src=\"https:\/\/www.youtube.com\/embed\/Nxe-vxf8GuY?feature=oembed\" frameborder=\"0\" allow=\"accelerometer; autoplay; clipboard-write; encrypted-media; gyroscope; picture-in-picture; web-share\" referrerpolicy=\"strict-origin-when-cross-origin\" allowfullscreen><\/iframe>\n<\/div><\/figure>\n\n\n\n<p>Por un lado, la alcaldesa anuncia campa\u00f1a de desprestigi\u00f3 en su contra, que teme por su vida y que lleg\u00f3 a Palacio de Gobierno a Xalapa custodiada por la Guardia Nacional.. Por otro lado, viene a Veracruz, una persona que se dice activista, que tuvo alojada a Lorena S\u00e1nchez cuando presuntamente huy\u00f3 a la CDMX para escapar de sus \u00absecuestradores\u00bb y que la acus\u00f3 de robarle 800 mil pesos cuando la tuvo alojada en su casa y que ella sabe que el hijo menor de la alcaldesa nunca estuvo secuestrado&#8230;&nbsp;<\/p>\n\n\n\n<p>El caso es que el problema tiene m\u00e1s de un mes y no lo resuelvan.. Nadie del gobierno estatal ha llegado a Sayula de Alem\u00e1n a \u00abcalmar\u00bb los \u00e1nimos&#8230; De un conflicto, que est\u00e1 afectado a la ciudadan\u00eda&#8230; La cual se siente desprotegida&#8230; Rodeada por caciques y pol\u00edticos que hacen de la ley, lo que quieren&#8230; Cuitl\u00e1huac parece que evita el tema&#8230; Patrocinio ni pisa el municipio y es el responsable de la pol\u00edtica interior&#8230; En fin, no pasa nada&#8230; En este Estado no pasa nada&#8230; QUE DIOS SALVE A SAYULA PORQUE AC\u00c1 NO LO VAN HACER&#8230; AMEN&nbsp; &nbsp; &nbsp;<\/p>\n\n\n\n<p>ALVARADO Y SU \u00abGUACAMAYA LEAKS\u00bb..&nbsp;&nbsp;Si algo es evidente que la relaci\u00f3n de los antes aliados pol\u00edticos en Alvarado, Bogar Ruiz Rosas y Lizzette \u00c1lvarez Vera, est\u00e1 \u00abrota\u00bb y luego con los se\u00f1alamientos de la auditor\u00edas t\u00e9cnicas a la administraci\u00f3n municipal pasada, que encabez\u00f3 Ruiz Rosas, de que deben alrededor de 18 millones de pesos a la Secretar\u00eda de Hacienda y otras dependencias federales&#8230;El pleito se atiz\u00f3 entre el ex alcalde y la actual alcaldesa, involucrando hasta al propio titular de SEFIPLAN, Jos\u00e9 Luis Lima Franco&#8230; ZUCUTUM..<\/p>\n\n\n\n<p>Ya que Bogar Ruiz culp\u00f3 a SEFIPLAN en manos de Lima Franco, de que le qued\u00f3 debiendo 73 millones de pesos al municipio cuando \u00e9l era alcalde y nunca se los dio.. Y que mucho de lo que no se hizo fue porque el gobierno de Cuitl\u00e1huac Garc\u00eda no les entreg\u00f3 el dinero en tiempo&#8230;Pero que adem\u00e1s de ese faltante de recursos en el ayuntamiento actual, \u00e9l no es el \u00fanico art\u00edfice de ese problema&#8230; En pocas palabras, Bogar mand\u00f3 a decir: \u00abEse muerto no lo cargo yo&#8230; Que lo cargue el que lo mat\u00f3\u00bb&#8230; TODOS EMBARRADOS&#8230;&nbsp;<\/p>\n\n\n\n<p>Pero obviamente en Alvarado esta noticia ya se convirti\u00f3 en m\u00e1s que un chisme.. Y como en la tierra de Dona Tella y sus -reci\u00e9n nacidas- el \u00abchisme\u00bb es deporte nacional y que se pr\u00e1ctica todos los d\u00edas&#8230; Nos cuenta \u00abGarganta Profunda\u00bb que todo este pleito entre Lizzette Alvarez y Bogar Ruiz comenz\u00f3 cuando, al parecer, no se cumplieron acuerdos entre el alcalde saliente y entrante&#8230; Que se hicieron cuando se \u00abunieron\u00bb para hacer perder a Octavio \u00abTavo\u00bb Ruiz Barroso que por segunda ocasi\u00f3n buscaba la alcald\u00eda de Alvarado en 2021&#8230;<\/p>\n\n\n\n<p>Bogar siempre fue contrincante de Tavo Ruiz y obvio, Lizzette \u00c1lvarez quer\u00eda ganar la alcald\u00eda despu\u00e9s que fue nominada por PVEM&#8230; Y en ese momento, MORENA la \u00absolt\u00f3 de la mano\u00bb porque no era del agrado del gobernador, Cuitl\u00e1huac Garc\u00eda, ni del secretario de Gobierno, Eric Cisneros&#8230;Por las cosas que PRESUNTAMENTE se dec\u00edan en esa ciudad y porque era una candidata impuesta por Javier Herrera Borunda&#8230; El contrincante al Senado y sobre todo en Alvarado que es el acceso a la Cuenca del Papaloapan, ahora \u00abTerritorio Patrocinio\u00bb&#8230;<\/p>\n\n\n\n<p>S\u00f3lo hay que recordar lo dicho por Cuitl\u00e1huac Garc\u00eda a principios de este 2021 en su contra antes que Lizzette \u00c1lvarez tomar\u00e1 posesi\u00f3n como alcaldesa.. Pero a pesar que el tema en Alvarado estaba candente&#8230; Se dice que Bogar se ali\u00f3 con ella, cuando se dio cuenta que era la \u00fanica que le pod\u00eda ganar a Tavo Ruiz&#8230; Por eso, el chisme que corre en aquel puerto, dice \u00abGarganta Profunda\u00bb, es que parte del dinero del municipio se fue a campa\u00f1as pol\u00edticas y que el compromiso era pagarlo cuando se ganara y nada de eso pas\u00f3&#8230;&nbsp;&nbsp;Ah\u00ed est\u00e1 el detalle&#8230;&nbsp;<\/p>\n\n\n\n<p>Peor aun cuando el propio Bogar revela que Lima Franco y Cuitl\u00e1huac, del que antes era su alcalde \u00abconsentido\u00bb y lo abandon\u00f3 a su suerte, nadie aun sabe a ciencia cierta el por qu\u00e9, le quitaban el 50 por ciento de recursos que correspond\u00edan a su administraci\u00f3n del ramo 028 y por la cual, present\u00f3 una Controversia Constitucional para que el Gobierno del Estado le devolviera los 73 millones de pesos que les adeuda y que la propia Lizzette Alvarez firm\u00f3 el SEGUIMIENTO de esa controversia&#8230; MOLES DO\u00d1A MAR\u00cdA&#8230; TODOS CONTRA TODOS&#8230;<\/p>\n\n\n\n<p>As\u00ed que de un pleito local en Alvarado.. Ya sali\u00f3 \u00abembarrado\u00bb el gobernador, Cuitl\u00e1huac Garc\u00eda y el secretario de Finanzas, Jos\u00e9 Luis Lima Franco&#8230; Por no dar recursos correspondientes a este municipio&#8230; Y se ve que la disputa entre ambos va a continuar&#8230; Ya que este tema no va a terminar ah\u00ed nada m\u00e1s, esto va a trascender porque ya se sali\u00f3 del control&#8230; De seguro habr\u00e1 consecuencias pol\u00edticas por los personajes metidos en el pleito y sobre todo por el tema de MORENA vs PVEM en Veracruz&#8230;<\/p>\n\n\n\n<p>Por varias cuestiones&#8230; Primera, Bogar no qued\u00f3 bien parado con Cuitl\u00e1huac y Patrocinio, sobre todo ahora que dicen que Bogar es uno de los que apoya a Marcelo Ebrard en Veracruz y no a Claudia Sheinbaum, tampoco es del equipo de Roc\u00edo Nahle.. Segunda, a pesar de la cercan\u00eda de las \u00faltimas semanas con el gobierno estatal, Lizzette \u00c1lvarez tampoco es una persona por la cual, Cuitl\u00e1huac y Patrocinio vayan a meter las manos&#8230; Pero como Bogar ya \u00abembarr\u00f3\u00bb a SEFIPLAN y al gobernador en este asunto, tendr\u00e1n que tomar posturas&#8230;<\/p>\n\n\n\n<p>Pero m\u00e1s que nada ser\u00e1 por el PVEM&#8230; En la alianza que viene en 2024 y donde MORENA se quiere \u00abcomer\u00bb todo en Veracruz&#8230; Alvarado es de los pocos municipios grandes que gobiernan.. A ella no la pasaron a MORENA y en Palacio de Gobierno, como sea, buscan que Javier Herrera Borunda, no venga al Estado a ser candidato a NADA&#8230; Que lo hagan \u00abpluri\u00bb pero en CDMX&#8230; Aqu\u00ed no&#8230; Lo que un pleito alvarade\u00f1o puede provocar&#8230; Ver para creer&#8230; NI Do\u00f1a Tella \u00abarma mitotes\u00bb tan grandes&#8230;ESTE PUEBLO GANA A CUALQUIER \u00abGAUCAMAYA\u00bb<\/p>\n","protected":false},"excerpt":{"rendered":"<p>Ricardo Ch\u00faa Sale y Vale Mientras el gobierno de Cuitl\u00e1huac Garc\u00eda no tome \u00abcartas en el asunto\u00bb sobre el caso del municipio de Sayula de Alem\u00e1n, \u00abla sangre le puede llegar al r\u00edo\u00bb.. Y \u00e9l ser\u00e1 se\u00f1alado por no actuar en consecuencia y no poner un ALTO a este tema del pleito entre la alcaldesa, [&hellip;]<\/p>\n","protected":false},"author":2,"featured_media":0,"comment_status":"closed","ping_status":"closed","sticky":false,"template":"","format":"standard","meta":{"tdm_status":"","tdm_grid_status":"","footnotes":""},"categories":[70],"tags":[301,1563,1176,35506,27382,28962,1026,10434,195],"class_list":{"0":"post-96315","1":"post","2":"type-post","3":"status-publish","4":"format-standard","6":"category-de-opinion","7":"tag-alvarado","8":"tag-cuitlahuac-garcia-jimenez","9":"tag-fidel-herrera-borunda","10":"tag-jose-luis-lima-franco-3","11":"tag-lizzette-alvarez-vera","12":"tag-lorena-sanchez-vargas","13":"tag-morena","14":"tag-sayula-de-aleman","15":"tag-veracruz"},"yoast_head":"<!-- This site is optimized with the Yoast SEO plugin v27.4 - https:\/\/yoast.com\/product\/yoast-seo-wordpress\/ -->\n<title>SAYULA, PENDIENTE DE CUIC - Los pol\u00edticos Veracruz<\/title>\n<meta name=\"robots\" content=\"index, follow, max-snippet:-1, max-image-preview:large, max-video-preview:-1\" \/>\n<link rel=\"canonical\" href=\"https:\/\/lospoliticosveracruz.com\/?p=96315\" \/>\n<meta property=\"og:locale\" content=\"es_ES\" \/>\n<meta property=\"og:type\" content=\"article\" \/>\n<meta property=\"og:title\" content=\"SAYULA, PENDIENTE DE CUIC - Los pol\u00edticos Veracruz\" \/>\n<meta property=\"og:description\" content=\"Ricardo Ch\u00faa Sale y Vale Mientras el gobierno de Cuitl\u00e1huac Garc\u00eda no tome \u00abcartas en el asunto\u00bb sobre el caso del municipio de Sayula de Alem\u00e1n, \u00abla sangre le puede llegar al r\u00edo\u00bb.. Y \u00e9l ser\u00e1 se\u00f1alado por no actuar en consecuencia y no poner un ALTO a este tema del pleito entre la alcaldesa, [&hellip;]\" \/>\n<meta property=\"og:url\" content=\"https:\/\/lospoliticosveracruz.com\/?p=96315\" \/>\n<meta property=\"og:site_name\" content=\"Los pol\u00edticos Veracruz\" \/>\n<meta property=\"article:publisher\" content=\"https:\/\/www.facebook.com\/people\/Notimemes-de-los-Polticos\/61565672886568\/\" \/>\n<meta property=\"article:published_time\" content=\"2022-10-04T12:41:41+00:00\" \/>\n<meta property=\"article:modified_time\" content=\"2022-10-04T12:41:47+00:00\" \/>\n<meta property=\"og:image\" content=\"https:\/\/lospoliticosveracruz.com\/wp-content\/uploads\/2016\/07\/Logo-Dor.jpg\" \/>\n\t<meta property=\"og:image:width\" content=\"200\" \/>\n\t<meta property=\"og:image:height\" content=\"200\" \/>\n\t<meta property=\"og:image:type\" content=\"image\/jpeg\" \/>\n<meta name=\"author\" content=\"Lo viste en Los Pol\u00edticos\" \/>\n<meta name=\"twitter:card\" content=\"summary_large_image\" \/>\n<meta name=\"twitter:creator\" content=\"@LosPoliticosVer\" \/>\n<meta name=\"twitter:site\" content=\"@LosPoliticosVer\" \/>\n<meta name=\"twitter:label1\" content=\"Escrito por\" \/>\n\t<meta name=\"twitter:data1\" content=\"Lo viste en Los Pol\u00edticos\" \/>\n\t<meta name=\"twitter:label2\" content=\"Tiempo de lectura\" \/>\n\t<meta name=\"twitter:data2\" content=\"6 minutos\" \/>\n<script type=\"application\/ld+json\" class=\"yoast-schema-graph\">{\"@context\":\"https:\\\/\\\/schema.org\",\"@graph\":[{\"@type\":\"Article\",\"@id\":\"https:\\\/\\\/lospoliticosveracruz.com\\\/?p=96315#article\",\"isPartOf\":{\"@id\":\"https:\\\/\\\/lospoliticosveracruz.com\\\/?p=96315\"},\"author\":{\"name\":\"Lo viste en Los Pol\u00edticos\",\"@id\":\"https:\\\/\\\/lospoliticosveracruz.com\\\/#\\\/schema\\\/person\\\/b8702bb0e538456e6efd07080bf2a4a2\"},\"headline\":\"SAYULA, PENDIENTE DE CUIC\",\"datePublished\":\"2022-10-04T12:41:41+00:00\",\"dateModified\":\"2022-10-04T12:41:47+00:00\",\"mainEntityOfPage\":{\"@id\":\"https:\\\/\\\/lospoliticosveracruz.com\\\/?p=96315\"},\"wordCount\":1167,\"publisher\":{\"@id\":\"https:\\\/\\\/lospoliticosveracruz.com\\\/#organization\"},\"keywords\":[\"Alvarado\",\"Cuitl\u00e1huac Garc\u00eda Jim\u00e9nez\",\"Fidel Herrera Borunda\",\"Jos\u00e9 Luis Lima Franco.\",\"Lizzette \u00c1lvarez Vera\",\"Lorena S\u00e1nchez Vargas\",\"Morena\",\"Sayula de Alem\u00e1n\",\"Veracruz\"],\"articleSection\":[\"De Opini\u00f3n\"],\"inLanguage\":\"es\"},{\"@type\":\"WebPage\",\"@id\":\"https:\\\/\\\/lospoliticosveracruz.com\\\/?p=96315\",\"url\":\"https:\\\/\\\/lospoliticosveracruz.com\\\/?p=96315\",\"name\":\"SAYULA, PENDIENTE DE CUIC - Los pol\u00edticos Veracruz\",\"isPartOf\":{\"@id\":\"https:\\\/\\\/lospoliticosveracruz.com\\\/#website\"},\"datePublished\":\"2022-10-04T12:41:41+00:00\",\"dateModified\":\"2022-10-04T12:41:47+00:00\",\"breadcrumb\":{\"@id\":\"https:\\\/\\\/lospoliticosveracruz.com\\\/?p=96315#breadcrumb\"},\"inLanguage\":\"es\",\"potentialAction\":[{\"@type\":\"ReadAction\",\"target\":[\"https:\\\/\\\/lospoliticosveracruz.com\\\/?p=96315\"]}]},{\"@type\":\"BreadcrumbList\",\"@id\":\"https:\\\/\\\/lospoliticosveracruz.com\\\/?p=96315#breadcrumb\",\"itemListElement\":[{\"@type\":\"ListItem\",\"position\":1,\"name\":\"Portada\",\"item\":\"https:\\\/\\\/lospoliticosveracruz.com\\\/\"},{\"@type\":\"ListItem\",\"position\":2,\"name\":\"SAYULA, PENDIENTE DE CUIC\"}]},{\"@type\":\"WebSite\",\"@id\":\"https:\\\/\\\/lospoliticosveracruz.com\\\/#website\",\"url\":\"https:\\\/\\\/lospoliticosveracruz.com\\\/\",\"name\":\"Los pol\u00edticos Veracruz\",\"description\":\"\",\"publisher\":{\"@id\":\"https:\\\/\\\/lospoliticosveracruz.com\\\/#organization\"},\"potentialAction\":[{\"@type\":\"SearchAction\",\"target\":{\"@type\":\"EntryPoint\",\"urlTemplate\":\"https:\\\/\\\/lospoliticosveracruz.com\\\/?s={search_term_string}\"},\"query-input\":{\"@type\":\"PropertyValueSpecification\",\"valueRequired\":true,\"valueName\":\"search_term_string\"}}],\"inLanguage\":\"es\"},{\"@type\":\"Organization\",\"@id\":\"https:\\\/\\\/lospoliticosveracruz.com\\\/#organization\",\"name\":\"Los pol\u00edticos Veracruz\",\"url\":\"https:\\\/\\\/lospoliticosveracruz.com\\\/\",\"logo\":{\"@type\":\"ImageObject\",\"inLanguage\":\"es\",\"@id\":\"https:\\\/\\\/lospoliticosveracruz.com\\\/#\\\/schema\\\/logo\\\/image\\\/\",\"url\":\"https:\\\/\\\/lospoliticosveracruz.com\\\/wp-content\\\/uploads\\\/2025\\\/12\\\/Logo-Nuevo-LOS-POLITICOS-1.jpg\",\"contentUrl\":\"https:\\\/\\\/lospoliticosveracruz.com\\\/wp-content\\\/uploads\\\/2025\\\/12\\\/Logo-Nuevo-LOS-POLITICOS-1.jpg\",\"width\":260,\"height\":70,\"caption\":\"Los pol\u00edticos Veracruz\"},\"image\":{\"@id\":\"https:\\\/\\\/lospoliticosveracruz.com\\\/#\\\/schema\\\/logo\\\/image\\\/\"},\"sameAs\":[\"https:\\\/\\\/www.facebook.com\\\/people\\\/Notimemes-de-los-Polticos\\\/61565672886568\\\/\",\"https:\\\/\\\/x.com\\\/LosPoliticosVer\"]},{\"@type\":\"Person\",\"@id\":\"https:\\\/\\\/lospoliticosveracruz.com\\\/#\\\/schema\\\/person\\\/b8702bb0e538456e6efd07080bf2a4a2\",\"name\":\"Lo viste en Los Pol\u00edticos\",\"image\":{\"@type\":\"ImageObject\",\"inLanguage\":\"es\",\"@id\":\"https:\\\/\\\/secure.gravatar.com\\\/avatar\\\/3a8de04a2656d44082be478bd6c086daa447c4651605818287b9532d3d0bd435?s=96&d=mm&r=g\",\"url\":\"https:\\\/\\\/secure.gravatar.com\\\/avatar\\\/3a8de04a2656d44082be478bd6c086daa447c4651605818287b9532d3d0bd435?s=96&d=mm&r=g\",\"contentUrl\":\"https:\\\/\\\/secure.gravatar.com\\\/avatar\\\/3a8de04a2656d44082be478bd6c086daa447c4651605818287b9532d3d0bd435?s=96&d=mm&r=g\",\"caption\":\"Lo viste en Los Pol\u00edticos\"},\"url\":\"https:\\\/\\\/lospoliticosveracruz.com\\\/?author=2\"}]}<\/script>\n<!-- \/ Yoast SEO plugin. -->","yoast_head_json":{"title":"SAYULA, PENDIENTE DE CUIC - Los pol\u00edticos Veracruz","robots":{"index":"index","follow":"follow","max-snippet":"max-snippet:-1","max-image-preview":"max-image-preview:large","max-video-preview":"max-video-preview:-1"},"canonical":"https:\/\/lospoliticosveracruz.com\/?p=96315","og_locale":"es_ES","og_type":"article","og_title":"SAYULA, PENDIENTE DE CUIC - Los pol\u00edticos Veracruz","og_description":"Ricardo Ch\u00faa Sale y Vale Mientras el gobierno de Cuitl\u00e1huac Garc\u00eda no tome \u00abcartas en el asunto\u00bb sobre el caso del municipio de Sayula de Alem\u00e1n, \u00abla sangre le puede llegar al r\u00edo\u00bb.. Y \u00e9l ser\u00e1 se\u00f1alado por no actuar en consecuencia y no poner un ALTO a este tema del pleito entre la alcaldesa, [&hellip;]","og_url":"https:\/\/lospoliticosveracruz.com\/?p=96315","og_site_name":"Los pol\u00edticos Veracruz","article_publisher":"https:\/\/www.facebook.com\/people\/Notimemes-de-los-Polticos\/61565672886568\/","article_published_time":"2022-10-04T12:41:41+00:00","article_modified_time":"2022-10-04T12:41:47+00:00","og_image":[{"width":200,"height":200,"url":"https:\/\/lospoliticosveracruz.com\/wp-content\/uploads\/2016\/07\/Logo-Dor.jpg","type":"image\/jpeg"}],"author":"Lo viste en Los Pol\u00edticos","twitter_card":"summary_large_image","twitter_creator":"@LosPoliticosVer","twitter_site":"@LosPoliticosVer","twitter_misc":{"Escrito por":"Lo viste en Los Pol\u00edticos","Tiempo de lectura":"6 minutos"},"schema":{"@context":"https:\/\/schema.org","@graph":[{"@type":"Article","@id":"https:\/\/lospoliticosveracruz.com\/?p=96315#article","isPartOf":{"@id":"https:\/\/lospoliticosveracruz.com\/?p=96315"},"author":{"name":"Lo viste en Los Pol\u00edticos","@id":"https:\/\/lospoliticosveracruz.com\/#\/schema\/person\/b8702bb0e538456e6efd07080bf2a4a2"},"headline":"SAYULA, PENDIENTE DE CUIC","datePublished":"2022-10-04T12:41:41+00:00","dateModified":"2022-10-04T12:41:47+00:00","mainEntityOfPage":{"@id":"https:\/\/lospoliticosveracruz.com\/?p=96315"},"wordCount":1167,"publisher":{"@id":"https:\/\/lospoliticosveracruz.com\/#organization"},"keywords":["Alvarado","Cuitl\u00e1huac Garc\u00eda Jim\u00e9nez","Fidel Herrera Borunda","Jos\u00e9 Luis Lima Franco.","Lizzette \u00c1lvarez Vera","Lorena S\u00e1nchez Vargas","Morena","Sayula de Alem\u00e1n","Veracruz"],"articleSection":["De Opini\u00f3n"],"inLanguage":"es"},{"@type":"WebPage","@id":"https:\/\/lospoliticosveracruz.com\/?p=96315","url":"https:\/\/lospoliticosveracruz.com\/?p=96315","name":"SAYULA, PENDIENTE DE CUIC - Los pol\u00edticos Veracruz","isPartOf":{"@id":"https:\/\/lospoliticosveracruz.com\/#website"},"datePublished":"2022-10-04T12:41:41+00:00","dateModified":"2022-10-04T12:41:47+00:00","breadcrumb":{"@id":"https:\/\/lospoliticosveracruz.com\/?p=96315#breadcrumb"},"inLanguage":"es","potentialAction":[{"@type":"ReadAction","target":["https:\/\/lospoliticosveracruz.com\/?p=96315"]}]},{"@type":"BreadcrumbList","@id":"https:\/\/lospoliticosveracruz.com\/?p=96315#breadcrumb","itemListElement":[{"@type":"ListItem","position":1,"name":"Portada","item":"https:\/\/lospoliticosveracruz.com\/"},{"@type":"ListItem","position":2,"name":"SAYULA, PENDIENTE DE CUIC"}]},{"@type":"WebSite","@id":"https:\/\/lospoliticosveracruz.com\/#website","url":"https:\/\/lospoliticosveracruz.com\/","name":"Los pol\u00edticos Veracruz","description":"","publisher":{"@id":"https:\/\/lospoliticosveracruz.com\/#organization"},"potentialAction":[{"@type":"SearchAction","target":{"@type":"EntryPoint","urlTemplate":"https:\/\/lospoliticosveracruz.com\/?s={search_term_string}"},"query-input":{"@type":"PropertyValueSpecification","valueRequired":true,"valueName":"search_term_string"}}],"inLanguage":"es"},{"@type":"Organization","@id":"https:\/\/lospoliticosveracruz.com\/#organization","name":"Los pol\u00edticos Veracruz","url":"https:\/\/lospoliticosveracruz.com\/","logo":{"@type":"ImageObject","inLanguage":"es","@id":"https:\/\/lospoliticosveracruz.com\/#\/schema\/logo\/image\/","url":"https:\/\/lospoliticosveracruz.com\/wp-content\/uploads\/2025\/12\/Logo-Nuevo-LOS-POLITICOS-1.jpg","contentUrl":"https:\/\/lospoliticosveracruz.com\/wp-content\/uploads\/2025\/12\/Logo-Nuevo-LOS-POLITICOS-1.jpg","width":260,"height":70,"caption":"Los pol\u00edticos Veracruz"},"image":{"@id":"https:\/\/lospoliticosveracruz.com\/#\/schema\/logo\/image\/"},"sameAs":["https:\/\/www.facebook.com\/people\/Notimemes-de-los-Polticos\/61565672886568\/","https:\/\/x.com\/LosPoliticosVer"]},{"@type":"Person","@id":"https:\/\/lospoliticosveracruz.com\/#\/schema\/person\/b8702bb0e538456e6efd07080bf2a4a2","name":"Lo viste en Los Pol\u00edticos","image":{"@type":"ImageObject","inLanguage":"es","@id":"https:\/\/secure.gravatar.com\/avatar\/3a8de04a2656d44082be478bd6c086daa447c4651605818287b9532d3d0bd435?s=96&d=mm&r=g","url":"https:\/\/secure.gravatar.com\/avatar\/3a8de04a2656d44082be478bd6c086daa447c4651605818287b9532d3d0bd435?s=96&d=mm&r=g","contentUrl":"https:\/\/secure.gravatar.com\/avatar\/3a8de04a2656d44082be478bd6c086daa447c4651605818287b9532d3d0bd435?s=96&d=mm&r=g","caption":"Lo viste en Los Pol\u00edticos"},"url":"https:\/\/lospoliticosveracruz.com\/?author=2"}]}},"_links":{"self":[{"href":"https:\/\/lospoliticosveracruz.com\/index.php?rest_route=\/wp\/v2\/posts\/96315","targetHints":{"allow":["GET"]}}],"collection":[{"href":"https:\/\/lospoliticosveracruz.com\/index.php?rest_route=\/wp\/v2\/posts"}],"about":[{"href":"https:\/\/lospoliticosveracruz.com\/index.php?rest_route=\/wp\/v2\/types\/post"}],"author":[{"embeddable":true,"href":"https:\/\/lospoliticosveracruz.com\/index.php?rest_route=\/wp\/v2\/users\/2"}],"replies":[{"embeddable":true,"href":"https:\/\/lospoliticosveracruz.com\/index.php?rest_route=%2Fwp%2Fv2%2Fcomments&post=96315"}],"version-history":[{"count":1,"href":"https:\/\/lospoliticosveracruz.com\/index.php?rest_route=\/wp\/v2\/posts\/96315\/revisions"}],"predecessor-version":[{"id":96316,"href":"https:\/\/lospoliticosveracruz.com\/index.php?rest_route=\/wp\/v2\/posts\/96315\/revisions\/96316"}],"wp:attachment":[{"href":"https:\/\/lospoliticosveracruz.com\/index.php?rest_route=%2Fwp%2Fv2%2Fmedia&parent=96315"}],"wp:term":[{"taxonomy":"category","embeddable":true,"href":"https:\/\/lospoliticosveracruz.com\/index.php?rest_route=%2Fwp%2Fv2%2Fcategories&post=96315"},{"taxonomy":"post_tag","embeddable":true,"href":"https:\/\/lospoliticosveracruz.com\/index.php?rest_route=%2Fwp%2Fv2%2Ftags&post=96315"}],"curies":[{"name":"wp","href":"https:\/\/api.w.org\/{rel}","templated":true}]}}