{"id":96317,"date":"2022-10-04T08:18:11","date_gmt":"2022-10-04T13:18:11","guid":{"rendered":"https:\/\/lospoliticosveracruz.com.mx\/?p=96317"},"modified":"2022-10-04T08:18:16","modified_gmt":"2022-10-04T13:18:16","slug":"morena-heredera-de-la-lucha-del-68","status":"publish","type":"post","link":"https:\/\/lospoliticosveracruz.com\/?p=96317","title":{"rendered":"MORENA, HEREDERA DE LA LUCHA DEL 68"},"content":{"rendered":"\n<p><strong>Yair Ademar Dom\u00ednguez<\/strong><\/p>\n\n\n\n<p><em>Punto y Coma<\/em><\/p>\n\n\n\n<p>El Movimiento de Regeneraci\u00f3n Nacional es heredero de la lucha por la democracia en nuestro pa\u00eds. MORENA emerge de los anhelos m\u00e1s profundos de libertad de nuestro pueblo. Lo dijo muy bien, al recordar esta conmemoraci\u00f3n, la jefa de gobierno de la Ciudad de M\u00e9xico, Claudia Sheinbaum, porque el 2 de octubre no se olvida; en ese movimiento estaban ya quienes quer\u00edan un cambio de r\u00e9gimen, quienes luchaban por la libertad y la democracia de nuestra naci\u00f3n.<\/p>\n\n\n\n<p>\u201cMORENA es orgullosa heredera de la lucha de los j\u00f3venes del 68 y de muchas otras luchas; ahora y antes, reivindicamos la libertad frente a la represi\u00f3n y el autoritarismo; la democracia frente a la intolerancia y el fraude; la justicia social frente a la inequidad y la pobreza; la honestidad frente a la corrupci\u00f3n; la paz frente a la guerra, porque somos orgullosos herederos de la lucha de nuestro pueblo\u201d, expres\u00f3 en un video al recordar el 11 aniversario del inicio de este movimiento.<\/p>\n\n\n\n<p>\u201cMORENA es un poco de la lucha de Independencia, de Reforma y Revoluci\u00f3n; MORENA es un poco de la lucha contra el autoritarismo y por la defensa de la educaci\u00f3n p\u00fablica, de la lucha por la presentaci\u00f3n de los desaparecidos pol\u00edticos y del respeto a los derechos humanos; MORENA es parte de la lucha por la independencia y democracia sindical; somos un poco de la lucha por los derechos laborales, civiles y derechos plenos de las mujeres; de la ya larga lucha de los campesinos por la tierra y condiciones para hacerla producir\u201d.<\/p>\n\n\n\n<p>Y s\u00ed, en efecto, nuestro movimiento reuni\u00f3 los anhelos de un pueblo que a pesar de las tres grandes transformaciones de libertad que ya hab\u00eda vivido nuestro pa\u00eds, se qued\u00f3 atascado en un r\u00e9gimen autoritario y corrupto que primero promovi\u00f3 el PRI y luego el PAN, un partido cuya ideolog\u00eda elitista, se dedic\u00f3 a entregar los bienes de la naci\u00f3n a intereses extranjeros, como lo inici\u00f3&nbsp;&nbsp;Vicente Fox Quesada.&nbsp;<\/p>\n\n\n\n<p>En efecto, no debemos olvidar el 2 de octubre, porque la matanza de Tlatelolco nos sigue doliendo, pero la sangre de estos m\u00e1rtires debe hacer florecer nuestra reflexi\u00f3n y convicciones, y las ideas de que la democracia y la justicia son posibles.&nbsp;<\/p>\n\n\n\n<p>Y hablando de justicia, eso es lo que ha llevado a la Ciudad de M\u00e9xico a la jefa de gobierno. \u201cCuando llegamos al gobierno est\u00e1bamos en el peor momento de corrupci\u00f3n e inseguridad. Hemos reducido delitos de alto impacto en 54 por ciento, capacitando y aumentando el salario de la polic\u00eda que ahora investiga y colabora con la Fiscal\u00eda y el Gobierno de M\u00e9xico\u201d, dijo al iniciar sus mensajes con motivo del Cuarto Informe.<\/p>\n\n\n\n<p>Su aprobaci\u00f3n al frente del gobierno de la CDMX ha sido muy satisfactoria, as\u00ed lo dejan ver recientes encuestas publicadas en medios de comunicaci\u00f3n. No es para menos, Claudia Sheinbaum se ha partido el alma por atender a los capitalinos y los resultados de su trabajo tienen ya una muy buena proyecci\u00f3n nacional.<\/p>\n\n\n\n<p><strong>*Voces de la Huasteca*<\/strong><\/p>\n\n\n\n<p>El Secretario de Gobierno de Veracruz, Eric Cisneros Burgos, present\u00f3 hace unos d\u00edas en P\u00e1nuco su libro \u201cVoces de la Huasteca\u201d, que rescata las historias populares que se heredan, que se oyen y se escriben de esta regi\u00f3n del norte del estado. En su mensaje, expuso que el esp\u00edritu que acompa\u00f1a a este libro es un ejercicio de trascendencia que fortalece la memoria colectiva con las historias de P\u00e1nuco, la cuna del huapango, y de los municipios de \u00c1lamo, Pueblo Viejo, Ozuluama, Tempoal, El Higo, Tamiahua, Plat\u00f3n S\u00e1nchez, Tlachichilco, Zacualpan, Zontecomatl\u00e1n y Huayacocotla, en la diversidad cultural que fortalece la identidad huasteca. Promover la grandeza de las regiones veracruzanas es parte del gran trabajo pol\u00edtico que realiza el funcionario estatal.<\/p>\n\n\n\n<p>Comentarios: Facebook Yair Ademar Dominguez&nbsp;&nbsp;Twitter @YairAdemar<\/p>\n","protected":false},"excerpt":{"rendered":"<p>Yair Ademar Dom\u00ednguez Punto y Coma El Movimiento de Regeneraci\u00f3n Nacional es heredero de la lucha por la democracia en nuestro pa\u00eds. MORENA emerge de los anhelos m\u00e1s profundos de libertad de nuestro pueblo. Lo dijo muy bien, al recordar esta conmemoraci\u00f3n, la jefa de gobierno de la Ciudad de M\u00e9xico, Claudia Sheinbaum, porque el [&hellip;]<\/p>\n","protected":false},"author":2,"featured_media":0,"comment_status":"closed","ping_status":"closed","sticky":false,"template":"","format":"standard","meta":{"tdm_status":"","tdm_grid_status":"","footnotes":""},"categories":[70],"tags":[12299,2932,20652],"class_list":{"0":"post-96317","1":"post","2":"type-post","3":"status-publish","4":"format-standard","6":"category-de-opinion","7":"tag-eric-cisneros-burgos","8":"tag-gobierno-de-veracruz","9":"tag-yair-ademar-dominguez"},"yoast_head":"<!-- This site is optimized with the Yoast SEO plugin v27.4 - https:\/\/yoast.com\/product\/yoast-seo-wordpress\/ -->\n<title>MORENA, HEREDERA DE LA LUCHA DEL 68 - Los pol\u00edticos Veracruz<\/title>\n<meta name=\"robots\" content=\"index, follow, max-snippet:-1, max-image-preview:large, max-video-preview:-1\" \/>\n<link rel=\"canonical\" href=\"https:\/\/lospoliticosveracruz.com\/?p=96317\" \/>\n<meta property=\"og:locale\" content=\"es_ES\" \/>\n<meta property=\"og:type\" content=\"article\" \/>\n<meta property=\"og:title\" content=\"MORENA, HEREDERA DE LA LUCHA DEL 68 - Los pol\u00edticos Veracruz\" \/>\n<meta property=\"og:description\" content=\"Yair Ademar Dom\u00ednguez Punto y Coma El Movimiento de Regeneraci\u00f3n Nacional es heredero de la lucha por la democracia en nuestro pa\u00eds. MORENA emerge de los anhelos m\u00e1s profundos de libertad de nuestro pueblo. Lo dijo muy bien, al recordar esta conmemoraci\u00f3n, la jefa de gobierno de la Ciudad de M\u00e9xico, Claudia Sheinbaum, porque el [&hellip;]\" \/>\n<meta property=\"og:url\" content=\"https:\/\/lospoliticosveracruz.com\/?p=96317\" \/>\n<meta property=\"og:site_name\" content=\"Los pol\u00edticos Veracruz\" \/>\n<meta property=\"article:publisher\" content=\"https:\/\/www.facebook.com\/people\/Notimemes-de-los-Polticos\/61565672886568\/\" \/>\n<meta property=\"article:published_time\" content=\"2022-10-04T13:18:11+00:00\" \/>\n<meta property=\"article:modified_time\" content=\"2022-10-04T13:18:16+00:00\" \/>\n<meta property=\"og:image\" content=\"https:\/\/lospoliticosveracruz.com\/wp-content\/uploads\/2016\/07\/Logo-Dor.jpg\" \/>\n\t<meta property=\"og:image:width\" content=\"200\" \/>\n\t<meta property=\"og:image:height\" content=\"200\" \/>\n\t<meta property=\"og:image:type\" content=\"image\/jpeg\" \/>\n<meta name=\"author\" content=\"Lo viste en Los Pol\u00edticos\" \/>\n<meta name=\"twitter:card\" content=\"summary_large_image\" \/>\n<meta name=\"twitter:creator\" content=\"@LosPoliticosVer\" \/>\n<meta name=\"twitter:site\" content=\"@LosPoliticosVer\" \/>\n<meta name=\"twitter:label1\" content=\"Escrito por\" \/>\n\t<meta name=\"twitter:data1\" content=\"Lo viste en Los Pol\u00edticos\" \/>\n\t<meta name=\"twitter:label2\" content=\"Tiempo de lectura\" \/>\n\t<meta name=\"twitter:data2\" content=\"3 minutos\" \/>\n<script type=\"application\/ld+json\" class=\"yoast-schema-graph\">{\"@context\":\"https:\\\/\\\/schema.org\",\"@graph\":[{\"@type\":\"Article\",\"@id\":\"https:\\\/\\\/lospoliticosveracruz.com\\\/?p=96317#article\",\"isPartOf\":{\"@id\":\"https:\\\/\\\/lospoliticosveracruz.com\\\/?p=96317\"},\"author\":{\"name\":\"Lo viste en Los Pol\u00edticos\",\"@id\":\"https:\\\/\\\/lospoliticosveracruz.com\\\/#\\\/schema\\\/person\\\/b8702bb0e538456e6efd07080bf2a4a2\"},\"headline\":\"MORENA, HEREDERA DE LA LUCHA DEL 68\",\"datePublished\":\"2022-10-04T13:18:11+00:00\",\"dateModified\":\"2022-10-04T13:18:16+00:00\",\"mainEntityOfPage\":{\"@id\":\"https:\\\/\\\/lospoliticosveracruz.com\\\/?p=96317\"},\"wordCount\":680,\"publisher\":{\"@id\":\"https:\\\/\\\/lospoliticosveracruz.com\\\/#organization\"},\"keywords\":[\"Eric Cisneros Burgos\",\"gobierno de Veracruz\",\"Yair Ademar Dom\u00ednguez\"],\"articleSection\":[\"De Opini\u00f3n\"],\"inLanguage\":\"es\"},{\"@type\":\"WebPage\",\"@id\":\"https:\\\/\\\/lospoliticosveracruz.com\\\/?p=96317\",\"url\":\"https:\\\/\\\/lospoliticosveracruz.com\\\/?p=96317\",\"name\":\"MORENA, HEREDERA DE LA LUCHA DEL 68 - Los pol\u00edticos Veracruz\",\"isPartOf\":{\"@id\":\"https:\\\/\\\/lospoliticosveracruz.com\\\/#website\"},\"datePublished\":\"2022-10-04T13:18:11+00:00\",\"dateModified\":\"2022-10-04T13:18:16+00:00\",\"breadcrumb\":{\"@id\":\"https:\\\/\\\/lospoliticosveracruz.com\\\/?p=96317#breadcrumb\"},\"inLanguage\":\"es\",\"potentialAction\":[{\"@type\":\"ReadAction\",\"target\":[\"https:\\\/\\\/lospoliticosveracruz.com\\\/?p=96317\"]}]},{\"@type\":\"BreadcrumbList\",\"@id\":\"https:\\\/\\\/lospoliticosveracruz.com\\\/?p=96317#breadcrumb\",\"itemListElement\":[{\"@type\":\"ListItem\",\"position\":1,\"name\":\"Portada\",\"item\":\"https:\\\/\\\/lospoliticosveracruz.com\\\/\"},{\"@type\":\"ListItem\",\"position\":2,\"name\":\"MORENA, HEREDERA DE LA LUCHA DEL 68\"}]},{\"@type\":\"WebSite\",\"@id\":\"https:\\\/\\\/lospoliticosveracruz.com\\\/#website\",\"url\":\"https:\\\/\\\/lospoliticosveracruz.com\\\/\",\"name\":\"Los pol\u00edticos Veracruz\",\"description\":\"\",\"publisher\":{\"@id\":\"https:\\\/\\\/lospoliticosveracruz.com\\\/#organization\"},\"potentialAction\":[{\"@type\":\"SearchAction\",\"target\":{\"@type\":\"EntryPoint\",\"urlTemplate\":\"https:\\\/\\\/lospoliticosveracruz.com\\\/?s={search_term_string}\"},\"query-input\":{\"@type\":\"PropertyValueSpecification\",\"valueRequired\":true,\"valueName\":\"search_term_string\"}}],\"inLanguage\":\"es\"},{\"@type\":\"Organization\",\"@id\":\"https:\\\/\\\/lospoliticosveracruz.com\\\/#organization\",\"name\":\"Los pol\u00edticos Veracruz\",\"url\":\"https:\\\/\\\/lospoliticosveracruz.com\\\/\",\"logo\":{\"@type\":\"ImageObject\",\"inLanguage\":\"es\",\"@id\":\"https:\\\/\\\/lospoliticosveracruz.com\\\/#\\\/schema\\\/logo\\\/image\\\/\",\"url\":\"https:\\\/\\\/lospoliticosveracruz.com\\\/wp-content\\\/uploads\\\/2025\\\/12\\\/Logo-Nuevo-LOS-POLITICOS-1.jpg\",\"contentUrl\":\"https:\\\/\\\/lospoliticosveracruz.com\\\/wp-content\\\/uploads\\\/2025\\\/12\\\/Logo-Nuevo-LOS-POLITICOS-1.jpg\",\"width\":260,\"height\":70,\"caption\":\"Los pol\u00edticos Veracruz\"},\"image\":{\"@id\":\"https:\\\/\\\/lospoliticosveracruz.com\\\/#\\\/schema\\\/logo\\\/image\\\/\"},\"sameAs\":[\"https:\\\/\\\/www.facebook.com\\\/people\\\/Notimemes-de-los-Polticos\\\/61565672886568\\\/\",\"https:\\\/\\\/x.com\\\/LosPoliticosVer\"]},{\"@type\":\"Person\",\"@id\":\"https:\\\/\\\/lospoliticosveracruz.com\\\/#\\\/schema\\\/person\\\/b8702bb0e538456e6efd07080bf2a4a2\",\"name\":\"Lo viste en Los Pol\u00edticos\",\"image\":{\"@type\":\"ImageObject\",\"inLanguage\":\"es\",\"@id\":\"https:\\\/\\\/secure.gravatar.com\\\/avatar\\\/3a8de04a2656d44082be478bd6c086daa447c4651605818287b9532d3d0bd435?s=96&d=mm&r=g\",\"url\":\"https:\\\/\\\/secure.gravatar.com\\\/avatar\\\/3a8de04a2656d44082be478bd6c086daa447c4651605818287b9532d3d0bd435?s=96&d=mm&r=g\",\"contentUrl\":\"https:\\\/\\\/secure.gravatar.com\\\/avatar\\\/3a8de04a2656d44082be478bd6c086daa447c4651605818287b9532d3d0bd435?s=96&d=mm&r=g\",\"caption\":\"Lo viste en Los Pol\u00edticos\"},\"url\":\"https:\\\/\\\/lospoliticosveracruz.com\\\/?author=2\"}]}<\/script>\n<!-- \/ Yoast SEO plugin. -->","yoast_head_json":{"title":"MORENA, HEREDERA DE LA LUCHA DEL 68 - Los pol\u00edticos Veracruz","robots":{"index":"index","follow":"follow","max-snippet":"max-snippet:-1","max-image-preview":"max-image-preview:large","max-video-preview":"max-video-preview:-1"},"canonical":"https:\/\/lospoliticosveracruz.com\/?p=96317","og_locale":"es_ES","og_type":"article","og_title":"MORENA, HEREDERA DE LA LUCHA DEL 68 - Los pol\u00edticos Veracruz","og_description":"Yair Ademar Dom\u00ednguez Punto y Coma El Movimiento de Regeneraci\u00f3n Nacional es heredero de la lucha por la democracia en nuestro pa\u00eds. MORENA emerge de los anhelos m\u00e1s profundos de libertad de nuestro pueblo. Lo dijo muy bien, al recordar esta conmemoraci\u00f3n, la jefa de gobierno de la Ciudad de M\u00e9xico, Claudia Sheinbaum, porque el [&hellip;]","og_url":"https:\/\/lospoliticosveracruz.com\/?p=96317","og_site_name":"Los pol\u00edticos Veracruz","article_publisher":"https:\/\/www.facebook.com\/people\/Notimemes-de-los-Polticos\/61565672886568\/","article_published_time":"2022-10-04T13:18:11+00:00","article_modified_time":"2022-10-04T13:18:16+00:00","og_image":[{"width":200,"height":200,"url":"https:\/\/lospoliticosveracruz.com\/wp-content\/uploads\/2016\/07\/Logo-Dor.jpg","type":"image\/jpeg"}],"author":"Lo viste en Los Pol\u00edticos","twitter_card":"summary_large_image","twitter_creator":"@LosPoliticosVer","twitter_site":"@LosPoliticosVer","twitter_misc":{"Escrito por":"Lo viste en Los Pol\u00edticos","Tiempo de lectura":"3 minutos"},"schema":{"@context":"https:\/\/schema.org","@graph":[{"@type":"Article","@id":"https:\/\/lospoliticosveracruz.com\/?p=96317#article","isPartOf":{"@id":"https:\/\/lospoliticosveracruz.com\/?p=96317"},"author":{"name":"Lo viste en Los Pol\u00edticos","@id":"https:\/\/lospoliticosveracruz.com\/#\/schema\/person\/b8702bb0e538456e6efd07080bf2a4a2"},"headline":"MORENA, HEREDERA DE LA LUCHA DEL 68","datePublished":"2022-10-04T13:18:11+00:00","dateModified":"2022-10-04T13:18:16+00:00","mainEntityOfPage":{"@id":"https:\/\/lospoliticosveracruz.com\/?p=96317"},"wordCount":680,"publisher":{"@id":"https:\/\/lospoliticosveracruz.com\/#organization"},"keywords":["Eric Cisneros Burgos","gobierno de Veracruz","Yair Ademar Dom\u00ednguez"],"articleSection":["De Opini\u00f3n"],"inLanguage":"es"},{"@type":"WebPage","@id":"https:\/\/lospoliticosveracruz.com\/?p=96317","url":"https:\/\/lospoliticosveracruz.com\/?p=96317","name":"MORENA, HEREDERA DE LA LUCHA DEL 68 - Los pol\u00edticos Veracruz","isPartOf":{"@id":"https:\/\/lospoliticosveracruz.com\/#website"},"datePublished":"2022-10-04T13:18:11+00:00","dateModified":"2022-10-04T13:18:16+00:00","breadcrumb":{"@id":"https:\/\/lospoliticosveracruz.com\/?p=96317#breadcrumb"},"inLanguage":"es","potentialAction":[{"@type":"ReadAction","target":["https:\/\/lospoliticosveracruz.com\/?p=96317"]}]},{"@type":"BreadcrumbList","@id":"https:\/\/lospoliticosveracruz.com\/?p=96317#breadcrumb","itemListElement":[{"@type":"ListItem","position":1,"name":"Portada","item":"https:\/\/lospoliticosveracruz.com\/"},{"@type":"ListItem","position":2,"name":"MORENA, HEREDERA DE LA LUCHA DEL 68"}]},{"@type":"WebSite","@id":"https:\/\/lospoliticosveracruz.com\/#website","url":"https:\/\/lospoliticosveracruz.com\/","name":"Los pol\u00edticos Veracruz","description":"","publisher":{"@id":"https:\/\/lospoliticosveracruz.com\/#organization"},"potentialAction":[{"@type":"SearchAction","target":{"@type":"EntryPoint","urlTemplate":"https:\/\/lospoliticosveracruz.com\/?s={search_term_string}"},"query-input":{"@type":"PropertyValueSpecification","valueRequired":true,"valueName":"search_term_string"}}],"inLanguage":"es"},{"@type":"Organization","@id":"https:\/\/lospoliticosveracruz.com\/#organization","name":"Los pol\u00edticos Veracruz","url":"https:\/\/lospoliticosveracruz.com\/","logo":{"@type":"ImageObject","inLanguage":"es","@id":"https:\/\/lospoliticosveracruz.com\/#\/schema\/logo\/image\/","url":"https:\/\/lospoliticosveracruz.com\/wp-content\/uploads\/2025\/12\/Logo-Nuevo-LOS-POLITICOS-1.jpg","contentUrl":"https:\/\/lospoliticosveracruz.com\/wp-content\/uploads\/2025\/12\/Logo-Nuevo-LOS-POLITICOS-1.jpg","width":260,"height":70,"caption":"Los pol\u00edticos Veracruz"},"image":{"@id":"https:\/\/lospoliticosveracruz.com\/#\/schema\/logo\/image\/"},"sameAs":["https:\/\/www.facebook.com\/people\/Notimemes-de-los-Polticos\/61565672886568\/","https:\/\/x.com\/LosPoliticosVer"]},{"@type":"Person","@id":"https:\/\/lospoliticosveracruz.com\/#\/schema\/person\/b8702bb0e538456e6efd07080bf2a4a2","name":"Lo viste en Los Pol\u00edticos","image":{"@type":"ImageObject","inLanguage":"es","@id":"https:\/\/secure.gravatar.com\/avatar\/3a8de04a2656d44082be478bd6c086daa447c4651605818287b9532d3d0bd435?s=96&d=mm&r=g","url":"https:\/\/secure.gravatar.com\/avatar\/3a8de04a2656d44082be478bd6c086daa447c4651605818287b9532d3d0bd435?s=96&d=mm&r=g","contentUrl":"https:\/\/secure.gravatar.com\/avatar\/3a8de04a2656d44082be478bd6c086daa447c4651605818287b9532d3d0bd435?s=96&d=mm&r=g","caption":"Lo viste en Los Pol\u00edticos"},"url":"https:\/\/lospoliticosveracruz.com\/?author=2"}]}},"_links":{"self":[{"href":"https:\/\/lospoliticosveracruz.com\/index.php?rest_route=\/wp\/v2\/posts\/96317","targetHints":{"allow":["GET"]}}],"collection":[{"href":"https:\/\/lospoliticosveracruz.com\/index.php?rest_route=\/wp\/v2\/posts"}],"about":[{"href":"https:\/\/lospoliticosveracruz.com\/index.php?rest_route=\/wp\/v2\/types\/post"}],"author":[{"embeddable":true,"href":"https:\/\/lospoliticosveracruz.com\/index.php?rest_route=\/wp\/v2\/users\/2"}],"replies":[{"embeddable":true,"href":"https:\/\/lospoliticosveracruz.com\/index.php?rest_route=%2Fwp%2Fv2%2Fcomments&post=96317"}],"version-history":[{"count":1,"href":"https:\/\/lospoliticosveracruz.com\/index.php?rest_route=\/wp\/v2\/posts\/96317\/revisions"}],"predecessor-version":[{"id":96318,"href":"https:\/\/lospoliticosveracruz.com\/index.php?rest_route=\/wp\/v2\/posts\/96317\/revisions\/96318"}],"wp:attachment":[{"href":"https:\/\/lospoliticosveracruz.com\/index.php?rest_route=%2Fwp%2Fv2%2Fmedia&parent=96317"}],"wp:term":[{"taxonomy":"category","embeddable":true,"href":"https:\/\/lospoliticosveracruz.com\/index.php?rest_route=%2Fwp%2Fv2%2Fcategories&post=96317"},{"taxonomy":"post_tag","embeddable":true,"href":"https:\/\/lospoliticosveracruz.com\/index.php?rest_route=%2Fwp%2Fv2%2Ftags&post=96317"}],"curies":[{"name":"wp","href":"https:\/\/api.w.org\/{rel}","templated":true}]}}