{"id":96432,"date":"2022-10-06T07:56:21","date_gmt":"2022-10-06T12:56:21","guid":{"rendered":"https:\/\/lospoliticosveracruz.com.mx\/?p=96432"},"modified":"2022-10-06T07:56:26","modified_gmt":"2022-10-06T12:56:26","slug":"patrocinio-y-el-enojo-de-nahle","status":"publish","type":"post","link":"https:\/\/lospoliticosveracruz.com\/?p=96432","title":{"rendered":"PATROCINIO Y EL ENOJO DE NAHLE"},"content":{"rendered":"\n<p><strong>Ricardo Ch\u00faa<br><\/strong><em>Sale y Vale<\/em><\/p>\n\n\n\n<p>EXCLUSIVA\u2026 Cuenta \u00abGarganta Profunda\u00bb que desde hace d\u00edas el secretario de Gobierno de Veracruz, Eric Patrocinio Cisneros Burgos acude con FRECUENCIA a Palacio Nacional\u2026 Algunos dicen que va a ver temas con funcionarios de Andr\u00e9s Manuel L\u00f3pez Obrador y otros con el mismo Presidente\u2026 Y que despu\u00e9s pasa a \u00absaludar\u00bb a C\u00e9sar Y\u00e1\u00f1ez a Gobernaci\u00f3n, su amigo y aliado desde hace a\u00f1os\u2026 Pero algunos especulan que esas \u00abvisitas\u00bb es porque puede recibir la \u00abbendici\u00f3n\u00bb\u2026<\/p>\n\n\n\n<figure class=\"wp-block-image size-full\"><a href=\"https:\/\/lospoliticosveracruz.com.mx\/wp-content\/uploads\/2022\/05\/Seguro-Julio-Cerecedo.jpg\"><img decoding=\"async\" src=\"https:\/\/lospoliticosveracruz.com.mx\/wp-content\/uploads\/2022\/05\/Seguro-Julio-Cerecedo.jpg\" alt=\"\" class=\"wp-image-90414\"\/><\/a><\/figure>\n\n\n\n<p>Tanto as\u00ed que esto provoc\u00f3 el ENOJO de su \u00abmadrina\u00bb pol\u00edtica, Roc\u00edo Nahle, una de sus impulsoras para que se quedara con el segundo cargo de importancia en Palacio de Gobierno en Veracruz\u2026 Han pasado 4 a\u00f1os de eso\u2026 Y, quiz\u00e1s, los intereses ya son otros\u2026 Nos dice \u00abGarganta Profunda\u00bb que en la \u00faltima reuni\u00f3n en Palacio Nacional, despu\u00e9s de tomar acuerdos, Patrocinio le solt\u00f3 a \u00abbocajarro\u00bb a L\u00f3pez Obrador: \u00abYa estamos listos para la sucesi\u00f3n estatal en Veracruz, se\u00f1or Presidente\u00bb\u2026 MOLES DO\u00d1A MAR\u00cdA\u2026.<\/p>\n\n\n\n<p>As\u00ed de directo le dijo eso al Presidente.. Este asinti\u00f3\u2026 Pero no dijo nada\u2026 De testigo estaba el gobernador, Cuitl\u00e1huac Garc\u00eda\u2026 Y otros funcionarios m\u00e1s del gabinete federal\u2026 Obvio que ALGUIEN le cont\u00f3 este \u00abchisme\u00bb a Roc\u00edo Nahle\u2026 Que dicen se enoj\u00f3 tanto porque su \u00abahijado\u00bb pol\u00edtico, se pas\u00f3 de \u00abtueste\u00bb porque no le especific\u00f3 a L\u00f3pez Obardor para qui\u00e9n estaban listos en la sucesi\u00f3n a gobernador en 2024\u2026 Si para trabajarle a ella o en contra de ella\u2026. Quiz\u00e1s para el mismo Patrocinio\u2026<\/p>\n\n\n\n<p>Nos releva \u00abGarganta Profunda\u00bb que Patrocinio no aclar\u00f3 nada y se fueron de Palacio Nacional.. La duda qued\u00f3 en los presentes.. Sobre todo porque tambi\u00e9n para nadie es un secreto que AMLO tiene trato directo con Eric\u2026 Lo conoce, sabe qui\u00e9n es y como opera.. No ser\u00e1 su amigo, pero si es una persona que tiene l\u00ednea directa con \u00e9l\u2026 Por eso, muchos en Veracruz, que no lo quieren, temen que Patrocinio pueda ser el PLAN B de Andr\u00e9s Manuel si las cosas no le salen a Roc\u00edo Nahle u alg\u00fan otro m\u00e1s\u2026<\/p>\n\n\n\n<p>Algunas versiones que se han manejado luego de las revelaciones de \u00abGuacamayas Leaks\u00bb sobre el caso Cuitl\u00e1huac Garc\u00eda, su gobierno en Veracruz y los presuntos acuerdos con grupos fuera de la ley\u2026 Ante la impotencia del Presidente de parar los esc\u00e1ndalos de gobernadores de MORENA cercanos a \u00e9l, que han sido \u00abinvadidos\u00bb en sus estados por esos personajes\u2026 Se habla de darles \u00absalidas dignas\u00bb y mandarlos de embajadores o funcionarios federales\u2026. Y si eso pasa en Veracruz\u2026 Eric Cisneros se quedar\u00eda en su lugar\u2026 ZUCUTUM\u2026<\/p>\n\n\n\n<p>De ser as\u00ed, eso tambi\u00e9n molesta a Nahle\u2026 Ya que ella estar\u00eda en las manos de Patrocinio para la sucesi\u00f3n estatal\u2026 Y si no es por \u00e9l, ella no ganar\u00eda\u2026 Al menos, que AMLO o MORENA no la nominen candidata\u2026 Adem\u00e1s la titular de SENER est\u00e1 viendo un nuevo \u00abescenario\u00bb en el cual se est\u00e1 manejando el secretario de Gobierno\u2026 Que se est\u00e1 conflictuado con sus aliados y operadores pol\u00edticos\u2026 Como con el alcalde de Coatzacoalcos, Amado Cruz Malpica\u2026 \u00bfY a qui\u00e9n debilita ese pleito?\u2026 La respuesta es m\u00e1s que obvia\u2026 A ELLA\u2026<\/p>\n\n\n\n<p>Pero como dec\u00eda el pol\u00edtico tuxpe\u00f1o: Jes\u00fas Reyes Heroles: \u00abEn pol\u00edtica, las casualidades no existen\u00bb.. Acaso es casualidad tantas visitas de Patrocinio a Palacio Nacional y qu\u00e9 de pronto la Suprema Corte de Justicia de la Naci\u00f3n ponga a discusi\u00f3n la CONSTITUCIONALIDAD de la LEY NAHLE\u2026 En M\u00e9xico eso no pasa as\u00ed porque s\u00ed\u2026 Y luego que frente a AMLO diga: \u00abEn Veracruz estamos listos para la sucesi\u00f3n estatal\u00bb\u2026 A lo mejor, ser el PLAN B, no es para 2022 sino para 2024\u2026 DIOS LOS BENDIGA\u2026 AM\u00c9N Y M\u00c1S AM\u00c9N\u2026<\/p>\n\n\n\n<p>EL DESLINDE DE CUITL\u00c1HUAC\u2026 Tard\u00f3 m\u00e1s de 24 horas, pero lo tuvo que hacer ante la PRESI\u00d3N SOCIAL que ejercieron sobre el gobernador, Cuitl\u00e1huac Garc\u00eda\u2026 La sociedad y medios de comunicaci\u00f3n, despu\u00e9s de las revelaciones de \u00abGuacamayas Leaks\u00bb que funcionarios de su administraci\u00f3n, permitieron la operaci\u00f3n de grupos fuera de la ley en territorio veracruzano.. Y por ello s\u00f3lo qued\u00f3 decir: \u00abQue me investiguen\u201d\u2026 A \u00e9l, a su familia y colaboradores.. Y si hay involucrados, que \u00e9l mismo los pondr\u00e1 en la c\u00e1rcel.. TEMERARIO pero no le qued\u00f3 de otra\u2026<\/p>\n\n\n\n<p>En rueda de prensa en Palacio de Gobierno.. Ante un auditorio controlado, donde despu\u00e9s se despach\u00f3 con ellos los \u00abtacos de canasta\u00bb\u2026 Se ech\u00f3 el mismo rollo de siempre: Que es transparente, que rinde cuentas, que \u00e9l no roba, no miente y que no traiciona al pueblo\u2026 Que por ello nadie puede dudar de su honestidad.. Que \u00e9l no pacta con delincuentes.. Bla, Bla, Bla.. Pero por lo menos, sali\u00f3 hacerle frente a los se\u00f1alamientos . Por salud p\u00fablica de su investidura como gobernador y de su propia administraci\u00f3n\u2026<\/p>\n\n\n\n<p>El asunto es que de nuevo volvi\u00f3 a echarle la culpa de la inseguridad a sus antecesores: Fidel Herrera, Javier Duarte y Miguel \u00c1ngel Yunes.. Que ellos dejaron grupos fuera de la ley, enraizados en el Estado.. Pero no present\u00f3 prueba alguna\u2026 No dijo que presentar\u00eda denuncias ante la FGR.. S\u00f3lo se limit\u00f3 a decir lo mismo de siempre\u2026 Pero mientras sus antecesores, uno est\u00e1 enfermo, otro preso por delitos distintos y el otro corre para mantenerse en forma en el bulevar boque\u00f1o\u2026 Y a ninguno de ellos los se\u00f1al\u00f3 \u00abGuacamayas Leaks\u00bb\u2026 TAN\u2026 TAN<\/p>\n\n\n\n<p>PERIODISTAS Y AMECOPE\u2026 Una sincera felicitaci\u00f3n a los compa\u00f1eros periodistas veracruzanos, Patricia Aguilar Pardo y Alejandro \u00c4vila, quienes recientemente fueron nombrados delegada y subdelegado de la Asociaci\u00f3n Mexicana de Comunicadores y Periodistas (AMECOPE) en su delegaci\u00f3n Veracruz-Boca del R\u00edo\u2026 Nadie tiene duda de la labor diaria que realizan estos dos compa\u00f1eros en los medios de comunicaci\u00f3n de la conurbaci\u00f3n\u2026 Ambos siempre con agudo sentido period\u00edstico\u2026 Sabemos que lo har\u00e1n bien\u2026<\/p>\n\n\n\n<p>Esta asociaci\u00f3n ser\u00e1 para fortalecer v\u00ednculos acad\u00e9micos y capacitaci\u00f3n en el ramo de la comunicaci\u00f3n\u2026 Paty Aguilar y Alejandro Avila son personajes queridos en el medio\u2026 Sin \u00ab\u00ednfulas\u00bb de grandeza o \u00abenfermos\u00bb de importancia\u2026 Lo que ha provocado que muchos compa\u00f1eros se acerquen para ser parte de AMECOPE.. Un organismo que a nivel estatal lo maneja Juan de D\u00edos S\u00e1nchez Abre\u00fa y a nivel nacional Omar Quezada Bielma\u2026 Ambos veracruzanos\u2026 \u00c9xito en este proyecto a Paty y Alejandro\u2026 Y que sea para bien del gremio\u2026 AMEN\u2026<\/p>\n","protected":false},"excerpt":{"rendered":"<p>Ricardo Ch\u00faaSale y Vale EXCLUSIVA\u2026 Cuenta \u00abGarganta Profunda\u00bb que desde hace d\u00edas el secretario de Gobierno de Veracruz, Eric Patrocinio Cisneros Burgos acude con FRECUENCIA a Palacio Nacional\u2026 Algunos dicen que va a ver temas con funcionarios de Andr\u00e9s Manuel L\u00f3pez Obrador y otros con el mismo Presidente\u2026 Y que despu\u00e9s pasa a \u00absaludar\u00bb a [&hellip;]<\/p>\n","protected":false},"author":2,"featured_media":0,"comment_status":"closed","ping_status":"closed","sticky":false,"template":"","format":"standard","meta":{"tdm_status":"","tdm_grid_status":"","footnotes":""},"categories":[70],"tags":[5618,33907,371,1563,13461,35549,1026,35550,25025,13604,3578,195],"class_list":{"0":"post-96432","1":"post","2":"type-post","3":"status-publish","4":"format-standard","6":"category-de-opinion","7":"tag-amado-cruz-malpica","8":"tag-cesar-yanez-2","9":"tag-coatzacoalcos","10":"tag-cuitlahuac-garcia-jimenez","11":"tag-eric-patrocinio-cisneros-burgos","12":"tag-guacamayas-leaks","13":"tag-morena","14":"tag-patricia-aguilar-pardo","15":"tag-periodistas-veracruzanos","16":"tag-ricardo-chua","17":"tag-rocio-nahle","18":"tag-veracruz"},"yoast_head":"<!-- This site is optimized with the Yoast SEO plugin v27.4 - https:\/\/yoast.com\/product\/yoast-seo-wordpress\/ -->\n<title>PATROCINIO Y EL ENOJO DE NAHLE - Los pol\u00edticos Veracruz<\/title>\n<meta name=\"robots\" content=\"index, follow, max-snippet:-1, max-image-preview:large, max-video-preview:-1\" \/>\n<link rel=\"canonical\" href=\"https:\/\/lospoliticosveracruz.com\/?p=96432\" \/>\n<meta property=\"og:locale\" content=\"es_ES\" \/>\n<meta property=\"og:type\" content=\"article\" \/>\n<meta property=\"og:title\" content=\"PATROCINIO Y EL ENOJO DE NAHLE - Los pol\u00edticos Veracruz\" \/>\n<meta property=\"og:description\" content=\"Ricardo Ch\u00faaSale y Vale EXCLUSIVA\u2026 Cuenta \u00abGarganta Profunda\u00bb que desde hace d\u00edas el secretario de Gobierno de Veracruz, Eric Patrocinio Cisneros Burgos acude con FRECUENCIA a Palacio Nacional\u2026 Algunos dicen que va a ver temas con funcionarios de Andr\u00e9s Manuel L\u00f3pez Obrador y otros con el mismo Presidente\u2026 Y que despu\u00e9s pasa a \u00absaludar\u00bb a [&hellip;]\" \/>\n<meta property=\"og:url\" content=\"https:\/\/lospoliticosveracruz.com\/?p=96432\" \/>\n<meta property=\"og:site_name\" content=\"Los pol\u00edticos Veracruz\" \/>\n<meta property=\"article:publisher\" content=\"https:\/\/www.facebook.com\/people\/Notimemes-de-los-Polticos\/61565672886568\/\" \/>\n<meta property=\"article:published_time\" content=\"2022-10-06T12:56:21+00:00\" \/>\n<meta property=\"article:modified_time\" content=\"2022-10-06T12:56:26+00:00\" \/>\n<meta property=\"og:image\" content=\"https:\/\/lospoliticosveracruz.com.mx\/wp-content\/uploads\/2022\/05\/Seguro-Julio-Cerecedo.jpg\" \/>\n<meta name=\"author\" content=\"Lo viste en Los Pol\u00edticos\" \/>\n<meta name=\"twitter:card\" content=\"summary_large_image\" \/>\n<meta name=\"twitter:creator\" content=\"@LosPoliticosVer\" \/>\n<meta name=\"twitter:site\" content=\"@LosPoliticosVer\" \/>\n<meta name=\"twitter:label1\" content=\"Escrito por\" \/>\n\t<meta name=\"twitter:data1\" content=\"Lo viste en Los Pol\u00edticos\" \/>\n\t<meta name=\"twitter:label2\" content=\"Tiempo de lectura\" \/>\n\t<meta name=\"twitter:data2\" content=\"6 minutos\" \/>\n<script type=\"application\/ld+json\" class=\"yoast-schema-graph\">{\"@context\":\"https:\\\/\\\/schema.org\",\"@graph\":[{\"@type\":\"Article\",\"@id\":\"https:\\\/\\\/lospoliticosveracruz.com\\\/?p=96432#article\",\"isPartOf\":{\"@id\":\"https:\\\/\\\/lospoliticosveracruz.com\\\/?p=96432\"},\"author\":{\"name\":\"Lo viste en Los Pol\u00edticos\",\"@id\":\"https:\\\/\\\/lospoliticosveracruz.com\\\/#\\\/schema\\\/person\\\/b8702bb0e538456e6efd07080bf2a4a2\"},\"headline\":\"PATROCINIO Y EL ENOJO DE NAHLE\",\"datePublished\":\"2022-10-06T12:56:21+00:00\",\"dateModified\":\"2022-10-06T12:56:26+00:00\",\"mainEntityOfPage\":{\"@id\":\"https:\\\/\\\/lospoliticosveracruz.com\\\/?p=96432\"},\"wordCount\":1135,\"publisher\":{\"@id\":\"https:\\\/\\\/lospoliticosveracruz.com\\\/#organization\"},\"image\":{\"@id\":\"https:\\\/\\\/lospoliticosveracruz.com\\\/?p=96432#primaryimage\"},\"thumbnailUrl\":\"https:\\\/\\\/lospoliticosveracruz.com.mx\\\/wp-content\\\/uploads\\\/2022\\\/05\\\/Seguro-Julio-Cerecedo.jpg\",\"keywords\":[\"Amado Cruz Malpica\",\"C\u00e9sar Y\u00e1\u00f1ez\",\"Coatzacoalcos\",\"Cuitl\u00e1huac Garc\u00eda Jim\u00e9nez\",\"Eric Patrocinio Cisneros Burgos\",\"Guacamayas Leaks\",\"Morena\",\"Patricia Aguilar Pardo\",\"periodistas veracruzanos\",\"Ricardo Ch\u00faa\",\"Roc\u00edo Nahle\",\"Veracruz\"],\"articleSection\":[\"De Opini\u00f3n\"],\"inLanguage\":\"es\"},{\"@type\":\"WebPage\",\"@id\":\"https:\\\/\\\/lospoliticosveracruz.com\\\/?p=96432\",\"url\":\"https:\\\/\\\/lospoliticosveracruz.com\\\/?p=96432\",\"name\":\"PATROCINIO Y EL ENOJO DE NAHLE - Los pol\u00edticos Veracruz\",\"isPartOf\":{\"@id\":\"https:\\\/\\\/lospoliticosveracruz.com\\\/#website\"},\"primaryImageOfPage\":{\"@id\":\"https:\\\/\\\/lospoliticosveracruz.com\\\/?p=96432#primaryimage\"},\"image\":{\"@id\":\"https:\\\/\\\/lospoliticosveracruz.com\\\/?p=96432#primaryimage\"},\"thumbnailUrl\":\"https:\\\/\\\/lospoliticosveracruz.com.mx\\\/wp-content\\\/uploads\\\/2022\\\/05\\\/Seguro-Julio-Cerecedo.jpg\",\"datePublished\":\"2022-10-06T12:56:21+00:00\",\"dateModified\":\"2022-10-06T12:56:26+00:00\",\"breadcrumb\":{\"@id\":\"https:\\\/\\\/lospoliticosveracruz.com\\\/?p=96432#breadcrumb\"},\"inLanguage\":\"es\",\"potentialAction\":[{\"@type\":\"ReadAction\",\"target\":[\"https:\\\/\\\/lospoliticosveracruz.com\\\/?p=96432\"]}]},{\"@type\":\"ImageObject\",\"inLanguage\":\"es\",\"@id\":\"https:\\\/\\\/lospoliticosveracruz.com\\\/?p=96432#primaryimage\",\"url\":\"https:\\\/\\\/lospoliticosveracruz.com.mx\\\/wp-content\\\/uploads\\\/2022\\\/05\\\/Seguro-Julio-Cerecedo.jpg\",\"contentUrl\":\"https:\\\/\\\/lospoliticosveracruz.com.mx\\\/wp-content\\\/uploads\\\/2022\\\/05\\\/Seguro-Julio-Cerecedo.jpg\"},{\"@type\":\"BreadcrumbList\",\"@id\":\"https:\\\/\\\/lospoliticosveracruz.com\\\/?p=96432#breadcrumb\",\"itemListElement\":[{\"@type\":\"ListItem\",\"position\":1,\"name\":\"Portada\",\"item\":\"https:\\\/\\\/lospoliticosveracruz.com\\\/\"},{\"@type\":\"ListItem\",\"position\":2,\"name\":\"PATROCINIO Y EL ENOJO DE NAHLE\"}]},{\"@type\":\"WebSite\",\"@id\":\"https:\\\/\\\/lospoliticosveracruz.com\\\/#website\",\"url\":\"https:\\\/\\\/lospoliticosveracruz.com\\\/\",\"name\":\"Los pol\u00edticos Veracruz\",\"description\":\"\",\"publisher\":{\"@id\":\"https:\\\/\\\/lospoliticosveracruz.com\\\/#organization\"},\"potentialAction\":[{\"@type\":\"SearchAction\",\"target\":{\"@type\":\"EntryPoint\",\"urlTemplate\":\"https:\\\/\\\/lospoliticosveracruz.com\\\/?s={search_term_string}\"},\"query-input\":{\"@type\":\"PropertyValueSpecification\",\"valueRequired\":true,\"valueName\":\"search_term_string\"}}],\"inLanguage\":\"es\"},{\"@type\":\"Organization\",\"@id\":\"https:\\\/\\\/lospoliticosveracruz.com\\\/#organization\",\"name\":\"Los pol\u00edticos Veracruz\",\"url\":\"https:\\\/\\\/lospoliticosveracruz.com\\\/\",\"logo\":{\"@type\":\"ImageObject\",\"inLanguage\":\"es\",\"@id\":\"https:\\\/\\\/lospoliticosveracruz.com\\\/#\\\/schema\\\/logo\\\/image\\\/\",\"url\":\"https:\\\/\\\/lospoliticosveracruz.com\\\/wp-content\\\/uploads\\\/2025\\\/12\\\/Logo-Nuevo-LOS-POLITICOS-1.jpg\",\"contentUrl\":\"https:\\\/\\\/lospoliticosveracruz.com\\\/wp-content\\\/uploads\\\/2025\\\/12\\\/Logo-Nuevo-LOS-POLITICOS-1.jpg\",\"width\":260,\"height\":70,\"caption\":\"Los pol\u00edticos Veracruz\"},\"image\":{\"@id\":\"https:\\\/\\\/lospoliticosveracruz.com\\\/#\\\/schema\\\/logo\\\/image\\\/\"},\"sameAs\":[\"https:\\\/\\\/www.facebook.com\\\/people\\\/Notimemes-de-los-Polticos\\\/61565672886568\\\/\",\"https:\\\/\\\/x.com\\\/LosPoliticosVer\"]},{\"@type\":\"Person\",\"@id\":\"https:\\\/\\\/lospoliticosveracruz.com\\\/#\\\/schema\\\/person\\\/b8702bb0e538456e6efd07080bf2a4a2\",\"name\":\"Lo viste en Los Pol\u00edticos\",\"image\":{\"@type\":\"ImageObject\",\"inLanguage\":\"es\",\"@id\":\"https:\\\/\\\/secure.gravatar.com\\\/avatar\\\/3a8de04a2656d44082be478bd6c086daa447c4651605818287b9532d3d0bd435?s=96&d=mm&r=g\",\"url\":\"https:\\\/\\\/secure.gravatar.com\\\/avatar\\\/3a8de04a2656d44082be478bd6c086daa447c4651605818287b9532d3d0bd435?s=96&d=mm&r=g\",\"contentUrl\":\"https:\\\/\\\/secure.gravatar.com\\\/avatar\\\/3a8de04a2656d44082be478bd6c086daa447c4651605818287b9532d3d0bd435?s=96&d=mm&r=g\",\"caption\":\"Lo viste en Los Pol\u00edticos\"},\"url\":\"https:\\\/\\\/lospoliticosveracruz.com\\\/?author=2\"}]}<\/script>\n<!-- \/ Yoast SEO plugin. -->","yoast_head_json":{"title":"PATROCINIO Y EL ENOJO DE NAHLE - Los pol\u00edticos Veracruz","robots":{"index":"index","follow":"follow","max-snippet":"max-snippet:-1","max-image-preview":"max-image-preview:large","max-video-preview":"max-video-preview:-1"},"canonical":"https:\/\/lospoliticosveracruz.com\/?p=96432","og_locale":"es_ES","og_type":"article","og_title":"PATROCINIO Y EL ENOJO DE NAHLE - Los pol\u00edticos Veracruz","og_description":"Ricardo Ch\u00faaSale y Vale EXCLUSIVA\u2026 Cuenta \u00abGarganta Profunda\u00bb que desde hace d\u00edas el secretario de Gobierno de Veracruz, Eric Patrocinio Cisneros Burgos acude con FRECUENCIA a Palacio Nacional\u2026 Algunos dicen que va a ver temas con funcionarios de Andr\u00e9s Manuel L\u00f3pez Obrador y otros con el mismo Presidente\u2026 Y que despu\u00e9s pasa a \u00absaludar\u00bb a [&hellip;]","og_url":"https:\/\/lospoliticosveracruz.com\/?p=96432","og_site_name":"Los pol\u00edticos Veracruz","article_publisher":"https:\/\/www.facebook.com\/people\/Notimemes-de-los-Polticos\/61565672886568\/","article_published_time":"2022-10-06T12:56:21+00:00","article_modified_time":"2022-10-06T12:56:26+00:00","og_image":[{"url":"https:\/\/lospoliticosveracruz.com.mx\/wp-content\/uploads\/2022\/05\/Seguro-Julio-Cerecedo.jpg","type":"","width":"","height":""}],"author":"Lo viste en Los Pol\u00edticos","twitter_card":"summary_large_image","twitter_creator":"@LosPoliticosVer","twitter_site":"@LosPoliticosVer","twitter_misc":{"Escrito por":"Lo viste en Los Pol\u00edticos","Tiempo de lectura":"6 minutos"},"schema":{"@context":"https:\/\/schema.org","@graph":[{"@type":"Article","@id":"https:\/\/lospoliticosveracruz.com\/?p=96432#article","isPartOf":{"@id":"https:\/\/lospoliticosveracruz.com\/?p=96432"},"author":{"name":"Lo viste en Los Pol\u00edticos","@id":"https:\/\/lospoliticosveracruz.com\/#\/schema\/person\/b8702bb0e538456e6efd07080bf2a4a2"},"headline":"PATROCINIO Y EL ENOJO DE NAHLE","datePublished":"2022-10-06T12:56:21+00:00","dateModified":"2022-10-06T12:56:26+00:00","mainEntityOfPage":{"@id":"https:\/\/lospoliticosveracruz.com\/?p=96432"},"wordCount":1135,"publisher":{"@id":"https:\/\/lospoliticosveracruz.com\/#organization"},"image":{"@id":"https:\/\/lospoliticosveracruz.com\/?p=96432#primaryimage"},"thumbnailUrl":"https:\/\/lospoliticosveracruz.com.mx\/wp-content\/uploads\/2022\/05\/Seguro-Julio-Cerecedo.jpg","keywords":["Amado Cruz Malpica","C\u00e9sar Y\u00e1\u00f1ez","Coatzacoalcos","Cuitl\u00e1huac Garc\u00eda Jim\u00e9nez","Eric Patrocinio Cisneros Burgos","Guacamayas Leaks","Morena","Patricia Aguilar Pardo","periodistas veracruzanos","Ricardo Ch\u00faa","Roc\u00edo Nahle","Veracruz"],"articleSection":["De Opini\u00f3n"],"inLanguage":"es"},{"@type":"WebPage","@id":"https:\/\/lospoliticosveracruz.com\/?p=96432","url":"https:\/\/lospoliticosveracruz.com\/?p=96432","name":"PATROCINIO Y EL ENOJO DE NAHLE - Los pol\u00edticos Veracruz","isPartOf":{"@id":"https:\/\/lospoliticosveracruz.com\/#website"},"primaryImageOfPage":{"@id":"https:\/\/lospoliticosveracruz.com\/?p=96432#primaryimage"},"image":{"@id":"https:\/\/lospoliticosveracruz.com\/?p=96432#primaryimage"},"thumbnailUrl":"https:\/\/lospoliticosveracruz.com.mx\/wp-content\/uploads\/2022\/05\/Seguro-Julio-Cerecedo.jpg","datePublished":"2022-10-06T12:56:21+00:00","dateModified":"2022-10-06T12:56:26+00:00","breadcrumb":{"@id":"https:\/\/lospoliticosveracruz.com\/?p=96432#breadcrumb"},"inLanguage":"es","potentialAction":[{"@type":"ReadAction","target":["https:\/\/lospoliticosveracruz.com\/?p=96432"]}]},{"@type":"ImageObject","inLanguage":"es","@id":"https:\/\/lospoliticosveracruz.com\/?p=96432#primaryimage","url":"https:\/\/lospoliticosveracruz.com.mx\/wp-content\/uploads\/2022\/05\/Seguro-Julio-Cerecedo.jpg","contentUrl":"https:\/\/lospoliticosveracruz.com.mx\/wp-content\/uploads\/2022\/05\/Seguro-Julio-Cerecedo.jpg"},{"@type":"BreadcrumbList","@id":"https:\/\/lospoliticosveracruz.com\/?p=96432#breadcrumb","itemListElement":[{"@type":"ListItem","position":1,"name":"Portada","item":"https:\/\/lospoliticosveracruz.com\/"},{"@type":"ListItem","position":2,"name":"PATROCINIO Y EL ENOJO DE NAHLE"}]},{"@type":"WebSite","@id":"https:\/\/lospoliticosveracruz.com\/#website","url":"https:\/\/lospoliticosveracruz.com\/","name":"Los pol\u00edticos Veracruz","description":"","publisher":{"@id":"https:\/\/lospoliticosveracruz.com\/#organization"},"potentialAction":[{"@type":"SearchAction","target":{"@type":"EntryPoint","urlTemplate":"https:\/\/lospoliticosveracruz.com\/?s={search_term_string}"},"query-input":{"@type":"PropertyValueSpecification","valueRequired":true,"valueName":"search_term_string"}}],"inLanguage":"es"},{"@type":"Organization","@id":"https:\/\/lospoliticosveracruz.com\/#organization","name":"Los pol\u00edticos Veracruz","url":"https:\/\/lospoliticosveracruz.com\/","logo":{"@type":"ImageObject","inLanguage":"es","@id":"https:\/\/lospoliticosveracruz.com\/#\/schema\/logo\/image\/","url":"https:\/\/lospoliticosveracruz.com\/wp-content\/uploads\/2025\/12\/Logo-Nuevo-LOS-POLITICOS-1.jpg","contentUrl":"https:\/\/lospoliticosveracruz.com\/wp-content\/uploads\/2025\/12\/Logo-Nuevo-LOS-POLITICOS-1.jpg","width":260,"height":70,"caption":"Los pol\u00edticos Veracruz"},"image":{"@id":"https:\/\/lospoliticosveracruz.com\/#\/schema\/logo\/image\/"},"sameAs":["https:\/\/www.facebook.com\/people\/Notimemes-de-los-Polticos\/61565672886568\/","https:\/\/x.com\/LosPoliticosVer"]},{"@type":"Person","@id":"https:\/\/lospoliticosveracruz.com\/#\/schema\/person\/b8702bb0e538456e6efd07080bf2a4a2","name":"Lo viste en Los Pol\u00edticos","image":{"@type":"ImageObject","inLanguage":"es","@id":"https:\/\/secure.gravatar.com\/avatar\/3a8de04a2656d44082be478bd6c086daa447c4651605818287b9532d3d0bd435?s=96&d=mm&r=g","url":"https:\/\/secure.gravatar.com\/avatar\/3a8de04a2656d44082be478bd6c086daa447c4651605818287b9532d3d0bd435?s=96&d=mm&r=g","contentUrl":"https:\/\/secure.gravatar.com\/avatar\/3a8de04a2656d44082be478bd6c086daa447c4651605818287b9532d3d0bd435?s=96&d=mm&r=g","caption":"Lo viste en Los Pol\u00edticos"},"url":"https:\/\/lospoliticosveracruz.com\/?author=2"}]}},"_links":{"self":[{"href":"https:\/\/lospoliticosveracruz.com\/index.php?rest_route=\/wp\/v2\/posts\/96432","targetHints":{"allow":["GET"]}}],"collection":[{"href":"https:\/\/lospoliticosveracruz.com\/index.php?rest_route=\/wp\/v2\/posts"}],"about":[{"href":"https:\/\/lospoliticosveracruz.com\/index.php?rest_route=\/wp\/v2\/types\/post"}],"author":[{"embeddable":true,"href":"https:\/\/lospoliticosveracruz.com\/index.php?rest_route=\/wp\/v2\/users\/2"}],"replies":[{"embeddable":true,"href":"https:\/\/lospoliticosveracruz.com\/index.php?rest_route=%2Fwp%2Fv2%2Fcomments&post=96432"}],"version-history":[{"count":1,"href":"https:\/\/lospoliticosveracruz.com\/index.php?rest_route=\/wp\/v2\/posts\/96432\/revisions"}],"predecessor-version":[{"id":96433,"href":"https:\/\/lospoliticosveracruz.com\/index.php?rest_route=\/wp\/v2\/posts\/96432\/revisions\/96433"}],"wp:attachment":[{"href":"https:\/\/lospoliticosveracruz.com\/index.php?rest_route=%2Fwp%2Fv2%2Fmedia&parent=96432"}],"wp:term":[{"taxonomy":"category","embeddable":true,"href":"https:\/\/lospoliticosveracruz.com\/index.php?rest_route=%2Fwp%2Fv2%2Fcategories&post=96432"},{"taxonomy":"post_tag","embeddable":true,"href":"https:\/\/lospoliticosveracruz.com\/index.php?rest_route=%2Fwp%2Fv2%2Ftags&post=96432"}],"curies":[{"name":"wp","href":"https:\/\/api.w.org\/{rel}","templated":true}]}}