{"id":96434,"date":"2022-10-06T08:12:19","date_gmt":"2022-10-06T13:12:19","guid":{"rendered":"https:\/\/lospoliticosveracruz.com.mx\/?p=96434"},"modified":"2022-10-06T08:12:23","modified_gmt":"2022-10-06T13:12:23","slug":"defenderan-con-unas-y-dientes-ley-nahle","status":"publish","type":"post","link":"https:\/\/lospoliticosveracruz.com\/?p=96434","title":{"rendered":"DEFENDER\u00c1N CON U\u00d1AS Y DIENTES LEY NAHLE!"},"content":{"rendered":"\n<p><strong>Karla M\u00e9ndez<br><\/strong>Xalapa, Ver.- El Congreso del Estado de Veracruz defender\u00e1 hasta el final la reforma al art\u00edculo 11, que fue mal nombrada \u00abLey Nahle\u00bb y aprobada por mayor\u00eda, esto luego de que la Suprema Corte de Justicia de la Naci\u00f3n (SCJN) discutir\u00e1 el d\u00eda de ma\u00f1ana la acci\u00f3n de inconstitucionalidad presentada por los partidos del PAN y PRD, que busca echarla abajo.<\/p>\n\n\n\n<p>Al respecto, el diputado presidente de la Junta de Coordinaci\u00f3n Pol\u00edtica (JUCOPO), Juan Javier G\u00f3mez Cazar\u00edn, en entrevista exclusiva se\u00f1al\u00f3 que no permitir\u00e1n que la oposici\u00f3n quiera quitarle a los veracruzanos y ciudadanos la oportunidad de poder contender para alg\u00fan cargo.<\/p>\n\n\n\n<p>\u201cYo puedo decirlo, desde aqu\u00ed, el equipo jur\u00eddico del Congreso del Estado va a defender esta reforma y el equipo jur\u00eddico, me imagino, del Comit\u00e9 Directivo Estatal de Morena, Esteban Ram\u00edrez Zepeta\u201d.<\/p>\n\n\n\n<p>En ese sentido, el legislador record\u00f3 que la reforma permite que las personas nacidas en otros estados pero con residencia efectiva en Veracruz e hijos nacidos en el estado, puedan convertirse en gobernadores, no fue hecha \u201ca modo\u201d, sino que se busc\u00f3 la armonizaci\u00f3n con la ley federal.<\/p>\n\n\n\n<p>Por tal motivo, mencion\u00f3 que el llamarla \u201cLey Nahle\u201d fue idea de los opositores, por lo que no existe motivo para intentar echar abajo una acci\u00f3n que busca se respeten los derechos pol\u00edtico-electorales de cualquier individuo.<\/p>\n\n\n\n<p>Incluso, record\u00f3 que existen militantes panistas que son de otros estados y que llevan varios a\u00f1os en Veracruz, como es el caso del due\u00f1o del peri\u00f3dico Notiver, siendo injusto que personajes como \u00e9ste participen en una elecci\u00f3n.<\/p>\n\n\n\n<p>\u201cPues para los mismos panistas su mejor activo del periodismo, el se\u00f1or del Notiver en Veracruz, tiene m\u00e1s de 70 a\u00f1os viviendo aqu\u00ed. C\u00f3mo es posible que no tengan derecho a participar en una elecci\u00f3n, porque ellos no quieren\u201d.<\/p>\n\n\n\n<p>As\u00ed mismo, reconoci\u00f3 la labor que la secretaria Roc\u00edo Nahle ha emprendido en el estado, la cual dijo \u201cse ha preocupado por los veracruzanos\u201d y que si ella, cuando lleguen los tiempos, desea participar en los comicios podr\u00e1 hacerlo sin que nadie se lo impida porque es su derecho.<\/p>\n\n\n\n<p>Sobre los jueces federales que liberaron a los presuntos asesinos de un periodista y un excandidato a alcalde, reiter\u00f3 que no va a permitir que haya impunidad, a lo que hizo un llamado para que se investiguen.<\/p>\n","protected":false},"excerpt":{"rendered":"<p>Karla M\u00e9ndezXalapa, Ver.- El Congreso del Estado de Veracruz defender\u00e1 hasta el final la reforma al art\u00edculo 11, que fue mal nombrada \u00abLey Nahle\u00bb y aprobada por mayor\u00eda, esto luego de que la Suprema Corte de Justicia de la Naci\u00f3n (SCJN) discutir\u00e1 el d\u00eda de ma\u00f1ana la acci\u00f3n de inconstitucionalidad presentada por los partidos del [&hellip;]<\/p>\n","protected":false},"author":2,"featured_media":0,"comment_status":"closed","ping_status":"closed","sticky":false,"template":"","format":"standard","meta":{"tdm_status":"","tdm_grid_status":"","footnotes":""},"categories":[6446],"tags":[16970,12695,9418,32671,34359,1026],"class_list":{"0":"post-96434","1":"post","2":"type-post","3":"status-publish","4":"format-standard","6":"category-la-nota","7":"tag-congreso-del-estado-de-veracruz","8":"tag-juan-javier-gomez-cazarin","9":"tag-jucopo","10":"tag-karla-mendez","11":"tag-ley-nahle","12":"tag-morena"},"yoast_head":"<!-- This site is optimized with the Yoast SEO plugin v27.4 - https:\/\/yoast.com\/product\/yoast-seo-wordpress\/ -->\n<title>DEFENDER\u00c1N CON U\u00d1AS Y DIENTES LEY NAHLE! - Los pol\u00edticos Veracruz<\/title>\n<meta name=\"robots\" content=\"index, follow, max-snippet:-1, max-image-preview:large, max-video-preview:-1\" \/>\n<link rel=\"canonical\" href=\"https:\/\/lospoliticosveracruz.com\/?p=96434\" \/>\n<meta property=\"og:locale\" content=\"es_ES\" \/>\n<meta property=\"og:type\" content=\"article\" \/>\n<meta property=\"og:title\" content=\"DEFENDER\u00c1N CON U\u00d1AS Y DIENTES LEY NAHLE! - Los pol\u00edticos Veracruz\" \/>\n<meta property=\"og:description\" content=\"Karla M\u00e9ndezXalapa, Ver.- El Congreso del Estado de Veracruz defender\u00e1 hasta el final la reforma al art\u00edculo 11, que fue mal nombrada \u00abLey Nahle\u00bb y aprobada por mayor\u00eda, esto luego de que la Suprema Corte de Justicia de la Naci\u00f3n (SCJN) discutir\u00e1 el d\u00eda de ma\u00f1ana la acci\u00f3n de inconstitucionalidad presentada por los partidos del [&hellip;]\" \/>\n<meta property=\"og:url\" content=\"https:\/\/lospoliticosveracruz.com\/?p=96434\" \/>\n<meta property=\"og:site_name\" content=\"Los pol\u00edticos Veracruz\" \/>\n<meta property=\"article:publisher\" content=\"https:\/\/www.facebook.com\/people\/Notimemes-de-los-Polticos\/61565672886568\/\" \/>\n<meta property=\"article:published_time\" content=\"2022-10-06T13:12:19+00:00\" \/>\n<meta property=\"article:modified_time\" content=\"2022-10-06T13:12:23+00:00\" \/>\n<meta property=\"og:image\" content=\"https:\/\/lospoliticosveracruz.com\/wp-content\/uploads\/2016\/07\/Logo-Dor.jpg\" \/>\n\t<meta property=\"og:image:width\" content=\"200\" \/>\n\t<meta property=\"og:image:height\" content=\"200\" \/>\n\t<meta property=\"og:image:type\" content=\"image\/jpeg\" \/>\n<meta name=\"author\" content=\"Lo viste en Los Pol\u00edticos\" \/>\n<meta name=\"twitter:card\" content=\"summary_large_image\" \/>\n<meta name=\"twitter:creator\" content=\"@LosPoliticosVer\" \/>\n<meta name=\"twitter:site\" content=\"@LosPoliticosVer\" \/>\n<meta name=\"twitter:label1\" content=\"Escrito por\" \/>\n\t<meta name=\"twitter:data1\" content=\"Lo viste en Los Pol\u00edticos\" \/>\n\t<meta name=\"twitter:label2\" content=\"Tiempo de lectura\" \/>\n\t<meta name=\"twitter:data2\" content=\"2 minutos\" \/>\n<script type=\"application\/ld+json\" class=\"yoast-schema-graph\">{\"@context\":\"https:\\\/\\\/schema.org\",\"@graph\":[{\"@type\":\"Article\",\"@id\":\"https:\\\/\\\/lospoliticosveracruz.com\\\/?p=96434#article\",\"isPartOf\":{\"@id\":\"https:\\\/\\\/lospoliticosveracruz.com\\\/?p=96434\"},\"author\":{\"name\":\"Lo viste en Los Pol\u00edticos\",\"@id\":\"https:\\\/\\\/lospoliticosveracruz.com\\\/#\\\/schema\\\/person\\\/b8702bb0e538456e6efd07080bf2a4a2\"},\"headline\":\"DEFENDER\u00c1N CON U\u00d1AS Y DIENTES LEY NAHLE!\",\"datePublished\":\"2022-10-06T13:12:19+00:00\",\"dateModified\":\"2022-10-06T13:12:23+00:00\",\"mainEntityOfPage\":{\"@id\":\"https:\\\/\\\/lospoliticosveracruz.com\\\/?p=96434\"},\"wordCount\":421,\"publisher\":{\"@id\":\"https:\\\/\\\/lospoliticosveracruz.com\\\/#organization\"},\"keywords\":[\"Congreso del Estado de Veracruz\",\"Juan Javier G\u00f3mez Cazar\u00edn\",\"Jucopo\",\"Karla M\u00e9ndez\",\"Ley Nahle\",\"Morena\"],\"articleSection\":[\"La Nota\"],\"inLanguage\":\"es\"},{\"@type\":\"WebPage\",\"@id\":\"https:\\\/\\\/lospoliticosveracruz.com\\\/?p=96434\",\"url\":\"https:\\\/\\\/lospoliticosveracruz.com\\\/?p=96434\",\"name\":\"DEFENDER\u00c1N CON U\u00d1AS Y DIENTES LEY NAHLE! - Los pol\u00edticos Veracruz\",\"isPartOf\":{\"@id\":\"https:\\\/\\\/lospoliticosveracruz.com\\\/#website\"},\"datePublished\":\"2022-10-06T13:12:19+00:00\",\"dateModified\":\"2022-10-06T13:12:23+00:00\",\"breadcrumb\":{\"@id\":\"https:\\\/\\\/lospoliticosveracruz.com\\\/?p=96434#breadcrumb\"},\"inLanguage\":\"es\",\"potentialAction\":[{\"@type\":\"ReadAction\",\"target\":[\"https:\\\/\\\/lospoliticosveracruz.com\\\/?p=96434\"]}]},{\"@type\":\"BreadcrumbList\",\"@id\":\"https:\\\/\\\/lospoliticosveracruz.com\\\/?p=96434#breadcrumb\",\"itemListElement\":[{\"@type\":\"ListItem\",\"position\":1,\"name\":\"Portada\",\"item\":\"https:\\\/\\\/lospoliticosveracruz.com\\\/\"},{\"@type\":\"ListItem\",\"position\":2,\"name\":\"DEFENDER\u00c1N CON U\u00d1AS Y DIENTES LEY NAHLE!\"}]},{\"@type\":\"WebSite\",\"@id\":\"https:\\\/\\\/lospoliticosveracruz.com\\\/#website\",\"url\":\"https:\\\/\\\/lospoliticosveracruz.com\\\/\",\"name\":\"Los pol\u00edticos Veracruz\",\"description\":\"\",\"publisher\":{\"@id\":\"https:\\\/\\\/lospoliticosveracruz.com\\\/#organization\"},\"potentialAction\":[{\"@type\":\"SearchAction\",\"target\":{\"@type\":\"EntryPoint\",\"urlTemplate\":\"https:\\\/\\\/lospoliticosveracruz.com\\\/?s={search_term_string}\"},\"query-input\":{\"@type\":\"PropertyValueSpecification\",\"valueRequired\":true,\"valueName\":\"search_term_string\"}}],\"inLanguage\":\"es\"},{\"@type\":\"Organization\",\"@id\":\"https:\\\/\\\/lospoliticosveracruz.com\\\/#organization\",\"name\":\"Los pol\u00edticos Veracruz\",\"url\":\"https:\\\/\\\/lospoliticosveracruz.com\\\/\",\"logo\":{\"@type\":\"ImageObject\",\"inLanguage\":\"es\",\"@id\":\"https:\\\/\\\/lospoliticosveracruz.com\\\/#\\\/schema\\\/logo\\\/image\\\/\",\"url\":\"https:\\\/\\\/lospoliticosveracruz.com\\\/wp-content\\\/uploads\\\/2025\\\/12\\\/Logo-Nuevo-LOS-POLITICOS-1.jpg\",\"contentUrl\":\"https:\\\/\\\/lospoliticosveracruz.com\\\/wp-content\\\/uploads\\\/2025\\\/12\\\/Logo-Nuevo-LOS-POLITICOS-1.jpg\",\"width\":260,\"height\":70,\"caption\":\"Los pol\u00edticos Veracruz\"},\"image\":{\"@id\":\"https:\\\/\\\/lospoliticosveracruz.com\\\/#\\\/schema\\\/logo\\\/image\\\/\"},\"sameAs\":[\"https:\\\/\\\/www.facebook.com\\\/people\\\/Notimemes-de-los-Polticos\\\/61565672886568\\\/\",\"https:\\\/\\\/x.com\\\/LosPoliticosVer\"]},{\"@type\":\"Person\",\"@id\":\"https:\\\/\\\/lospoliticosveracruz.com\\\/#\\\/schema\\\/person\\\/b8702bb0e538456e6efd07080bf2a4a2\",\"name\":\"Lo viste en Los Pol\u00edticos\",\"image\":{\"@type\":\"ImageObject\",\"inLanguage\":\"es\",\"@id\":\"https:\\\/\\\/secure.gravatar.com\\\/avatar\\\/3a8de04a2656d44082be478bd6c086daa447c4651605818287b9532d3d0bd435?s=96&d=mm&r=g\",\"url\":\"https:\\\/\\\/secure.gravatar.com\\\/avatar\\\/3a8de04a2656d44082be478bd6c086daa447c4651605818287b9532d3d0bd435?s=96&d=mm&r=g\",\"contentUrl\":\"https:\\\/\\\/secure.gravatar.com\\\/avatar\\\/3a8de04a2656d44082be478bd6c086daa447c4651605818287b9532d3d0bd435?s=96&d=mm&r=g\",\"caption\":\"Lo viste en Los Pol\u00edticos\"},\"url\":\"https:\\\/\\\/lospoliticosveracruz.com\\\/?author=2\"}]}<\/script>\n<!-- \/ Yoast SEO plugin. -->","yoast_head_json":{"title":"DEFENDER\u00c1N CON U\u00d1AS Y DIENTES LEY NAHLE! - Los pol\u00edticos Veracruz","robots":{"index":"index","follow":"follow","max-snippet":"max-snippet:-1","max-image-preview":"max-image-preview:large","max-video-preview":"max-video-preview:-1"},"canonical":"https:\/\/lospoliticosveracruz.com\/?p=96434","og_locale":"es_ES","og_type":"article","og_title":"DEFENDER\u00c1N CON U\u00d1AS Y DIENTES LEY NAHLE! - Los pol\u00edticos Veracruz","og_description":"Karla M\u00e9ndezXalapa, Ver.- El Congreso del Estado de Veracruz defender\u00e1 hasta el final la reforma al art\u00edculo 11, que fue mal nombrada \u00abLey Nahle\u00bb y aprobada por mayor\u00eda, esto luego de que la Suprema Corte de Justicia de la Naci\u00f3n (SCJN) discutir\u00e1 el d\u00eda de ma\u00f1ana la acci\u00f3n de inconstitucionalidad presentada por los partidos del [&hellip;]","og_url":"https:\/\/lospoliticosveracruz.com\/?p=96434","og_site_name":"Los pol\u00edticos Veracruz","article_publisher":"https:\/\/www.facebook.com\/people\/Notimemes-de-los-Polticos\/61565672886568\/","article_published_time":"2022-10-06T13:12:19+00:00","article_modified_time":"2022-10-06T13:12:23+00:00","og_image":[{"width":200,"height":200,"url":"https:\/\/lospoliticosveracruz.com\/wp-content\/uploads\/2016\/07\/Logo-Dor.jpg","type":"image\/jpeg"}],"author":"Lo viste en Los Pol\u00edticos","twitter_card":"summary_large_image","twitter_creator":"@LosPoliticosVer","twitter_site":"@LosPoliticosVer","twitter_misc":{"Escrito por":"Lo viste en Los Pol\u00edticos","Tiempo de lectura":"2 minutos"},"schema":{"@context":"https:\/\/schema.org","@graph":[{"@type":"Article","@id":"https:\/\/lospoliticosveracruz.com\/?p=96434#article","isPartOf":{"@id":"https:\/\/lospoliticosveracruz.com\/?p=96434"},"author":{"name":"Lo viste en Los Pol\u00edticos","@id":"https:\/\/lospoliticosveracruz.com\/#\/schema\/person\/b8702bb0e538456e6efd07080bf2a4a2"},"headline":"DEFENDER\u00c1N CON U\u00d1AS Y DIENTES LEY NAHLE!","datePublished":"2022-10-06T13:12:19+00:00","dateModified":"2022-10-06T13:12:23+00:00","mainEntityOfPage":{"@id":"https:\/\/lospoliticosveracruz.com\/?p=96434"},"wordCount":421,"publisher":{"@id":"https:\/\/lospoliticosveracruz.com\/#organization"},"keywords":["Congreso del Estado de Veracruz","Juan Javier G\u00f3mez Cazar\u00edn","Jucopo","Karla M\u00e9ndez","Ley Nahle","Morena"],"articleSection":["La Nota"],"inLanguage":"es"},{"@type":"WebPage","@id":"https:\/\/lospoliticosveracruz.com\/?p=96434","url":"https:\/\/lospoliticosveracruz.com\/?p=96434","name":"DEFENDER\u00c1N CON U\u00d1AS Y DIENTES LEY NAHLE! - Los pol\u00edticos Veracruz","isPartOf":{"@id":"https:\/\/lospoliticosveracruz.com\/#website"},"datePublished":"2022-10-06T13:12:19+00:00","dateModified":"2022-10-06T13:12:23+00:00","breadcrumb":{"@id":"https:\/\/lospoliticosveracruz.com\/?p=96434#breadcrumb"},"inLanguage":"es","potentialAction":[{"@type":"ReadAction","target":["https:\/\/lospoliticosveracruz.com\/?p=96434"]}]},{"@type":"BreadcrumbList","@id":"https:\/\/lospoliticosveracruz.com\/?p=96434#breadcrumb","itemListElement":[{"@type":"ListItem","position":1,"name":"Portada","item":"https:\/\/lospoliticosveracruz.com\/"},{"@type":"ListItem","position":2,"name":"DEFENDER\u00c1N CON U\u00d1AS Y DIENTES LEY NAHLE!"}]},{"@type":"WebSite","@id":"https:\/\/lospoliticosveracruz.com\/#website","url":"https:\/\/lospoliticosveracruz.com\/","name":"Los pol\u00edticos Veracruz","description":"","publisher":{"@id":"https:\/\/lospoliticosveracruz.com\/#organization"},"potentialAction":[{"@type":"SearchAction","target":{"@type":"EntryPoint","urlTemplate":"https:\/\/lospoliticosveracruz.com\/?s={search_term_string}"},"query-input":{"@type":"PropertyValueSpecification","valueRequired":true,"valueName":"search_term_string"}}],"inLanguage":"es"},{"@type":"Organization","@id":"https:\/\/lospoliticosveracruz.com\/#organization","name":"Los pol\u00edticos Veracruz","url":"https:\/\/lospoliticosveracruz.com\/","logo":{"@type":"ImageObject","inLanguage":"es","@id":"https:\/\/lospoliticosveracruz.com\/#\/schema\/logo\/image\/","url":"https:\/\/lospoliticosveracruz.com\/wp-content\/uploads\/2025\/12\/Logo-Nuevo-LOS-POLITICOS-1.jpg","contentUrl":"https:\/\/lospoliticosveracruz.com\/wp-content\/uploads\/2025\/12\/Logo-Nuevo-LOS-POLITICOS-1.jpg","width":260,"height":70,"caption":"Los pol\u00edticos Veracruz"},"image":{"@id":"https:\/\/lospoliticosveracruz.com\/#\/schema\/logo\/image\/"},"sameAs":["https:\/\/www.facebook.com\/people\/Notimemes-de-los-Polticos\/61565672886568\/","https:\/\/x.com\/LosPoliticosVer"]},{"@type":"Person","@id":"https:\/\/lospoliticosveracruz.com\/#\/schema\/person\/b8702bb0e538456e6efd07080bf2a4a2","name":"Lo viste en Los Pol\u00edticos","image":{"@type":"ImageObject","inLanguage":"es","@id":"https:\/\/secure.gravatar.com\/avatar\/3a8de04a2656d44082be478bd6c086daa447c4651605818287b9532d3d0bd435?s=96&d=mm&r=g","url":"https:\/\/secure.gravatar.com\/avatar\/3a8de04a2656d44082be478bd6c086daa447c4651605818287b9532d3d0bd435?s=96&d=mm&r=g","contentUrl":"https:\/\/secure.gravatar.com\/avatar\/3a8de04a2656d44082be478bd6c086daa447c4651605818287b9532d3d0bd435?s=96&d=mm&r=g","caption":"Lo viste en Los Pol\u00edticos"},"url":"https:\/\/lospoliticosveracruz.com\/?author=2"}]}},"_links":{"self":[{"href":"https:\/\/lospoliticosveracruz.com\/index.php?rest_route=\/wp\/v2\/posts\/96434","targetHints":{"allow":["GET"]}}],"collection":[{"href":"https:\/\/lospoliticosveracruz.com\/index.php?rest_route=\/wp\/v2\/posts"}],"about":[{"href":"https:\/\/lospoliticosveracruz.com\/index.php?rest_route=\/wp\/v2\/types\/post"}],"author":[{"embeddable":true,"href":"https:\/\/lospoliticosveracruz.com\/index.php?rest_route=\/wp\/v2\/users\/2"}],"replies":[{"embeddable":true,"href":"https:\/\/lospoliticosveracruz.com\/index.php?rest_route=%2Fwp%2Fv2%2Fcomments&post=96434"}],"version-history":[{"count":1,"href":"https:\/\/lospoliticosveracruz.com\/index.php?rest_route=\/wp\/v2\/posts\/96434\/revisions"}],"predecessor-version":[{"id":96436,"href":"https:\/\/lospoliticosveracruz.com\/index.php?rest_route=\/wp\/v2\/posts\/96434\/revisions\/96436"}],"wp:attachment":[{"href":"https:\/\/lospoliticosveracruz.com\/index.php?rest_route=%2Fwp%2Fv2%2Fmedia&parent=96434"}],"wp:term":[{"taxonomy":"category","embeddable":true,"href":"https:\/\/lospoliticosveracruz.com\/index.php?rest_route=%2Fwp%2Fv2%2Fcategories&post=96434"},{"taxonomy":"post_tag","embeddable":true,"href":"https:\/\/lospoliticosveracruz.com\/index.php?rest_route=%2Fwp%2Fv2%2Ftags&post=96434"}],"curies":[{"name":"wp","href":"https:\/\/api.w.org\/{rel}","templated":true}]}}