{"id":96469,"date":"2022-10-06T18:33:40","date_gmt":"2022-10-06T23:33:40","guid":{"rendered":"https:\/\/lospoliticosveracruz.com.mx\/?p=96469"},"modified":"2022-10-06T18:40:06","modified_gmt":"2022-10-06T23:40:06","slug":"que-quieres-ser-de-grande","status":"publish","type":"post","link":"https:\/\/lospoliticosveracruz.com\/?p=96469","title":{"rendered":"QU\u00c9 QUIERES SER DE GRANDE"},"content":{"rendered":"\n<p><\/p>\n\n\n\n<p><strong>Salvador Mu\u00f1oz<\/strong><\/p>\n\n\n\n<p><em>Los Pol\u00edticos<\/em><\/p>\n\n\n\n<p>Hubo un momento en la vida de todo ni\u00f1o en el que quiso ser el Santo\u2026 bastaba una toalla, blanca de preferencia y mucha imaginaci\u00f3n, para ser el enmascarado de plata\u2026<\/p>\n\n\n\n<figure class=\"wp-block-embed is-type-video is-provider-youtube wp-block-embed-youtube wp-embed-aspect-16-9 wp-has-aspect-ratio\"><div class=\"wp-block-embed__wrapper\">\n<iframe loading=\"lazy\" title=\"Cluster Coworking\" width=\"696\" height=\"392\" src=\"https:\/\/www.youtube.com\/embed\/Nxe-vxf8GuY?feature=oembed\" frameborder=\"0\" allow=\"accelerometer; autoplay; clipboard-write; encrypted-media; gyroscope; picture-in-picture; web-share\" referrerpolicy=\"strict-origin-when-cross-origin\" allowfullscreen><\/iframe>\n<\/div><\/figure>\n\n\n\n<p>Hubo un momento en la vida de todo ni\u00f1o en el que quiso ser polic\u00eda\u2026 s\u00f3lo era cuesti\u00f3n de cerrar tres dedos, apuntar con el \u00edndice y el pulgar arriba para tener un arma con la cual detener a los malos\u2026<\/p>\n\n\n\n<p>Hubo un momento en la vida de todo ni\u00f1o que quiso ser Doctor, Abogado, Ingeniero, Arquitecto, no s\u00e9, esa profesi\u00f3n que orgullosamente el padre ejerc\u00eda\u2026<\/p>\n\n\n\n<p>De esos momentos, hablamos de d\u00e9cadas, generaciones, y es seguro que muchos de esos ni\u00f1os de antes, hoy son padres y quiz\u00e1s algunos abuelos\u2026<\/p>\n\n\n\n<p>Entonces, hubo un momento en la vida de esos abuelos y de esos padres, que cuando le preguntaron a unos ni\u00f1os qu\u00e9 quisieran ser de grandes, esto empezaron a responder:<\/p>\n\n\n\n<p>Los ni\u00f1os dejaron de querer ser polic\u00edas\u2026 ahora quer\u00edan ser los malos\u2026 quer\u00edan ser sicarios porque de un modo u otro, ya ten\u00edan una concepci\u00f3n extra\u00f1a del Poder por encima de los valores de un Santo as\u00ed como una rara forma de entender el Respeto a trav\u00e9s del miedo\u2026 el camino m\u00e1s r\u00e1pido pues, de ser alguien o salir de la pobreza\u2026<\/p>\n\n\n\n<p>De esos momentos, hablamos de un par de d\u00e9cadas, en algunos ni\u00f1os los sue\u00f1os cambiaron\u2026<\/p>\n\n\n\n<p>As\u00ed que cuando el abuelo o el padre pregunt\u00f3 al ni\u00f1o qu\u00e9 quieres ser de grande, es seguro que alguno haya respondido \u201cquiero ser youtuber\u201d&#8230; neologismo que quiz\u00e1s no fue comprendido con exactitud al principio\u2026 \u00bfQu\u00e9 demonios es un Youtuber?<\/p>\n\n\n\n<p>A los nuevos sue\u00f1os de los ni\u00f1os se vino otra suerte de profesi\u00f3n, cuando al tiempo, ese abuelo o ese padre pregunt\u00f3 lo mismo, y otro ni\u00f1o respondi\u00f3: \u201cQuiero ser un Gamer\u201d&#8230;<\/p>\n\n\n\n<p>Enfrente de mi casa hay un chamaco que grita sandeces (as\u00ed les digo porque no las entiendo) y no ser\u00eda malo de no ser porque sus alaridos muchas veces inician al mediod\u00eda por lo que especulo que a esa hora lleg\u00f3 de la escuela, en el mejor de los escenarios, o despert\u00f3 apenas, en el peor\u2026<\/p>\n\n\n\n<p>La pregunta se viene acortando porque pareciera que el tiempo se vive m\u00e1s r\u00e1pido en estos d\u00edas\u2026 la tecnolog\u00eda y sus agigantados pasos\u2026 \u00bfY hoy qu\u00e9 quieren ser los ni\u00f1os? \u00a1Tiktokero!<\/p>\n\n\n\n<p>Ya el abuelo y el padre entienden el concepto\u2026 en una de \u00e9sas, hasta la madre\u2026 \u00bfpor qu\u00e9? muy simple: ya tenemos al abuelito subiendo sus videos al TikTok y los nietos, \u00a1contentos! \u00bfo cu\u00e1ntos videos no hace el padre acompa\u00f1ado de su hijos? \u00bfO la madre?<\/p>\n\n\n\n<p>La moda hoy es ser Influencer\u2026 hasta el momento no me ha tocado escuchar a un ni\u00f1o querer ser Influencer pero s\u00ed vi un video de una Influencer pedir a sus suscriptores que la mantengan porque parafraseando a Juan Gabriel, ella \u201cno naci\u00f3 para trabajar\u201d&#8230;<\/p>\n\n\n\n<p>Hace poco, igual, en el programa m\u00e1s popular de Nuevo Le\u00f3n, a una peque\u00f1a, quiz\u00e1s de siete a\u00f1os, le preguntaron qu\u00e9 es lo que ser\u00eda ser de grande y ella respondi\u00f3 que como ellas, se\u00f1alando al grupo de mujeres que acompa\u00f1an a Chavana en \u201cEs Show\u201d; la mayor\u00eda de ellas, exuberantes y de ropas muy ligeras o muy apretadas\u2026<\/p>\n\n\n\n<p>Al menos no dijo que como Karely Ruiz, influencer de moda que de acuerdo a entrevistas dadas por ella, en el \u201cOnly Fans\u201d saca al mes, 400 mil pesos bajita la mano\u2026 bajita la blusa, bajita la falda, bajito el brasier, bajito el calz\u00f3n\u2026<\/p>\n\n\n\n<p>Curiosamente, la moneda va hoy muy de la mano a los \u201cLikes\u201d&#8230; estamos viviendo un mundo donde al parecer, a la mayor\u00eda de las personas no les interesa \u201cestudiar para ser alguien\u201d como se estilaba a decir hace 30, 40 o 50 a\u00f1os\u2026 hoy, a mayor n\u00famero de Likes puedes ser objeto de patrocinadores\u2026 \u00bfno estudiaste? \u00bfno tienes ninguna licenciatura? \u00bfEn el Marath\u00f3n no pasas de la primera casilla? \u00a1Qu\u00e9 importa! Hoy nuestro mundo nos dice que es posible triunfar sin prepararse, porque millones de seguidores y otros millones de \u201cLikes\u201d pueden m\u00e1s que un t\u00edtulo\u2026<\/p>\n\n\n\n<p>Pero, tranquilo abuelo, papis y mamis\u2026 esto no es el Apocalipsis\u2026 puede considerarse hasta cierto punto normal, consecuencia de la tecnolog\u00eda del divertimento\u2026 pero si quiere saber una se\u00f1al de que las cosas se ir\u00e1n a la chingada, p\u00f3ngase a rezar cuando haya alguien que le pregunte al ni\u00f1o qu\u00e9 quiere ser de grande y \u00e9ste responda: \u00a1Quiero ser chairo! \u00a1De derecha o izquierda ser\u00eda el acabose! \u00a1Dios nos agarre confesados!<\/p>\n","protected":false},"excerpt":{"rendered":"<p>Salvador Mu\u00f1oz Los Pol\u00edticos Hubo un momento en la vida de todo ni\u00f1o en el que quiso ser el Santo\u2026 bastaba una toalla, blanca de preferencia y mucha imaginaci\u00f3n, para ser el enmascarado de plata\u2026 Hubo un momento en la vida de todo ni\u00f1o en el que quiso ser polic\u00eda\u2026 s\u00f3lo era cuesti\u00f3n de cerrar [&hellip;]<\/p>\n","protected":false},"author":2,"featured_media":0,"comment_status":"closed","ping_status":"closed","sticky":false,"template":"","format":"standard","meta":{"tdm_status":"","tdm_grid_status":"","footnotes":""},"categories":[70],"tags":[35569,14996,16197,35570,32465,35566,2646,35568],"class_list":{"0":"post-96469","1":"post","2":"type-post","3":"status-publish","4":"format-standard","6":"category-de-opinion","7":"tag-es-show","8":"tag-gamer","9":"tag-influencer","10":"tag-karely-ruiz","11":"tag-only-fans","12":"tag-que-quieres-ser-de-grande","13":"tag-salvador-munoz","14":"tag-tiktokero"},"yoast_head":"<!-- This site is optimized with the Yoast SEO plugin v27.4 - https:\/\/yoast.com\/product\/yoast-seo-wordpress\/ -->\n<title>QU\u00c9 QUIERES SER DE GRANDE - Los pol\u00edticos Veracruz<\/title>\n<meta name=\"robots\" content=\"index, follow, max-snippet:-1, max-image-preview:large, max-video-preview:-1\" \/>\n<link rel=\"canonical\" href=\"https:\/\/lospoliticosveracruz.com\/?p=96469\" \/>\n<meta property=\"og:locale\" content=\"es_ES\" \/>\n<meta property=\"og:type\" content=\"article\" \/>\n<meta property=\"og:title\" content=\"QU\u00c9 QUIERES SER DE GRANDE - Los pol\u00edticos Veracruz\" \/>\n<meta property=\"og:description\" content=\"Salvador Mu\u00f1oz Los Pol\u00edticos Hubo un momento en la vida de todo ni\u00f1o en el que quiso ser el Santo\u2026 bastaba una toalla, blanca de preferencia y mucha imaginaci\u00f3n, para ser el enmascarado de plata\u2026 Hubo un momento en la vida de todo ni\u00f1o en el que quiso ser polic\u00eda\u2026 s\u00f3lo era cuesti\u00f3n de cerrar [&hellip;]\" \/>\n<meta property=\"og:url\" content=\"https:\/\/lospoliticosveracruz.com\/?p=96469\" \/>\n<meta property=\"og:site_name\" content=\"Los pol\u00edticos Veracruz\" \/>\n<meta property=\"article:publisher\" content=\"https:\/\/www.facebook.com\/people\/Notimemes-de-los-Polticos\/61565672886568\/\" \/>\n<meta property=\"article:published_time\" content=\"2022-10-06T23:33:40+00:00\" \/>\n<meta property=\"article:modified_time\" content=\"2022-10-06T23:40:06+00:00\" \/>\n<meta property=\"og:image\" content=\"https:\/\/lospoliticosveracruz.com\/wp-content\/uploads\/2016\/07\/Logo-Dor.jpg\" \/>\n\t<meta property=\"og:image:width\" content=\"200\" \/>\n\t<meta property=\"og:image:height\" content=\"200\" \/>\n\t<meta property=\"og:image:type\" content=\"image\/jpeg\" \/>\n<meta name=\"author\" content=\"Lo viste en Los Pol\u00edticos\" \/>\n<meta name=\"twitter:card\" content=\"summary_large_image\" \/>\n<meta name=\"twitter:creator\" content=\"@LosPoliticosVer\" \/>\n<meta name=\"twitter:site\" content=\"@LosPoliticosVer\" \/>\n<meta name=\"twitter:label1\" content=\"Escrito por\" \/>\n\t<meta name=\"twitter:data1\" content=\"Lo viste en Los Pol\u00edticos\" \/>\n\t<meta name=\"twitter:label2\" content=\"Tiempo de lectura\" \/>\n\t<meta name=\"twitter:data2\" content=\"4 minutos\" \/>\n<script type=\"application\/ld+json\" class=\"yoast-schema-graph\">{\"@context\":\"https:\\\/\\\/schema.org\",\"@graph\":[{\"@type\":\"Article\",\"@id\":\"https:\\\/\\\/lospoliticosveracruz.com\\\/?p=96469#article\",\"isPartOf\":{\"@id\":\"https:\\\/\\\/lospoliticosveracruz.com\\\/?p=96469\"},\"author\":{\"name\":\"Lo viste en Los Pol\u00edticos\",\"@id\":\"https:\\\/\\\/lospoliticosveracruz.com\\\/#\\\/schema\\\/person\\\/b8702bb0e538456e6efd07080bf2a4a2\"},\"headline\":\"QU\u00c9 QUIERES SER DE GRANDE\",\"datePublished\":\"2022-10-06T23:33:40+00:00\",\"dateModified\":\"2022-10-06T23:40:06+00:00\",\"mainEntityOfPage\":{\"@id\":\"https:\\\/\\\/lospoliticosveracruz.com\\\/?p=96469\"},\"wordCount\":825,\"publisher\":{\"@id\":\"https:\\\/\\\/lospoliticosveracruz.com\\\/#organization\"},\"keywords\":[\"Es Show\",\"Gamer\",\"influencer\",\"Karely Ruiz\",\"Only Fans\",\"qu\u00e9 quieres ser de grande\",\"Salvador Mu\u00f1oz\",\"Tiktokero\"],\"articleSection\":[\"De Opini\u00f3n\"],\"inLanguage\":\"es\"},{\"@type\":\"WebPage\",\"@id\":\"https:\\\/\\\/lospoliticosveracruz.com\\\/?p=96469\",\"url\":\"https:\\\/\\\/lospoliticosveracruz.com\\\/?p=96469\",\"name\":\"QU\u00c9 QUIERES SER DE GRANDE - Los pol\u00edticos Veracruz\",\"isPartOf\":{\"@id\":\"https:\\\/\\\/lospoliticosveracruz.com\\\/#website\"},\"datePublished\":\"2022-10-06T23:33:40+00:00\",\"dateModified\":\"2022-10-06T23:40:06+00:00\",\"breadcrumb\":{\"@id\":\"https:\\\/\\\/lospoliticosveracruz.com\\\/?p=96469#breadcrumb\"},\"inLanguage\":\"es\",\"potentialAction\":[{\"@type\":\"ReadAction\",\"target\":[\"https:\\\/\\\/lospoliticosveracruz.com\\\/?p=96469\"]}]},{\"@type\":\"BreadcrumbList\",\"@id\":\"https:\\\/\\\/lospoliticosveracruz.com\\\/?p=96469#breadcrumb\",\"itemListElement\":[{\"@type\":\"ListItem\",\"position\":1,\"name\":\"Portada\",\"item\":\"https:\\\/\\\/lospoliticosveracruz.com\\\/\"},{\"@type\":\"ListItem\",\"position\":2,\"name\":\"QU\u00c9 QUIERES SER DE GRANDE\"}]},{\"@type\":\"WebSite\",\"@id\":\"https:\\\/\\\/lospoliticosveracruz.com\\\/#website\",\"url\":\"https:\\\/\\\/lospoliticosveracruz.com\\\/\",\"name\":\"Los pol\u00edticos Veracruz\",\"description\":\"\",\"publisher\":{\"@id\":\"https:\\\/\\\/lospoliticosveracruz.com\\\/#organization\"},\"potentialAction\":[{\"@type\":\"SearchAction\",\"target\":{\"@type\":\"EntryPoint\",\"urlTemplate\":\"https:\\\/\\\/lospoliticosveracruz.com\\\/?s={search_term_string}\"},\"query-input\":{\"@type\":\"PropertyValueSpecification\",\"valueRequired\":true,\"valueName\":\"search_term_string\"}}],\"inLanguage\":\"es\"},{\"@type\":\"Organization\",\"@id\":\"https:\\\/\\\/lospoliticosveracruz.com\\\/#organization\",\"name\":\"Los pol\u00edticos Veracruz\",\"url\":\"https:\\\/\\\/lospoliticosveracruz.com\\\/\",\"logo\":{\"@type\":\"ImageObject\",\"inLanguage\":\"es\",\"@id\":\"https:\\\/\\\/lospoliticosveracruz.com\\\/#\\\/schema\\\/logo\\\/image\\\/\",\"url\":\"https:\\\/\\\/lospoliticosveracruz.com\\\/wp-content\\\/uploads\\\/2025\\\/12\\\/Logo-Nuevo-LOS-POLITICOS-1.jpg\",\"contentUrl\":\"https:\\\/\\\/lospoliticosveracruz.com\\\/wp-content\\\/uploads\\\/2025\\\/12\\\/Logo-Nuevo-LOS-POLITICOS-1.jpg\",\"width\":260,\"height\":70,\"caption\":\"Los pol\u00edticos Veracruz\"},\"image\":{\"@id\":\"https:\\\/\\\/lospoliticosveracruz.com\\\/#\\\/schema\\\/logo\\\/image\\\/\"},\"sameAs\":[\"https:\\\/\\\/www.facebook.com\\\/people\\\/Notimemes-de-los-Polticos\\\/61565672886568\\\/\",\"https:\\\/\\\/x.com\\\/LosPoliticosVer\"]},{\"@type\":\"Person\",\"@id\":\"https:\\\/\\\/lospoliticosveracruz.com\\\/#\\\/schema\\\/person\\\/b8702bb0e538456e6efd07080bf2a4a2\",\"name\":\"Lo viste en Los Pol\u00edticos\",\"image\":{\"@type\":\"ImageObject\",\"inLanguage\":\"es\",\"@id\":\"https:\\\/\\\/secure.gravatar.com\\\/avatar\\\/3a8de04a2656d44082be478bd6c086daa447c4651605818287b9532d3d0bd435?s=96&d=mm&r=g\",\"url\":\"https:\\\/\\\/secure.gravatar.com\\\/avatar\\\/3a8de04a2656d44082be478bd6c086daa447c4651605818287b9532d3d0bd435?s=96&d=mm&r=g\",\"contentUrl\":\"https:\\\/\\\/secure.gravatar.com\\\/avatar\\\/3a8de04a2656d44082be478bd6c086daa447c4651605818287b9532d3d0bd435?s=96&d=mm&r=g\",\"caption\":\"Lo viste en Los Pol\u00edticos\"},\"url\":\"https:\\\/\\\/lospoliticosveracruz.com\\\/?author=2\"}]}<\/script>\n<!-- \/ Yoast SEO plugin. -->","yoast_head_json":{"title":"QU\u00c9 QUIERES SER DE GRANDE - Los pol\u00edticos Veracruz","robots":{"index":"index","follow":"follow","max-snippet":"max-snippet:-1","max-image-preview":"max-image-preview:large","max-video-preview":"max-video-preview:-1"},"canonical":"https:\/\/lospoliticosveracruz.com\/?p=96469","og_locale":"es_ES","og_type":"article","og_title":"QU\u00c9 QUIERES SER DE GRANDE - Los pol\u00edticos Veracruz","og_description":"Salvador Mu\u00f1oz Los Pol\u00edticos Hubo un momento en la vida de todo ni\u00f1o en el que quiso ser el Santo\u2026 bastaba una toalla, blanca de preferencia y mucha imaginaci\u00f3n, para ser el enmascarado de plata\u2026 Hubo un momento en la vida de todo ni\u00f1o en el que quiso ser polic\u00eda\u2026 s\u00f3lo era cuesti\u00f3n de cerrar [&hellip;]","og_url":"https:\/\/lospoliticosveracruz.com\/?p=96469","og_site_name":"Los pol\u00edticos Veracruz","article_publisher":"https:\/\/www.facebook.com\/people\/Notimemes-de-los-Polticos\/61565672886568\/","article_published_time":"2022-10-06T23:33:40+00:00","article_modified_time":"2022-10-06T23:40:06+00:00","og_image":[{"width":200,"height":200,"url":"https:\/\/lospoliticosveracruz.com\/wp-content\/uploads\/2016\/07\/Logo-Dor.jpg","type":"image\/jpeg"}],"author":"Lo viste en Los Pol\u00edticos","twitter_card":"summary_large_image","twitter_creator":"@LosPoliticosVer","twitter_site":"@LosPoliticosVer","twitter_misc":{"Escrito por":"Lo viste en Los Pol\u00edticos","Tiempo de lectura":"4 minutos"},"schema":{"@context":"https:\/\/schema.org","@graph":[{"@type":"Article","@id":"https:\/\/lospoliticosveracruz.com\/?p=96469#article","isPartOf":{"@id":"https:\/\/lospoliticosveracruz.com\/?p=96469"},"author":{"name":"Lo viste en Los Pol\u00edticos","@id":"https:\/\/lospoliticosveracruz.com\/#\/schema\/person\/b8702bb0e538456e6efd07080bf2a4a2"},"headline":"QU\u00c9 QUIERES SER DE GRANDE","datePublished":"2022-10-06T23:33:40+00:00","dateModified":"2022-10-06T23:40:06+00:00","mainEntityOfPage":{"@id":"https:\/\/lospoliticosveracruz.com\/?p=96469"},"wordCount":825,"publisher":{"@id":"https:\/\/lospoliticosveracruz.com\/#organization"},"keywords":["Es Show","Gamer","influencer","Karely Ruiz","Only Fans","qu\u00e9 quieres ser de grande","Salvador Mu\u00f1oz","Tiktokero"],"articleSection":["De Opini\u00f3n"],"inLanguage":"es"},{"@type":"WebPage","@id":"https:\/\/lospoliticosveracruz.com\/?p=96469","url":"https:\/\/lospoliticosveracruz.com\/?p=96469","name":"QU\u00c9 QUIERES SER DE GRANDE - Los pol\u00edticos Veracruz","isPartOf":{"@id":"https:\/\/lospoliticosveracruz.com\/#website"},"datePublished":"2022-10-06T23:33:40+00:00","dateModified":"2022-10-06T23:40:06+00:00","breadcrumb":{"@id":"https:\/\/lospoliticosveracruz.com\/?p=96469#breadcrumb"},"inLanguage":"es","potentialAction":[{"@type":"ReadAction","target":["https:\/\/lospoliticosveracruz.com\/?p=96469"]}]},{"@type":"BreadcrumbList","@id":"https:\/\/lospoliticosveracruz.com\/?p=96469#breadcrumb","itemListElement":[{"@type":"ListItem","position":1,"name":"Portada","item":"https:\/\/lospoliticosveracruz.com\/"},{"@type":"ListItem","position":2,"name":"QU\u00c9 QUIERES SER DE GRANDE"}]},{"@type":"WebSite","@id":"https:\/\/lospoliticosveracruz.com\/#website","url":"https:\/\/lospoliticosveracruz.com\/","name":"Los pol\u00edticos Veracruz","description":"","publisher":{"@id":"https:\/\/lospoliticosveracruz.com\/#organization"},"potentialAction":[{"@type":"SearchAction","target":{"@type":"EntryPoint","urlTemplate":"https:\/\/lospoliticosveracruz.com\/?s={search_term_string}"},"query-input":{"@type":"PropertyValueSpecification","valueRequired":true,"valueName":"search_term_string"}}],"inLanguage":"es"},{"@type":"Organization","@id":"https:\/\/lospoliticosveracruz.com\/#organization","name":"Los pol\u00edticos Veracruz","url":"https:\/\/lospoliticosveracruz.com\/","logo":{"@type":"ImageObject","inLanguage":"es","@id":"https:\/\/lospoliticosveracruz.com\/#\/schema\/logo\/image\/","url":"https:\/\/lospoliticosveracruz.com\/wp-content\/uploads\/2025\/12\/Logo-Nuevo-LOS-POLITICOS-1.jpg","contentUrl":"https:\/\/lospoliticosveracruz.com\/wp-content\/uploads\/2025\/12\/Logo-Nuevo-LOS-POLITICOS-1.jpg","width":260,"height":70,"caption":"Los pol\u00edticos Veracruz"},"image":{"@id":"https:\/\/lospoliticosveracruz.com\/#\/schema\/logo\/image\/"},"sameAs":["https:\/\/www.facebook.com\/people\/Notimemes-de-los-Polticos\/61565672886568\/","https:\/\/x.com\/LosPoliticosVer"]},{"@type":"Person","@id":"https:\/\/lospoliticosveracruz.com\/#\/schema\/person\/b8702bb0e538456e6efd07080bf2a4a2","name":"Lo viste en Los Pol\u00edticos","image":{"@type":"ImageObject","inLanguage":"es","@id":"https:\/\/secure.gravatar.com\/avatar\/3a8de04a2656d44082be478bd6c086daa447c4651605818287b9532d3d0bd435?s=96&d=mm&r=g","url":"https:\/\/secure.gravatar.com\/avatar\/3a8de04a2656d44082be478bd6c086daa447c4651605818287b9532d3d0bd435?s=96&d=mm&r=g","contentUrl":"https:\/\/secure.gravatar.com\/avatar\/3a8de04a2656d44082be478bd6c086daa447c4651605818287b9532d3d0bd435?s=96&d=mm&r=g","caption":"Lo viste en Los Pol\u00edticos"},"url":"https:\/\/lospoliticosveracruz.com\/?author=2"}]}},"_links":{"self":[{"href":"https:\/\/lospoliticosveracruz.com\/index.php?rest_route=\/wp\/v2\/posts\/96469","targetHints":{"allow":["GET"]}}],"collection":[{"href":"https:\/\/lospoliticosveracruz.com\/index.php?rest_route=\/wp\/v2\/posts"}],"about":[{"href":"https:\/\/lospoliticosveracruz.com\/index.php?rest_route=\/wp\/v2\/types\/post"}],"author":[{"embeddable":true,"href":"https:\/\/lospoliticosveracruz.com\/index.php?rest_route=\/wp\/v2\/users\/2"}],"replies":[{"embeddable":true,"href":"https:\/\/lospoliticosveracruz.com\/index.php?rest_route=%2Fwp%2Fv2%2Fcomments&post=96469"}],"version-history":[{"count":3,"href":"https:\/\/lospoliticosveracruz.com\/index.php?rest_route=\/wp\/v2\/posts\/96469\/revisions"}],"predecessor-version":[{"id":96474,"href":"https:\/\/lospoliticosveracruz.com\/index.php?rest_route=\/wp\/v2\/posts\/96469\/revisions\/96474"}],"wp:attachment":[{"href":"https:\/\/lospoliticosveracruz.com\/index.php?rest_route=%2Fwp%2Fv2%2Fmedia&parent=96469"}],"wp:term":[{"taxonomy":"category","embeddable":true,"href":"https:\/\/lospoliticosveracruz.com\/index.php?rest_route=%2Fwp%2Fv2%2Fcategories&post=96469"},{"taxonomy":"post_tag","embeddable":true,"href":"https:\/\/lospoliticosveracruz.com\/index.php?rest_route=%2Fwp%2Fv2%2Ftags&post=96469"}],"curies":[{"name":"wp","href":"https:\/\/api.w.org\/{rel}","templated":true}]}}