{"id":96485,"date":"2022-10-07T07:45:47","date_gmt":"2022-10-07T12:45:47","guid":{"rendered":"https:\/\/lospoliticosveracruz.com.mx\/?p=96485"},"modified":"2022-10-07T07:57:21","modified_gmt":"2022-10-07T12:57:21","slug":"fruto-podrido","status":"publish","type":"post","link":"https:\/\/lospoliticosveracruz.com\/?p=96485","title":{"rendered":"FRUTO PODRIDO"},"content":{"rendered":"\n<p><\/p>\n\n\n\n<p><strong>Bernardo Guti\u00e9rrez Parra<\/strong><br><em>Desde el Caf\u00e9<\/em><\/p>\n\n\n\n<p>Las im\u00e1genes son cruentas, los gritos de las mujeres desgarradores. Un video muestra los cuerpos sin vida de veinte personas acribilladas a balazos cerca del Palacio Municipal de San Miguel Totolapan, municipio que hasta el mi\u00e9rcoles a mediod\u00eda ten\u00eda 4 mil 522 habitantes y minutos despu\u00e9s se qued\u00f3 con 4 mil 502.<\/p>\n\n\n<div class=\"wp-block-image\">\n<figure class=\"alignleft size-large is-resized\"><a href=\"https:\/\/lospoliticosveracruz.com.mx\/wp-content\/uploads\/2021\/10\/WhatsApp-Image-2021-10-02-at-15.20.25.jpeg\"><img loading=\"lazy\" decoding=\"async\" src=\"https:\/\/lospoliticosveracruz.com.mx\/wp-content\/uploads\/2021\/10\/WhatsApp-Image-2021-10-02-at-15.20.25-724x1024.jpeg\" alt=\"\" class=\"wp-image-80177\" width=\"362\" height=\"512\" srcset=\"https:\/\/lospoliticosveracruz.com\/wp-content\/uploads\/2021\/10\/WhatsApp-Image-2021-10-02-at-15.20.25-724x1024.jpeg 724w, https:\/\/lospoliticosveracruz.com\/wp-content\/uploads\/2021\/10\/WhatsApp-Image-2021-10-02-at-15.20.25-212x300.jpeg 212w, https:\/\/lospoliticosveracruz.com\/wp-content\/uploads\/2021\/10\/WhatsApp-Image-2021-10-02-at-15.20.25-768x1086.jpeg 768w, https:\/\/lospoliticosveracruz.com\/wp-content\/uploads\/2021\/10\/WhatsApp-Image-2021-10-02-at-15.20.25.jpeg 905w\" sizes=\"auto, (max-width: 362px) 100vw, 362px\" \/><\/a><\/figure>\n<\/div>\n\n\n<p>Enclavado en la Tierra Caliente de Guerrero, el municipio festejaba la feria en honor a su santo patrono San Miguel Arc\u00e1ngel, pero este jueves amaneci\u00f3 convertido en un pueblo fantasma porque en la masacre perdi\u00f3 la vida hasta el alcalde Conrado Mendoza y otras autoridades locales. (A prop\u00f3sito, con la muerte de Conrado suman 60 los ediles asesinados en esta administraci\u00f3n).<\/p>\n\n\n\n<p>Por supuesto se acab\u00f3 la feria, pero eso es lo de menos. \u201cHace a\u00f1os vino por estos rumbos el presidente cuando era candidato a prometernos paz y seguridad. Y lo \u00fanico seguro es la paz que tenemos en el cementerio\u201d, dijo un viejo totolapense en la soledad de la tragedia.<\/p>\n\n\n\n<p>El mismo mi\u00e9rcoles pero en Cuernavaca, sujetos a bordo de una motocicleta asesinaron a la diputada Gabriela Mar\u00edn S\u00e1nchez cuando se encontraba en una farmacia. La joven legisladora dej\u00f3 en la orfandad a una ni\u00f1a de cuatro meses.<\/p>\n\n\n\n<p>\u00bfQu\u00e9 dijo a todo esto el presidente? Que estos hechos son el \u00abfruto podrido\u201d de lo que sembraron durante muchos a\u00f1os los neoliberales de sexenios anteriores.<\/p>\n\n\n\n<p>\u00bfHabr\u00e1 cambio de estrategia?, le preguntaron.<\/p>\n\n\n\n<p>\u00abNo, no, no, tenemos que seguir con lo mismo porque est\u00e1 dando resultados\u201d, contest\u00f3. Y a ver qui\u00e9n es el guapo que lo contradice.<\/p>\n\n\n\n<p>De acuerdo a lo que me han dicho analistas pol\u00edticos, L\u00f3pez Obrador tiene rato que se dio cuenta que se equivoc\u00f3 en su estrategia de seguridad. Pero est\u00e1 atrapado entre dos fuegos: Su terquedad y los compromisos con delincuentes que lo ayudaron a llegar a la presidencia y ahora se la est\u00e1n cobrando.<\/p>\n\n\n\n<p>\u201cPor a\u00f1os se pens\u00f3 que L\u00f3pez Obrador jam\u00e1s se prestar\u00eda a componendas con el crimen organizado. Pero tras el hackeo de Guacamaya a la Sedena donde se da a conocer que gobiernos estatales de Morena estar\u00edan infiltrados por el narco, las opiniones sobre la inmaculada honradez del tabasque\u00f1o podr\u00edan estar cambiando\u201d, me dijo un analista. Y como que no le falta raz\u00f3n, lector.<\/p>\n\n\n\n<p>Poco antes de dejar la presidencia Felipe Calder\u00f3n alert\u00f3 sobre la posibilidad nada remota, de que los tent\u00e1culos del crimen organizado llegaran a Palacio Nacional.<\/p>\n\n\n\n<p>Este jueves el periodista Raymundo Riva Palacio escribi\u00f3: \u201cLos correos hackeados empiezan a mostrar el andamiaje criminal que se ha expandido bajo gobiernos de Morena\u2026 La informaci\u00f3n se va a ir desdoblando y se van a ir conectando eventos y personas, en tiempo y en espacio. El hackeo arrojar\u00e1 muchos m\u00e1s detalles de la narcopol\u00edtica. Hasta ahora han salido menos de 10 correos donde se relaciona o presuntamente se vincula a pol\u00edticos de Morena con el narcotr\u00e1fico\u2026\u201d. Su columna se titula: El narco se acerca a Palacio Nacional.<\/p>\n\n\n\n<p>\u00bfQu\u00e9 sigue? Nada nuevo, todo indica que la pesadilla continuar\u00e1.<\/p>\n\n\n\n<p>Seguiremos siendo testigos de masacres despiadadas y asesinatos como el de la diputada Gabriela Mar\u00edn. Y si acaso algo cambia ser\u00e1 para empeorar porque seremos un pa\u00eds m\u00e1s violento con ciudadanos cada vez m\u00e1s indefensos.<\/p>\n\n\n\n<p>L\u00f3pez Obrador seguir\u00e1 diciendo que todo eso es fruto podrido de lo que sembraron los neoliberales del pasado. Es decir, jam\u00e1s aceptar\u00e1 su responsabilidad.<\/p>\n\n\n\n<p>Y con ese discurso chill\u00f3n y lastimero nos seguir\u00e1 choreando y dorando la p\u00edldora por otros dos a\u00f1os.<\/p>\n\n\n\n<p><strong>Sefiplan aclara<\/strong><\/p>\n\n\n\n<p>En d\u00edas pasados los portales noticiosos dieron a conocer que de acuerdo con el Informe de la Cuenta P\u00fablica 2021 elaborado por el Orfis, la Secretar\u00eda de Finanzas y Planeaci\u00f3n (Sefiplan) no logr\u00f3 comprobar m\u00e1s de un mill\u00f3n 280 mil pesos de combustible donado por Petr\u00f3leos Mexicanos.<\/p>\n\n\n\n<p>La informaci\u00f3n precisa que el titular de la Secretar\u00eda de Gobierno, Eric Cisneros Burgos, gestion\u00f3 vales de combustible por un importe de un mill\u00f3n 473 mil 317 pesos a favor del Gobierno de Veracruz, pero la secretar\u00eda de Finanzas solo proporcion\u00f3 evidencia por un monto de 185 mil 625 pesos.<\/p>\n\n\n\n<p>Y la respuesta vino de inmediato.<\/p>\n\n\n\n<p>Mediante un comunicado la Sefiplan se\u00f1ala que como resultado de la fiscalizaci\u00f3n realizada por el Orfis, se determin\u00f3 que a la Sefiplan le fueron donados 4 mil vales de combustible por un importe de $1,473,317.68, que equivalen a 80 mil litros, de los cuales \u00fanicamente present\u00f3 comprobaci\u00f3n por un monto de $185,625.50, quedando pendiente un saldo por comprobar de $1,287,692.18.<\/p>\n\n\n\n<p>La dependencia agrega que los vales donados por Pemex fueron recibidos durante el \u00faltimo trimestre de 2021 y pod\u00edan ser ejercidos durante todo 2022, seg\u00fan se establece en el Convenio Modificatorio celebrado con fecha 18 de diciembre de 2021, documento en el cual tambi\u00e9n se se\u00f1ala que los reportes de seguimiento y comprobaci\u00f3n deben presentarse con fecha 15 de marzo, 15 de junio, 15 de septiembre y 15 de diciembre de 2022.<\/p>\n\n\n\n<p>Al 30 de septiembre de 2022, se ha venido comprobando debidamente ante la Segob el ejercicio de dichos vales, y se espera concluir con el proceso al 31 de diciembre del presente a\u00f1o, emiti\u00e9ndose el Informe Final que se\u00f1ala el Convenio.<\/p>\n\n\n\n<p>Es decir, el combustible donado por Pemex no fue distra\u00eddo a fines distintos a los autorizados, sino que su comprobaci\u00f3n no fue considerada en la fecha de corte de la auditor\u00eda realizada por el ORFIS (31 de diciembre de 2021). Situaci\u00f3n que ser\u00e1 subsanada durante el per\u00edodo de solventaci\u00f3n establecido por la normatividad, en el cual ser\u00e1n aportadas las pruebas que acrediten la aplicaci\u00f3n y comprobaci\u00f3n de dicho recurso.<\/p>\n\n\n\n<p>Clara y puntual respuesta.<\/p>\n\n\n\n<p>bernardogup@hotmail.com<\/p>\n","protected":false},"excerpt":{"rendered":"<p>Bernardo Guti\u00e9rrez ParraDesde el Caf\u00e9 Las im\u00e1genes son cruentas, los gritos de las mujeres desgarradores. Un video muestra los cuerpos sin vida de veinte personas acribilladas a balazos cerca del Palacio Municipal de San Miguel Totolapan, municipio que hasta el mi\u00e9rcoles a mediod\u00eda ten\u00eda 4 mil 522 habitantes y minutos despu\u00e9s se qued\u00f3 con 4 [&hellip;]<\/p>\n","protected":false},"author":2,"featured_media":0,"comment_status":"closed","ping_status":"closed","sticky":false,"template":"","format":"standard","meta":{"tdm_status":"","tdm_grid_status":"","footnotes":""},"categories":[70],"tags":[618,34206,35573,92,1026,35572,640],"class_list":{"0":"post-96485","1":"post","2":"type-post","3":"status-publish","4":"format-standard","6":"category-de-opinion","7":"tag-andres-manuel-lopez-obrador","8":"tag-bernardo-gutierrez-parra","9":"tag-conrado-mendoza","10":"tag-guerrero","11":"tag-morena","12":"tag-san-miguel-totolapan","13":"tag-sefiplan"},"yoast_head":"<!-- This site is optimized with the Yoast SEO plugin v27.4 - https:\/\/yoast.com\/product\/yoast-seo-wordpress\/ -->\n<title>FRUTO PODRIDO - Los pol\u00edticos Veracruz<\/title>\n<meta name=\"robots\" content=\"index, follow, max-snippet:-1, max-image-preview:large, max-video-preview:-1\" \/>\n<link rel=\"canonical\" href=\"https:\/\/lospoliticosveracruz.com\/?p=96485\" \/>\n<meta property=\"og:locale\" content=\"es_ES\" \/>\n<meta property=\"og:type\" content=\"article\" \/>\n<meta property=\"og:title\" content=\"FRUTO PODRIDO - Los pol\u00edticos Veracruz\" \/>\n<meta property=\"og:description\" content=\"Bernardo Guti\u00e9rrez ParraDesde el Caf\u00e9 Las im\u00e1genes son cruentas, los gritos de las mujeres desgarradores. Un video muestra los cuerpos sin vida de veinte personas acribilladas a balazos cerca del Palacio Municipal de San Miguel Totolapan, municipio que hasta el mi\u00e9rcoles a mediod\u00eda ten\u00eda 4 mil 522 habitantes y minutos despu\u00e9s se qued\u00f3 con 4 [&hellip;]\" \/>\n<meta property=\"og:url\" content=\"https:\/\/lospoliticosveracruz.com\/?p=96485\" \/>\n<meta property=\"og:site_name\" content=\"Los pol\u00edticos Veracruz\" \/>\n<meta property=\"article:publisher\" content=\"https:\/\/www.facebook.com\/people\/Notimemes-de-los-Polticos\/61565672886568\/\" \/>\n<meta property=\"article:published_time\" content=\"2022-10-07T12:45:47+00:00\" \/>\n<meta property=\"article:modified_time\" content=\"2022-10-07T12:57:21+00:00\" \/>\n<meta property=\"og:image\" content=\"https:\/\/lospoliticosveracruz.com.mx\/wp-content\/uploads\/2021\/10\/WhatsApp-Image-2021-10-02-at-15.20.25-724x1024.jpeg\" \/>\n<meta name=\"author\" content=\"Lo viste en Los Pol\u00edticos\" \/>\n<meta name=\"twitter:card\" content=\"summary_large_image\" \/>\n<meta name=\"twitter:creator\" content=\"@LosPoliticosVer\" \/>\n<meta name=\"twitter:site\" content=\"@LosPoliticosVer\" \/>\n<meta name=\"twitter:label1\" content=\"Escrito por\" \/>\n\t<meta name=\"twitter:data1\" content=\"Lo viste en Los Pol\u00edticos\" \/>\n\t<meta name=\"twitter:label2\" content=\"Tiempo de lectura\" \/>\n\t<meta name=\"twitter:data2\" content=\"5 minutos\" \/>\n<script type=\"application\/ld+json\" class=\"yoast-schema-graph\">{\"@context\":\"https:\\\/\\\/schema.org\",\"@graph\":[{\"@type\":\"Article\",\"@id\":\"https:\\\/\\\/lospoliticosveracruz.com\\\/?p=96485#article\",\"isPartOf\":{\"@id\":\"https:\\\/\\\/lospoliticosveracruz.com\\\/?p=96485\"},\"author\":{\"name\":\"Lo viste en Los Pol\u00edticos\",\"@id\":\"https:\\\/\\\/lospoliticosveracruz.com\\\/#\\\/schema\\\/person\\\/b8702bb0e538456e6efd07080bf2a4a2\"},\"headline\":\"FRUTO PODRIDO\",\"datePublished\":\"2022-10-07T12:45:47+00:00\",\"dateModified\":\"2022-10-07T12:57:21+00:00\",\"mainEntityOfPage\":{\"@id\":\"https:\\\/\\\/lospoliticosveracruz.com\\\/?p=96485\"},\"wordCount\":978,\"publisher\":{\"@id\":\"https:\\\/\\\/lospoliticosveracruz.com\\\/#organization\"},\"image\":{\"@id\":\"https:\\\/\\\/lospoliticosveracruz.com\\\/?p=96485#primaryimage\"},\"thumbnailUrl\":\"https:\\\/\\\/lospoliticosveracruz.com.mx\\\/wp-content\\\/uploads\\\/2021\\\/10\\\/WhatsApp-Image-2021-10-02-at-15.20.25-724x1024.jpeg\",\"keywords\":[\"Andr\u00e9s Manuel L\u00f3pez Obrador\",\"Bernardo Guti\u00e9rrez Parra\",\"Conrado Mendoza\",\"Guerrero\",\"Morena\",\"San Miguel Totolapan\",\"Sefiplan\"],\"articleSection\":[\"De Opini\u00f3n\"],\"inLanguage\":\"es\"},{\"@type\":\"WebPage\",\"@id\":\"https:\\\/\\\/lospoliticosveracruz.com\\\/?p=96485\",\"url\":\"https:\\\/\\\/lospoliticosveracruz.com\\\/?p=96485\",\"name\":\"FRUTO PODRIDO - Los pol\u00edticos Veracruz\",\"isPartOf\":{\"@id\":\"https:\\\/\\\/lospoliticosveracruz.com\\\/#website\"},\"primaryImageOfPage\":{\"@id\":\"https:\\\/\\\/lospoliticosveracruz.com\\\/?p=96485#primaryimage\"},\"image\":{\"@id\":\"https:\\\/\\\/lospoliticosveracruz.com\\\/?p=96485#primaryimage\"},\"thumbnailUrl\":\"https:\\\/\\\/lospoliticosveracruz.com.mx\\\/wp-content\\\/uploads\\\/2021\\\/10\\\/WhatsApp-Image-2021-10-02-at-15.20.25-724x1024.jpeg\",\"datePublished\":\"2022-10-07T12:45:47+00:00\",\"dateModified\":\"2022-10-07T12:57:21+00:00\",\"breadcrumb\":{\"@id\":\"https:\\\/\\\/lospoliticosveracruz.com\\\/?p=96485#breadcrumb\"},\"inLanguage\":\"es\",\"potentialAction\":[{\"@type\":\"ReadAction\",\"target\":[\"https:\\\/\\\/lospoliticosveracruz.com\\\/?p=96485\"]}]},{\"@type\":\"ImageObject\",\"inLanguage\":\"es\",\"@id\":\"https:\\\/\\\/lospoliticosveracruz.com\\\/?p=96485#primaryimage\",\"url\":\"https:\\\/\\\/lospoliticosveracruz.com.mx\\\/wp-content\\\/uploads\\\/2021\\\/10\\\/WhatsApp-Image-2021-10-02-at-15.20.25-724x1024.jpeg\",\"contentUrl\":\"https:\\\/\\\/lospoliticosveracruz.com.mx\\\/wp-content\\\/uploads\\\/2021\\\/10\\\/WhatsApp-Image-2021-10-02-at-15.20.25-724x1024.jpeg\"},{\"@type\":\"BreadcrumbList\",\"@id\":\"https:\\\/\\\/lospoliticosveracruz.com\\\/?p=96485#breadcrumb\",\"itemListElement\":[{\"@type\":\"ListItem\",\"position\":1,\"name\":\"Portada\",\"item\":\"https:\\\/\\\/lospoliticosveracruz.com\\\/\"},{\"@type\":\"ListItem\",\"position\":2,\"name\":\"FRUTO PODRIDO\"}]},{\"@type\":\"WebSite\",\"@id\":\"https:\\\/\\\/lospoliticosveracruz.com\\\/#website\",\"url\":\"https:\\\/\\\/lospoliticosveracruz.com\\\/\",\"name\":\"Los pol\u00edticos Veracruz\",\"description\":\"\",\"publisher\":{\"@id\":\"https:\\\/\\\/lospoliticosveracruz.com\\\/#organization\"},\"potentialAction\":[{\"@type\":\"SearchAction\",\"target\":{\"@type\":\"EntryPoint\",\"urlTemplate\":\"https:\\\/\\\/lospoliticosveracruz.com\\\/?s={search_term_string}\"},\"query-input\":{\"@type\":\"PropertyValueSpecification\",\"valueRequired\":true,\"valueName\":\"search_term_string\"}}],\"inLanguage\":\"es\"},{\"@type\":\"Organization\",\"@id\":\"https:\\\/\\\/lospoliticosveracruz.com\\\/#organization\",\"name\":\"Los pol\u00edticos Veracruz\",\"url\":\"https:\\\/\\\/lospoliticosveracruz.com\\\/\",\"logo\":{\"@type\":\"ImageObject\",\"inLanguage\":\"es\",\"@id\":\"https:\\\/\\\/lospoliticosveracruz.com\\\/#\\\/schema\\\/logo\\\/image\\\/\",\"url\":\"https:\\\/\\\/lospoliticosveracruz.com\\\/wp-content\\\/uploads\\\/2025\\\/12\\\/Logo-Nuevo-LOS-POLITICOS-1.jpg\",\"contentUrl\":\"https:\\\/\\\/lospoliticosveracruz.com\\\/wp-content\\\/uploads\\\/2025\\\/12\\\/Logo-Nuevo-LOS-POLITICOS-1.jpg\",\"width\":260,\"height\":70,\"caption\":\"Los pol\u00edticos Veracruz\"},\"image\":{\"@id\":\"https:\\\/\\\/lospoliticosveracruz.com\\\/#\\\/schema\\\/logo\\\/image\\\/\"},\"sameAs\":[\"https:\\\/\\\/www.facebook.com\\\/people\\\/Notimemes-de-los-Polticos\\\/61565672886568\\\/\",\"https:\\\/\\\/x.com\\\/LosPoliticosVer\"]},{\"@type\":\"Person\",\"@id\":\"https:\\\/\\\/lospoliticosveracruz.com\\\/#\\\/schema\\\/person\\\/b8702bb0e538456e6efd07080bf2a4a2\",\"name\":\"Lo viste en Los Pol\u00edticos\",\"image\":{\"@type\":\"ImageObject\",\"inLanguage\":\"es\",\"@id\":\"https:\\\/\\\/secure.gravatar.com\\\/avatar\\\/3a8de04a2656d44082be478bd6c086daa447c4651605818287b9532d3d0bd435?s=96&d=mm&r=g\",\"url\":\"https:\\\/\\\/secure.gravatar.com\\\/avatar\\\/3a8de04a2656d44082be478bd6c086daa447c4651605818287b9532d3d0bd435?s=96&d=mm&r=g\",\"contentUrl\":\"https:\\\/\\\/secure.gravatar.com\\\/avatar\\\/3a8de04a2656d44082be478bd6c086daa447c4651605818287b9532d3d0bd435?s=96&d=mm&r=g\",\"caption\":\"Lo viste en Los Pol\u00edticos\"},\"url\":\"https:\\\/\\\/lospoliticosveracruz.com\\\/?author=2\"}]}<\/script>\n<!-- \/ Yoast SEO plugin. -->","yoast_head_json":{"title":"FRUTO PODRIDO - Los pol\u00edticos Veracruz","robots":{"index":"index","follow":"follow","max-snippet":"max-snippet:-1","max-image-preview":"max-image-preview:large","max-video-preview":"max-video-preview:-1"},"canonical":"https:\/\/lospoliticosveracruz.com\/?p=96485","og_locale":"es_ES","og_type":"article","og_title":"FRUTO PODRIDO - Los pol\u00edticos Veracruz","og_description":"Bernardo Guti\u00e9rrez ParraDesde el Caf\u00e9 Las im\u00e1genes son cruentas, los gritos de las mujeres desgarradores. Un video muestra los cuerpos sin vida de veinte personas acribilladas a balazos cerca del Palacio Municipal de San Miguel Totolapan, municipio que hasta el mi\u00e9rcoles a mediod\u00eda ten\u00eda 4 mil 522 habitantes y minutos despu\u00e9s se qued\u00f3 con 4 [&hellip;]","og_url":"https:\/\/lospoliticosveracruz.com\/?p=96485","og_site_name":"Los pol\u00edticos Veracruz","article_publisher":"https:\/\/www.facebook.com\/people\/Notimemes-de-los-Polticos\/61565672886568\/","article_published_time":"2022-10-07T12:45:47+00:00","article_modified_time":"2022-10-07T12:57:21+00:00","og_image":[{"url":"https:\/\/lospoliticosveracruz.com.mx\/wp-content\/uploads\/2021\/10\/WhatsApp-Image-2021-10-02-at-15.20.25-724x1024.jpeg","type":"","width":"","height":""}],"author":"Lo viste en Los Pol\u00edticos","twitter_card":"summary_large_image","twitter_creator":"@LosPoliticosVer","twitter_site":"@LosPoliticosVer","twitter_misc":{"Escrito por":"Lo viste en Los Pol\u00edticos","Tiempo de lectura":"5 minutos"},"schema":{"@context":"https:\/\/schema.org","@graph":[{"@type":"Article","@id":"https:\/\/lospoliticosveracruz.com\/?p=96485#article","isPartOf":{"@id":"https:\/\/lospoliticosveracruz.com\/?p=96485"},"author":{"name":"Lo viste en Los Pol\u00edticos","@id":"https:\/\/lospoliticosveracruz.com\/#\/schema\/person\/b8702bb0e538456e6efd07080bf2a4a2"},"headline":"FRUTO PODRIDO","datePublished":"2022-10-07T12:45:47+00:00","dateModified":"2022-10-07T12:57:21+00:00","mainEntityOfPage":{"@id":"https:\/\/lospoliticosveracruz.com\/?p=96485"},"wordCount":978,"publisher":{"@id":"https:\/\/lospoliticosveracruz.com\/#organization"},"image":{"@id":"https:\/\/lospoliticosveracruz.com\/?p=96485#primaryimage"},"thumbnailUrl":"https:\/\/lospoliticosveracruz.com.mx\/wp-content\/uploads\/2021\/10\/WhatsApp-Image-2021-10-02-at-15.20.25-724x1024.jpeg","keywords":["Andr\u00e9s Manuel L\u00f3pez Obrador","Bernardo Guti\u00e9rrez Parra","Conrado Mendoza","Guerrero","Morena","San Miguel Totolapan","Sefiplan"],"articleSection":["De Opini\u00f3n"],"inLanguage":"es"},{"@type":"WebPage","@id":"https:\/\/lospoliticosveracruz.com\/?p=96485","url":"https:\/\/lospoliticosveracruz.com\/?p=96485","name":"FRUTO PODRIDO - Los pol\u00edticos Veracruz","isPartOf":{"@id":"https:\/\/lospoliticosveracruz.com\/#website"},"primaryImageOfPage":{"@id":"https:\/\/lospoliticosveracruz.com\/?p=96485#primaryimage"},"image":{"@id":"https:\/\/lospoliticosveracruz.com\/?p=96485#primaryimage"},"thumbnailUrl":"https:\/\/lospoliticosveracruz.com.mx\/wp-content\/uploads\/2021\/10\/WhatsApp-Image-2021-10-02-at-15.20.25-724x1024.jpeg","datePublished":"2022-10-07T12:45:47+00:00","dateModified":"2022-10-07T12:57:21+00:00","breadcrumb":{"@id":"https:\/\/lospoliticosveracruz.com\/?p=96485#breadcrumb"},"inLanguage":"es","potentialAction":[{"@type":"ReadAction","target":["https:\/\/lospoliticosveracruz.com\/?p=96485"]}]},{"@type":"ImageObject","inLanguage":"es","@id":"https:\/\/lospoliticosveracruz.com\/?p=96485#primaryimage","url":"https:\/\/lospoliticosveracruz.com.mx\/wp-content\/uploads\/2021\/10\/WhatsApp-Image-2021-10-02-at-15.20.25-724x1024.jpeg","contentUrl":"https:\/\/lospoliticosveracruz.com.mx\/wp-content\/uploads\/2021\/10\/WhatsApp-Image-2021-10-02-at-15.20.25-724x1024.jpeg"},{"@type":"BreadcrumbList","@id":"https:\/\/lospoliticosveracruz.com\/?p=96485#breadcrumb","itemListElement":[{"@type":"ListItem","position":1,"name":"Portada","item":"https:\/\/lospoliticosveracruz.com\/"},{"@type":"ListItem","position":2,"name":"FRUTO PODRIDO"}]},{"@type":"WebSite","@id":"https:\/\/lospoliticosveracruz.com\/#website","url":"https:\/\/lospoliticosveracruz.com\/","name":"Los pol\u00edticos Veracruz","description":"","publisher":{"@id":"https:\/\/lospoliticosveracruz.com\/#organization"},"potentialAction":[{"@type":"SearchAction","target":{"@type":"EntryPoint","urlTemplate":"https:\/\/lospoliticosveracruz.com\/?s={search_term_string}"},"query-input":{"@type":"PropertyValueSpecification","valueRequired":true,"valueName":"search_term_string"}}],"inLanguage":"es"},{"@type":"Organization","@id":"https:\/\/lospoliticosveracruz.com\/#organization","name":"Los pol\u00edticos Veracruz","url":"https:\/\/lospoliticosveracruz.com\/","logo":{"@type":"ImageObject","inLanguage":"es","@id":"https:\/\/lospoliticosveracruz.com\/#\/schema\/logo\/image\/","url":"https:\/\/lospoliticosveracruz.com\/wp-content\/uploads\/2025\/12\/Logo-Nuevo-LOS-POLITICOS-1.jpg","contentUrl":"https:\/\/lospoliticosveracruz.com\/wp-content\/uploads\/2025\/12\/Logo-Nuevo-LOS-POLITICOS-1.jpg","width":260,"height":70,"caption":"Los pol\u00edticos Veracruz"},"image":{"@id":"https:\/\/lospoliticosveracruz.com\/#\/schema\/logo\/image\/"},"sameAs":["https:\/\/www.facebook.com\/people\/Notimemes-de-los-Polticos\/61565672886568\/","https:\/\/x.com\/LosPoliticosVer"]},{"@type":"Person","@id":"https:\/\/lospoliticosveracruz.com\/#\/schema\/person\/b8702bb0e538456e6efd07080bf2a4a2","name":"Lo viste en Los Pol\u00edticos","image":{"@type":"ImageObject","inLanguage":"es","@id":"https:\/\/secure.gravatar.com\/avatar\/3a8de04a2656d44082be478bd6c086daa447c4651605818287b9532d3d0bd435?s=96&d=mm&r=g","url":"https:\/\/secure.gravatar.com\/avatar\/3a8de04a2656d44082be478bd6c086daa447c4651605818287b9532d3d0bd435?s=96&d=mm&r=g","contentUrl":"https:\/\/secure.gravatar.com\/avatar\/3a8de04a2656d44082be478bd6c086daa447c4651605818287b9532d3d0bd435?s=96&d=mm&r=g","caption":"Lo viste en Los Pol\u00edticos"},"url":"https:\/\/lospoliticosveracruz.com\/?author=2"}]}},"_links":{"self":[{"href":"https:\/\/lospoliticosveracruz.com\/index.php?rest_route=\/wp\/v2\/posts\/96485","targetHints":{"allow":["GET"]}}],"collection":[{"href":"https:\/\/lospoliticosveracruz.com\/index.php?rest_route=\/wp\/v2\/posts"}],"about":[{"href":"https:\/\/lospoliticosveracruz.com\/index.php?rest_route=\/wp\/v2\/types\/post"}],"author":[{"embeddable":true,"href":"https:\/\/lospoliticosveracruz.com\/index.php?rest_route=\/wp\/v2\/users\/2"}],"replies":[{"embeddable":true,"href":"https:\/\/lospoliticosveracruz.com\/index.php?rest_route=%2Fwp%2Fv2%2Fcomments&post=96485"}],"version-history":[{"count":2,"href":"https:\/\/lospoliticosveracruz.com\/index.php?rest_route=\/wp\/v2\/posts\/96485\/revisions"}],"predecessor-version":[{"id":96495,"href":"https:\/\/lospoliticosveracruz.com\/index.php?rest_route=\/wp\/v2\/posts\/96485\/revisions\/96495"}],"wp:attachment":[{"href":"https:\/\/lospoliticosveracruz.com\/index.php?rest_route=%2Fwp%2Fv2%2Fmedia&parent=96485"}],"wp:term":[{"taxonomy":"category","embeddable":true,"href":"https:\/\/lospoliticosveracruz.com\/index.php?rest_route=%2Fwp%2Fv2%2Fcategories&post=96485"},{"taxonomy":"post_tag","embeddable":true,"href":"https:\/\/lospoliticosveracruz.com\/index.php?rest_route=%2Fwp%2Fv2%2Ftags&post=96485"}],"curies":[{"name":"wp","href":"https:\/\/api.w.org\/{rel}","templated":true}]}}