{"id":96585,"date":"2022-10-10T08:38:39","date_gmt":"2022-10-10T13:38:39","guid":{"rendered":"https:\/\/lospoliticosveracruz.com.mx\/?p=96585"},"modified":"2022-10-10T08:38:46","modified_gmt":"2022-10-10T13:38:46","slug":"nuevo-grupo-parlamentario","status":"publish","type":"post","link":"https:\/\/lospoliticosveracruz.com\/?p=96585","title":{"rendered":"NUEVO GRUPO PARLAMENTARIO"},"content":{"rendered":"\n<p><\/p>\n\n\n\n<p><strong>Omar Z\u00fa\u00f1iga<br><\/strong><em>De Primera Mano<\/em><\/p>\n\n\n\n<p>La mano que mece la<br>cuna contra exalcaldes<br>no afines, es mano negra<\/p>\n\n\n\n<p>La escisi\u00f3n en el grupo parlamentario de Acci\u00f3n Nacional en el Congreso del Estado luego de la aprobaci\u00f3n de la Ley Nahle, que provoc\u00f3 la renuncia de Oth\u00f3n Hern\u00e1ndez Candanedo y Hugo Saavedra y la expulsi\u00f3n de Nora Jessica Lagunes, provoc\u00f3 de inmediato las elucubraciones sobre el motivo del sentido de la votaci\u00f3n, pero tambi\u00e9n las especulaciones sobre la conformaci\u00f3n de un nuevo grupo parlamentario.<\/p>\n\n\n\n<figure class=\"wp-block-embed is-type-video is-provider-youtube wp-block-embed-youtube wp-embed-aspect-16-9 wp-has-aspect-ratio\"><div class=\"wp-block-embed__wrapper\">\n<iframe loading=\"lazy\" title=\"Cluster Coworking\" width=\"696\" height=\"392\" src=\"https:\/\/www.youtube.com\/embed\/Nxe-vxf8GuY?feature=oembed\" frameborder=\"0\" allow=\"accelerometer; autoplay; clipboard-write; encrypted-media; gyroscope; picture-in-picture; web-share\" referrerpolicy=\"strict-origin-when-cross-origin\" allowfullscreen><\/iframe>\n<\/div><\/figure>\n\n\n\n<p><br>Aunque la misma Lagunes se ha encargado de rechazar esta versi\u00f3n, lo cierto es que es muy probable que este grupo parlamentario nazca y sea conformado no s\u00f3lo por diputados ex de Acci\u00f3n Nacional, sino que podr\u00edan jalarse a los dos diputados del PT, a las dos del PVEM y a las dos de Movimiento Ciudadano, con lo que se conformar\u00eda un grupo legislativo plural, mucho m\u00e1s fuerte que los tres diputados del PRI y m\u00e1s a\u00fan que el mismo Acci\u00f3n Nacional.<br>El siguiente periodo ordinario no tarda en empezar, el 5 de noviembre, y ah\u00ed es finalmente donde se ver\u00e1n hasta d\u00f3nde llegaron los cabildeos del exalcalde de Misantla, pues de lograrse la integraci\u00f3n de este grupo plural, no hay que perder de vista que tendr\u00e1n recursos propios, factor que no tienen ni PVEM, ni MC ni PT y adem\u00e1s hay plena confianza en que se logre, pues pareciera que quien ve con simpat\u00eda esta iniciativa, es el presidente de la Junta de Coordinaci\u00f3n Pol\u00edtica, el morenista Juan Javier G\u00f3mez Cazar\u00edn, es decir que al menos los cabildeos de Oth\u00f3n empezaron con el pie derecho y visto est\u00e1 que no se deja de nadie y le sabe a la grilla.<br>Cada vez falta menos para ver los resultados.<\/p>\n\n\n\n<hr class=\"wp-block-separator has-alpha-channel-opacity\"\/>\n\n\n\n<p>En la administraci\u00f3n municipal de Citlali Medell\u00edn en Tamiahua, el artista pl\u00e1stico Pepe Mart\u00ednez realiz\u00f3 un mural en honor a la afrodescendencia veracruzana, denominada La Mulata, obra que pas\u00f3 a formar parte del acervo cultural del pueblo tamiahuense y que adem\u00e1s le da identidad.<br>Pues bien, de la noche a la ma\u00f1ana, este fin de semana, La Mulata amaneci\u00f3 grafiteada con un juego de palabras \u201cZETLALI\u201d, en clara alusi\u00f3n a la exalcaldesa, hoy diputada local.<br>Vox populi se\u00f1ala de manera directa a una persona como responsable de estos ataques y como contexto, la misma diputada ha se\u00f1alado que \u201cla actual alcaldesa (Guadalupe Rodr\u00edguez) no es quien gobierna (Tamiahua), es su concubino. Y su concubino es, no un presunto, sino un delincuente a quien se le ha se\u00f1alado por cosas terribles\u201d.<br>\u201cDe todo el equipo que ella (Guadalupe) tuvo en su campa\u00f1a, le queda la mitad, la mayor\u00eda han desertado, han renunciado a seguir en su equipo porque este se\u00f1or, aparte de mis\u00f3gino, es un golpeador; es una persona de lo m\u00e1s bajo; que estuvo casado con una prima hermana que est\u00e1 viva de milagro, porque los vecinos, despu\u00e9s de tres d\u00edas de estar tirada desangr\u00e1ndose, la pudieron sacar viva. Es un tipo que golpea a sus hijas, que ambas son hoy m\u00e9dicos\u201d.<br>Y precisamente el perfil Aranxa LC lo se\u00f1ala en redes sociales directamente como responsable de este ataque a La Mulata. \u201cAranxa LC: La persona detr\u00e1s de esto es la misma que est\u00e1 en el poder dirigiendo todo y si (sic) siquiera tener el valor de dar la cara esto es solo (sic) el reflejo de la clase de persona que es: VIOLENTO, MIS\u00d3GINO Y MACHISTA, y tristemente esta persona no es otra que mi padre, qu\u00e9 pena ser su hija\u201d.<br>Al respecto del ataque, la diputada dijo que \u201ccondena estos actos de violencia y odio en contra de mi persona y sobre todo del Patrimonio Cultural de los y las Tamiahuenses. Pero m\u00e1s terrible y sorprendente, es ver la bajeza y vulgaridad, el nivel de odio, de la persona que lo hizo, el mismo autor que escribe los manifiestos, la misma persona que puso la lona en el crucero, previ\u00f3 al carnaval. El mismo que en su locura, en su esquizofrenia, machismo y misoginia, sigue demostrando qui\u00e9n es y de qu\u00e9 est\u00e1 hecho.\u201d<br>\u201cAs\u00ed las cosas, pena ajena, que tu propia hija, sea quien te se\u00f1ale\u201d.<br>Por v\u00eda de mientras, ella est\u00e1 a miles de kil\u00f3metros de distancia de la patria chica, en Daejeon, Corea del Sur, donde se lleva a cabo la Cumbre Mundial de Alcaldes, participando como representante de Veracruz en calidad de Presidenta de la Comisi\u00f3n de Desarrollo y Fortalecimiento Municipal; como Representante de los Diputados Locales de M\u00e9xico en Copecol y de los diputados locales del PVEM, adem\u00e1s en su calidad de Presidenta de la Comisi\u00f3n de Asuntos Legislativos de FLACMA. As\u00ed las cosas, los que buscan desacreditarla vandalizan murales y ella, code\u00e1ndose con la pol\u00edtica internacional. Uuuuufff.<\/p>\n\n\n\n<p>\u00a1Qu\u00e9 barbaridad!<br>deprimera.mano2020@gmail.com<\/p>\n","protected":false},"excerpt":{"rendered":"<p>Omar Z\u00fa\u00f1igaDe Primera Mano La mano que mece lacuna contra exalcaldesno afines, es mano negra La escisi\u00f3n en el grupo parlamentario de Acci\u00f3n Nacional en el Congreso del Estado luego de la aprobaci\u00f3n de la Ley Nahle, que provoc\u00f3 la renuncia de Oth\u00f3n Hern\u00e1ndez Candanedo y Hugo Saavedra y la expulsi\u00f3n de Nora Jessica Lagunes, [&hellip;]<\/p>\n","protected":false},"author":2,"featured_media":0,"comment_status":"closed","ping_status":"closed","sticky":false,"template":"","format":"standard","meta":{"tdm_status":"","tdm_grid_status":"","footnotes":""},"categories":[70],"tags":[17124,33568,12695,35595,35599,28705,264],"class_list":{"0":"post-96585","1":"post","2":"type-post","3":"status-publish","4":"format-standard","6":"category-de-opinion","7":"tag-citlali-medellin","8":"tag-guadalupe-rodriguez","9":"tag-juan-javier-gomez-cazarin","10":"tag-la-mulata","11":"tag-nora-jessica-lagunes-2","12":"tag-omar-zuniga","13":"tag-pvem"},"yoast_head":"<!-- This site is optimized with the Yoast SEO plugin v27.4 - https:\/\/yoast.com\/product\/yoast-seo-wordpress\/ -->\n<title>NUEVO GRUPO PARLAMENTARIO - Los pol\u00edticos Veracruz<\/title>\n<meta name=\"robots\" content=\"index, follow, max-snippet:-1, max-image-preview:large, max-video-preview:-1\" \/>\n<link rel=\"canonical\" href=\"https:\/\/lospoliticosveracruz.com\/?p=96585\" \/>\n<meta property=\"og:locale\" content=\"es_ES\" \/>\n<meta property=\"og:type\" content=\"article\" \/>\n<meta property=\"og:title\" content=\"NUEVO GRUPO PARLAMENTARIO - Los pol\u00edticos Veracruz\" \/>\n<meta property=\"og:description\" content=\"Omar Z\u00fa\u00f1igaDe Primera Mano La mano que mece lacuna contra exalcaldesno afines, es mano negra La escisi\u00f3n en el grupo parlamentario de Acci\u00f3n Nacional en el Congreso del Estado luego de la aprobaci\u00f3n de la Ley Nahle, que provoc\u00f3 la renuncia de Oth\u00f3n Hern\u00e1ndez Candanedo y Hugo Saavedra y la expulsi\u00f3n de Nora Jessica Lagunes, [&hellip;]\" \/>\n<meta property=\"og:url\" content=\"https:\/\/lospoliticosveracruz.com\/?p=96585\" \/>\n<meta property=\"og:site_name\" content=\"Los pol\u00edticos Veracruz\" \/>\n<meta property=\"article:publisher\" content=\"https:\/\/www.facebook.com\/people\/Notimemes-de-los-Polticos\/61565672886568\/\" \/>\n<meta property=\"article:published_time\" content=\"2022-10-10T13:38:39+00:00\" \/>\n<meta property=\"article:modified_time\" content=\"2022-10-10T13:38:46+00:00\" \/>\n<meta property=\"og:image\" content=\"https:\/\/lospoliticosveracruz.com\/wp-content\/uploads\/2016\/07\/Logo-Dor.jpg\" \/>\n\t<meta property=\"og:image:width\" content=\"200\" \/>\n\t<meta property=\"og:image:height\" content=\"200\" \/>\n\t<meta property=\"og:image:type\" content=\"image\/jpeg\" \/>\n<meta name=\"author\" content=\"Lo viste en Los Pol\u00edticos\" \/>\n<meta name=\"twitter:card\" content=\"summary_large_image\" \/>\n<meta name=\"twitter:creator\" content=\"@LosPoliticosVer\" \/>\n<meta name=\"twitter:site\" content=\"@LosPoliticosVer\" \/>\n<meta name=\"twitter:label1\" content=\"Escrito por\" \/>\n\t<meta name=\"twitter:data1\" content=\"Lo viste en Los Pol\u00edticos\" \/>\n\t<meta name=\"twitter:label2\" content=\"Tiempo de lectura\" \/>\n\t<meta name=\"twitter:data2\" content=\"4 minutos\" \/>\n<script type=\"application\/ld+json\" class=\"yoast-schema-graph\">{\"@context\":\"https:\\\/\\\/schema.org\",\"@graph\":[{\"@type\":\"Article\",\"@id\":\"https:\\\/\\\/lospoliticosveracruz.com\\\/?p=96585#article\",\"isPartOf\":{\"@id\":\"https:\\\/\\\/lospoliticosveracruz.com\\\/?p=96585\"},\"author\":{\"name\":\"Lo viste en Los Pol\u00edticos\",\"@id\":\"https:\\\/\\\/lospoliticosveracruz.com\\\/#\\\/schema\\\/person\\\/b8702bb0e538456e6efd07080bf2a4a2\"},\"headline\":\"NUEVO GRUPO PARLAMENTARIO\",\"datePublished\":\"2022-10-10T13:38:39+00:00\",\"dateModified\":\"2022-10-10T13:38:46+00:00\",\"mainEntityOfPage\":{\"@id\":\"https:\\\/\\\/lospoliticosveracruz.com\\\/?p=96585\"},\"wordCount\":861,\"publisher\":{\"@id\":\"https:\\\/\\\/lospoliticosveracruz.com\\\/#organization\"},\"keywords\":[\"Citlali Medell\u00edn\",\"Guadalupe Rodr\u00edguez\",\"Juan Javier G\u00f3mez Cazar\u00edn\",\"La Mulata\",\"Nora Jessica Lagunes\",\"Omar Z\u00fa\u00f1iga\",\"PVEM\"],\"articleSection\":[\"De Opini\u00f3n\"],\"inLanguage\":\"es\"},{\"@type\":\"WebPage\",\"@id\":\"https:\\\/\\\/lospoliticosveracruz.com\\\/?p=96585\",\"url\":\"https:\\\/\\\/lospoliticosveracruz.com\\\/?p=96585\",\"name\":\"NUEVO GRUPO PARLAMENTARIO - Los pol\u00edticos Veracruz\",\"isPartOf\":{\"@id\":\"https:\\\/\\\/lospoliticosveracruz.com\\\/#website\"},\"datePublished\":\"2022-10-10T13:38:39+00:00\",\"dateModified\":\"2022-10-10T13:38:46+00:00\",\"breadcrumb\":{\"@id\":\"https:\\\/\\\/lospoliticosveracruz.com\\\/?p=96585#breadcrumb\"},\"inLanguage\":\"es\",\"potentialAction\":[{\"@type\":\"ReadAction\",\"target\":[\"https:\\\/\\\/lospoliticosveracruz.com\\\/?p=96585\"]}]},{\"@type\":\"BreadcrumbList\",\"@id\":\"https:\\\/\\\/lospoliticosveracruz.com\\\/?p=96585#breadcrumb\",\"itemListElement\":[{\"@type\":\"ListItem\",\"position\":1,\"name\":\"Portada\",\"item\":\"https:\\\/\\\/lospoliticosveracruz.com\\\/\"},{\"@type\":\"ListItem\",\"position\":2,\"name\":\"NUEVO GRUPO PARLAMENTARIO\"}]},{\"@type\":\"WebSite\",\"@id\":\"https:\\\/\\\/lospoliticosveracruz.com\\\/#website\",\"url\":\"https:\\\/\\\/lospoliticosveracruz.com\\\/\",\"name\":\"Los pol\u00edticos Veracruz\",\"description\":\"\",\"publisher\":{\"@id\":\"https:\\\/\\\/lospoliticosveracruz.com\\\/#organization\"},\"potentialAction\":[{\"@type\":\"SearchAction\",\"target\":{\"@type\":\"EntryPoint\",\"urlTemplate\":\"https:\\\/\\\/lospoliticosveracruz.com\\\/?s={search_term_string}\"},\"query-input\":{\"@type\":\"PropertyValueSpecification\",\"valueRequired\":true,\"valueName\":\"search_term_string\"}}],\"inLanguage\":\"es\"},{\"@type\":\"Organization\",\"@id\":\"https:\\\/\\\/lospoliticosveracruz.com\\\/#organization\",\"name\":\"Los pol\u00edticos Veracruz\",\"url\":\"https:\\\/\\\/lospoliticosveracruz.com\\\/\",\"logo\":{\"@type\":\"ImageObject\",\"inLanguage\":\"es\",\"@id\":\"https:\\\/\\\/lospoliticosveracruz.com\\\/#\\\/schema\\\/logo\\\/image\\\/\",\"url\":\"https:\\\/\\\/lospoliticosveracruz.com\\\/wp-content\\\/uploads\\\/2025\\\/12\\\/Logo-Nuevo-LOS-POLITICOS-1.jpg\",\"contentUrl\":\"https:\\\/\\\/lospoliticosveracruz.com\\\/wp-content\\\/uploads\\\/2025\\\/12\\\/Logo-Nuevo-LOS-POLITICOS-1.jpg\",\"width\":260,\"height\":70,\"caption\":\"Los pol\u00edticos Veracruz\"},\"image\":{\"@id\":\"https:\\\/\\\/lospoliticosveracruz.com\\\/#\\\/schema\\\/logo\\\/image\\\/\"},\"sameAs\":[\"https:\\\/\\\/www.facebook.com\\\/people\\\/Notimemes-de-los-Polticos\\\/61565672886568\\\/\",\"https:\\\/\\\/x.com\\\/LosPoliticosVer\"]},{\"@type\":\"Person\",\"@id\":\"https:\\\/\\\/lospoliticosveracruz.com\\\/#\\\/schema\\\/person\\\/b8702bb0e538456e6efd07080bf2a4a2\",\"name\":\"Lo viste en Los Pol\u00edticos\",\"image\":{\"@type\":\"ImageObject\",\"inLanguage\":\"es\",\"@id\":\"https:\\\/\\\/secure.gravatar.com\\\/avatar\\\/3a8de04a2656d44082be478bd6c086daa447c4651605818287b9532d3d0bd435?s=96&d=mm&r=g\",\"url\":\"https:\\\/\\\/secure.gravatar.com\\\/avatar\\\/3a8de04a2656d44082be478bd6c086daa447c4651605818287b9532d3d0bd435?s=96&d=mm&r=g\",\"contentUrl\":\"https:\\\/\\\/secure.gravatar.com\\\/avatar\\\/3a8de04a2656d44082be478bd6c086daa447c4651605818287b9532d3d0bd435?s=96&d=mm&r=g\",\"caption\":\"Lo viste en Los Pol\u00edticos\"},\"url\":\"https:\\\/\\\/lospoliticosveracruz.com\\\/?author=2\"}]}<\/script>\n<!-- \/ Yoast SEO plugin. -->","yoast_head_json":{"title":"NUEVO GRUPO PARLAMENTARIO - Los pol\u00edticos Veracruz","robots":{"index":"index","follow":"follow","max-snippet":"max-snippet:-1","max-image-preview":"max-image-preview:large","max-video-preview":"max-video-preview:-1"},"canonical":"https:\/\/lospoliticosveracruz.com\/?p=96585","og_locale":"es_ES","og_type":"article","og_title":"NUEVO GRUPO PARLAMENTARIO - Los pol\u00edticos Veracruz","og_description":"Omar Z\u00fa\u00f1igaDe Primera Mano La mano que mece lacuna contra exalcaldesno afines, es mano negra La escisi\u00f3n en el grupo parlamentario de Acci\u00f3n Nacional en el Congreso del Estado luego de la aprobaci\u00f3n de la Ley Nahle, que provoc\u00f3 la renuncia de Oth\u00f3n Hern\u00e1ndez Candanedo y Hugo Saavedra y la expulsi\u00f3n de Nora Jessica Lagunes, [&hellip;]","og_url":"https:\/\/lospoliticosveracruz.com\/?p=96585","og_site_name":"Los pol\u00edticos Veracruz","article_publisher":"https:\/\/www.facebook.com\/people\/Notimemes-de-los-Polticos\/61565672886568\/","article_published_time":"2022-10-10T13:38:39+00:00","article_modified_time":"2022-10-10T13:38:46+00:00","og_image":[{"width":200,"height":200,"url":"https:\/\/lospoliticosveracruz.com\/wp-content\/uploads\/2016\/07\/Logo-Dor.jpg","type":"image\/jpeg"}],"author":"Lo viste en Los Pol\u00edticos","twitter_card":"summary_large_image","twitter_creator":"@LosPoliticosVer","twitter_site":"@LosPoliticosVer","twitter_misc":{"Escrito por":"Lo viste en Los Pol\u00edticos","Tiempo de lectura":"4 minutos"},"schema":{"@context":"https:\/\/schema.org","@graph":[{"@type":"Article","@id":"https:\/\/lospoliticosveracruz.com\/?p=96585#article","isPartOf":{"@id":"https:\/\/lospoliticosveracruz.com\/?p=96585"},"author":{"name":"Lo viste en Los Pol\u00edticos","@id":"https:\/\/lospoliticosveracruz.com\/#\/schema\/person\/b8702bb0e538456e6efd07080bf2a4a2"},"headline":"NUEVO GRUPO PARLAMENTARIO","datePublished":"2022-10-10T13:38:39+00:00","dateModified":"2022-10-10T13:38:46+00:00","mainEntityOfPage":{"@id":"https:\/\/lospoliticosveracruz.com\/?p=96585"},"wordCount":861,"publisher":{"@id":"https:\/\/lospoliticosveracruz.com\/#organization"},"keywords":["Citlali Medell\u00edn","Guadalupe Rodr\u00edguez","Juan Javier G\u00f3mez Cazar\u00edn","La Mulata","Nora Jessica Lagunes","Omar Z\u00fa\u00f1iga","PVEM"],"articleSection":["De Opini\u00f3n"],"inLanguage":"es"},{"@type":"WebPage","@id":"https:\/\/lospoliticosveracruz.com\/?p=96585","url":"https:\/\/lospoliticosveracruz.com\/?p=96585","name":"NUEVO GRUPO PARLAMENTARIO - Los pol\u00edticos Veracruz","isPartOf":{"@id":"https:\/\/lospoliticosveracruz.com\/#website"},"datePublished":"2022-10-10T13:38:39+00:00","dateModified":"2022-10-10T13:38:46+00:00","breadcrumb":{"@id":"https:\/\/lospoliticosveracruz.com\/?p=96585#breadcrumb"},"inLanguage":"es","potentialAction":[{"@type":"ReadAction","target":["https:\/\/lospoliticosveracruz.com\/?p=96585"]}]},{"@type":"BreadcrumbList","@id":"https:\/\/lospoliticosveracruz.com\/?p=96585#breadcrumb","itemListElement":[{"@type":"ListItem","position":1,"name":"Portada","item":"https:\/\/lospoliticosveracruz.com\/"},{"@type":"ListItem","position":2,"name":"NUEVO GRUPO PARLAMENTARIO"}]},{"@type":"WebSite","@id":"https:\/\/lospoliticosveracruz.com\/#website","url":"https:\/\/lospoliticosveracruz.com\/","name":"Los pol\u00edticos Veracruz","description":"","publisher":{"@id":"https:\/\/lospoliticosveracruz.com\/#organization"},"potentialAction":[{"@type":"SearchAction","target":{"@type":"EntryPoint","urlTemplate":"https:\/\/lospoliticosveracruz.com\/?s={search_term_string}"},"query-input":{"@type":"PropertyValueSpecification","valueRequired":true,"valueName":"search_term_string"}}],"inLanguage":"es"},{"@type":"Organization","@id":"https:\/\/lospoliticosveracruz.com\/#organization","name":"Los pol\u00edticos Veracruz","url":"https:\/\/lospoliticosveracruz.com\/","logo":{"@type":"ImageObject","inLanguage":"es","@id":"https:\/\/lospoliticosveracruz.com\/#\/schema\/logo\/image\/","url":"https:\/\/lospoliticosveracruz.com\/wp-content\/uploads\/2025\/12\/Logo-Nuevo-LOS-POLITICOS-1.jpg","contentUrl":"https:\/\/lospoliticosveracruz.com\/wp-content\/uploads\/2025\/12\/Logo-Nuevo-LOS-POLITICOS-1.jpg","width":260,"height":70,"caption":"Los pol\u00edticos Veracruz"},"image":{"@id":"https:\/\/lospoliticosveracruz.com\/#\/schema\/logo\/image\/"},"sameAs":["https:\/\/www.facebook.com\/people\/Notimemes-de-los-Polticos\/61565672886568\/","https:\/\/x.com\/LosPoliticosVer"]},{"@type":"Person","@id":"https:\/\/lospoliticosveracruz.com\/#\/schema\/person\/b8702bb0e538456e6efd07080bf2a4a2","name":"Lo viste en Los Pol\u00edticos","image":{"@type":"ImageObject","inLanguage":"es","@id":"https:\/\/secure.gravatar.com\/avatar\/3a8de04a2656d44082be478bd6c086daa447c4651605818287b9532d3d0bd435?s=96&d=mm&r=g","url":"https:\/\/secure.gravatar.com\/avatar\/3a8de04a2656d44082be478bd6c086daa447c4651605818287b9532d3d0bd435?s=96&d=mm&r=g","contentUrl":"https:\/\/secure.gravatar.com\/avatar\/3a8de04a2656d44082be478bd6c086daa447c4651605818287b9532d3d0bd435?s=96&d=mm&r=g","caption":"Lo viste en Los Pol\u00edticos"},"url":"https:\/\/lospoliticosveracruz.com\/?author=2"}]}},"_links":{"self":[{"href":"https:\/\/lospoliticosveracruz.com\/index.php?rest_route=\/wp\/v2\/posts\/96585","targetHints":{"allow":["GET"]}}],"collection":[{"href":"https:\/\/lospoliticosveracruz.com\/index.php?rest_route=\/wp\/v2\/posts"}],"about":[{"href":"https:\/\/lospoliticosveracruz.com\/index.php?rest_route=\/wp\/v2\/types\/post"}],"author":[{"embeddable":true,"href":"https:\/\/lospoliticosveracruz.com\/index.php?rest_route=\/wp\/v2\/users\/2"}],"replies":[{"embeddable":true,"href":"https:\/\/lospoliticosveracruz.com\/index.php?rest_route=%2Fwp%2Fv2%2Fcomments&post=96585"}],"version-history":[{"count":1,"href":"https:\/\/lospoliticosveracruz.com\/index.php?rest_route=\/wp\/v2\/posts\/96585\/revisions"}],"predecessor-version":[{"id":96587,"href":"https:\/\/lospoliticosveracruz.com\/index.php?rest_route=\/wp\/v2\/posts\/96585\/revisions\/96587"}],"wp:attachment":[{"href":"https:\/\/lospoliticosveracruz.com\/index.php?rest_route=%2Fwp%2Fv2%2Fmedia&parent=96585"}],"wp:term":[{"taxonomy":"category","embeddable":true,"href":"https:\/\/lospoliticosveracruz.com\/index.php?rest_route=%2Fwp%2Fv2%2Fcategories&post=96585"},{"taxonomy":"post_tag","embeddable":true,"href":"https:\/\/lospoliticosveracruz.com\/index.php?rest_route=%2Fwp%2Fv2%2Ftags&post=96585"}],"curies":[{"name":"wp","href":"https:\/\/api.w.org\/{rel}","templated":true}]}}