{"id":96640,"date":"2022-10-11T07:49:42","date_gmt":"2022-10-11T12:49:42","guid":{"rendered":"https:\/\/lospoliticosveracruz.com.mx\/?p=96640"},"modified":"2022-10-11T07:49:49","modified_gmt":"2022-10-11T12:49:49","slug":"ojo-cuic","status":"publish","type":"post","link":"https:\/\/lospoliticosveracruz.com\/?p=96640","title":{"rendered":"OJO CUIC!"},"content":{"rendered":"\n<p><strong>Ricardo Ch\u00faa<\/strong><\/p>\n\n\n\n<p><em>Sale y Vale<\/em><\/p>\n\n\n\n<p>El gobernador de Veracruz, Cuitl\u00e1huac Garc\u00eda Jim\u00e9nez dijo en su conferencia de prensa de ayer, que si alg\u00fan funcionario de su administraci\u00f3n estaba vinculado con el crimen organizado, se iba a proceder en su contra, esto despu\u00e9s de la filtraci\u00f3n de \u00abGuacamayas Leaks\u00bb sobre documentos del Ej\u00e9rcito Mexicano, que investigaban que en su gobierno, se le hab\u00eda dado cabida a delincuentes&#8230; Lo que NO DIJO es que SI \u00c9L YA PRESENT\u00d3 LA DENUNCIA ante la Fiscal\u00eda General de la Rep\u00fablica&#8230;. Para que los investiguen&#8230; \u00bfEntonces?&#8230;<\/p>\n\n\n<div class=\"wp-block-image\">\n<figure class=\"alignleft size-medium\"><a href=\"https:\/\/lospoliticosveracruz.com.mx\/wp-content\/uploads\/2021\/10\/Zacauilt.jpg\"><img decoding=\"async\" src=\"https:\/\/lospoliticosveracruz.com.mx\/wp-content\/uploads\/2021\/10\/Zacauilt-150x300.jpg\" alt=\"\" class=\"wp-image-80558\"\/><\/a><\/figure>\n<\/div>\n\n\n<p>De no ser as\u00ed, de nuevo el mandatario estatal queda mal parado porque como se sabr\u00e1 si alg\u00fan funcionario estatal est\u00e1 inmerso con grupos delincuenciales para ser castigado&#8230;Lo que finalmente Garc\u00eda Jim\u00e9nez debe valorar es que fueron DOCUMENTOS HACKEADOS a la SEDENA.. No al PRI o PAN.. Fue al Ej\u00e9rcito Mexicano que le dej\u00f3 esa \u00abv\u00edbora chillando\u00bb a su administraci\u00f3n&#8230; Una dependencia que hace \u00ablabor de inteligencia\u00bb&#8230; Y el hackeo habla de hechos violentos ocurridos en la entidad por esa situaci\u00f3n&#8230; Es decir, la investigaci\u00f3n es real&#8230;<\/p>\n\n\n\n<p>As\u00ed que por la \u00abbuena salud\u00bb de su administraci\u00f3n y de su figura como gobernador&#8230; Cuitl\u00e1huac Garc\u00eda debe hacer p\u00fablica esta denuncia federal y exigirle a Alejandro Gertz Manero, fiscal General de la Rep\u00fablica&#8230; Que de una postura al respecto, cuando las investigaciones, sobre lo revelado por los documentos de la SEDENA, terminen&#8230; Aqu\u00ed no hay que buscarle mucho en un se\u00f1alamiento tan delicado como este&#8230; S\u00f3lo ser transparentes, presentar la denuncia, los resultados sobre el caso y castigar a los culpables en cado de haberlos&#8230;<\/p>\n\n\n\n<p>En caso contrario&#8230; La sociedad NO VA A CREER en Cuitl\u00e1huac Garc\u00eda cuando diga algo al respecto y la FGR no de una postura sobre los se\u00f1alamientos.. Repetimos fueron documentos de la SEDENA, una dependencia manejada por un Comandante Supremo que es el Presidente de M\u00e9xico, un personaje del mismo partido pol\u00edtico del gobernador&#8230; As\u00ed que mientras no se conozca la denuncia y el resultado de la investigaci\u00f3n&#8230; Todo lo que digan no ser\u00e1 tomado en cuenta&#8230; Y la SEDENA dejar\u00e1 a su administraci\u00f3n estatal siempre BAJO SOSPECHA..,.&nbsp;<\/p>\n\n\n\n<p>SE DEFIENDE JOHANA&#8230; La que se ve que se anda defendiendo de todos los ataques en su contra&#8230; \u00abFuego Amigos\u00bb y \u00abFuego Enemigo\u00bb&#8230; Es la directora de Administraci\u00f3n del Consejo de la Judicatura del Poder Judicial de Veracruz, Joana Marl\u00e9n Bautista Flores&#8230; Que al estilo de la canci\u00f3n del \u00abGrupo Firme\u00bb, el favorito de la 4T: \u00abYa Superame\u00bb&#8230; Pues, les mand\u00f3 un mensaje a sus detractores, que se acab\u00f3 la corrupci\u00f3n en el poder judicial&#8230; Y de todo el quebranto millonario, que dicen que hay, pues, que no existe&#8230;.<\/p>\n\n\n\n<p>Nos cuenta \u00abGarganta Profunda\u00bb que a esta funcionaria del Poder Judicial de Veracruz&#8230; La han sometido a 16 auditor\u00edas, de las cuales 10 han sido por parte de la Auditor\u00eda Superior de la Federaci\u00f3n (ASF) y 6 m\u00e1s por parte del \u00d3rgano de Fiscalizaci\u00f3n Superior de Veracruz (ORFIS).. Y no le han encontrado nada que asegure que en las arcas del Tribunal Superior de Justicia del Estado, haya un desfalco de millones de pesos, como dicen que existen por parte de sus detractores&#8230; .<\/p>\n\n\n\n<p>De la misma manera, nos revelan que de estas auditor\u00edas federales y estatales aplicadas a su funci\u00f3n como Directora de Administraci\u00f3n del TSJE&#8230; Solo se le han observado, puros temas administrativos sin relevancia&#8230; As\u00ed que \u00absi les vienen a contar cositas malas de m\u00ed, yo te lo juro que yo no fu\u00ed\u00bb&#8230; Adem\u00e1s de que seg\u00fan se dice, dentro del Poder Judicial de Veracruz, que Joana Bautista ha logrado ahorros mensuales hasta por 4 millones.200 mil pesos mensuales&#8230; Y eso nadie lo sab\u00eda&#8230;&nbsp;<\/p>\n\n\n\n<p>\u00abGarganta Profunda\u00bb .se\u00f1ala que se dentro del PJV tambi\u00e9n corren las versiones que este plan de austeridad se puso en marcha de manera permanentemente desde 2020&#8230; Cuando ella lleg\u00f3 al cargo&#8230; Por lo que, seg\u00fan su versi\u00f3n, no hay negocios en el Poder Judicial del Estado y las cuentas sobre la administraci\u00f3n de sus recursos son m\u00e1s que claras&#8230; Ya que se eliminaron fondos revolventes, vales de gasolina para funcionarios administrativos y dem\u00e1s excesos con los que contaban&#8230; Que ahorradora&#8230;.<\/p>\n\n\n\n<p>Por eso, confirman que se espera, de aqu\u00ed hasta el tiempo que est\u00e9 en el cargo en esta direcci\u00f3n administrativa del Consejo de la Judicatura&#8230; Al menos, se prev\u00e9 que se pueda tener un ahorro de casi 2 mil millones de pesos en los siguientes ejercicios&#8230; Al final de&nbsp;&nbsp;cuentas, seg\u00fan est\u00e1 aplica lo que le ense\u00f1\u00f3 el \u00abPrimo\u00bb Eleazar Guerrero P\u00e9rez, de la subsecretar\u00eda de Finanzas del gobierno estatal&#8230; De que en el manejo de recursos p\u00fablicos debe ser ordenado y con disciplina bajo los esquema de la Ley de Disciplina Financiera&#8230; TAN.. TAN&#8230;&nbsp;<\/p>\n\n\n\n<p>LA DENUNCIA DE NACHO CARVAJAL.. El periodista veracruzano, radicado en Coatzacoalcos, Ignacio Carvajal, present\u00f3 ayer ante la Fiscal\u00eda General de la Rep\u00fablica (FGR) una denuncia con el n\u00famero de carpeta de investigaci\u00f3n FED\/VER\/COATZ\/0003458\/2022 en contra de la alcaldesa de Sayula de Alem\u00e1n, Lorena S\u00e1nchez Vargas, por declaraciones en en su contra que pueden ser tipificadas como amenazas porque vulneran su seguridad personal y presentan una restricci\u00f3n a la libertad de expresi\u00f3n&#8230;<\/p>\n\n\n\n<p>Nacho Carvajal ha seguido de cerca el caso de Sayula de Alem\u00e1n con el tema de la alcaldesa, que presuntamente es amenazada por grupos fuera de la ley para que administren y manejen el ayuntamiento a su cargo&#8230; Carvajal en sus an\u00e1lisis y notas period\u00edsticas ha puesto en duda varias veces esas versiones&#8230; Sobre todo los hechos que dice la mun\u00edcipe que pasaron para llegar a estos se\u00f1alamientos y sobre todo a las personas que aseguran la amenazaron&#8230; Y que por ello, ahora, Carvajal es objeto de ataques medi\u00e1ticos de la presidenta municipal&#8230;&nbsp;&nbsp;<\/p>\n\n\n\n<p>No nos queda m\u00e1s que darle nuestra SOLIDARIDAD al compa\u00f1ero periodista y egresado de la Facultad de Comunicaci\u00f3n de la Universidad Veracruzana&#8230; Ya que esa regi\u00f3n de Veracruz, donde \u00e9l se maneja de manera diaria y donde sucedieron estos hechos&#8230; Es una de las m\u00e1s violentas del Estado y en algunos municipios como el de Sayula de Alem\u00e1n, las garant\u00edas individuales para ejercer esta profesi\u00f3n, son casi nulas&#8230; Y ha esperar que las autoridades de la FGR que emitan un dictamen sobre estos hechos&#8230; NI UNO M\u00c1S&#8230;<\/p>\n","protected":false},"excerpt":{"rendered":"<p>Ricardo Ch\u00faa Sale y Vale El gobernador de Veracruz, Cuitl\u00e1huac Garc\u00eda Jim\u00e9nez dijo en su conferencia de prensa de ayer, que si alg\u00fan funcionario de su administraci\u00f3n estaba vinculado con el crimen organizado, se iba a proceder en su contra, esto despu\u00e9s de la filtraci\u00f3n de \u00abGuacamayas Leaks\u00bb sobre documentos del Ej\u00e9rcito Mexicano, que investigaban [&hellip;]<\/p>\n","protected":false},"author":2,"featured_media":0,"comment_status":"closed","ping_status":"closed","sticky":false,"template":"","format":"standard","meta":{"tdm_status":"","tdm_grid_status":"","footnotes":""},"categories":[70],"tags":[13577,371,1563,35549,13534,32815,28962,19822,10434,195],"class_list":{"0":"post-96640","1":"post","2":"type-post","3":"status-publish","4":"format-standard","6":"category-de-opinion","7":"tag-alejandro-gertz-manero","8":"tag-coatzacoalcos","9":"tag-cuitlahuac-garcia-jimenez","10":"tag-guacamayas-leaks","11":"tag-ignacio-carvajal","12":"tag-joana-marlen-bautista-flores-2","13":"tag-lorena-sanchez-vargas","14":"tag-poder-judicial-de-veracruz","15":"tag-sayula-de-aleman","16":"tag-veracruz"},"yoast_head":"<!-- This site is optimized with the Yoast SEO plugin v27.4 - https:\/\/yoast.com\/product\/yoast-seo-wordpress\/ -->\n<title>OJO CUIC! - Los pol\u00edticos Veracruz<\/title>\n<meta name=\"robots\" content=\"index, follow, max-snippet:-1, max-image-preview:large, max-video-preview:-1\" \/>\n<link rel=\"canonical\" href=\"https:\/\/lospoliticosveracruz.com\/?p=96640\" \/>\n<meta property=\"og:locale\" content=\"es_ES\" \/>\n<meta property=\"og:type\" content=\"article\" \/>\n<meta property=\"og:title\" content=\"OJO CUIC! - Los pol\u00edticos Veracruz\" \/>\n<meta property=\"og:description\" content=\"Ricardo Ch\u00faa Sale y Vale El gobernador de Veracruz, Cuitl\u00e1huac Garc\u00eda Jim\u00e9nez dijo en su conferencia de prensa de ayer, que si alg\u00fan funcionario de su administraci\u00f3n estaba vinculado con el crimen organizado, se iba a proceder en su contra, esto despu\u00e9s de la filtraci\u00f3n de \u00abGuacamayas Leaks\u00bb sobre documentos del Ej\u00e9rcito Mexicano, que investigaban [&hellip;]\" \/>\n<meta property=\"og:url\" content=\"https:\/\/lospoliticosveracruz.com\/?p=96640\" \/>\n<meta property=\"og:site_name\" content=\"Los pol\u00edticos Veracruz\" \/>\n<meta property=\"article:publisher\" content=\"https:\/\/www.facebook.com\/people\/Notimemes-de-los-Polticos\/61565672886568\/\" \/>\n<meta property=\"article:published_time\" content=\"2022-10-11T12:49:42+00:00\" \/>\n<meta property=\"article:modified_time\" content=\"2022-10-11T12:49:49+00:00\" \/>\n<meta property=\"og:image\" content=\"https:\/\/lospoliticosveracruz.com.mx\/wp-content\/uploads\/2021\/10\/Zacauilt-150x300.jpg\" \/>\n<meta name=\"author\" content=\"Lo viste en Los Pol\u00edticos\" \/>\n<meta name=\"twitter:card\" content=\"summary_large_image\" \/>\n<meta name=\"twitter:creator\" content=\"@LosPoliticosVer\" \/>\n<meta name=\"twitter:site\" content=\"@LosPoliticosVer\" \/>\n<meta name=\"twitter:label1\" content=\"Escrito por\" \/>\n\t<meta name=\"twitter:data1\" content=\"Lo viste en Los Pol\u00edticos\" \/>\n\t<meta name=\"twitter:label2\" content=\"Tiempo de lectura\" \/>\n\t<meta name=\"twitter:data2\" content=\"6 minutos\" \/>\n<script type=\"application\/ld+json\" class=\"yoast-schema-graph\">{\"@context\":\"https:\\\/\\\/schema.org\",\"@graph\":[{\"@type\":\"Article\",\"@id\":\"https:\\\/\\\/lospoliticosveracruz.com\\\/?p=96640#article\",\"isPartOf\":{\"@id\":\"https:\\\/\\\/lospoliticosveracruz.com\\\/?p=96640\"},\"author\":{\"name\":\"Lo viste en Los Pol\u00edticos\",\"@id\":\"https:\\\/\\\/lospoliticosveracruz.com\\\/#\\\/schema\\\/person\\\/b8702bb0e538456e6efd07080bf2a4a2\"},\"headline\":\"OJO CUIC!\",\"datePublished\":\"2022-10-11T12:49:42+00:00\",\"dateModified\":\"2022-10-11T12:49:49+00:00\",\"mainEntityOfPage\":{\"@id\":\"https:\\\/\\\/lospoliticosveracruz.com\\\/?p=96640\"},\"wordCount\":1122,\"publisher\":{\"@id\":\"https:\\\/\\\/lospoliticosveracruz.com\\\/#organization\"},\"image\":{\"@id\":\"https:\\\/\\\/lospoliticosveracruz.com\\\/?p=96640#primaryimage\"},\"thumbnailUrl\":\"https:\\\/\\\/lospoliticosveracruz.com.mx\\\/wp-content\\\/uploads\\\/2021\\\/10\\\/Zacauilt-150x300.jpg\",\"keywords\":[\"Alejandro Gertz Manero\",\"Coatzacoalcos\",\"Cuitl\u00e1huac Garc\u00eda Jim\u00e9nez\",\"Guacamayas Leaks\",\"Ignacio Carvajal\",\"Joana Marl\u00e9n Bautista Flores\",\"Lorena S\u00e1nchez Vargas\",\"Poder Judicial de Veracruz\",\"Sayula de Alem\u00e1n\",\"Veracruz\"],\"articleSection\":[\"De Opini\u00f3n\"],\"inLanguage\":\"es\"},{\"@type\":\"WebPage\",\"@id\":\"https:\\\/\\\/lospoliticosveracruz.com\\\/?p=96640\",\"url\":\"https:\\\/\\\/lospoliticosveracruz.com\\\/?p=96640\",\"name\":\"OJO CUIC! - Los pol\u00edticos Veracruz\",\"isPartOf\":{\"@id\":\"https:\\\/\\\/lospoliticosveracruz.com\\\/#website\"},\"primaryImageOfPage\":{\"@id\":\"https:\\\/\\\/lospoliticosveracruz.com\\\/?p=96640#primaryimage\"},\"image\":{\"@id\":\"https:\\\/\\\/lospoliticosveracruz.com\\\/?p=96640#primaryimage\"},\"thumbnailUrl\":\"https:\\\/\\\/lospoliticosveracruz.com.mx\\\/wp-content\\\/uploads\\\/2021\\\/10\\\/Zacauilt-150x300.jpg\",\"datePublished\":\"2022-10-11T12:49:42+00:00\",\"dateModified\":\"2022-10-11T12:49:49+00:00\",\"breadcrumb\":{\"@id\":\"https:\\\/\\\/lospoliticosveracruz.com\\\/?p=96640#breadcrumb\"},\"inLanguage\":\"es\",\"potentialAction\":[{\"@type\":\"ReadAction\",\"target\":[\"https:\\\/\\\/lospoliticosveracruz.com\\\/?p=96640\"]}]},{\"@type\":\"ImageObject\",\"inLanguage\":\"es\",\"@id\":\"https:\\\/\\\/lospoliticosveracruz.com\\\/?p=96640#primaryimage\",\"url\":\"https:\\\/\\\/lospoliticosveracruz.com.mx\\\/wp-content\\\/uploads\\\/2021\\\/10\\\/Zacauilt-150x300.jpg\",\"contentUrl\":\"https:\\\/\\\/lospoliticosveracruz.com.mx\\\/wp-content\\\/uploads\\\/2021\\\/10\\\/Zacauilt-150x300.jpg\"},{\"@type\":\"BreadcrumbList\",\"@id\":\"https:\\\/\\\/lospoliticosveracruz.com\\\/?p=96640#breadcrumb\",\"itemListElement\":[{\"@type\":\"ListItem\",\"position\":1,\"name\":\"Portada\",\"item\":\"https:\\\/\\\/lospoliticosveracruz.com\\\/\"},{\"@type\":\"ListItem\",\"position\":2,\"name\":\"OJO CUIC!\"}]},{\"@type\":\"WebSite\",\"@id\":\"https:\\\/\\\/lospoliticosveracruz.com\\\/#website\",\"url\":\"https:\\\/\\\/lospoliticosveracruz.com\\\/\",\"name\":\"Los pol\u00edticos Veracruz\",\"description\":\"\",\"publisher\":{\"@id\":\"https:\\\/\\\/lospoliticosveracruz.com\\\/#organization\"},\"potentialAction\":[{\"@type\":\"SearchAction\",\"target\":{\"@type\":\"EntryPoint\",\"urlTemplate\":\"https:\\\/\\\/lospoliticosveracruz.com\\\/?s={search_term_string}\"},\"query-input\":{\"@type\":\"PropertyValueSpecification\",\"valueRequired\":true,\"valueName\":\"search_term_string\"}}],\"inLanguage\":\"es\"},{\"@type\":\"Organization\",\"@id\":\"https:\\\/\\\/lospoliticosveracruz.com\\\/#organization\",\"name\":\"Los pol\u00edticos Veracruz\",\"url\":\"https:\\\/\\\/lospoliticosveracruz.com\\\/\",\"logo\":{\"@type\":\"ImageObject\",\"inLanguage\":\"es\",\"@id\":\"https:\\\/\\\/lospoliticosveracruz.com\\\/#\\\/schema\\\/logo\\\/image\\\/\",\"url\":\"https:\\\/\\\/lospoliticosveracruz.com\\\/wp-content\\\/uploads\\\/2025\\\/12\\\/Logo-Nuevo-LOS-POLITICOS-1.jpg\",\"contentUrl\":\"https:\\\/\\\/lospoliticosveracruz.com\\\/wp-content\\\/uploads\\\/2025\\\/12\\\/Logo-Nuevo-LOS-POLITICOS-1.jpg\",\"width\":260,\"height\":70,\"caption\":\"Los pol\u00edticos Veracruz\"},\"image\":{\"@id\":\"https:\\\/\\\/lospoliticosveracruz.com\\\/#\\\/schema\\\/logo\\\/image\\\/\"},\"sameAs\":[\"https:\\\/\\\/www.facebook.com\\\/people\\\/Notimemes-de-los-Polticos\\\/61565672886568\\\/\",\"https:\\\/\\\/x.com\\\/LosPoliticosVer\"]},{\"@type\":\"Person\",\"@id\":\"https:\\\/\\\/lospoliticosveracruz.com\\\/#\\\/schema\\\/person\\\/b8702bb0e538456e6efd07080bf2a4a2\",\"name\":\"Lo viste en Los Pol\u00edticos\",\"image\":{\"@type\":\"ImageObject\",\"inLanguage\":\"es\",\"@id\":\"https:\\\/\\\/secure.gravatar.com\\\/avatar\\\/3a8de04a2656d44082be478bd6c086daa447c4651605818287b9532d3d0bd435?s=96&d=mm&r=g\",\"url\":\"https:\\\/\\\/secure.gravatar.com\\\/avatar\\\/3a8de04a2656d44082be478bd6c086daa447c4651605818287b9532d3d0bd435?s=96&d=mm&r=g\",\"contentUrl\":\"https:\\\/\\\/secure.gravatar.com\\\/avatar\\\/3a8de04a2656d44082be478bd6c086daa447c4651605818287b9532d3d0bd435?s=96&d=mm&r=g\",\"caption\":\"Lo viste en Los Pol\u00edticos\"},\"url\":\"https:\\\/\\\/lospoliticosveracruz.com\\\/?author=2\"}]}<\/script>\n<!-- \/ Yoast SEO plugin. -->","yoast_head_json":{"title":"OJO CUIC! - Los pol\u00edticos Veracruz","robots":{"index":"index","follow":"follow","max-snippet":"max-snippet:-1","max-image-preview":"max-image-preview:large","max-video-preview":"max-video-preview:-1"},"canonical":"https:\/\/lospoliticosveracruz.com\/?p=96640","og_locale":"es_ES","og_type":"article","og_title":"OJO CUIC! - Los pol\u00edticos Veracruz","og_description":"Ricardo Ch\u00faa Sale y Vale El gobernador de Veracruz, Cuitl\u00e1huac Garc\u00eda Jim\u00e9nez dijo en su conferencia de prensa de ayer, que si alg\u00fan funcionario de su administraci\u00f3n estaba vinculado con el crimen organizado, se iba a proceder en su contra, esto despu\u00e9s de la filtraci\u00f3n de \u00abGuacamayas Leaks\u00bb sobre documentos del Ej\u00e9rcito Mexicano, que investigaban [&hellip;]","og_url":"https:\/\/lospoliticosveracruz.com\/?p=96640","og_site_name":"Los pol\u00edticos Veracruz","article_publisher":"https:\/\/www.facebook.com\/people\/Notimemes-de-los-Polticos\/61565672886568\/","article_published_time":"2022-10-11T12:49:42+00:00","article_modified_time":"2022-10-11T12:49:49+00:00","og_image":[{"url":"https:\/\/lospoliticosveracruz.com.mx\/wp-content\/uploads\/2021\/10\/Zacauilt-150x300.jpg","type":"","width":"","height":""}],"author":"Lo viste en Los Pol\u00edticos","twitter_card":"summary_large_image","twitter_creator":"@LosPoliticosVer","twitter_site":"@LosPoliticosVer","twitter_misc":{"Escrito por":"Lo viste en Los Pol\u00edticos","Tiempo de lectura":"6 minutos"},"schema":{"@context":"https:\/\/schema.org","@graph":[{"@type":"Article","@id":"https:\/\/lospoliticosveracruz.com\/?p=96640#article","isPartOf":{"@id":"https:\/\/lospoliticosveracruz.com\/?p=96640"},"author":{"name":"Lo viste en Los Pol\u00edticos","@id":"https:\/\/lospoliticosveracruz.com\/#\/schema\/person\/b8702bb0e538456e6efd07080bf2a4a2"},"headline":"OJO CUIC!","datePublished":"2022-10-11T12:49:42+00:00","dateModified":"2022-10-11T12:49:49+00:00","mainEntityOfPage":{"@id":"https:\/\/lospoliticosveracruz.com\/?p=96640"},"wordCount":1122,"publisher":{"@id":"https:\/\/lospoliticosveracruz.com\/#organization"},"image":{"@id":"https:\/\/lospoliticosveracruz.com\/?p=96640#primaryimage"},"thumbnailUrl":"https:\/\/lospoliticosveracruz.com.mx\/wp-content\/uploads\/2021\/10\/Zacauilt-150x300.jpg","keywords":["Alejandro Gertz Manero","Coatzacoalcos","Cuitl\u00e1huac Garc\u00eda Jim\u00e9nez","Guacamayas Leaks","Ignacio Carvajal","Joana Marl\u00e9n Bautista Flores","Lorena S\u00e1nchez Vargas","Poder Judicial de Veracruz","Sayula de Alem\u00e1n","Veracruz"],"articleSection":["De Opini\u00f3n"],"inLanguage":"es"},{"@type":"WebPage","@id":"https:\/\/lospoliticosveracruz.com\/?p=96640","url":"https:\/\/lospoliticosveracruz.com\/?p=96640","name":"OJO CUIC! - Los pol\u00edticos Veracruz","isPartOf":{"@id":"https:\/\/lospoliticosveracruz.com\/#website"},"primaryImageOfPage":{"@id":"https:\/\/lospoliticosveracruz.com\/?p=96640#primaryimage"},"image":{"@id":"https:\/\/lospoliticosveracruz.com\/?p=96640#primaryimage"},"thumbnailUrl":"https:\/\/lospoliticosveracruz.com.mx\/wp-content\/uploads\/2021\/10\/Zacauilt-150x300.jpg","datePublished":"2022-10-11T12:49:42+00:00","dateModified":"2022-10-11T12:49:49+00:00","breadcrumb":{"@id":"https:\/\/lospoliticosveracruz.com\/?p=96640#breadcrumb"},"inLanguage":"es","potentialAction":[{"@type":"ReadAction","target":["https:\/\/lospoliticosveracruz.com\/?p=96640"]}]},{"@type":"ImageObject","inLanguage":"es","@id":"https:\/\/lospoliticosveracruz.com\/?p=96640#primaryimage","url":"https:\/\/lospoliticosveracruz.com.mx\/wp-content\/uploads\/2021\/10\/Zacauilt-150x300.jpg","contentUrl":"https:\/\/lospoliticosveracruz.com.mx\/wp-content\/uploads\/2021\/10\/Zacauilt-150x300.jpg"},{"@type":"BreadcrumbList","@id":"https:\/\/lospoliticosveracruz.com\/?p=96640#breadcrumb","itemListElement":[{"@type":"ListItem","position":1,"name":"Portada","item":"https:\/\/lospoliticosveracruz.com\/"},{"@type":"ListItem","position":2,"name":"OJO CUIC!"}]},{"@type":"WebSite","@id":"https:\/\/lospoliticosveracruz.com\/#website","url":"https:\/\/lospoliticosveracruz.com\/","name":"Los pol\u00edticos Veracruz","description":"","publisher":{"@id":"https:\/\/lospoliticosveracruz.com\/#organization"},"potentialAction":[{"@type":"SearchAction","target":{"@type":"EntryPoint","urlTemplate":"https:\/\/lospoliticosveracruz.com\/?s={search_term_string}"},"query-input":{"@type":"PropertyValueSpecification","valueRequired":true,"valueName":"search_term_string"}}],"inLanguage":"es"},{"@type":"Organization","@id":"https:\/\/lospoliticosveracruz.com\/#organization","name":"Los pol\u00edticos Veracruz","url":"https:\/\/lospoliticosveracruz.com\/","logo":{"@type":"ImageObject","inLanguage":"es","@id":"https:\/\/lospoliticosveracruz.com\/#\/schema\/logo\/image\/","url":"https:\/\/lospoliticosveracruz.com\/wp-content\/uploads\/2025\/12\/Logo-Nuevo-LOS-POLITICOS-1.jpg","contentUrl":"https:\/\/lospoliticosveracruz.com\/wp-content\/uploads\/2025\/12\/Logo-Nuevo-LOS-POLITICOS-1.jpg","width":260,"height":70,"caption":"Los pol\u00edticos Veracruz"},"image":{"@id":"https:\/\/lospoliticosveracruz.com\/#\/schema\/logo\/image\/"},"sameAs":["https:\/\/www.facebook.com\/people\/Notimemes-de-los-Polticos\/61565672886568\/","https:\/\/x.com\/LosPoliticosVer"]},{"@type":"Person","@id":"https:\/\/lospoliticosveracruz.com\/#\/schema\/person\/b8702bb0e538456e6efd07080bf2a4a2","name":"Lo viste en Los Pol\u00edticos","image":{"@type":"ImageObject","inLanguage":"es","@id":"https:\/\/secure.gravatar.com\/avatar\/3a8de04a2656d44082be478bd6c086daa447c4651605818287b9532d3d0bd435?s=96&d=mm&r=g","url":"https:\/\/secure.gravatar.com\/avatar\/3a8de04a2656d44082be478bd6c086daa447c4651605818287b9532d3d0bd435?s=96&d=mm&r=g","contentUrl":"https:\/\/secure.gravatar.com\/avatar\/3a8de04a2656d44082be478bd6c086daa447c4651605818287b9532d3d0bd435?s=96&d=mm&r=g","caption":"Lo viste en Los Pol\u00edticos"},"url":"https:\/\/lospoliticosveracruz.com\/?author=2"}]}},"_links":{"self":[{"href":"https:\/\/lospoliticosveracruz.com\/index.php?rest_route=\/wp\/v2\/posts\/96640","targetHints":{"allow":["GET"]}}],"collection":[{"href":"https:\/\/lospoliticosveracruz.com\/index.php?rest_route=\/wp\/v2\/posts"}],"about":[{"href":"https:\/\/lospoliticosveracruz.com\/index.php?rest_route=\/wp\/v2\/types\/post"}],"author":[{"embeddable":true,"href":"https:\/\/lospoliticosveracruz.com\/index.php?rest_route=\/wp\/v2\/users\/2"}],"replies":[{"embeddable":true,"href":"https:\/\/lospoliticosveracruz.com\/index.php?rest_route=%2Fwp%2Fv2%2Fcomments&post=96640"}],"version-history":[{"count":1,"href":"https:\/\/lospoliticosveracruz.com\/index.php?rest_route=\/wp\/v2\/posts\/96640\/revisions"}],"predecessor-version":[{"id":96641,"href":"https:\/\/lospoliticosveracruz.com\/index.php?rest_route=\/wp\/v2\/posts\/96640\/revisions\/96641"}],"wp:attachment":[{"href":"https:\/\/lospoliticosveracruz.com\/index.php?rest_route=%2Fwp%2Fv2%2Fmedia&parent=96640"}],"wp:term":[{"taxonomy":"category","embeddable":true,"href":"https:\/\/lospoliticosveracruz.com\/index.php?rest_route=%2Fwp%2Fv2%2Fcategories&post=96640"},{"taxonomy":"post_tag","embeddable":true,"href":"https:\/\/lospoliticosveracruz.com\/index.php?rest_route=%2Fwp%2Fv2%2Ftags&post=96640"}],"curies":[{"name":"wp","href":"https:\/\/api.w.org\/{rel}","templated":true}]}}