{"id":96729,"date":"2022-10-12T17:28:00","date_gmt":"2022-10-12T22:28:00","guid":{"rendered":"https:\/\/lospoliticosveracruz.com.mx\/?p=96729"},"modified":"2022-10-12T11:35:54","modified_gmt":"2022-10-12T16:35:54","slug":"politiktokeros","status":"publish","type":"post","link":"https:\/\/lospoliticosveracruz.com\/?p=96729","title":{"rendered":"POLITIKTOKEROS"},"content":{"rendered":"\n<p><strong>Salvador Mu\u00f1oz<br><\/strong><em>Los Pol\u00edticos<\/em><\/p>\n\n\n\n<p>\u00bfHa visto los TikTok de Marcelo Ebrard? Sin duda alguna son ingeniosos, con buenas puntadas, aceptables\u2026 Por ah\u00ed tambi\u00e9n se puede ver a Miguel \u00c1ngel Osorio Chong, quien si bien es mucha pose, sabe su chamba en estos menesteres\u2026 \u00a1vamos! Ambos se ven bien asesorados y saben invertirle.<br>\u00bfHa visto los de Manuel Huerta Ladr\u00f3n de Guevara? El Superdelegado de Bienestar combina dos cosas: Datos hist\u00f3ricos y alguna que otra chispa que de cierto modo, se puede ganar un \u201cLike\u201d\u2026 Por ah\u00ed he visto a Anil\u00fa Ingram Vallines incursionar en la onda tiktokera con la T\u00eda Justa, aunque tambi\u00e9n puso un video donde se pone los guantes de Box para acomodarle los chakras a Fernando Kuri\u2026 \u00a1no es cierto! Dice que es para mantener el equilibrio en salud mental y f\u00edsica\u2026<\/p>\n\n\n\n<figure class=\"wp-block-image size-full\"><a href=\"https:\/\/lospoliticosveracruz.com.mx\/wp-content\/uploads\/2022\/05\/Seguro-Julio-Cerecedo.jpg\"><img decoding=\"async\" src=\"https:\/\/lospoliticosveracruz.com.mx\/wp-content\/uploads\/2022\/05\/Seguro-Julio-Cerecedo.jpg\" alt=\"\" class=\"wp-image-90414\"\/><\/a><\/figure>\n\n\n\n<p><br>Sigo en esta red social a la Procuradur\u00eda del Medio Ambiente de Sergio Rodr\u00edguez Cort\u00e9s y Protecci\u00f3n Civil del Estado, de Lupita Osorno Maldonado, con temas propios de las dependencias.<br>Al moreno Yair Ademar con asuntos del partido y uno que otro madrazo a la Oposici\u00f3n, as\u00ed como a Tato Vega Yunes, que a veces le pone el toque rosa a sus videos. \u00a1Ah! Tambi\u00e9n est\u00e1 el Magistrado JJ Rivera Castellanos, pero nom\u00e1s ha subido videos del Checo, pero P\u00e9rez, no Guti\u00e9rrez Luna. Muy contrario del Presidente de la SCJN, Arturo Zald\u00edvar, quien habla de manera tan coloquial de las Leyes, de los tatuajes, de la vestimenta, de temas tan comunes y cotidianos pero cercanos a lo legal. No estar\u00eda mal que JJ le echara un ojo a Don Arturo\u2026<br>Por cierto, el diputado federal, nativo de Minatitl\u00e1n, es uno de los pol\u00edticos veracruzanos m\u00e1s activos en el TikTok\u2026 tiene variedad de videos y cuenta con algo: todos son divertidos, agradables, pero si hubiera uno que elegir, me quedo con el que explica c\u00f3mo conquist\u00f3 a su esposa Diana Karina\u2026 s\u00ed, un poco de humor negro, pero te habla de un individuo actualizado, que sabe los temas del momento y m\u00e1s en una red social que se mueve de manera vertiginosa\u2026<br>De los diputados locales, est\u00e1 Ana Miriam Ferr\u00e1ez, quien no se complica mucho\u2026 como tampoco el Senador Julen Rementer\u00eda del Puerto\u2026 o la alcaldesa de Veracruz, Paty Lobeira\u2026 son muy lights\u2026 \u00a1vamos! Zenyazen le pone m\u00e1s \u201cfilin\u201d a sus videos, ya sea canasteando, pateando un bal\u00f3n, voleando \u00a1o hasta tocando piano!<br>Una funcionaria m\u00e1s es Dorheny Garc\u00eda Cayetano\u2026 ah\u00ed la ve uno moviendo la cadera, peleando con un michi, patinando, aplicando la de \u201cla maldita criada\u201d, que comentando sus actividades como secretaria del Trabajo\u2026<br>Por cierto, uno de los tambi\u00e9n talentosos en esta aplicaci\u00f3n es Ram\u00f3n Alberto Reyes Viveros, el segundo a bordo del PRI veracruzano, quien no s\u00f3lo mete jiribilla pol\u00edtica a sus videos, sino se entretiene y le sabe a los efectos\u2026<br>Hay tres chicas de Movimiento Ciudadano: Elena C\u00f3rdova Molina, Ivonne Trujillo y Sof\u00eda Yunes, cada una en su propio estilo de comunicar\u2026<br>Tambi\u00e9n sigo a Nora Jessica Lagunes J\u00e1uregui \u00bfy qu\u00e9 creen? \u00a1No ha subido un solo video la diputada local! Ella de plano le gan\u00f3 al Gobernador Cuitl\u00e1huac Garc\u00eda Jim\u00e9nez, quien nada m\u00e1s se avent\u00f3 un video bailando para la promoci\u00f3n del Festival de la Salsa pasado\u2026<br>Bueno, pues estos pol\u00edticos locales que les cuento, no andan tan errados\u2026 en M\u00e9xico, hay m\u00e1s de 50 millones de usuarios de esta red\u2026 hablamos pues de que si se aplican, all\u00ed hay una veta de votos que poco a poco, con ingenio, proyecto y por supuesto, inversi\u00f3n, como la que hace Marcelo Ebrard, pueden ir explotando\u2026 s\u00ed, Twitter, Instagram y Facebook son igual canales importantes, pero dejar de lado el Tiktok en estos tiempos de crisis pol\u00edtica, ser\u00eda un desperdicio\u2026<br>\u00a1Ojo! Entrarle al Tiktok no es aventarse como el Borras, sino que deben definir bien lo que quieren comunicar\u2026 y a qui\u00e9n\u2026 s\u00ed, es moda \u00a1pero no cualquiera puede ser Politiktokero!<\/p>\n","protected":false},"excerpt":{"rendered":"<p>Salvador Mu\u00f1ozLos Pol\u00edticos \u00bfHa visto los TikTok de Marcelo Ebrard? Sin duda alguna son ingeniosos, con buenas puntadas, aceptables\u2026 Por ah\u00ed tambi\u00e9n se puede ver a Miguel \u00c1ngel Osorio Chong, quien si bien es mucha pose, sabe su chamba en estos menesteres\u2026 \u00a1vamos! Ambos se ven bien asesorados y saben invertirle.\u00bfHa visto los de Manuel [&hellip;]<\/p>\n","protected":false},"author":2,"featured_media":0,"comment_status":"closed","ping_status":"closed","sticky":false,"template":"","format":"standard","meta":{"tdm_status":"","tdm_grid_status":"","footnotes":""},"categories":[70],"tags":[1872,35646,13952,4673,13605,13134,15374,1850,14703,445,2646,3965,16147,807,35647,481],"class_list":{"0":"post-96729","1":"post","2":"type-post","3":"status-publish","4":"format-standard","6":"category-de-opinion","7":"tag-anilu-ingram-vallines","8":"tag-diana-karina","9":"tag-dorheny-garcia-cayetano","10":"tag-elena-cordova-molina","11":"tag-instagram","12":"tag-ivonne-trujillo","13":"tag-lupita-osorno-maldonado","14":"tag-manuel-huerta-ladron-de-guevara","15":"tag-marcelo-ebrard","16":"tag-miguel-angel-osorio-chong","17":"tag-salvador-munoz","18":"tag-scjn","19":"tag-sergio-gutierrez-luna","20":"tag-sergio-rodriguez-cortes","21":"tag-tiktok","22":"tag-twitter"},"yoast_head":"<!-- This site is optimized with the Yoast SEO plugin v27.4 - https:\/\/yoast.com\/product\/yoast-seo-wordpress\/ -->\n<title>POLITIKTOKEROS - Los pol\u00edticos Veracruz<\/title>\n<meta name=\"robots\" content=\"index, follow, max-snippet:-1, max-image-preview:large, max-video-preview:-1\" \/>\n<link rel=\"canonical\" href=\"https:\/\/lospoliticosveracruz.com\/?p=96729\" \/>\n<meta property=\"og:locale\" content=\"es_ES\" \/>\n<meta property=\"og:type\" content=\"article\" \/>\n<meta property=\"og:title\" content=\"POLITIKTOKEROS - Los pol\u00edticos Veracruz\" \/>\n<meta property=\"og:description\" content=\"Salvador Mu\u00f1ozLos Pol\u00edticos \u00bfHa visto los TikTok de Marcelo Ebrard? Sin duda alguna son ingeniosos, con buenas puntadas, aceptables\u2026 Por ah\u00ed tambi\u00e9n se puede ver a Miguel \u00c1ngel Osorio Chong, quien si bien es mucha pose, sabe su chamba en estos menesteres\u2026 \u00a1vamos! Ambos se ven bien asesorados y saben invertirle.\u00bfHa visto los de Manuel [&hellip;]\" \/>\n<meta property=\"og:url\" content=\"https:\/\/lospoliticosveracruz.com\/?p=96729\" \/>\n<meta property=\"og:site_name\" content=\"Los pol\u00edticos Veracruz\" \/>\n<meta property=\"article:publisher\" content=\"https:\/\/www.facebook.com\/people\/Notimemes-de-los-Polticos\/61565672886568\/\" \/>\n<meta property=\"article:published_time\" content=\"2022-10-12T22:28:00+00:00\" \/>\n<meta property=\"og:image\" content=\"https:\/\/lospoliticosveracruz.com.mx\/wp-content\/uploads\/2022\/05\/Seguro-Julio-Cerecedo.jpg\" \/>\n<meta name=\"author\" content=\"Lo viste en Los Pol\u00edticos\" \/>\n<meta name=\"twitter:card\" content=\"summary_large_image\" \/>\n<meta name=\"twitter:creator\" content=\"@LosPoliticosVer\" \/>\n<meta name=\"twitter:site\" content=\"@LosPoliticosVer\" \/>\n<meta name=\"twitter:label1\" content=\"Escrito por\" \/>\n\t<meta name=\"twitter:data1\" content=\"Lo viste en Los Pol\u00edticos\" \/>\n\t<meta name=\"twitter:label2\" content=\"Tiempo de lectura\" \/>\n\t<meta name=\"twitter:data2\" content=\"3 minutos\" \/>\n<script type=\"application\/ld+json\" class=\"yoast-schema-graph\">{\"@context\":\"https:\\\/\\\/schema.org\",\"@graph\":[{\"@type\":\"Article\",\"@id\":\"https:\\\/\\\/lospoliticosveracruz.com\\\/?p=96729#article\",\"isPartOf\":{\"@id\":\"https:\\\/\\\/lospoliticosveracruz.com\\\/?p=96729\"},\"author\":{\"name\":\"Lo viste en Los Pol\u00edticos\",\"@id\":\"https:\\\/\\\/lospoliticosveracruz.com\\\/#\\\/schema\\\/person\\\/b8702bb0e538456e6efd07080bf2a4a2\"},\"headline\":\"POLITIKTOKEROS\",\"datePublished\":\"2022-10-12T22:28:00+00:00\",\"mainEntityOfPage\":{\"@id\":\"https:\\\/\\\/lospoliticosveracruz.com\\\/?p=96729\"},\"wordCount\":701,\"publisher\":{\"@id\":\"https:\\\/\\\/lospoliticosveracruz.com\\\/#organization\"},\"image\":{\"@id\":\"https:\\\/\\\/lospoliticosveracruz.com\\\/?p=96729#primaryimage\"},\"thumbnailUrl\":\"https:\\\/\\\/lospoliticosveracruz.com.mx\\\/wp-content\\\/uploads\\\/2022\\\/05\\\/Seguro-Julio-Cerecedo.jpg\",\"keywords\":[\"Anil\u00fa Ingram Vallines\",\"Diana Karina\",\"Dorheny Garc\u00eda Cayetano\",\"Elena C\u00f3rdova Molina\",\"Instagram\",\"Ivonne Trujillo\",\"Lupita Osorno Maldonado\",\"Manuel Huerta Ladr\u00f3n de Guevara\",\"Marcelo Ebrard\",\"Miguel \u00c1ngel Osorio Chong\",\"Salvador Mu\u00f1oz\",\"SCJN\",\"Sergio Guti\u00e9rrez Luna\",\"Sergio Rodr\u00edguez Cort\u00e9s\",\"Tiktok\",\"twitter\"],\"articleSection\":[\"De Opini\u00f3n\"],\"inLanguage\":\"es\"},{\"@type\":\"WebPage\",\"@id\":\"https:\\\/\\\/lospoliticosveracruz.com\\\/?p=96729\",\"url\":\"https:\\\/\\\/lospoliticosveracruz.com\\\/?p=96729\",\"name\":\"POLITIKTOKEROS - Los pol\u00edticos Veracruz\",\"isPartOf\":{\"@id\":\"https:\\\/\\\/lospoliticosveracruz.com\\\/#website\"},\"primaryImageOfPage\":{\"@id\":\"https:\\\/\\\/lospoliticosveracruz.com\\\/?p=96729#primaryimage\"},\"image\":{\"@id\":\"https:\\\/\\\/lospoliticosveracruz.com\\\/?p=96729#primaryimage\"},\"thumbnailUrl\":\"https:\\\/\\\/lospoliticosveracruz.com.mx\\\/wp-content\\\/uploads\\\/2022\\\/05\\\/Seguro-Julio-Cerecedo.jpg\",\"datePublished\":\"2022-10-12T22:28:00+00:00\",\"breadcrumb\":{\"@id\":\"https:\\\/\\\/lospoliticosveracruz.com\\\/?p=96729#breadcrumb\"},\"inLanguage\":\"es\",\"potentialAction\":[{\"@type\":\"ReadAction\",\"target\":[\"https:\\\/\\\/lospoliticosveracruz.com\\\/?p=96729\"]}]},{\"@type\":\"ImageObject\",\"inLanguage\":\"es\",\"@id\":\"https:\\\/\\\/lospoliticosveracruz.com\\\/?p=96729#primaryimage\",\"url\":\"https:\\\/\\\/lospoliticosveracruz.com.mx\\\/wp-content\\\/uploads\\\/2022\\\/05\\\/Seguro-Julio-Cerecedo.jpg\",\"contentUrl\":\"https:\\\/\\\/lospoliticosveracruz.com.mx\\\/wp-content\\\/uploads\\\/2022\\\/05\\\/Seguro-Julio-Cerecedo.jpg\"},{\"@type\":\"BreadcrumbList\",\"@id\":\"https:\\\/\\\/lospoliticosveracruz.com\\\/?p=96729#breadcrumb\",\"itemListElement\":[{\"@type\":\"ListItem\",\"position\":1,\"name\":\"Portada\",\"item\":\"https:\\\/\\\/lospoliticosveracruz.com\\\/\"},{\"@type\":\"ListItem\",\"position\":2,\"name\":\"POLITIKTOKEROS\"}]},{\"@type\":\"WebSite\",\"@id\":\"https:\\\/\\\/lospoliticosveracruz.com\\\/#website\",\"url\":\"https:\\\/\\\/lospoliticosveracruz.com\\\/\",\"name\":\"Los pol\u00edticos Veracruz\",\"description\":\"\",\"publisher\":{\"@id\":\"https:\\\/\\\/lospoliticosveracruz.com\\\/#organization\"},\"potentialAction\":[{\"@type\":\"SearchAction\",\"target\":{\"@type\":\"EntryPoint\",\"urlTemplate\":\"https:\\\/\\\/lospoliticosveracruz.com\\\/?s={search_term_string}\"},\"query-input\":{\"@type\":\"PropertyValueSpecification\",\"valueRequired\":true,\"valueName\":\"search_term_string\"}}],\"inLanguage\":\"es\"},{\"@type\":\"Organization\",\"@id\":\"https:\\\/\\\/lospoliticosveracruz.com\\\/#organization\",\"name\":\"Los pol\u00edticos Veracruz\",\"url\":\"https:\\\/\\\/lospoliticosveracruz.com\\\/\",\"logo\":{\"@type\":\"ImageObject\",\"inLanguage\":\"es\",\"@id\":\"https:\\\/\\\/lospoliticosveracruz.com\\\/#\\\/schema\\\/logo\\\/image\\\/\",\"url\":\"https:\\\/\\\/lospoliticosveracruz.com\\\/wp-content\\\/uploads\\\/2025\\\/12\\\/Logo-Nuevo-LOS-POLITICOS-1.jpg\",\"contentUrl\":\"https:\\\/\\\/lospoliticosveracruz.com\\\/wp-content\\\/uploads\\\/2025\\\/12\\\/Logo-Nuevo-LOS-POLITICOS-1.jpg\",\"width\":260,\"height\":70,\"caption\":\"Los pol\u00edticos Veracruz\"},\"image\":{\"@id\":\"https:\\\/\\\/lospoliticosveracruz.com\\\/#\\\/schema\\\/logo\\\/image\\\/\"},\"sameAs\":[\"https:\\\/\\\/www.facebook.com\\\/people\\\/Notimemes-de-los-Polticos\\\/61565672886568\\\/\",\"https:\\\/\\\/x.com\\\/LosPoliticosVer\"]},{\"@type\":\"Person\",\"@id\":\"https:\\\/\\\/lospoliticosveracruz.com\\\/#\\\/schema\\\/person\\\/b8702bb0e538456e6efd07080bf2a4a2\",\"name\":\"Lo viste en Los Pol\u00edticos\",\"image\":{\"@type\":\"ImageObject\",\"inLanguage\":\"es\",\"@id\":\"https:\\\/\\\/secure.gravatar.com\\\/avatar\\\/3a8de04a2656d44082be478bd6c086daa447c4651605818287b9532d3d0bd435?s=96&d=mm&r=g\",\"url\":\"https:\\\/\\\/secure.gravatar.com\\\/avatar\\\/3a8de04a2656d44082be478bd6c086daa447c4651605818287b9532d3d0bd435?s=96&d=mm&r=g\",\"contentUrl\":\"https:\\\/\\\/secure.gravatar.com\\\/avatar\\\/3a8de04a2656d44082be478bd6c086daa447c4651605818287b9532d3d0bd435?s=96&d=mm&r=g\",\"caption\":\"Lo viste en Los Pol\u00edticos\"},\"url\":\"https:\\\/\\\/lospoliticosveracruz.com\\\/?author=2\"}]}<\/script>\n<!-- \/ Yoast SEO plugin. -->","yoast_head_json":{"title":"POLITIKTOKEROS - Los pol\u00edticos Veracruz","robots":{"index":"index","follow":"follow","max-snippet":"max-snippet:-1","max-image-preview":"max-image-preview:large","max-video-preview":"max-video-preview:-1"},"canonical":"https:\/\/lospoliticosveracruz.com\/?p=96729","og_locale":"es_ES","og_type":"article","og_title":"POLITIKTOKEROS - Los pol\u00edticos Veracruz","og_description":"Salvador Mu\u00f1ozLos Pol\u00edticos \u00bfHa visto los TikTok de Marcelo Ebrard? Sin duda alguna son ingeniosos, con buenas puntadas, aceptables\u2026 Por ah\u00ed tambi\u00e9n se puede ver a Miguel \u00c1ngel Osorio Chong, quien si bien es mucha pose, sabe su chamba en estos menesteres\u2026 \u00a1vamos! Ambos se ven bien asesorados y saben invertirle.\u00bfHa visto los de Manuel [&hellip;]","og_url":"https:\/\/lospoliticosveracruz.com\/?p=96729","og_site_name":"Los pol\u00edticos Veracruz","article_publisher":"https:\/\/www.facebook.com\/people\/Notimemes-de-los-Polticos\/61565672886568\/","article_published_time":"2022-10-12T22:28:00+00:00","og_image":[{"url":"https:\/\/lospoliticosveracruz.com.mx\/wp-content\/uploads\/2022\/05\/Seguro-Julio-Cerecedo.jpg","type":"","width":"","height":""}],"author":"Lo viste en Los Pol\u00edticos","twitter_card":"summary_large_image","twitter_creator":"@LosPoliticosVer","twitter_site":"@LosPoliticosVer","twitter_misc":{"Escrito por":"Lo viste en Los Pol\u00edticos","Tiempo de lectura":"3 minutos"},"schema":{"@context":"https:\/\/schema.org","@graph":[{"@type":"Article","@id":"https:\/\/lospoliticosveracruz.com\/?p=96729#article","isPartOf":{"@id":"https:\/\/lospoliticosveracruz.com\/?p=96729"},"author":{"name":"Lo viste en Los Pol\u00edticos","@id":"https:\/\/lospoliticosveracruz.com\/#\/schema\/person\/b8702bb0e538456e6efd07080bf2a4a2"},"headline":"POLITIKTOKEROS","datePublished":"2022-10-12T22:28:00+00:00","mainEntityOfPage":{"@id":"https:\/\/lospoliticosveracruz.com\/?p=96729"},"wordCount":701,"publisher":{"@id":"https:\/\/lospoliticosveracruz.com\/#organization"},"image":{"@id":"https:\/\/lospoliticosveracruz.com\/?p=96729#primaryimage"},"thumbnailUrl":"https:\/\/lospoliticosveracruz.com.mx\/wp-content\/uploads\/2022\/05\/Seguro-Julio-Cerecedo.jpg","keywords":["Anil\u00fa Ingram Vallines","Diana Karina","Dorheny Garc\u00eda Cayetano","Elena C\u00f3rdova Molina","Instagram","Ivonne Trujillo","Lupita Osorno Maldonado","Manuel Huerta Ladr\u00f3n de Guevara","Marcelo Ebrard","Miguel \u00c1ngel Osorio Chong","Salvador Mu\u00f1oz","SCJN","Sergio Guti\u00e9rrez Luna","Sergio Rodr\u00edguez Cort\u00e9s","Tiktok","twitter"],"articleSection":["De Opini\u00f3n"],"inLanguage":"es"},{"@type":"WebPage","@id":"https:\/\/lospoliticosveracruz.com\/?p=96729","url":"https:\/\/lospoliticosveracruz.com\/?p=96729","name":"POLITIKTOKEROS - Los pol\u00edticos Veracruz","isPartOf":{"@id":"https:\/\/lospoliticosveracruz.com\/#website"},"primaryImageOfPage":{"@id":"https:\/\/lospoliticosveracruz.com\/?p=96729#primaryimage"},"image":{"@id":"https:\/\/lospoliticosveracruz.com\/?p=96729#primaryimage"},"thumbnailUrl":"https:\/\/lospoliticosveracruz.com.mx\/wp-content\/uploads\/2022\/05\/Seguro-Julio-Cerecedo.jpg","datePublished":"2022-10-12T22:28:00+00:00","breadcrumb":{"@id":"https:\/\/lospoliticosveracruz.com\/?p=96729#breadcrumb"},"inLanguage":"es","potentialAction":[{"@type":"ReadAction","target":["https:\/\/lospoliticosveracruz.com\/?p=96729"]}]},{"@type":"ImageObject","inLanguage":"es","@id":"https:\/\/lospoliticosveracruz.com\/?p=96729#primaryimage","url":"https:\/\/lospoliticosveracruz.com.mx\/wp-content\/uploads\/2022\/05\/Seguro-Julio-Cerecedo.jpg","contentUrl":"https:\/\/lospoliticosveracruz.com.mx\/wp-content\/uploads\/2022\/05\/Seguro-Julio-Cerecedo.jpg"},{"@type":"BreadcrumbList","@id":"https:\/\/lospoliticosveracruz.com\/?p=96729#breadcrumb","itemListElement":[{"@type":"ListItem","position":1,"name":"Portada","item":"https:\/\/lospoliticosveracruz.com\/"},{"@type":"ListItem","position":2,"name":"POLITIKTOKEROS"}]},{"@type":"WebSite","@id":"https:\/\/lospoliticosveracruz.com\/#website","url":"https:\/\/lospoliticosveracruz.com\/","name":"Los pol\u00edticos Veracruz","description":"","publisher":{"@id":"https:\/\/lospoliticosveracruz.com\/#organization"},"potentialAction":[{"@type":"SearchAction","target":{"@type":"EntryPoint","urlTemplate":"https:\/\/lospoliticosveracruz.com\/?s={search_term_string}"},"query-input":{"@type":"PropertyValueSpecification","valueRequired":true,"valueName":"search_term_string"}}],"inLanguage":"es"},{"@type":"Organization","@id":"https:\/\/lospoliticosveracruz.com\/#organization","name":"Los pol\u00edticos Veracruz","url":"https:\/\/lospoliticosveracruz.com\/","logo":{"@type":"ImageObject","inLanguage":"es","@id":"https:\/\/lospoliticosveracruz.com\/#\/schema\/logo\/image\/","url":"https:\/\/lospoliticosveracruz.com\/wp-content\/uploads\/2025\/12\/Logo-Nuevo-LOS-POLITICOS-1.jpg","contentUrl":"https:\/\/lospoliticosveracruz.com\/wp-content\/uploads\/2025\/12\/Logo-Nuevo-LOS-POLITICOS-1.jpg","width":260,"height":70,"caption":"Los pol\u00edticos Veracruz"},"image":{"@id":"https:\/\/lospoliticosveracruz.com\/#\/schema\/logo\/image\/"},"sameAs":["https:\/\/www.facebook.com\/people\/Notimemes-de-los-Polticos\/61565672886568\/","https:\/\/x.com\/LosPoliticosVer"]},{"@type":"Person","@id":"https:\/\/lospoliticosveracruz.com\/#\/schema\/person\/b8702bb0e538456e6efd07080bf2a4a2","name":"Lo viste en Los Pol\u00edticos","image":{"@type":"ImageObject","inLanguage":"es","@id":"https:\/\/secure.gravatar.com\/avatar\/3a8de04a2656d44082be478bd6c086daa447c4651605818287b9532d3d0bd435?s=96&d=mm&r=g","url":"https:\/\/secure.gravatar.com\/avatar\/3a8de04a2656d44082be478bd6c086daa447c4651605818287b9532d3d0bd435?s=96&d=mm&r=g","contentUrl":"https:\/\/secure.gravatar.com\/avatar\/3a8de04a2656d44082be478bd6c086daa447c4651605818287b9532d3d0bd435?s=96&d=mm&r=g","caption":"Lo viste en Los Pol\u00edticos"},"url":"https:\/\/lospoliticosveracruz.com\/?author=2"}]}},"_links":{"self":[{"href":"https:\/\/lospoliticosveracruz.com\/index.php?rest_route=\/wp\/v2\/posts\/96729","targetHints":{"allow":["GET"]}}],"collection":[{"href":"https:\/\/lospoliticosveracruz.com\/index.php?rest_route=\/wp\/v2\/posts"}],"about":[{"href":"https:\/\/lospoliticosveracruz.com\/index.php?rest_route=\/wp\/v2\/types\/post"}],"author":[{"embeddable":true,"href":"https:\/\/lospoliticosveracruz.com\/index.php?rest_route=\/wp\/v2\/users\/2"}],"replies":[{"embeddable":true,"href":"https:\/\/lospoliticosveracruz.com\/index.php?rest_route=%2Fwp%2Fv2%2Fcomments&post=96729"}],"version-history":[{"count":1,"href":"https:\/\/lospoliticosveracruz.com\/index.php?rest_route=\/wp\/v2\/posts\/96729\/revisions"}],"predecessor-version":[{"id":96730,"href":"https:\/\/lospoliticosveracruz.com\/index.php?rest_route=\/wp\/v2\/posts\/96729\/revisions\/96730"}],"wp:attachment":[{"href":"https:\/\/lospoliticosveracruz.com\/index.php?rest_route=%2Fwp%2Fv2%2Fmedia&parent=96729"}],"wp:term":[{"taxonomy":"category","embeddable":true,"href":"https:\/\/lospoliticosveracruz.com\/index.php?rest_route=%2Fwp%2Fv2%2Fcategories&post=96729"},{"taxonomy":"post_tag","embeddable":true,"href":"https:\/\/lospoliticosveracruz.com\/index.php?rest_route=%2Fwp%2Fv2%2Ftags&post=96729"}],"curies":[{"name":"wp","href":"https:\/\/api.w.org\/{rel}","templated":true}]}}