{"id":96773,"date":"2022-10-13T07:36:55","date_gmt":"2022-10-13T12:36:55","guid":{"rendered":"https:\/\/lospoliticosveracruz.com.mx\/?p=96773"},"modified":"2022-10-13T07:37:00","modified_gmt":"2022-10-13T12:37:00","slug":"otro-fiasco","status":"publish","type":"post","link":"https:\/\/lospoliticosveracruz.com\/?p=96773","title":{"rendered":"OTRO FIASCO"},"content":{"rendered":"\n<p><strong>Bernardo Guti\u00e9rrez Parra\u00a0<\/strong><\/p>\n\n\n\n<p><em>Desde el Caf\u00e9<\/em>\u00a0<\/p>\n\n\n\n<p>En 2018 siendo presidente electo, Andr\u00e9s Manuel L\u00f3pez Obrador declar\u00f3 que todos los migrantes ser\u00edan bienvenidos al pa\u00eds. Esto al enterarse que una caravana de m\u00e1s de 6 mil centroamericanos se acercaba al r\u00edo Suchiate y Pe\u00f1a Nieto hab\u00eda dado la orden de contenerlos.\u00a0<br><\/p>\n\n\n<div class=\"wp-block-image\">\n<figure class=\"alignleft size-medium\"><a href=\"https:\/\/lospoliticosveracruz.com.mx\/wp-content\/uploads\/2021\/10\/WhatsApp-Image-2021-10-02-at-15.20.25.jpeg\"><img loading=\"lazy\" decoding=\"async\" width=\"212\" height=\"300\" src=\"https:\/\/lospoliticosveracruz.com.mx\/wp-content\/uploads\/2021\/10\/WhatsApp-Image-2021-10-02-at-15.20.25-212x300.jpeg\" alt=\"\" class=\"wp-image-80177\" srcset=\"https:\/\/lospoliticosveracruz.com\/wp-content\/uploads\/2021\/10\/WhatsApp-Image-2021-10-02-at-15.20.25-212x300.jpeg 212w, https:\/\/lospoliticosveracruz.com\/wp-content\/uploads\/2021\/10\/WhatsApp-Image-2021-10-02-at-15.20.25-724x1024.jpeg 724w, https:\/\/lospoliticosveracruz.com\/wp-content\/uploads\/2021\/10\/WhatsApp-Image-2021-10-02-at-15.20.25-768x1086.jpeg 768w, https:\/\/lospoliticosveracruz.com\/wp-content\/uploads\/2021\/10\/WhatsApp-Image-2021-10-02-at-15.20.25.jpeg 905w\" sizes=\"auto, (max-width: 212px) 100vw, 212px\" \/><\/a><\/figure>\n<\/div>\n\n\n<p>Tras las declaraciones del tabasque\u00f1o, Pe\u00f1a Nieto que ya no gobernaba los dej\u00f3 pasar.<\/p>\n\n\n\n<p>L\u00f3pez Obrador daba por descontado que los migrantes tomar\u00edan como trampol\u00edn a M\u00e9xico en su viaje a Estados Unidos, lo que era cierto. Pero \u00e9l se ganar\u00eda una estrellita de la comunidad internacional por su buena acci\u00f3n.&nbsp;<\/p>\n\n\n\n<p>Lo que no imagin\u00f3 es que el rottweiler llamado Donald Trump, ordenar\u00eda cerrar su frontera sur y los migrantes quedaron varados de este lado del Bravo.&nbsp;<\/p>\n\n\n\n<p>Lo dem\u00e1s ya te lo sabes, lector. Se cuentan por miles los que sobreviven en albergues abarrotados o en solares bald\u00edos. Y el problema no es s\u00f3lo en los estados del norte, sino tambi\u00e9n en el sur.&nbsp;<\/p>\n\n\n\n<p>Est\u00e1 grabado en la historia que Trump dobl\u00f3 a L\u00f3pez Obrador que de supuesto defensor de migrantes, se convirti\u00f3 en un intolerante represor que se ha valido de la Guardia Nacional para contenerlos, golpearlos y despacharlos a sus pa\u00edses de origen, o mantenerlos en albergues que rayan en lo insalubre principalmente en Chiapas y Veracruz.&nbsp; &nbsp;<\/p>\n\n\n\n<p>El gobernador de Texas, Greg Abbott no le va a la zaga. Tambi\u00e9n como Andr\u00e9s Manuel es intolerante y represor, pero adem\u00e1s es xenof\u00f3bico y racista.&nbsp;<\/p>\n\n\n\n<p>Abbott busca reelegirse en el que es quiz\u00e1 el estado m\u00e1s racista de la Uni\u00f3n Americana y una de sus promesas es que Texas ser\u00e1 territorio libre de indocumentados.&nbsp;<\/p>\n\n\n\n<p>Pero Andr\u00e9s Manuel le contest\u00f3 que su gobierno \u201cest\u00e1 vigilando\u201d que los migrantes no sean utilizados con fines electorales. \u201cEstamos pendientes, estamos cuid\u00e1ndolos, protegiendo sus derechos humanos\u2026\u201d.&nbsp;<\/p>\n\n\n\n<p>Ora pues.&nbsp;<\/p>\n\n\n\n<p>Si fuera congruente con lo que dice, estar\u00eda pendiente, cuidando y protegiendo a los que hay en este pa\u00eds.<\/p>\n\n\n\n<p>En junio de este a\u00f1o, m\u00e1s de 2 mil migrantes abandonados en Monterrey fueron bloqueados por agentes del Instituto Nacional de Migraci\u00f3n que les prohibieron comprar boletos de autob\u00fas para seguir su camino a la fronteriza Ciudad Acu\u00f1a.&nbsp;<\/p>\n\n\n\n<p>Los migrantes protestaron, dijeron que eran gente de bien y tra\u00edan dinero para comprar sus pasajes. Pero los agentes del INM fueron inflexibles. \u201cNosotros cumplimos \u00f3rdenes; no pueden viajar en autobuses. Si quieren seguir v\u00e1yanse a pie\u201d. Y los mandaron a pie bajo el sol inclemente.&nbsp;&nbsp;<\/p>\n\n\n\n<p>\u00bfEso es cuidarlos y protegerlos?&nbsp;<\/p>\n\n\n\n<p>Cuidado y protecci\u00f3n deber\u00eda brindar a quienes viven hacinados en Mexicali, Ensenada, Tijuana, Ciudad Ju\u00e1rez y Reynosa. O a quienes siguen varados en Las Choapas, Tuxtla Guti\u00e9rrez o Tapachula, lejos a\u00fan de la tierra prometida.<\/p>\n\n\n\n<p>\u00bfPor qu\u00e9 le cant\u00f3 la bronca a Greg Abbott? \u00bfPor qu\u00e9 su empe\u00f1o en ver la paja en el ojo ajeno? Eso s\u00f3lo Andr\u00e9s Manuel lo sabe.&nbsp;<\/p>\n\n\n\n<p>Se calcula que conservadoramente hay en ciudades de Baja California, Sonora, Chihuahua y Tamaulipas, entre 27 mil y 30 mil migrantes que sobreviven en lastimeras condiciones. M\u00e1s otros 5 mil en el sur.&nbsp;<\/p>\n\n\n\n<p>Estamos hablando lector de aproximadamente 35 mil hombres mujeres y ni\u00f1os que esperan la mano extendida del sujeto que como candidato prometi\u00f3 defenderlos, protegerlos y apoyarlos. Pero que como presidente tambi\u00e9n en ese rengl\u00f3n ha resultado un fiasco.<\/p>\n\n\n\n<p>Se rehabilitar\u00e1n m\u00e1s escuelas en el sur&nbsp;<\/p>\n\n\n\n<p>Como parte de su gira de trabajo por Coatzacoalcos, el secretario de Educaci\u00f3n de Veracruz, Zenyazen Escobar Garc\u00eda, recorri\u00f3 y atendi\u00f3 peticiones en planteles de educaci\u00f3n b\u00e1sica, llev\u00e1ndose el compromiso de realizar las gestiones correspondientes para que cuenten con instalaciones dignas.<\/p>\n\n\n\n<p>Fue el domingo anterior cuando Escobar Garc\u00eda arrib\u00f3 al municipio para asistir al Primer Informe de la diputada federal, Flora Tania Cruz Santos, presidenta de la Comisi\u00f3n de Educaci\u00f3n en la C\u00e1mara de Diputados. Esa noche, a trav\u00e9s de un video anunci\u00f3 que el lunes dar\u00eda el banderazo de arranque de los trabajos de rehabilitaci\u00f3n de las oficinas de la Delegaci\u00f3n Regional de la SEV, con una inversi\u00f3n de 10 millones de pesos.<\/p>\n\n\n\n<p>El lunes inici\u00f3 el recorrido por diferentes escuelas, acompa\u00f1ado del presidente municipal, Amado Cruz Malpica y el coordinador de Delegaciones Regionales, V\u00edctor Emmanuel Vargas Barrientos, para conocer personalmente en qu\u00e9 condiciones se encuentran y, con base a ello, atenderlas dentro de lo posible a fin de dignificar sus instalaciones.<\/p>\n\n\n\n<p>Sin importar la fuerte lluvia y una lesi\u00f3n en su pie izquierdo, Zenyazen Escobar recorri\u00f3 los centros escolares, porque su prioridad es atender y mejorar la infraestructura en el estado, a fin de devolver instalaciones dignas a la comunidad educativa, luego del abandono en que las dejaron administraciones pasadas.<\/p>\n\n\n\n<p>bernardogup@hotmail.com<\/p>\n","protected":false},"excerpt":{"rendered":"<p>Bernardo Guti\u00e9rrez Parra\u00a0 Desde el Caf\u00e9\u00a0 En 2018 siendo presidente electo, Andr\u00e9s Manuel L\u00f3pez Obrador declar\u00f3 que todos los migrantes ser\u00edan bienvenidos al pa\u00eds. Esto al enterarse que una caravana de m\u00e1s de 6 mil centroamericanos se acercaba al r\u00edo Suchiate y Pe\u00f1a Nieto hab\u00eda dado la orden de contenerlos.\u00a0 Tras las declaraciones del tabasque\u00f1o, [&hellip;]<\/p>\n","protected":false},"author":2,"featured_media":0,"comment_status":"closed","ping_status":"closed","sticky":false,"template":"","format":"standard","meta":{"tdm_status":"","tdm_grid_status":"","footnotes":""},"categories":[70],"tags":[618,3453,1026],"class_list":{"0":"post-96773","1":"post","2":"type-post","3":"status-publish","4":"format-standard","6":"category-de-opinion","7":"tag-andres-manuel-lopez-obrador","8":"tag-migrantes","9":"tag-morena"},"yoast_head":"<!-- This site is optimized with the Yoast SEO plugin v27.4 - https:\/\/yoast.com\/product\/yoast-seo-wordpress\/ -->\n<title>OTRO FIASCO - Los pol\u00edticos Veracruz<\/title>\n<meta name=\"robots\" content=\"index, follow, max-snippet:-1, max-image-preview:large, max-video-preview:-1\" \/>\n<link rel=\"canonical\" href=\"https:\/\/lospoliticosveracruz.com\/?p=96773\" \/>\n<meta property=\"og:locale\" content=\"es_ES\" \/>\n<meta property=\"og:type\" content=\"article\" \/>\n<meta property=\"og:title\" content=\"OTRO FIASCO - Los pol\u00edticos Veracruz\" \/>\n<meta property=\"og:description\" content=\"Bernardo Guti\u00e9rrez Parra\u00a0 Desde el Caf\u00e9\u00a0 En 2018 siendo presidente electo, Andr\u00e9s Manuel L\u00f3pez Obrador declar\u00f3 que todos los migrantes ser\u00edan bienvenidos al pa\u00eds. Esto al enterarse que una caravana de m\u00e1s de 6 mil centroamericanos se acercaba al r\u00edo Suchiate y Pe\u00f1a Nieto hab\u00eda dado la orden de contenerlos.\u00a0 Tras las declaraciones del tabasque\u00f1o, [&hellip;]\" \/>\n<meta property=\"og:url\" content=\"https:\/\/lospoliticosveracruz.com\/?p=96773\" \/>\n<meta property=\"og:site_name\" content=\"Los pol\u00edticos Veracruz\" \/>\n<meta property=\"article:publisher\" content=\"https:\/\/www.facebook.com\/people\/Notimemes-de-los-Polticos\/61565672886568\/\" \/>\n<meta property=\"article:published_time\" content=\"2022-10-13T12:36:55+00:00\" \/>\n<meta property=\"article:modified_time\" content=\"2022-10-13T12:37:00+00:00\" \/>\n<meta property=\"og:image\" content=\"https:\/\/lospoliticosveracruz.com.mx\/wp-content\/uploads\/2021\/10\/WhatsApp-Image-2021-10-02-at-15.20.25-212x300.jpeg\" \/>\n<meta name=\"author\" content=\"Lo viste en Los Pol\u00edticos\" \/>\n<meta name=\"twitter:card\" content=\"summary_large_image\" \/>\n<meta name=\"twitter:creator\" content=\"@LosPoliticosVer\" \/>\n<meta name=\"twitter:site\" content=\"@LosPoliticosVer\" \/>\n<meta name=\"twitter:label1\" content=\"Escrito por\" \/>\n\t<meta name=\"twitter:data1\" content=\"Lo viste en Los Pol\u00edticos\" \/>\n\t<meta name=\"twitter:label2\" content=\"Tiempo de lectura\" \/>\n\t<meta name=\"twitter:data2\" content=\"4 minutos\" \/>\n<script type=\"application\/ld+json\" class=\"yoast-schema-graph\">{\"@context\":\"https:\\\/\\\/schema.org\",\"@graph\":[{\"@type\":\"Article\",\"@id\":\"https:\\\/\\\/lospoliticosveracruz.com\\\/?p=96773#article\",\"isPartOf\":{\"@id\":\"https:\\\/\\\/lospoliticosveracruz.com\\\/?p=96773\"},\"author\":{\"name\":\"Lo viste en Los Pol\u00edticos\",\"@id\":\"https:\\\/\\\/lospoliticosveracruz.com\\\/#\\\/schema\\\/person\\\/b8702bb0e538456e6efd07080bf2a4a2\"},\"headline\":\"OTRO FIASCO\",\"datePublished\":\"2022-10-13T12:36:55+00:00\",\"dateModified\":\"2022-10-13T12:37:00+00:00\",\"mainEntityOfPage\":{\"@id\":\"https:\\\/\\\/lospoliticosveracruz.com\\\/?p=96773\"},\"wordCount\":848,\"publisher\":{\"@id\":\"https:\\\/\\\/lospoliticosveracruz.com\\\/#organization\"},\"image\":{\"@id\":\"https:\\\/\\\/lospoliticosveracruz.com\\\/?p=96773#primaryimage\"},\"thumbnailUrl\":\"https:\\\/\\\/lospoliticosveracruz.com.mx\\\/wp-content\\\/uploads\\\/2021\\\/10\\\/WhatsApp-Image-2021-10-02-at-15.20.25-212x300.jpeg\",\"keywords\":[\"Andr\u00e9s Manuel L\u00f3pez Obrador\",\"migrantes\",\"Morena\"],\"articleSection\":[\"De Opini\u00f3n\"],\"inLanguage\":\"es\"},{\"@type\":\"WebPage\",\"@id\":\"https:\\\/\\\/lospoliticosveracruz.com\\\/?p=96773\",\"url\":\"https:\\\/\\\/lospoliticosveracruz.com\\\/?p=96773\",\"name\":\"OTRO FIASCO - Los pol\u00edticos Veracruz\",\"isPartOf\":{\"@id\":\"https:\\\/\\\/lospoliticosveracruz.com\\\/#website\"},\"primaryImageOfPage\":{\"@id\":\"https:\\\/\\\/lospoliticosveracruz.com\\\/?p=96773#primaryimage\"},\"image\":{\"@id\":\"https:\\\/\\\/lospoliticosveracruz.com\\\/?p=96773#primaryimage\"},\"thumbnailUrl\":\"https:\\\/\\\/lospoliticosveracruz.com.mx\\\/wp-content\\\/uploads\\\/2021\\\/10\\\/WhatsApp-Image-2021-10-02-at-15.20.25-212x300.jpeg\",\"datePublished\":\"2022-10-13T12:36:55+00:00\",\"dateModified\":\"2022-10-13T12:37:00+00:00\",\"breadcrumb\":{\"@id\":\"https:\\\/\\\/lospoliticosveracruz.com\\\/?p=96773#breadcrumb\"},\"inLanguage\":\"es\",\"potentialAction\":[{\"@type\":\"ReadAction\",\"target\":[\"https:\\\/\\\/lospoliticosveracruz.com\\\/?p=96773\"]}]},{\"@type\":\"ImageObject\",\"inLanguage\":\"es\",\"@id\":\"https:\\\/\\\/lospoliticosveracruz.com\\\/?p=96773#primaryimage\",\"url\":\"https:\\\/\\\/lospoliticosveracruz.com.mx\\\/wp-content\\\/uploads\\\/2021\\\/10\\\/WhatsApp-Image-2021-10-02-at-15.20.25-212x300.jpeg\",\"contentUrl\":\"https:\\\/\\\/lospoliticosveracruz.com.mx\\\/wp-content\\\/uploads\\\/2021\\\/10\\\/WhatsApp-Image-2021-10-02-at-15.20.25-212x300.jpeg\"},{\"@type\":\"BreadcrumbList\",\"@id\":\"https:\\\/\\\/lospoliticosveracruz.com\\\/?p=96773#breadcrumb\",\"itemListElement\":[{\"@type\":\"ListItem\",\"position\":1,\"name\":\"Portada\",\"item\":\"https:\\\/\\\/lospoliticosveracruz.com\\\/\"},{\"@type\":\"ListItem\",\"position\":2,\"name\":\"OTRO FIASCO\"}]},{\"@type\":\"WebSite\",\"@id\":\"https:\\\/\\\/lospoliticosveracruz.com\\\/#website\",\"url\":\"https:\\\/\\\/lospoliticosveracruz.com\\\/\",\"name\":\"Los pol\u00edticos Veracruz\",\"description\":\"\",\"publisher\":{\"@id\":\"https:\\\/\\\/lospoliticosveracruz.com\\\/#organization\"},\"potentialAction\":[{\"@type\":\"SearchAction\",\"target\":{\"@type\":\"EntryPoint\",\"urlTemplate\":\"https:\\\/\\\/lospoliticosveracruz.com\\\/?s={search_term_string}\"},\"query-input\":{\"@type\":\"PropertyValueSpecification\",\"valueRequired\":true,\"valueName\":\"search_term_string\"}}],\"inLanguage\":\"es\"},{\"@type\":\"Organization\",\"@id\":\"https:\\\/\\\/lospoliticosveracruz.com\\\/#organization\",\"name\":\"Los pol\u00edticos Veracruz\",\"url\":\"https:\\\/\\\/lospoliticosveracruz.com\\\/\",\"logo\":{\"@type\":\"ImageObject\",\"inLanguage\":\"es\",\"@id\":\"https:\\\/\\\/lospoliticosveracruz.com\\\/#\\\/schema\\\/logo\\\/image\\\/\",\"url\":\"https:\\\/\\\/lospoliticosveracruz.com\\\/wp-content\\\/uploads\\\/2025\\\/12\\\/Logo-Nuevo-LOS-POLITICOS-1.jpg\",\"contentUrl\":\"https:\\\/\\\/lospoliticosveracruz.com\\\/wp-content\\\/uploads\\\/2025\\\/12\\\/Logo-Nuevo-LOS-POLITICOS-1.jpg\",\"width\":260,\"height\":70,\"caption\":\"Los pol\u00edticos Veracruz\"},\"image\":{\"@id\":\"https:\\\/\\\/lospoliticosveracruz.com\\\/#\\\/schema\\\/logo\\\/image\\\/\"},\"sameAs\":[\"https:\\\/\\\/www.facebook.com\\\/people\\\/Notimemes-de-los-Polticos\\\/61565672886568\\\/\",\"https:\\\/\\\/x.com\\\/LosPoliticosVer\"]},{\"@type\":\"Person\",\"@id\":\"https:\\\/\\\/lospoliticosveracruz.com\\\/#\\\/schema\\\/person\\\/b8702bb0e538456e6efd07080bf2a4a2\",\"name\":\"Lo viste en Los Pol\u00edticos\",\"image\":{\"@type\":\"ImageObject\",\"inLanguage\":\"es\",\"@id\":\"https:\\\/\\\/secure.gravatar.com\\\/avatar\\\/3a8de04a2656d44082be478bd6c086daa447c4651605818287b9532d3d0bd435?s=96&d=mm&r=g\",\"url\":\"https:\\\/\\\/secure.gravatar.com\\\/avatar\\\/3a8de04a2656d44082be478bd6c086daa447c4651605818287b9532d3d0bd435?s=96&d=mm&r=g\",\"contentUrl\":\"https:\\\/\\\/secure.gravatar.com\\\/avatar\\\/3a8de04a2656d44082be478bd6c086daa447c4651605818287b9532d3d0bd435?s=96&d=mm&r=g\",\"caption\":\"Lo viste en Los Pol\u00edticos\"},\"url\":\"https:\\\/\\\/lospoliticosveracruz.com\\\/?author=2\"}]}<\/script>\n<!-- \/ Yoast SEO plugin. -->","yoast_head_json":{"title":"OTRO FIASCO - Los pol\u00edticos Veracruz","robots":{"index":"index","follow":"follow","max-snippet":"max-snippet:-1","max-image-preview":"max-image-preview:large","max-video-preview":"max-video-preview:-1"},"canonical":"https:\/\/lospoliticosveracruz.com\/?p=96773","og_locale":"es_ES","og_type":"article","og_title":"OTRO FIASCO - Los pol\u00edticos Veracruz","og_description":"Bernardo Guti\u00e9rrez Parra\u00a0 Desde el Caf\u00e9\u00a0 En 2018 siendo presidente electo, Andr\u00e9s Manuel L\u00f3pez Obrador declar\u00f3 que todos los migrantes ser\u00edan bienvenidos al pa\u00eds. Esto al enterarse que una caravana de m\u00e1s de 6 mil centroamericanos se acercaba al r\u00edo Suchiate y Pe\u00f1a Nieto hab\u00eda dado la orden de contenerlos.\u00a0 Tras las declaraciones del tabasque\u00f1o, [&hellip;]","og_url":"https:\/\/lospoliticosveracruz.com\/?p=96773","og_site_name":"Los pol\u00edticos Veracruz","article_publisher":"https:\/\/www.facebook.com\/people\/Notimemes-de-los-Polticos\/61565672886568\/","article_published_time":"2022-10-13T12:36:55+00:00","article_modified_time":"2022-10-13T12:37:00+00:00","og_image":[{"url":"https:\/\/lospoliticosveracruz.com.mx\/wp-content\/uploads\/2021\/10\/WhatsApp-Image-2021-10-02-at-15.20.25-212x300.jpeg","type":"","width":"","height":""}],"author":"Lo viste en Los Pol\u00edticos","twitter_card":"summary_large_image","twitter_creator":"@LosPoliticosVer","twitter_site":"@LosPoliticosVer","twitter_misc":{"Escrito por":"Lo viste en Los Pol\u00edticos","Tiempo de lectura":"4 minutos"},"schema":{"@context":"https:\/\/schema.org","@graph":[{"@type":"Article","@id":"https:\/\/lospoliticosveracruz.com\/?p=96773#article","isPartOf":{"@id":"https:\/\/lospoliticosveracruz.com\/?p=96773"},"author":{"name":"Lo viste en Los Pol\u00edticos","@id":"https:\/\/lospoliticosveracruz.com\/#\/schema\/person\/b8702bb0e538456e6efd07080bf2a4a2"},"headline":"OTRO FIASCO","datePublished":"2022-10-13T12:36:55+00:00","dateModified":"2022-10-13T12:37:00+00:00","mainEntityOfPage":{"@id":"https:\/\/lospoliticosveracruz.com\/?p=96773"},"wordCount":848,"publisher":{"@id":"https:\/\/lospoliticosveracruz.com\/#organization"},"image":{"@id":"https:\/\/lospoliticosveracruz.com\/?p=96773#primaryimage"},"thumbnailUrl":"https:\/\/lospoliticosveracruz.com.mx\/wp-content\/uploads\/2021\/10\/WhatsApp-Image-2021-10-02-at-15.20.25-212x300.jpeg","keywords":["Andr\u00e9s Manuel L\u00f3pez Obrador","migrantes","Morena"],"articleSection":["De Opini\u00f3n"],"inLanguage":"es"},{"@type":"WebPage","@id":"https:\/\/lospoliticosveracruz.com\/?p=96773","url":"https:\/\/lospoliticosveracruz.com\/?p=96773","name":"OTRO FIASCO - Los pol\u00edticos Veracruz","isPartOf":{"@id":"https:\/\/lospoliticosveracruz.com\/#website"},"primaryImageOfPage":{"@id":"https:\/\/lospoliticosveracruz.com\/?p=96773#primaryimage"},"image":{"@id":"https:\/\/lospoliticosveracruz.com\/?p=96773#primaryimage"},"thumbnailUrl":"https:\/\/lospoliticosveracruz.com.mx\/wp-content\/uploads\/2021\/10\/WhatsApp-Image-2021-10-02-at-15.20.25-212x300.jpeg","datePublished":"2022-10-13T12:36:55+00:00","dateModified":"2022-10-13T12:37:00+00:00","breadcrumb":{"@id":"https:\/\/lospoliticosveracruz.com\/?p=96773#breadcrumb"},"inLanguage":"es","potentialAction":[{"@type":"ReadAction","target":["https:\/\/lospoliticosveracruz.com\/?p=96773"]}]},{"@type":"ImageObject","inLanguage":"es","@id":"https:\/\/lospoliticosveracruz.com\/?p=96773#primaryimage","url":"https:\/\/lospoliticosveracruz.com.mx\/wp-content\/uploads\/2021\/10\/WhatsApp-Image-2021-10-02-at-15.20.25-212x300.jpeg","contentUrl":"https:\/\/lospoliticosveracruz.com.mx\/wp-content\/uploads\/2021\/10\/WhatsApp-Image-2021-10-02-at-15.20.25-212x300.jpeg"},{"@type":"BreadcrumbList","@id":"https:\/\/lospoliticosveracruz.com\/?p=96773#breadcrumb","itemListElement":[{"@type":"ListItem","position":1,"name":"Portada","item":"https:\/\/lospoliticosveracruz.com\/"},{"@type":"ListItem","position":2,"name":"OTRO FIASCO"}]},{"@type":"WebSite","@id":"https:\/\/lospoliticosveracruz.com\/#website","url":"https:\/\/lospoliticosveracruz.com\/","name":"Los pol\u00edticos Veracruz","description":"","publisher":{"@id":"https:\/\/lospoliticosveracruz.com\/#organization"},"potentialAction":[{"@type":"SearchAction","target":{"@type":"EntryPoint","urlTemplate":"https:\/\/lospoliticosveracruz.com\/?s={search_term_string}"},"query-input":{"@type":"PropertyValueSpecification","valueRequired":true,"valueName":"search_term_string"}}],"inLanguage":"es"},{"@type":"Organization","@id":"https:\/\/lospoliticosveracruz.com\/#organization","name":"Los pol\u00edticos Veracruz","url":"https:\/\/lospoliticosveracruz.com\/","logo":{"@type":"ImageObject","inLanguage":"es","@id":"https:\/\/lospoliticosveracruz.com\/#\/schema\/logo\/image\/","url":"https:\/\/lospoliticosveracruz.com\/wp-content\/uploads\/2025\/12\/Logo-Nuevo-LOS-POLITICOS-1.jpg","contentUrl":"https:\/\/lospoliticosveracruz.com\/wp-content\/uploads\/2025\/12\/Logo-Nuevo-LOS-POLITICOS-1.jpg","width":260,"height":70,"caption":"Los pol\u00edticos Veracruz"},"image":{"@id":"https:\/\/lospoliticosveracruz.com\/#\/schema\/logo\/image\/"},"sameAs":["https:\/\/www.facebook.com\/people\/Notimemes-de-los-Polticos\/61565672886568\/","https:\/\/x.com\/LosPoliticosVer"]},{"@type":"Person","@id":"https:\/\/lospoliticosveracruz.com\/#\/schema\/person\/b8702bb0e538456e6efd07080bf2a4a2","name":"Lo viste en Los Pol\u00edticos","image":{"@type":"ImageObject","inLanguage":"es","@id":"https:\/\/secure.gravatar.com\/avatar\/3a8de04a2656d44082be478bd6c086daa447c4651605818287b9532d3d0bd435?s=96&d=mm&r=g","url":"https:\/\/secure.gravatar.com\/avatar\/3a8de04a2656d44082be478bd6c086daa447c4651605818287b9532d3d0bd435?s=96&d=mm&r=g","contentUrl":"https:\/\/secure.gravatar.com\/avatar\/3a8de04a2656d44082be478bd6c086daa447c4651605818287b9532d3d0bd435?s=96&d=mm&r=g","caption":"Lo viste en Los Pol\u00edticos"},"url":"https:\/\/lospoliticosveracruz.com\/?author=2"}]}},"_links":{"self":[{"href":"https:\/\/lospoliticosveracruz.com\/index.php?rest_route=\/wp\/v2\/posts\/96773","targetHints":{"allow":["GET"]}}],"collection":[{"href":"https:\/\/lospoliticosveracruz.com\/index.php?rest_route=\/wp\/v2\/posts"}],"about":[{"href":"https:\/\/lospoliticosveracruz.com\/index.php?rest_route=\/wp\/v2\/types\/post"}],"author":[{"embeddable":true,"href":"https:\/\/lospoliticosveracruz.com\/index.php?rest_route=\/wp\/v2\/users\/2"}],"replies":[{"embeddable":true,"href":"https:\/\/lospoliticosveracruz.com\/index.php?rest_route=%2Fwp%2Fv2%2Fcomments&post=96773"}],"version-history":[{"count":1,"href":"https:\/\/lospoliticosveracruz.com\/index.php?rest_route=\/wp\/v2\/posts\/96773\/revisions"}],"predecessor-version":[{"id":96774,"href":"https:\/\/lospoliticosveracruz.com\/index.php?rest_route=\/wp\/v2\/posts\/96773\/revisions\/96774"}],"wp:attachment":[{"href":"https:\/\/lospoliticosveracruz.com\/index.php?rest_route=%2Fwp%2Fv2%2Fmedia&parent=96773"}],"wp:term":[{"taxonomy":"category","embeddable":true,"href":"https:\/\/lospoliticosveracruz.com\/index.php?rest_route=%2Fwp%2Fv2%2Fcategories&post=96773"},{"taxonomy":"post_tag","embeddable":true,"href":"https:\/\/lospoliticosveracruz.com\/index.php?rest_route=%2Fwp%2Fv2%2Ftags&post=96773"}],"curies":[{"name":"wp","href":"https:\/\/api.w.org\/{rel}","templated":true}]}}