{"id":96781,"date":"2022-10-13T08:45:44","date_gmt":"2022-10-13T13:45:44","guid":{"rendered":"https:\/\/lospoliticosveracruz.com.mx\/?p=96781"},"modified":"2022-10-13T08:45:49","modified_gmt":"2022-10-13T13:45:49","slug":"actividad-industrial-y-desempleo-en-veracruz","status":"publish","type":"post","link":"https:\/\/lospoliticosveracruz.com\/?p=96781","title":{"rendered":"ACTIVIDAD INDUSTRIAL y desempleo en Veracruz"},"content":{"rendered":"\n<p><\/p>\n\n\n\n<p><strong>Luis Alberto Romero<\/strong><br><em>Hora cero<\/em><\/p>\n\n\n\n<p>El Instituto Nacional de Estad\u00edstica, Geograf\u00eda e Inform\u00e1tica, INEGI, dio a conocer el indicador mensual de la actividad industrial, en el que destaca un descenso de Veracruz, de 2.4 por ciento con relaci\u00f3n al mes previo; y de 6.3 por ciento, en cifras comparadas con el a\u00f1o anterior.<\/p>\n\n\n<div class=\"wp-block-image\">\n<figure class=\"alignleft size-medium is-resized\"><a href=\"https:\/\/lospoliticosveracruz.com.mx\/wp-content\/uploads\/2021\/10\/Zacauilt.jpg\"><img loading=\"lazy\" decoding=\"async\" src=\"https:\/\/lospoliticosveracruz.com.mx\/wp-content\/uploads\/2021\/10\/Zacauilt-150x300.jpg\" alt=\"\" class=\"wp-image-80558\" width=\"214\" height=\"428\"\/><\/a><\/figure>\n<\/div>\n\n\n<p>En pocas palabras, la actividad industrial de Veracruz se redujo de forma considerable, sobre todo porque el estudio consigna una baja importante con relaci\u00f3n a 2021, cuando la econom\u00eda estatal, nacional y mundial estaba todav\u00eda m\u00e1s deprimida por los efectos de la pandemia de Coronavirus.<\/p>\n\n\n\n<p>Indica INEGI que la entidades que registraron los aumentos mensuales m\u00e1s pronunciados en su actividad industrial, en t\u00e9rminos reales, fueron: Tlaxcala, Tabasco, Chiapas, Coahuila, Colima y M\u00e9xico.<\/p>\n\n\n\n<p>Veracruz no se ubic\u00f3 en el grupo de los estados con crecimiento industrial; por el contrario, est\u00e1 entre los 11 con decrecimiento. Incluso, fue la tercera entidad cuya actividad econ\u00f3mica cay\u00f3 m\u00e1s durante junio del presente a\u00f1o. S\u00f3lo Baja California Sur y Campeche tuvieron peores cifras que las veracruzanas.<\/p>\n\n\n\n<p>Es un tema que deber\u00eda preocupar porque esa tendencia se mantiene, m\u00e1s temprano que tarde tendr\u00e1 un efecto negativo en el empleo.<\/p>\n\n\n\n<p>Otra fuente, la organizaci\u00f3n no gubernamental M\u00e9xico C\u00f3mo Vamos, consigna un muy bajo crecimiento econ\u00f3mico estatal, 0.7 por ciento al primer trimestre del presente a\u00f1o, lo cual ubica a la entidad muy lejos de la meta del 4.5 por ciento anual.<\/p>\n\n\n\n<p>De acuerdo con dicha organizaci\u00f3n, Veracruz, lejos de generar empleos, hay una reducci\u00f3n en la ocupaci\u00f3n. Al corte de septiembre del presente a\u00f1o, en la entidad se perdieron 897 empleos.<\/p>\n\n\n\n<p>Las proyecciones m\u00e1s alentadoras esperaban una generaci\u00f3n de m\u00e1s de 50 mil plazas durante el a\u00f1o; no s\u00f3lo no se generaron, se perdieron casi 900 empleos.<\/p>\n\n\n\n<p>Las tablas de la ocupaci\u00f3n en Veracruz consignan una ca\u00edda dram\u00e1tica en el empleo a partir de abril de 2022, cuando los indicadores se desplomaron. Entre junio y julio del presente a\u00f1o, la p\u00e9rdida fue cercana a los 11 mil espacios laborales. Posteriormente comenz\u00f3 una ligera recuperaci\u00f3n en el empleo, pero la entidad sigue muy lejos de los niveles registrados previo a la pandemia.<\/p>\n\n\n\n<p>Otro indicador: la pobreza laboral registra un repunte significativo en la entidad, al pasar de 50.4 a 51.9 por ciento. Casi 52 de cada 100 veracruzanos no perciben un ingreso suficiente para adquirir la canasta alimentaria b\u00e1sica.<\/p>\n\n\n\n<p>El Consejo Nacional de Evaluaci\u00f3n de la Pol\u00edtica de Desarrollo Social, en su informe correspondiente a 2020, indica que 58.6 por ciento de la poblaci\u00f3n de la entidad es pobre; y que 13.9 por ciento enfrenta condiciones de pobreza extrema, en tanto que 21.7 por ciento se considera vulnerable por carencias sociales. A partir de ah\u00ed resulta comprensible la dependencia de miles de familias veracruzanas de los apoyos asistenciales y programas sociales, sin los cuales, la realidad de m\u00e1s de la mitad de los habitantes del estado ser\u00eda todav\u00eda peor.<\/p>\n\n\n\n<p>Los ataques contra Julen<\/p>\n\n\n\n<p>El senador Julen Rementer\u00eda sigue con el trabajo para lograr una reclasificaci\u00f3n de las tarifas el\u00e9ctricas en Veracruz. Estuvo en Coatzacoalcos y poco despu\u00e9s, en Poza Rica, donde recaba firmas de ciudadanos que piden menores cobros por el consumo de luz. Es una vieja demanda veracruzana, que ha retomado el ex alcalde, quien mide a la perfecci\u00f3n la simpat\u00eda que despierta esa causa.<\/p>\n\n\n\n<p>En esa empresa ha enfocado sus esfuerzos el senador panista y precisamente a ese trabajo atribuyen sus simpatizantes las acusaciones que le han enderezado por un presunto da\u00f1o patrimonial a su paso por la Secretar\u00eda de Obras P\u00fablicas del gobierno estatal.<\/p>\n\n\n\n<p>No falta, entre los panistas, quien atribuya los se\u00f1alamientos contra el senador Rementer\u00eda, a quien ubican como una de las cartas de la oposici\u00f3n rumbo a 2024, a un enfrentamiento con Morena o a un intento por frenar sus aspiraciones sucesorias.<\/p>\n\n\n\n<p>Lo cierto es que el legislador veracruzano es de las pocas voces que han endurecido el discurso contra el movimiento de la 4T. @luisromero85<\/p>\n","protected":false},"excerpt":{"rendered":"<p>Luis Alberto RomeroHora cero El Instituto Nacional de Estad\u00edstica, Geograf\u00eda e Inform\u00e1tica, INEGI, dio a conocer el indicador mensual de la actividad industrial, en el que destaca un descenso de Veracruz, de 2.4 por ciento con relaci\u00f3n al mes previo; y de 6.3 por ciento, en cifras comparadas con el a\u00f1o anterior. En pocas palabras, [&hellip;]<\/p>\n","protected":false},"author":2,"featured_media":0,"comment_status":"closed","ping_status":"closed","sticky":false,"template":"","format":"standard","meta":{"tdm_status":"","tdm_grid_status":"","footnotes":""},"categories":[70],"tags":[7037,2669],"class_list":{"0":"post-96781","1":"post","2":"type-post","3":"status-publish","4":"format-standard","6":"category-de-opinion","7":"tag-desempleo","8":"tag-luis-alberto-romero"},"yoast_head":"<!-- This site is optimized with the Yoast SEO plugin v27.4 - https:\/\/yoast.com\/product\/yoast-seo-wordpress\/ -->\n<title>ACTIVIDAD INDUSTRIAL y desempleo en Veracruz - Los pol\u00edticos Veracruz<\/title>\n<meta name=\"robots\" content=\"index, follow, max-snippet:-1, max-image-preview:large, max-video-preview:-1\" \/>\n<link rel=\"canonical\" href=\"https:\/\/lospoliticosveracruz.com\/?p=96781\" \/>\n<meta property=\"og:locale\" content=\"es_ES\" \/>\n<meta property=\"og:type\" content=\"article\" \/>\n<meta property=\"og:title\" content=\"ACTIVIDAD INDUSTRIAL y desempleo en Veracruz - Los pol\u00edticos Veracruz\" \/>\n<meta property=\"og:description\" content=\"Luis Alberto RomeroHora cero El Instituto Nacional de Estad\u00edstica, Geograf\u00eda e Inform\u00e1tica, INEGI, dio a conocer el indicador mensual de la actividad industrial, en el que destaca un descenso de Veracruz, de 2.4 por ciento con relaci\u00f3n al mes previo; y de 6.3 por ciento, en cifras comparadas con el a\u00f1o anterior. En pocas palabras, [&hellip;]\" \/>\n<meta property=\"og:url\" content=\"https:\/\/lospoliticosveracruz.com\/?p=96781\" \/>\n<meta property=\"og:site_name\" content=\"Los pol\u00edticos Veracruz\" \/>\n<meta property=\"article:publisher\" content=\"https:\/\/www.facebook.com\/people\/Notimemes-de-los-Polticos\/61565672886568\/\" \/>\n<meta property=\"article:published_time\" content=\"2022-10-13T13:45:44+00:00\" \/>\n<meta property=\"article:modified_time\" content=\"2022-10-13T13:45:49+00:00\" \/>\n<meta property=\"og:image\" content=\"https:\/\/lospoliticosveracruz.com.mx\/wp-content\/uploads\/2021\/10\/Zacauilt-150x300.jpg\" \/>\n<meta name=\"author\" content=\"Lo viste en Los Pol\u00edticos\" \/>\n<meta name=\"twitter:card\" content=\"summary_large_image\" \/>\n<meta name=\"twitter:creator\" content=\"@LosPoliticosVer\" \/>\n<meta name=\"twitter:site\" content=\"@LosPoliticosVer\" \/>\n<meta name=\"twitter:label1\" content=\"Escrito por\" \/>\n\t<meta name=\"twitter:data1\" content=\"Lo viste en Los Pol\u00edticos\" \/>\n\t<meta name=\"twitter:label2\" content=\"Tiempo de lectura\" \/>\n\t<meta name=\"twitter:data2\" content=\"3 minutos\" \/>\n<script type=\"application\/ld+json\" class=\"yoast-schema-graph\">{\"@context\":\"https:\\\/\\\/schema.org\",\"@graph\":[{\"@type\":\"Article\",\"@id\":\"https:\\\/\\\/lospoliticosveracruz.com\\\/?p=96781#article\",\"isPartOf\":{\"@id\":\"https:\\\/\\\/lospoliticosveracruz.com\\\/?p=96781\"},\"author\":{\"name\":\"Lo viste en Los Pol\u00edticos\",\"@id\":\"https:\\\/\\\/lospoliticosveracruz.com\\\/#\\\/schema\\\/person\\\/b8702bb0e538456e6efd07080bf2a4a2\"},\"headline\":\"ACTIVIDAD INDUSTRIAL y desempleo en Veracruz\",\"datePublished\":\"2022-10-13T13:45:44+00:00\",\"dateModified\":\"2022-10-13T13:45:49+00:00\",\"mainEntityOfPage\":{\"@id\":\"https:\\\/\\\/lospoliticosveracruz.com\\\/?p=96781\"},\"wordCount\":700,\"publisher\":{\"@id\":\"https:\\\/\\\/lospoliticosveracruz.com\\\/#organization\"},\"image\":{\"@id\":\"https:\\\/\\\/lospoliticosveracruz.com\\\/?p=96781#primaryimage\"},\"thumbnailUrl\":\"https:\\\/\\\/lospoliticosveracruz.com.mx\\\/wp-content\\\/uploads\\\/2021\\\/10\\\/Zacauilt-150x300.jpg\",\"keywords\":[\"Desempleo\",\"Luis Alberto Romero\"],\"articleSection\":[\"De Opini\u00f3n\"],\"inLanguage\":\"es\"},{\"@type\":\"WebPage\",\"@id\":\"https:\\\/\\\/lospoliticosveracruz.com\\\/?p=96781\",\"url\":\"https:\\\/\\\/lospoliticosveracruz.com\\\/?p=96781\",\"name\":\"ACTIVIDAD INDUSTRIAL y desempleo en Veracruz - Los pol\u00edticos Veracruz\",\"isPartOf\":{\"@id\":\"https:\\\/\\\/lospoliticosveracruz.com\\\/#website\"},\"primaryImageOfPage\":{\"@id\":\"https:\\\/\\\/lospoliticosveracruz.com\\\/?p=96781#primaryimage\"},\"image\":{\"@id\":\"https:\\\/\\\/lospoliticosveracruz.com\\\/?p=96781#primaryimage\"},\"thumbnailUrl\":\"https:\\\/\\\/lospoliticosveracruz.com.mx\\\/wp-content\\\/uploads\\\/2021\\\/10\\\/Zacauilt-150x300.jpg\",\"datePublished\":\"2022-10-13T13:45:44+00:00\",\"dateModified\":\"2022-10-13T13:45:49+00:00\",\"breadcrumb\":{\"@id\":\"https:\\\/\\\/lospoliticosveracruz.com\\\/?p=96781#breadcrumb\"},\"inLanguage\":\"es\",\"potentialAction\":[{\"@type\":\"ReadAction\",\"target\":[\"https:\\\/\\\/lospoliticosveracruz.com\\\/?p=96781\"]}]},{\"@type\":\"ImageObject\",\"inLanguage\":\"es\",\"@id\":\"https:\\\/\\\/lospoliticosveracruz.com\\\/?p=96781#primaryimage\",\"url\":\"https:\\\/\\\/lospoliticosveracruz.com.mx\\\/wp-content\\\/uploads\\\/2021\\\/10\\\/Zacauilt-150x300.jpg\",\"contentUrl\":\"https:\\\/\\\/lospoliticosveracruz.com.mx\\\/wp-content\\\/uploads\\\/2021\\\/10\\\/Zacauilt-150x300.jpg\"},{\"@type\":\"BreadcrumbList\",\"@id\":\"https:\\\/\\\/lospoliticosveracruz.com\\\/?p=96781#breadcrumb\",\"itemListElement\":[{\"@type\":\"ListItem\",\"position\":1,\"name\":\"Portada\",\"item\":\"https:\\\/\\\/lospoliticosveracruz.com\\\/\"},{\"@type\":\"ListItem\",\"position\":2,\"name\":\"ACTIVIDAD INDUSTRIAL y desempleo en Veracruz\"}]},{\"@type\":\"WebSite\",\"@id\":\"https:\\\/\\\/lospoliticosveracruz.com\\\/#website\",\"url\":\"https:\\\/\\\/lospoliticosveracruz.com\\\/\",\"name\":\"Los pol\u00edticos Veracruz\",\"description\":\"\",\"publisher\":{\"@id\":\"https:\\\/\\\/lospoliticosveracruz.com\\\/#organization\"},\"potentialAction\":[{\"@type\":\"SearchAction\",\"target\":{\"@type\":\"EntryPoint\",\"urlTemplate\":\"https:\\\/\\\/lospoliticosveracruz.com\\\/?s={search_term_string}\"},\"query-input\":{\"@type\":\"PropertyValueSpecification\",\"valueRequired\":true,\"valueName\":\"search_term_string\"}}],\"inLanguage\":\"es\"},{\"@type\":\"Organization\",\"@id\":\"https:\\\/\\\/lospoliticosveracruz.com\\\/#organization\",\"name\":\"Los pol\u00edticos Veracruz\",\"url\":\"https:\\\/\\\/lospoliticosveracruz.com\\\/\",\"logo\":{\"@type\":\"ImageObject\",\"inLanguage\":\"es\",\"@id\":\"https:\\\/\\\/lospoliticosveracruz.com\\\/#\\\/schema\\\/logo\\\/image\\\/\",\"url\":\"https:\\\/\\\/lospoliticosveracruz.com\\\/wp-content\\\/uploads\\\/2025\\\/12\\\/Logo-Nuevo-LOS-POLITICOS-1.jpg\",\"contentUrl\":\"https:\\\/\\\/lospoliticosveracruz.com\\\/wp-content\\\/uploads\\\/2025\\\/12\\\/Logo-Nuevo-LOS-POLITICOS-1.jpg\",\"width\":260,\"height\":70,\"caption\":\"Los pol\u00edticos Veracruz\"},\"image\":{\"@id\":\"https:\\\/\\\/lospoliticosveracruz.com\\\/#\\\/schema\\\/logo\\\/image\\\/\"},\"sameAs\":[\"https:\\\/\\\/www.facebook.com\\\/people\\\/Notimemes-de-los-Polticos\\\/61565672886568\\\/\",\"https:\\\/\\\/x.com\\\/LosPoliticosVer\"]},{\"@type\":\"Person\",\"@id\":\"https:\\\/\\\/lospoliticosveracruz.com\\\/#\\\/schema\\\/person\\\/b8702bb0e538456e6efd07080bf2a4a2\",\"name\":\"Lo viste en Los Pol\u00edticos\",\"image\":{\"@type\":\"ImageObject\",\"inLanguage\":\"es\",\"@id\":\"https:\\\/\\\/secure.gravatar.com\\\/avatar\\\/3a8de04a2656d44082be478bd6c086daa447c4651605818287b9532d3d0bd435?s=96&d=mm&r=g\",\"url\":\"https:\\\/\\\/secure.gravatar.com\\\/avatar\\\/3a8de04a2656d44082be478bd6c086daa447c4651605818287b9532d3d0bd435?s=96&d=mm&r=g\",\"contentUrl\":\"https:\\\/\\\/secure.gravatar.com\\\/avatar\\\/3a8de04a2656d44082be478bd6c086daa447c4651605818287b9532d3d0bd435?s=96&d=mm&r=g\",\"caption\":\"Lo viste en Los Pol\u00edticos\"},\"url\":\"https:\\\/\\\/lospoliticosveracruz.com\\\/?author=2\"}]}<\/script>\n<!-- \/ Yoast SEO plugin. -->","yoast_head_json":{"title":"ACTIVIDAD INDUSTRIAL y desempleo en Veracruz - Los pol\u00edticos Veracruz","robots":{"index":"index","follow":"follow","max-snippet":"max-snippet:-1","max-image-preview":"max-image-preview:large","max-video-preview":"max-video-preview:-1"},"canonical":"https:\/\/lospoliticosveracruz.com\/?p=96781","og_locale":"es_ES","og_type":"article","og_title":"ACTIVIDAD INDUSTRIAL y desempleo en Veracruz - Los pol\u00edticos Veracruz","og_description":"Luis Alberto RomeroHora cero El Instituto Nacional de Estad\u00edstica, Geograf\u00eda e Inform\u00e1tica, INEGI, dio a conocer el indicador mensual de la actividad industrial, en el que destaca un descenso de Veracruz, de 2.4 por ciento con relaci\u00f3n al mes previo; y de 6.3 por ciento, en cifras comparadas con el a\u00f1o anterior. En pocas palabras, [&hellip;]","og_url":"https:\/\/lospoliticosveracruz.com\/?p=96781","og_site_name":"Los pol\u00edticos Veracruz","article_publisher":"https:\/\/www.facebook.com\/people\/Notimemes-de-los-Polticos\/61565672886568\/","article_published_time":"2022-10-13T13:45:44+00:00","article_modified_time":"2022-10-13T13:45:49+00:00","og_image":[{"url":"https:\/\/lospoliticosveracruz.com.mx\/wp-content\/uploads\/2021\/10\/Zacauilt-150x300.jpg","type":"","width":"","height":""}],"author":"Lo viste en Los Pol\u00edticos","twitter_card":"summary_large_image","twitter_creator":"@LosPoliticosVer","twitter_site":"@LosPoliticosVer","twitter_misc":{"Escrito por":"Lo viste en Los Pol\u00edticos","Tiempo de lectura":"3 minutos"},"schema":{"@context":"https:\/\/schema.org","@graph":[{"@type":"Article","@id":"https:\/\/lospoliticosveracruz.com\/?p=96781#article","isPartOf":{"@id":"https:\/\/lospoliticosveracruz.com\/?p=96781"},"author":{"name":"Lo viste en Los Pol\u00edticos","@id":"https:\/\/lospoliticosveracruz.com\/#\/schema\/person\/b8702bb0e538456e6efd07080bf2a4a2"},"headline":"ACTIVIDAD INDUSTRIAL y desempleo en Veracruz","datePublished":"2022-10-13T13:45:44+00:00","dateModified":"2022-10-13T13:45:49+00:00","mainEntityOfPage":{"@id":"https:\/\/lospoliticosveracruz.com\/?p=96781"},"wordCount":700,"publisher":{"@id":"https:\/\/lospoliticosveracruz.com\/#organization"},"image":{"@id":"https:\/\/lospoliticosveracruz.com\/?p=96781#primaryimage"},"thumbnailUrl":"https:\/\/lospoliticosveracruz.com.mx\/wp-content\/uploads\/2021\/10\/Zacauilt-150x300.jpg","keywords":["Desempleo","Luis Alberto Romero"],"articleSection":["De Opini\u00f3n"],"inLanguage":"es"},{"@type":"WebPage","@id":"https:\/\/lospoliticosveracruz.com\/?p=96781","url":"https:\/\/lospoliticosveracruz.com\/?p=96781","name":"ACTIVIDAD INDUSTRIAL y desempleo en Veracruz - Los pol\u00edticos Veracruz","isPartOf":{"@id":"https:\/\/lospoliticosveracruz.com\/#website"},"primaryImageOfPage":{"@id":"https:\/\/lospoliticosveracruz.com\/?p=96781#primaryimage"},"image":{"@id":"https:\/\/lospoliticosveracruz.com\/?p=96781#primaryimage"},"thumbnailUrl":"https:\/\/lospoliticosveracruz.com.mx\/wp-content\/uploads\/2021\/10\/Zacauilt-150x300.jpg","datePublished":"2022-10-13T13:45:44+00:00","dateModified":"2022-10-13T13:45:49+00:00","breadcrumb":{"@id":"https:\/\/lospoliticosveracruz.com\/?p=96781#breadcrumb"},"inLanguage":"es","potentialAction":[{"@type":"ReadAction","target":["https:\/\/lospoliticosveracruz.com\/?p=96781"]}]},{"@type":"ImageObject","inLanguage":"es","@id":"https:\/\/lospoliticosveracruz.com\/?p=96781#primaryimage","url":"https:\/\/lospoliticosveracruz.com.mx\/wp-content\/uploads\/2021\/10\/Zacauilt-150x300.jpg","contentUrl":"https:\/\/lospoliticosveracruz.com.mx\/wp-content\/uploads\/2021\/10\/Zacauilt-150x300.jpg"},{"@type":"BreadcrumbList","@id":"https:\/\/lospoliticosveracruz.com\/?p=96781#breadcrumb","itemListElement":[{"@type":"ListItem","position":1,"name":"Portada","item":"https:\/\/lospoliticosveracruz.com\/"},{"@type":"ListItem","position":2,"name":"ACTIVIDAD INDUSTRIAL y desempleo en Veracruz"}]},{"@type":"WebSite","@id":"https:\/\/lospoliticosveracruz.com\/#website","url":"https:\/\/lospoliticosveracruz.com\/","name":"Los pol\u00edticos Veracruz","description":"","publisher":{"@id":"https:\/\/lospoliticosveracruz.com\/#organization"},"potentialAction":[{"@type":"SearchAction","target":{"@type":"EntryPoint","urlTemplate":"https:\/\/lospoliticosveracruz.com\/?s={search_term_string}"},"query-input":{"@type":"PropertyValueSpecification","valueRequired":true,"valueName":"search_term_string"}}],"inLanguage":"es"},{"@type":"Organization","@id":"https:\/\/lospoliticosveracruz.com\/#organization","name":"Los pol\u00edticos Veracruz","url":"https:\/\/lospoliticosveracruz.com\/","logo":{"@type":"ImageObject","inLanguage":"es","@id":"https:\/\/lospoliticosveracruz.com\/#\/schema\/logo\/image\/","url":"https:\/\/lospoliticosveracruz.com\/wp-content\/uploads\/2025\/12\/Logo-Nuevo-LOS-POLITICOS-1.jpg","contentUrl":"https:\/\/lospoliticosveracruz.com\/wp-content\/uploads\/2025\/12\/Logo-Nuevo-LOS-POLITICOS-1.jpg","width":260,"height":70,"caption":"Los pol\u00edticos Veracruz"},"image":{"@id":"https:\/\/lospoliticosveracruz.com\/#\/schema\/logo\/image\/"},"sameAs":["https:\/\/www.facebook.com\/people\/Notimemes-de-los-Polticos\/61565672886568\/","https:\/\/x.com\/LosPoliticosVer"]},{"@type":"Person","@id":"https:\/\/lospoliticosveracruz.com\/#\/schema\/person\/b8702bb0e538456e6efd07080bf2a4a2","name":"Lo viste en Los Pol\u00edticos","image":{"@type":"ImageObject","inLanguage":"es","@id":"https:\/\/secure.gravatar.com\/avatar\/3a8de04a2656d44082be478bd6c086daa447c4651605818287b9532d3d0bd435?s=96&d=mm&r=g","url":"https:\/\/secure.gravatar.com\/avatar\/3a8de04a2656d44082be478bd6c086daa447c4651605818287b9532d3d0bd435?s=96&d=mm&r=g","contentUrl":"https:\/\/secure.gravatar.com\/avatar\/3a8de04a2656d44082be478bd6c086daa447c4651605818287b9532d3d0bd435?s=96&d=mm&r=g","caption":"Lo viste en Los Pol\u00edticos"},"url":"https:\/\/lospoliticosveracruz.com\/?author=2"}]}},"_links":{"self":[{"href":"https:\/\/lospoliticosveracruz.com\/index.php?rest_route=\/wp\/v2\/posts\/96781","targetHints":{"allow":["GET"]}}],"collection":[{"href":"https:\/\/lospoliticosveracruz.com\/index.php?rest_route=\/wp\/v2\/posts"}],"about":[{"href":"https:\/\/lospoliticosveracruz.com\/index.php?rest_route=\/wp\/v2\/types\/post"}],"author":[{"embeddable":true,"href":"https:\/\/lospoliticosveracruz.com\/index.php?rest_route=\/wp\/v2\/users\/2"}],"replies":[{"embeddable":true,"href":"https:\/\/lospoliticosveracruz.com\/index.php?rest_route=%2Fwp%2Fv2%2Fcomments&post=96781"}],"version-history":[{"count":1,"href":"https:\/\/lospoliticosveracruz.com\/index.php?rest_route=\/wp\/v2\/posts\/96781\/revisions"}],"predecessor-version":[{"id":96782,"href":"https:\/\/lospoliticosveracruz.com\/index.php?rest_route=\/wp\/v2\/posts\/96781\/revisions\/96782"}],"wp:attachment":[{"href":"https:\/\/lospoliticosveracruz.com\/index.php?rest_route=%2Fwp%2Fv2%2Fmedia&parent=96781"}],"wp:term":[{"taxonomy":"category","embeddable":true,"href":"https:\/\/lospoliticosveracruz.com\/index.php?rest_route=%2Fwp%2Fv2%2Fcategories&post=96781"},{"taxonomy":"post_tag","embeddable":true,"href":"https:\/\/lospoliticosveracruz.com\/index.php?rest_route=%2Fwp%2Fv2%2Ftags&post=96781"}],"curies":[{"name":"wp","href":"https:\/\/api.w.org\/{rel}","templated":true}]}}