{"id":96797,"date":"2022-10-13T16:07:43","date_gmt":"2022-10-13T21:07:43","guid":{"rendered":"https:\/\/lospoliticosveracruz.com.mx\/?p=96797"},"modified":"2022-10-13T16:07:57","modified_gmt":"2022-10-13T21:07:57","slug":"el-sueno-de-bola-8","status":"publish","type":"post","link":"https:\/\/lospoliticosveracruz.com\/?p=96797","title":{"rendered":"EL SUE\u00d1O DE BOLA 8"},"content":{"rendered":"\n<p><strong>Salvador Mu\u00f1oz<\/strong><\/p>\n\n\n\n<p><em>Los Pol\u00edticos<\/em><\/p>\n\n\n\n<p>Las encuestas al interior de Morena ubican a Eric \u201cBola 8\u201d Cisneros Burgos fuera de la jugada al 2024, sea para la Gubernatura o sea para la Senadur\u00eda, lo que le deja margen para maniobrar en dos posibles escenarios: curul federal o curul local.<\/p>\n\n\n\n<figure class=\"wp-block-image size-full\"><a href=\"https:\/\/lospoliticosveracruz.com.mx\/wp-content\/uploads\/2022\/05\/Seguro-Julio-Cerecedo.jpg\"><img decoding=\"async\" src=\"https:\/\/lospoliticosveracruz.com.mx\/wp-content\/uploads\/2022\/05\/Seguro-Julio-Cerecedo.jpg\" alt=\"\" class=\"wp-image-90414\"\/><\/a><\/figure>\n\n\n\n<p>En ambos escenarios tiene opci\u00f3n para buscarla por dos v\u00edas: Cosamaloapan o Coatepec; el primer distrito electoral, por ser nativo; el segundo, por ser avecindado.<\/p>\n\n\n\n<p>En ambos escenarios ha trabajado por lo que, con la mano en donde alguna vez estuvo la cintura, podr\u00eda elegir el que mejor cree que pudiera servirle\u2026<\/p>\n\n\n\n<p>En primera instancia, se hab\u00eda pensado que como una forma de llev\u00e1rsela de a muertito, podr\u00eda optar por una mullida curul de San L\u00e1zaro, por el distrito que fuera\u2026<\/p>\n\n\n\n<p>Sin embargo, el tiempo le ha mostrado dos cosas a Bola 8 con respecto a sus aspiraciones curuleras:<\/p>\n\n\n\n<p>El universo que implica San L\u00e1zaro es un enorme albur donde hay de dos\u2026 te encumbra o te sumerge\u2026 depende de tu jefe de bancada, de tus relaciones y hasta de las circunstancias\u2026<\/p>\n\n\n\n<p>El ejemplo m\u00e1s claro de ello son los mismos legisladores federales morenos de Veracruz\u2026 \u00bfcu\u00e1l de ellos destaca? \u00a1Ninguno! Y a veces no es por falta de ideas o por falta de ganas\u2026 la bancada ya tiene sus arietes y con \u00e9sos va con todo; el resto, nom\u00e1s que alce la mano\u2026 por eso se pierde en ese Universo curulero un mont\u00f3n de diputados, entre ellos Rosa Mar\u00eda Hern\u00e1ndez Espejo, quien tiene que hacer un ejercicio period\u00edstico para colgarse de lo que la bancada de Morena en general, logra\u2026 porque si no, no se ve\u2026 bueno, pero al menos ella trata de que, si se pierde en el Congreso de la Uni\u00f3n, no hacerlo en su distrito\u2026 cosa contraria al \u201cPaleta Chupada\u201d Rafael Hern\u00e1ndez Villalpando, quien est\u00e1 feliz trabajando con Nahle, con sus reto\u00f1os colocados en alguno que otro organismo aut\u00f3nomo, y cobrando como Legislador\u2026 aunque no se vea su trabajo ni en el Congreso ni en su distrito\u2026&nbsp;<\/p>\n\n\n\n<p>Vean el caso de Lorena Pi\u00f1\u00f3n Rivera, del PRI; una minor\u00eda legislativa, pero tiene todo el champ\u00fa de su coordinador de bancada para darle con todo en Tribuna\u2026 y ah\u00ed est\u00e1, haciendo m\u00e1s ruido que Pepe Yunes Zorrilla, quien ya sabe de esos menesteres\u2026<\/p>\n\n\n\n<p>\u00bfDel PAN? Carlos Valenzuela hace m\u00e1s ruido en San L\u00e1zaro que cualquier otro legislador o legisladora azul\u2026<\/p>\n\n\n\n<p>Por eso, Bola 8 ya considera que en una de \u00e9sas no le conviene la curul federal\u2026 entonces podr\u00eda inclinarse por la local\u2026<\/p>\n\n\n\n<p>Eso en un momento dado podr\u00eda generar cierta frustraci\u00f3n en uno de los distritos por los cuales podr\u00eda competir y no es Cosamaloapan\u2026<\/p>\n\n\n\n<p>En Coatepec, hay dos j\u00f3venes que vienen \u201ctrabajando\u201d con mucha enjundia al lado de Bola 8: Fanny y Edgar Mu\u00f1oz Alfonso.<\/p>\n\n\n\n<p>Para mayor referencia, Fanny es la presidenta municipal de San Andr\u00e9s Tlalnelhuayocan, y Edgar, el hermano. Ambos hijos de Luis Alberto Mu\u00f1oz L\u00f3pez, mejor conocido entre los pol\u00edticos como El Centauro.<\/p>\n\n\n\n<p>Quiz\u00e1s a Edgar lo identifiquen como el organizador de la rodada de motos en la que hace poco particip\u00f3 Bola 8 con todo y casco, chamarra \u00a1y hasta moto!<\/p>\n\n\n\n<p>La idea, dicen los que est\u00e1n cerca de los Mu\u00f1oz Alfonso, es que la curul local por Coatepec en las pr\u00f3ximas elecciones quede en familia con el apoyo de Bola 8\u2026 y ac\u00e1 no hay falla por la cuesti\u00f3n de g\u00e9nero: si es mujer, va Fanny; si es var\u00f3n, Edgar\u2026<\/p>\n\n\n\n<p>Pero el asunto se complica si Bola 8 decidiera ir por el distrito de Coatepec\u2026<\/p>\n\n\n\n<p>Como sea\u2026 Coatepec o Cosamaloapan es secundario; es m\u00e1s, en una de \u00e9sas, para no arriesgarse, Bola 8 pida la Pluri, aunque la idea b\u00e1sica de est\u00e1 concentrada en un solo objetivo: llegar al Palacio de Encanto y convertirse en el Jucopo, bajo el esquema de que Morena seguir\u00e1 arrasando en las urnas y as\u00ed seguir haciendo uso del Poder Pol\u00edtico que hasta ahora, ser el 2, se le concede\u2026 recuerden: el poder es adictivo si no se puede controlar; poder que no podr\u00eda alcanzar en el Congreso federal y tampoco en el Senado, a donde s\u00f3lo podr\u00eda llegar, de acuerdo a las encuestas, nom\u00e1s de visita\u2026<\/p>\n","protected":false},"excerpt":{"rendered":"<p>Salvador Mu\u00f1oz Los Pol\u00edticos Las encuestas al interior de Morena ubican a Eric \u201cBola 8\u201d Cisneros Burgos fuera de la jugada al 2024, sea para la Gubernatura o sea para la Senadur\u00eda, lo que le deja margen para maniobrar en dos posibles escenarios: curul federal o curul local. En ambos escenarios tiene opci\u00f3n para buscarla [&hellip;]<\/p>\n","protected":false},"author":2,"featured_media":0,"comment_status":"closed","ping_status":"closed","sticky":false,"template":"","format":"standard","meta":{"tdm_status":"","tdm_grid_status":"","footnotes":""},"categories":[70],"tags":[15946,7559,35669,12299,4770,1026,246,11992,11900,2646,195],"class_list":{"0":"post-96797","1":"post","2":"type-post","3":"status-publish","4":"format-standard","6":"category-de-opinion","7":"tag-bola-8","8":"tag-carlos-valenzuela","9":"tag-edgar-munoz-alfonso","10":"tag-eric-cisneros-burgos","11":"tag-lorena-pinon-rivera","12":"tag-morena","13":"tag-pepe-yunes-zorrilla","14":"tag-rafael-hernandez-villalpando","15":"tag-rosa-maria-hernandez-espejo","16":"tag-salvador-munoz","17":"tag-veracruz"},"yoast_head":"<!-- This site is optimized with the Yoast SEO plugin v27.4 - https:\/\/yoast.com\/product\/yoast-seo-wordpress\/ -->\n<title>EL SUE\u00d1O DE BOLA 8 - Los pol\u00edticos Veracruz<\/title>\n<meta name=\"robots\" content=\"index, follow, max-snippet:-1, max-image-preview:large, max-video-preview:-1\" \/>\n<link rel=\"canonical\" href=\"https:\/\/lospoliticosveracruz.com\/?p=96797\" \/>\n<meta property=\"og:locale\" content=\"es_ES\" \/>\n<meta property=\"og:type\" content=\"article\" \/>\n<meta property=\"og:title\" content=\"EL SUE\u00d1O DE BOLA 8 - Los pol\u00edticos Veracruz\" \/>\n<meta property=\"og:description\" content=\"Salvador Mu\u00f1oz Los Pol\u00edticos Las encuestas al interior de Morena ubican a Eric \u201cBola 8\u201d Cisneros Burgos fuera de la jugada al 2024, sea para la Gubernatura o sea para la Senadur\u00eda, lo que le deja margen para maniobrar en dos posibles escenarios: curul federal o curul local. En ambos escenarios tiene opci\u00f3n para buscarla [&hellip;]\" \/>\n<meta property=\"og:url\" content=\"https:\/\/lospoliticosveracruz.com\/?p=96797\" \/>\n<meta property=\"og:site_name\" content=\"Los pol\u00edticos Veracruz\" \/>\n<meta property=\"article:publisher\" content=\"https:\/\/www.facebook.com\/people\/Notimemes-de-los-Polticos\/61565672886568\/\" \/>\n<meta property=\"article:published_time\" content=\"2022-10-13T21:07:43+00:00\" \/>\n<meta property=\"article:modified_time\" content=\"2022-10-13T21:07:57+00:00\" \/>\n<meta property=\"og:image\" content=\"https:\/\/lospoliticosveracruz.com.mx\/wp-content\/uploads\/2022\/05\/Seguro-Julio-Cerecedo.jpg\" \/>\n<meta name=\"author\" content=\"Lo viste en Los Pol\u00edticos\" \/>\n<meta name=\"twitter:card\" content=\"summary_large_image\" \/>\n<meta name=\"twitter:creator\" content=\"@LosPoliticosVer\" \/>\n<meta name=\"twitter:site\" content=\"@LosPoliticosVer\" \/>\n<meta name=\"twitter:label1\" content=\"Escrito por\" \/>\n\t<meta name=\"twitter:data1\" content=\"Lo viste en Los Pol\u00edticos\" \/>\n\t<meta name=\"twitter:label2\" content=\"Tiempo de lectura\" \/>\n\t<meta name=\"twitter:data2\" content=\"4 minutos\" \/>\n<script type=\"application\/ld+json\" class=\"yoast-schema-graph\">{\"@context\":\"https:\\\/\\\/schema.org\",\"@graph\":[{\"@type\":\"Article\",\"@id\":\"https:\\\/\\\/lospoliticosveracruz.com\\\/?p=96797#article\",\"isPartOf\":{\"@id\":\"https:\\\/\\\/lospoliticosveracruz.com\\\/?p=96797\"},\"author\":{\"name\":\"Lo viste en Los Pol\u00edticos\",\"@id\":\"https:\\\/\\\/lospoliticosveracruz.com\\\/#\\\/schema\\\/person\\\/b8702bb0e538456e6efd07080bf2a4a2\"},\"headline\":\"EL SUE\u00d1O DE BOLA 8\",\"datePublished\":\"2022-10-13T21:07:43+00:00\",\"dateModified\":\"2022-10-13T21:07:57+00:00\",\"mainEntityOfPage\":{\"@id\":\"https:\\\/\\\/lospoliticosveracruz.com\\\/?p=96797\"},\"wordCount\":746,\"publisher\":{\"@id\":\"https:\\\/\\\/lospoliticosveracruz.com\\\/#organization\"},\"image\":{\"@id\":\"https:\\\/\\\/lospoliticosveracruz.com\\\/?p=96797#primaryimage\"},\"thumbnailUrl\":\"https:\\\/\\\/lospoliticosveracruz.com.mx\\\/wp-content\\\/uploads\\\/2022\\\/05\\\/Seguro-Julio-Cerecedo.jpg\",\"keywords\":[\"Bola 8\",\"Carlos Valenzuela\",\"Edgar Mu\u00f1oz Alfonso\",\"Eric Cisneros Burgos\",\"Lorena Pi\u00f1\u00f3n Rivera\",\"Morena\",\"Pepe Yunes Zorrilla\",\"Rafael Hern\u00e1ndez Villalpando\",\"Rosa Mar\u00eda Hern\u00e1ndez Espejo\",\"Salvador Mu\u00f1oz\",\"Veracruz\"],\"articleSection\":[\"De Opini\u00f3n\"],\"inLanguage\":\"es\"},{\"@type\":\"WebPage\",\"@id\":\"https:\\\/\\\/lospoliticosveracruz.com\\\/?p=96797\",\"url\":\"https:\\\/\\\/lospoliticosveracruz.com\\\/?p=96797\",\"name\":\"EL SUE\u00d1O DE BOLA 8 - Los pol\u00edticos Veracruz\",\"isPartOf\":{\"@id\":\"https:\\\/\\\/lospoliticosveracruz.com\\\/#website\"},\"primaryImageOfPage\":{\"@id\":\"https:\\\/\\\/lospoliticosveracruz.com\\\/?p=96797#primaryimage\"},\"image\":{\"@id\":\"https:\\\/\\\/lospoliticosveracruz.com\\\/?p=96797#primaryimage\"},\"thumbnailUrl\":\"https:\\\/\\\/lospoliticosveracruz.com.mx\\\/wp-content\\\/uploads\\\/2022\\\/05\\\/Seguro-Julio-Cerecedo.jpg\",\"datePublished\":\"2022-10-13T21:07:43+00:00\",\"dateModified\":\"2022-10-13T21:07:57+00:00\",\"breadcrumb\":{\"@id\":\"https:\\\/\\\/lospoliticosveracruz.com\\\/?p=96797#breadcrumb\"},\"inLanguage\":\"es\",\"potentialAction\":[{\"@type\":\"ReadAction\",\"target\":[\"https:\\\/\\\/lospoliticosveracruz.com\\\/?p=96797\"]}]},{\"@type\":\"ImageObject\",\"inLanguage\":\"es\",\"@id\":\"https:\\\/\\\/lospoliticosveracruz.com\\\/?p=96797#primaryimage\",\"url\":\"https:\\\/\\\/lospoliticosveracruz.com.mx\\\/wp-content\\\/uploads\\\/2022\\\/05\\\/Seguro-Julio-Cerecedo.jpg\",\"contentUrl\":\"https:\\\/\\\/lospoliticosveracruz.com.mx\\\/wp-content\\\/uploads\\\/2022\\\/05\\\/Seguro-Julio-Cerecedo.jpg\"},{\"@type\":\"BreadcrumbList\",\"@id\":\"https:\\\/\\\/lospoliticosveracruz.com\\\/?p=96797#breadcrumb\",\"itemListElement\":[{\"@type\":\"ListItem\",\"position\":1,\"name\":\"Portada\",\"item\":\"https:\\\/\\\/lospoliticosveracruz.com\\\/\"},{\"@type\":\"ListItem\",\"position\":2,\"name\":\"EL SUE\u00d1O DE BOLA 8\"}]},{\"@type\":\"WebSite\",\"@id\":\"https:\\\/\\\/lospoliticosveracruz.com\\\/#website\",\"url\":\"https:\\\/\\\/lospoliticosveracruz.com\\\/\",\"name\":\"Los pol\u00edticos Veracruz\",\"description\":\"\",\"publisher\":{\"@id\":\"https:\\\/\\\/lospoliticosveracruz.com\\\/#organization\"},\"potentialAction\":[{\"@type\":\"SearchAction\",\"target\":{\"@type\":\"EntryPoint\",\"urlTemplate\":\"https:\\\/\\\/lospoliticosveracruz.com\\\/?s={search_term_string}\"},\"query-input\":{\"@type\":\"PropertyValueSpecification\",\"valueRequired\":true,\"valueName\":\"search_term_string\"}}],\"inLanguage\":\"es\"},{\"@type\":\"Organization\",\"@id\":\"https:\\\/\\\/lospoliticosveracruz.com\\\/#organization\",\"name\":\"Los pol\u00edticos Veracruz\",\"url\":\"https:\\\/\\\/lospoliticosveracruz.com\\\/\",\"logo\":{\"@type\":\"ImageObject\",\"inLanguage\":\"es\",\"@id\":\"https:\\\/\\\/lospoliticosveracruz.com\\\/#\\\/schema\\\/logo\\\/image\\\/\",\"url\":\"https:\\\/\\\/lospoliticosveracruz.com\\\/wp-content\\\/uploads\\\/2025\\\/12\\\/Logo-Nuevo-LOS-POLITICOS-1.jpg\",\"contentUrl\":\"https:\\\/\\\/lospoliticosveracruz.com\\\/wp-content\\\/uploads\\\/2025\\\/12\\\/Logo-Nuevo-LOS-POLITICOS-1.jpg\",\"width\":260,\"height\":70,\"caption\":\"Los pol\u00edticos Veracruz\"},\"image\":{\"@id\":\"https:\\\/\\\/lospoliticosveracruz.com\\\/#\\\/schema\\\/logo\\\/image\\\/\"},\"sameAs\":[\"https:\\\/\\\/www.facebook.com\\\/people\\\/Notimemes-de-los-Polticos\\\/61565672886568\\\/\",\"https:\\\/\\\/x.com\\\/LosPoliticosVer\"]},{\"@type\":\"Person\",\"@id\":\"https:\\\/\\\/lospoliticosveracruz.com\\\/#\\\/schema\\\/person\\\/b8702bb0e538456e6efd07080bf2a4a2\",\"name\":\"Lo viste en Los Pol\u00edticos\",\"image\":{\"@type\":\"ImageObject\",\"inLanguage\":\"es\",\"@id\":\"https:\\\/\\\/secure.gravatar.com\\\/avatar\\\/3a8de04a2656d44082be478bd6c086daa447c4651605818287b9532d3d0bd435?s=96&d=mm&r=g\",\"url\":\"https:\\\/\\\/secure.gravatar.com\\\/avatar\\\/3a8de04a2656d44082be478bd6c086daa447c4651605818287b9532d3d0bd435?s=96&d=mm&r=g\",\"contentUrl\":\"https:\\\/\\\/secure.gravatar.com\\\/avatar\\\/3a8de04a2656d44082be478bd6c086daa447c4651605818287b9532d3d0bd435?s=96&d=mm&r=g\",\"caption\":\"Lo viste en Los Pol\u00edticos\"},\"url\":\"https:\\\/\\\/lospoliticosveracruz.com\\\/?author=2\"}]}<\/script>\n<!-- \/ Yoast SEO plugin. -->","yoast_head_json":{"title":"EL SUE\u00d1O DE BOLA 8 - Los pol\u00edticos Veracruz","robots":{"index":"index","follow":"follow","max-snippet":"max-snippet:-1","max-image-preview":"max-image-preview:large","max-video-preview":"max-video-preview:-1"},"canonical":"https:\/\/lospoliticosveracruz.com\/?p=96797","og_locale":"es_ES","og_type":"article","og_title":"EL SUE\u00d1O DE BOLA 8 - Los pol\u00edticos Veracruz","og_description":"Salvador Mu\u00f1oz Los Pol\u00edticos Las encuestas al interior de Morena ubican a Eric \u201cBola 8\u201d Cisneros Burgos fuera de la jugada al 2024, sea para la Gubernatura o sea para la Senadur\u00eda, lo que le deja margen para maniobrar en dos posibles escenarios: curul federal o curul local. En ambos escenarios tiene opci\u00f3n para buscarla [&hellip;]","og_url":"https:\/\/lospoliticosveracruz.com\/?p=96797","og_site_name":"Los pol\u00edticos Veracruz","article_publisher":"https:\/\/www.facebook.com\/people\/Notimemes-de-los-Polticos\/61565672886568\/","article_published_time":"2022-10-13T21:07:43+00:00","article_modified_time":"2022-10-13T21:07:57+00:00","og_image":[{"url":"https:\/\/lospoliticosveracruz.com.mx\/wp-content\/uploads\/2022\/05\/Seguro-Julio-Cerecedo.jpg","type":"","width":"","height":""}],"author":"Lo viste en Los Pol\u00edticos","twitter_card":"summary_large_image","twitter_creator":"@LosPoliticosVer","twitter_site":"@LosPoliticosVer","twitter_misc":{"Escrito por":"Lo viste en Los Pol\u00edticos","Tiempo de lectura":"4 minutos"},"schema":{"@context":"https:\/\/schema.org","@graph":[{"@type":"Article","@id":"https:\/\/lospoliticosveracruz.com\/?p=96797#article","isPartOf":{"@id":"https:\/\/lospoliticosveracruz.com\/?p=96797"},"author":{"name":"Lo viste en Los Pol\u00edticos","@id":"https:\/\/lospoliticosveracruz.com\/#\/schema\/person\/b8702bb0e538456e6efd07080bf2a4a2"},"headline":"EL SUE\u00d1O DE BOLA 8","datePublished":"2022-10-13T21:07:43+00:00","dateModified":"2022-10-13T21:07:57+00:00","mainEntityOfPage":{"@id":"https:\/\/lospoliticosveracruz.com\/?p=96797"},"wordCount":746,"publisher":{"@id":"https:\/\/lospoliticosveracruz.com\/#organization"},"image":{"@id":"https:\/\/lospoliticosveracruz.com\/?p=96797#primaryimage"},"thumbnailUrl":"https:\/\/lospoliticosveracruz.com.mx\/wp-content\/uploads\/2022\/05\/Seguro-Julio-Cerecedo.jpg","keywords":["Bola 8","Carlos Valenzuela","Edgar Mu\u00f1oz Alfonso","Eric Cisneros Burgos","Lorena Pi\u00f1\u00f3n Rivera","Morena","Pepe Yunes Zorrilla","Rafael Hern\u00e1ndez Villalpando","Rosa Mar\u00eda Hern\u00e1ndez Espejo","Salvador Mu\u00f1oz","Veracruz"],"articleSection":["De Opini\u00f3n"],"inLanguage":"es"},{"@type":"WebPage","@id":"https:\/\/lospoliticosveracruz.com\/?p=96797","url":"https:\/\/lospoliticosveracruz.com\/?p=96797","name":"EL SUE\u00d1O DE BOLA 8 - Los pol\u00edticos Veracruz","isPartOf":{"@id":"https:\/\/lospoliticosveracruz.com\/#website"},"primaryImageOfPage":{"@id":"https:\/\/lospoliticosveracruz.com\/?p=96797#primaryimage"},"image":{"@id":"https:\/\/lospoliticosveracruz.com\/?p=96797#primaryimage"},"thumbnailUrl":"https:\/\/lospoliticosveracruz.com.mx\/wp-content\/uploads\/2022\/05\/Seguro-Julio-Cerecedo.jpg","datePublished":"2022-10-13T21:07:43+00:00","dateModified":"2022-10-13T21:07:57+00:00","breadcrumb":{"@id":"https:\/\/lospoliticosveracruz.com\/?p=96797#breadcrumb"},"inLanguage":"es","potentialAction":[{"@type":"ReadAction","target":["https:\/\/lospoliticosveracruz.com\/?p=96797"]}]},{"@type":"ImageObject","inLanguage":"es","@id":"https:\/\/lospoliticosveracruz.com\/?p=96797#primaryimage","url":"https:\/\/lospoliticosveracruz.com.mx\/wp-content\/uploads\/2022\/05\/Seguro-Julio-Cerecedo.jpg","contentUrl":"https:\/\/lospoliticosveracruz.com.mx\/wp-content\/uploads\/2022\/05\/Seguro-Julio-Cerecedo.jpg"},{"@type":"BreadcrumbList","@id":"https:\/\/lospoliticosveracruz.com\/?p=96797#breadcrumb","itemListElement":[{"@type":"ListItem","position":1,"name":"Portada","item":"https:\/\/lospoliticosveracruz.com\/"},{"@type":"ListItem","position":2,"name":"EL SUE\u00d1O DE BOLA 8"}]},{"@type":"WebSite","@id":"https:\/\/lospoliticosveracruz.com\/#website","url":"https:\/\/lospoliticosveracruz.com\/","name":"Los pol\u00edticos Veracruz","description":"","publisher":{"@id":"https:\/\/lospoliticosveracruz.com\/#organization"},"potentialAction":[{"@type":"SearchAction","target":{"@type":"EntryPoint","urlTemplate":"https:\/\/lospoliticosveracruz.com\/?s={search_term_string}"},"query-input":{"@type":"PropertyValueSpecification","valueRequired":true,"valueName":"search_term_string"}}],"inLanguage":"es"},{"@type":"Organization","@id":"https:\/\/lospoliticosveracruz.com\/#organization","name":"Los pol\u00edticos Veracruz","url":"https:\/\/lospoliticosveracruz.com\/","logo":{"@type":"ImageObject","inLanguage":"es","@id":"https:\/\/lospoliticosveracruz.com\/#\/schema\/logo\/image\/","url":"https:\/\/lospoliticosveracruz.com\/wp-content\/uploads\/2025\/12\/Logo-Nuevo-LOS-POLITICOS-1.jpg","contentUrl":"https:\/\/lospoliticosveracruz.com\/wp-content\/uploads\/2025\/12\/Logo-Nuevo-LOS-POLITICOS-1.jpg","width":260,"height":70,"caption":"Los pol\u00edticos Veracruz"},"image":{"@id":"https:\/\/lospoliticosveracruz.com\/#\/schema\/logo\/image\/"},"sameAs":["https:\/\/www.facebook.com\/people\/Notimemes-de-los-Polticos\/61565672886568\/","https:\/\/x.com\/LosPoliticosVer"]},{"@type":"Person","@id":"https:\/\/lospoliticosveracruz.com\/#\/schema\/person\/b8702bb0e538456e6efd07080bf2a4a2","name":"Lo viste en Los Pol\u00edticos","image":{"@type":"ImageObject","inLanguage":"es","@id":"https:\/\/secure.gravatar.com\/avatar\/3a8de04a2656d44082be478bd6c086daa447c4651605818287b9532d3d0bd435?s=96&d=mm&r=g","url":"https:\/\/secure.gravatar.com\/avatar\/3a8de04a2656d44082be478bd6c086daa447c4651605818287b9532d3d0bd435?s=96&d=mm&r=g","contentUrl":"https:\/\/secure.gravatar.com\/avatar\/3a8de04a2656d44082be478bd6c086daa447c4651605818287b9532d3d0bd435?s=96&d=mm&r=g","caption":"Lo viste en Los Pol\u00edticos"},"url":"https:\/\/lospoliticosveracruz.com\/?author=2"}]}},"_links":{"self":[{"href":"https:\/\/lospoliticosveracruz.com\/index.php?rest_route=\/wp\/v2\/posts\/96797","targetHints":{"allow":["GET"]}}],"collection":[{"href":"https:\/\/lospoliticosveracruz.com\/index.php?rest_route=\/wp\/v2\/posts"}],"about":[{"href":"https:\/\/lospoliticosveracruz.com\/index.php?rest_route=\/wp\/v2\/types\/post"}],"author":[{"embeddable":true,"href":"https:\/\/lospoliticosveracruz.com\/index.php?rest_route=\/wp\/v2\/users\/2"}],"replies":[{"embeddable":true,"href":"https:\/\/lospoliticosveracruz.com\/index.php?rest_route=%2Fwp%2Fv2%2Fcomments&post=96797"}],"version-history":[{"count":1,"href":"https:\/\/lospoliticosveracruz.com\/index.php?rest_route=\/wp\/v2\/posts\/96797\/revisions"}],"predecessor-version":[{"id":96801,"href":"https:\/\/lospoliticosveracruz.com\/index.php?rest_route=\/wp\/v2\/posts\/96797\/revisions\/96801"}],"wp:attachment":[{"href":"https:\/\/lospoliticosveracruz.com\/index.php?rest_route=%2Fwp%2Fv2%2Fmedia&parent=96797"}],"wp:term":[{"taxonomy":"category","embeddable":true,"href":"https:\/\/lospoliticosveracruz.com\/index.php?rest_route=%2Fwp%2Fv2%2Fcategories&post=96797"},{"taxonomy":"post_tag","embeddable":true,"href":"https:\/\/lospoliticosveracruz.com\/index.php?rest_route=%2Fwp%2Fv2%2Ftags&post=96797"}],"curies":[{"name":"wp","href":"https:\/\/api.w.org\/{rel}","templated":true}]}}