{"id":96825,"date":"2022-10-14T07:40:31","date_gmt":"2022-10-14T12:40:31","guid":{"rendered":"https:\/\/lospoliticosveracruz.com.mx\/?p=96825"},"modified":"2022-10-14T07:40:38","modified_gmt":"2022-10-14T12:40:38","slug":"la-manifestacion-de-estudiantes-un-aviso","status":"publish","type":"post","link":"https:\/\/lospoliticosveracruz.com\/?p=96825","title":{"rendered":"LA MANIFESTACI\u00d3N DE ESTUDIANTES, UN AVISO"},"content":{"rendered":"\n<p><\/p>\n\n\n\n<p><strong>Bernardo Guti\u00e9rrez Parra<br><\/strong><em>Desde el Caf\u00e9<\/em><\/p>\n\n\n\n<p>A\u00f1os lleva el alumnado de la Universidad Veracruzana denunciando hostigamiento, acoso, agresiones, robos e incluso ataques sexuales y a\u00f1os llevan las autoridades de nuestra m\u00e1xima casa de estudios haciendo como que les habla la virgen.<\/p>\n\n\n\n<p>El pasado lunes estudiantes de la Unidad de Humanidades colocaron un \u201ctendedero\u201d donde dieron a conocer los nombres de varios acosadores entre los que exhibieron a un tal Daniel al que le apodan \u201cEl Colombiano\u201d. A este sujeto no le gust\u00f3 ver su nombre en el tendedero y al quererlo quitar lo encar\u00f3 un alumno al que presuntamente amenaz\u00f3 con una navaja.<\/p>\n\n\n\n<figure class=\"wp-block-image size-full\"><a href=\"https:\/\/lospoliticosveracruz.com.mx\/wp-content\/uploads\/2022\/05\/Seguro-Julio-Cerecedo.jpg\"><img decoding=\"async\" src=\"https:\/\/lospoliticosveracruz.com.mx\/wp-content\/uploads\/2022\/05\/Seguro-Julio-Cerecedo.jpg\" alt=\"\" class=\"wp-image-90414\"\/><\/a><\/figure>\n\n\n\n<p>Por lo que se sabe Daniel, es un estudiante de intercambio proveniente de Colombia que asiste a la Facultad de Antropolog\u00eda, pero en sus ratos libres distribuye droga en la UV, es un acosador e incluso porta pistola y se pasea como Juan por su casa por la Universidad ya que es protegido de algunos maestros.<\/p>\n\n\n\n<p>Si esto es cierto, los se\u00f1alamientos son graves y deben ser investigados a la brevedad. El problema es que el rector Mart\u00edn Aguilar S\u00e1nchez ni pinta ni da color.<\/p>\n\n\n\n<p>La presunta amenaza de Daniel fue el chispazo que encendi\u00f3 la mecha del descontento estudiantil. Los alumnos de Humanidades hicieron un paro en su escuela, paro que fue secundado por estudiantes de la UV-Boca del R\u00edo que cerraron la avenida Juan Pablo II y exigieron el cese de las agresiones contra sus compa\u00f1eros de Xalapa.<\/p>\n\n\n\n<p>En el puerto jarocho, alumnos de Ciencias de la Salud de la UV marcharon por la avenida D\u00edaz Mir\u00f3n, mientras en Xalapa el campus de la Universidad Veracruzana permaneci\u00f3 semivac\u00edo por el paro de alumnos en apoyo a sus compa\u00f1eros de Humanidades.<\/p>\n\n\n\n<p>Y del rector Aguilar S\u00e1nchez ni sus luces.<\/p>\n\n\n\n<p>El martes las autoridades universitarias (sin el rector) hablaron con los estudiantes de Humanidades que aceptaron entregar su escuela, pero advirtieron que continuar\u00edan con un \u201cparo activo\u201d. Nada se dijo sobre las agresiones, acoso u hostigamiento al alumnado.<\/p>\n\n\n\n<p>Lo que s\u00ed hizo la oficina de Comunicaci\u00f3n fue enviar un bolet\u00edn donde dio a conocer el acuerdo alumnos-autoridades y lo remat\u00f3 con un clich\u00e9 que ya tiene sus a\u00f1os: \u201cLa Universidad Veracruzana rechaza la violencia como m\u00e9todo para dirimir conflictos y refrend\u00f3 su disposici\u00f3n al di\u00e1logo para atender las demandas e inquietudes de los estudiantes\u201d.<\/p>\n\n\n\n<p>Ese clich\u00e9 est\u00e1 como el \u201cSufragio efectivo no reelecci\u00f3n\u201d de los documentos oficiales. Pero bueno\u2026<\/p>\n\n\n\n<p>Lo cierto lector es que la UV es una de universidad insegura y sus alumnos est\u00e1n en la indefensi\u00f3n.<\/p>\n\n\n\n<p>Este jueves miles de universitarios realizaron una multitudinaria manifestaci\u00f3n para denunciar que su alma mater ha fallado en detener las agresiones y acoso que sufren.<\/p>\n\n\n\n<p>La manifestaci\u00f3n termin\u00f3 frente al edificio de Rector\u00eda, donde se atrincher\u00f3 Mart\u00edn Aguilar S\u00e1nchez que no quiso dialogar con los estudiantes.<\/p>\n\n\n\n<p>Al t\u00e9rmino de la manifestaci\u00f3n Alicia, una estudiante de la Facultad de Derecho que iba encapuchada me dijo: \u201cEl hartazgo es grande. No es justo que vengamos a la Universidad con miedo a ser asaltadas porque la vigilancia es un mito. No es justo que tengamos que soportar el hostigamiento de maestros y compa\u00f1eros y que nadie haga nada. No es justo que las propias autoridades nos amedrenten cuando queremos plantearles nuestros problemas en lugar de escucharnos. Nada de eso es justo.<\/p>\n\n\n\n<p>\u201cPor ahora venimos en buen plan, pero si nos siguen ignorando las muy indecentes y cabronas nos van a encontrar, \u00a1nos van a encontrar!\u201d<\/p>\n\n\n\n<p>Ah\u00ed est\u00e1 el aviso.<\/p>\n\n\n\n<p>bernardogup@hotmail.com<\/p>\n","protected":false},"excerpt":{"rendered":"<p>Bernardo Guti\u00e9rrez ParraDesde el Caf\u00e9 A\u00f1os lleva el alumnado de la Universidad Veracruzana denunciando hostigamiento, acoso, agresiones, robos e incluso ataques sexuales y a\u00f1os llevan las autoridades de nuestra m\u00e1xima casa de estudios haciendo como que les habla la virgen. El pasado lunes estudiantes de la Unidad de Humanidades colocaron un \u201ctendedero\u201d donde dieron a [&hellip;]<\/p>\n","protected":false},"author":2,"featured_media":0,"comment_status":"closed","ping_status":"closed","sticky":false,"template":"","format":"standard","meta":{"tdm_status":"","tdm_grid_status":"","footnotes":""},"categories":[70],"tags":[34206,20349,29146,21307,505,16956,890,219],"class_list":{"0":"post-96825","1":"post","2":"type-post","3":"status-publish","4":"format-standard","6":"category-de-opinion","7":"tag-bernardo-gutierrez-parra","8":"tag-hostigamiento","9":"tag-martin-aguilar-sanchez-2","10":"tag-rectoria-uv","11":"tag-robos","12":"tag-tendederos","13":"tag-unidad-de-humanidades","14":"tag-universidad-veracruzana"},"yoast_head":"<!-- This site is optimized with the Yoast SEO plugin v27.4 - https:\/\/yoast.com\/product\/yoast-seo-wordpress\/ -->\n<title>LA MANIFESTACI\u00d3N DE ESTUDIANTES, UN AVISO - Los pol\u00edticos Veracruz<\/title>\n<meta name=\"robots\" content=\"index, follow, max-snippet:-1, max-image-preview:large, max-video-preview:-1\" \/>\n<link rel=\"canonical\" href=\"https:\/\/lospoliticosveracruz.com\/?p=96825\" \/>\n<meta property=\"og:locale\" content=\"es_ES\" \/>\n<meta property=\"og:type\" content=\"article\" \/>\n<meta property=\"og:title\" content=\"LA MANIFESTACI\u00d3N DE ESTUDIANTES, UN AVISO - Los pol\u00edticos Veracruz\" \/>\n<meta property=\"og:description\" content=\"Bernardo Guti\u00e9rrez ParraDesde el Caf\u00e9 A\u00f1os lleva el alumnado de la Universidad Veracruzana denunciando hostigamiento, acoso, agresiones, robos e incluso ataques sexuales y a\u00f1os llevan las autoridades de nuestra m\u00e1xima casa de estudios haciendo como que les habla la virgen. El pasado lunes estudiantes de la Unidad de Humanidades colocaron un \u201ctendedero\u201d donde dieron a [&hellip;]\" \/>\n<meta property=\"og:url\" content=\"https:\/\/lospoliticosveracruz.com\/?p=96825\" \/>\n<meta property=\"og:site_name\" content=\"Los pol\u00edticos Veracruz\" \/>\n<meta property=\"article:publisher\" content=\"https:\/\/www.facebook.com\/people\/Notimemes-de-los-Polticos\/61565672886568\/\" \/>\n<meta property=\"article:published_time\" content=\"2022-10-14T12:40:31+00:00\" \/>\n<meta property=\"article:modified_time\" content=\"2022-10-14T12:40:38+00:00\" \/>\n<meta property=\"og:image\" content=\"https:\/\/lospoliticosveracruz.com.mx\/wp-content\/uploads\/2022\/05\/Seguro-Julio-Cerecedo.jpg\" \/>\n<meta name=\"author\" content=\"Lo viste en Los Pol\u00edticos\" \/>\n<meta name=\"twitter:card\" content=\"summary_large_image\" \/>\n<meta name=\"twitter:creator\" content=\"@LosPoliticosVer\" \/>\n<meta name=\"twitter:site\" content=\"@LosPoliticosVer\" \/>\n<meta name=\"twitter:label1\" content=\"Escrito por\" \/>\n\t<meta name=\"twitter:data1\" content=\"Lo viste en Los Pol\u00edticos\" \/>\n\t<meta name=\"twitter:label2\" content=\"Tiempo de lectura\" \/>\n\t<meta name=\"twitter:data2\" content=\"3 minutos\" \/>\n<script type=\"application\/ld+json\" class=\"yoast-schema-graph\">{\"@context\":\"https:\\\/\\\/schema.org\",\"@graph\":[{\"@type\":\"Article\",\"@id\":\"https:\\\/\\\/lospoliticosveracruz.com\\\/?p=96825#article\",\"isPartOf\":{\"@id\":\"https:\\\/\\\/lospoliticosveracruz.com\\\/?p=96825\"},\"author\":{\"name\":\"Lo viste en Los Pol\u00edticos\",\"@id\":\"https:\\\/\\\/lospoliticosveracruz.com\\\/#\\\/schema\\\/person\\\/b8702bb0e538456e6efd07080bf2a4a2\"},\"headline\":\"LA MANIFESTACI\u00d3N DE ESTUDIANTES, UN AVISO\",\"datePublished\":\"2022-10-14T12:40:31+00:00\",\"dateModified\":\"2022-10-14T12:40:38+00:00\",\"mainEntityOfPage\":{\"@id\":\"https:\\\/\\\/lospoliticosveracruz.com\\\/?p=96825\"},\"wordCount\":620,\"publisher\":{\"@id\":\"https:\\\/\\\/lospoliticosveracruz.com\\\/#organization\"},\"image\":{\"@id\":\"https:\\\/\\\/lospoliticosveracruz.com\\\/?p=96825#primaryimage\"},\"thumbnailUrl\":\"https:\\\/\\\/lospoliticosveracruz.com.mx\\\/wp-content\\\/uploads\\\/2022\\\/05\\\/Seguro-Julio-Cerecedo.jpg\",\"keywords\":[\"Bernardo Guti\u00e9rrez Parra\",\"hostigamiento\",\"Mart\u00edn Aguilar S\u00e1nchez\",\"Rector\u00eda UV\",\"robos\",\"tendederos\",\"Unidad de Humanidades\",\"Universidad Veracruzana\"],\"articleSection\":[\"De Opini\u00f3n\"],\"inLanguage\":\"es\"},{\"@type\":\"WebPage\",\"@id\":\"https:\\\/\\\/lospoliticosveracruz.com\\\/?p=96825\",\"url\":\"https:\\\/\\\/lospoliticosveracruz.com\\\/?p=96825\",\"name\":\"LA MANIFESTACI\u00d3N DE ESTUDIANTES, UN AVISO - Los pol\u00edticos Veracruz\",\"isPartOf\":{\"@id\":\"https:\\\/\\\/lospoliticosveracruz.com\\\/#website\"},\"primaryImageOfPage\":{\"@id\":\"https:\\\/\\\/lospoliticosveracruz.com\\\/?p=96825#primaryimage\"},\"image\":{\"@id\":\"https:\\\/\\\/lospoliticosveracruz.com\\\/?p=96825#primaryimage\"},\"thumbnailUrl\":\"https:\\\/\\\/lospoliticosveracruz.com.mx\\\/wp-content\\\/uploads\\\/2022\\\/05\\\/Seguro-Julio-Cerecedo.jpg\",\"datePublished\":\"2022-10-14T12:40:31+00:00\",\"dateModified\":\"2022-10-14T12:40:38+00:00\",\"breadcrumb\":{\"@id\":\"https:\\\/\\\/lospoliticosveracruz.com\\\/?p=96825#breadcrumb\"},\"inLanguage\":\"es\",\"potentialAction\":[{\"@type\":\"ReadAction\",\"target\":[\"https:\\\/\\\/lospoliticosveracruz.com\\\/?p=96825\"]}]},{\"@type\":\"ImageObject\",\"inLanguage\":\"es\",\"@id\":\"https:\\\/\\\/lospoliticosveracruz.com\\\/?p=96825#primaryimage\",\"url\":\"https:\\\/\\\/lospoliticosveracruz.com.mx\\\/wp-content\\\/uploads\\\/2022\\\/05\\\/Seguro-Julio-Cerecedo.jpg\",\"contentUrl\":\"https:\\\/\\\/lospoliticosveracruz.com.mx\\\/wp-content\\\/uploads\\\/2022\\\/05\\\/Seguro-Julio-Cerecedo.jpg\"},{\"@type\":\"BreadcrumbList\",\"@id\":\"https:\\\/\\\/lospoliticosveracruz.com\\\/?p=96825#breadcrumb\",\"itemListElement\":[{\"@type\":\"ListItem\",\"position\":1,\"name\":\"Portada\",\"item\":\"https:\\\/\\\/lospoliticosveracruz.com\\\/\"},{\"@type\":\"ListItem\",\"position\":2,\"name\":\"LA MANIFESTACI\u00d3N DE ESTUDIANTES, UN AVISO\"}]},{\"@type\":\"WebSite\",\"@id\":\"https:\\\/\\\/lospoliticosveracruz.com\\\/#website\",\"url\":\"https:\\\/\\\/lospoliticosveracruz.com\\\/\",\"name\":\"Los pol\u00edticos Veracruz\",\"description\":\"\",\"publisher\":{\"@id\":\"https:\\\/\\\/lospoliticosveracruz.com\\\/#organization\"},\"potentialAction\":[{\"@type\":\"SearchAction\",\"target\":{\"@type\":\"EntryPoint\",\"urlTemplate\":\"https:\\\/\\\/lospoliticosveracruz.com\\\/?s={search_term_string}\"},\"query-input\":{\"@type\":\"PropertyValueSpecification\",\"valueRequired\":true,\"valueName\":\"search_term_string\"}}],\"inLanguage\":\"es\"},{\"@type\":\"Organization\",\"@id\":\"https:\\\/\\\/lospoliticosveracruz.com\\\/#organization\",\"name\":\"Los pol\u00edticos Veracruz\",\"url\":\"https:\\\/\\\/lospoliticosveracruz.com\\\/\",\"logo\":{\"@type\":\"ImageObject\",\"inLanguage\":\"es\",\"@id\":\"https:\\\/\\\/lospoliticosveracruz.com\\\/#\\\/schema\\\/logo\\\/image\\\/\",\"url\":\"https:\\\/\\\/lospoliticosveracruz.com\\\/wp-content\\\/uploads\\\/2025\\\/12\\\/Logo-Nuevo-LOS-POLITICOS-1.jpg\",\"contentUrl\":\"https:\\\/\\\/lospoliticosveracruz.com\\\/wp-content\\\/uploads\\\/2025\\\/12\\\/Logo-Nuevo-LOS-POLITICOS-1.jpg\",\"width\":260,\"height\":70,\"caption\":\"Los pol\u00edticos Veracruz\"},\"image\":{\"@id\":\"https:\\\/\\\/lospoliticosveracruz.com\\\/#\\\/schema\\\/logo\\\/image\\\/\"},\"sameAs\":[\"https:\\\/\\\/www.facebook.com\\\/people\\\/Notimemes-de-los-Polticos\\\/61565672886568\\\/\",\"https:\\\/\\\/x.com\\\/LosPoliticosVer\"]},{\"@type\":\"Person\",\"@id\":\"https:\\\/\\\/lospoliticosveracruz.com\\\/#\\\/schema\\\/person\\\/b8702bb0e538456e6efd07080bf2a4a2\",\"name\":\"Lo viste en Los Pol\u00edticos\",\"image\":{\"@type\":\"ImageObject\",\"inLanguage\":\"es\",\"@id\":\"https:\\\/\\\/secure.gravatar.com\\\/avatar\\\/3a8de04a2656d44082be478bd6c086daa447c4651605818287b9532d3d0bd435?s=96&d=mm&r=g\",\"url\":\"https:\\\/\\\/secure.gravatar.com\\\/avatar\\\/3a8de04a2656d44082be478bd6c086daa447c4651605818287b9532d3d0bd435?s=96&d=mm&r=g\",\"contentUrl\":\"https:\\\/\\\/secure.gravatar.com\\\/avatar\\\/3a8de04a2656d44082be478bd6c086daa447c4651605818287b9532d3d0bd435?s=96&d=mm&r=g\",\"caption\":\"Lo viste en Los Pol\u00edticos\"},\"url\":\"https:\\\/\\\/lospoliticosveracruz.com\\\/?author=2\"}]}<\/script>\n<!-- \/ Yoast SEO plugin. -->","yoast_head_json":{"title":"LA MANIFESTACI\u00d3N DE ESTUDIANTES, UN AVISO - Los pol\u00edticos Veracruz","robots":{"index":"index","follow":"follow","max-snippet":"max-snippet:-1","max-image-preview":"max-image-preview:large","max-video-preview":"max-video-preview:-1"},"canonical":"https:\/\/lospoliticosveracruz.com\/?p=96825","og_locale":"es_ES","og_type":"article","og_title":"LA MANIFESTACI\u00d3N DE ESTUDIANTES, UN AVISO - Los pol\u00edticos Veracruz","og_description":"Bernardo Guti\u00e9rrez ParraDesde el Caf\u00e9 A\u00f1os lleva el alumnado de la Universidad Veracruzana denunciando hostigamiento, acoso, agresiones, robos e incluso ataques sexuales y a\u00f1os llevan las autoridades de nuestra m\u00e1xima casa de estudios haciendo como que les habla la virgen. El pasado lunes estudiantes de la Unidad de Humanidades colocaron un \u201ctendedero\u201d donde dieron a [&hellip;]","og_url":"https:\/\/lospoliticosveracruz.com\/?p=96825","og_site_name":"Los pol\u00edticos Veracruz","article_publisher":"https:\/\/www.facebook.com\/people\/Notimemes-de-los-Polticos\/61565672886568\/","article_published_time":"2022-10-14T12:40:31+00:00","article_modified_time":"2022-10-14T12:40:38+00:00","og_image":[{"url":"https:\/\/lospoliticosveracruz.com.mx\/wp-content\/uploads\/2022\/05\/Seguro-Julio-Cerecedo.jpg","type":"","width":"","height":""}],"author":"Lo viste en Los Pol\u00edticos","twitter_card":"summary_large_image","twitter_creator":"@LosPoliticosVer","twitter_site":"@LosPoliticosVer","twitter_misc":{"Escrito por":"Lo viste en Los Pol\u00edticos","Tiempo de lectura":"3 minutos"},"schema":{"@context":"https:\/\/schema.org","@graph":[{"@type":"Article","@id":"https:\/\/lospoliticosveracruz.com\/?p=96825#article","isPartOf":{"@id":"https:\/\/lospoliticosveracruz.com\/?p=96825"},"author":{"name":"Lo viste en Los Pol\u00edticos","@id":"https:\/\/lospoliticosveracruz.com\/#\/schema\/person\/b8702bb0e538456e6efd07080bf2a4a2"},"headline":"LA MANIFESTACI\u00d3N DE ESTUDIANTES, UN AVISO","datePublished":"2022-10-14T12:40:31+00:00","dateModified":"2022-10-14T12:40:38+00:00","mainEntityOfPage":{"@id":"https:\/\/lospoliticosveracruz.com\/?p=96825"},"wordCount":620,"publisher":{"@id":"https:\/\/lospoliticosveracruz.com\/#organization"},"image":{"@id":"https:\/\/lospoliticosveracruz.com\/?p=96825#primaryimage"},"thumbnailUrl":"https:\/\/lospoliticosveracruz.com.mx\/wp-content\/uploads\/2022\/05\/Seguro-Julio-Cerecedo.jpg","keywords":["Bernardo Guti\u00e9rrez Parra","hostigamiento","Mart\u00edn Aguilar S\u00e1nchez","Rector\u00eda UV","robos","tendederos","Unidad de Humanidades","Universidad Veracruzana"],"articleSection":["De Opini\u00f3n"],"inLanguage":"es"},{"@type":"WebPage","@id":"https:\/\/lospoliticosveracruz.com\/?p=96825","url":"https:\/\/lospoliticosveracruz.com\/?p=96825","name":"LA MANIFESTACI\u00d3N DE ESTUDIANTES, UN AVISO - Los pol\u00edticos Veracruz","isPartOf":{"@id":"https:\/\/lospoliticosveracruz.com\/#website"},"primaryImageOfPage":{"@id":"https:\/\/lospoliticosveracruz.com\/?p=96825#primaryimage"},"image":{"@id":"https:\/\/lospoliticosveracruz.com\/?p=96825#primaryimage"},"thumbnailUrl":"https:\/\/lospoliticosveracruz.com.mx\/wp-content\/uploads\/2022\/05\/Seguro-Julio-Cerecedo.jpg","datePublished":"2022-10-14T12:40:31+00:00","dateModified":"2022-10-14T12:40:38+00:00","breadcrumb":{"@id":"https:\/\/lospoliticosveracruz.com\/?p=96825#breadcrumb"},"inLanguage":"es","potentialAction":[{"@type":"ReadAction","target":["https:\/\/lospoliticosveracruz.com\/?p=96825"]}]},{"@type":"ImageObject","inLanguage":"es","@id":"https:\/\/lospoliticosveracruz.com\/?p=96825#primaryimage","url":"https:\/\/lospoliticosveracruz.com.mx\/wp-content\/uploads\/2022\/05\/Seguro-Julio-Cerecedo.jpg","contentUrl":"https:\/\/lospoliticosveracruz.com.mx\/wp-content\/uploads\/2022\/05\/Seguro-Julio-Cerecedo.jpg"},{"@type":"BreadcrumbList","@id":"https:\/\/lospoliticosveracruz.com\/?p=96825#breadcrumb","itemListElement":[{"@type":"ListItem","position":1,"name":"Portada","item":"https:\/\/lospoliticosveracruz.com\/"},{"@type":"ListItem","position":2,"name":"LA MANIFESTACI\u00d3N DE ESTUDIANTES, UN AVISO"}]},{"@type":"WebSite","@id":"https:\/\/lospoliticosveracruz.com\/#website","url":"https:\/\/lospoliticosveracruz.com\/","name":"Los pol\u00edticos Veracruz","description":"","publisher":{"@id":"https:\/\/lospoliticosveracruz.com\/#organization"},"potentialAction":[{"@type":"SearchAction","target":{"@type":"EntryPoint","urlTemplate":"https:\/\/lospoliticosveracruz.com\/?s={search_term_string}"},"query-input":{"@type":"PropertyValueSpecification","valueRequired":true,"valueName":"search_term_string"}}],"inLanguage":"es"},{"@type":"Organization","@id":"https:\/\/lospoliticosveracruz.com\/#organization","name":"Los pol\u00edticos Veracruz","url":"https:\/\/lospoliticosveracruz.com\/","logo":{"@type":"ImageObject","inLanguage":"es","@id":"https:\/\/lospoliticosveracruz.com\/#\/schema\/logo\/image\/","url":"https:\/\/lospoliticosveracruz.com\/wp-content\/uploads\/2025\/12\/Logo-Nuevo-LOS-POLITICOS-1.jpg","contentUrl":"https:\/\/lospoliticosveracruz.com\/wp-content\/uploads\/2025\/12\/Logo-Nuevo-LOS-POLITICOS-1.jpg","width":260,"height":70,"caption":"Los pol\u00edticos Veracruz"},"image":{"@id":"https:\/\/lospoliticosveracruz.com\/#\/schema\/logo\/image\/"},"sameAs":["https:\/\/www.facebook.com\/people\/Notimemes-de-los-Polticos\/61565672886568\/","https:\/\/x.com\/LosPoliticosVer"]},{"@type":"Person","@id":"https:\/\/lospoliticosveracruz.com\/#\/schema\/person\/b8702bb0e538456e6efd07080bf2a4a2","name":"Lo viste en Los Pol\u00edticos","image":{"@type":"ImageObject","inLanguage":"es","@id":"https:\/\/secure.gravatar.com\/avatar\/3a8de04a2656d44082be478bd6c086daa447c4651605818287b9532d3d0bd435?s=96&d=mm&r=g","url":"https:\/\/secure.gravatar.com\/avatar\/3a8de04a2656d44082be478bd6c086daa447c4651605818287b9532d3d0bd435?s=96&d=mm&r=g","contentUrl":"https:\/\/secure.gravatar.com\/avatar\/3a8de04a2656d44082be478bd6c086daa447c4651605818287b9532d3d0bd435?s=96&d=mm&r=g","caption":"Lo viste en Los Pol\u00edticos"},"url":"https:\/\/lospoliticosveracruz.com\/?author=2"}]}},"_links":{"self":[{"href":"https:\/\/lospoliticosveracruz.com\/index.php?rest_route=\/wp\/v2\/posts\/96825","targetHints":{"allow":["GET"]}}],"collection":[{"href":"https:\/\/lospoliticosveracruz.com\/index.php?rest_route=\/wp\/v2\/posts"}],"about":[{"href":"https:\/\/lospoliticosveracruz.com\/index.php?rest_route=\/wp\/v2\/types\/post"}],"author":[{"embeddable":true,"href":"https:\/\/lospoliticosveracruz.com\/index.php?rest_route=\/wp\/v2\/users\/2"}],"replies":[{"embeddable":true,"href":"https:\/\/lospoliticosveracruz.com\/index.php?rest_route=%2Fwp%2Fv2%2Fcomments&post=96825"}],"version-history":[{"count":1,"href":"https:\/\/lospoliticosveracruz.com\/index.php?rest_route=\/wp\/v2\/posts\/96825\/revisions"}],"predecessor-version":[{"id":96827,"href":"https:\/\/lospoliticosveracruz.com\/index.php?rest_route=\/wp\/v2\/posts\/96825\/revisions\/96827"}],"wp:attachment":[{"href":"https:\/\/lospoliticosveracruz.com\/index.php?rest_route=%2Fwp%2Fv2%2Fmedia&parent=96825"}],"wp:term":[{"taxonomy":"category","embeddable":true,"href":"https:\/\/lospoliticosveracruz.com\/index.php?rest_route=%2Fwp%2Fv2%2Fcategories&post=96825"},{"taxonomy":"post_tag","embeddable":true,"href":"https:\/\/lospoliticosveracruz.com\/index.php?rest_route=%2Fwp%2Fv2%2Ftags&post=96825"}],"curies":[{"name":"wp","href":"https:\/\/api.w.org\/{rel}","templated":true}]}}