{"id":96880,"date":"2022-10-14T20:26:20","date_gmt":"2022-10-15T01:26:20","guid":{"rendered":"https:\/\/lospoliticosveracruz.com.mx\/?p=96880"},"modified":"2022-10-14T20:26:24","modified_gmt":"2022-10-15T01:26:24","slug":"ahorros-en-peligro","status":"publish","type":"post","link":"https:\/\/lospoliticosveracruz.com\/?p=96880","title":{"rendered":"\u00bfAHORROS EN PELIGRO?"},"content":{"rendered":"\n<p><\/p>\n\n\n\n<p><br><strong>Brenda Caballero<\/strong><br><em>N\u00fameros Rojos<\/em><\/p>\n\n\n\n<p>\u00bfEs verdad que me quitar\u00e1n mis ahorros del banco? \u00bfQu\u00e9 pasar\u00e1 con mi dinero si se queda en mi cuenta unos meses y no tengo movimientos?<br>Muchas dudas, incertidumbre y hasta espanto, ha causado la aprobaci\u00f3n de los legisladores en d\u00edas pasados a la reforma al art\u00edculo 61 de la Ley de Instituciones de Cr\u00e9dito que pretende que los recursos (ahorros e intereses generados) abandonados en las instituciones bancarias, sean destinados a la seguridad p\u00fablica del pa\u00eds.<\/p>\n\n\n\n<figure class=\"wp-block-embed is-type-video is-provider-youtube wp-block-embed-youtube wp-embed-aspect-16-9 wp-has-aspect-ratio\"><div class=\"wp-block-embed__wrapper\">\n<iframe loading=\"lazy\" title=\"Cluster Coworking\" width=\"696\" height=\"392\" src=\"https:\/\/www.youtube.com\/embed\/Nxe-vxf8GuY?feature=oembed\" frameborder=\"0\" allow=\"accelerometer; autoplay; clipboard-write; encrypted-media; gyroscope; picture-in-picture; web-share\" referrerpolicy=\"strict-origin-when-cross-origin\" allowfullscreen><\/iframe>\n<\/div><\/figure>\n\n\n\n<p><br>En primer lugar, el desconocimiento y hasta escuchar la informaci\u00f3n como tel\u00e9fono descompuesto ha hecho pensar a m\u00e1s de un ciudadano que si tiene dinero ahorrado en el banco y no lo mueve durante un a\u00f1o, el gobierno se lo confiscar\u00e1. \u00a1Error! \u00a1Si de lo que se trata es de ahorrar para disminuir la inflaci\u00f3n en la que estamos!<br>Ahora bien, la reforma no va contra los recursos de usuarios financieros, es decir de los ahorradores o inversionistas que pueden ir al banco en cualquier momento y reclamar su dinero, sino de aquellos recursos que nadie ha reclamado durante 6 a\u00f1os, tiempo que marca la Ley para su prescripci\u00f3n y que por la misma raz\u00f3n no afecta las garant\u00edas constitucionales de los ciudadanos.<br>Aplica tambi\u00e9n para aquellos pesitos de saldo que se quedaron en alguna cuenta de ahorro, que el titular no ha usado por desidia en a\u00f1os o porque falleci\u00f3 el titular de la misma.<br>Entonces \u00bfpuede afectarle la reforma a sus ahorros? La respuesta ser\u00eda no, mientras viva; pero si usted muere y no designa beneficiarios, o \u00e9stos desconocen sus recursos guardados en instituciones bancarias, entonces s\u00ed, porque no habr\u00eda reclamaci\u00f3n del dinero.<br>El espanto en la poblaci\u00f3n hizo que hasta algunos legisladores salieran a decir que esta medida no afectaba a la sociedad en general, sino que estaba tambi\u00e9n enfocada en cuentas de procedencia il\u00edcita \u00a1Error tambi\u00e9n!<br>S\u00ed afecta a la sociedad, aunque dependiendo el supuesto. Por ejemplo, una familia tiene una cuenta de ahorro, pero tiene un accidente automovil\u00edstico y mueren todos sus integrantes. O una persona decide migrar a Estados Unidos, vende sus propiedades para pagar el viaje, le sobra dinero, abre una cuenta bancaria pero muere en el camino o estando del otro lado. \u00a1Claro! son ejemplos fatales, pero nadie est\u00e1 exento de ellos. Aunque tambi\u00e9n pudiera darse el caso de alguien que decide ahorrar cierta cantidad de dinero para que est\u00e9 seguro y no tocarlo en m\u00e1s de seis a\u00f1os.<br>Pero d\u00e9jeme comentarle que anterior a esta reforma, esos saldos y recursos no reclamados por a\u00f1os se iban a una llamada cuenta global que maneja cada banco; lo empezaron a hacer desde 1990 para concentrar los peque\u00f1os saldos y que no sean absorbidos por las comisiones bancarias y de esta forma conservar su poder adquisitivo.<br>La diferencia es que anteriormente parte de los recursos de esas cuentas globales se designaban para la beneficencia p\u00fablica, importe que reportaban los bancos quince d\u00edas despu\u00e9s del 31 de diciembre. Esos recursos se canalizaban para atender la salud de las personas que viven en pobreza extrema, se restaban de la cuenta global y el resto se segu\u00eda conservando y volviendo a sumar los recursos abandonados mensualmente.<br>Ahora, de acuerdo a la reforma, se seguir\u00e1 dando una parte a la beneficencia, pero el resto prescribir\u00e1 en favor de la seguridad p\u00fablica, para combatir la delincuencia. Ser\u00e1 el Sistema Nacional de Seguridad P\u00fablica quien determine la distribuci\u00f3n de los Recursos en los porcentajes siguientes: 50 por ciento a la Federaci\u00f3n, 30 por ciento a los estados y 20 por ciento a los municipios.<br>La propuesta de Morena fue avalada por 483 votos a favor, 0 en contra y una abstenci\u00f3n. \u00bfPor qu\u00e9? Por una raz\u00f3n muy poderosa: La Comisi\u00f3n Nacional Bancaria y de Valores registr\u00f3 una cuenta global con saldo de 21 mil millones de pesos al mes de agosto de 2022, pero va creciendo alrededor de 200 millones mensualmente. \u00a1Le pegaron al gordo de la Loter\u00eda Bancaria!<\/p>\n\n\n\n<p>Twiter: @NumerosRojos_BC<br>caballero_brenda@hotmail.com<\/p>\n","protected":false},"excerpt":{"rendered":"<p>Brenda CaballeroN\u00fameros Rojos \u00bfEs verdad que me quitar\u00e1n mis ahorros del banco? \u00bfQu\u00e9 pasar\u00e1 con mi dinero si se queda en mi cuenta unos meses y no tengo movimientos?Muchas dudas, incertidumbre y hasta espanto, ha causado la aprobaci\u00f3n de los legisladores en d\u00edas pasados a la reforma al art\u00edculo 61 de la Ley de Instituciones [&hellip;]<\/p>\n","protected":false},"author":2,"featured_media":0,"comment_status":"closed","ping_status":"closed","sticky":false,"template":"","format":"standard","meta":{"tdm_status":"","tdm_grid_status":"","footnotes":""},"categories":[70],"tags":[2687,35700],"class_list":{"0":"post-96880","1":"post","2":"type-post","3":"status-publish","4":"format-standard","6":"category-de-opinion","7":"tag-brenda-caballero","8":"tag-la-comision-nacional-bancaria"},"yoast_head":"<!-- This site is optimized with the Yoast SEO plugin v27.4 - https:\/\/yoast.com\/product\/yoast-seo-wordpress\/ -->\n<title>\u00bfAHORROS EN PELIGRO? - Los pol\u00edticos Veracruz<\/title>\n<meta name=\"robots\" content=\"index, follow, max-snippet:-1, max-image-preview:large, max-video-preview:-1\" \/>\n<link rel=\"canonical\" href=\"https:\/\/lospoliticosveracruz.com\/?p=96880\" \/>\n<meta property=\"og:locale\" content=\"es_ES\" \/>\n<meta property=\"og:type\" content=\"article\" \/>\n<meta property=\"og:title\" content=\"\u00bfAHORROS EN PELIGRO? - Los pol\u00edticos Veracruz\" \/>\n<meta property=\"og:description\" content=\"Brenda CaballeroN\u00fameros Rojos \u00bfEs verdad que me quitar\u00e1n mis ahorros del banco? \u00bfQu\u00e9 pasar\u00e1 con mi dinero si se queda en mi cuenta unos meses y no tengo movimientos?Muchas dudas, incertidumbre y hasta espanto, ha causado la aprobaci\u00f3n de los legisladores en d\u00edas pasados a la reforma al art\u00edculo 61 de la Ley de Instituciones [&hellip;]\" \/>\n<meta property=\"og:url\" content=\"https:\/\/lospoliticosveracruz.com\/?p=96880\" \/>\n<meta property=\"og:site_name\" content=\"Los pol\u00edticos Veracruz\" \/>\n<meta property=\"article:publisher\" content=\"https:\/\/www.facebook.com\/people\/Notimemes-de-los-Polticos\/61565672886568\/\" \/>\n<meta property=\"article:published_time\" content=\"2022-10-15T01:26:20+00:00\" \/>\n<meta property=\"article:modified_time\" content=\"2022-10-15T01:26:24+00:00\" \/>\n<meta property=\"og:image\" content=\"https:\/\/lospoliticosveracruz.com\/wp-content\/uploads\/2016\/07\/Logo-Dor.jpg\" \/>\n\t<meta property=\"og:image:width\" content=\"200\" \/>\n\t<meta property=\"og:image:height\" content=\"200\" \/>\n\t<meta property=\"og:image:type\" content=\"image\/jpeg\" \/>\n<meta name=\"author\" content=\"Lo viste en Los Pol\u00edticos\" \/>\n<meta name=\"twitter:card\" content=\"summary_large_image\" \/>\n<meta name=\"twitter:creator\" content=\"@LosPoliticosVer\" \/>\n<meta name=\"twitter:site\" content=\"@LosPoliticosVer\" \/>\n<meta name=\"twitter:label1\" content=\"Escrito por\" \/>\n\t<meta name=\"twitter:data1\" content=\"Lo viste en Los Pol\u00edticos\" \/>\n\t<meta name=\"twitter:label2\" content=\"Tiempo de lectura\" \/>\n\t<meta name=\"twitter:data2\" content=\"4 minutos\" \/>\n<script type=\"application\/ld+json\" class=\"yoast-schema-graph\">{\"@context\":\"https:\\\/\\\/schema.org\",\"@graph\":[{\"@type\":\"Article\",\"@id\":\"https:\\\/\\\/lospoliticosveracruz.com\\\/?p=96880#article\",\"isPartOf\":{\"@id\":\"https:\\\/\\\/lospoliticosveracruz.com\\\/?p=96880\"},\"author\":{\"name\":\"Lo viste en Los Pol\u00edticos\",\"@id\":\"https:\\\/\\\/lospoliticosveracruz.com\\\/#\\\/schema\\\/person\\\/b8702bb0e538456e6efd07080bf2a4a2\"},\"headline\":\"\u00bfAHORROS EN PELIGRO?\",\"datePublished\":\"2022-10-15T01:26:20+00:00\",\"dateModified\":\"2022-10-15T01:26:24+00:00\",\"mainEntityOfPage\":{\"@id\":\"https:\\\/\\\/lospoliticosveracruz.com\\\/?p=96880\"},\"wordCount\":707,\"publisher\":{\"@id\":\"https:\\\/\\\/lospoliticosveracruz.com\\\/#organization\"},\"keywords\":[\"Brenda Caballero\",\"La Comisi\u00f3n Nacional Bancaria\"],\"articleSection\":[\"De Opini\u00f3n\"],\"inLanguage\":\"es\"},{\"@type\":\"WebPage\",\"@id\":\"https:\\\/\\\/lospoliticosveracruz.com\\\/?p=96880\",\"url\":\"https:\\\/\\\/lospoliticosveracruz.com\\\/?p=96880\",\"name\":\"\u00bfAHORROS EN PELIGRO? - Los pol\u00edticos Veracruz\",\"isPartOf\":{\"@id\":\"https:\\\/\\\/lospoliticosveracruz.com\\\/#website\"},\"datePublished\":\"2022-10-15T01:26:20+00:00\",\"dateModified\":\"2022-10-15T01:26:24+00:00\",\"breadcrumb\":{\"@id\":\"https:\\\/\\\/lospoliticosveracruz.com\\\/?p=96880#breadcrumb\"},\"inLanguage\":\"es\",\"potentialAction\":[{\"@type\":\"ReadAction\",\"target\":[\"https:\\\/\\\/lospoliticosveracruz.com\\\/?p=96880\"]}]},{\"@type\":\"BreadcrumbList\",\"@id\":\"https:\\\/\\\/lospoliticosveracruz.com\\\/?p=96880#breadcrumb\",\"itemListElement\":[{\"@type\":\"ListItem\",\"position\":1,\"name\":\"Portada\",\"item\":\"https:\\\/\\\/lospoliticosveracruz.com\\\/\"},{\"@type\":\"ListItem\",\"position\":2,\"name\":\"\u00bfAHORROS EN PELIGRO?\"}]},{\"@type\":\"WebSite\",\"@id\":\"https:\\\/\\\/lospoliticosveracruz.com\\\/#website\",\"url\":\"https:\\\/\\\/lospoliticosveracruz.com\\\/\",\"name\":\"Los pol\u00edticos Veracruz\",\"description\":\"\",\"publisher\":{\"@id\":\"https:\\\/\\\/lospoliticosveracruz.com\\\/#organization\"},\"potentialAction\":[{\"@type\":\"SearchAction\",\"target\":{\"@type\":\"EntryPoint\",\"urlTemplate\":\"https:\\\/\\\/lospoliticosveracruz.com\\\/?s={search_term_string}\"},\"query-input\":{\"@type\":\"PropertyValueSpecification\",\"valueRequired\":true,\"valueName\":\"search_term_string\"}}],\"inLanguage\":\"es\"},{\"@type\":\"Organization\",\"@id\":\"https:\\\/\\\/lospoliticosveracruz.com\\\/#organization\",\"name\":\"Los pol\u00edticos Veracruz\",\"url\":\"https:\\\/\\\/lospoliticosveracruz.com\\\/\",\"logo\":{\"@type\":\"ImageObject\",\"inLanguage\":\"es\",\"@id\":\"https:\\\/\\\/lospoliticosveracruz.com\\\/#\\\/schema\\\/logo\\\/image\\\/\",\"url\":\"https:\\\/\\\/lospoliticosveracruz.com\\\/wp-content\\\/uploads\\\/2025\\\/12\\\/Logo-Nuevo-LOS-POLITICOS-1.jpg\",\"contentUrl\":\"https:\\\/\\\/lospoliticosveracruz.com\\\/wp-content\\\/uploads\\\/2025\\\/12\\\/Logo-Nuevo-LOS-POLITICOS-1.jpg\",\"width\":260,\"height\":70,\"caption\":\"Los pol\u00edticos Veracruz\"},\"image\":{\"@id\":\"https:\\\/\\\/lospoliticosveracruz.com\\\/#\\\/schema\\\/logo\\\/image\\\/\"},\"sameAs\":[\"https:\\\/\\\/www.facebook.com\\\/people\\\/Notimemes-de-los-Polticos\\\/61565672886568\\\/\",\"https:\\\/\\\/x.com\\\/LosPoliticosVer\"]},{\"@type\":\"Person\",\"@id\":\"https:\\\/\\\/lospoliticosveracruz.com\\\/#\\\/schema\\\/person\\\/b8702bb0e538456e6efd07080bf2a4a2\",\"name\":\"Lo viste en Los Pol\u00edticos\",\"image\":{\"@type\":\"ImageObject\",\"inLanguage\":\"es\",\"@id\":\"https:\\\/\\\/secure.gravatar.com\\\/avatar\\\/3a8de04a2656d44082be478bd6c086daa447c4651605818287b9532d3d0bd435?s=96&d=mm&r=g\",\"url\":\"https:\\\/\\\/secure.gravatar.com\\\/avatar\\\/3a8de04a2656d44082be478bd6c086daa447c4651605818287b9532d3d0bd435?s=96&d=mm&r=g\",\"contentUrl\":\"https:\\\/\\\/secure.gravatar.com\\\/avatar\\\/3a8de04a2656d44082be478bd6c086daa447c4651605818287b9532d3d0bd435?s=96&d=mm&r=g\",\"caption\":\"Lo viste en Los Pol\u00edticos\"},\"url\":\"https:\\\/\\\/lospoliticosveracruz.com\\\/?author=2\"}]}<\/script>\n<!-- \/ Yoast SEO plugin. -->","yoast_head_json":{"title":"\u00bfAHORROS EN PELIGRO? - Los pol\u00edticos Veracruz","robots":{"index":"index","follow":"follow","max-snippet":"max-snippet:-1","max-image-preview":"max-image-preview:large","max-video-preview":"max-video-preview:-1"},"canonical":"https:\/\/lospoliticosveracruz.com\/?p=96880","og_locale":"es_ES","og_type":"article","og_title":"\u00bfAHORROS EN PELIGRO? - Los pol\u00edticos Veracruz","og_description":"Brenda CaballeroN\u00fameros Rojos \u00bfEs verdad que me quitar\u00e1n mis ahorros del banco? \u00bfQu\u00e9 pasar\u00e1 con mi dinero si se queda en mi cuenta unos meses y no tengo movimientos?Muchas dudas, incertidumbre y hasta espanto, ha causado la aprobaci\u00f3n de los legisladores en d\u00edas pasados a la reforma al art\u00edculo 61 de la Ley de Instituciones [&hellip;]","og_url":"https:\/\/lospoliticosveracruz.com\/?p=96880","og_site_name":"Los pol\u00edticos Veracruz","article_publisher":"https:\/\/www.facebook.com\/people\/Notimemes-de-los-Polticos\/61565672886568\/","article_published_time":"2022-10-15T01:26:20+00:00","article_modified_time":"2022-10-15T01:26:24+00:00","og_image":[{"width":200,"height":200,"url":"https:\/\/lospoliticosveracruz.com\/wp-content\/uploads\/2016\/07\/Logo-Dor.jpg","type":"image\/jpeg"}],"author":"Lo viste en Los Pol\u00edticos","twitter_card":"summary_large_image","twitter_creator":"@LosPoliticosVer","twitter_site":"@LosPoliticosVer","twitter_misc":{"Escrito por":"Lo viste en Los Pol\u00edticos","Tiempo de lectura":"4 minutos"},"schema":{"@context":"https:\/\/schema.org","@graph":[{"@type":"Article","@id":"https:\/\/lospoliticosveracruz.com\/?p=96880#article","isPartOf":{"@id":"https:\/\/lospoliticosveracruz.com\/?p=96880"},"author":{"name":"Lo viste en Los Pol\u00edticos","@id":"https:\/\/lospoliticosveracruz.com\/#\/schema\/person\/b8702bb0e538456e6efd07080bf2a4a2"},"headline":"\u00bfAHORROS EN PELIGRO?","datePublished":"2022-10-15T01:26:20+00:00","dateModified":"2022-10-15T01:26:24+00:00","mainEntityOfPage":{"@id":"https:\/\/lospoliticosveracruz.com\/?p=96880"},"wordCount":707,"publisher":{"@id":"https:\/\/lospoliticosveracruz.com\/#organization"},"keywords":["Brenda Caballero","La Comisi\u00f3n Nacional Bancaria"],"articleSection":["De Opini\u00f3n"],"inLanguage":"es"},{"@type":"WebPage","@id":"https:\/\/lospoliticosveracruz.com\/?p=96880","url":"https:\/\/lospoliticosveracruz.com\/?p=96880","name":"\u00bfAHORROS EN PELIGRO? - Los pol\u00edticos Veracruz","isPartOf":{"@id":"https:\/\/lospoliticosveracruz.com\/#website"},"datePublished":"2022-10-15T01:26:20+00:00","dateModified":"2022-10-15T01:26:24+00:00","breadcrumb":{"@id":"https:\/\/lospoliticosveracruz.com\/?p=96880#breadcrumb"},"inLanguage":"es","potentialAction":[{"@type":"ReadAction","target":["https:\/\/lospoliticosveracruz.com\/?p=96880"]}]},{"@type":"BreadcrumbList","@id":"https:\/\/lospoliticosveracruz.com\/?p=96880#breadcrumb","itemListElement":[{"@type":"ListItem","position":1,"name":"Portada","item":"https:\/\/lospoliticosveracruz.com\/"},{"@type":"ListItem","position":2,"name":"\u00bfAHORROS EN PELIGRO?"}]},{"@type":"WebSite","@id":"https:\/\/lospoliticosveracruz.com\/#website","url":"https:\/\/lospoliticosveracruz.com\/","name":"Los pol\u00edticos Veracruz","description":"","publisher":{"@id":"https:\/\/lospoliticosveracruz.com\/#organization"},"potentialAction":[{"@type":"SearchAction","target":{"@type":"EntryPoint","urlTemplate":"https:\/\/lospoliticosveracruz.com\/?s={search_term_string}"},"query-input":{"@type":"PropertyValueSpecification","valueRequired":true,"valueName":"search_term_string"}}],"inLanguage":"es"},{"@type":"Organization","@id":"https:\/\/lospoliticosveracruz.com\/#organization","name":"Los pol\u00edticos Veracruz","url":"https:\/\/lospoliticosveracruz.com\/","logo":{"@type":"ImageObject","inLanguage":"es","@id":"https:\/\/lospoliticosveracruz.com\/#\/schema\/logo\/image\/","url":"https:\/\/lospoliticosveracruz.com\/wp-content\/uploads\/2025\/12\/Logo-Nuevo-LOS-POLITICOS-1.jpg","contentUrl":"https:\/\/lospoliticosveracruz.com\/wp-content\/uploads\/2025\/12\/Logo-Nuevo-LOS-POLITICOS-1.jpg","width":260,"height":70,"caption":"Los pol\u00edticos Veracruz"},"image":{"@id":"https:\/\/lospoliticosveracruz.com\/#\/schema\/logo\/image\/"},"sameAs":["https:\/\/www.facebook.com\/people\/Notimemes-de-los-Polticos\/61565672886568\/","https:\/\/x.com\/LosPoliticosVer"]},{"@type":"Person","@id":"https:\/\/lospoliticosveracruz.com\/#\/schema\/person\/b8702bb0e538456e6efd07080bf2a4a2","name":"Lo viste en Los Pol\u00edticos","image":{"@type":"ImageObject","inLanguage":"es","@id":"https:\/\/secure.gravatar.com\/avatar\/3a8de04a2656d44082be478bd6c086daa447c4651605818287b9532d3d0bd435?s=96&d=mm&r=g","url":"https:\/\/secure.gravatar.com\/avatar\/3a8de04a2656d44082be478bd6c086daa447c4651605818287b9532d3d0bd435?s=96&d=mm&r=g","contentUrl":"https:\/\/secure.gravatar.com\/avatar\/3a8de04a2656d44082be478bd6c086daa447c4651605818287b9532d3d0bd435?s=96&d=mm&r=g","caption":"Lo viste en Los Pol\u00edticos"},"url":"https:\/\/lospoliticosveracruz.com\/?author=2"}]}},"_links":{"self":[{"href":"https:\/\/lospoliticosveracruz.com\/index.php?rest_route=\/wp\/v2\/posts\/96880","targetHints":{"allow":["GET"]}}],"collection":[{"href":"https:\/\/lospoliticosveracruz.com\/index.php?rest_route=\/wp\/v2\/posts"}],"about":[{"href":"https:\/\/lospoliticosveracruz.com\/index.php?rest_route=\/wp\/v2\/types\/post"}],"author":[{"embeddable":true,"href":"https:\/\/lospoliticosveracruz.com\/index.php?rest_route=\/wp\/v2\/users\/2"}],"replies":[{"embeddable":true,"href":"https:\/\/lospoliticosveracruz.com\/index.php?rest_route=%2Fwp%2Fv2%2Fcomments&post=96880"}],"version-history":[{"count":1,"href":"https:\/\/lospoliticosveracruz.com\/index.php?rest_route=\/wp\/v2\/posts\/96880\/revisions"}],"predecessor-version":[{"id":96882,"href":"https:\/\/lospoliticosveracruz.com\/index.php?rest_route=\/wp\/v2\/posts\/96880\/revisions\/96882"}],"wp:attachment":[{"href":"https:\/\/lospoliticosveracruz.com\/index.php?rest_route=%2Fwp%2Fv2%2Fmedia&parent=96880"}],"wp:term":[{"taxonomy":"category","embeddable":true,"href":"https:\/\/lospoliticosveracruz.com\/index.php?rest_route=%2Fwp%2Fv2%2Fcategories&post=96880"},{"taxonomy":"post_tag","embeddable":true,"href":"https:\/\/lospoliticosveracruz.com\/index.php?rest_route=%2Fwp%2Fv2%2Ftags&post=96880"}],"curies":[{"name":"wp","href":"https:\/\/api.w.org\/{rel}","templated":true}]}}