{"id":96883,"date":"2022-10-15T08:59:26","date_gmt":"2022-10-15T13:59:26","guid":{"rendered":"https:\/\/lospoliticosveracruz.com.mx\/?p=96883"},"modified":"2022-10-15T08:59:40","modified_gmt":"2022-10-15T13:59:40","slug":"diputados-vs-orfis","status":"publish","type":"post","link":"https:\/\/lospoliticosveracruz.com\/?p=96883","title":{"rendered":"DIPUTADOS VS ORFIS"},"content":{"rendered":"\n<p><\/p>\n\n\n\n<p><strong>Ricardo Ch\u00faa<\/strong><\/p>\n\n\n\n<p><em>Sale y Vale<\/em><\/p>\n\n\n\n<p>Despu\u00e9s de casi dos meses de la EXCLUSIVA dada a conocer en este espacio&#8230; De los presuntos \u00abmoches\u00bb entre ex funcionarios del \u00d3rgano de Fiscalizaci\u00f3n Superior y ex alcaldes para que les \u00ablimpiar\u00e1n\u00bb su cuentas p\u00fablicas y no tener da\u00f1o patrimonial en sus municipios&#8230;\u00a0\u00a0Algo pas\u00f3 en el camino en estos \u00faltimos d\u00edas, porque cuando todo se supon\u00eda que ya esos problemas estaban superados&#8230;. De nuevo los diputados locales de MORENA van sobre la titular del ORFIS, Del\u00eda Gonz\u00e1lez Cobos..\u00a0<\/p>\n\n\n\n<figure class=\"wp-block-image size-full\"><a href=\"https:\/\/lospoliticosveracruz.com.mx\/wp-content\/uploads\/2022\/05\/Seguro-Julio-Cerecedo.jpg\"><img decoding=\"async\" src=\"https:\/\/lospoliticosveracruz.com.mx\/wp-content\/uploads\/2022\/05\/Seguro-Julio-Cerecedo.jpg\" alt=\"\" class=\"wp-image-90414\"\/><\/a><\/figure>\n\n\n\n<p>Algo sucedi\u00f3 porque confirma \u00abGarganta Profunda\u00bb que los diputados locales de MORENA estaban tomando acuerdos y pidiendo nuevas auditor\u00edas al ORFIS.. Cuando de pronto aparece el l\u00edder de los diputados locales de este partido, Juan Javier G\u00f3mez Cazar\u00edn, que estuvo \u00abausente\u00bb medi\u00e1ticamente y en sus redes sociales d Veracruz, ahora reapareci\u00f3 para se\u00f1alar que los legisladores de su partido, no van aprobar las cuentas p\u00fablicas realizadas por el ORFIS a cargo de Gonz\u00e1lez Cobos&#8230;. El motivo&#8230; Se dice que fueron GRAVES DESACUERDOS&#8230;&nbsp;<\/p>\n\n\n\n<p>Sobre todo cuando se sabe que mientras el presidente de la Comisi\u00f3n de Vigilancia del Congreso del Estado, Rafael Fararoni Maga\u00f1a&#8230; Ha declarado que no se debe de politizar el tema de la cuenta p\u00fablica presentada por el ORFIS y que se revisar\u00e1n con lupa cada una de ellas.. Al titular de la Junta de Coordinaci\u00f3n Pol\u00edtica de este recinto legislativo, G\u00f3mez Cazar\u00edn, le vali\u00f3 todo y adelant\u00f3 en sus redes sociales que de plano no aprobar\u00e1n los documentos enviados por Delia Gonz\u00e1lez Cobos&#8230; TA CA\u00d1\u00d3N&#8230;.<\/p>\n\n\n\n<p>El argumento que da el diputado local es que no se tomaron en cuenta muestras solicitadas por alcaldes y por irregularidades que tampoco se atendieron por parte del ORFIS&#8230; Por eso, dicen que Cazar\u00edn se volvi\u00f3 a \u00abescudar\u00bb al decir que en el Congreso del Estado&#8230; No ser\u00e1 \u00abtapadera\u00bb de nadie y se\u00f1al\u00f3 que as\u00ed como existen, ex alcaldes que hicieron bien su trabajo&#8230; Doi a conocer que existen otros que presentaron obras \u00abfantasmas\u00bb y es por los que van&#8230;<\/p>\n\n\n\n<p>\u00abGarganta Profunda\u00bb expres\u00f3 que hay varios casos con ese problema como lo es el caso de Actopan.. Pero tambi\u00e9n obras mal hechas como sucedi\u00f3 en el ayuntamiento de San Andr\u00e9s Tuxtla, con Octavio P\u00e9rez Garay&#8230; Y que por todos esos casos&#8230; Es que se han derivado muchas denuncias en contra del que fuera contralor interno del propio ORFIS y ex funcionarios municipales, con los cuales estaban coludidos&#8230; Ah\u00ed no m\u00e1s para el gasto..<\/p>\n\n\n\n<p>Cabe recordar, que todo esto no es nuevo, lo de la trama entre los diputados de MORENA contra el ORFIS, ya que aqu\u00ed lo hemos dicho en EXCLUSIVA&#8230; Sobre todo de la sospecha que hay de que en este organismo, hay presuntos hechos graves de corrupci\u00f3n&#8230; D\u00f3nde est\u00e1n \u00abembarrando\u00bb a muchos de sus ex funcionarios y que ahora est\u00e1n sometidos a carpetas de investigaci\u00f3n ante la Fiscal\u00eda General del Estado (FGE)&#8230; DURO Y A LA CABEZA&#8230;<\/p>\n\n\n\n<p>Por ello, dice \u00abGarganta Profunda\u00bb que se ve mucha desesperaci\u00f3n de la titular del ORFIS, Delia Gonz\u00e1lez.. Ya que ante las denuncias que tienen estos personajes que eran completamente cercanas a ella&#8230; Que la propia Gonz\u00e1lez Cobos ya empieza a \u00abtirar culpas\u00bb, por todo lados y \u00abembarrando\u00bb hasta altos funcionarios del gobierno del Estado.. Sin importar el alto nivel que tienen estos personajes&#8230; En el edificio del ORFIS estos chismes son \u00abpan nuestro de cada d\u00eda\u00bb&#8230;&nbsp;<\/p>\n\n\n\n<p>OJO&#8230; \u00abGarganta Profunda\u00bb revel\u00f3 que esto tambi\u00e9n sucede porque Juan Javier G\u00f3mez Cazarin no lo ha querido recibir en su oficina.. Ha dado vueltas en vano porque simplemente el de Hueyapan de Ocampo, tiene su puerta cerrada para ella.. \u00bfQu\u00e9 hizo?&#8230; \u00bfQui\u00e9n sabe?&#8230; Se dice que Del\u00eda Gonz\u00e1lez ha ido a suplicar a otros diputados de MORENA para que estos sean sus interlocutores&#8230; Pero la respuesta tambi\u00e9n ha sido nula&#8230; En pol\u00edtica, las casualidades no existen&#8230; En las auditor\u00edas a municipios tampoco&#8230;<\/p>\n\n\n\n<p>Por \u00faltimo. El otro gran error de c\u00e1lculo de Del\u00eda Gonz\u00e1lez fue ir a decir a varios personajes&#8230; Que todo lo que pasa al interior del ORFIS&#8230; Se debe a las 40 personas \u00abrecomendadas\u00bb por uno de los m\u00e1s altos funcionarios de Palacio de Gobierno&#8230; De que son ellos y solo ellos, los que hacen de las suyas en la recepci\u00f3n de documentos en este Organismo Fiscalizador&#8230; Con esas acusaciones Gonz\u00e1lez Cobos&#8230; Se va a quedar sola y sin ning\u00fan tipo de apoyo o respaldo.. Esa no se la van a perdonar&#8230; QUE DIOS LOS BENDIGA&#8230;&nbsp;<\/p>\n\n\n\n<p>MATO AL SETMAV&#8230; La \u00abgrilla\u00bb del magisterio est\u00e1 a todo lo que da en Veracruz&#8230; Ayer al mediod\u00eda en este puerto de Veracruz&#8230; El comit\u00e9 central del Sindicato Estatal de Trabajadores del Magisterio (Setmav)&#8230;.Encabezada por su dirigente estatal, H\u00e9ctor Marcelo Ram\u00edrez Cahue dio posesi\u00f3n a la nueva dirigencia del comit\u00e9 de la delegaci\u00f3n regional Veracruz&#8230; En cuyo cargo qued\u00f3 compuesto por el ahora delegado presidente, el profesor porte\u00f1o, Gerardo Mato Ara\u00faz..<\/p>\n\n\n\n<p>Dicha toma de protesta se llev\u00f3 a cabo en un sal\u00f3n privado de conocido hotel del centro hist\u00f3rico del puerto de Veracruz&#8230; Donde adem\u00e1s de la elecci\u00f3n como delegado de Gerardo Mato.. Se present\u00f3 todo el comit\u00e9 que lo va acompa\u00f1ar en las labores sindicales de este gremio de maestros estatales&#8230; Ram\u00edrez Cahue lo que hizo fue reforzar a su equipo de trabajo en esta delegaci\u00f3n del puerto de Veracruz&#8230;&nbsp;<\/p>\n\n\n\n<p>Sin embargo, hay que hacer menci\u00f3n que toda esta regi\u00f3n abarca desde el municipio de Catemaco hasta el puerto de Veracruz&#8230; Que vendr\u00eda siendo la zona sur.. Pero tambi\u00e9n abarca hasta la zona de la Cuenca del Papaloapan en el \u00e1rea que abarca el municipio de Tierra Blanca&#8230; Cabe tambi\u00e9n se\u00f1alar que esta elecci\u00f3n de Gerardo Mato, no tuvo problema alguno porque se present\u00f3 una planilla de unidad en torno a \u00e9l como nuevo delegado&#8230;&nbsp;&nbsp;Lo dem\u00e1s estaba hecho&#8230; \u00c9XITO Y AMEN&#8230;<\/p>\n","protected":false},"excerpt":{"rendered":"<p>Ricardo Ch\u00faa Sale y Vale Despu\u00e9s de casi dos meses de la EXCLUSIVA dada a conocer en este espacio&#8230; De los presuntos \u00abmoches\u00bb entre ex funcionarios del \u00d3rgano de Fiscalizaci\u00f3n Superior y ex alcaldes para que les \u00ablimpiar\u00e1n\u00bb su cuentas p\u00fablicas y no tener da\u00f1o patrimonial en sus municipios&#8230;\u00a0\u00a0Algo pas\u00f3 en el camino en estos [&hellip;]<\/p>\n","protected":false},"author":2,"featured_media":0,"comment_status":"closed","ping_status":"closed","sticky":false,"template":"","format":"standard","meta":{"tdm_status":"","tdm_grid_status":"","footnotes":""},"categories":[70],"tags":[15181,12695,1026,261,28725,13604,195],"class_list":{"0":"post-96883","1":"post","2":"type-post","3":"status-publish","4":"format-standard","6":"category-de-opinion","7":"tag-delia-gonzalez-cobos","8":"tag-juan-javier-gomez-cazarin","9":"tag-morena","10":"tag-octavio-perez-garay","11":"tag-rafael-fararoni-magana","12":"tag-ricardo-chua","13":"tag-veracruz"},"yoast_head":"<!-- This site is optimized with the Yoast SEO plugin v27.4 - https:\/\/yoast.com\/product\/yoast-seo-wordpress\/ -->\n<title>DIPUTADOS VS ORFIS - Los pol\u00edticos Veracruz<\/title>\n<meta name=\"robots\" content=\"index, follow, max-snippet:-1, max-image-preview:large, max-video-preview:-1\" \/>\n<link rel=\"canonical\" href=\"https:\/\/lospoliticosveracruz.com\/?p=96883\" \/>\n<meta property=\"og:locale\" content=\"es_ES\" \/>\n<meta property=\"og:type\" content=\"article\" \/>\n<meta property=\"og:title\" content=\"DIPUTADOS VS ORFIS - Los pol\u00edticos Veracruz\" \/>\n<meta property=\"og:description\" content=\"Ricardo Ch\u00faa Sale y Vale Despu\u00e9s de casi dos meses de la EXCLUSIVA dada a conocer en este espacio&#8230; De los presuntos \u00abmoches\u00bb entre ex funcionarios del \u00d3rgano de Fiscalizaci\u00f3n Superior y ex alcaldes para que les \u00ablimpiar\u00e1n\u00bb su cuentas p\u00fablicas y no tener da\u00f1o patrimonial en sus municipios&#8230;\u00a0\u00a0Algo pas\u00f3 en el camino en estos [&hellip;]\" \/>\n<meta property=\"og:url\" content=\"https:\/\/lospoliticosveracruz.com\/?p=96883\" \/>\n<meta property=\"og:site_name\" content=\"Los pol\u00edticos Veracruz\" \/>\n<meta property=\"article:publisher\" content=\"https:\/\/www.facebook.com\/people\/Notimemes-de-los-Polticos\/61565672886568\/\" \/>\n<meta property=\"article:published_time\" content=\"2022-10-15T13:59:26+00:00\" \/>\n<meta property=\"article:modified_time\" content=\"2022-10-15T13:59:40+00:00\" \/>\n<meta property=\"og:image\" content=\"https:\/\/lospoliticosveracruz.com.mx\/wp-content\/uploads\/2022\/05\/Seguro-Julio-Cerecedo.jpg\" \/>\n<meta name=\"author\" content=\"Lo viste en Los Pol\u00edticos\" \/>\n<meta name=\"twitter:card\" content=\"summary_large_image\" \/>\n<meta name=\"twitter:creator\" content=\"@LosPoliticosVer\" \/>\n<meta name=\"twitter:site\" content=\"@LosPoliticosVer\" \/>\n<meta name=\"twitter:label1\" content=\"Escrito por\" \/>\n\t<meta name=\"twitter:data1\" content=\"Lo viste en Los Pol\u00edticos\" \/>\n\t<meta name=\"twitter:label2\" content=\"Tiempo de lectura\" \/>\n\t<meta name=\"twitter:data2\" content=\"5 minutos\" \/>\n<script type=\"application\/ld+json\" class=\"yoast-schema-graph\">{\"@context\":\"https:\\\/\\\/schema.org\",\"@graph\":[{\"@type\":\"Article\",\"@id\":\"https:\\\/\\\/lospoliticosveracruz.com\\\/?p=96883#article\",\"isPartOf\":{\"@id\":\"https:\\\/\\\/lospoliticosveracruz.com\\\/?p=96883\"},\"author\":{\"name\":\"Lo viste en Los Pol\u00edticos\",\"@id\":\"https:\\\/\\\/lospoliticosveracruz.com\\\/#\\\/schema\\\/person\\\/b8702bb0e538456e6efd07080bf2a4a2\"},\"headline\":\"DIPUTADOS VS ORFIS\",\"datePublished\":\"2022-10-15T13:59:26+00:00\",\"dateModified\":\"2022-10-15T13:59:40+00:00\",\"mainEntityOfPage\":{\"@id\":\"https:\\\/\\\/lospoliticosveracruz.com\\\/?p=96883\"},\"wordCount\":1050,\"publisher\":{\"@id\":\"https:\\\/\\\/lospoliticosveracruz.com\\\/#organization\"},\"image\":{\"@id\":\"https:\\\/\\\/lospoliticosveracruz.com\\\/?p=96883#primaryimage\"},\"thumbnailUrl\":\"https:\\\/\\\/lospoliticosveracruz.com.mx\\\/wp-content\\\/uploads\\\/2022\\\/05\\\/Seguro-Julio-Cerecedo.jpg\",\"keywords\":[\"Delia Gonz\u00e1lez Cobos\",\"Juan Javier G\u00f3mez Cazar\u00edn\",\"Morena\",\"Octavio P\u00e9rez Garay\",\"Rafael Fararoni Maga\u00f1a\",\"Ricardo Ch\u00faa\",\"Veracruz\"],\"articleSection\":[\"De Opini\u00f3n\"],\"inLanguage\":\"es\"},{\"@type\":\"WebPage\",\"@id\":\"https:\\\/\\\/lospoliticosveracruz.com\\\/?p=96883\",\"url\":\"https:\\\/\\\/lospoliticosveracruz.com\\\/?p=96883\",\"name\":\"DIPUTADOS VS ORFIS - Los pol\u00edticos Veracruz\",\"isPartOf\":{\"@id\":\"https:\\\/\\\/lospoliticosveracruz.com\\\/#website\"},\"primaryImageOfPage\":{\"@id\":\"https:\\\/\\\/lospoliticosveracruz.com\\\/?p=96883#primaryimage\"},\"image\":{\"@id\":\"https:\\\/\\\/lospoliticosveracruz.com\\\/?p=96883#primaryimage\"},\"thumbnailUrl\":\"https:\\\/\\\/lospoliticosveracruz.com.mx\\\/wp-content\\\/uploads\\\/2022\\\/05\\\/Seguro-Julio-Cerecedo.jpg\",\"datePublished\":\"2022-10-15T13:59:26+00:00\",\"dateModified\":\"2022-10-15T13:59:40+00:00\",\"breadcrumb\":{\"@id\":\"https:\\\/\\\/lospoliticosveracruz.com\\\/?p=96883#breadcrumb\"},\"inLanguage\":\"es\",\"potentialAction\":[{\"@type\":\"ReadAction\",\"target\":[\"https:\\\/\\\/lospoliticosveracruz.com\\\/?p=96883\"]}]},{\"@type\":\"ImageObject\",\"inLanguage\":\"es\",\"@id\":\"https:\\\/\\\/lospoliticosveracruz.com\\\/?p=96883#primaryimage\",\"url\":\"https:\\\/\\\/lospoliticosveracruz.com.mx\\\/wp-content\\\/uploads\\\/2022\\\/05\\\/Seguro-Julio-Cerecedo.jpg\",\"contentUrl\":\"https:\\\/\\\/lospoliticosveracruz.com.mx\\\/wp-content\\\/uploads\\\/2022\\\/05\\\/Seguro-Julio-Cerecedo.jpg\"},{\"@type\":\"BreadcrumbList\",\"@id\":\"https:\\\/\\\/lospoliticosveracruz.com\\\/?p=96883#breadcrumb\",\"itemListElement\":[{\"@type\":\"ListItem\",\"position\":1,\"name\":\"Portada\",\"item\":\"https:\\\/\\\/lospoliticosveracruz.com\\\/\"},{\"@type\":\"ListItem\",\"position\":2,\"name\":\"DIPUTADOS VS ORFIS\"}]},{\"@type\":\"WebSite\",\"@id\":\"https:\\\/\\\/lospoliticosveracruz.com\\\/#website\",\"url\":\"https:\\\/\\\/lospoliticosveracruz.com\\\/\",\"name\":\"Los pol\u00edticos Veracruz\",\"description\":\"\",\"publisher\":{\"@id\":\"https:\\\/\\\/lospoliticosveracruz.com\\\/#organization\"},\"potentialAction\":[{\"@type\":\"SearchAction\",\"target\":{\"@type\":\"EntryPoint\",\"urlTemplate\":\"https:\\\/\\\/lospoliticosveracruz.com\\\/?s={search_term_string}\"},\"query-input\":{\"@type\":\"PropertyValueSpecification\",\"valueRequired\":true,\"valueName\":\"search_term_string\"}}],\"inLanguage\":\"es\"},{\"@type\":\"Organization\",\"@id\":\"https:\\\/\\\/lospoliticosveracruz.com\\\/#organization\",\"name\":\"Los pol\u00edticos Veracruz\",\"url\":\"https:\\\/\\\/lospoliticosveracruz.com\\\/\",\"logo\":{\"@type\":\"ImageObject\",\"inLanguage\":\"es\",\"@id\":\"https:\\\/\\\/lospoliticosveracruz.com\\\/#\\\/schema\\\/logo\\\/image\\\/\",\"url\":\"https:\\\/\\\/lospoliticosveracruz.com\\\/wp-content\\\/uploads\\\/2025\\\/12\\\/Logo-Nuevo-LOS-POLITICOS-1.jpg\",\"contentUrl\":\"https:\\\/\\\/lospoliticosveracruz.com\\\/wp-content\\\/uploads\\\/2025\\\/12\\\/Logo-Nuevo-LOS-POLITICOS-1.jpg\",\"width\":260,\"height\":70,\"caption\":\"Los pol\u00edticos Veracruz\"},\"image\":{\"@id\":\"https:\\\/\\\/lospoliticosveracruz.com\\\/#\\\/schema\\\/logo\\\/image\\\/\"},\"sameAs\":[\"https:\\\/\\\/www.facebook.com\\\/people\\\/Notimemes-de-los-Polticos\\\/61565672886568\\\/\",\"https:\\\/\\\/x.com\\\/LosPoliticosVer\"]},{\"@type\":\"Person\",\"@id\":\"https:\\\/\\\/lospoliticosveracruz.com\\\/#\\\/schema\\\/person\\\/b8702bb0e538456e6efd07080bf2a4a2\",\"name\":\"Lo viste en Los Pol\u00edticos\",\"image\":{\"@type\":\"ImageObject\",\"inLanguage\":\"es\",\"@id\":\"https:\\\/\\\/secure.gravatar.com\\\/avatar\\\/3a8de04a2656d44082be478bd6c086daa447c4651605818287b9532d3d0bd435?s=96&d=mm&r=g\",\"url\":\"https:\\\/\\\/secure.gravatar.com\\\/avatar\\\/3a8de04a2656d44082be478bd6c086daa447c4651605818287b9532d3d0bd435?s=96&d=mm&r=g\",\"contentUrl\":\"https:\\\/\\\/secure.gravatar.com\\\/avatar\\\/3a8de04a2656d44082be478bd6c086daa447c4651605818287b9532d3d0bd435?s=96&d=mm&r=g\",\"caption\":\"Lo viste en Los Pol\u00edticos\"},\"url\":\"https:\\\/\\\/lospoliticosveracruz.com\\\/?author=2\"}]}<\/script>\n<!-- \/ Yoast SEO plugin. -->","yoast_head_json":{"title":"DIPUTADOS VS ORFIS - Los pol\u00edticos Veracruz","robots":{"index":"index","follow":"follow","max-snippet":"max-snippet:-1","max-image-preview":"max-image-preview:large","max-video-preview":"max-video-preview:-1"},"canonical":"https:\/\/lospoliticosveracruz.com\/?p=96883","og_locale":"es_ES","og_type":"article","og_title":"DIPUTADOS VS ORFIS - Los pol\u00edticos Veracruz","og_description":"Ricardo Ch\u00faa Sale y Vale Despu\u00e9s de casi dos meses de la EXCLUSIVA dada a conocer en este espacio&#8230; De los presuntos \u00abmoches\u00bb entre ex funcionarios del \u00d3rgano de Fiscalizaci\u00f3n Superior y ex alcaldes para que les \u00ablimpiar\u00e1n\u00bb su cuentas p\u00fablicas y no tener da\u00f1o patrimonial en sus municipios&#8230;\u00a0\u00a0Algo pas\u00f3 en el camino en estos [&hellip;]","og_url":"https:\/\/lospoliticosveracruz.com\/?p=96883","og_site_name":"Los pol\u00edticos Veracruz","article_publisher":"https:\/\/www.facebook.com\/people\/Notimemes-de-los-Polticos\/61565672886568\/","article_published_time":"2022-10-15T13:59:26+00:00","article_modified_time":"2022-10-15T13:59:40+00:00","og_image":[{"url":"https:\/\/lospoliticosveracruz.com.mx\/wp-content\/uploads\/2022\/05\/Seguro-Julio-Cerecedo.jpg","type":"","width":"","height":""}],"author":"Lo viste en Los Pol\u00edticos","twitter_card":"summary_large_image","twitter_creator":"@LosPoliticosVer","twitter_site":"@LosPoliticosVer","twitter_misc":{"Escrito por":"Lo viste en Los Pol\u00edticos","Tiempo de lectura":"5 minutos"},"schema":{"@context":"https:\/\/schema.org","@graph":[{"@type":"Article","@id":"https:\/\/lospoliticosveracruz.com\/?p=96883#article","isPartOf":{"@id":"https:\/\/lospoliticosveracruz.com\/?p=96883"},"author":{"name":"Lo viste en Los Pol\u00edticos","@id":"https:\/\/lospoliticosveracruz.com\/#\/schema\/person\/b8702bb0e538456e6efd07080bf2a4a2"},"headline":"DIPUTADOS VS ORFIS","datePublished":"2022-10-15T13:59:26+00:00","dateModified":"2022-10-15T13:59:40+00:00","mainEntityOfPage":{"@id":"https:\/\/lospoliticosveracruz.com\/?p=96883"},"wordCount":1050,"publisher":{"@id":"https:\/\/lospoliticosveracruz.com\/#organization"},"image":{"@id":"https:\/\/lospoliticosveracruz.com\/?p=96883#primaryimage"},"thumbnailUrl":"https:\/\/lospoliticosveracruz.com.mx\/wp-content\/uploads\/2022\/05\/Seguro-Julio-Cerecedo.jpg","keywords":["Delia Gonz\u00e1lez Cobos","Juan Javier G\u00f3mez Cazar\u00edn","Morena","Octavio P\u00e9rez Garay","Rafael Fararoni Maga\u00f1a","Ricardo Ch\u00faa","Veracruz"],"articleSection":["De Opini\u00f3n"],"inLanguage":"es"},{"@type":"WebPage","@id":"https:\/\/lospoliticosveracruz.com\/?p=96883","url":"https:\/\/lospoliticosveracruz.com\/?p=96883","name":"DIPUTADOS VS ORFIS - Los pol\u00edticos Veracruz","isPartOf":{"@id":"https:\/\/lospoliticosveracruz.com\/#website"},"primaryImageOfPage":{"@id":"https:\/\/lospoliticosveracruz.com\/?p=96883#primaryimage"},"image":{"@id":"https:\/\/lospoliticosveracruz.com\/?p=96883#primaryimage"},"thumbnailUrl":"https:\/\/lospoliticosveracruz.com.mx\/wp-content\/uploads\/2022\/05\/Seguro-Julio-Cerecedo.jpg","datePublished":"2022-10-15T13:59:26+00:00","dateModified":"2022-10-15T13:59:40+00:00","breadcrumb":{"@id":"https:\/\/lospoliticosveracruz.com\/?p=96883#breadcrumb"},"inLanguage":"es","potentialAction":[{"@type":"ReadAction","target":["https:\/\/lospoliticosveracruz.com\/?p=96883"]}]},{"@type":"ImageObject","inLanguage":"es","@id":"https:\/\/lospoliticosveracruz.com\/?p=96883#primaryimage","url":"https:\/\/lospoliticosveracruz.com.mx\/wp-content\/uploads\/2022\/05\/Seguro-Julio-Cerecedo.jpg","contentUrl":"https:\/\/lospoliticosveracruz.com.mx\/wp-content\/uploads\/2022\/05\/Seguro-Julio-Cerecedo.jpg"},{"@type":"BreadcrumbList","@id":"https:\/\/lospoliticosveracruz.com\/?p=96883#breadcrumb","itemListElement":[{"@type":"ListItem","position":1,"name":"Portada","item":"https:\/\/lospoliticosveracruz.com\/"},{"@type":"ListItem","position":2,"name":"DIPUTADOS VS ORFIS"}]},{"@type":"WebSite","@id":"https:\/\/lospoliticosveracruz.com\/#website","url":"https:\/\/lospoliticosveracruz.com\/","name":"Los pol\u00edticos Veracruz","description":"","publisher":{"@id":"https:\/\/lospoliticosveracruz.com\/#organization"},"potentialAction":[{"@type":"SearchAction","target":{"@type":"EntryPoint","urlTemplate":"https:\/\/lospoliticosveracruz.com\/?s={search_term_string}"},"query-input":{"@type":"PropertyValueSpecification","valueRequired":true,"valueName":"search_term_string"}}],"inLanguage":"es"},{"@type":"Organization","@id":"https:\/\/lospoliticosveracruz.com\/#organization","name":"Los pol\u00edticos Veracruz","url":"https:\/\/lospoliticosveracruz.com\/","logo":{"@type":"ImageObject","inLanguage":"es","@id":"https:\/\/lospoliticosveracruz.com\/#\/schema\/logo\/image\/","url":"https:\/\/lospoliticosveracruz.com\/wp-content\/uploads\/2025\/12\/Logo-Nuevo-LOS-POLITICOS-1.jpg","contentUrl":"https:\/\/lospoliticosveracruz.com\/wp-content\/uploads\/2025\/12\/Logo-Nuevo-LOS-POLITICOS-1.jpg","width":260,"height":70,"caption":"Los pol\u00edticos Veracruz"},"image":{"@id":"https:\/\/lospoliticosveracruz.com\/#\/schema\/logo\/image\/"},"sameAs":["https:\/\/www.facebook.com\/people\/Notimemes-de-los-Polticos\/61565672886568\/","https:\/\/x.com\/LosPoliticosVer"]},{"@type":"Person","@id":"https:\/\/lospoliticosveracruz.com\/#\/schema\/person\/b8702bb0e538456e6efd07080bf2a4a2","name":"Lo viste en Los Pol\u00edticos","image":{"@type":"ImageObject","inLanguage":"es","@id":"https:\/\/secure.gravatar.com\/avatar\/3a8de04a2656d44082be478bd6c086daa447c4651605818287b9532d3d0bd435?s=96&d=mm&r=g","url":"https:\/\/secure.gravatar.com\/avatar\/3a8de04a2656d44082be478bd6c086daa447c4651605818287b9532d3d0bd435?s=96&d=mm&r=g","contentUrl":"https:\/\/secure.gravatar.com\/avatar\/3a8de04a2656d44082be478bd6c086daa447c4651605818287b9532d3d0bd435?s=96&d=mm&r=g","caption":"Lo viste en Los Pol\u00edticos"},"url":"https:\/\/lospoliticosveracruz.com\/?author=2"}]}},"_links":{"self":[{"href":"https:\/\/lospoliticosveracruz.com\/index.php?rest_route=\/wp\/v2\/posts\/96883","targetHints":{"allow":["GET"]}}],"collection":[{"href":"https:\/\/lospoliticosveracruz.com\/index.php?rest_route=\/wp\/v2\/posts"}],"about":[{"href":"https:\/\/lospoliticosveracruz.com\/index.php?rest_route=\/wp\/v2\/types\/post"}],"author":[{"embeddable":true,"href":"https:\/\/lospoliticosveracruz.com\/index.php?rest_route=\/wp\/v2\/users\/2"}],"replies":[{"embeddable":true,"href":"https:\/\/lospoliticosveracruz.com\/index.php?rest_route=%2Fwp%2Fv2%2Fcomments&post=96883"}],"version-history":[{"count":1,"href":"https:\/\/lospoliticosveracruz.com\/index.php?rest_route=\/wp\/v2\/posts\/96883\/revisions"}],"predecessor-version":[{"id":96885,"href":"https:\/\/lospoliticosveracruz.com\/index.php?rest_route=\/wp\/v2\/posts\/96883\/revisions\/96885"}],"wp:attachment":[{"href":"https:\/\/lospoliticosveracruz.com\/index.php?rest_route=%2Fwp%2Fv2%2Fmedia&parent=96883"}],"wp:term":[{"taxonomy":"category","embeddable":true,"href":"https:\/\/lospoliticosveracruz.com\/index.php?rest_route=%2Fwp%2Fv2%2Fcategories&post=96883"},{"taxonomy":"post_tag","embeddable":true,"href":"https:\/\/lospoliticosveracruz.com\/index.php?rest_route=%2Fwp%2Fv2%2Ftags&post=96883"}],"curies":[{"name":"wp","href":"https:\/\/api.w.org\/{rel}","templated":true}]}}