{"id":96900,"date":"2022-10-16T10:50:54","date_gmt":"2022-10-16T15:50:54","guid":{"rendered":"https:\/\/lospoliticosveracruz.com.mx\/?p=96900"},"modified":"2022-10-16T10:50:59","modified_gmt":"2022-10-16T15:50:59","slug":"tejav-regionalizado","status":"publish","type":"post","link":"https:\/\/lospoliticosveracruz.com\/?p=96900","title":{"rendered":"TEJAV, REGIONALIZADO"},"content":{"rendered":"\n<p><strong>Karla M\u00e9ndez<\/strong> \/ Elementos Mx<br><em>Xalapa<\/em><\/p>\n\n\n\n<p>El diputado presidente de la Junta de Coordinaci\u00f3n Pol\u00edtica (JUCOPO) del Congreso del Estado, Juan Javier G\u00f3mez Cazar\u00edn, se\u00f1al\u00f3 que se pretende que con el Tribunal Estatal de Justicia Administrativa(TEJAV), se hagan oficinas regionales para mayor eficiencia, por lo cual podr\u00eda tener un aumento presupuestal.<\/p>\n\n\n\n<p>En entrevista posterior a la Carrera rosa por el C\u00e1ncer de mama en el Estadio Xalape\u00f1o, el legislador, puntualiz\u00f3 que ser\u00eda una oficina en la zona centro ubicada en Xalapa, en la zona Sur en Coatzacoalcos y en la zona norte a\u00fan se analiza su ubicaci\u00f3n, pero la intenci\u00f3n es que se atiendan prontamente todos los casos y no se lleven varios a\u00f1os como ocurre actualmente.<\/p>\n\n\n\n<p>\u00abSe tiene contemplado que se regionalice,<br>Sur, centro y norte; Coatza, Xalapa y en el norte se considera la zona\u2026 Ya un magistrado se quej\u00f3 por la iniciativa, No podemos con respeto, los datos que est\u00e1n se\u00f1alados fueron tomados del informe que se manifest\u00f3 por \u00e9l mismo.\u00bb<\/p>\n\n\n\n<p>El diputado de MORENA, explic\u00f3 que tienen varios casos donde a la gente se le complican los tr\u00e1mites por lo tardado que son, pues solo cuentan con 100 personas las cuales no son suficientes para todos los casos que llegan.<\/p>\n\n\n\n<p>En el tema de la Cuenta P\u00fablica 2021, G\u00f3mez Cazar\u00edn, aclar\u00f3 que no tiene ning\u00fan problema en contra de la auditora Delia Gonz\u00e1lez Cobos, sino que hay gente desde abajo que no realizan bien su trabajo y por tal motivo no se puede aprobar algo que no est\u00e1 bien y as\u00ed como \u00e9l hay otros diputados en desacuerdo, lo que puede generar que la pr\u00f3xima semana no se apruebe.<\/p>\n\n\n\n<p>\u00abYo no estoy en conflicto con la titular, abajo hay mucha gente que no hace bien su trabajo. Tambi\u00e9n hay alcaldes que no realizan su trabajo\u2026 No importa de donde sean todos coludos.\u00bb<\/p>\n\n\n\n<p>Finalmente, explic\u00f3 que en el Congreso del Estado cuentan con los testigos de varios alcaldes y alcaldesas donde s\u00ed entregaron la informaci\u00f3n incluso formada por el ORFIS y no se las hacen v\u00e1lida.<\/p>\n","protected":false},"excerpt":{"rendered":"<p>Karla M\u00e9ndez \/ Elementos MxXalapa El diputado presidente de la Junta de Coordinaci\u00f3n Pol\u00edtica (JUCOPO) del Congreso del Estado, Juan Javier G\u00f3mez Cazar\u00edn, se\u00f1al\u00f3 que se pretende que con el Tribunal Estatal de Justicia Administrativa(TEJAV), se hagan oficinas regionales para mayor eficiencia, por lo cual podr\u00eda tener un aumento presupuestal. En entrevista posterior a la [&hellip;]<\/p>\n","protected":false},"author":2,"featured_media":0,"comment_status":"closed","ping_status":"closed","sticky":false,"template":"","format":"standard","meta":{"tdm_status":"","tdm_grid_status":"","footnotes":""},"categories":[6446],"tags":[12695,9418,1026,12272,195],"class_list":{"0":"post-96900","1":"post","2":"type-post","3":"status-publish","4":"format-standard","6":"category-la-nota","7":"tag-juan-javier-gomez-cazarin","8":"tag-jucopo","9":"tag-morena","10":"tag-tejav","11":"tag-veracruz"},"yoast_head":"<!-- This site is optimized with the Yoast SEO plugin v27.4 - https:\/\/yoast.com\/product\/yoast-seo-wordpress\/ -->\n<title>TEJAV, REGIONALIZADO - Los pol\u00edticos Veracruz<\/title>\n<meta name=\"robots\" content=\"index, follow, max-snippet:-1, max-image-preview:large, max-video-preview:-1\" \/>\n<link rel=\"canonical\" href=\"https:\/\/lospoliticosveracruz.com\/?p=96900\" \/>\n<meta property=\"og:locale\" content=\"es_ES\" \/>\n<meta property=\"og:type\" content=\"article\" \/>\n<meta property=\"og:title\" content=\"TEJAV, REGIONALIZADO - Los pol\u00edticos Veracruz\" \/>\n<meta property=\"og:description\" content=\"Karla M\u00e9ndez \/ Elementos MxXalapa El diputado presidente de la Junta de Coordinaci\u00f3n Pol\u00edtica (JUCOPO) del Congreso del Estado, Juan Javier G\u00f3mez Cazar\u00edn, se\u00f1al\u00f3 que se pretende que con el Tribunal Estatal de Justicia Administrativa(TEJAV), se hagan oficinas regionales para mayor eficiencia, por lo cual podr\u00eda tener un aumento presupuestal. En entrevista posterior a la [&hellip;]\" \/>\n<meta property=\"og:url\" content=\"https:\/\/lospoliticosveracruz.com\/?p=96900\" \/>\n<meta property=\"og:site_name\" content=\"Los pol\u00edticos Veracruz\" \/>\n<meta property=\"article:publisher\" content=\"https:\/\/www.facebook.com\/people\/Notimemes-de-los-Polticos\/61565672886568\/\" \/>\n<meta property=\"article:published_time\" content=\"2022-10-16T15:50:54+00:00\" \/>\n<meta property=\"article:modified_time\" content=\"2022-10-16T15:50:59+00:00\" \/>\n<meta property=\"og:image\" content=\"https:\/\/lospoliticosveracruz.com\/wp-content\/uploads\/2016\/07\/Logo-Dor.jpg\" \/>\n\t<meta property=\"og:image:width\" content=\"200\" \/>\n\t<meta property=\"og:image:height\" content=\"200\" \/>\n\t<meta property=\"og:image:type\" content=\"image\/jpeg\" \/>\n<meta name=\"author\" content=\"Lo viste en Los Pol\u00edticos\" \/>\n<meta name=\"twitter:card\" content=\"summary_large_image\" \/>\n<meta name=\"twitter:creator\" content=\"@LosPoliticosVer\" \/>\n<meta name=\"twitter:site\" content=\"@LosPoliticosVer\" \/>\n<meta name=\"twitter:label1\" content=\"Escrito por\" \/>\n\t<meta name=\"twitter:data1\" content=\"Lo viste en Los Pol\u00edticos\" \/>\n\t<meta name=\"twitter:label2\" content=\"Tiempo de lectura\" \/>\n\t<meta name=\"twitter:data2\" content=\"2 minutos\" \/>\n<script type=\"application\/ld+json\" class=\"yoast-schema-graph\">{\"@context\":\"https:\\\/\\\/schema.org\",\"@graph\":[{\"@type\":\"Article\",\"@id\":\"https:\\\/\\\/lospoliticosveracruz.com\\\/?p=96900#article\",\"isPartOf\":{\"@id\":\"https:\\\/\\\/lospoliticosveracruz.com\\\/?p=96900\"},\"author\":{\"name\":\"Lo viste en Los Pol\u00edticos\",\"@id\":\"https:\\\/\\\/lospoliticosveracruz.com\\\/#\\\/schema\\\/person\\\/b8702bb0e538456e6efd07080bf2a4a2\"},\"headline\":\"TEJAV, REGIONALIZADO\",\"datePublished\":\"2022-10-16T15:50:54+00:00\",\"dateModified\":\"2022-10-16T15:50:59+00:00\",\"mainEntityOfPage\":{\"@id\":\"https:\\\/\\\/lospoliticosveracruz.com\\\/?p=96900\"},\"wordCount\":365,\"publisher\":{\"@id\":\"https:\\\/\\\/lospoliticosveracruz.com\\\/#organization\"},\"keywords\":[\"Juan Javier G\u00f3mez Cazar\u00edn\",\"Jucopo\",\"Morena\",\"TEJAV\",\"Veracruz\"],\"articleSection\":[\"La Nota\"],\"inLanguage\":\"es\"},{\"@type\":\"WebPage\",\"@id\":\"https:\\\/\\\/lospoliticosveracruz.com\\\/?p=96900\",\"url\":\"https:\\\/\\\/lospoliticosveracruz.com\\\/?p=96900\",\"name\":\"TEJAV, REGIONALIZADO - Los pol\u00edticos Veracruz\",\"isPartOf\":{\"@id\":\"https:\\\/\\\/lospoliticosveracruz.com\\\/#website\"},\"datePublished\":\"2022-10-16T15:50:54+00:00\",\"dateModified\":\"2022-10-16T15:50:59+00:00\",\"breadcrumb\":{\"@id\":\"https:\\\/\\\/lospoliticosveracruz.com\\\/?p=96900#breadcrumb\"},\"inLanguage\":\"es\",\"potentialAction\":[{\"@type\":\"ReadAction\",\"target\":[\"https:\\\/\\\/lospoliticosveracruz.com\\\/?p=96900\"]}]},{\"@type\":\"BreadcrumbList\",\"@id\":\"https:\\\/\\\/lospoliticosveracruz.com\\\/?p=96900#breadcrumb\",\"itemListElement\":[{\"@type\":\"ListItem\",\"position\":1,\"name\":\"Portada\",\"item\":\"https:\\\/\\\/lospoliticosveracruz.com\\\/\"},{\"@type\":\"ListItem\",\"position\":2,\"name\":\"TEJAV, REGIONALIZADO\"}]},{\"@type\":\"WebSite\",\"@id\":\"https:\\\/\\\/lospoliticosveracruz.com\\\/#website\",\"url\":\"https:\\\/\\\/lospoliticosveracruz.com\\\/\",\"name\":\"Los pol\u00edticos Veracruz\",\"description\":\"\",\"publisher\":{\"@id\":\"https:\\\/\\\/lospoliticosveracruz.com\\\/#organization\"},\"potentialAction\":[{\"@type\":\"SearchAction\",\"target\":{\"@type\":\"EntryPoint\",\"urlTemplate\":\"https:\\\/\\\/lospoliticosveracruz.com\\\/?s={search_term_string}\"},\"query-input\":{\"@type\":\"PropertyValueSpecification\",\"valueRequired\":true,\"valueName\":\"search_term_string\"}}],\"inLanguage\":\"es\"},{\"@type\":\"Organization\",\"@id\":\"https:\\\/\\\/lospoliticosveracruz.com\\\/#organization\",\"name\":\"Los pol\u00edticos Veracruz\",\"url\":\"https:\\\/\\\/lospoliticosveracruz.com\\\/\",\"logo\":{\"@type\":\"ImageObject\",\"inLanguage\":\"es\",\"@id\":\"https:\\\/\\\/lospoliticosveracruz.com\\\/#\\\/schema\\\/logo\\\/image\\\/\",\"url\":\"https:\\\/\\\/lospoliticosveracruz.com\\\/wp-content\\\/uploads\\\/2025\\\/12\\\/Logo-Nuevo-LOS-POLITICOS-1.jpg\",\"contentUrl\":\"https:\\\/\\\/lospoliticosveracruz.com\\\/wp-content\\\/uploads\\\/2025\\\/12\\\/Logo-Nuevo-LOS-POLITICOS-1.jpg\",\"width\":260,\"height\":70,\"caption\":\"Los pol\u00edticos Veracruz\"},\"image\":{\"@id\":\"https:\\\/\\\/lospoliticosveracruz.com\\\/#\\\/schema\\\/logo\\\/image\\\/\"},\"sameAs\":[\"https:\\\/\\\/www.facebook.com\\\/people\\\/Notimemes-de-los-Polticos\\\/61565672886568\\\/\",\"https:\\\/\\\/x.com\\\/LosPoliticosVer\"]},{\"@type\":\"Person\",\"@id\":\"https:\\\/\\\/lospoliticosveracruz.com\\\/#\\\/schema\\\/person\\\/b8702bb0e538456e6efd07080bf2a4a2\",\"name\":\"Lo viste en Los Pol\u00edticos\",\"image\":{\"@type\":\"ImageObject\",\"inLanguage\":\"es\",\"@id\":\"https:\\\/\\\/secure.gravatar.com\\\/avatar\\\/3a8de04a2656d44082be478bd6c086daa447c4651605818287b9532d3d0bd435?s=96&d=mm&r=g\",\"url\":\"https:\\\/\\\/secure.gravatar.com\\\/avatar\\\/3a8de04a2656d44082be478bd6c086daa447c4651605818287b9532d3d0bd435?s=96&d=mm&r=g\",\"contentUrl\":\"https:\\\/\\\/secure.gravatar.com\\\/avatar\\\/3a8de04a2656d44082be478bd6c086daa447c4651605818287b9532d3d0bd435?s=96&d=mm&r=g\",\"caption\":\"Lo viste en Los Pol\u00edticos\"},\"url\":\"https:\\\/\\\/lospoliticosveracruz.com\\\/?author=2\"}]}<\/script>\n<!-- \/ Yoast SEO plugin. -->","yoast_head_json":{"title":"TEJAV, REGIONALIZADO - Los pol\u00edticos Veracruz","robots":{"index":"index","follow":"follow","max-snippet":"max-snippet:-1","max-image-preview":"max-image-preview:large","max-video-preview":"max-video-preview:-1"},"canonical":"https:\/\/lospoliticosveracruz.com\/?p=96900","og_locale":"es_ES","og_type":"article","og_title":"TEJAV, REGIONALIZADO - Los pol\u00edticos Veracruz","og_description":"Karla M\u00e9ndez \/ Elementos MxXalapa El diputado presidente de la Junta de Coordinaci\u00f3n Pol\u00edtica (JUCOPO) del Congreso del Estado, Juan Javier G\u00f3mez Cazar\u00edn, se\u00f1al\u00f3 que se pretende que con el Tribunal Estatal de Justicia Administrativa(TEJAV), se hagan oficinas regionales para mayor eficiencia, por lo cual podr\u00eda tener un aumento presupuestal. En entrevista posterior a la [&hellip;]","og_url":"https:\/\/lospoliticosveracruz.com\/?p=96900","og_site_name":"Los pol\u00edticos Veracruz","article_publisher":"https:\/\/www.facebook.com\/people\/Notimemes-de-los-Polticos\/61565672886568\/","article_published_time":"2022-10-16T15:50:54+00:00","article_modified_time":"2022-10-16T15:50:59+00:00","og_image":[{"width":200,"height":200,"url":"https:\/\/lospoliticosveracruz.com\/wp-content\/uploads\/2016\/07\/Logo-Dor.jpg","type":"image\/jpeg"}],"author":"Lo viste en Los Pol\u00edticos","twitter_card":"summary_large_image","twitter_creator":"@LosPoliticosVer","twitter_site":"@LosPoliticosVer","twitter_misc":{"Escrito por":"Lo viste en Los Pol\u00edticos","Tiempo de lectura":"2 minutos"},"schema":{"@context":"https:\/\/schema.org","@graph":[{"@type":"Article","@id":"https:\/\/lospoliticosveracruz.com\/?p=96900#article","isPartOf":{"@id":"https:\/\/lospoliticosveracruz.com\/?p=96900"},"author":{"name":"Lo viste en Los Pol\u00edticos","@id":"https:\/\/lospoliticosveracruz.com\/#\/schema\/person\/b8702bb0e538456e6efd07080bf2a4a2"},"headline":"TEJAV, REGIONALIZADO","datePublished":"2022-10-16T15:50:54+00:00","dateModified":"2022-10-16T15:50:59+00:00","mainEntityOfPage":{"@id":"https:\/\/lospoliticosveracruz.com\/?p=96900"},"wordCount":365,"publisher":{"@id":"https:\/\/lospoliticosveracruz.com\/#organization"},"keywords":["Juan Javier G\u00f3mez Cazar\u00edn","Jucopo","Morena","TEJAV","Veracruz"],"articleSection":["La Nota"],"inLanguage":"es"},{"@type":"WebPage","@id":"https:\/\/lospoliticosveracruz.com\/?p=96900","url":"https:\/\/lospoliticosveracruz.com\/?p=96900","name":"TEJAV, REGIONALIZADO - Los pol\u00edticos Veracruz","isPartOf":{"@id":"https:\/\/lospoliticosveracruz.com\/#website"},"datePublished":"2022-10-16T15:50:54+00:00","dateModified":"2022-10-16T15:50:59+00:00","breadcrumb":{"@id":"https:\/\/lospoliticosveracruz.com\/?p=96900#breadcrumb"},"inLanguage":"es","potentialAction":[{"@type":"ReadAction","target":["https:\/\/lospoliticosveracruz.com\/?p=96900"]}]},{"@type":"BreadcrumbList","@id":"https:\/\/lospoliticosveracruz.com\/?p=96900#breadcrumb","itemListElement":[{"@type":"ListItem","position":1,"name":"Portada","item":"https:\/\/lospoliticosveracruz.com\/"},{"@type":"ListItem","position":2,"name":"TEJAV, REGIONALIZADO"}]},{"@type":"WebSite","@id":"https:\/\/lospoliticosveracruz.com\/#website","url":"https:\/\/lospoliticosveracruz.com\/","name":"Los pol\u00edticos Veracruz","description":"","publisher":{"@id":"https:\/\/lospoliticosveracruz.com\/#organization"},"potentialAction":[{"@type":"SearchAction","target":{"@type":"EntryPoint","urlTemplate":"https:\/\/lospoliticosveracruz.com\/?s={search_term_string}"},"query-input":{"@type":"PropertyValueSpecification","valueRequired":true,"valueName":"search_term_string"}}],"inLanguage":"es"},{"@type":"Organization","@id":"https:\/\/lospoliticosveracruz.com\/#organization","name":"Los pol\u00edticos Veracruz","url":"https:\/\/lospoliticosveracruz.com\/","logo":{"@type":"ImageObject","inLanguage":"es","@id":"https:\/\/lospoliticosveracruz.com\/#\/schema\/logo\/image\/","url":"https:\/\/lospoliticosveracruz.com\/wp-content\/uploads\/2025\/12\/Logo-Nuevo-LOS-POLITICOS-1.jpg","contentUrl":"https:\/\/lospoliticosveracruz.com\/wp-content\/uploads\/2025\/12\/Logo-Nuevo-LOS-POLITICOS-1.jpg","width":260,"height":70,"caption":"Los pol\u00edticos Veracruz"},"image":{"@id":"https:\/\/lospoliticosveracruz.com\/#\/schema\/logo\/image\/"},"sameAs":["https:\/\/www.facebook.com\/people\/Notimemes-de-los-Polticos\/61565672886568\/","https:\/\/x.com\/LosPoliticosVer"]},{"@type":"Person","@id":"https:\/\/lospoliticosveracruz.com\/#\/schema\/person\/b8702bb0e538456e6efd07080bf2a4a2","name":"Lo viste en Los Pol\u00edticos","image":{"@type":"ImageObject","inLanguage":"es","@id":"https:\/\/secure.gravatar.com\/avatar\/3a8de04a2656d44082be478bd6c086daa447c4651605818287b9532d3d0bd435?s=96&d=mm&r=g","url":"https:\/\/secure.gravatar.com\/avatar\/3a8de04a2656d44082be478bd6c086daa447c4651605818287b9532d3d0bd435?s=96&d=mm&r=g","contentUrl":"https:\/\/secure.gravatar.com\/avatar\/3a8de04a2656d44082be478bd6c086daa447c4651605818287b9532d3d0bd435?s=96&d=mm&r=g","caption":"Lo viste en Los Pol\u00edticos"},"url":"https:\/\/lospoliticosveracruz.com\/?author=2"}]}},"_links":{"self":[{"href":"https:\/\/lospoliticosveracruz.com\/index.php?rest_route=\/wp\/v2\/posts\/96900","targetHints":{"allow":["GET"]}}],"collection":[{"href":"https:\/\/lospoliticosveracruz.com\/index.php?rest_route=\/wp\/v2\/posts"}],"about":[{"href":"https:\/\/lospoliticosveracruz.com\/index.php?rest_route=\/wp\/v2\/types\/post"}],"author":[{"embeddable":true,"href":"https:\/\/lospoliticosveracruz.com\/index.php?rest_route=\/wp\/v2\/users\/2"}],"replies":[{"embeddable":true,"href":"https:\/\/lospoliticosveracruz.com\/index.php?rest_route=%2Fwp%2Fv2%2Fcomments&post=96900"}],"version-history":[{"count":1,"href":"https:\/\/lospoliticosveracruz.com\/index.php?rest_route=\/wp\/v2\/posts\/96900\/revisions"}],"predecessor-version":[{"id":96902,"href":"https:\/\/lospoliticosveracruz.com\/index.php?rest_route=\/wp\/v2\/posts\/96900\/revisions\/96902"}],"wp:attachment":[{"href":"https:\/\/lospoliticosveracruz.com\/index.php?rest_route=%2Fwp%2Fv2%2Fmedia&parent=96900"}],"wp:term":[{"taxonomy":"category","embeddable":true,"href":"https:\/\/lospoliticosveracruz.com\/index.php?rest_route=%2Fwp%2Fv2%2Fcategories&post=96900"},{"taxonomy":"post_tag","embeddable":true,"href":"https:\/\/lospoliticosveracruz.com\/index.php?rest_route=%2Fwp%2Fv2%2Ftags&post=96900"}],"curies":[{"name":"wp","href":"https:\/\/api.w.org\/{rel}","templated":true}]}}